{"id":74153,"date":"2019-12-21T20:22:38","date_gmt":"2019-12-21T23:22:38","guid":{"rendered":"http:\/\/diariotextual.com\/inicio\/?p=74153"},"modified":"2019-12-21T20:24:34","modified_gmt":"2019-12-21T23:24:34","slug":"ziliotto-alpa-firmaron-convenio-programa-la-unlpam-territorio","status":"publish","type":"post","link":"https:\/\/diariotextual.com\/inicio\/index.php\/2019\/12\/21\/ziliotto-alpa-firmaron-convenio-programa-la-unlpam-territorio\/","title":{"rendered":"Ziliotto y Alpa firmaron convenio por programa La UNLPam en Territorio"},"content":{"rendered":"<p>El gobernador Sergio Ziliotto y el rector de la Universidad Nacional de la Pampa, Oscar Alpa, firmaron el convenio marco, general, para la implementaci\u00f3n del programa La UNLPam en Territorio. Se trata de la iniciativa para llevar carreras a cuatro localidades.<\/p>\n<p>\u00abLa propuesta contribuir\u00e1 a democratizar el conocimiento y promover\u00e1 el acceso a la educaci\u00f3n superior en localidades de la provincia que no cuentan con sedes de la Universidad, con la necesidad de dar respuestas a las demandas sociales y de formaci\u00f3n en toda la Provincia\u00bb, dijeron, en una reuni\u00f3n de la que tambi\u00e9n particip\u00f3 el ministro Pablo Maccione.<\/p>\n<p>La universidad se encargar\u00e1 de la coordinaci\u00f3n acad\u00e9mica y el financiamiento de los rubros correspondientes a la coordinaci\u00f3n propia del programa, los dise\u00f1os de las propuestas pedag\u00f3gicas y las remuneraciones y los gastos de vi\u00e1ticos y\/o estipendios y traslados de docentes participantes. El Gobierno provincial, por su parte, tendr\u00e1 a su cargo la definici\u00f3n y propuesta a la Universidad, de las localidades en las que se implementar\u00e1 el programa, y colaborar\u00e1 con los gastos de vi\u00e1ticos y\/o estipendios y\/o traslados de docentes participantes, en la medida de sus posibilidades presupuestarias.<\/p>\n<p>Las responsables institucionales por la Provincia ser\u00e1n la asesora gubernamental Mar\u00eda Cristina Garello y la subsecretaria de Educaci\u00f3n, Marcela Feuerschvenger. Por la universidad, ser\u00e1n la secretaria acad\u00e9mica de Rectorado, Marcela Dom\u00ednguez, y el coordinador general del programa, Lisandro Hormaeche.<\/p>\n<p>Seg\u00fan ha trascendido, se dictar\u00e1n carreras en Acha, Intendente Alvear, Tel\u00e9n y Macach\u00edn.<\/p>\n<p>&nbsp;<\/p>\n","protected":false},"excerpt":{"rendered":"<p>El gobernador Sergio Ziliotto y el rector de la Universidad Nacional de la Pampa, Oscar Alpa, firmaron el convenio marco, general, para la implementaci\u00f3n del programa La UNLPam en Territorio.&hellip;<\/p>\n","protected":false},"author":3,"featured_media":74154,"comment_status":"closed","ping_status":"open","sticky":false,"template":"","format":"standard","meta":{"_acf_changed":false,"footnotes":""},"categories":[4,12],"tags":[],"class_list":["post-74153","post","type-post","status-publish","format-standard","has-post-thumbnail","hentry","category-destacadas","category-sociedad"],"acf":[],"yoast_head":"<!-- This site is optimized with the Yoast SEO plugin v27.5 - https:\/\/yoast.com\/product\/yoast-seo-wordpress\/ -->\n<title>Ziliotto y Alpa firmaron convenio por programa La UNLPam en Territorio - Diario Textual<\/title>\n<meta name=\"robots\" content=\"index, follow, max-snippet:-1, max-image-preview:large, max-video-preview:-1\" \/>\n<link rel=\"canonical\" href=\"https:\/\/diariotextual.com\/inicio\/index.php\/2019\/12\/21\/ziliotto-alpa-firmaron-convenio-programa-la-unlpam-territorio\/\" \/>\n<meta property=\"og:locale\" content=\"es_ES\" \/>\n<meta property=\"og:type\" content=\"article\" \/>\n<meta property=\"og:title\" content=\"Ziliotto y Alpa firmaron convenio por programa La UNLPam en Territorio - Diario Textual\" \/>\n<meta property=\"og:description\" content=\"El gobernador Sergio Ziliotto y el rector de la Universidad Nacional de la Pampa, Oscar Alpa, firmaron el convenio marco, general, para la implementaci\u00f3n del programa La UNLPam en Territorio.&hellip;\" \/>\n<meta property=\"og:url\" content=\"https:\/\/diariotextual.com\/inicio\/index.php\/2019\/12\/21\/ziliotto-alpa-firmaron-convenio-programa-la-unlpam-territorio\/\" \/>\n<meta property=\"og:site_name\" content=\"Diario Textual\" \/>\n<meta property=\"article:publisher\" content=\"https:\/\/www.facebook.com\/eltextual\" \/>\n<meta property=\"article:published_time\" content=\"2019-12-21T23:22:38+00:00\" \/>\n<meta property=\"article:modified_time\" content=\"2019-12-21T23:24:34+00:00\" \/>\n<meta property=\"og:image\" content=\"https:\/\/diariotextual.com\/inicio\/wp-content\/uploads\/2019\/12\/ziliottoalpaunlpamenterritorio2019-1.jpg\" \/>\n\t<meta property=\"og:image:width\" content=\"1470\" \/>\n\t<meta property=\"og:image:height\" content=\"981\" \/>\n\t<meta property=\"og:image:type\" content=\"image\/jpeg\" \/>\n<meta name=\"author\" content=\"Diario1 Diario1\" \/>\n<meta name=\"twitter:card\" content=\"summary_large_image\" \/>\n<meta name=\"twitter:creator\" content=\"@eltextual\" \/>\n<meta name=\"twitter:site\" content=\"@eltextual\" \/>\n<meta name=\"twitter:label1\" content=\"Escrito por\" \/>\n\t<meta name=\"twitter:data1\" content=\"Diario1 Diario1\" \/>\n\t<meta name=\"twitter:label2\" content=\"Tiempo de lectura\" \/>\n\t<meta name=\"twitter:data2\" content=\"1 minuto\" \/>\n<script type=\"application\/ld+json\" class=\"yoast-schema-graph\">{\"@context\":\"https:\\\/\\\/schema.org\",\"@graph\":[{\"@type\":\"Article\",\"@id\":\"https:\\\/\\\/diariotextual.com\\\/inicio\\\/index.php\\\/2019\\\/12\\\/21\\\/ziliotto-alpa-firmaron-convenio-programa-la-unlpam-territorio\\\/#article\",\"isPartOf\":{\"@id\":\"https:\\\/\\\/diariotextual.com\\\/inicio\\\/index.php\\\/2019\\\/12\\\/21\\\/ziliotto-alpa-firmaron-convenio-programa-la-unlpam-territorio\\\/\"},\"author\":{\"name\":\"Diario1 Diario1\",\"@id\":\"https:\\\/\\\/diariotextual.com\\\/inicio\\\/#\\\/schema\\\/person\\\/418fc4093c33e86ed41562db3508f958\"},\"headline\":\"Ziliotto y Alpa firmaron convenio por programa La UNLPam en Territorio\",\"datePublished\":\"2019-12-21T23:22:38+00:00\",\"dateModified\":\"2019-12-21T23:24:34+00:00\",\"mainEntityOfPage\":{\"@id\":\"https:\\\/\\\/diariotextual.com\\\/inicio\\\/index.php\\\/2019\\\/12\\\/21\\\/ziliotto-alpa-firmaron-convenio-programa-la-unlpam-territorio\\\/\"},\"wordCount\":279,\"publisher\":{\"@id\":\"https:\\\/\\\/diariotextual.com\\\/inicio\\\/#organization\"},\"image\":{\"@id\":\"https:\\\/\\\/diariotextual.com\\\/inicio\\\/index.php\\\/2019\\\/12\\\/21\\\/ziliotto-alpa-firmaron-convenio-programa-la-unlpam-territorio\\\/#primaryimage\"},\"thumbnailUrl\":\"https:\\\/\\\/diariotextual.com\\\/inicio\\\/wp-content\\\/uploads\\\/2019\\\/12\\\/ziliottoalpaunlpamenterritorio2019-1.jpg\",\"articleSection\":[\"A - DESTACADAS (mod 16)\",\"SOCIEDAD\"],\"inLanguage\":\"es\"},{\"@type\":\"WebPage\",\"@id\":\"https:\\\/\\\/diariotextual.com\\\/inicio\\\/index.php\\\/2019\\\/12\\\/21\\\/ziliotto-alpa-firmaron-convenio-programa-la-unlpam-territorio\\\/\",\"url\":\"https:\\\/\\\/diariotextual.com\\\/inicio\\\/index.php\\\/2019\\\/12\\\/21\\\/ziliotto-alpa-firmaron-convenio-programa-la-unlpam-territorio\\\/\",\"name\":\"Ziliotto y Alpa firmaron convenio por programa La UNLPam en Territorio - Diario Textual\",\"isPartOf\":{\"@id\":\"https:\\\/\\\/diariotextual.com\\\/inicio\\\/#website\"},\"primaryImageOfPage\":{\"@id\":\"https:\\\/\\\/diariotextual.com\\\/inicio\\\/index.php\\\/2019\\\/12\\\/21\\\/ziliotto-alpa-firmaron-convenio-programa-la-unlpam-territorio\\\/#primaryimage\"},\"image\":{\"@id\":\"https:\\\/\\\/diariotextual.com\\\/inicio\\\/index.php\\\/2019\\\/12\\\/21\\\/ziliotto-alpa-firmaron-convenio-programa-la-unlpam-territorio\\\/#primaryimage\"},\"thumbnailUrl\":\"https:\\\/\\\/diariotextual.com\\\/inicio\\\/wp-content\\\/uploads\\\/2019\\\/12\\\/ziliottoalpaunlpamenterritorio2019-1.jpg\",\"datePublished\":\"2019-12-21T23:22:38+00:00\",\"dateModified\":\"2019-12-21T23:24:34+00:00\",\"breadcrumb\":{\"@id\":\"https:\\\/\\\/diariotextual.com\\\/inicio\\\/index.php\\\/2019\\\/12\\\/21\\\/ziliotto-alpa-firmaron-convenio-programa-la-unlpam-territorio\\\/#breadcrumb\"},\"inLanguage\":\"es\",\"potentialAction\":[{\"@type\":\"ReadAction\",\"target\":[\"https:\\\/\\\/diariotextual.com\\\/inicio\\\/index.php\\\/2019\\\/12\\\/21\\\/ziliotto-alpa-firmaron-convenio-programa-la-unlpam-territorio\\\/\"]}]},{\"@type\":\"ImageObject\",\"inLanguage\":\"es\",\"@id\":\"https:\\\/\\\/diariotextual.com\\\/inicio\\\/index.php\\\/2019\\\/12\\\/21\\\/ziliotto-alpa-firmaron-convenio-programa-la-unlpam-territorio\\\/#primaryimage\",\"url\":\"https:\\\/\\\/diariotextual.com\\\/inicio\\\/wp-content\\\/uploads\\\/2019\\\/12\\\/ziliottoalpaunlpamenterritorio2019-1.jpg\",\"contentUrl\":\"https:\\\/\\\/diariotextual.com\\\/inicio\\\/wp-content\\\/uploads\\\/2019\\\/12\\\/ziliottoalpaunlpamenterritorio2019-1.jpg\",\"width\":1470,\"height\":981},{\"@type\":\"BreadcrumbList\",\"@id\":\"https:\\\/\\\/diariotextual.com\\\/inicio\\\/index.php\\\/2019\\\/12\\\/21\\\/ziliotto-alpa-firmaron-convenio-programa-la-unlpam-territorio\\\/#breadcrumb\",\"itemListElement\":[{\"@type\":\"ListItem\",\"position\":1,\"name\":\"Portada\",\"item\":\"https:\\\/\\\/diariotextual.com\\\/inicio\\\/\"},{\"@type\":\"ListItem\",\"position\":2,\"name\":\"Ziliotto y Alpa firmaron convenio por programa La UNLPam en Territorio\"}]},{\"@type\":\"WebSite\",\"@id\":\"https:\\\/\\\/diariotextual.com\\\/inicio\\\/#website\",\"url\":\"https:\\\/\\\/diariotextual.com\\\/inicio\\\/\",\"name\":\"Diario Textual\",\"description\":\"\",\"publisher\":{\"@id\":\"https:\\\/\\\/diariotextual.com\\\/inicio\\\/#organization\"},\"potentialAction\":[{\"@type\":\"SearchAction\",\"target\":{\"@type\":\"EntryPoint\",\"urlTemplate\":\"https:\\\/\\\/diariotextual.com\\\/inicio\\\/?s={search_term_string}\"},\"query-input\":{\"@type\":\"PropertyValueSpecification\",\"valueRequired\":true,\"valueName\":\"search_term_string\"}}],\"inLanguage\":\"es\"},{\"@type\":\"Organization\",\"@id\":\"https:\\\/\\\/diariotextual.com\\\/inicio\\\/#organization\",\"name\":\"Diario Textual\",\"url\":\"https:\\\/\\\/diariotextual.com\\\/inicio\\\/\",\"logo\":{\"@type\":\"ImageObject\",\"inLanguage\":\"es\",\"@id\":\"https:\\\/\\\/diariotextual.com\\\/inicio\\\/#\\\/schema\\\/logo\\\/image\\\/\",\"url\":\"https:\\\/\\\/diariotextual.com\\\/inicio\\\/wp-content\\\/uploads\\\/2023\\\/05\\\/logotextual1.jpg\",\"contentUrl\":\"https:\\\/\\\/diariotextual.com\\\/inicio\\\/wp-content\\\/uploads\\\/2023\\\/05\\\/logotextual1.jpg\",\"width\":516,\"height\":76,\"caption\":\"Diario Textual\"},\"image\":{\"@id\":\"https:\\\/\\\/diariotextual.com\\\/inicio\\\/#\\\/schema\\\/logo\\\/image\\\/\"},\"sameAs\":[\"https:\\\/\\\/www.facebook.com\\\/eltextual\",\"https:\\\/\\\/x.com\\\/eltextual\",\"http:\\\/\\\/www.instagram.com\\\/eltextual\"]},{\"@type\":\"Person\",\"@id\":\"https:\\\/\\\/diariotextual.com\\\/inicio\\\/#\\\/schema\\\/person\\\/418fc4093c33e86ed41562db3508f958\",\"name\":\"Diario1 Diario1\",\"image\":{\"@type\":\"ImageObject\",\"inLanguage\":\"es\",\"@id\":\"https:\\\/\\\/secure.gravatar.com\\\/avatar\\\/9167d280179c85bc18be67aa7eda765854300033af4896dd779b608640f2ef7a?s=96&d=mm&r=g\",\"url\":\"https:\\\/\\\/secure.gravatar.com\\\/avatar\\\/9167d280179c85bc18be67aa7eda765854300033af4896dd779b608640f2ef7a?s=96&d=mm&r=g\",\"contentUrl\":\"https:\\\/\\\/secure.gravatar.com\\\/avatar\\\/9167d280179c85bc18be67aa7eda765854300033af4896dd779b608640f2ef7a?s=96&d=mm&r=g\",\"caption\":\"Diario1 Diario1\"},\"url\":\"https:\\\/\\\/diariotextual.com\\\/inicio\\\/index.php\\\/author\\\/diario1\\\/\"}]}<\/script>\n<!-- \/ Yoast SEO plugin. -->","yoast_head_json":{"title":"Ziliotto y Alpa firmaron convenio por programa La UNLPam en Territorio - Diario Textual","robots":{"index":"index","follow":"follow","max-snippet":"max-snippet:-1","max-image-preview":"max-image-preview:large","max-video-preview":"max-video-preview:-1"},"canonical":"https:\/\/diariotextual.com\/inicio\/index.php\/2019\/12\/21\/ziliotto-alpa-firmaron-convenio-programa-la-unlpam-territorio\/","og_locale":"es_ES","og_type":"article","og_title":"Ziliotto y Alpa firmaron convenio por programa La UNLPam en Territorio - Diario Textual","og_description":"El gobernador Sergio Ziliotto y el rector de la Universidad Nacional de la Pampa, Oscar Alpa, firmaron el convenio marco, general, para la implementaci\u00f3n del programa La UNLPam en Territorio.&hellip;","og_url":"https:\/\/diariotextual.com\/inicio\/index.php\/2019\/12\/21\/ziliotto-alpa-firmaron-convenio-programa-la-unlpam-territorio\/","og_site_name":"Diario Textual","article_publisher":"https:\/\/www.facebook.com\/eltextual","article_published_time":"2019-12-21T23:22:38+00:00","article_modified_time":"2019-12-21T23:24:34+00:00","og_image":[{"width":1470,"height":981,"url":"https:\/\/diariotextual.com\/inicio\/wp-content\/uploads\/2019\/12\/ziliottoalpaunlpamenterritorio2019-1.jpg","type":"image\/jpeg"}],"author":"Diario1 Diario1","twitter_card":"summary_large_image","twitter_creator":"@eltextual","twitter_site":"@eltextual","twitter_misc":{"Escrito por":"Diario1 Diario1","Tiempo de lectura":"1 minuto"},"schema":{"@context":"https:\/\/schema.org","@graph":[{"@type":"Article","@id":"https:\/\/diariotextual.com\/inicio\/index.php\/2019\/12\/21\/ziliotto-alpa-firmaron-convenio-programa-la-unlpam-territorio\/#article","isPartOf":{"@id":"https:\/\/diariotextual.com\/inicio\/index.php\/2019\/12\/21\/ziliotto-alpa-firmaron-convenio-programa-la-unlpam-territorio\/"},"author":{"name":"Diario1 Diario1","@id":"https:\/\/diariotextual.com\/inicio\/#\/schema\/person\/418fc4093c33e86ed41562db3508f958"},"headline":"Ziliotto y Alpa firmaron convenio por programa La UNLPam en Territorio","datePublished":"2019-12-21T23:22:38+00:00","dateModified":"2019-12-21T23:24:34+00:00","mainEntityOfPage":{"@id":"https:\/\/diariotextual.com\/inicio\/index.php\/2019\/12\/21\/ziliotto-alpa-firmaron-convenio-programa-la-unlpam-territorio\/"},"wordCount":279,"publisher":{"@id":"https:\/\/diariotextual.com\/inicio\/#organization"},"image":{"@id":"https:\/\/diariotextual.com\/inicio\/index.php\/2019\/12\/21\/ziliotto-alpa-firmaron-convenio-programa-la-unlpam-territorio\/#primaryimage"},"thumbnailUrl":"https:\/\/diariotextual.com\/inicio\/wp-content\/uploads\/2019\/12\/ziliottoalpaunlpamenterritorio2019-1.jpg","articleSection":["A - DESTACADAS (mod 16)","SOCIEDAD"],"inLanguage":"es"},{"@type":"WebPage","@id":"https:\/\/diariotextual.com\/inicio\/index.php\/2019\/12\/21\/ziliotto-alpa-firmaron-convenio-programa-la-unlpam-territorio\/","url":"https:\/\/diariotextual.com\/inicio\/index.php\/2019\/12\/21\/ziliotto-alpa-firmaron-convenio-programa-la-unlpam-territorio\/","name":"Ziliotto y Alpa firmaron convenio por programa La UNLPam en Territorio - Diario Textual","isPartOf":{"@id":"https:\/\/diariotextual.com\/inicio\/#website"},"primaryImageOfPage":{"@id":"https:\/\/diariotextual.com\/inicio\/index.php\/2019\/12\/21\/ziliotto-alpa-firmaron-convenio-programa-la-unlpam-territorio\/#primaryimage"},"image":{"@id":"https:\/\/diariotextual.com\/inicio\/index.php\/2019\/12\/21\/ziliotto-alpa-firmaron-convenio-programa-la-unlpam-territorio\/#primaryimage"},"thumbnailUrl":"https:\/\/diariotextual.com\/inicio\/wp-content\/uploads\/2019\/12\/ziliottoalpaunlpamenterritorio2019-1.jpg","datePublished":"2019-12-21T23:22:38+00:00","dateModified":"2019-12-21T23:24:34+00:00","breadcrumb":{"@id":"https:\/\/diariotextual.com\/inicio\/index.php\/2019\/12\/21\/ziliotto-alpa-firmaron-convenio-programa-la-unlpam-territorio\/#breadcrumb"},"inLanguage":"es","potentialAction":[{"@type":"ReadAction","target":["https:\/\/diariotextual.com\/inicio\/index.php\/2019\/12\/21\/ziliotto-alpa-firmaron-convenio-programa-la-unlpam-territorio\/"]}]},{"@type":"ImageObject","inLanguage":"es","@id":"https:\/\/diariotextual.com\/inicio\/index.php\/2019\/12\/21\/ziliotto-alpa-firmaron-convenio-programa-la-unlpam-territorio\/#primaryimage","url":"https:\/\/diariotextual.com\/inicio\/wp-content\/uploads\/2019\/12\/ziliottoalpaunlpamenterritorio2019-1.jpg","contentUrl":"https:\/\/diariotextual.com\/inicio\/wp-content\/uploads\/2019\/12\/ziliottoalpaunlpamenterritorio2019-1.jpg","width":1470,"height":981},{"@type":"BreadcrumbList","@id":"https:\/\/diariotextual.com\/inicio\/index.php\/2019\/12\/21\/ziliotto-alpa-firmaron-convenio-programa-la-unlpam-territorio\/#breadcrumb","itemListElement":[{"@type":"ListItem","position":1,"name":"Portada","item":"https:\/\/diariotextual.com\/inicio\/"},{"@type":"ListItem","position":2,"name":"Ziliotto y Alpa firmaron convenio por programa La UNLPam en Territorio"}]},{"@type":"WebSite","@id":"https:\/\/diariotextual.com\/inicio\/#website","url":"https:\/\/diariotextual.com\/inicio\/","name":"Diario Textual","description":"","publisher":{"@id":"https:\/\/diariotextual.com\/inicio\/#organization"},"potentialAction":[{"@type":"SearchAction","target":{"@type":"EntryPoint","urlTemplate":"https:\/\/diariotextual.com\/inicio\/?s={search_term_string}"},"query-input":{"@type":"PropertyValueSpecification","valueRequired":true,"valueName":"search_term_string"}}],"inLanguage":"es"},{"@type":"Organization","@id":"https:\/\/diariotextual.com\/inicio\/#organization","name":"Diario Textual","url":"https:\/\/diariotextual.com\/inicio\/","logo":{"@type":"ImageObject","inLanguage":"es","@id":"https:\/\/diariotextual.com\/inicio\/#\/schema\/logo\/image\/","url":"https:\/\/diariotextual.com\/inicio\/wp-content\/uploads\/2023\/05\/logotextual1.jpg","contentUrl":"https:\/\/diariotextual.com\/inicio\/wp-content\/uploads\/2023\/05\/logotextual1.jpg","width":516,"height":76,"caption":"Diario Textual"},"image":{"@id":"https:\/\/diariotextual.com\/inicio\/#\/schema\/logo\/image\/"},"sameAs":["https:\/\/www.facebook.com\/eltextual","https:\/\/x.com\/eltextual","http:\/\/www.instagram.com\/eltextual"]},{"@type":"Person","@id":"https:\/\/diariotextual.com\/inicio\/#\/schema\/person\/418fc4093c33e86ed41562db3508f958","name":"Diario1 Diario1","image":{"@type":"ImageObject","inLanguage":"es","@id":"https:\/\/secure.gravatar.com\/avatar\/9167d280179c85bc18be67aa7eda765854300033af4896dd779b608640f2ef7a?s=96&d=mm&r=g","url":"https:\/\/secure.gravatar.com\/avatar\/9167d280179c85bc18be67aa7eda765854300033af4896dd779b608640f2ef7a?s=96&d=mm&r=g","contentUrl":"https:\/\/secure.gravatar.com\/avatar\/9167d280179c85bc18be67aa7eda765854300033af4896dd779b608640f2ef7a?s=96&d=mm&r=g","caption":"Diario1 Diario1"},"url":"https:\/\/diariotextual.com\/inicio\/index.php\/author\/diario1\/"}]}},"_links":{"self":[{"href":"https:\/\/diariotextual.com\/inicio\/index.php\/wp-json\/wp\/v2\/posts\/74153","targetHints":{"allow":["GET"]}}],"collection":[{"href":"https:\/\/diariotextual.com\/inicio\/index.php\/wp-json\/wp\/v2\/posts"}],"about":[{"href":"https:\/\/diariotextual.com\/inicio\/index.php\/wp-json\/wp\/v2\/types\/post"}],"author":[{"embeddable":true,"href":"https:\/\/diariotextual.com\/inicio\/index.php\/wp-json\/wp\/v2\/users\/3"}],"replies":[{"embeddable":true,"href":"https:\/\/diariotextual.com\/inicio\/index.php\/wp-json\/wp\/v2\/comments?post=74153"}],"version-history":[{"count":2,"href":"https:\/\/diariotextual.com\/inicio\/index.php\/wp-json\/wp\/v2\/posts\/74153\/revisions"}],"predecessor-version":[{"id":74156,"href":"https:\/\/diariotextual.com\/inicio\/index.php\/wp-json\/wp\/v2\/posts\/74153\/revisions\/74156"}],"wp:featuredmedia":[{"embeddable":true,"href":"https:\/\/diariotextual.com\/inicio\/index.php\/wp-json\/wp\/v2\/media\/74154"}],"wp:attachment":[{"href":"https:\/\/diariotextual.com\/inicio\/index.php\/wp-json\/wp\/v2\/media?parent=74153"}],"wp:term":[{"taxonomy":"category","embeddable":true,"href":"https:\/\/diariotextual.com\/inicio\/index.php\/wp-json\/wp\/v2\/categories?post=74153"},{"taxonomy":"post_tag","embeddable":true,"href":"https:\/\/diariotextual.com\/inicio\/index.php\/wp-json\/wp\/v2\/tags?post=74153"}],"curies":[{"name":"wp","href":"https:\/\/api.w.org\/{rel}","templated":true}]}}