{"id":74269,"date":"2019-12-23T07:41:12","date_gmt":"2019-12-23T10:41:12","guid":{"rendered":"http:\/\/diariotextual.com\/inicio\/?p=74269"},"modified":"2019-12-23T09:25:38","modified_gmt":"2019-12-23T12:25:38","slug":"todavia-no-se-reglamento-la-ley-emergencia-no-recargo-al-dolar","status":"publish","type":"post","link":"https:\/\/diariotextual.com\/inicio\/index.php\/2019\/12\/23\/todavia-no-se-reglamento-la-ley-emergencia-no-recargo-al-dolar\/","title":{"rendered":"Todav\u00eda no se reglament\u00f3 la ley de Emergencia y no hay recargo al d\u00f3lar"},"content":{"rendered":"<p>Todo indicaba que el gobierno de\u00a0<strong>Alberto Fern\u00e1ndez\u00a0<\/strong>promulgar\u00eda lo m\u00e1s r\u00e1pido posible la\u00a0<strong>Ley de Solidaridad Social y Reactivaci\u00f3n Productiva<\/strong>, que declaraba la emergencia econ\u00f3mica en el pa\u00eds y aplicaba -entre otras cosas-\u00a0<strong>un impuesto del 30% a la compra de d\u00f3lares para atesoramiento<\/strong>. Sin embargo,\u00a0<strong>la norma no fue publicada hoy en el Bolet\u00edn Oficial,<\/strong>\u00a0por lo que todav\u00eda no fue oficializada.<\/p>\n<p>Ahora, con el\u00a0<strong>asueto\u00a0<\/strong>administrativo de\u00a0<strong>Naci\u00f3n por Navidad<\/strong>, queda la duda sobre\u00a0<strong>cu\u00e1ndo ser\u00e1 reglamentada la nueva ley<\/strong>, que tuvo un\u00a0<strong>tratamiento expr\u00e9s<\/strong>\u00a0en el Congreso de la Naci\u00f3n, donde fue aprobada luego de dos d\u00edas de debate.<\/p>\n<p>Debido a que no se aplicar\u00e1 el impuesto,<strong>\u00a0el precio del d\u00f3lar se mantendr\u00e1 estable con respecto al viernes,<\/strong>\u00a0y se espera que ronde los\u00a0<strong>$63\u00a0<\/strong>en la apertura. Si el Gobierno no decide\u00a0<strong>promulgarla<\/strong>\u00a0ma\u00f1ana, la medida pasar\u00eda a ser publicada en el\u00a0<strong><a href=\"https:\/\/www.boletinoficial.gob.ar\/\" target=\"_blank\" rel=\"noopener\">Bolet\u00edn Oficial<\/a>\u00a0reci\u00e9n el jueves, luego de la Navidad.<\/strong><\/p>\n<p>Durante todo el fin de semana\u00a0<strong>equipos t\u00e9cnicos<\/strong>\u00a0de trabajaron en los detalles para reglamentar la\u00a0<strong>ley de Emergencia<\/strong>, en un trabajo contrarreloj que finalmente no parece haberse completado.\u00a0Una vez que empiece a regir la<strong>\u00a0emergencia econ\u00f3mica<\/strong>,\u00a0el \u00fanico d\u00f3lar legal que podr\u00e1n acceder los argentinos es el \u201c<strong>solidario<\/strong>\u201d que costar\u00e1 en torno a los\u00a0<strong>82 pesos.<\/strong><\/p>\n<p>&nbsp;<\/p>\n<p>&nbsp;<\/p>\n<p>&nbsp;<\/p>\n<p>&nbsp;<\/p>\n<p>&nbsp;<\/p>\n<p>&nbsp;<\/p>\n","protected":false},"excerpt":{"rendered":"<p>Todo indicaba que el gobierno de\u00a0Alberto Fern\u00e1ndez\u00a0promulgar\u00eda lo m\u00e1s r\u00e1pido posible la\u00a0Ley de Solidaridad Social y Reactivaci\u00f3n Productiva, que declaraba la emergencia econ\u00f3mica en el pa\u00eds y aplicaba -entre otras&hellip;<\/p>\n","protected":false},"author":3,"featured_media":26628,"comment_status":"closed","ping_status":"open","sticky":false,"template":"","format":"standard","meta":{"_acf_changed":false,"footnotes":""},"categories":[11,5],"tags":[],"class_list":["post-74269","post","type-post","status-publish","format-standard","has-post-thumbnail","hentry","category-que-pasa","category-economia"],"acf":[],"yoast_head":"<!-- This site is optimized with the Yoast SEO plugin v27.5 - https:\/\/yoast.com\/product\/yoast-seo-wordpress\/ -->\n<title>Todav\u00eda no se reglament\u00f3 la ley de Emergencia y no hay recargo al d\u00f3lar - Diario Textual<\/title>\n<meta name=\"robots\" content=\"index, follow, max-snippet:-1, max-image-preview:large, max-video-preview:-1\" \/>\n<link rel=\"canonical\" href=\"https:\/\/diariotextual.com\/inicio\/index.php\/2019\/12\/23\/todavia-no-se-reglamento-la-ley-emergencia-no-recargo-al-dolar\/\" \/>\n<meta property=\"og:locale\" content=\"es_ES\" \/>\n<meta property=\"og:type\" content=\"article\" \/>\n<meta property=\"og:title\" content=\"Todav\u00eda no se reglament\u00f3 la ley de Emergencia y no hay recargo al d\u00f3lar - Diario Textual\" \/>\n<meta property=\"og:description\" content=\"Todo indicaba que el gobierno de\u00a0Alberto Fern\u00e1ndez\u00a0promulgar\u00eda lo m\u00e1s r\u00e1pido posible la\u00a0Ley de Solidaridad Social y Reactivaci\u00f3n Productiva, que declaraba la emergencia econ\u00f3mica en el pa\u00eds y aplicaba -entre otras&hellip;\" \/>\n<meta property=\"og:url\" content=\"https:\/\/diariotextual.com\/inicio\/index.php\/2019\/12\/23\/todavia-no-se-reglamento-la-ley-emergencia-no-recargo-al-dolar\/\" \/>\n<meta property=\"og:site_name\" content=\"Diario Textual\" \/>\n<meta property=\"article:publisher\" content=\"https:\/\/www.facebook.com\/eltextual\" \/>\n<meta property=\"article:published_time\" content=\"2019-12-23T10:41:12+00:00\" \/>\n<meta property=\"article:modified_time\" content=\"2019-12-23T12:25:38+00:00\" \/>\n<meta property=\"og:image\" content=\"https:\/\/diariotextual.com\/inicio\/wp-content\/uploads\/2018\/11\/casarosada99.jpg\" \/>\n\t<meta property=\"og:image:width\" content=\"947\" \/>\n\t<meta property=\"og:image:height\" content=\"606\" \/>\n\t<meta property=\"og:image:type\" content=\"image\/jpeg\" \/>\n<meta name=\"author\" content=\"Diario1 Diario1\" \/>\n<meta name=\"twitter:card\" content=\"summary_large_image\" \/>\n<meta name=\"twitter:creator\" content=\"@eltextual\" \/>\n<meta name=\"twitter:site\" content=\"@eltextual\" \/>\n<meta name=\"twitter:label1\" content=\"Escrito por\" \/>\n\t<meta name=\"twitter:data1\" content=\"Diario1 Diario1\" \/>\n\t<meta name=\"twitter:label2\" content=\"Tiempo de lectura\" \/>\n\t<meta name=\"twitter:data2\" content=\"1 minuto\" \/>\n<script type=\"application\/ld+json\" class=\"yoast-schema-graph\">{\"@context\":\"https:\\\/\\\/schema.org\",\"@graph\":[{\"@type\":\"Article\",\"@id\":\"https:\\\/\\\/diariotextual.com\\\/inicio\\\/index.php\\\/2019\\\/12\\\/23\\\/todavia-no-se-reglamento-la-ley-emergencia-no-recargo-al-dolar\\\/#article\",\"isPartOf\":{\"@id\":\"https:\\\/\\\/diariotextual.com\\\/inicio\\\/index.php\\\/2019\\\/12\\\/23\\\/todavia-no-se-reglamento-la-ley-emergencia-no-recargo-al-dolar\\\/\"},\"author\":{\"name\":\"Diario1 Diario1\",\"@id\":\"https:\\\/\\\/diariotextual.com\\\/inicio\\\/#\\\/schema\\\/person\\\/418fc4093c33e86ed41562db3508f958\"},\"headline\":\"Todav\u00eda no se reglament\u00f3 la ley de Emergencia y no hay recargo al d\u00f3lar\",\"datePublished\":\"2019-12-23T10:41:12+00:00\",\"dateModified\":\"2019-12-23T12:25:38+00:00\",\"mainEntityOfPage\":{\"@id\":\"https:\\\/\\\/diariotextual.com\\\/inicio\\\/index.php\\\/2019\\\/12\\\/23\\\/todavia-no-se-reglamento-la-ley-emergencia-no-recargo-al-dolar\\\/\"},\"wordCount\":257,\"publisher\":{\"@id\":\"https:\\\/\\\/diariotextual.com\\\/inicio\\\/#organization\"},\"image\":{\"@id\":\"https:\\\/\\\/diariotextual.com\\\/inicio\\\/index.php\\\/2019\\\/12\\\/23\\\/todavia-no-se-reglamento-la-ley-emergencia-no-recargo-al-dolar\\\/#primaryimage\"},\"thumbnailUrl\":\"https:\\\/\\\/diariotextual.com\\\/inicio\\\/wp-content\\\/uploads\\\/2018\\\/11\\\/casarosada99.jpg\",\"articleSection\":[\"A - QUE PASA (al costado)\",\"ECONOMIA\"],\"inLanguage\":\"es\"},{\"@type\":\"WebPage\",\"@id\":\"https:\\\/\\\/diariotextual.com\\\/inicio\\\/index.php\\\/2019\\\/12\\\/23\\\/todavia-no-se-reglamento-la-ley-emergencia-no-recargo-al-dolar\\\/\",\"url\":\"https:\\\/\\\/diariotextual.com\\\/inicio\\\/index.php\\\/2019\\\/12\\\/23\\\/todavia-no-se-reglamento-la-ley-emergencia-no-recargo-al-dolar\\\/\",\"name\":\"Todav\u00eda no se reglament\u00f3 la ley de Emergencia y no hay recargo al d\u00f3lar - Diario Textual\",\"isPartOf\":{\"@id\":\"https:\\\/\\\/diariotextual.com\\\/inicio\\\/#website\"},\"primaryImageOfPage\":{\"@id\":\"https:\\\/\\\/diariotextual.com\\\/inicio\\\/index.php\\\/2019\\\/12\\\/23\\\/todavia-no-se-reglamento-la-ley-emergencia-no-recargo-al-dolar\\\/#primaryimage\"},\"image\":{\"@id\":\"https:\\\/\\\/diariotextual.com\\\/inicio\\\/index.php\\\/2019\\\/12\\\/23\\\/todavia-no-se-reglamento-la-ley-emergencia-no-recargo-al-dolar\\\/#primaryimage\"},\"thumbnailUrl\":\"https:\\\/\\\/diariotextual.com\\\/inicio\\\/wp-content\\\/uploads\\\/2018\\\/11\\\/casarosada99.jpg\",\"datePublished\":\"2019-12-23T10:41:12+00:00\",\"dateModified\":\"2019-12-23T12:25:38+00:00\",\"breadcrumb\":{\"@id\":\"https:\\\/\\\/diariotextual.com\\\/inicio\\\/index.php\\\/2019\\\/12\\\/23\\\/todavia-no-se-reglamento-la-ley-emergencia-no-recargo-al-dolar\\\/#breadcrumb\"},\"inLanguage\":\"es\",\"potentialAction\":[{\"@type\":\"ReadAction\",\"target\":[\"https:\\\/\\\/diariotextual.com\\\/inicio\\\/index.php\\\/2019\\\/12\\\/23\\\/todavia-no-se-reglamento-la-ley-emergencia-no-recargo-al-dolar\\\/\"]}]},{\"@type\":\"ImageObject\",\"inLanguage\":\"es\",\"@id\":\"https:\\\/\\\/diariotextual.com\\\/inicio\\\/index.php\\\/2019\\\/12\\\/23\\\/todavia-no-se-reglamento-la-ley-emergencia-no-recargo-al-dolar\\\/#primaryimage\",\"url\":\"https:\\\/\\\/diariotextual.com\\\/inicio\\\/wp-content\\\/uploads\\\/2018\\\/11\\\/casarosada99.jpg\",\"contentUrl\":\"https:\\\/\\\/diariotextual.com\\\/inicio\\\/wp-content\\\/uploads\\\/2018\\\/11\\\/casarosada99.jpg\",\"width\":947,\"height\":606,\"caption\":\"Stitched Panorama\"},{\"@type\":\"BreadcrumbList\",\"@id\":\"https:\\\/\\\/diariotextual.com\\\/inicio\\\/index.php\\\/2019\\\/12\\\/23\\\/todavia-no-se-reglamento-la-ley-emergencia-no-recargo-al-dolar\\\/#breadcrumb\",\"itemListElement\":[{\"@type\":\"ListItem\",\"position\":1,\"name\":\"Portada\",\"item\":\"https:\\\/\\\/diariotextual.com\\\/inicio\\\/\"},{\"@type\":\"ListItem\",\"position\":2,\"name\":\"Todav\u00eda no se reglament\u00f3 la ley de Emergencia y no hay recargo al d\u00f3lar\"}]},{\"@type\":\"WebSite\",\"@id\":\"https:\\\/\\\/diariotextual.com\\\/inicio\\\/#website\",\"url\":\"https:\\\/\\\/diariotextual.com\\\/inicio\\\/\",\"name\":\"Diario Textual\",\"description\":\"\",\"publisher\":{\"@id\":\"https:\\\/\\\/diariotextual.com\\\/inicio\\\/#organization\"},\"potentialAction\":[{\"@type\":\"SearchAction\",\"target\":{\"@type\":\"EntryPoint\",\"urlTemplate\":\"https:\\\/\\\/diariotextual.com\\\/inicio\\\/?s={search_term_string}\"},\"query-input\":{\"@type\":\"PropertyValueSpecification\",\"valueRequired\":true,\"valueName\":\"search_term_string\"}}],\"inLanguage\":\"es\"},{\"@type\":\"Organization\",\"@id\":\"https:\\\/\\\/diariotextual.com\\\/inicio\\\/#organization\",\"name\":\"Diario Textual\",\"url\":\"https:\\\/\\\/diariotextual.com\\\/inicio\\\/\",\"logo\":{\"@type\":\"ImageObject\",\"inLanguage\":\"es\",\"@id\":\"https:\\\/\\\/diariotextual.com\\\/inicio\\\/#\\\/schema\\\/logo\\\/image\\\/\",\"url\":\"https:\\\/\\\/diariotextual.com\\\/inicio\\\/wp-content\\\/uploads\\\/2023\\\/05\\\/logotextual1.jpg\",\"contentUrl\":\"https:\\\/\\\/diariotextual.com\\\/inicio\\\/wp-content\\\/uploads\\\/2023\\\/05\\\/logotextual1.jpg\",\"width\":516,\"height\":76,\"caption\":\"Diario Textual\"},\"image\":{\"@id\":\"https:\\\/\\\/diariotextual.com\\\/inicio\\\/#\\\/schema\\\/logo\\\/image\\\/\"},\"sameAs\":[\"https:\\\/\\\/www.facebook.com\\\/eltextual\",\"https:\\\/\\\/x.com\\\/eltextual\",\"http:\\\/\\\/www.instagram.com\\\/eltextual\"]},{\"@type\":\"Person\",\"@id\":\"https:\\\/\\\/diariotextual.com\\\/inicio\\\/#\\\/schema\\\/person\\\/418fc4093c33e86ed41562db3508f958\",\"name\":\"Diario1 Diario1\",\"image\":{\"@type\":\"ImageObject\",\"inLanguage\":\"es\",\"@id\":\"https:\\\/\\\/secure.gravatar.com\\\/avatar\\\/9167d280179c85bc18be67aa7eda765854300033af4896dd779b608640f2ef7a?s=96&d=mm&r=g\",\"url\":\"https:\\\/\\\/secure.gravatar.com\\\/avatar\\\/9167d280179c85bc18be67aa7eda765854300033af4896dd779b608640f2ef7a?s=96&d=mm&r=g\",\"contentUrl\":\"https:\\\/\\\/secure.gravatar.com\\\/avatar\\\/9167d280179c85bc18be67aa7eda765854300033af4896dd779b608640f2ef7a?s=96&d=mm&r=g\",\"caption\":\"Diario1 Diario1\"},\"url\":\"https:\\\/\\\/diariotextual.com\\\/inicio\\\/index.php\\\/author\\\/diario1\\\/\"}]}<\/script>\n<!-- \/ Yoast SEO plugin. -->","yoast_head_json":{"title":"Todav\u00eda no se reglament\u00f3 la ley de Emergencia y no hay recargo al d\u00f3lar - Diario Textual","robots":{"index":"index","follow":"follow","max-snippet":"max-snippet:-1","max-image-preview":"max-image-preview:large","max-video-preview":"max-video-preview:-1"},"canonical":"https:\/\/diariotextual.com\/inicio\/index.php\/2019\/12\/23\/todavia-no-se-reglamento-la-ley-emergencia-no-recargo-al-dolar\/","og_locale":"es_ES","og_type":"article","og_title":"Todav\u00eda no se reglament\u00f3 la ley de Emergencia y no hay recargo al d\u00f3lar - Diario Textual","og_description":"Todo indicaba que el gobierno de\u00a0Alberto Fern\u00e1ndez\u00a0promulgar\u00eda lo m\u00e1s r\u00e1pido posible la\u00a0Ley de Solidaridad Social y Reactivaci\u00f3n Productiva, que declaraba la emergencia econ\u00f3mica en el pa\u00eds y aplicaba -entre otras&hellip;","og_url":"https:\/\/diariotextual.com\/inicio\/index.php\/2019\/12\/23\/todavia-no-se-reglamento-la-ley-emergencia-no-recargo-al-dolar\/","og_site_name":"Diario Textual","article_publisher":"https:\/\/www.facebook.com\/eltextual","article_published_time":"2019-12-23T10:41:12+00:00","article_modified_time":"2019-12-23T12:25:38+00:00","og_image":[{"width":947,"height":606,"url":"https:\/\/diariotextual.com\/inicio\/wp-content\/uploads\/2018\/11\/casarosada99.jpg","type":"image\/jpeg"}],"author":"Diario1 Diario1","twitter_card":"summary_large_image","twitter_creator":"@eltextual","twitter_site":"@eltextual","twitter_misc":{"Escrito por":"Diario1 Diario1","Tiempo de lectura":"1 minuto"},"schema":{"@context":"https:\/\/schema.org","@graph":[{"@type":"Article","@id":"https:\/\/diariotextual.com\/inicio\/index.php\/2019\/12\/23\/todavia-no-se-reglamento-la-ley-emergencia-no-recargo-al-dolar\/#article","isPartOf":{"@id":"https:\/\/diariotextual.com\/inicio\/index.php\/2019\/12\/23\/todavia-no-se-reglamento-la-ley-emergencia-no-recargo-al-dolar\/"},"author":{"name":"Diario1 Diario1","@id":"https:\/\/diariotextual.com\/inicio\/#\/schema\/person\/418fc4093c33e86ed41562db3508f958"},"headline":"Todav\u00eda no se reglament\u00f3 la ley de Emergencia y no hay recargo al d\u00f3lar","datePublished":"2019-12-23T10:41:12+00:00","dateModified":"2019-12-23T12:25:38+00:00","mainEntityOfPage":{"@id":"https:\/\/diariotextual.com\/inicio\/index.php\/2019\/12\/23\/todavia-no-se-reglamento-la-ley-emergencia-no-recargo-al-dolar\/"},"wordCount":257,"publisher":{"@id":"https:\/\/diariotextual.com\/inicio\/#organization"},"image":{"@id":"https:\/\/diariotextual.com\/inicio\/index.php\/2019\/12\/23\/todavia-no-se-reglamento-la-ley-emergencia-no-recargo-al-dolar\/#primaryimage"},"thumbnailUrl":"https:\/\/diariotextual.com\/inicio\/wp-content\/uploads\/2018\/11\/casarosada99.jpg","articleSection":["A - QUE PASA (al costado)","ECONOMIA"],"inLanguage":"es"},{"@type":"WebPage","@id":"https:\/\/diariotextual.com\/inicio\/index.php\/2019\/12\/23\/todavia-no-se-reglamento-la-ley-emergencia-no-recargo-al-dolar\/","url":"https:\/\/diariotextual.com\/inicio\/index.php\/2019\/12\/23\/todavia-no-se-reglamento-la-ley-emergencia-no-recargo-al-dolar\/","name":"Todav\u00eda no se reglament\u00f3 la ley de Emergencia y no hay recargo al d\u00f3lar - Diario Textual","isPartOf":{"@id":"https:\/\/diariotextual.com\/inicio\/#website"},"primaryImageOfPage":{"@id":"https:\/\/diariotextual.com\/inicio\/index.php\/2019\/12\/23\/todavia-no-se-reglamento-la-ley-emergencia-no-recargo-al-dolar\/#primaryimage"},"image":{"@id":"https:\/\/diariotextual.com\/inicio\/index.php\/2019\/12\/23\/todavia-no-se-reglamento-la-ley-emergencia-no-recargo-al-dolar\/#primaryimage"},"thumbnailUrl":"https:\/\/diariotextual.com\/inicio\/wp-content\/uploads\/2018\/11\/casarosada99.jpg","datePublished":"2019-12-23T10:41:12+00:00","dateModified":"2019-12-23T12:25:38+00:00","breadcrumb":{"@id":"https:\/\/diariotextual.com\/inicio\/index.php\/2019\/12\/23\/todavia-no-se-reglamento-la-ley-emergencia-no-recargo-al-dolar\/#breadcrumb"},"inLanguage":"es","potentialAction":[{"@type":"ReadAction","target":["https:\/\/diariotextual.com\/inicio\/index.php\/2019\/12\/23\/todavia-no-se-reglamento-la-ley-emergencia-no-recargo-al-dolar\/"]}]},{"@type":"ImageObject","inLanguage":"es","@id":"https:\/\/diariotextual.com\/inicio\/index.php\/2019\/12\/23\/todavia-no-se-reglamento-la-ley-emergencia-no-recargo-al-dolar\/#primaryimage","url":"https:\/\/diariotextual.com\/inicio\/wp-content\/uploads\/2018\/11\/casarosada99.jpg","contentUrl":"https:\/\/diariotextual.com\/inicio\/wp-content\/uploads\/2018\/11\/casarosada99.jpg","width":947,"height":606,"caption":"Stitched Panorama"},{"@type":"BreadcrumbList","@id":"https:\/\/diariotextual.com\/inicio\/index.php\/2019\/12\/23\/todavia-no-se-reglamento-la-ley-emergencia-no-recargo-al-dolar\/#breadcrumb","itemListElement":[{"@type":"ListItem","position":1,"name":"Portada","item":"https:\/\/diariotextual.com\/inicio\/"},{"@type":"ListItem","position":2,"name":"Todav\u00eda no se reglament\u00f3 la ley de Emergencia y no hay recargo al d\u00f3lar"}]},{"@type":"WebSite","@id":"https:\/\/diariotextual.com\/inicio\/#website","url":"https:\/\/diariotextual.com\/inicio\/","name":"Diario Textual","description":"","publisher":{"@id":"https:\/\/diariotextual.com\/inicio\/#organization"},"potentialAction":[{"@type":"SearchAction","target":{"@type":"EntryPoint","urlTemplate":"https:\/\/diariotextual.com\/inicio\/?s={search_term_string}"},"query-input":{"@type":"PropertyValueSpecification","valueRequired":true,"valueName":"search_term_string"}}],"inLanguage":"es"},{"@type":"Organization","@id":"https:\/\/diariotextual.com\/inicio\/#organization","name":"Diario Textual","url":"https:\/\/diariotextual.com\/inicio\/","logo":{"@type":"ImageObject","inLanguage":"es","@id":"https:\/\/diariotextual.com\/inicio\/#\/schema\/logo\/image\/","url":"https:\/\/diariotextual.com\/inicio\/wp-content\/uploads\/2023\/05\/logotextual1.jpg","contentUrl":"https:\/\/diariotextual.com\/inicio\/wp-content\/uploads\/2023\/05\/logotextual1.jpg","width":516,"height":76,"caption":"Diario Textual"},"image":{"@id":"https:\/\/diariotextual.com\/inicio\/#\/schema\/logo\/image\/"},"sameAs":["https:\/\/www.facebook.com\/eltextual","https:\/\/x.com\/eltextual","http:\/\/www.instagram.com\/eltextual"]},{"@type":"Person","@id":"https:\/\/diariotextual.com\/inicio\/#\/schema\/person\/418fc4093c33e86ed41562db3508f958","name":"Diario1 Diario1","image":{"@type":"ImageObject","inLanguage":"es","@id":"https:\/\/secure.gravatar.com\/avatar\/9167d280179c85bc18be67aa7eda765854300033af4896dd779b608640f2ef7a?s=96&d=mm&r=g","url":"https:\/\/secure.gravatar.com\/avatar\/9167d280179c85bc18be67aa7eda765854300033af4896dd779b608640f2ef7a?s=96&d=mm&r=g","contentUrl":"https:\/\/secure.gravatar.com\/avatar\/9167d280179c85bc18be67aa7eda765854300033af4896dd779b608640f2ef7a?s=96&d=mm&r=g","caption":"Diario1 Diario1"},"url":"https:\/\/diariotextual.com\/inicio\/index.php\/author\/diario1\/"}]}},"_links":{"self":[{"href":"https:\/\/diariotextual.com\/inicio\/index.php\/wp-json\/wp\/v2\/posts\/74269","targetHints":{"allow":["GET"]}}],"collection":[{"href":"https:\/\/diariotextual.com\/inicio\/index.php\/wp-json\/wp\/v2\/posts"}],"about":[{"href":"https:\/\/diariotextual.com\/inicio\/index.php\/wp-json\/wp\/v2\/types\/post"}],"author":[{"embeddable":true,"href":"https:\/\/diariotextual.com\/inicio\/index.php\/wp-json\/wp\/v2\/users\/3"}],"replies":[{"embeddable":true,"href":"https:\/\/diariotextual.com\/inicio\/index.php\/wp-json\/wp\/v2\/comments?post=74269"}],"version-history":[{"count":1,"href":"https:\/\/diariotextual.com\/inicio\/index.php\/wp-json\/wp\/v2\/posts\/74269\/revisions"}],"predecessor-version":[{"id":74270,"href":"https:\/\/diariotextual.com\/inicio\/index.php\/wp-json\/wp\/v2\/posts\/74269\/revisions\/74270"}],"wp:featuredmedia":[{"embeddable":true,"href":"https:\/\/diariotextual.com\/inicio\/index.php\/wp-json\/wp\/v2\/media\/26628"}],"wp:attachment":[{"href":"https:\/\/diariotextual.com\/inicio\/index.php\/wp-json\/wp\/v2\/media?parent=74269"}],"wp:term":[{"taxonomy":"category","embeddable":true,"href":"https:\/\/diariotextual.com\/inicio\/index.php\/wp-json\/wp\/v2\/categories?post=74269"},{"taxonomy":"post_tag","embeddable":true,"href":"https:\/\/diariotextual.com\/inicio\/index.php\/wp-json\/wp\/v2\/tags?post=74269"}],"curies":[{"name":"wp","href":"https:\/\/api.w.org\/{rel}","templated":true}]}}