{"id":74888,"date":"2019-12-30T08:18:10","date_gmt":"2019-12-30T11:18:10","guid":{"rendered":"http:\/\/diariotextual.com\/inicio\/?p=74888"},"modified":"2019-12-30T11:28:42","modified_gmt":"2019-12-30T14:28:42","slug":"habra-reintegros-jubilados-auh-consumo-alimentos-debito","status":"publish","type":"post","link":"https:\/\/diariotextual.com\/inicio\/index.php\/2019\/12\/30\/habra-reintegros-jubilados-auh-consumo-alimentos-debito\/","title":{"rendered":"Habr\u00e1 reintegros a jubilados y AUH por consumo de alimentos con d\u00e9bito"},"content":{"rendered":"<p>La AFIP pondr\u00e1 en marcha a fines de enero la\u00a0<strong>devoluci\u00f3n de hasta 700 pesos por consumos de alimentos con tarjeta de d\u00e9bito<\/strong>, tanto para<strong> jubilaciones m\u00ednimas<\/strong> como titulares de la <strong>Asignaci\u00f3n Universal por Hijo.\u00a0<\/strong><\/p>\n<p>La medida ser\u00e1 implementada por AFIP en conjunto con el Ministerio de Desarrollo Social, la ANSES y otros organismos para garantizar que la implementaci\u00f3n alcance a la mayor cantidad posible de peque\u00f1os comercios.<\/p>\n<p>Se trata de <strong>una de las soluciones superadoras que busca el Ejecutivo al vencimiento del IVA 0%, que operar\u00e1 el 1 de enero y no ser\u00eda renovado oficialmente, consign\u00f3 el diario BAE.<\/strong><\/p>\n<p><strong>\u00abEl proyecto habilita a que se otorgue una suma fija que estar\u00e1 focalizada en aquellas personas que perciben\u00a0ingresos m\u00e1s bajos y son las m\u00e1s afectados por la crisis. Queremos garantizar que esta medida beneficie a la demanda pero tambi\u00e9n a la oferta\u00bb<\/strong>, expres\u00f3 la titular de la AFIP, Mercedes Marc\u00f3 del Pont.<\/p>\n<p>El reintegro no corresponde a ning\u00fan impuesto en particular pero la cifra de 700 pesos es producto de una estimaci\u00f3n de cu\u00e1nto pagan en IVA por el consumo de alimentos los sectores m\u00e1s postergados, como los jubilados, los beneficiarios de la AUH y los planes sociales.<\/p>\n<p>\u00abComo en los hogares beneficiarios\u00a0suelen existir dos prestaciones, el monto de la devoluci\u00f3n ascender\u00e1 a los 1.400 pesos por hogar\u00bb, a\u00f1adieron desde la AFIP.<\/p>\n<p>Para el resto de la poblaci\u00f3n, se buscar\u00e1 aliviar el impacto directo de la eliminaci\u00f3n del IVA en los precios de los alimentos a trav\u00e9s del relanzamiento de Precios Cuidados, cuyas negociaciones se est\u00e1n llevando adelante con los actores del sector, supermercados, c\u00e1maras y empresas.<\/p>\n<div id=\"lx_645403\" class=\"__lxG__multi __lxG__multi_lx_645403\" data-cnt=\"2\"><\/div>\n","protected":false},"excerpt":{"rendered":"<p>La AFIP pondr\u00e1 en marcha a fines de enero la\u00a0devoluci\u00f3n de hasta 700 pesos por consumos de alimentos con tarjeta de d\u00e9bito, tanto para jubilaciones m\u00ednimas como titulares de la&hellip;<\/p>\n","protected":false},"author":7,"featured_media":3482,"comment_status":"closed","ping_status":"open","sticky":false,"template":"","format":"standard","meta":{"_acf_changed":false,"footnotes":""},"categories":[11,5],"tags":[],"class_list":["post-74888","post","type-post","status-publish","format-standard","has-post-thumbnail","hentry","category-que-pasa","category-economia"],"acf":[],"yoast_head":"<!-- This site is optimized with the Yoast SEO plugin v27.5 - https:\/\/yoast.com\/product\/yoast-seo-wordpress\/ -->\n<title>Habr\u00e1 reintegros a jubilados y AUH por consumo de alimentos con d\u00e9bito - Diario Textual<\/title>\n<meta name=\"robots\" content=\"index, follow, max-snippet:-1, max-image-preview:large, max-video-preview:-1\" \/>\n<link rel=\"canonical\" href=\"https:\/\/diariotextual.com\/inicio\/index.php\/2019\/12\/30\/habra-reintegros-jubilados-auh-consumo-alimentos-debito\/\" \/>\n<meta property=\"og:locale\" content=\"es_ES\" \/>\n<meta property=\"og:type\" content=\"article\" \/>\n<meta property=\"og:title\" content=\"Habr\u00e1 reintegros a jubilados y AUH por consumo de alimentos con d\u00e9bito - Diario Textual\" \/>\n<meta property=\"og:description\" content=\"La AFIP pondr\u00e1 en marcha a fines de enero la\u00a0devoluci\u00f3n de hasta 700 pesos por consumos de alimentos con tarjeta de d\u00e9bito, tanto para jubilaciones m\u00ednimas como titulares de la&hellip;\" \/>\n<meta property=\"og:url\" content=\"https:\/\/diariotextual.com\/inicio\/index.php\/2019\/12\/30\/habra-reintegros-jubilados-auh-consumo-alimentos-debito\/\" \/>\n<meta property=\"og:site_name\" content=\"Diario Textual\" \/>\n<meta property=\"article:publisher\" content=\"https:\/\/www.facebook.com\/eltextual\" \/>\n<meta property=\"article:published_time\" content=\"2019-12-30T11:18:10+00:00\" \/>\n<meta property=\"article:modified_time\" content=\"2019-12-30T14:28:42+00:00\" \/>\n<meta property=\"og:image\" content=\"https:\/\/diariotextual.com\/inicio\/wp-content\/uploads\/2018\/04\/tarjetadebito111.jpg\" \/>\n\t<meta property=\"og:image:width\" content=\"792\" \/>\n\t<meta property=\"og:image:height\" content=\"512\" \/>\n\t<meta property=\"og:image:type\" content=\"image\/jpeg\" \/>\n<meta name=\"author\" content=\"diario5\" \/>\n<meta name=\"twitter:card\" content=\"summary_large_image\" \/>\n<meta name=\"twitter:creator\" content=\"@eltextual\" \/>\n<meta name=\"twitter:site\" content=\"@eltextual\" \/>\n<meta name=\"twitter:label1\" content=\"Escrito por\" \/>\n\t<meta name=\"twitter:data1\" content=\"diario5\" \/>\n\t<meta name=\"twitter:label2\" content=\"Tiempo de lectura\" \/>\n\t<meta name=\"twitter:data2\" content=\"1 minuto\" \/>\n<script type=\"application\/ld+json\" class=\"yoast-schema-graph\">{\"@context\":\"https:\\\/\\\/schema.org\",\"@graph\":[{\"@type\":\"Article\",\"@id\":\"https:\\\/\\\/diariotextual.com\\\/inicio\\\/index.php\\\/2019\\\/12\\\/30\\\/habra-reintegros-jubilados-auh-consumo-alimentos-debito\\\/#article\",\"isPartOf\":{\"@id\":\"https:\\\/\\\/diariotextual.com\\\/inicio\\\/index.php\\\/2019\\\/12\\\/30\\\/habra-reintegros-jubilados-auh-consumo-alimentos-debito\\\/\"},\"author\":{\"name\":\"diario5\",\"@id\":\"https:\\\/\\\/diariotextual.com\\\/inicio\\\/#\\\/schema\\\/person\\\/c7834961ad8b29b1d9cdbf4571299067\"},\"headline\":\"Habr\u00e1 reintegros a jubilados y AUH por consumo de alimentos con d\u00e9bito\",\"datePublished\":\"2019-12-30T11:18:10+00:00\",\"dateModified\":\"2019-12-30T14:28:42+00:00\",\"mainEntityOfPage\":{\"@id\":\"https:\\\/\\\/diariotextual.com\\\/inicio\\\/index.php\\\/2019\\\/12\\\/30\\\/habra-reintegros-jubilados-auh-consumo-alimentos-debito\\\/\"},\"wordCount\":298,\"publisher\":{\"@id\":\"https:\\\/\\\/diariotextual.com\\\/inicio\\\/#organization\"},\"image\":{\"@id\":\"https:\\\/\\\/diariotextual.com\\\/inicio\\\/index.php\\\/2019\\\/12\\\/30\\\/habra-reintegros-jubilados-auh-consumo-alimentos-debito\\\/#primaryimage\"},\"thumbnailUrl\":\"https:\\\/\\\/diariotextual.com\\\/inicio\\\/wp-content\\\/uploads\\\/2018\\\/04\\\/tarjetadebito111.jpg\",\"articleSection\":[\"A - QUE PASA (al costado)\",\"ECONOMIA\"],\"inLanguage\":\"es\"},{\"@type\":\"WebPage\",\"@id\":\"https:\\\/\\\/diariotextual.com\\\/inicio\\\/index.php\\\/2019\\\/12\\\/30\\\/habra-reintegros-jubilados-auh-consumo-alimentos-debito\\\/\",\"url\":\"https:\\\/\\\/diariotextual.com\\\/inicio\\\/index.php\\\/2019\\\/12\\\/30\\\/habra-reintegros-jubilados-auh-consumo-alimentos-debito\\\/\",\"name\":\"Habr\u00e1 reintegros a jubilados y AUH por consumo de alimentos con d\u00e9bito - Diario Textual\",\"isPartOf\":{\"@id\":\"https:\\\/\\\/diariotextual.com\\\/inicio\\\/#website\"},\"primaryImageOfPage\":{\"@id\":\"https:\\\/\\\/diariotextual.com\\\/inicio\\\/index.php\\\/2019\\\/12\\\/30\\\/habra-reintegros-jubilados-auh-consumo-alimentos-debito\\\/#primaryimage\"},\"image\":{\"@id\":\"https:\\\/\\\/diariotextual.com\\\/inicio\\\/index.php\\\/2019\\\/12\\\/30\\\/habra-reintegros-jubilados-auh-consumo-alimentos-debito\\\/#primaryimage\"},\"thumbnailUrl\":\"https:\\\/\\\/diariotextual.com\\\/inicio\\\/wp-content\\\/uploads\\\/2018\\\/04\\\/tarjetadebito111.jpg\",\"datePublished\":\"2019-12-30T11:18:10+00:00\",\"dateModified\":\"2019-12-30T14:28:42+00:00\",\"breadcrumb\":{\"@id\":\"https:\\\/\\\/diariotextual.com\\\/inicio\\\/index.php\\\/2019\\\/12\\\/30\\\/habra-reintegros-jubilados-auh-consumo-alimentos-debito\\\/#breadcrumb\"},\"inLanguage\":\"es\",\"potentialAction\":[{\"@type\":\"ReadAction\",\"target\":[\"https:\\\/\\\/diariotextual.com\\\/inicio\\\/index.php\\\/2019\\\/12\\\/30\\\/habra-reintegros-jubilados-auh-consumo-alimentos-debito\\\/\"]}]},{\"@type\":\"ImageObject\",\"inLanguage\":\"es\",\"@id\":\"https:\\\/\\\/diariotextual.com\\\/inicio\\\/index.php\\\/2019\\\/12\\\/30\\\/habra-reintegros-jubilados-auh-consumo-alimentos-debito\\\/#primaryimage\",\"url\":\"https:\\\/\\\/diariotextual.com\\\/inicio\\\/wp-content\\\/uploads\\\/2018\\\/04\\\/tarjetadebito111.jpg\",\"contentUrl\":\"https:\\\/\\\/diariotextual.com\\\/inicio\\\/wp-content\\\/uploads\\\/2018\\\/04\\\/tarjetadebito111.jpg\",\"width\":792,\"height\":512},{\"@type\":\"BreadcrumbList\",\"@id\":\"https:\\\/\\\/diariotextual.com\\\/inicio\\\/index.php\\\/2019\\\/12\\\/30\\\/habra-reintegros-jubilados-auh-consumo-alimentos-debito\\\/#breadcrumb\",\"itemListElement\":[{\"@type\":\"ListItem\",\"position\":1,\"name\":\"Portada\",\"item\":\"https:\\\/\\\/diariotextual.com\\\/inicio\\\/\"},{\"@type\":\"ListItem\",\"position\":2,\"name\":\"Habr\u00e1 reintegros a jubilados y AUH por consumo de alimentos con d\u00e9bito\"}]},{\"@type\":\"WebSite\",\"@id\":\"https:\\\/\\\/diariotextual.com\\\/inicio\\\/#website\",\"url\":\"https:\\\/\\\/diariotextual.com\\\/inicio\\\/\",\"name\":\"Diario Textual\",\"description\":\"\",\"publisher\":{\"@id\":\"https:\\\/\\\/diariotextual.com\\\/inicio\\\/#organization\"},\"potentialAction\":[{\"@type\":\"SearchAction\",\"target\":{\"@type\":\"EntryPoint\",\"urlTemplate\":\"https:\\\/\\\/diariotextual.com\\\/inicio\\\/?s={search_term_string}\"},\"query-input\":{\"@type\":\"PropertyValueSpecification\",\"valueRequired\":true,\"valueName\":\"search_term_string\"}}],\"inLanguage\":\"es\"},{\"@type\":\"Organization\",\"@id\":\"https:\\\/\\\/diariotextual.com\\\/inicio\\\/#organization\",\"name\":\"Diario Textual\",\"url\":\"https:\\\/\\\/diariotextual.com\\\/inicio\\\/\",\"logo\":{\"@type\":\"ImageObject\",\"inLanguage\":\"es\",\"@id\":\"https:\\\/\\\/diariotextual.com\\\/inicio\\\/#\\\/schema\\\/logo\\\/image\\\/\",\"url\":\"https:\\\/\\\/diariotextual.com\\\/inicio\\\/wp-content\\\/uploads\\\/2023\\\/05\\\/logotextual1.jpg\",\"contentUrl\":\"https:\\\/\\\/diariotextual.com\\\/inicio\\\/wp-content\\\/uploads\\\/2023\\\/05\\\/logotextual1.jpg\",\"width\":516,\"height\":76,\"caption\":\"Diario Textual\"},\"image\":{\"@id\":\"https:\\\/\\\/diariotextual.com\\\/inicio\\\/#\\\/schema\\\/logo\\\/image\\\/\"},\"sameAs\":[\"https:\\\/\\\/www.facebook.com\\\/eltextual\",\"https:\\\/\\\/x.com\\\/eltextual\",\"http:\\\/\\\/www.instagram.com\\\/eltextual\"]},{\"@type\":\"Person\",\"@id\":\"https:\\\/\\\/diariotextual.com\\\/inicio\\\/#\\\/schema\\\/person\\\/c7834961ad8b29b1d9cdbf4571299067\",\"name\":\"diario5\",\"image\":{\"@type\":\"ImageObject\",\"inLanguage\":\"es\",\"@id\":\"https:\\\/\\\/secure.gravatar.com\\\/avatar\\\/948c893b847ca6df68216ead81b63f363408ec9b0f600fefc0641ce78613b111?s=96&d=mm&r=g\",\"url\":\"https:\\\/\\\/secure.gravatar.com\\\/avatar\\\/948c893b847ca6df68216ead81b63f363408ec9b0f600fefc0641ce78613b111?s=96&d=mm&r=g\",\"contentUrl\":\"https:\\\/\\\/secure.gravatar.com\\\/avatar\\\/948c893b847ca6df68216ead81b63f363408ec9b0f600fefc0641ce78613b111?s=96&d=mm&r=g\",\"caption\":\"diario5\"},\"url\":\"https:\\\/\\\/diariotextual.com\\\/inicio\\\/index.php\\\/author\\\/diario5\\\/\"}]}<\/script>\n<!-- \/ Yoast SEO plugin. -->","yoast_head_json":{"title":"Habr\u00e1 reintegros a jubilados y AUH por consumo de alimentos con d\u00e9bito - Diario Textual","robots":{"index":"index","follow":"follow","max-snippet":"max-snippet:-1","max-image-preview":"max-image-preview:large","max-video-preview":"max-video-preview:-1"},"canonical":"https:\/\/diariotextual.com\/inicio\/index.php\/2019\/12\/30\/habra-reintegros-jubilados-auh-consumo-alimentos-debito\/","og_locale":"es_ES","og_type":"article","og_title":"Habr\u00e1 reintegros a jubilados y AUH por consumo de alimentos con d\u00e9bito - Diario Textual","og_description":"La AFIP pondr\u00e1 en marcha a fines de enero la\u00a0devoluci\u00f3n de hasta 700 pesos por consumos de alimentos con tarjeta de d\u00e9bito, tanto para jubilaciones m\u00ednimas como titulares de la&hellip;","og_url":"https:\/\/diariotextual.com\/inicio\/index.php\/2019\/12\/30\/habra-reintegros-jubilados-auh-consumo-alimentos-debito\/","og_site_name":"Diario Textual","article_publisher":"https:\/\/www.facebook.com\/eltextual","article_published_time":"2019-12-30T11:18:10+00:00","article_modified_time":"2019-12-30T14:28:42+00:00","og_image":[{"width":792,"height":512,"url":"https:\/\/diariotextual.com\/inicio\/wp-content\/uploads\/2018\/04\/tarjetadebito111.jpg","type":"image\/jpeg"}],"author":"diario5","twitter_card":"summary_large_image","twitter_creator":"@eltextual","twitter_site":"@eltextual","twitter_misc":{"Escrito por":"diario5","Tiempo de lectura":"1 minuto"},"schema":{"@context":"https:\/\/schema.org","@graph":[{"@type":"Article","@id":"https:\/\/diariotextual.com\/inicio\/index.php\/2019\/12\/30\/habra-reintegros-jubilados-auh-consumo-alimentos-debito\/#article","isPartOf":{"@id":"https:\/\/diariotextual.com\/inicio\/index.php\/2019\/12\/30\/habra-reintegros-jubilados-auh-consumo-alimentos-debito\/"},"author":{"name":"diario5","@id":"https:\/\/diariotextual.com\/inicio\/#\/schema\/person\/c7834961ad8b29b1d9cdbf4571299067"},"headline":"Habr\u00e1 reintegros a jubilados y AUH por consumo de alimentos con d\u00e9bito","datePublished":"2019-12-30T11:18:10+00:00","dateModified":"2019-12-30T14:28:42+00:00","mainEntityOfPage":{"@id":"https:\/\/diariotextual.com\/inicio\/index.php\/2019\/12\/30\/habra-reintegros-jubilados-auh-consumo-alimentos-debito\/"},"wordCount":298,"publisher":{"@id":"https:\/\/diariotextual.com\/inicio\/#organization"},"image":{"@id":"https:\/\/diariotextual.com\/inicio\/index.php\/2019\/12\/30\/habra-reintegros-jubilados-auh-consumo-alimentos-debito\/#primaryimage"},"thumbnailUrl":"https:\/\/diariotextual.com\/inicio\/wp-content\/uploads\/2018\/04\/tarjetadebito111.jpg","articleSection":["A - QUE PASA (al costado)","ECONOMIA"],"inLanguage":"es"},{"@type":"WebPage","@id":"https:\/\/diariotextual.com\/inicio\/index.php\/2019\/12\/30\/habra-reintegros-jubilados-auh-consumo-alimentos-debito\/","url":"https:\/\/diariotextual.com\/inicio\/index.php\/2019\/12\/30\/habra-reintegros-jubilados-auh-consumo-alimentos-debito\/","name":"Habr\u00e1 reintegros a jubilados y AUH por consumo de alimentos con d\u00e9bito - Diario Textual","isPartOf":{"@id":"https:\/\/diariotextual.com\/inicio\/#website"},"primaryImageOfPage":{"@id":"https:\/\/diariotextual.com\/inicio\/index.php\/2019\/12\/30\/habra-reintegros-jubilados-auh-consumo-alimentos-debito\/#primaryimage"},"image":{"@id":"https:\/\/diariotextual.com\/inicio\/index.php\/2019\/12\/30\/habra-reintegros-jubilados-auh-consumo-alimentos-debito\/#primaryimage"},"thumbnailUrl":"https:\/\/diariotextual.com\/inicio\/wp-content\/uploads\/2018\/04\/tarjetadebito111.jpg","datePublished":"2019-12-30T11:18:10+00:00","dateModified":"2019-12-30T14:28:42+00:00","breadcrumb":{"@id":"https:\/\/diariotextual.com\/inicio\/index.php\/2019\/12\/30\/habra-reintegros-jubilados-auh-consumo-alimentos-debito\/#breadcrumb"},"inLanguage":"es","potentialAction":[{"@type":"ReadAction","target":["https:\/\/diariotextual.com\/inicio\/index.php\/2019\/12\/30\/habra-reintegros-jubilados-auh-consumo-alimentos-debito\/"]}]},{"@type":"ImageObject","inLanguage":"es","@id":"https:\/\/diariotextual.com\/inicio\/index.php\/2019\/12\/30\/habra-reintegros-jubilados-auh-consumo-alimentos-debito\/#primaryimage","url":"https:\/\/diariotextual.com\/inicio\/wp-content\/uploads\/2018\/04\/tarjetadebito111.jpg","contentUrl":"https:\/\/diariotextual.com\/inicio\/wp-content\/uploads\/2018\/04\/tarjetadebito111.jpg","width":792,"height":512},{"@type":"BreadcrumbList","@id":"https:\/\/diariotextual.com\/inicio\/index.php\/2019\/12\/30\/habra-reintegros-jubilados-auh-consumo-alimentos-debito\/#breadcrumb","itemListElement":[{"@type":"ListItem","position":1,"name":"Portada","item":"https:\/\/diariotextual.com\/inicio\/"},{"@type":"ListItem","position":2,"name":"Habr\u00e1 reintegros a jubilados y AUH por consumo de alimentos con d\u00e9bito"}]},{"@type":"WebSite","@id":"https:\/\/diariotextual.com\/inicio\/#website","url":"https:\/\/diariotextual.com\/inicio\/","name":"Diario Textual","description":"","publisher":{"@id":"https:\/\/diariotextual.com\/inicio\/#organization"},"potentialAction":[{"@type":"SearchAction","target":{"@type":"EntryPoint","urlTemplate":"https:\/\/diariotextual.com\/inicio\/?s={search_term_string}"},"query-input":{"@type":"PropertyValueSpecification","valueRequired":true,"valueName":"search_term_string"}}],"inLanguage":"es"},{"@type":"Organization","@id":"https:\/\/diariotextual.com\/inicio\/#organization","name":"Diario Textual","url":"https:\/\/diariotextual.com\/inicio\/","logo":{"@type":"ImageObject","inLanguage":"es","@id":"https:\/\/diariotextual.com\/inicio\/#\/schema\/logo\/image\/","url":"https:\/\/diariotextual.com\/inicio\/wp-content\/uploads\/2023\/05\/logotextual1.jpg","contentUrl":"https:\/\/diariotextual.com\/inicio\/wp-content\/uploads\/2023\/05\/logotextual1.jpg","width":516,"height":76,"caption":"Diario Textual"},"image":{"@id":"https:\/\/diariotextual.com\/inicio\/#\/schema\/logo\/image\/"},"sameAs":["https:\/\/www.facebook.com\/eltextual","https:\/\/x.com\/eltextual","http:\/\/www.instagram.com\/eltextual"]},{"@type":"Person","@id":"https:\/\/diariotextual.com\/inicio\/#\/schema\/person\/c7834961ad8b29b1d9cdbf4571299067","name":"diario5","image":{"@type":"ImageObject","inLanguage":"es","@id":"https:\/\/secure.gravatar.com\/avatar\/948c893b847ca6df68216ead81b63f363408ec9b0f600fefc0641ce78613b111?s=96&d=mm&r=g","url":"https:\/\/secure.gravatar.com\/avatar\/948c893b847ca6df68216ead81b63f363408ec9b0f600fefc0641ce78613b111?s=96&d=mm&r=g","contentUrl":"https:\/\/secure.gravatar.com\/avatar\/948c893b847ca6df68216ead81b63f363408ec9b0f600fefc0641ce78613b111?s=96&d=mm&r=g","caption":"diario5"},"url":"https:\/\/diariotextual.com\/inicio\/index.php\/author\/diario5\/"}]}},"_links":{"self":[{"href":"https:\/\/diariotextual.com\/inicio\/index.php\/wp-json\/wp\/v2\/posts\/74888","targetHints":{"allow":["GET"]}}],"collection":[{"href":"https:\/\/diariotextual.com\/inicio\/index.php\/wp-json\/wp\/v2\/posts"}],"about":[{"href":"https:\/\/diariotextual.com\/inicio\/index.php\/wp-json\/wp\/v2\/types\/post"}],"author":[{"embeddable":true,"href":"https:\/\/diariotextual.com\/inicio\/index.php\/wp-json\/wp\/v2\/users\/7"}],"replies":[{"embeddable":true,"href":"https:\/\/diariotextual.com\/inicio\/index.php\/wp-json\/wp\/v2\/comments?post=74888"}],"version-history":[{"count":3,"href":"https:\/\/diariotextual.com\/inicio\/index.php\/wp-json\/wp\/v2\/posts\/74888\/revisions"}],"predecessor-version":[{"id":74898,"href":"https:\/\/diariotextual.com\/inicio\/index.php\/wp-json\/wp\/v2\/posts\/74888\/revisions\/74898"}],"wp:featuredmedia":[{"embeddable":true,"href":"https:\/\/diariotextual.com\/inicio\/index.php\/wp-json\/wp\/v2\/media\/3482"}],"wp:attachment":[{"href":"https:\/\/diariotextual.com\/inicio\/index.php\/wp-json\/wp\/v2\/media?parent=74888"}],"wp:term":[{"taxonomy":"category","embeddable":true,"href":"https:\/\/diariotextual.com\/inicio\/index.php\/wp-json\/wp\/v2\/categories?post=74888"},{"taxonomy":"post_tag","embeddable":true,"href":"https:\/\/diariotextual.com\/inicio\/index.php\/wp-json\/wp\/v2\/tags?post=74888"}],"curies":[{"name":"wp","href":"https:\/\/api.w.org\/{rel}","templated":true}]}}