{"id":75024,"date":"2019-12-31T09:32:39","date_gmt":"2019-12-31T12:32:39","guid":{"rendered":"http:\/\/diariotextual.com\/inicio\/?p=75024"},"modified":"2019-12-31T12:00:26","modified_gmt":"2019-12-31T15:00:26","slug":"oficial-plan-ahora-12-continuara-31-marzo","status":"publish","type":"post","link":"https:\/\/diariotextual.com\/inicio\/index.php\/2019\/12\/31\/oficial-plan-ahora-12-continuara-31-marzo\/","title":{"rendered":"Es oficial: el plan Ahora 12 continuar\u00e1 hasta el 31 de marzo"},"content":{"rendered":"<p>El Ministerio de Desarrollo Productivo de Naci\u00f3n extendi\u00f3 hasta el\u00a031 de marzo\u00a0el plan de compras en cuotas\u00a0Ahora 12 que venc\u00eda este martes con las mismas condiciones que las vigentes.<\/p>\n<p>De acuerdo con la cartera, en esos 90 d\u00edas\u00a0\u00abse va a hacer una revisi\u00f3n en lo que se espera sea un contexto de mejora de la macroeconom\u00eda\u00bb\u00a0y agregaron las fuentes que\u00a0\u201cse va a hacer hincapi\u00e9 en que el beneficio alcance principalmente a los productos de origen nacional\u201d.<\/p>\n<p>Con estos programas, que llegan hasta 18 cuotas, los consumidores\u00a0pueden comprar los productos a un inter\u00e9s muy bajo o a tasa cero, si el comercio absorbe los 20 puntos acordados en el gobierno anterior.<\/p>\n<p>Los rubros comprendidos por el plan son: l\u00ednea blanca, indumentaria, calzado y marroquiner\u00eda, materiales y herramientas para la construcci\u00f3n, muebles, bicicletas, motos, turismo, colchones, libros, anteojos, art\u00edculos de librer\u00eda, juguetes y juegos de mesa, tel\u00e9fonos celulares 4G, neum\u00e1ticos, accesorios y repuestos para autos y motos, artefactos de iluminaci\u00f3n, televisores, balnearios, peque\u00f1os electrodom\u00e9sticos y perfumer\u00eda.<\/p>\n<p>La cartera que dirige Kulfas tiene en estudio tambi\u00e9n la renovaci\u00f3n del programa de\u00a0Precios Cuidados que vence el 7 de enero, en el que el Gobierno conf\u00eda en reincorporar primeras marcas.<\/p>\n","protected":false},"excerpt":{"rendered":"<p>El Ministerio de Desarrollo Productivo de Naci\u00f3n extendi\u00f3 hasta el\u00a031 de marzo\u00a0el plan de compras en cuotas\u00a0Ahora 12 que venc\u00eda este martes con las mismas condiciones que las vigentes. De&hellip;<\/p>\n","protected":false},"author":7,"featured_media":32575,"comment_status":"closed","ping_status":"open","sticky":false,"template":"","format":"standard","meta":{"_acf_changed":false,"footnotes":""},"categories":[10,5],"tags":[1269],"class_list":["post-75024","post","type-post","status-publish","format-standard","has-post-thumbnail","hentry","category-portada-2","category-economia","tag-ahora-12"],"acf":[],"yoast_head":"<!-- This site is optimized with the Yoast SEO plugin v27.5 - https:\/\/yoast.com\/product\/yoast-seo-wordpress\/ -->\n<title>Es oficial: el plan Ahora 12 continuar\u00e1 hasta el 31 de marzo - Diario Textual<\/title>\n<meta name=\"robots\" content=\"index, follow, max-snippet:-1, max-image-preview:large, max-video-preview:-1\" \/>\n<link rel=\"canonical\" href=\"https:\/\/diariotextual.com\/inicio\/index.php\/2019\/12\/31\/oficial-plan-ahora-12-continuara-31-marzo\/\" \/>\n<meta property=\"og:locale\" content=\"es_ES\" \/>\n<meta property=\"og:type\" content=\"article\" \/>\n<meta property=\"og:title\" content=\"Es oficial: el plan Ahora 12 continuar\u00e1 hasta el 31 de marzo - Diario Textual\" \/>\n<meta property=\"og:description\" content=\"El Ministerio de Desarrollo Productivo de Naci\u00f3n extendi\u00f3 hasta el\u00a031 de marzo\u00a0el plan de compras en cuotas\u00a0Ahora 12 que venc\u00eda este martes con las mismas condiciones que las vigentes. De&hellip;\" \/>\n<meta property=\"og:url\" content=\"https:\/\/diariotextual.com\/inicio\/index.php\/2019\/12\/31\/oficial-plan-ahora-12-continuara-31-marzo\/\" \/>\n<meta property=\"og:site_name\" content=\"Diario Textual\" \/>\n<meta property=\"article:publisher\" content=\"https:\/\/www.facebook.com\/eltextual\" \/>\n<meta property=\"article:published_time\" content=\"2019-12-31T12:32:39+00:00\" \/>\n<meta property=\"article:modified_time\" content=\"2019-12-31T15:00:26+00:00\" \/>\n<meta property=\"og:image\" content=\"https:\/\/diariotextual.com\/inicio\/wp-content\/uploads\/2018\/12\/ahora12.jpg\" \/>\n\t<meta property=\"og:image:width\" content=\"1500\" \/>\n\t<meta property=\"og:image:height\" content=\"850\" \/>\n\t<meta property=\"og:image:type\" content=\"image\/jpeg\" \/>\n<meta name=\"author\" content=\"diario5\" \/>\n<meta name=\"twitter:card\" content=\"summary_large_image\" \/>\n<meta name=\"twitter:creator\" content=\"@eltextual\" \/>\n<meta name=\"twitter:site\" content=\"@eltextual\" \/>\n<meta name=\"twitter:label1\" content=\"Escrito por\" \/>\n\t<meta name=\"twitter:data1\" content=\"diario5\" \/>\n\t<meta name=\"twitter:label2\" content=\"Tiempo de lectura\" \/>\n\t<meta name=\"twitter:data2\" content=\"1 minuto\" \/>\n<script type=\"application\/ld+json\" class=\"yoast-schema-graph\">{\"@context\":\"https:\\\/\\\/schema.org\",\"@graph\":[{\"@type\":\"Article\",\"@id\":\"https:\\\/\\\/diariotextual.com\\\/inicio\\\/index.php\\\/2019\\\/12\\\/31\\\/oficial-plan-ahora-12-continuara-31-marzo\\\/#article\",\"isPartOf\":{\"@id\":\"https:\\\/\\\/diariotextual.com\\\/inicio\\\/index.php\\\/2019\\\/12\\\/31\\\/oficial-plan-ahora-12-continuara-31-marzo\\\/\"},\"author\":{\"name\":\"diario5\",\"@id\":\"https:\\\/\\\/diariotextual.com\\\/inicio\\\/#\\\/schema\\\/person\\\/c7834961ad8b29b1d9cdbf4571299067\"},\"headline\":\"Es oficial: el plan Ahora 12 continuar\u00e1 hasta el 31 de marzo\",\"datePublished\":\"2019-12-31T12:32:39+00:00\",\"dateModified\":\"2019-12-31T15:00:26+00:00\",\"mainEntityOfPage\":{\"@id\":\"https:\\\/\\\/diariotextual.com\\\/inicio\\\/index.php\\\/2019\\\/12\\\/31\\\/oficial-plan-ahora-12-continuara-31-marzo\\\/\"},\"wordCount\":227,\"publisher\":{\"@id\":\"https:\\\/\\\/diariotextual.com\\\/inicio\\\/#organization\"},\"image\":{\"@id\":\"https:\\\/\\\/diariotextual.com\\\/inicio\\\/index.php\\\/2019\\\/12\\\/31\\\/oficial-plan-ahora-12-continuara-31-marzo\\\/#primaryimage\"},\"thumbnailUrl\":\"https:\\\/\\\/diariotextual.com\\\/inicio\\\/wp-content\\\/uploads\\\/2018\\\/12\\\/ahora12.jpg\",\"keywords\":[\"Ahora 12\"],\"articleSection\":[\"A - PORTADA2\",\"ECONOMIA\"],\"inLanguage\":\"es\"},{\"@type\":\"WebPage\",\"@id\":\"https:\\\/\\\/diariotextual.com\\\/inicio\\\/index.php\\\/2019\\\/12\\\/31\\\/oficial-plan-ahora-12-continuara-31-marzo\\\/\",\"url\":\"https:\\\/\\\/diariotextual.com\\\/inicio\\\/index.php\\\/2019\\\/12\\\/31\\\/oficial-plan-ahora-12-continuara-31-marzo\\\/\",\"name\":\"Es oficial: el plan Ahora 12 continuar\u00e1 hasta el 31 de marzo - Diario Textual\",\"isPartOf\":{\"@id\":\"https:\\\/\\\/diariotextual.com\\\/inicio\\\/#website\"},\"primaryImageOfPage\":{\"@id\":\"https:\\\/\\\/diariotextual.com\\\/inicio\\\/index.php\\\/2019\\\/12\\\/31\\\/oficial-plan-ahora-12-continuara-31-marzo\\\/#primaryimage\"},\"image\":{\"@id\":\"https:\\\/\\\/diariotextual.com\\\/inicio\\\/index.php\\\/2019\\\/12\\\/31\\\/oficial-plan-ahora-12-continuara-31-marzo\\\/#primaryimage\"},\"thumbnailUrl\":\"https:\\\/\\\/diariotextual.com\\\/inicio\\\/wp-content\\\/uploads\\\/2018\\\/12\\\/ahora12.jpg\",\"datePublished\":\"2019-12-31T12:32:39+00:00\",\"dateModified\":\"2019-12-31T15:00:26+00:00\",\"breadcrumb\":{\"@id\":\"https:\\\/\\\/diariotextual.com\\\/inicio\\\/index.php\\\/2019\\\/12\\\/31\\\/oficial-plan-ahora-12-continuara-31-marzo\\\/#breadcrumb\"},\"inLanguage\":\"es\",\"potentialAction\":[{\"@type\":\"ReadAction\",\"target\":[\"https:\\\/\\\/diariotextual.com\\\/inicio\\\/index.php\\\/2019\\\/12\\\/31\\\/oficial-plan-ahora-12-continuara-31-marzo\\\/\"]}]},{\"@type\":\"ImageObject\",\"inLanguage\":\"es\",\"@id\":\"https:\\\/\\\/diariotextual.com\\\/inicio\\\/index.php\\\/2019\\\/12\\\/31\\\/oficial-plan-ahora-12-continuara-31-marzo\\\/#primaryimage\",\"url\":\"https:\\\/\\\/diariotextual.com\\\/inicio\\\/wp-content\\\/uploads\\\/2018\\\/12\\\/ahora12.jpg\",\"contentUrl\":\"https:\\\/\\\/diariotextual.com\\\/inicio\\\/wp-content\\\/uploads\\\/2018\\\/12\\\/ahora12.jpg\",\"width\":1500,\"height\":850},{\"@type\":\"BreadcrumbList\",\"@id\":\"https:\\\/\\\/diariotextual.com\\\/inicio\\\/index.php\\\/2019\\\/12\\\/31\\\/oficial-plan-ahora-12-continuara-31-marzo\\\/#breadcrumb\",\"itemListElement\":[{\"@type\":\"ListItem\",\"position\":1,\"name\":\"Portada\",\"item\":\"https:\\\/\\\/diariotextual.com\\\/inicio\\\/\"},{\"@type\":\"ListItem\",\"position\":2,\"name\":\"Es oficial: el plan Ahora 12 continuar\u00e1 hasta el 31 de marzo\"}]},{\"@type\":\"WebSite\",\"@id\":\"https:\\\/\\\/diariotextual.com\\\/inicio\\\/#website\",\"url\":\"https:\\\/\\\/diariotextual.com\\\/inicio\\\/\",\"name\":\"Diario Textual\",\"description\":\"\",\"publisher\":{\"@id\":\"https:\\\/\\\/diariotextual.com\\\/inicio\\\/#organization\"},\"potentialAction\":[{\"@type\":\"SearchAction\",\"target\":{\"@type\":\"EntryPoint\",\"urlTemplate\":\"https:\\\/\\\/diariotextual.com\\\/inicio\\\/?s={search_term_string}\"},\"query-input\":{\"@type\":\"PropertyValueSpecification\",\"valueRequired\":true,\"valueName\":\"search_term_string\"}}],\"inLanguage\":\"es\"},{\"@type\":\"Organization\",\"@id\":\"https:\\\/\\\/diariotextual.com\\\/inicio\\\/#organization\",\"name\":\"Diario Textual\",\"url\":\"https:\\\/\\\/diariotextual.com\\\/inicio\\\/\",\"logo\":{\"@type\":\"ImageObject\",\"inLanguage\":\"es\",\"@id\":\"https:\\\/\\\/diariotextual.com\\\/inicio\\\/#\\\/schema\\\/logo\\\/image\\\/\",\"url\":\"https:\\\/\\\/diariotextual.com\\\/inicio\\\/wp-content\\\/uploads\\\/2023\\\/05\\\/logotextual1.jpg\",\"contentUrl\":\"https:\\\/\\\/diariotextual.com\\\/inicio\\\/wp-content\\\/uploads\\\/2023\\\/05\\\/logotextual1.jpg\",\"width\":516,\"height\":76,\"caption\":\"Diario Textual\"},\"image\":{\"@id\":\"https:\\\/\\\/diariotextual.com\\\/inicio\\\/#\\\/schema\\\/logo\\\/image\\\/\"},\"sameAs\":[\"https:\\\/\\\/www.facebook.com\\\/eltextual\",\"https:\\\/\\\/x.com\\\/eltextual\",\"http:\\\/\\\/www.instagram.com\\\/eltextual\"]},{\"@type\":\"Person\",\"@id\":\"https:\\\/\\\/diariotextual.com\\\/inicio\\\/#\\\/schema\\\/person\\\/c7834961ad8b29b1d9cdbf4571299067\",\"name\":\"diario5\",\"image\":{\"@type\":\"ImageObject\",\"inLanguage\":\"es\",\"@id\":\"https:\\\/\\\/secure.gravatar.com\\\/avatar\\\/948c893b847ca6df68216ead81b63f363408ec9b0f600fefc0641ce78613b111?s=96&d=mm&r=g\",\"url\":\"https:\\\/\\\/secure.gravatar.com\\\/avatar\\\/948c893b847ca6df68216ead81b63f363408ec9b0f600fefc0641ce78613b111?s=96&d=mm&r=g\",\"contentUrl\":\"https:\\\/\\\/secure.gravatar.com\\\/avatar\\\/948c893b847ca6df68216ead81b63f363408ec9b0f600fefc0641ce78613b111?s=96&d=mm&r=g\",\"caption\":\"diario5\"},\"url\":\"https:\\\/\\\/diariotextual.com\\\/inicio\\\/index.php\\\/author\\\/diario5\\\/\"}]}<\/script>\n<!-- \/ Yoast SEO plugin. -->","yoast_head_json":{"title":"Es oficial: el plan Ahora 12 continuar\u00e1 hasta el 31 de marzo - Diario Textual","robots":{"index":"index","follow":"follow","max-snippet":"max-snippet:-1","max-image-preview":"max-image-preview:large","max-video-preview":"max-video-preview:-1"},"canonical":"https:\/\/diariotextual.com\/inicio\/index.php\/2019\/12\/31\/oficial-plan-ahora-12-continuara-31-marzo\/","og_locale":"es_ES","og_type":"article","og_title":"Es oficial: el plan Ahora 12 continuar\u00e1 hasta el 31 de marzo - Diario Textual","og_description":"El Ministerio de Desarrollo Productivo de Naci\u00f3n extendi\u00f3 hasta el\u00a031 de marzo\u00a0el plan de compras en cuotas\u00a0Ahora 12 que venc\u00eda este martes con las mismas condiciones que las vigentes. De&hellip;","og_url":"https:\/\/diariotextual.com\/inicio\/index.php\/2019\/12\/31\/oficial-plan-ahora-12-continuara-31-marzo\/","og_site_name":"Diario Textual","article_publisher":"https:\/\/www.facebook.com\/eltextual","article_published_time":"2019-12-31T12:32:39+00:00","article_modified_time":"2019-12-31T15:00:26+00:00","og_image":[{"width":1500,"height":850,"url":"https:\/\/diariotextual.com\/inicio\/wp-content\/uploads\/2018\/12\/ahora12.jpg","type":"image\/jpeg"}],"author":"diario5","twitter_card":"summary_large_image","twitter_creator":"@eltextual","twitter_site":"@eltextual","twitter_misc":{"Escrito por":"diario5","Tiempo de lectura":"1 minuto"},"schema":{"@context":"https:\/\/schema.org","@graph":[{"@type":"Article","@id":"https:\/\/diariotextual.com\/inicio\/index.php\/2019\/12\/31\/oficial-plan-ahora-12-continuara-31-marzo\/#article","isPartOf":{"@id":"https:\/\/diariotextual.com\/inicio\/index.php\/2019\/12\/31\/oficial-plan-ahora-12-continuara-31-marzo\/"},"author":{"name":"diario5","@id":"https:\/\/diariotextual.com\/inicio\/#\/schema\/person\/c7834961ad8b29b1d9cdbf4571299067"},"headline":"Es oficial: el plan Ahora 12 continuar\u00e1 hasta el 31 de marzo","datePublished":"2019-12-31T12:32:39+00:00","dateModified":"2019-12-31T15:00:26+00:00","mainEntityOfPage":{"@id":"https:\/\/diariotextual.com\/inicio\/index.php\/2019\/12\/31\/oficial-plan-ahora-12-continuara-31-marzo\/"},"wordCount":227,"publisher":{"@id":"https:\/\/diariotextual.com\/inicio\/#organization"},"image":{"@id":"https:\/\/diariotextual.com\/inicio\/index.php\/2019\/12\/31\/oficial-plan-ahora-12-continuara-31-marzo\/#primaryimage"},"thumbnailUrl":"https:\/\/diariotextual.com\/inicio\/wp-content\/uploads\/2018\/12\/ahora12.jpg","keywords":["Ahora 12"],"articleSection":["A - PORTADA2","ECONOMIA"],"inLanguage":"es"},{"@type":"WebPage","@id":"https:\/\/diariotextual.com\/inicio\/index.php\/2019\/12\/31\/oficial-plan-ahora-12-continuara-31-marzo\/","url":"https:\/\/diariotextual.com\/inicio\/index.php\/2019\/12\/31\/oficial-plan-ahora-12-continuara-31-marzo\/","name":"Es oficial: el plan Ahora 12 continuar\u00e1 hasta el 31 de marzo - Diario Textual","isPartOf":{"@id":"https:\/\/diariotextual.com\/inicio\/#website"},"primaryImageOfPage":{"@id":"https:\/\/diariotextual.com\/inicio\/index.php\/2019\/12\/31\/oficial-plan-ahora-12-continuara-31-marzo\/#primaryimage"},"image":{"@id":"https:\/\/diariotextual.com\/inicio\/index.php\/2019\/12\/31\/oficial-plan-ahora-12-continuara-31-marzo\/#primaryimage"},"thumbnailUrl":"https:\/\/diariotextual.com\/inicio\/wp-content\/uploads\/2018\/12\/ahora12.jpg","datePublished":"2019-12-31T12:32:39+00:00","dateModified":"2019-12-31T15:00:26+00:00","breadcrumb":{"@id":"https:\/\/diariotextual.com\/inicio\/index.php\/2019\/12\/31\/oficial-plan-ahora-12-continuara-31-marzo\/#breadcrumb"},"inLanguage":"es","potentialAction":[{"@type":"ReadAction","target":["https:\/\/diariotextual.com\/inicio\/index.php\/2019\/12\/31\/oficial-plan-ahora-12-continuara-31-marzo\/"]}]},{"@type":"ImageObject","inLanguage":"es","@id":"https:\/\/diariotextual.com\/inicio\/index.php\/2019\/12\/31\/oficial-plan-ahora-12-continuara-31-marzo\/#primaryimage","url":"https:\/\/diariotextual.com\/inicio\/wp-content\/uploads\/2018\/12\/ahora12.jpg","contentUrl":"https:\/\/diariotextual.com\/inicio\/wp-content\/uploads\/2018\/12\/ahora12.jpg","width":1500,"height":850},{"@type":"BreadcrumbList","@id":"https:\/\/diariotextual.com\/inicio\/index.php\/2019\/12\/31\/oficial-plan-ahora-12-continuara-31-marzo\/#breadcrumb","itemListElement":[{"@type":"ListItem","position":1,"name":"Portada","item":"https:\/\/diariotextual.com\/inicio\/"},{"@type":"ListItem","position":2,"name":"Es oficial: el plan Ahora 12 continuar\u00e1 hasta el 31 de marzo"}]},{"@type":"WebSite","@id":"https:\/\/diariotextual.com\/inicio\/#website","url":"https:\/\/diariotextual.com\/inicio\/","name":"Diario Textual","description":"","publisher":{"@id":"https:\/\/diariotextual.com\/inicio\/#organization"},"potentialAction":[{"@type":"SearchAction","target":{"@type":"EntryPoint","urlTemplate":"https:\/\/diariotextual.com\/inicio\/?s={search_term_string}"},"query-input":{"@type":"PropertyValueSpecification","valueRequired":true,"valueName":"search_term_string"}}],"inLanguage":"es"},{"@type":"Organization","@id":"https:\/\/diariotextual.com\/inicio\/#organization","name":"Diario Textual","url":"https:\/\/diariotextual.com\/inicio\/","logo":{"@type":"ImageObject","inLanguage":"es","@id":"https:\/\/diariotextual.com\/inicio\/#\/schema\/logo\/image\/","url":"https:\/\/diariotextual.com\/inicio\/wp-content\/uploads\/2023\/05\/logotextual1.jpg","contentUrl":"https:\/\/diariotextual.com\/inicio\/wp-content\/uploads\/2023\/05\/logotextual1.jpg","width":516,"height":76,"caption":"Diario Textual"},"image":{"@id":"https:\/\/diariotextual.com\/inicio\/#\/schema\/logo\/image\/"},"sameAs":["https:\/\/www.facebook.com\/eltextual","https:\/\/x.com\/eltextual","http:\/\/www.instagram.com\/eltextual"]},{"@type":"Person","@id":"https:\/\/diariotextual.com\/inicio\/#\/schema\/person\/c7834961ad8b29b1d9cdbf4571299067","name":"diario5","image":{"@type":"ImageObject","inLanguage":"es","@id":"https:\/\/secure.gravatar.com\/avatar\/948c893b847ca6df68216ead81b63f363408ec9b0f600fefc0641ce78613b111?s=96&d=mm&r=g","url":"https:\/\/secure.gravatar.com\/avatar\/948c893b847ca6df68216ead81b63f363408ec9b0f600fefc0641ce78613b111?s=96&d=mm&r=g","contentUrl":"https:\/\/secure.gravatar.com\/avatar\/948c893b847ca6df68216ead81b63f363408ec9b0f600fefc0641ce78613b111?s=96&d=mm&r=g","caption":"diario5"},"url":"https:\/\/diariotextual.com\/inicio\/index.php\/author\/diario5\/"}]}},"_links":{"self":[{"href":"https:\/\/diariotextual.com\/inicio\/index.php\/wp-json\/wp\/v2\/posts\/75024","targetHints":{"allow":["GET"]}}],"collection":[{"href":"https:\/\/diariotextual.com\/inicio\/index.php\/wp-json\/wp\/v2\/posts"}],"about":[{"href":"https:\/\/diariotextual.com\/inicio\/index.php\/wp-json\/wp\/v2\/types\/post"}],"author":[{"embeddable":true,"href":"https:\/\/diariotextual.com\/inicio\/index.php\/wp-json\/wp\/v2\/users\/7"}],"replies":[{"embeddable":true,"href":"https:\/\/diariotextual.com\/inicio\/index.php\/wp-json\/wp\/v2\/comments?post=75024"}],"version-history":[{"count":1,"href":"https:\/\/diariotextual.com\/inicio\/index.php\/wp-json\/wp\/v2\/posts\/75024\/revisions"}],"predecessor-version":[{"id":75025,"href":"https:\/\/diariotextual.com\/inicio\/index.php\/wp-json\/wp\/v2\/posts\/75024\/revisions\/75025"}],"wp:featuredmedia":[{"embeddable":true,"href":"https:\/\/diariotextual.com\/inicio\/index.php\/wp-json\/wp\/v2\/media\/32575"}],"wp:attachment":[{"href":"https:\/\/diariotextual.com\/inicio\/index.php\/wp-json\/wp\/v2\/media?parent=75024"}],"wp:term":[{"taxonomy":"category","embeddable":true,"href":"https:\/\/diariotextual.com\/inicio\/index.php\/wp-json\/wp\/v2\/categories?post=75024"},{"taxonomy":"post_tag","embeddable":true,"href":"https:\/\/diariotextual.com\/inicio\/index.php\/wp-json\/wp\/v2\/tags?post=75024"}],"curies":[{"name":"wp","href":"https:\/\/api.w.org\/{rel}","templated":true}]}}