{"id":75051,"date":"2019-12-31T12:13:14","date_gmt":"2019-12-31T15:13:14","guid":{"rendered":"http:\/\/diariotextual.com\/inicio\/?p=75051"},"modified":"2019-12-31T17:19:48","modified_gmt":"2019-12-31T20:19:48","slug":"alberto-fernandez-cuestiono-las-ganancias-extraordinarias-las-empresas","status":"publish","type":"post","link":"https:\/\/diariotextual.com\/inicio\/index.php\/2019\/12\/31\/alberto-fernandez-cuestiono-las-ganancias-extraordinarias-las-empresas\/","title":{"rendered":"Alberto Fern\u00e1ndez cuestion\u00f3 las \u201cganancias extraordinarias\u201d de las empresas"},"content":{"rendered":"<p>El presidente <strong>Alberto Fern\u00e1ndez <\/strong>cuestion\u00f3 a las empresas que obtienen <strong>\u201cganancias extraordinarias\u201d<\/strong> y no desech\u00f3 la posibilidad de la intervenci\u00f3n del gobierno nacional para analizar la estructuras de costos y tomar medidas en consecuencia.<\/p>\n<p>\u201cTenemos medidas y recursos para adoptar. <strong>No se trata de fijar precios, se trata de ver que las ganancias y las utilidades sean razonables. En la Argentina, hay ganancias extraordinarias que en el mundo no se conocen<\/strong>. Podemos ver simplemente c\u00f3mo son los costos y ver que tengan ganancias razonables\u201d, plante\u00f3 el jefe de Estado en una entrevista con radio Continental.<\/p>\n<p>El mandatario volvi\u00f3 a referirse a la inflaci\u00f3n autoconstruida como uno de los principales males de la econom\u00eda, que implica que grandes y peque\u00f1os comerciantes aumenten precios para prevenirse de posibles consecuencias negativas que a\u00fan no se produjeron. Critic\u00f3 adem\u00e1s a los sectores que trasladan el aumento del d\u00f3lar al precio final de sus mercader\u00edas, pese a que sus industrias no est\u00e1n condicionadas por el valor de las divisas.<\/p>\n<p>\u201cSi me dec\u00eds que el precio del d\u00f3lar influye en el valor de venta de un ato, lo puedo entender. Pero no tiene sentido en productos que no demandan d\u00f3lares. Lo que estoy haciendo ahora es m\u00e1s una tarea de docencia que de reproche: esto es algo que ocurre hace muchos a\u00f1os en un pa\u00eds con un historial inflacionario tremendo donde muchos sectores empiezan a remarcar precios por las dudas\u201d, plante\u00f3 Fern\u00e1ndez.<\/p>\n<blockquote class=\"wp-embedded-content\" data-secret=\"4qBtnq3d21\"><p><a href=\"http:\/\/diariotextual.com\/inicio\/index.php\/2019\/12\/31\/alberto-fernandez-cierra-ano-criticas-macri-se-fue-dejo-este-bodrio\/\">Alberto Fern\u00e1ndez cierra el a\u00f1o con cr\u00edticas a Macri: &#171;Se fue y dej\u00f3 todo este bodrio&#187;<\/a><\/p><\/blockquote>\n<p><iframe class=\"wp-embedded-content\" sandbox=\"allow-scripts\" security=\"restricted\" style=\"position: absolute; clip: rect(1px, 1px, 1px, 1px);\" src=\"http:\/\/diariotextual.com\/inicio\/index.php\/2019\/12\/31\/alberto-fernandez-cierra-ano-criticas-macri-se-fue-dejo-este-bodrio\/embed\/#?secret=4qBtnq3d21\" data-secret=\"4qBtnq3d21\" width=\"600\" height=\"338\" title=\"&#171;Alberto Fern\u00e1ndez cierra el a\u00f1o con cr\u00edticas a Macri: &#171;Se fue y dej\u00f3 todo este bodrio&#187;&#187; &#8212; Diario Textual\" frameborder=\"0\" marginwidth=\"0\" marginheight=\"0\" scrolling=\"no\"><\/iframe><\/p>\n<p>El jefe de Estado<strong> le solicit\u00f3 adem\u00e1s a los grandes supermercados que absorban parte del IVA (21%)<\/strong>, cuya aplicaci\u00f3n estuvo suspendida hasta este 31 de diciembre por una medida adoptada por el gobierno de Mauricio Macri luego de las elecciones primarias. Seg\u00fan supo Infobae, en este momento se realiza una reuni\u00f3n para discutir la cuesti\u00f3n.<\/p>\n<p><strong>\u201cCuando el Estado interviene, se quejan; tienen que hacerlo como un gesto, el esfuerzo que les pido es que no tienen que ganar tanto\u00bb<\/strong>, dijo. \u00abSi tengo que actuar, actuar\u00e9, pero quiero que los empresarios sean responsables.No puede ser que haya que llevar a los empresarios a los latigazos, por favor seamos todos razonables\u201d.<\/p>\n<p>&nbsp;<\/p>\n","protected":false},"excerpt":{"rendered":"<p>El presidente Alberto Fern\u00e1ndez cuestion\u00f3 a las empresas que obtienen \u201cganancias extraordinarias\u201d y no desech\u00f3 la posibilidad de la intervenci\u00f3n del gobierno nacional para analizar la estructuras de costos y&hellip;<\/p>\n","protected":false},"author":3,"featured_media":74100,"comment_status":"closed","ping_status":"open","sticky":false,"template":"","format":"standard","meta":{"_acf_changed":false,"footnotes":""},"categories":[11,8],"tags":[1984],"class_list":["post-75051","post","type-post","status-publish","format-standard","has-post-thumbnail","hentry","category-que-pasa","category-politica","tag-alberto"],"acf":[],"yoast_head":"<!-- This site is optimized with the Yoast SEO plugin v27.5 - https:\/\/yoast.com\/product\/yoast-seo-wordpress\/ -->\n<title>Alberto Fern\u00e1ndez cuestion\u00f3 las \u201cganancias extraordinarias\u201d de las empresas - Diario Textual<\/title>\n<meta name=\"robots\" content=\"index, follow, max-snippet:-1, max-image-preview:large, max-video-preview:-1\" \/>\n<link rel=\"canonical\" href=\"https:\/\/diariotextual.com\/inicio\/index.php\/2019\/12\/31\/alberto-fernandez-cuestiono-las-ganancias-extraordinarias-las-empresas\/\" \/>\n<meta property=\"og:locale\" content=\"es_ES\" \/>\n<meta property=\"og:type\" content=\"article\" \/>\n<meta property=\"og:title\" content=\"Alberto Fern\u00e1ndez cuestion\u00f3 las \u201cganancias extraordinarias\u201d de las empresas - Diario Textual\" \/>\n<meta property=\"og:description\" content=\"El presidente Alberto Fern\u00e1ndez cuestion\u00f3 a las empresas que obtienen \u201cganancias extraordinarias\u201d y no desech\u00f3 la posibilidad de la intervenci\u00f3n del gobierno nacional para analizar la estructuras de costos y&hellip;\" \/>\n<meta property=\"og:url\" content=\"https:\/\/diariotextual.com\/inicio\/index.php\/2019\/12\/31\/alberto-fernandez-cuestiono-las-ganancias-extraordinarias-las-empresas\/\" \/>\n<meta property=\"og:site_name\" content=\"Diario Textual\" \/>\n<meta property=\"article:publisher\" content=\"https:\/\/www.facebook.com\/eltextual\" \/>\n<meta property=\"article:published_time\" content=\"2019-12-31T15:13:14+00:00\" \/>\n<meta property=\"article:modified_time\" content=\"2019-12-31T20:19:48+00:00\" \/>\n<meta property=\"og:image\" content=\"https:\/\/diariotextual.com\/inicio\/wp-content\/uploads\/2019\/12\/fernandezalberto2019-200199.jpeg\" \/>\n\t<meta property=\"og:image:width\" content=\"2048\" \/>\n\t<meta property=\"og:image:height\" content=\"1364\" \/>\n\t<meta property=\"og:image:type\" content=\"image\/jpeg\" \/>\n<meta name=\"author\" content=\"Diario1 Diario1\" \/>\n<meta name=\"twitter:card\" content=\"summary_large_image\" \/>\n<meta name=\"twitter:creator\" content=\"@eltextual\" \/>\n<meta name=\"twitter:site\" content=\"@eltextual\" \/>\n<meta name=\"twitter:label1\" content=\"Escrito por\" \/>\n\t<meta name=\"twitter:data1\" content=\"Diario1 Diario1\" \/>\n\t<meta name=\"twitter:label2\" content=\"Tiempo de lectura\" \/>\n\t<meta name=\"twitter:data2\" content=\"2 minutos\" \/>\n<script type=\"application\/ld+json\" class=\"yoast-schema-graph\">{\"@context\":\"https:\\\/\\\/schema.org\",\"@graph\":[{\"@type\":\"Article\",\"@id\":\"https:\\\/\\\/diariotextual.com\\\/inicio\\\/index.php\\\/2019\\\/12\\\/31\\\/alberto-fernandez-cuestiono-las-ganancias-extraordinarias-las-empresas\\\/#article\",\"isPartOf\":{\"@id\":\"https:\\\/\\\/diariotextual.com\\\/inicio\\\/index.php\\\/2019\\\/12\\\/31\\\/alberto-fernandez-cuestiono-las-ganancias-extraordinarias-las-empresas\\\/\"},\"author\":{\"name\":\"Diario1 Diario1\",\"@id\":\"https:\\\/\\\/diariotextual.com\\\/inicio\\\/#\\\/schema\\\/person\\\/418fc4093c33e86ed41562db3508f958\"},\"headline\":\"Alberto Fern\u00e1ndez cuestion\u00f3 las \u201cganancias extraordinarias\u201d de las empresas\",\"datePublished\":\"2019-12-31T15:13:14+00:00\",\"dateModified\":\"2019-12-31T20:19:48+00:00\",\"mainEntityOfPage\":{\"@id\":\"https:\\\/\\\/diariotextual.com\\\/inicio\\\/index.php\\\/2019\\\/12\\\/31\\\/alberto-fernandez-cuestiono-las-ganancias-extraordinarias-las-empresas\\\/\"},\"wordCount\":385,\"publisher\":{\"@id\":\"https:\\\/\\\/diariotextual.com\\\/inicio\\\/#organization\"},\"image\":{\"@id\":\"https:\\\/\\\/diariotextual.com\\\/inicio\\\/index.php\\\/2019\\\/12\\\/31\\\/alberto-fernandez-cuestiono-las-ganancias-extraordinarias-las-empresas\\\/#primaryimage\"},\"thumbnailUrl\":\"https:\\\/\\\/diariotextual.com\\\/inicio\\\/wp-content\\\/uploads\\\/2019\\\/12\\\/fernandezalberto2019-200199.jpeg\",\"keywords\":[\"alberto\"],\"articleSection\":[\"A - QUE PASA (al costado)\",\"POLITICA\"],\"inLanguage\":\"es\"},{\"@type\":\"WebPage\",\"@id\":\"https:\\\/\\\/diariotextual.com\\\/inicio\\\/index.php\\\/2019\\\/12\\\/31\\\/alberto-fernandez-cuestiono-las-ganancias-extraordinarias-las-empresas\\\/\",\"url\":\"https:\\\/\\\/diariotextual.com\\\/inicio\\\/index.php\\\/2019\\\/12\\\/31\\\/alberto-fernandez-cuestiono-las-ganancias-extraordinarias-las-empresas\\\/\",\"name\":\"Alberto Fern\u00e1ndez cuestion\u00f3 las \u201cganancias extraordinarias\u201d de las empresas - Diario Textual\",\"isPartOf\":{\"@id\":\"https:\\\/\\\/diariotextual.com\\\/inicio\\\/#website\"},\"primaryImageOfPage\":{\"@id\":\"https:\\\/\\\/diariotextual.com\\\/inicio\\\/index.php\\\/2019\\\/12\\\/31\\\/alberto-fernandez-cuestiono-las-ganancias-extraordinarias-las-empresas\\\/#primaryimage\"},\"image\":{\"@id\":\"https:\\\/\\\/diariotextual.com\\\/inicio\\\/index.php\\\/2019\\\/12\\\/31\\\/alberto-fernandez-cuestiono-las-ganancias-extraordinarias-las-empresas\\\/#primaryimage\"},\"thumbnailUrl\":\"https:\\\/\\\/diariotextual.com\\\/inicio\\\/wp-content\\\/uploads\\\/2019\\\/12\\\/fernandezalberto2019-200199.jpeg\",\"datePublished\":\"2019-12-31T15:13:14+00:00\",\"dateModified\":\"2019-12-31T20:19:48+00:00\",\"breadcrumb\":{\"@id\":\"https:\\\/\\\/diariotextual.com\\\/inicio\\\/index.php\\\/2019\\\/12\\\/31\\\/alberto-fernandez-cuestiono-las-ganancias-extraordinarias-las-empresas\\\/#breadcrumb\"},\"inLanguage\":\"es\",\"potentialAction\":[{\"@type\":\"ReadAction\",\"target\":[\"https:\\\/\\\/diariotextual.com\\\/inicio\\\/index.php\\\/2019\\\/12\\\/31\\\/alberto-fernandez-cuestiono-las-ganancias-extraordinarias-las-empresas\\\/\"]}]},{\"@type\":\"ImageObject\",\"inLanguage\":\"es\",\"@id\":\"https:\\\/\\\/diariotextual.com\\\/inicio\\\/index.php\\\/2019\\\/12\\\/31\\\/alberto-fernandez-cuestiono-las-ganancias-extraordinarias-las-empresas\\\/#primaryimage\",\"url\":\"https:\\\/\\\/diariotextual.com\\\/inicio\\\/wp-content\\\/uploads\\\/2019\\\/12\\\/fernandezalberto2019-200199.jpeg\",\"contentUrl\":\"https:\\\/\\\/diariotextual.com\\\/inicio\\\/wp-content\\\/uploads\\\/2019\\\/12\\\/fernandezalberto2019-200199.jpeg\",\"width\":2048,\"height\":1364},{\"@type\":\"BreadcrumbList\",\"@id\":\"https:\\\/\\\/diariotextual.com\\\/inicio\\\/index.php\\\/2019\\\/12\\\/31\\\/alberto-fernandez-cuestiono-las-ganancias-extraordinarias-las-empresas\\\/#breadcrumb\",\"itemListElement\":[{\"@type\":\"ListItem\",\"position\":1,\"name\":\"Portada\",\"item\":\"https:\\\/\\\/diariotextual.com\\\/inicio\\\/\"},{\"@type\":\"ListItem\",\"position\":2,\"name\":\"Alberto Fern\u00e1ndez cuestion\u00f3 las \u201cganancias extraordinarias\u201d de las empresas\"}]},{\"@type\":\"WebSite\",\"@id\":\"https:\\\/\\\/diariotextual.com\\\/inicio\\\/#website\",\"url\":\"https:\\\/\\\/diariotextual.com\\\/inicio\\\/\",\"name\":\"Diario Textual\",\"description\":\"\",\"publisher\":{\"@id\":\"https:\\\/\\\/diariotextual.com\\\/inicio\\\/#organization\"},\"potentialAction\":[{\"@type\":\"SearchAction\",\"target\":{\"@type\":\"EntryPoint\",\"urlTemplate\":\"https:\\\/\\\/diariotextual.com\\\/inicio\\\/?s={search_term_string}\"},\"query-input\":{\"@type\":\"PropertyValueSpecification\",\"valueRequired\":true,\"valueName\":\"search_term_string\"}}],\"inLanguage\":\"es\"},{\"@type\":\"Organization\",\"@id\":\"https:\\\/\\\/diariotextual.com\\\/inicio\\\/#organization\",\"name\":\"Diario Textual\",\"url\":\"https:\\\/\\\/diariotextual.com\\\/inicio\\\/\",\"logo\":{\"@type\":\"ImageObject\",\"inLanguage\":\"es\",\"@id\":\"https:\\\/\\\/diariotextual.com\\\/inicio\\\/#\\\/schema\\\/logo\\\/image\\\/\",\"url\":\"https:\\\/\\\/diariotextual.com\\\/inicio\\\/wp-content\\\/uploads\\\/2023\\\/05\\\/logotextual1.jpg\",\"contentUrl\":\"https:\\\/\\\/diariotextual.com\\\/inicio\\\/wp-content\\\/uploads\\\/2023\\\/05\\\/logotextual1.jpg\",\"width\":516,\"height\":76,\"caption\":\"Diario Textual\"},\"image\":{\"@id\":\"https:\\\/\\\/diariotextual.com\\\/inicio\\\/#\\\/schema\\\/logo\\\/image\\\/\"},\"sameAs\":[\"https:\\\/\\\/www.facebook.com\\\/eltextual\",\"https:\\\/\\\/x.com\\\/eltextual\",\"http:\\\/\\\/www.instagram.com\\\/eltextual\"]},{\"@type\":\"Person\",\"@id\":\"https:\\\/\\\/diariotextual.com\\\/inicio\\\/#\\\/schema\\\/person\\\/418fc4093c33e86ed41562db3508f958\",\"name\":\"Diario1 Diario1\",\"image\":{\"@type\":\"ImageObject\",\"inLanguage\":\"es\",\"@id\":\"https:\\\/\\\/secure.gravatar.com\\\/avatar\\\/9167d280179c85bc18be67aa7eda765854300033af4896dd779b608640f2ef7a?s=96&d=mm&r=g\",\"url\":\"https:\\\/\\\/secure.gravatar.com\\\/avatar\\\/9167d280179c85bc18be67aa7eda765854300033af4896dd779b608640f2ef7a?s=96&d=mm&r=g\",\"contentUrl\":\"https:\\\/\\\/secure.gravatar.com\\\/avatar\\\/9167d280179c85bc18be67aa7eda765854300033af4896dd779b608640f2ef7a?s=96&d=mm&r=g\",\"caption\":\"Diario1 Diario1\"},\"url\":\"https:\\\/\\\/diariotextual.com\\\/inicio\\\/index.php\\\/author\\\/diario1\\\/\"}]}<\/script>\n<!-- \/ Yoast SEO plugin. -->","yoast_head_json":{"title":"Alberto Fern\u00e1ndez cuestion\u00f3 las \u201cganancias extraordinarias\u201d de las empresas - Diario Textual","robots":{"index":"index","follow":"follow","max-snippet":"max-snippet:-1","max-image-preview":"max-image-preview:large","max-video-preview":"max-video-preview:-1"},"canonical":"https:\/\/diariotextual.com\/inicio\/index.php\/2019\/12\/31\/alberto-fernandez-cuestiono-las-ganancias-extraordinarias-las-empresas\/","og_locale":"es_ES","og_type":"article","og_title":"Alberto Fern\u00e1ndez cuestion\u00f3 las \u201cganancias extraordinarias\u201d de las empresas - Diario Textual","og_description":"El presidente Alberto Fern\u00e1ndez cuestion\u00f3 a las empresas que obtienen \u201cganancias extraordinarias\u201d y no desech\u00f3 la posibilidad de la intervenci\u00f3n del gobierno nacional para analizar la estructuras de costos y&hellip;","og_url":"https:\/\/diariotextual.com\/inicio\/index.php\/2019\/12\/31\/alberto-fernandez-cuestiono-las-ganancias-extraordinarias-las-empresas\/","og_site_name":"Diario Textual","article_publisher":"https:\/\/www.facebook.com\/eltextual","article_published_time":"2019-12-31T15:13:14+00:00","article_modified_time":"2019-12-31T20:19:48+00:00","og_image":[{"width":2048,"height":1364,"url":"https:\/\/diariotextual.com\/inicio\/wp-content\/uploads\/2019\/12\/fernandezalberto2019-200199.jpeg","type":"image\/jpeg"}],"author":"Diario1 Diario1","twitter_card":"summary_large_image","twitter_creator":"@eltextual","twitter_site":"@eltextual","twitter_misc":{"Escrito por":"Diario1 Diario1","Tiempo de lectura":"2 minutos"},"schema":{"@context":"https:\/\/schema.org","@graph":[{"@type":"Article","@id":"https:\/\/diariotextual.com\/inicio\/index.php\/2019\/12\/31\/alberto-fernandez-cuestiono-las-ganancias-extraordinarias-las-empresas\/#article","isPartOf":{"@id":"https:\/\/diariotextual.com\/inicio\/index.php\/2019\/12\/31\/alberto-fernandez-cuestiono-las-ganancias-extraordinarias-las-empresas\/"},"author":{"name":"Diario1 Diario1","@id":"https:\/\/diariotextual.com\/inicio\/#\/schema\/person\/418fc4093c33e86ed41562db3508f958"},"headline":"Alberto Fern\u00e1ndez cuestion\u00f3 las \u201cganancias extraordinarias\u201d de las empresas","datePublished":"2019-12-31T15:13:14+00:00","dateModified":"2019-12-31T20:19:48+00:00","mainEntityOfPage":{"@id":"https:\/\/diariotextual.com\/inicio\/index.php\/2019\/12\/31\/alberto-fernandez-cuestiono-las-ganancias-extraordinarias-las-empresas\/"},"wordCount":385,"publisher":{"@id":"https:\/\/diariotextual.com\/inicio\/#organization"},"image":{"@id":"https:\/\/diariotextual.com\/inicio\/index.php\/2019\/12\/31\/alberto-fernandez-cuestiono-las-ganancias-extraordinarias-las-empresas\/#primaryimage"},"thumbnailUrl":"https:\/\/diariotextual.com\/inicio\/wp-content\/uploads\/2019\/12\/fernandezalberto2019-200199.jpeg","keywords":["alberto"],"articleSection":["A - QUE PASA (al costado)","POLITICA"],"inLanguage":"es"},{"@type":"WebPage","@id":"https:\/\/diariotextual.com\/inicio\/index.php\/2019\/12\/31\/alberto-fernandez-cuestiono-las-ganancias-extraordinarias-las-empresas\/","url":"https:\/\/diariotextual.com\/inicio\/index.php\/2019\/12\/31\/alberto-fernandez-cuestiono-las-ganancias-extraordinarias-las-empresas\/","name":"Alberto Fern\u00e1ndez cuestion\u00f3 las \u201cganancias extraordinarias\u201d de las empresas - Diario Textual","isPartOf":{"@id":"https:\/\/diariotextual.com\/inicio\/#website"},"primaryImageOfPage":{"@id":"https:\/\/diariotextual.com\/inicio\/index.php\/2019\/12\/31\/alberto-fernandez-cuestiono-las-ganancias-extraordinarias-las-empresas\/#primaryimage"},"image":{"@id":"https:\/\/diariotextual.com\/inicio\/index.php\/2019\/12\/31\/alberto-fernandez-cuestiono-las-ganancias-extraordinarias-las-empresas\/#primaryimage"},"thumbnailUrl":"https:\/\/diariotextual.com\/inicio\/wp-content\/uploads\/2019\/12\/fernandezalberto2019-200199.jpeg","datePublished":"2019-12-31T15:13:14+00:00","dateModified":"2019-12-31T20:19:48+00:00","breadcrumb":{"@id":"https:\/\/diariotextual.com\/inicio\/index.php\/2019\/12\/31\/alberto-fernandez-cuestiono-las-ganancias-extraordinarias-las-empresas\/#breadcrumb"},"inLanguage":"es","potentialAction":[{"@type":"ReadAction","target":["https:\/\/diariotextual.com\/inicio\/index.php\/2019\/12\/31\/alberto-fernandez-cuestiono-las-ganancias-extraordinarias-las-empresas\/"]}]},{"@type":"ImageObject","inLanguage":"es","@id":"https:\/\/diariotextual.com\/inicio\/index.php\/2019\/12\/31\/alberto-fernandez-cuestiono-las-ganancias-extraordinarias-las-empresas\/#primaryimage","url":"https:\/\/diariotextual.com\/inicio\/wp-content\/uploads\/2019\/12\/fernandezalberto2019-200199.jpeg","contentUrl":"https:\/\/diariotextual.com\/inicio\/wp-content\/uploads\/2019\/12\/fernandezalberto2019-200199.jpeg","width":2048,"height":1364},{"@type":"BreadcrumbList","@id":"https:\/\/diariotextual.com\/inicio\/index.php\/2019\/12\/31\/alberto-fernandez-cuestiono-las-ganancias-extraordinarias-las-empresas\/#breadcrumb","itemListElement":[{"@type":"ListItem","position":1,"name":"Portada","item":"https:\/\/diariotextual.com\/inicio\/"},{"@type":"ListItem","position":2,"name":"Alberto Fern\u00e1ndez cuestion\u00f3 las \u201cganancias extraordinarias\u201d de las empresas"}]},{"@type":"WebSite","@id":"https:\/\/diariotextual.com\/inicio\/#website","url":"https:\/\/diariotextual.com\/inicio\/","name":"Diario Textual","description":"","publisher":{"@id":"https:\/\/diariotextual.com\/inicio\/#organization"},"potentialAction":[{"@type":"SearchAction","target":{"@type":"EntryPoint","urlTemplate":"https:\/\/diariotextual.com\/inicio\/?s={search_term_string}"},"query-input":{"@type":"PropertyValueSpecification","valueRequired":true,"valueName":"search_term_string"}}],"inLanguage":"es"},{"@type":"Organization","@id":"https:\/\/diariotextual.com\/inicio\/#organization","name":"Diario Textual","url":"https:\/\/diariotextual.com\/inicio\/","logo":{"@type":"ImageObject","inLanguage":"es","@id":"https:\/\/diariotextual.com\/inicio\/#\/schema\/logo\/image\/","url":"https:\/\/diariotextual.com\/inicio\/wp-content\/uploads\/2023\/05\/logotextual1.jpg","contentUrl":"https:\/\/diariotextual.com\/inicio\/wp-content\/uploads\/2023\/05\/logotextual1.jpg","width":516,"height":76,"caption":"Diario Textual"},"image":{"@id":"https:\/\/diariotextual.com\/inicio\/#\/schema\/logo\/image\/"},"sameAs":["https:\/\/www.facebook.com\/eltextual","https:\/\/x.com\/eltextual","http:\/\/www.instagram.com\/eltextual"]},{"@type":"Person","@id":"https:\/\/diariotextual.com\/inicio\/#\/schema\/person\/418fc4093c33e86ed41562db3508f958","name":"Diario1 Diario1","image":{"@type":"ImageObject","inLanguage":"es","@id":"https:\/\/secure.gravatar.com\/avatar\/9167d280179c85bc18be67aa7eda765854300033af4896dd779b608640f2ef7a?s=96&d=mm&r=g","url":"https:\/\/secure.gravatar.com\/avatar\/9167d280179c85bc18be67aa7eda765854300033af4896dd779b608640f2ef7a?s=96&d=mm&r=g","contentUrl":"https:\/\/secure.gravatar.com\/avatar\/9167d280179c85bc18be67aa7eda765854300033af4896dd779b608640f2ef7a?s=96&d=mm&r=g","caption":"Diario1 Diario1"},"url":"https:\/\/diariotextual.com\/inicio\/index.php\/author\/diario1\/"}]}},"_links":{"self":[{"href":"https:\/\/diariotextual.com\/inicio\/index.php\/wp-json\/wp\/v2\/posts\/75051","targetHints":{"allow":["GET"]}}],"collection":[{"href":"https:\/\/diariotextual.com\/inicio\/index.php\/wp-json\/wp\/v2\/posts"}],"about":[{"href":"https:\/\/diariotextual.com\/inicio\/index.php\/wp-json\/wp\/v2\/types\/post"}],"author":[{"embeddable":true,"href":"https:\/\/diariotextual.com\/inicio\/index.php\/wp-json\/wp\/v2\/users\/3"}],"replies":[{"embeddable":true,"href":"https:\/\/diariotextual.com\/inicio\/index.php\/wp-json\/wp\/v2\/comments?post=75051"}],"version-history":[{"count":1,"href":"https:\/\/diariotextual.com\/inicio\/index.php\/wp-json\/wp\/v2\/posts\/75051\/revisions"}],"predecessor-version":[{"id":75052,"href":"https:\/\/diariotextual.com\/inicio\/index.php\/wp-json\/wp\/v2\/posts\/75051\/revisions\/75052"}],"wp:featuredmedia":[{"embeddable":true,"href":"https:\/\/diariotextual.com\/inicio\/index.php\/wp-json\/wp\/v2\/media\/74100"}],"wp:attachment":[{"href":"https:\/\/diariotextual.com\/inicio\/index.php\/wp-json\/wp\/v2\/media?parent=75051"}],"wp:term":[{"taxonomy":"category","embeddable":true,"href":"https:\/\/diariotextual.com\/inicio\/index.php\/wp-json\/wp\/v2\/categories?post=75051"},{"taxonomy":"post_tag","embeddable":true,"href":"https:\/\/diariotextual.com\/inicio\/index.php\/wp-json\/wp\/v2\/tags?post=75051"}],"curies":[{"name":"wp","href":"https:\/\/api.w.org\/{rel}","templated":true}]}}