{"id":75058,"date":"2019-12-31T17:19:26","date_gmt":"2019-12-31T20:19:26","guid":{"rendered":"http:\/\/diariotextual.com\/inicio\/?p=75058"},"modified":"2020-01-01T12:22:49","modified_gmt":"2020-01-01T15:22:49","slug":"iva-los-alimentos-acuerdan-una-suba-del-7-partir-del-jueves","status":"publish","type":"post","link":"https:\/\/diariotextual.com\/inicio\/index.php\/2019\/12\/31\/iva-los-alimentos-acuerdan-una-suba-del-7-partir-del-jueves\/","title":{"rendered":"Fin del IVA a los alimentos: los precios subir\u00e1n hasta un 7%"},"content":{"rendered":"<p>Despu\u00e9s de casi seis horas de reuni\u00f3n, el Gobierno, los supermercados y la industria finalmente llegaron a principio de acuerdo para que la restituci\u00f3n del 21% del IVA a los alimentos b\u00e1sicos implique un aumento promedio de solo el 7% en los precios en las g\u00f3ndolas. En la reuni\u00f3n tambi\u00e9n se acord\u00f3 que en el caso puntual de la leche fluida, directamente no habr\u00e1 suba y la nueva al\u00edcuota del IVA ser\u00e1 completamente absorbida por las empresas.<\/p>\n<p>La suba <strong>empezar\u00e1 a llegar a los comercios a partir del pr\u00f3ximo jueves<\/strong> y <strong>el punto que qued\u00f3 a resolver es c\u00f3mo se repartir\u00e1n entre las cadenas y los fabricantes los restantes 14 puntos de IVA<\/strong>, es decir, qui\u00e9n absorber\u00e1 el mayor costo sin trasladarlos a los precios al p\u00fablico.<\/p>\n<p>Alcanzar el acuerdo no result\u00f3 f\u00e1cil, public\u00f3 La Naci\u00f3n. Durante el encuentro que se inici\u00f3 poco despu\u00e9s de las 9 horas el chiste m\u00e1s repetido era que la llegada de 2020 los iba a encontrar a todos discutiendo en el edificio del Ministerio de la Producci\u00f3n y que el brindis se iba a terminar haciendo con la canasta navide\u00f1a acordada por las empresas y el gobierno hace menos de una semana.<\/p>\n<blockquote class=\"wp-embedded-content\" data-secret=\"ZdrqH6hFP4\"><p><a href=\"http:\/\/diariotextual.com\/inicio\/index.php\/2019\/12\/31\/alberto-fernandez-cuestiono-las-ganancias-extraordinarias-las-empresas\/\">Alberto Fern\u00e1ndez cuestion\u00f3 las \u201cganancias extraordinarias\u201d de las empresas<\/a><\/p><\/blockquote>\n<p><iframe class=\"wp-embedded-content\" sandbox=\"allow-scripts\" security=\"restricted\" style=\"position: absolute; clip: rect(1px, 1px, 1px, 1px);\" src=\"http:\/\/diariotextual.com\/inicio\/index.php\/2019\/12\/31\/alberto-fernandez-cuestiono-las-ganancias-extraordinarias-las-empresas\/embed\/#?secret=ZdrqH6hFP4\" data-secret=\"ZdrqH6hFP4\" width=\"600\" height=\"338\" title=\"&#171;Alberto Fern\u00e1ndez cuestion\u00f3 las \u201cganancias extraordinarias\u201d de las empresas&#187; &#8212; Diario Textual\" frameborder=\"0\" marginwidth=\"0\" marginheight=\"0\" scrolling=\"no\"><\/iframe><\/p>\n<p>Del lado de los funcionarios, el equipo de negociaciones fue liderado por el ministro de Desarrollo Productivo, Mat\u00edas Kulfas, que fue acompa\u00f1ado por la secretar\u00eda de Comercio, Paula Espa\u00f1ol, y la responsable de Defensa del Consumidor, Laura Goldberg. Por su parte, la delegaci\u00f3n empresaria estuvo integrada por directores y gerentes (no fueron los presidentes ni los due\u00f1os) de las grandes cadenas de supermercados (Carrefour, Walmart, Coto, Jumbo, La An\u00f3nima) y de los mayores fabricantes de alimentos (Molinos R\u00edo de la Plata, Arcor, Danone, Mastellone).<\/p>\n<p>Kulfas se encarg\u00f3 a recibir a los empresarios, aunque deleg\u00f3 el tramo m\u00e1s arduo de las negociaciones en las manos de Espa\u00f1ol y su equipo. \u00abLa reuni\u00f3n fue dura. No se lleg\u00f3 a los niveles de tensi\u00f3n de la \u00e9poca de Guillermo Moreno, pero hubo cruces entre los proveedores y los supermercados y del Gobierno contra todos\u00bb, explic\u00f3 a La Naci\u00f3n un ejecutivo que particip\u00f3 de la reuni\u00f3n.<\/p>\n<p>&nbsp;<\/p>\n<p>&nbsp;<\/p>\n","protected":false},"excerpt":{"rendered":"<p>Despu\u00e9s de casi seis horas de reuni\u00f3n, el Gobierno, los supermercados y la industria finalmente llegaron a principio de acuerdo para que la restituci\u00f3n del 21% del IVA a los&hellip;<\/p>\n","protected":false},"author":3,"featured_media":13707,"comment_status":"closed","ping_status":"open","sticky":false,"template":"","format":"standard","meta":{"_acf_changed":false,"footnotes":""},"categories":[10,5],"tags":[],"class_list":["post-75058","post","type-post","status-publish","format-standard","has-post-thumbnail","hentry","category-portada-2","category-economia"],"acf":[],"yoast_head":"<!-- This site is optimized with the Yoast SEO plugin v27.5 - https:\/\/yoast.com\/product\/yoast-seo-wordpress\/ -->\n<title>Fin del IVA a los alimentos: los precios subir\u00e1n hasta un 7% - Diario Textual<\/title>\n<meta name=\"robots\" content=\"index, follow, max-snippet:-1, max-image-preview:large, max-video-preview:-1\" \/>\n<link rel=\"canonical\" href=\"https:\/\/diariotextual.com\/inicio\/index.php\/2019\/12\/31\/iva-los-alimentos-acuerdan-una-suba-del-7-partir-del-jueves\/\" \/>\n<meta property=\"og:locale\" content=\"es_ES\" \/>\n<meta property=\"og:type\" content=\"article\" \/>\n<meta property=\"og:title\" content=\"Fin del IVA a los alimentos: los precios subir\u00e1n hasta un 7% - Diario Textual\" \/>\n<meta property=\"og:description\" content=\"Despu\u00e9s de casi seis horas de reuni\u00f3n, el Gobierno, los supermercados y la industria finalmente llegaron a principio de acuerdo para que la restituci\u00f3n del 21% del IVA a los&hellip;\" \/>\n<meta property=\"og:url\" content=\"https:\/\/diariotextual.com\/inicio\/index.php\/2019\/12\/31\/iva-los-alimentos-acuerdan-una-suba-del-7-partir-del-jueves\/\" \/>\n<meta property=\"og:site_name\" content=\"Diario Textual\" \/>\n<meta property=\"article:publisher\" content=\"https:\/\/www.facebook.com\/eltextual\" \/>\n<meta property=\"article:published_time\" content=\"2019-12-31T20:19:26+00:00\" \/>\n<meta property=\"article:modified_time\" content=\"2020-01-01T15:22:49+00:00\" \/>\n<meta property=\"og:image\" content=\"https:\/\/diariotextual.com\/inicio\/wp-content\/uploads\/2018\/07\/supermercadochango.jpg\" \/>\n\t<meta property=\"og:image:width\" content=\"645\" \/>\n\t<meta property=\"og:image:height\" content=\"430\" \/>\n\t<meta property=\"og:image:type\" content=\"image\/jpeg\" \/>\n<meta name=\"author\" content=\"Diario1 Diario1\" \/>\n<meta name=\"twitter:card\" content=\"summary_large_image\" \/>\n<meta name=\"twitter:creator\" content=\"@eltextual\" \/>\n<meta name=\"twitter:site\" content=\"@eltextual\" \/>\n<meta name=\"twitter:label1\" content=\"Escrito por\" \/>\n\t<meta name=\"twitter:data1\" content=\"Diario1 Diario1\" \/>\n\t<meta name=\"twitter:label2\" content=\"Tiempo de lectura\" \/>\n\t<meta name=\"twitter:data2\" content=\"2 minutos\" \/>\n<script type=\"application\/ld+json\" class=\"yoast-schema-graph\">{\"@context\":\"https:\\\/\\\/schema.org\",\"@graph\":[{\"@type\":\"Article\",\"@id\":\"https:\\\/\\\/diariotextual.com\\\/inicio\\\/index.php\\\/2019\\\/12\\\/31\\\/iva-los-alimentos-acuerdan-una-suba-del-7-partir-del-jueves\\\/#article\",\"isPartOf\":{\"@id\":\"https:\\\/\\\/diariotextual.com\\\/inicio\\\/index.php\\\/2019\\\/12\\\/31\\\/iva-los-alimentos-acuerdan-una-suba-del-7-partir-del-jueves\\\/\"},\"author\":{\"name\":\"Diario1 Diario1\",\"@id\":\"https:\\\/\\\/diariotextual.com\\\/inicio\\\/#\\\/schema\\\/person\\\/418fc4093c33e86ed41562db3508f958\"},\"headline\":\"Fin del IVA a los alimentos: los precios subir\u00e1n hasta un 7%\",\"datePublished\":\"2019-12-31T20:19:26+00:00\",\"dateModified\":\"2020-01-01T15:22:49+00:00\",\"mainEntityOfPage\":{\"@id\":\"https:\\\/\\\/diariotextual.com\\\/inicio\\\/index.php\\\/2019\\\/12\\\/31\\\/iva-los-alimentos-acuerdan-una-suba-del-7-partir-del-jueves\\\/\"},\"wordCount\":399,\"publisher\":{\"@id\":\"https:\\\/\\\/diariotextual.com\\\/inicio\\\/#organization\"},\"image\":{\"@id\":\"https:\\\/\\\/diariotextual.com\\\/inicio\\\/index.php\\\/2019\\\/12\\\/31\\\/iva-los-alimentos-acuerdan-una-suba-del-7-partir-del-jueves\\\/#primaryimage\"},\"thumbnailUrl\":\"https:\\\/\\\/diariotextual.com\\\/inicio\\\/wp-content\\\/uploads\\\/2018\\\/07\\\/supermercadochango.jpg\",\"articleSection\":[\"A - PORTADA2\",\"ECONOMIA\"],\"inLanguage\":\"es\"},{\"@type\":\"WebPage\",\"@id\":\"https:\\\/\\\/diariotextual.com\\\/inicio\\\/index.php\\\/2019\\\/12\\\/31\\\/iva-los-alimentos-acuerdan-una-suba-del-7-partir-del-jueves\\\/\",\"url\":\"https:\\\/\\\/diariotextual.com\\\/inicio\\\/index.php\\\/2019\\\/12\\\/31\\\/iva-los-alimentos-acuerdan-una-suba-del-7-partir-del-jueves\\\/\",\"name\":\"Fin del IVA a los alimentos: los precios subir\u00e1n hasta un 7% - Diario Textual\",\"isPartOf\":{\"@id\":\"https:\\\/\\\/diariotextual.com\\\/inicio\\\/#website\"},\"primaryImageOfPage\":{\"@id\":\"https:\\\/\\\/diariotextual.com\\\/inicio\\\/index.php\\\/2019\\\/12\\\/31\\\/iva-los-alimentos-acuerdan-una-suba-del-7-partir-del-jueves\\\/#primaryimage\"},\"image\":{\"@id\":\"https:\\\/\\\/diariotextual.com\\\/inicio\\\/index.php\\\/2019\\\/12\\\/31\\\/iva-los-alimentos-acuerdan-una-suba-del-7-partir-del-jueves\\\/#primaryimage\"},\"thumbnailUrl\":\"https:\\\/\\\/diariotextual.com\\\/inicio\\\/wp-content\\\/uploads\\\/2018\\\/07\\\/supermercadochango.jpg\",\"datePublished\":\"2019-12-31T20:19:26+00:00\",\"dateModified\":\"2020-01-01T15:22:49+00:00\",\"breadcrumb\":{\"@id\":\"https:\\\/\\\/diariotextual.com\\\/inicio\\\/index.php\\\/2019\\\/12\\\/31\\\/iva-los-alimentos-acuerdan-una-suba-del-7-partir-del-jueves\\\/#breadcrumb\"},\"inLanguage\":\"es\",\"potentialAction\":[{\"@type\":\"ReadAction\",\"target\":[\"https:\\\/\\\/diariotextual.com\\\/inicio\\\/index.php\\\/2019\\\/12\\\/31\\\/iva-los-alimentos-acuerdan-una-suba-del-7-partir-del-jueves\\\/\"]}]},{\"@type\":\"ImageObject\",\"inLanguage\":\"es\",\"@id\":\"https:\\\/\\\/diariotextual.com\\\/inicio\\\/index.php\\\/2019\\\/12\\\/31\\\/iva-los-alimentos-acuerdan-una-suba-del-7-partir-del-jueves\\\/#primaryimage\",\"url\":\"https:\\\/\\\/diariotextual.com\\\/inicio\\\/wp-content\\\/uploads\\\/2018\\\/07\\\/supermercadochango.jpg\",\"contentUrl\":\"https:\\\/\\\/diariotextual.com\\\/inicio\\\/wp-content\\\/uploads\\\/2018\\\/07\\\/supermercadochango.jpg\",\"width\":645,\"height\":430},{\"@type\":\"BreadcrumbList\",\"@id\":\"https:\\\/\\\/diariotextual.com\\\/inicio\\\/index.php\\\/2019\\\/12\\\/31\\\/iva-los-alimentos-acuerdan-una-suba-del-7-partir-del-jueves\\\/#breadcrumb\",\"itemListElement\":[{\"@type\":\"ListItem\",\"position\":1,\"name\":\"Portada\",\"item\":\"https:\\\/\\\/diariotextual.com\\\/inicio\\\/\"},{\"@type\":\"ListItem\",\"position\":2,\"name\":\"Fin del IVA a los alimentos: los precios subir\u00e1n hasta un 7%\"}]},{\"@type\":\"WebSite\",\"@id\":\"https:\\\/\\\/diariotextual.com\\\/inicio\\\/#website\",\"url\":\"https:\\\/\\\/diariotextual.com\\\/inicio\\\/\",\"name\":\"Diario Textual\",\"description\":\"\",\"publisher\":{\"@id\":\"https:\\\/\\\/diariotextual.com\\\/inicio\\\/#organization\"},\"potentialAction\":[{\"@type\":\"SearchAction\",\"target\":{\"@type\":\"EntryPoint\",\"urlTemplate\":\"https:\\\/\\\/diariotextual.com\\\/inicio\\\/?s={search_term_string}\"},\"query-input\":{\"@type\":\"PropertyValueSpecification\",\"valueRequired\":true,\"valueName\":\"search_term_string\"}}],\"inLanguage\":\"es\"},{\"@type\":\"Organization\",\"@id\":\"https:\\\/\\\/diariotextual.com\\\/inicio\\\/#organization\",\"name\":\"Diario Textual\",\"url\":\"https:\\\/\\\/diariotextual.com\\\/inicio\\\/\",\"logo\":{\"@type\":\"ImageObject\",\"inLanguage\":\"es\",\"@id\":\"https:\\\/\\\/diariotextual.com\\\/inicio\\\/#\\\/schema\\\/logo\\\/image\\\/\",\"url\":\"https:\\\/\\\/diariotextual.com\\\/inicio\\\/wp-content\\\/uploads\\\/2023\\\/05\\\/logotextual1.jpg\",\"contentUrl\":\"https:\\\/\\\/diariotextual.com\\\/inicio\\\/wp-content\\\/uploads\\\/2023\\\/05\\\/logotextual1.jpg\",\"width\":516,\"height\":76,\"caption\":\"Diario Textual\"},\"image\":{\"@id\":\"https:\\\/\\\/diariotextual.com\\\/inicio\\\/#\\\/schema\\\/logo\\\/image\\\/\"},\"sameAs\":[\"https:\\\/\\\/www.facebook.com\\\/eltextual\",\"https:\\\/\\\/x.com\\\/eltextual\",\"http:\\\/\\\/www.instagram.com\\\/eltextual\"]},{\"@type\":\"Person\",\"@id\":\"https:\\\/\\\/diariotextual.com\\\/inicio\\\/#\\\/schema\\\/person\\\/418fc4093c33e86ed41562db3508f958\",\"name\":\"Diario1 Diario1\",\"image\":{\"@type\":\"ImageObject\",\"inLanguage\":\"es\",\"@id\":\"https:\\\/\\\/secure.gravatar.com\\\/avatar\\\/9167d280179c85bc18be67aa7eda765854300033af4896dd779b608640f2ef7a?s=96&d=mm&r=g\",\"url\":\"https:\\\/\\\/secure.gravatar.com\\\/avatar\\\/9167d280179c85bc18be67aa7eda765854300033af4896dd779b608640f2ef7a?s=96&d=mm&r=g\",\"contentUrl\":\"https:\\\/\\\/secure.gravatar.com\\\/avatar\\\/9167d280179c85bc18be67aa7eda765854300033af4896dd779b608640f2ef7a?s=96&d=mm&r=g\",\"caption\":\"Diario1 Diario1\"},\"url\":\"https:\\\/\\\/diariotextual.com\\\/inicio\\\/index.php\\\/author\\\/diario1\\\/\"}]}<\/script>\n<!-- \/ Yoast SEO plugin. -->","yoast_head_json":{"title":"Fin del IVA a los alimentos: los precios subir\u00e1n hasta un 7% - Diario Textual","robots":{"index":"index","follow":"follow","max-snippet":"max-snippet:-1","max-image-preview":"max-image-preview:large","max-video-preview":"max-video-preview:-1"},"canonical":"https:\/\/diariotextual.com\/inicio\/index.php\/2019\/12\/31\/iva-los-alimentos-acuerdan-una-suba-del-7-partir-del-jueves\/","og_locale":"es_ES","og_type":"article","og_title":"Fin del IVA a los alimentos: los precios subir\u00e1n hasta un 7% - Diario Textual","og_description":"Despu\u00e9s de casi seis horas de reuni\u00f3n, el Gobierno, los supermercados y la industria finalmente llegaron a principio de acuerdo para que la restituci\u00f3n del 21% del IVA a los&hellip;","og_url":"https:\/\/diariotextual.com\/inicio\/index.php\/2019\/12\/31\/iva-los-alimentos-acuerdan-una-suba-del-7-partir-del-jueves\/","og_site_name":"Diario Textual","article_publisher":"https:\/\/www.facebook.com\/eltextual","article_published_time":"2019-12-31T20:19:26+00:00","article_modified_time":"2020-01-01T15:22:49+00:00","og_image":[{"width":645,"height":430,"url":"https:\/\/diariotextual.com\/inicio\/wp-content\/uploads\/2018\/07\/supermercadochango.jpg","type":"image\/jpeg"}],"author":"Diario1 Diario1","twitter_card":"summary_large_image","twitter_creator":"@eltextual","twitter_site":"@eltextual","twitter_misc":{"Escrito por":"Diario1 Diario1","Tiempo de lectura":"2 minutos"},"schema":{"@context":"https:\/\/schema.org","@graph":[{"@type":"Article","@id":"https:\/\/diariotextual.com\/inicio\/index.php\/2019\/12\/31\/iva-los-alimentos-acuerdan-una-suba-del-7-partir-del-jueves\/#article","isPartOf":{"@id":"https:\/\/diariotextual.com\/inicio\/index.php\/2019\/12\/31\/iva-los-alimentos-acuerdan-una-suba-del-7-partir-del-jueves\/"},"author":{"name":"Diario1 Diario1","@id":"https:\/\/diariotextual.com\/inicio\/#\/schema\/person\/418fc4093c33e86ed41562db3508f958"},"headline":"Fin del IVA a los alimentos: los precios subir\u00e1n hasta un 7%","datePublished":"2019-12-31T20:19:26+00:00","dateModified":"2020-01-01T15:22:49+00:00","mainEntityOfPage":{"@id":"https:\/\/diariotextual.com\/inicio\/index.php\/2019\/12\/31\/iva-los-alimentos-acuerdan-una-suba-del-7-partir-del-jueves\/"},"wordCount":399,"publisher":{"@id":"https:\/\/diariotextual.com\/inicio\/#organization"},"image":{"@id":"https:\/\/diariotextual.com\/inicio\/index.php\/2019\/12\/31\/iva-los-alimentos-acuerdan-una-suba-del-7-partir-del-jueves\/#primaryimage"},"thumbnailUrl":"https:\/\/diariotextual.com\/inicio\/wp-content\/uploads\/2018\/07\/supermercadochango.jpg","articleSection":["A - PORTADA2","ECONOMIA"],"inLanguage":"es"},{"@type":"WebPage","@id":"https:\/\/diariotextual.com\/inicio\/index.php\/2019\/12\/31\/iva-los-alimentos-acuerdan-una-suba-del-7-partir-del-jueves\/","url":"https:\/\/diariotextual.com\/inicio\/index.php\/2019\/12\/31\/iva-los-alimentos-acuerdan-una-suba-del-7-partir-del-jueves\/","name":"Fin del IVA a los alimentos: los precios subir\u00e1n hasta un 7% - Diario Textual","isPartOf":{"@id":"https:\/\/diariotextual.com\/inicio\/#website"},"primaryImageOfPage":{"@id":"https:\/\/diariotextual.com\/inicio\/index.php\/2019\/12\/31\/iva-los-alimentos-acuerdan-una-suba-del-7-partir-del-jueves\/#primaryimage"},"image":{"@id":"https:\/\/diariotextual.com\/inicio\/index.php\/2019\/12\/31\/iva-los-alimentos-acuerdan-una-suba-del-7-partir-del-jueves\/#primaryimage"},"thumbnailUrl":"https:\/\/diariotextual.com\/inicio\/wp-content\/uploads\/2018\/07\/supermercadochango.jpg","datePublished":"2019-12-31T20:19:26+00:00","dateModified":"2020-01-01T15:22:49+00:00","breadcrumb":{"@id":"https:\/\/diariotextual.com\/inicio\/index.php\/2019\/12\/31\/iva-los-alimentos-acuerdan-una-suba-del-7-partir-del-jueves\/#breadcrumb"},"inLanguage":"es","potentialAction":[{"@type":"ReadAction","target":["https:\/\/diariotextual.com\/inicio\/index.php\/2019\/12\/31\/iva-los-alimentos-acuerdan-una-suba-del-7-partir-del-jueves\/"]}]},{"@type":"ImageObject","inLanguage":"es","@id":"https:\/\/diariotextual.com\/inicio\/index.php\/2019\/12\/31\/iva-los-alimentos-acuerdan-una-suba-del-7-partir-del-jueves\/#primaryimage","url":"https:\/\/diariotextual.com\/inicio\/wp-content\/uploads\/2018\/07\/supermercadochango.jpg","contentUrl":"https:\/\/diariotextual.com\/inicio\/wp-content\/uploads\/2018\/07\/supermercadochango.jpg","width":645,"height":430},{"@type":"BreadcrumbList","@id":"https:\/\/diariotextual.com\/inicio\/index.php\/2019\/12\/31\/iva-los-alimentos-acuerdan-una-suba-del-7-partir-del-jueves\/#breadcrumb","itemListElement":[{"@type":"ListItem","position":1,"name":"Portada","item":"https:\/\/diariotextual.com\/inicio\/"},{"@type":"ListItem","position":2,"name":"Fin del IVA a los alimentos: los precios subir\u00e1n hasta un 7%"}]},{"@type":"WebSite","@id":"https:\/\/diariotextual.com\/inicio\/#website","url":"https:\/\/diariotextual.com\/inicio\/","name":"Diario Textual","description":"","publisher":{"@id":"https:\/\/diariotextual.com\/inicio\/#organization"},"potentialAction":[{"@type":"SearchAction","target":{"@type":"EntryPoint","urlTemplate":"https:\/\/diariotextual.com\/inicio\/?s={search_term_string}"},"query-input":{"@type":"PropertyValueSpecification","valueRequired":true,"valueName":"search_term_string"}}],"inLanguage":"es"},{"@type":"Organization","@id":"https:\/\/diariotextual.com\/inicio\/#organization","name":"Diario Textual","url":"https:\/\/diariotextual.com\/inicio\/","logo":{"@type":"ImageObject","inLanguage":"es","@id":"https:\/\/diariotextual.com\/inicio\/#\/schema\/logo\/image\/","url":"https:\/\/diariotextual.com\/inicio\/wp-content\/uploads\/2023\/05\/logotextual1.jpg","contentUrl":"https:\/\/diariotextual.com\/inicio\/wp-content\/uploads\/2023\/05\/logotextual1.jpg","width":516,"height":76,"caption":"Diario Textual"},"image":{"@id":"https:\/\/diariotextual.com\/inicio\/#\/schema\/logo\/image\/"},"sameAs":["https:\/\/www.facebook.com\/eltextual","https:\/\/x.com\/eltextual","http:\/\/www.instagram.com\/eltextual"]},{"@type":"Person","@id":"https:\/\/diariotextual.com\/inicio\/#\/schema\/person\/418fc4093c33e86ed41562db3508f958","name":"Diario1 Diario1","image":{"@type":"ImageObject","inLanguage":"es","@id":"https:\/\/secure.gravatar.com\/avatar\/9167d280179c85bc18be67aa7eda765854300033af4896dd779b608640f2ef7a?s=96&d=mm&r=g","url":"https:\/\/secure.gravatar.com\/avatar\/9167d280179c85bc18be67aa7eda765854300033af4896dd779b608640f2ef7a?s=96&d=mm&r=g","contentUrl":"https:\/\/secure.gravatar.com\/avatar\/9167d280179c85bc18be67aa7eda765854300033af4896dd779b608640f2ef7a?s=96&d=mm&r=g","caption":"Diario1 Diario1"},"url":"https:\/\/diariotextual.com\/inicio\/index.php\/author\/diario1\/"}]}},"_links":{"self":[{"href":"https:\/\/diariotextual.com\/inicio\/index.php\/wp-json\/wp\/v2\/posts\/75058","targetHints":{"allow":["GET"]}}],"collection":[{"href":"https:\/\/diariotextual.com\/inicio\/index.php\/wp-json\/wp\/v2\/posts"}],"about":[{"href":"https:\/\/diariotextual.com\/inicio\/index.php\/wp-json\/wp\/v2\/types\/post"}],"author":[{"embeddable":true,"href":"https:\/\/diariotextual.com\/inicio\/index.php\/wp-json\/wp\/v2\/users\/3"}],"replies":[{"embeddable":true,"href":"https:\/\/diariotextual.com\/inicio\/index.php\/wp-json\/wp\/v2\/comments?post=75058"}],"version-history":[{"count":2,"href":"https:\/\/diariotextual.com\/inicio\/index.php\/wp-json\/wp\/v2\/posts\/75058\/revisions"}],"predecessor-version":[{"id":75061,"href":"https:\/\/diariotextual.com\/inicio\/index.php\/wp-json\/wp\/v2\/posts\/75058\/revisions\/75061"}],"wp:featuredmedia":[{"embeddable":true,"href":"https:\/\/diariotextual.com\/inicio\/index.php\/wp-json\/wp\/v2\/media\/13707"}],"wp:attachment":[{"href":"https:\/\/diariotextual.com\/inicio\/index.php\/wp-json\/wp\/v2\/media?parent=75058"}],"wp:term":[{"taxonomy":"category","embeddable":true,"href":"https:\/\/diariotextual.com\/inicio\/index.php\/wp-json\/wp\/v2\/categories?post=75058"},{"taxonomy":"post_tag","embeddable":true,"href":"https:\/\/diariotextual.com\/inicio\/index.php\/wp-json\/wp\/v2\/tags?post=75058"}],"curies":[{"name":"wp","href":"https:\/\/api.w.org\/{rel}","templated":true}]}}