{"id":7506,"date":"2018-05-15T12:55:16","date_gmt":"2018-05-15T15:55:16","guid":{"rendered":"http:\/\/diariotextual.com\/inicio\/?p=7506"},"modified":"2018-05-15T13:00:47","modified_gmt":"2018-05-15T16:00:47","slug":"los-87-anos-murio-periodista-escritor-tom-wolfe","status":"publish","type":"post","link":"https:\/\/diariotextual.com\/inicio\/index.php\/2018\/05\/15\/los-87-anos-murio-periodista-escritor-tom-wolfe\/","title":{"rendered":"A los 87 a\u00f1os, muri\u00f3 el periodista y escritor Tom Wolfe"},"content":{"rendered":"<p>El escritor y periodista estadounidense Tom Wolfe, uno de los creadores del Nuevo Periodismo, muri\u00f3 este lunes a los 87 a\u00f1os, en un hospital de Manhattan.<\/p>\n<p>Wolfe naci\u00f3 en\u00a0Richmond (Virginia, Estados Unidos) en 1931. Es considerado uno de los padres del Nuevo Periodismo, una corriente period\u00edstica que contaba la realidad desde la riqueza de la literatura, con t\u00e9cnicas narrativas propias de la ficci\u00f3n, pero siempre respetando el rigor de los hechos.<\/p>\n<p>El periodista y escritor es autor de los libros \u00abLa hoguera de las vanidades\u00bb, \u00abTodo un hombre\u00bb y \u00abSoy Charlotte Simmons\u00bb, entre muchos otros-<\/p>\n<p>Wolfe salt\u00f3 a la fama como periodista, all\u00e1 por los a\u00f1os 60 y 70, cuando junto con otros nombres como Truman Capote y Norman mailer contribuy\u00f3 a la creaci\u00f3n de una nueva corriente narrativa que se llam\u00f3 Nuevo Periodismo\u00bb.\u00a0 Wolfe elabor\u00f3 reportajes sobre cuestiones de actualidad que parec\u00edan novelas, donde el periodista interven\u00eda en la acci\u00f3n que relataba, algo ins\u00f3lito para la \u00e9poca.<\/p>\n<p>&nbsp;<\/p>\n","protected":false},"excerpt":{"rendered":"<p>El escritor y periodista estadounidense Tom Wolfe, uno de los creadores del Nuevo Periodismo, muri\u00f3 este lunes a los 87 a\u00f1os, en un hospital de Manhattan. Wolfe naci\u00f3 en\u00a0Richmond (Virginia,&hellip;<\/p>\n","protected":false},"author":4,"featured_media":7507,"comment_status":"open","ping_status":"open","sticky":false,"template":"","format":"standard","meta":{"_acf_changed":false,"footnotes":""},"categories":[11,7],"tags":[333],"class_list":["post-7506","post","type-post","status-publish","format-standard","has-post-thumbnail","hentry","category-que-pasa","category-mundo","tag-wolfe-nuevoperiodismo"],"acf":[],"yoast_head":"<!-- This site is optimized with the Yoast SEO plugin v27.5 - https:\/\/yoast.com\/product\/yoast-seo-wordpress\/ -->\n<title>A los 87 a\u00f1os, muri\u00f3 el periodista y escritor Tom Wolfe - Diario Textual<\/title>\n<meta name=\"robots\" content=\"index, follow, max-snippet:-1, max-image-preview:large, max-video-preview:-1\" \/>\n<link rel=\"canonical\" href=\"https:\/\/diariotextual.com\/inicio\/index.php\/2018\/05\/15\/los-87-anos-murio-periodista-escritor-tom-wolfe\/\" \/>\n<meta property=\"og:locale\" content=\"es_ES\" \/>\n<meta property=\"og:type\" content=\"article\" \/>\n<meta property=\"og:title\" content=\"A los 87 a\u00f1os, muri\u00f3 el periodista y escritor Tom Wolfe - Diario Textual\" \/>\n<meta property=\"og:description\" content=\"El escritor y periodista estadounidense Tom Wolfe, uno de los creadores del Nuevo Periodismo, muri\u00f3 este lunes a los 87 a\u00f1os, en un hospital de Manhattan. Wolfe naci\u00f3 en\u00a0Richmond (Virginia,&hellip;\" \/>\n<meta property=\"og:url\" content=\"https:\/\/diariotextual.com\/inicio\/index.php\/2018\/05\/15\/los-87-anos-murio-periodista-escritor-tom-wolfe\/\" \/>\n<meta property=\"og:site_name\" content=\"Diario Textual\" \/>\n<meta property=\"article:publisher\" content=\"https:\/\/www.facebook.com\/eltextual\" \/>\n<meta property=\"article:published_time\" content=\"2018-05-15T15:55:16+00:00\" \/>\n<meta property=\"article:modified_time\" content=\"2018-05-15T16:00:47+00:00\" \/>\n<meta property=\"og:image\" content=\"https:\/\/diariotextual.com\/inicio\/wp-content\/uploads\/2018\/05\/wolfetom782.jpg\" \/>\n\t<meta property=\"og:image:width\" content=\"708\" \/>\n\t<meta property=\"og:image:height\" content=\"420\" \/>\n\t<meta property=\"og:image:type\" content=\"image\/jpeg\" \/>\n<meta name=\"author\" content=\"diario2\" \/>\n<meta name=\"twitter:card\" content=\"summary_large_image\" \/>\n<meta name=\"twitter:creator\" content=\"@eltextual\" \/>\n<meta name=\"twitter:site\" content=\"@eltextual\" \/>\n<meta name=\"twitter:label1\" content=\"Escrito por\" \/>\n\t<meta name=\"twitter:data1\" content=\"diario2\" \/>\n\t<meta name=\"twitter:label2\" content=\"Tiempo de lectura\" \/>\n\t<meta name=\"twitter:data2\" content=\"1 minuto\" \/>\n<script type=\"application\/ld+json\" class=\"yoast-schema-graph\">{\"@context\":\"https:\\\/\\\/schema.org\",\"@graph\":[{\"@type\":\"Article\",\"@id\":\"https:\\\/\\\/diariotextual.com\\\/inicio\\\/index.php\\\/2018\\\/05\\\/15\\\/los-87-anos-murio-periodista-escritor-tom-wolfe\\\/#article\",\"isPartOf\":{\"@id\":\"https:\\\/\\\/diariotextual.com\\\/inicio\\\/index.php\\\/2018\\\/05\\\/15\\\/los-87-anos-murio-periodista-escritor-tom-wolfe\\\/\"},\"author\":{\"name\":\"diario2\",\"@id\":\"https:\\\/\\\/diariotextual.com\\\/inicio\\\/#\\\/schema\\\/person\\\/694f60677f23c4a530867a98f22b3768\"},\"headline\":\"A los 87 a\u00f1os, muri\u00f3 el periodista y escritor Tom Wolfe\",\"datePublished\":\"2018-05-15T15:55:16+00:00\",\"dateModified\":\"2018-05-15T16:00:47+00:00\",\"mainEntityOfPage\":{\"@id\":\"https:\\\/\\\/diariotextual.com\\\/inicio\\\/index.php\\\/2018\\\/05\\\/15\\\/los-87-anos-murio-periodista-escritor-tom-wolfe\\\/\"},\"wordCount\":177,\"commentCount\":0,\"publisher\":{\"@id\":\"https:\\\/\\\/diariotextual.com\\\/inicio\\\/#organization\"},\"image\":{\"@id\":\"https:\\\/\\\/diariotextual.com\\\/inicio\\\/index.php\\\/2018\\\/05\\\/15\\\/los-87-anos-murio-periodista-escritor-tom-wolfe\\\/#primaryimage\"},\"thumbnailUrl\":\"https:\\\/\\\/diariotextual.com\\\/inicio\\\/wp-content\\\/uploads\\\/2018\\\/05\\\/wolfetom782.jpg\",\"keywords\":[\"#Wolfe #NuevoPeriodismo\"],\"articleSection\":[\"A - QUE PASA (al costado)\",\"MUNDO\"],\"inLanguage\":\"es\",\"potentialAction\":[{\"@type\":\"CommentAction\",\"name\":\"Comment\",\"target\":[\"https:\\\/\\\/diariotextual.com\\\/inicio\\\/index.php\\\/2018\\\/05\\\/15\\\/los-87-anos-murio-periodista-escritor-tom-wolfe\\\/#respond\"]}]},{\"@type\":\"WebPage\",\"@id\":\"https:\\\/\\\/diariotextual.com\\\/inicio\\\/index.php\\\/2018\\\/05\\\/15\\\/los-87-anos-murio-periodista-escritor-tom-wolfe\\\/\",\"url\":\"https:\\\/\\\/diariotextual.com\\\/inicio\\\/index.php\\\/2018\\\/05\\\/15\\\/los-87-anos-murio-periodista-escritor-tom-wolfe\\\/\",\"name\":\"A los 87 a\u00f1os, muri\u00f3 el periodista y escritor Tom Wolfe - Diario Textual\",\"isPartOf\":{\"@id\":\"https:\\\/\\\/diariotextual.com\\\/inicio\\\/#website\"},\"primaryImageOfPage\":{\"@id\":\"https:\\\/\\\/diariotextual.com\\\/inicio\\\/index.php\\\/2018\\\/05\\\/15\\\/los-87-anos-murio-periodista-escritor-tom-wolfe\\\/#primaryimage\"},\"image\":{\"@id\":\"https:\\\/\\\/diariotextual.com\\\/inicio\\\/index.php\\\/2018\\\/05\\\/15\\\/los-87-anos-murio-periodista-escritor-tom-wolfe\\\/#primaryimage\"},\"thumbnailUrl\":\"https:\\\/\\\/diariotextual.com\\\/inicio\\\/wp-content\\\/uploads\\\/2018\\\/05\\\/wolfetom782.jpg\",\"datePublished\":\"2018-05-15T15:55:16+00:00\",\"dateModified\":\"2018-05-15T16:00:47+00:00\",\"breadcrumb\":{\"@id\":\"https:\\\/\\\/diariotextual.com\\\/inicio\\\/index.php\\\/2018\\\/05\\\/15\\\/los-87-anos-murio-periodista-escritor-tom-wolfe\\\/#breadcrumb\"},\"inLanguage\":\"es\",\"potentialAction\":[{\"@type\":\"ReadAction\",\"target\":[\"https:\\\/\\\/diariotextual.com\\\/inicio\\\/index.php\\\/2018\\\/05\\\/15\\\/los-87-anos-murio-periodista-escritor-tom-wolfe\\\/\"]}]},{\"@type\":\"ImageObject\",\"inLanguage\":\"es\",\"@id\":\"https:\\\/\\\/diariotextual.com\\\/inicio\\\/index.php\\\/2018\\\/05\\\/15\\\/los-87-anos-murio-periodista-escritor-tom-wolfe\\\/#primaryimage\",\"url\":\"https:\\\/\\\/diariotextual.com\\\/inicio\\\/wp-content\\\/uploads\\\/2018\\\/05\\\/wolfetom782.jpg\",\"contentUrl\":\"https:\\\/\\\/diariotextual.com\\\/inicio\\\/wp-content\\\/uploads\\\/2018\\\/05\\\/wolfetom782.jpg\",\"width\":708,\"height\":420},{\"@type\":\"BreadcrumbList\",\"@id\":\"https:\\\/\\\/diariotextual.com\\\/inicio\\\/index.php\\\/2018\\\/05\\\/15\\\/los-87-anos-murio-periodista-escritor-tom-wolfe\\\/#breadcrumb\",\"itemListElement\":[{\"@type\":\"ListItem\",\"position\":1,\"name\":\"Portada\",\"item\":\"https:\\\/\\\/diariotextual.com\\\/inicio\\\/\"},{\"@type\":\"ListItem\",\"position\":2,\"name\":\"A los 87 a\u00f1os, muri\u00f3 el periodista y escritor Tom Wolfe\"}]},{\"@type\":\"WebSite\",\"@id\":\"https:\\\/\\\/diariotextual.com\\\/inicio\\\/#website\",\"url\":\"https:\\\/\\\/diariotextual.com\\\/inicio\\\/\",\"name\":\"Diario Textual\",\"description\":\"\",\"publisher\":{\"@id\":\"https:\\\/\\\/diariotextual.com\\\/inicio\\\/#organization\"},\"potentialAction\":[{\"@type\":\"SearchAction\",\"target\":{\"@type\":\"EntryPoint\",\"urlTemplate\":\"https:\\\/\\\/diariotextual.com\\\/inicio\\\/?s={search_term_string}\"},\"query-input\":{\"@type\":\"PropertyValueSpecification\",\"valueRequired\":true,\"valueName\":\"search_term_string\"}}],\"inLanguage\":\"es\"},{\"@type\":\"Organization\",\"@id\":\"https:\\\/\\\/diariotextual.com\\\/inicio\\\/#organization\",\"name\":\"Diario Textual\",\"url\":\"https:\\\/\\\/diariotextual.com\\\/inicio\\\/\",\"logo\":{\"@type\":\"ImageObject\",\"inLanguage\":\"es\",\"@id\":\"https:\\\/\\\/diariotextual.com\\\/inicio\\\/#\\\/schema\\\/logo\\\/image\\\/\",\"url\":\"https:\\\/\\\/diariotextual.com\\\/inicio\\\/wp-content\\\/uploads\\\/2023\\\/05\\\/logotextual1.jpg\",\"contentUrl\":\"https:\\\/\\\/diariotextual.com\\\/inicio\\\/wp-content\\\/uploads\\\/2023\\\/05\\\/logotextual1.jpg\",\"width\":516,\"height\":76,\"caption\":\"Diario Textual\"},\"image\":{\"@id\":\"https:\\\/\\\/diariotextual.com\\\/inicio\\\/#\\\/schema\\\/logo\\\/image\\\/\"},\"sameAs\":[\"https:\\\/\\\/www.facebook.com\\\/eltextual\",\"https:\\\/\\\/x.com\\\/eltextual\",\"http:\\\/\\\/www.instagram.com\\\/eltextual\"]},{\"@type\":\"Person\",\"@id\":\"https:\\\/\\\/diariotextual.com\\\/inicio\\\/#\\\/schema\\\/person\\\/694f60677f23c4a530867a98f22b3768\",\"name\":\"diario2\",\"image\":{\"@type\":\"ImageObject\",\"inLanguage\":\"es\",\"@id\":\"https:\\\/\\\/secure.gravatar.com\\\/avatar\\\/5a2567495ba16b852fcd8f1ed006a2e24fcace936018ed8237e95f488ad6e0a7?s=96&d=mm&r=g\",\"url\":\"https:\\\/\\\/secure.gravatar.com\\\/avatar\\\/5a2567495ba16b852fcd8f1ed006a2e24fcace936018ed8237e95f488ad6e0a7?s=96&d=mm&r=g\",\"contentUrl\":\"https:\\\/\\\/secure.gravatar.com\\\/avatar\\\/5a2567495ba16b852fcd8f1ed006a2e24fcace936018ed8237e95f488ad6e0a7?s=96&d=mm&r=g\",\"caption\":\"diario2\"},\"url\":\"https:\\\/\\\/diariotextual.com\\\/inicio\\\/index.php\\\/author\\\/diario2\\\/\"}]}<\/script>\n<!-- \/ Yoast SEO plugin. -->","yoast_head_json":{"title":"A los 87 a\u00f1os, muri\u00f3 el periodista y escritor Tom Wolfe - Diario Textual","robots":{"index":"index","follow":"follow","max-snippet":"max-snippet:-1","max-image-preview":"max-image-preview:large","max-video-preview":"max-video-preview:-1"},"canonical":"https:\/\/diariotextual.com\/inicio\/index.php\/2018\/05\/15\/los-87-anos-murio-periodista-escritor-tom-wolfe\/","og_locale":"es_ES","og_type":"article","og_title":"A los 87 a\u00f1os, muri\u00f3 el periodista y escritor Tom Wolfe - Diario Textual","og_description":"El escritor y periodista estadounidense Tom Wolfe, uno de los creadores del Nuevo Periodismo, muri\u00f3 este lunes a los 87 a\u00f1os, en un hospital de Manhattan. Wolfe naci\u00f3 en\u00a0Richmond (Virginia,&hellip;","og_url":"https:\/\/diariotextual.com\/inicio\/index.php\/2018\/05\/15\/los-87-anos-murio-periodista-escritor-tom-wolfe\/","og_site_name":"Diario Textual","article_publisher":"https:\/\/www.facebook.com\/eltextual","article_published_time":"2018-05-15T15:55:16+00:00","article_modified_time":"2018-05-15T16:00:47+00:00","og_image":[{"width":708,"height":420,"url":"https:\/\/diariotextual.com\/inicio\/wp-content\/uploads\/2018\/05\/wolfetom782.jpg","type":"image\/jpeg"}],"author":"diario2","twitter_card":"summary_large_image","twitter_creator":"@eltextual","twitter_site":"@eltextual","twitter_misc":{"Escrito por":"diario2","Tiempo de lectura":"1 minuto"},"schema":{"@context":"https:\/\/schema.org","@graph":[{"@type":"Article","@id":"https:\/\/diariotextual.com\/inicio\/index.php\/2018\/05\/15\/los-87-anos-murio-periodista-escritor-tom-wolfe\/#article","isPartOf":{"@id":"https:\/\/diariotextual.com\/inicio\/index.php\/2018\/05\/15\/los-87-anos-murio-periodista-escritor-tom-wolfe\/"},"author":{"name":"diario2","@id":"https:\/\/diariotextual.com\/inicio\/#\/schema\/person\/694f60677f23c4a530867a98f22b3768"},"headline":"A los 87 a\u00f1os, muri\u00f3 el periodista y escritor Tom Wolfe","datePublished":"2018-05-15T15:55:16+00:00","dateModified":"2018-05-15T16:00:47+00:00","mainEntityOfPage":{"@id":"https:\/\/diariotextual.com\/inicio\/index.php\/2018\/05\/15\/los-87-anos-murio-periodista-escritor-tom-wolfe\/"},"wordCount":177,"commentCount":0,"publisher":{"@id":"https:\/\/diariotextual.com\/inicio\/#organization"},"image":{"@id":"https:\/\/diariotextual.com\/inicio\/index.php\/2018\/05\/15\/los-87-anos-murio-periodista-escritor-tom-wolfe\/#primaryimage"},"thumbnailUrl":"https:\/\/diariotextual.com\/inicio\/wp-content\/uploads\/2018\/05\/wolfetom782.jpg","keywords":["#Wolfe #NuevoPeriodismo"],"articleSection":["A - QUE PASA (al costado)","MUNDO"],"inLanguage":"es","potentialAction":[{"@type":"CommentAction","name":"Comment","target":["https:\/\/diariotextual.com\/inicio\/index.php\/2018\/05\/15\/los-87-anos-murio-periodista-escritor-tom-wolfe\/#respond"]}]},{"@type":"WebPage","@id":"https:\/\/diariotextual.com\/inicio\/index.php\/2018\/05\/15\/los-87-anos-murio-periodista-escritor-tom-wolfe\/","url":"https:\/\/diariotextual.com\/inicio\/index.php\/2018\/05\/15\/los-87-anos-murio-periodista-escritor-tom-wolfe\/","name":"A los 87 a\u00f1os, muri\u00f3 el periodista y escritor Tom Wolfe - Diario Textual","isPartOf":{"@id":"https:\/\/diariotextual.com\/inicio\/#website"},"primaryImageOfPage":{"@id":"https:\/\/diariotextual.com\/inicio\/index.php\/2018\/05\/15\/los-87-anos-murio-periodista-escritor-tom-wolfe\/#primaryimage"},"image":{"@id":"https:\/\/diariotextual.com\/inicio\/index.php\/2018\/05\/15\/los-87-anos-murio-periodista-escritor-tom-wolfe\/#primaryimage"},"thumbnailUrl":"https:\/\/diariotextual.com\/inicio\/wp-content\/uploads\/2018\/05\/wolfetom782.jpg","datePublished":"2018-05-15T15:55:16+00:00","dateModified":"2018-05-15T16:00:47+00:00","breadcrumb":{"@id":"https:\/\/diariotextual.com\/inicio\/index.php\/2018\/05\/15\/los-87-anos-murio-periodista-escritor-tom-wolfe\/#breadcrumb"},"inLanguage":"es","potentialAction":[{"@type":"ReadAction","target":["https:\/\/diariotextual.com\/inicio\/index.php\/2018\/05\/15\/los-87-anos-murio-periodista-escritor-tom-wolfe\/"]}]},{"@type":"ImageObject","inLanguage":"es","@id":"https:\/\/diariotextual.com\/inicio\/index.php\/2018\/05\/15\/los-87-anos-murio-periodista-escritor-tom-wolfe\/#primaryimage","url":"https:\/\/diariotextual.com\/inicio\/wp-content\/uploads\/2018\/05\/wolfetom782.jpg","contentUrl":"https:\/\/diariotextual.com\/inicio\/wp-content\/uploads\/2018\/05\/wolfetom782.jpg","width":708,"height":420},{"@type":"BreadcrumbList","@id":"https:\/\/diariotextual.com\/inicio\/index.php\/2018\/05\/15\/los-87-anos-murio-periodista-escritor-tom-wolfe\/#breadcrumb","itemListElement":[{"@type":"ListItem","position":1,"name":"Portada","item":"https:\/\/diariotextual.com\/inicio\/"},{"@type":"ListItem","position":2,"name":"A los 87 a\u00f1os, muri\u00f3 el periodista y escritor Tom Wolfe"}]},{"@type":"WebSite","@id":"https:\/\/diariotextual.com\/inicio\/#website","url":"https:\/\/diariotextual.com\/inicio\/","name":"Diario Textual","description":"","publisher":{"@id":"https:\/\/diariotextual.com\/inicio\/#organization"},"potentialAction":[{"@type":"SearchAction","target":{"@type":"EntryPoint","urlTemplate":"https:\/\/diariotextual.com\/inicio\/?s={search_term_string}"},"query-input":{"@type":"PropertyValueSpecification","valueRequired":true,"valueName":"search_term_string"}}],"inLanguage":"es"},{"@type":"Organization","@id":"https:\/\/diariotextual.com\/inicio\/#organization","name":"Diario Textual","url":"https:\/\/diariotextual.com\/inicio\/","logo":{"@type":"ImageObject","inLanguage":"es","@id":"https:\/\/diariotextual.com\/inicio\/#\/schema\/logo\/image\/","url":"https:\/\/diariotextual.com\/inicio\/wp-content\/uploads\/2023\/05\/logotextual1.jpg","contentUrl":"https:\/\/diariotextual.com\/inicio\/wp-content\/uploads\/2023\/05\/logotextual1.jpg","width":516,"height":76,"caption":"Diario Textual"},"image":{"@id":"https:\/\/diariotextual.com\/inicio\/#\/schema\/logo\/image\/"},"sameAs":["https:\/\/www.facebook.com\/eltextual","https:\/\/x.com\/eltextual","http:\/\/www.instagram.com\/eltextual"]},{"@type":"Person","@id":"https:\/\/diariotextual.com\/inicio\/#\/schema\/person\/694f60677f23c4a530867a98f22b3768","name":"diario2","image":{"@type":"ImageObject","inLanguage":"es","@id":"https:\/\/secure.gravatar.com\/avatar\/5a2567495ba16b852fcd8f1ed006a2e24fcace936018ed8237e95f488ad6e0a7?s=96&d=mm&r=g","url":"https:\/\/secure.gravatar.com\/avatar\/5a2567495ba16b852fcd8f1ed006a2e24fcace936018ed8237e95f488ad6e0a7?s=96&d=mm&r=g","contentUrl":"https:\/\/secure.gravatar.com\/avatar\/5a2567495ba16b852fcd8f1ed006a2e24fcace936018ed8237e95f488ad6e0a7?s=96&d=mm&r=g","caption":"diario2"},"url":"https:\/\/diariotextual.com\/inicio\/index.php\/author\/diario2\/"}]}},"_links":{"self":[{"href":"https:\/\/diariotextual.com\/inicio\/index.php\/wp-json\/wp\/v2\/posts\/7506","targetHints":{"allow":["GET"]}}],"collection":[{"href":"https:\/\/diariotextual.com\/inicio\/index.php\/wp-json\/wp\/v2\/posts"}],"about":[{"href":"https:\/\/diariotextual.com\/inicio\/index.php\/wp-json\/wp\/v2\/types\/post"}],"author":[{"embeddable":true,"href":"https:\/\/diariotextual.com\/inicio\/index.php\/wp-json\/wp\/v2\/users\/4"}],"replies":[{"embeddable":true,"href":"https:\/\/diariotextual.com\/inicio\/index.php\/wp-json\/wp\/v2\/comments?post=7506"}],"version-history":[{"count":5,"href":"https:\/\/diariotextual.com\/inicio\/index.php\/wp-json\/wp\/v2\/posts\/7506\/revisions"}],"predecessor-version":[{"id":7512,"href":"https:\/\/diariotextual.com\/inicio\/index.php\/wp-json\/wp\/v2\/posts\/7506\/revisions\/7512"}],"wp:featuredmedia":[{"embeddable":true,"href":"https:\/\/diariotextual.com\/inicio\/index.php\/wp-json\/wp\/v2\/media\/7507"}],"wp:attachment":[{"href":"https:\/\/diariotextual.com\/inicio\/index.php\/wp-json\/wp\/v2\/media?parent=7506"}],"wp:term":[{"taxonomy":"category","embeddable":true,"href":"https:\/\/diariotextual.com\/inicio\/index.php\/wp-json\/wp\/v2\/categories?post=7506"},{"taxonomy":"post_tag","embeddable":true,"href":"https:\/\/diariotextual.com\/inicio\/index.php\/wp-json\/wp\/v2\/tags?post=7506"}],"curies":[{"name":"wp","href":"https:\/\/api.w.org\/{rel}","templated":true}]}}