{"id":7532,"date":"2018-05-15T18:28:59","date_gmt":"2018-05-15T21:28:59","guid":{"rendered":"http:\/\/diariotextual.com\/inicio\/?p=7532"},"modified":"2018-05-16T09:04:09","modified_gmt":"2018-05-16T12:04:09","slug":"fracking-la-pampa-tomar-una-decision-dice-gobierno","status":"publish","type":"post","link":"https:\/\/diariotextual.com\/inicio\/index.php\/2018\/05\/15\/fracking-la-pampa-tomar-una-decision-dice-gobierno\/","title":{"rendered":"\u00bfFracking en La Pampa? \u00abHay que tomar una decisi\u00f3n\u00bb, dice el Gobierno"},"content":{"rendered":"<p>El subsecretario de Hidrocarburos y Miner\u00eda de la provincia, <strong>Mat\u00edas Tosso<\/strong>, dijo que \u00abprobablemente\u00bb habr\u00eda que \u00abtomar una decisi\u00f3n\u201d para autorizar o no el<strong> fracking<\/strong> en la actividad <strong>hidrocarbur\u00edfera<\/strong> en La Pampa. <strong>\u00abProbablemente en unos a\u00f1os vamos a tener que tomar una decisi\u00f3n sobre si se hace fracking o no\u201d, dijo. <\/strong><\/p>\n<p>\u201cTodo trabajo exploratorio deber\u00eda hacerse sin fracking. Es un tema que va mucho m\u00e1s all\u00e1 incluso del agua. H<strong>ay que hacer todos los estudios ambientales. Hemos estudiado el tema y pareciera ser que desde el punto de vista t\u00e9cnico, hay media biblioteca a favor y media en contra<\/strong>. Ac\u00e1 hay una cuesti\u00f3n pol\u00edtica, jur\u00eddica y ambiental que debe estar contemplado antes de hacer el fracking\u201d, razon\u00f3.<\/p>\n<p><strong>Estas declaraciones se dieron precisamente cuando La Pampa viene cuestionando la actividad de fracking al sur de Mendoza porque sospecha que podr\u00eda contaminar el agua del r\u00edo Atuel.<\/strong><\/p>\n<p>La\u00a0<b>fracturaci\u00f3n hidr\u00e1ulica<\/b> es una t\u00e9cnica para posibilitar o aumentar la extracci\u00f3n de gas y petr\u00f3leo del subsuelo. La t\u00e9cnica consiste en la perforaci\u00f3n de un pozo vertical u horizontal, entubado y cementado, a m\u00e1s de 2500 metros de profundidad, con el objetivo de generar uno o varios canales de elevada permeabilidad a trav\u00e9s de la inyecci\u00f3n de agua a alta presi\u00f3n, de modo que supere la resistencia de la roca y abra una fractura controlada en el fondo del pozo. As\u00ed, se logra la salida de petr\u00f3leo o gas\u00a0hacia la superficie.<\/p>\n<p>Tosso hizo estas declaraciones durante el <strong>plenario de las comisiones de Asuntos Agrarios y Hacienda y Presupuesto<\/strong>, en Diputados, donde se emitieron dict\u00e1menes favorables por unanimidad a dos proyectos enviados por el Ejecutivo Provincia. Uno que tiene que ver con la autorizaci\u00f3n para suscribir con la empresa Pampetrol S.A.P.E.M., las adendas de los contratos por la explotaci\u00f3n de distintas \u00e1reas. Y otro, por el que se declara de Inter\u00e9s Estrat\u00e9gico para el Desarrollo de la Pol\u00edtica Hidrocarbur\u00edfera Provincial, el \u00e1rea CNQ-23-Puel\u00e9n.<\/p>\n<p>\u201cEstas son iniciativas que tienen que ver con el futuro, de renovar el servicio, porque la intenci\u00f3n es buscar nuevos yacimientos, estamos pensando en 10 y 15 a\u00f1os para adelante. Despu\u00e9s cada una de las \u00e1reas tienen sus caracter\u00edsticas espec\u00edficas\u201d, dijo.<\/p>\n<p>&nbsp;<\/p>\n<p>&nbsp;<\/p>\n","protected":false},"excerpt":{"rendered":"<p>El subsecretario de Hidrocarburos y Miner\u00eda de la provincia, Mat\u00edas Tosso, dijo que \u00abprobablemente\u00bb habr\u00eda que \u00abtomar una decisi\u00f3n\u201d para autorizar o no el fracking en la actividad hidrocarbur\u00edfera en&hellip;<\/p>\n","protected":false},"author":3,"featured_media":7536,"comment_status":"open","ping_status":"open","sticky":false,"template":"","format":"standard","meta":{"_acf_changed":false,"footnotes":""},"categories":[10,12],"tags":[],"class_list":["post-7532","post","type-post","status-publish","format-standard","has-post-thumbnail","hentry","category-portada-2","category-sociedad"],"acf":[],"yoast_head":"<!-- This site is optimized with the Yoast SEO plugin v27.5 - https:\/\/yoast.com\/product\/yoast-seo-wordpress\/ -->\n<title>\u00bfFracking en La Pampa? &quot;Hay que tomar una decisi\u00f3n&quot;, dice el Gobierno - Diario Textual<\/title>\n<meta name=\"robots\" content=\"index, follow, max-snippet:-1, max-image-preview:large, max-video-preview:-1\" \/>\n<link rel=\"canonical\" href=\"https:\/\/diariotextual.com\/inicio\/index.php\/2018\/05\/15\/fracking-la-pampa-tomar-una-decision-dice-gobierno\/\" \/>\n<meta property=\"og:locale\" content=\"es_ES\" \/>\n<meta property=\"og:type\" content=\"article\" \/>\n<meta property=\"og:title\" content=\"\u00bfFracking en La Pampa? &quot;Hay que tomar una decisi\u00f3n&quot;, dice el Gobierno - Diario Textual\" \/>\n<meta property=\"og:description\" content=\"El subsecretario de Hidrocarburos y Miner\u00eda de la provincia, Mat\u00edas Tosso, dijo que \u00abprobablemente\u00bb habr\u00eda que \u00abtomar una decisi\u00f3n\u201d para autorizar o no el fracking en la actividad hidrocarbur\u00edfera en&hellip;\" \/>\n<meta property=\"og:url\" content=\"https:\/\/diariotextual.com\/inicio\/index.php\/2018\/05\/15\/fracking-la-pampa-tomar-una-decision-dice-gobierno\/\" \/>\n<meta property=\"og:site_name\" content=\"Diario Textual\" \/>\n<meta property=\"article:publisher\" content=\"https:\/\/www.facebook.com\/eltextual\" \/>\n<meta property=\"article:published_time\" content=\"2018-05-15T21:28:59+00:00\" \/>\n<meta property=\"article:modified_time\" content=\"2018-05-16T12:04:09+00:00\" \/>\n<meta property=\"og:image\" content=\"https:\/\/diariotextual.com\/inicio\/wp-content\/uploads\/2018\/05\/fracking1212.jpg\" \/>\n\t<meta property=\"og:image:width\" content=\"2047\" \/>\n\t<meta property=\"og:image:height\" content=\"1343\" \/>\n\t<meta property=\"og:image:type\" content=\"image\/jpeg\" \/>\n<meta name=\"author\" content=\"Diario1 Diario1\" \/>\n<meta name=\"twitter:card\" content=\"summary_large_image\" \/>\n<meta name=\"twitter:creator\" content=\"@eltextual\" \/>\n<meta name=\"twitter:site\" content=\"@eltextual\" \/>\n<meta name=\"twitter:label1\" content=\"Escrito por\" \/>\n\t<meta name=\"twitter:data1\" content=\"Diario1 Diario1\" \/>\n\t<meta name=\"twitter:label2\" content=\"Tiempo de lectura\" \/>\n\t<meta name=\"twitter:data2\" content=\"2 minutos\" \/>\n<script type=\"application\/ld+json\" class=\"yoast-schema-graph\">{\"@context\":\"https:\\\/\\\/schema.org\",\"@graph\":[{\"@type\":\"Article\",\"@id\":\"https:\\\/\\\/diariotextual.com\\\/inicio\\\/index.php\\\/2018\\\/05\\\/15\\\/fracking-la-pampa-tomar-una-decision-dice-gobierno\\\/#article\",\"isPartOf\":{\"@id\":\"https:\\\/\\\/diariotextual.com\\\/inicio\\\/index.php\\\/2018\\\/05\\\/15\\\/fracking-la-pampa-tomar-una-decision-dice-gobierno\\\/\"},\"author\":{\"name\":\"Diario1 Diario1\",\"@id\":\"https:\\\/\\\/diariotextual.com\\\/inicio\\\/#\\\/schema\\\/person\\\/418fc4093c33e86ed41562db3508f958\"},\"headline\":\"\u00bfFracking en La Pampa? \u00abHay que tomar una decisi\u00f3n\u00bb, dice el Gobierno\",\"datePublished\":\"2018-05-15T21:28:59+00:00\",\"dateModified\":\"2018-05-16T12:04:09+00:00\",\"mainEntityOfPage\":{\"@id\":\"https:\\\/\\\/diariotextual.com\\\/inicio\\\/index.php\\\/2018\\\/05\\\/15\\\/fracking-la-pampa-tomar-una-decision-dice-gobierno\\\/\"},\"wordCount\":417,\"commentCount\":0,\"publisher\":{\"@id\":\"https:\\\/\\\/diariotextual.com\\\/inicio\\\/#organization\"},\"image\":{\"@id\":\"https:\\\/\\\/diariotextual.com\\\/inicio\\\/index.php\\\/2018\\\/05\\\/15\\\/fracking-la-pampa-tomar-una-decision-dice-gobierno\\\/#primaryimage\"},\"thumbnailUrl\":\"https:\\\/\\\/diariotextual.com\\\/inicio\\\/wp-content\\\/uploads\\\/2018\\\/05\\\/fracking1212.jpg\",\"articleSection\":[\"A - PORTADA2\",\"SOCIEDAD\"],\"inLanguage\":\"es\",\"potentialAction\":[{\"@type\":\"CommentAction\",\"name\":\"Comment\",\"target\":[\"https:\\\/\\\/diariotextual.com\\\/inicio\\\/index.php\\\/2018\\\/05\\\/15\\\/fracking-la-pampa-tomar-una-decision-dice-gobierno\\\/#respond\"]}]},{\"@type\":\"WebPage\",\"@id\":\"https:\\\/\\\/diariotextual.com\\\/inicio\\\/index.php\\\/2018\\\/05\\\/15\\\/fracking-la-pampa-tomar-una-decision-dice-gobierno\\\/\",\"url\":\"https:\\\/\\\/diariotextual.com\\\/inicio\\\/index.php\\\/2018\\\/05\\\/15\\\/fracking-la-pampa-tomar-una-decision-dice-gobierno\\\/\",\"name\":\"\u00bfFracking en La Pampa? \\\"Hay que tomar una decisi\u00f3n\\\", dice el Gobierno - Diario Textual\",\"isPartOf\":{\"@id\":\"https:\\\/\\\/diariotextual.com\\\/inicio\\\/#website\"},\"primaryImageOfPage\":{\"@id\":\"https:\\\/\\\/diariotextual.com\\\/inicio\\\/index.php\\\/2018\\\/05\\\/15\\\/fracking-la-pampa-tomar-una-decision-dice-gobierno\\\/#primaryimage\"},\"image\":{\"@id\":\"https:\\\/\\\/diariotextual.com\\\/inicio\\\/index.php\\\/2018\\\/05\\\/15\\\/fracking-la-pampa-tomar-una-decision-dice-gobierno\\\/#primaryimage\"},\"thumbnailUrl\":\"https:\\\/\\\/diariotextual.com\\\/inicio\\\/wp-content\\\/uploads\\\/2018\\\/05\\\/fracking1212.jpg\",\"datePublished\":\"2018-05-15T21:28:59+00:00\",\"dateModified\":\"2018-05-16T12:04:09+00:00\",\"breadcrumb\":{\"@id\":\"https:\\\/\\\/diariotextual.com\\\/inicio\\\/index.php\\\/2018\\\/05\\\/15\\\/fracking-la-pampa-tomar-una-decision-dice-gobierno\\\/#breadcrumb\"},\"inLanguage\":\"es\",\"potentialAction\":[{\"@type\":\"ReadAction\",\"target\":[\"https:\\\/\\\/diariotextual.com\\\/inicio\\\/index.php\\\/2018\\\/05\\\/15\\\/fracking-la-pampa-tomar-una-decision-dice-gobierno\\\/\"]}]},{\"@type\":\"ImageObject\",\"inLanguage\":\"es\",\"@id\":\"https:\\\/\\\/diariotextual.com\\\/inicio\\\/index.php\\\/2018\\\/05\\\/15\\\/fracking-la-pampa-tomar-una-decision-dice-gobierno\\\/#primaryimage\",\"url\":\"https:\\\/\\\/diariotextual.com\\\/inicio\\\/wp-content\\\/uploads\\\/2018\\\/05\\\/fracking1212.jpg\",\"contentUrl\":\"https:\\\/\\\/diariotextual.com\\\/inicio\\\/wp-content\\\/uploads\\\/2018\\\/05\\\/fracking1212.jpg\",\"width\":2047,\"height\":1343},{\"@type\":\"BreadcrumbList\",\"@id\":\"https:\\\/\\\/diariotextual.com\\\/inicio\\\/index.php\\\/2018\\\/05\\\/15\\\/fracking-la-pampa-tomar-una-decision-dice-gobierno\\\/#breadcrumb\",\"itemListElement\":[{\"@type\":\"ListItem\",\"position\":1,\"name\":\"Portada\",\"item\":\"https:\\\/\\\/diariotextual.com\\\/inicio\\\/\"},{\"@type\":\"ListItem\",\"position\":2,\"name\":\"\u00bfFracking en La Pampa? \u00abHay que tomar una decisi\u00f3n\u00bb, dice el Gobierno\"}]},{\"@type\":\"WebSite\",\"@id\":\"https:\\\/\\\/diariotextual.com\\\/inicio\\\/#website\",\"url\":\"https:\\\/\\\/diariotextual.com\\\/inicio\\\/\",\"name\":\"Diario Textual\",\"description\":\"\",\"publisher\":{\"@id\":\"https:\\\/\\\/diariotextual.com\\\/inicio\\\/#organization\"},\"potentialAction\":[{\"@type\":\"SearchAction\",\"target\":{\"@type\":\"EntryPoint\",\"urlTemplate\":\"https:\\\/\\\/diariotextual.com\\\/inicio\\\/?s={search_term_string}\"},\"query-input\":{\"@type\":\"PropertyValueSpecification\",\"valueRequired\":true,\"valueName\":\"search_term_string\"}}],\"inLanguage\":\"es\"},{\"@type\":\"Organization\",\"@id\":\"https:\\\/\\\/diariotextual.com\\\/inicio\\\/#organization\",\"name\":\"Diario Textual\",\"url\":\"https:\\\/\\\/diariotextual.com\\\/inicio\\\/\",\"logo\":{\"@type\":\"ImageObject\",\"inLanguage\":\"es\",\"@id\":\"https:\\\/\\\/diariotextual.com\\\/inicio\\\/#\\\/schema\\\/logo\\\/image\\\/\",\"url\":\"https:\\\/\\\/diariotextual.com\\\/inicio\\\/wp-content\\\/uploads\\\/2023\\\/05\\\/logotextual1.jpg\",\"contentUrl\":\"https:\\\/\\\/diariotextual.com\\\/inicio\\\/wp-content\\\/uploads\\\/2023\\\/05\\\/logotextual1.jpg\",\"width\":516,\"height\":76,\"caption\":\"Diario Textual\"},\"image\":{\"@id\":\"https:\\\/\\\/diariotextual.com\\\/inicio\\\/#\\\/schema\\\/logo\\\/image\\\/\"},\"sameAs\":[\"https:\\\/\\\/www.facebook.com\\\/eltextual\",\"https:\\\/\\\/x.com\\\/eltextual\",\"http:\\\/\\\/www.instagram.com\\\/eltextual\"]},{\"@type\":\"Person\",\"@id\":\"https:\\\/\\\/diariotextual.com\\\/inicio\\\/#\\\/schema\\\/person\\\/418fc4093c33e86ed41562db3508f958\",\"name\":\"Diario1 Diario1\",\"image\":{\"@type\":\"ImageObject\",\"inLanguage\":\"es\",\"@id\":\"https:\\\/\\\/secure.gravatar.com\\\/avatar\\\/9167d280179c85bc18be67aa7eda765854300033af4896dd779b608640f2ef7a?s=96&d=mm&r=g\",\"url\":\"https:\\\/\\\/secure.gravatar.com\\\/avatar\\\/9167d280179c85bc18be67aa7eda765854300033af4896dd779b608640f2ef7a?s=96&d=mm&r=g\",\"contentUrl\":\"https:\\\/\\\/secure.gravatar.com\\\/avatar\\\/9167d280179c85bc18be67aa7eda765854300033af4896dd779b608640f2ef7a?s=96&d=mm&r=g\",\"caption\":\"Diario1 Diario1\"},\"url\":\"https:\\\/\\\/diariotextual.com\\\/inicio\\\/index.php\\\/author\\\/diario1\\\/\"}]}<\/script>\n<!-- \/ Yoast SEO plugin. -->","yoast_head_json":{"title":"\u00bfFracking en La Pampa? \"Hay que tomar una decisi\u00f3n\", dice el Gobierno - Diario Textual","robots":{"index":"index","follow":"follow","max-snippet":"max-snippet:-1","max-image-preview":"max-image-preview:large","max-video-preview":"max-video-preview:-1"},"canonical":"https:\/\/diariotextual.com\/inicio\/index.php\/2018\/05\/15\/fracking-la-pampa-tomar-una-decision-dice-gobierno\/","og_locale":"es_ES","og_type":"article","og_title":"\u00bfFracking en La Pampa? \"Hay que tomar una decisi\u00f3n\", dice el Gobierno - Diario Textual","og_description":"El subsecretario de Hidrocarburos y Miner\u00eda de la provincia, Mat\u00edas Tosso, dijo que \u00abprobablemente\u00bb habr\u00eda que \u00abtomar una decisi\u00f3n\u201d para autorizar o no el fracking en la actividad hidrocarbur\u00edfera en&hellip;","og_url":"https:\/\/diariotextual.com\/inicio\/index.php\/2018\/05\/15\/fracking-la-pampa-tomar-una-decision-dice-gobierno\/","og_site_name":"Diario Textual","article_publisher":"https:\/\/www.facebook.com\/eltextual","article_published_time":"2018-05-15T21:28:59+00:00","article_modified_time":"2018-05-16T12:04:09+00:00","og_image":[{"width":2047,"height":1343,"url":"https:\/\/diariotextual.com\/inicio\/wp-content\/uploads\/2018\/05\/fracking1212.jpg","type":"image\/jpeg"}],"author":"Diario1 Diario1","twitter_card":"summary_large_image","twitter_creator":"@eltextual","twitter_site":"@eltextual","twitter_misc":{"Escrito por":"Diario1 Diario1","Tiempo de lectura":"2 minutos"},"schema":{"@context":"https:\/\/schema.org","@graph":[{"@type":"Article","@id":"https:\/\/diariotextual.com\/inicio\/index.php\/2018\/05\/15\/fracking-la-pampa-tomar-una-decision-dice-gobierno\/#article","isPartOf":{"@id":"https:\/\/diariotextual.com\/inicio\/index.php\/2018\/05\/15\/fracking-la-pampa-tomar-una-decision-dice-gobierno\/"},"author":{"name":"Diario1 Diario1","@id":"https:\/\/diariotextual.com\/inicio\/#\/schema\/person\/418fc4093c33e86ed41562db3508f958"},"headline":"\u00bfFracking en La Pampa? \u00abHay que tomar una decisi\u00f3n\u00bb, dice el Gobierno","datePublished":"2018-05-15T21:28:59+00:00","dateModified":"2018-05-16T12:04:09+00:00","mainEntityOfPage":{"@id":"https:\/\/diariotextual.com\/inicio\/index.php\/2018\/05\/15\/fracking-la-pampa-tomar-una-decision-dice-gobierno\/"},"wordCount":417,"commentCount":0,"publisher":{"@id":"https:\/\/diariotextual.com\/inicio\/#organization"},"image":{"@id":"https:\/\/diariotextual.com\/inicio\/index.php\/2018\/05\/15\/fracking-la-pampa-tomar-una-decision-dice-gobierno\/#primaryimage"},"thumbnailUrl":"https:\/\/diariotextual.com\/inicio\/wp-content\/uploads\/2018\/05\/fracking1212.jpg","articleSection":["A - PORTADA2","SOCIEDAD"],"inLanguage":"es","potentialAction":[{"@type":"CommentAction","name":"Comment","target":["https:\/\/diariotextual.com\/inicio\/index.php\/2018\/05\/15\/fracking-la-pampa-tomar-una-decision-dice-gobierno\/#respond"]}]},{"@type":"WebPage","@id":"https:\/\/diariotextual.com\/inicio\/index.php\/2018\/05\/15\/fracking-la-pampa-tomar-una-decision-dice-gobierno\/","url":"https:\/\/diariotextual.com\/inicio\/index.php\/2018\/05\/15\/fracking-la-pampa-tomar-una-decision-dice-gobierno\/","name":"\u00bfFracking en La Pampa? \"Hay que tomar una decisi\u00f3n\", dice el Gobierno - Diario Textual","isPartOf":{"@id":"https:\/\/diariotextual.com\/inicio\/#website"},"primaryImageOfPage":{"@id":"https:\/\/diariotextual.com\/inicio\/index.php\/2018\/05\/15\/fracking-la-pampa-tomar-una-decision-dice-gobierno\/#primaryimage"},"image":{"@id":"https:\/\/diariotextual.com\/inicio\/index.php\/2018\/05\/15\/fracking-la-pampa-tomar-una-decision-dice-gobierno\/#primaryimage"},"thumbnailUrl":"https:\/\/diariotextual.com\/inicio\/wp-content\/uploads\/2018\/05\/fracking1212.jpg","datePublished":"2018-05-15T21:28:59+00:00","dateModified":"2018-05-16T12:04:09+00:00","breadcrumb":{"@id":"https:\/\/diariotextual.com\/inicio\/index.php\/2018\/05\/15\/fracking-la-pampa-tomar-una-decision-dice-gobierno\/#breadcrumb"},"inLanguage":"es","potentialAction":[{"@type":"ReadAction","target":["https:\/\/diariotextual.com\/inicio\/index.php\/2018\/05\/15\/fracking-la-pampa-tomar-una-decision-dice-gobierno\/"]}]},{"@type":"ImageObject","inLanguage":"es","@id":"https:\/\/diariotextual.com\/inicio\/index.php\/2018\/05\/15\/fracking-la-pampa-tomar-una-decision-dice-gobierno\/#primaryimage","url":"https:\/\/diariotextual.com\/inicio\/wp-content\/uploads\/2018\/05\/fracking1212.jpg","contentUrl":"https:\/\/diariotextual.com\/inicio\/wp-content\/uploads\/2018\/05\/fracking1212.jpg","width":2047,"height":1343},{"@type":"BreadcrumbList","@id":"https:\/\/diariotextual.com\/inicio\/index.php\/2018\/05\/15\/fracking-la-pampa-tomar-una-decision-dice-gobierno\/#breadcrumb","itemListElement":[{"@type":"ListItem","position":1,"name":"Portada","item":"https:\/\/diariotextual.com\/inicio\/"},{"@type":"ListItem","position":2,"name":"\u00bfFracking en La Pampa? \u00abHay que tomar una decisi\u00f3n\u00bb, dice el Gobierno"}]},{"@type":"WebSite","@id":"https:\/\/diariotextual.com\/inicio\/#website","url":"https:\/\/diariotextual.com\/inicio\/","name":"Diario Textual","description":"","publisher":{"@id":"https:\/\/diariotextual.com\/inicio\/#organization"},"potentialAction":[{"@type":"SearchAction","target":{"@type":"EntryPoint","urlTemplate":"https:\/\/diariotextual.com\/inicio\/?s={search_term_string}"},"query-input":{"@type":"PropertyValueSpecification","valueRequired":true,"valueName":"search_term_string"}}],"inLanguage":"es"},{"@type":"Organization","@id":"https:\/\/diariotextual.com\/inicio\/#organization","name":"Diario Textual","url":"https:\/\/diariotextual.com\/inicio\/","logo":{"@type":"ImageObject","inLanguage":"es","@id":"https:\/\/diariotextual.com\/inicio\/#\/schema\/logo\/image\/","url":"https:\/\/diariotextual.com\/inicio\/wp-content\/uploads\/2023\/05\/logotextual1.jpg","contentUrl":"https:\/\/diariotextual.com\/inicio\/wp-content\/uploads\/2023\/05\/logotextual1.jpg","width":516,"height":76,"caption":"Diario Textual"},"image":{"@id":"https:\/\/diariotextual.com\/inicio\/#\/schema\/logo\/image\/"},"sameAs":["https:\/\/www.facebook.com\/eltextual","https:\/\/x.com\/eltextual","http:\/\/www.instagram.com\/eltextual"]},{"@type":"Person","@id":"https:\/\/diariotextual.com\/inicio\/#\/schema\/person\/418fc4093c33e86ed41562db3508f958","name":"Diario1 Diario1","image":{"@type":"ImageObject","inLanguage":"es","@id":"https:\/\/secure.gravatar.com\/avatar\/9167d280179c85bc18be67aa7eda765854300033af4896dd779b608640f2ef7a?s=96&d=mm&r=g","url":"https:\/\/secure.gravatar.com\/avatar\/9167d280179c85bc18be67aa7eda765854300033af4896dd779b608640f2ef7a?s=96&d=mm&r=g","contentUrl":"https:\/\/secure.gravatar.com\/avatar\/9167d280179c85bc18be67aa7eda765854300033af4896dd779b608640f2ef7a?s=96&d=mm&r=g","caption":"Diario1 Diario1"},"url":"https:\/\/diariotextual.com\/inicio\/index.php\/author\/diario1\/"}]}},"_links":{"self":[{"href":"https:\/\/diariotextual.com\/inicio\/index.php\/wp-json\/wp\/v2\/posts\/7532","targetHints":{"allow":["GET"]}}],"collection":[{"href":"https:\/\/diariotextual.com\/inicio\/index.php\/wp-json\/wp\/v2\/posts"}],"about":[{"href":"https:\/\/diariotextual.com\/inicio\/index.php\/wp-json\/wp\/v2\/types\/post"}],"author":[{"embeddable":true,"href":"https:\/\/diariotextual.com\/inicio\/index.php\/wp-json\/wp\/v2\/users\/3"}],"replies":[{"embeddable":true,"href":"https:\/\/diariotextual.com\/inicio\/index.php\/wp-json\/wp\/v2\/comments?post=7532"}],"version-history":[{"count":4,"href":"https:\/\/diariotextual.com\/inicio\/index.php\/wp-json\/wp\/v2\/posts\/7532\/revisions"}],"predecessor-version":[{"id":7537,"href":"https:\/\/diariotextual.com\/inicio\/index.php\/wp-json\/wp\/v2\/posts\/7532\/revisions\/7537"}],"wp:featuredmedia":[{"embeddable":true,"href":"https:\/\/diariotextual.com\/inicio\/index.php\/wp-json\/wp\/v2\/media\/7536"}],"wp:attachment":[{"href":"https:\/\/diariotextual.com\/inicio\/index.php\/wp-json\/wp\/v2\/media?parent=7532"}],"wp:term":[{"taxonomy":"category","embeddable":true,"href":"https:\/\/diariotextual.com\/inicio\/index.php\/wp-json\/wp\/v2\/categories?post=7532"},{"taxonomy":"post_tag","embeddable":true,"href":"https:\/\/diariotextual.com\/inicio\/index.php\/wp-json\/wp\/v2\/tags?post=7532"}],"curies":[{"name":"wp","href":"https:\/\/api.w.org\/{rel}","templated":true}]}}