{"id":75503,"date":"2020-01-06T10:16:05","date_gmt":"2020-01-06T13:16:05","guid":{"rendered":"http:\/\/diariotextual.com\/inicio\/?p=75503"},"modified":"2020-01-06T10:16:05","modified_gmt":"2020-01-06T13:16:05","slug":"los-datos-lluvias-la-maxima-luiggi-85-milimetros","status":"publish","type":"post","link":"https:\/\/diariotextual.com\/inicio\/index.php\/2020\/01\/06\/los-datos-lluvias-la-maxima-luiggi-85-milimetros\/","title":{"rendered":"Los datos de lluvias: la m\u00e1xima, en Luiggi, con\u00a085 mil\u00edmetros"},"content":{"rendered":"<p>La Direcci\u00f3n de Comunicaciones de la Polic\u00eda difundi\u00f3 los datos de lluvias entre las 9 de este domingo y las 9 de hoy lunes. <strong>La m\u00e1xima se registr\u00f3 en Ingeniero Luiggi, con\u00a085 mil\u00edmetros.\u00a0<\/strong><\/p>\n<p>&nbsp;<\/p>\n<table border=\"1\" cellspacing=\"0\" cellpadding=\"0\">\n<tbody>\n<tr>\n<td colspan=\"4\" width=\"546\" height=\"21\">DATOS DE LLUVIA EN LA PROVINCIA DE LA PAMPA<\/td>\n<td width=\"65\"><\/td>\n<td width=\"65\"><\/td>\n<\/tr>\n<tr>\n<td align=\"right\" height=\"17\"><\/td>\n<td><\/td>\n<td><\/td>\n<td><\/td>\n<td><\/td>\n<td><\/td>\n<\/tr>\n<tr>\n<td colspan=\"3\" height=\"17\"><\/td>\n<td><\/td>\n<td><\/td>\n<td><\/td>\n<\/tr>\n<tr>\n<td height=\"21\">UNIDAD REGIONAL I<\/td>\n<td><\/td>\n<td><\/td>\n<td><\/td>\n<td><\/td>\n<td><\/td>\n<\/tr>\n<tr>\n<td height=\"18\"><\/td>\n<td><\/td>\n<td><\/td>\n<td><\/td>\n<td><\/td>\n<td><\/td>\n<\/tr>\n<tr>\n<td height=\"17\">DEPTO CONHELO<\/td>\n<td>MM<\/td>\n<td><\/td>\n<td><\/td>\n<td>MM<\/td>\n<td><\/td>\n<\/tr>\n<tr>\n<td height=\"21\">M. Nievas<\/td>\n<td>38<\/td>\n<td><\/td>\n<td>Rucanelo<\/td>\n<td>7<\/td>\n<td><\/td>\n<\/tr>\n<tr>\n<td height=\"21\">E. Castex<\/td>\n<td>20<\/td>\n<td><\/td>\n<td>Winifreda<\/td>\n<td>6<\/td>\n<td><\/td>\n<\/tr>\n<tr>\n<td height=\"21\">Conhelo<\/td>\n<td>S\/D<\/td>\n<td><\/td>\n<td>MAYER<\/td>\n<td>15<\/td>\n<td><\/td>\n<\/tr>\n<tr>\n<td height=\"18\"><\/td>\n<td><\/td>\n<td><\/td>\n<td><\/td>\n<td><\/td>\n<td><\/td>\n<\/tr>\n<tr>\n<td height=\"17\">DEPTO LOVENTUE<\/td>\n<td>MM<\/td>\n<td><\/td>\n<td><\/td>\n<td>MM<\/td>\n<td><\/td>\n<\/tr>\n<tr>\n<td height=\"21\">L. Toro<\/td>\n<td>S\/D<\/td>\n<td><\/td>\n<td>Telen<\/td>\n<td>S\/D<\/td>\n<td><\/td>\n<\/tr>\n<tr>\n<td height=\"21\">Loventuel<\/td>\n<td>S\/D<\/td>\n<td><\/td>\n<td>C. Quemado<\/td>\n<td>S\/D<\/td>\n<td><\/td>\n<\/tr>\n<tr>\n<td height=\"21\">Victorica<\/td>\n<td>S\/D<\/td>\n<td><\/td>\n<td>P. C. El Durazno<\/td>\n<td>S\/D<\/td>\n<td><\/td>\n<\/tr>\n<tr>\n<td height=\"21\">P. C. Victorica<\/td>\n<td>S\/D<\/td>\n<td><\/td>\n<td><\/td>\n<td><\/td>\n<td><\/td>\n<\/tr>\n<tr>\n<td height=\"17\">DEPTO TOAY<\/td>\n<td>MM<\/td>\n<td><\/td>\n<td><\/td>\n<td>MM<\/td>\n<td><\/td>\n<\/tr>\n<tr>\n<td height=\"21\">Toay<\/td>\n<td>5<\/td>\n<td><\/td>\n<td>Naico<\/td>\n<td>6<\/td>\n<td><\/td>\n<\/tr>\n<tr>\n<td height=\"18\"><\/td>\n<td><\/td>\n<td><\/td>\n<td><\/td>\n<td><\/td>\n<td><\/td>\n<\/tr>\n<tr>\n<td height=\"17\">DEPTO CAPITAL<\/td>\n<td>MM<\/td>\n<td><\/td>\n<td><\/td>\n<td>MM<\/td>\n<td><\/td>\n<\/tr>\n<tr>\n<td height=\"21\">Santa Rosa<\/td>\n<td>7<\/td>\n<td><\/td>\n<td>Anguil<\/td>\n<td>6<\/td>\n<td><\/td>\n<\/tr>\n<tr>\n<td height=\"18\"><\/td>\n<td><\/td>\n<td><\/td>\n<td><\/td>\n<td><\/td>\n<td><\/td>\n<\/tr>\n<tr>\n<td height=\"17\">DEPTO CATRILO<\/td>\n<td>MM<\/td>\n<td><\/td>\n<td><\/td>\n<td>MM<\/td>\n<td><\/td>\n<\/tr>\n<tr>\n<td height=\"21\">Catril\u00f3<\/td>\n<td>44<\/td>\n<td><\/td>\n<td>Lonquimay<\/td>\n<td>22<\/td>\n<td><\/td>\n<\/tr>\n<tr>\n<td height=\"21\">Uriburu<\/td>\n<td>5<\/td>\n<td><\/td>\n<td>La Gloria<\/td>\n<td>13<\/td>\n<td><\/td>\n<\/tr>\n<tr>\n<td height=\"21\">P. C. Catril\u00f3<\/td>\n<td>45<\/td>\n<td><\/td>\n<td><\/td>\n<td><\/td>\n<td><\/td>\n<\/tr>\n<tr>\n<td height=\"17\">DEPTO ATREUCO<\/td>\n<td>MM<\/td>\n<td><\/td>\n<td><\/td>\n<td>MM<\/td>\n<td><\/td>\n<\/tr>\n<tr>\n<td height=\"21\">Cereales<\/td>\n<td>S\/D<\/td>\n<td><\/td>\n<td>Rol\u00f3n<\/td>\n<td>6<\/td>\n<td><\/td>\n<\/tr>\n<tr>\n<td height=\"21\">M. Riglos<\/td>\n<td>S\/D<\/td>\n<td><\/td>\n<td>P. C. Rol\u00f3n<\/td>\n<td>3<\/td>\n<td><\/td>\n<\/tr>\n<tr>\n<td height=\"21\">Anchorena<\/td>\n<td>8<\/td>\n<td><\/td>\n<td>Macachin<\/td>\n<td>37<\/td>\n<td><\/td>\n<\/tr>\n<tr>\n<td height=\"21\">P. C. Anchorena<\/td>\n<td>S\/D<\/td>\n<td><\/td>\n<td>Doblas<\/td>\n<td>S\/D<\/td>\n<td><\/td>\n<\/tr>\n<tr>\n<td height=\"18\"><\/td>\n<td><\/td>\n<td><\/td>\n<td><\/td>\n<td><\/td>\n<td><\/td>\n<\/tr>\n<tr>\n<td height=\"17\"><\/td>\n<td><\/td>\n<td><\/td>\n<td><\/td>\n<td><\/td>\n<td><\/td>\n<\/tr>\n<tr>\n<td height=\"21\">UNIDAD REGIONAL II<\/td>\n<td><\/td>\n<td><\/td>\n<td><\/td>\n<td><\/td>\n<td><\/td>\n<\/tr>\n<tr>\n<td height=\"18\"><\/td>\n<td><\/td>\n<td><\/td>\n<td><\/td>\n<td><\/td>\n<td><\/td>\n<\/tr>\n<tr>\n<td height=\"17\">DEPTO RANCUL<\/td>\n<td>MM<\/td>\n<td><\/td>\n<td><\/td>\n<td>MM<\/td>\n<td><\/td>\n<\/tr>\n<tr>\n<td height=\"21\">Chamaico<\/td>\n<td>S\/D<\/td>\n<td><\/td>\n<td>P. Huinca<\/td>\n<td>S\/F<\/td>\n<td><\/td>\n<\/tr>\n<tr>\n<td height=\"21\"><strong>Rancul<\/strong><\/td>\n<td><strong>55<\/strong><\/td>\n<td><\/td>\n<td>La Maruja<\/td>\n<td>S\/F<\/td>\n<td><\/td>\n<\/tr>\n<tr>\n<td height=\"21\">Quetrequen<\/td>\n<td>S\/D<\/td>\n<td><\/td>\n<td>Foster<\/td>\n<td>3<\/td>\n<td><\/td>\n<\/tr>\n<tr>\n<td height=\"21\">Parera<\/td>\n<td>28<\/td>\n<td><\/td>\n<td>P. C. Ing. Foster<\/td>\n<td>3<\/td>\n<td><\/td>\n<\/tr>\n<tr>\n<td height=\"21\">Caleufu<\/td>\n<td>14<\/td>\n<td><\/td>\n<td>El Tala<\/td>\n<td><\/td>\n<td><\/td>\n<\/tr>\n<tr>\n<td height=\"18\"><\/td>\n<td><\/td>\n<td><\/td>\n<td><\/td>\n<td><\/td>\n<td><\/td>\n<\/tr>\n<tr>\n<td height=\"17\">DEPTO REALICO<\/td>\n<td>MM<\/td>\n<td><\/td>\n<td><\/td>\n<td>MM<\/td>\n<td><\/td>\n<\/tr>\n<tr>\n<td height=\"21\">Maisonave<\/td>\n<td>S\/D<\/td>\n<td><\/td>\n<td>A. Italia<\/td>\n<td>32<\/td>\n<td><\/td>\n<\/tr>\n<tr>\n<td height=\"21\">Realico<\/td>\n<td>19<\/td>\n<td><\/td>\n<td>E. Martini<\/td>\n<td>36<\/td>\n<td><\/td>\n<\/tr>\n<tr>\n<td height=\"21\">A. V. Praet<\/td>\n<td>S\/D<\/td>\n<td><\/td>\n<td><strong>I. Luiggi<\/strong><\/td>\n<td><strong>85<\/strong><\/td>\n<td><\/td>\n<\/tr>\n<tr>\n<td height=\"21\">Falucho<\/td>\n<td>S\/D<\/td>\n<td><\/td>\n<td>P. C. Realico<\/td>\n<td>36<\/td>\n<td><\/td>\n<\/tr>\n<tr>\n<td height=\"21\">Ojeda<\/td>\n<td>S\/D<\/td>\n<td><\/td>\n<td><\/td>\n<td><\/td>\n<td><\/td>\n<\/tr>\n<tr>\n<td height=\"18\"><\/td>\n<td><\/td>\n<td><\/td>\n<td><\/td>\n<td><\/td>\n<td><\/td>\n<\/tr>\n<tr>\n<td height=\"17\">DEPTO CHAPALEUFU<\/td>\n<td>MM<\/td>\n<td><\/td>\n<td><\/td>\n<td>MM<\/td>\n<td><\/td>\n<\/tr>\n<tr>\n<td height=\"21\">H. Lagos<\/td>\n<td>17<\/td>\n<td><\/td>\n<td>Ceballos<\/td>\n<td>13<\/td>\n<td><\/td>\n<\/tr>\n<tr>\n<td height=\"21\">Sarah<\/td>\n<td>45<\/td>\n<td><\/td>\n<td>Vertiz<\/td>\n<td>42<\/td>\n<td><\/td>\n<\/tr>\n<tr>\n<td height=\"21\">B. Larroud\u00e9<\/td>\n<td>47<\/td>\n<td><\/td>\n<td>P. C. F. Pampa<\/td>\n<td>33<\/td>\n<td><\/td>\n<\/tr>\n<tr>\n<td height=\"21\">I. Alvear<\/td>\n<td>22<\/td>\n<td><\/td>\n<td><\/td>\n<td><\/td>\n<td><\/td>\n<\/tr>\n<tr>\n<td height=\"21\"><\/td>\n<td><\/td>\n<td><\/td>\n<td><\/td>\n<td><\/td>\n<td><\/td>\n<\/tr>\n<tr>\n<td height=\"17\">DEPTO TRENEL<\/td>\n<td>MM<\/td>\n<td><\/td>\n<td><\/td>\n<td>MM<\/td>\n<td><\/td>\n<\/tr>\n<tr>\n<td height=\"21\">Arata<\/td>\n<td>23<\/td>\n<td><\/td>\n<td>Trenel<\/td>\n<td>13<\/td>\n<td><\/td>\n<\/tr>\n<tr>\n<td height=\"21\">Metileo<\/td>\n<td>30<\/td>\n<td><\/td>\n<td><\/td>\n<td><\/td>\n<td><\/td>\n<\/tr>\n<tr>\n<td height=\"18\"><\/td>\n<td><\/td>\n<td><\/td>\n<td><\/td>\n<td><\/td>\n<td><\/td>\n<\/tr>\n<tr>\n<td height=\"17\">DEPTO MARACO<\/td>\n<td>MM<\/td>\n<td><\/td>\n<td><\/td>\n<td>MM<\/td>\n<td><\/td>\n<\/tr>\n<tr>\n<td height=\"21\">Speluzzi<\/td>\n<td>55<\/td>\n<td><\/td>\n<td>Gral. Pico<\/td>\n<td>30<\/td>\n<td><\/td>\n<\/tr>\n<tr>\n<td height=\"21\">Trebolares<\/td>\n<td>43<\/td>\n<td><\/td>\n<td>P.C Trebolares<\/td>\n<td>45<\/td>\n<td><\/td>\n<\/tr>\n<tr>\n<td height=\"22\">Agustoni<\/td>\n<td>45<\/td>\n<td><\/td>\n<td><\/td>\n<td><\/td>\n<td><\/td>\n<\/tr>\n<tr>\n<td height=\"21\">Dorila<\/td>\n<td>48<\/td>\n<td><\/td>\n<td><\/td>\n<td><\/td>\n<td><\/td>\n<\/tr>\n<tr>\n<td height=\"18\"><\/td>\n<td><\/td>\n<td><\/td>\n<td><\/td>\n<td><\/td>\n<td><\/td>\n<\/tr>\n<tr>\n<td height=\"21\">DEPTO Q. QUEMU<\/td>\n<td>MM<\/td>\n<td><\/td>\n<td><\/td>\n<td>MM<\/td>\n<td><\/td>\n<\/tr>\n<tr>\n<td height=\"21\">V. Mirasol<\/td>\n<td>35<\/td>\n<td><\/td>\n<td>M. Cane<\/td>\n<td>25<\/td>\n<td><\/td>\n<\/tr>\n<tr>\n<td height=\"21\">C. Baron<\/td>\n<td>11<\/td>\n<td><\/td>\n<td>Relmo<\/td>\n<td>45<\/td>\n<td><\/td>\n<\/tr>\n<tr>\n<td height=\"21\">Q. Quem\u00fa<\/td>\n<td>55<\/td>\n<td><\/td>\n<td><\/td>\n<td><\/td>\n<td><\/td>\n<\/tr>\n<tr>\n<td height=\"18\"><\/td>\n<td><\/td>\n<td><\/td>\n<td><\/td>\n<td><\/td>\n<td><\/td>\n<\/tr>\n<tr>\n<td height=\"17\"><\/td>\n<td><\/td>\n<td><\/td>\n<td>&nbsp;<\/p>\n<p>&nbsp;<\/td>\n<\/tr>\n<\/tbody>\n<\/table>\n<p>&nbsp;<\/p>\n<p>&nbsp;<\/p>\n<blockquote class=\"wp-embedded-content\" data-secret=\"mJgpP6DsUe\"><p><a href=\"http:\/\/diariotextual.com\/inicio\/index.php\/2020\/01\/05\/transito-cortado-ruta-1-rafagas-viento-alcanzaron-los-124-km-h-tiraron-tres-arboles\/\">Tr\u00e1nsito cortado en Ruta 1: r\u00e1fagas de viento alcanzaron los 124 km\/h y tiraron tres \u00e1rboles<\/a><\/p><\/blockquote>\n<p><iframe class=\"wp-embedded-content\" sandbox=\"allow-scripts\" security=\"restricted\" style=\"position: absolute; clip: rect(1px, 1px, 1px, 1px);\" src=\"http:\/\/diariotextual.com\/inicio\/index.php\/2020\/01\/05\/transito-cortado-ruta-1-rafagas-viento-alcanzaron-los-124-km-h-tiraron-tres-arboles\/embed\/#?secret=mJgpP6DsUe\" data-secret=\"mJgpP6DsUe\" width=\"600\" height=\"338\" title=\"&#171;Tr\u00e1nsito cortado en Ruta 1: r\u00e1fagas de viento alcanzaron los 124 km\/h y tiraron tres \u00e1rboles&#187; &#8212; Diario Textual\" frameborder=\"0\" marginwidth=\"0\" marginheight=\"0\" scrolling=\"no\"><\/iframe><\/p>\n","protected":false},"excerpt":{"rendered":"<p>La Direcci\u00f3n de Comunicaciones de la Polic\u00eda difundi\u00f3 los datos de lluvias entre las 9 de este domingo y las 9 de hoy lunes. La m\u00e1xima se registr\u00f3 en Ingeniero&hellip;<\/p>\n","protected":false},"author":4,"featured_media":33370,"comment_status":"closed","ping_status":"open","sticky":false,"template":"","format":"standard","meta":{"_acf_changed":false,"footnotes":""},"categories":[11,12],"tags":[121],"class_list":["post-75503","post","type-post","status-publish","format-standard","has-post-thumbnail","hentry","category-que-pasa","category-sociedad","tag-lluvias"],"acf":[],"yoast_head":"<!-- This site is optimized with the Yoast SEO plugin v27.5 - https:\/\/yoast.com\/product\/yoast-seo-wordpress\/ -->\n<title>Los datos de lluvias: la m\u00e1xima, en Luiggi, con\u00a085 mil\u00edmetros - Diario Textual<\/title>\n<meta name=\"robots\" content=\"index, follow, max-snippet:-1, max-image-preview:large, max-video-preview:-1\" \/>\n<link rel=\"canonical\" href=\"https:\/\/diariotextual.com\/inicio\/index.php\/2020\/01\/06\/los-datos-lluvias-la-maxima-luiggi-85-milimetros\/\" \/>\n<meta property=\"og:locale\" content=\"es_ES\" \/>\n<meta property=\"og:type\" content=\"article\" \/>\n<meta property=\"og:title\" content=\"Los datos de lluvias: la m\u00e1xima, en Luiggi, con\u00a085 mil\u00edmetros - Diario Textual\" \/>\n<meta property=\"og:description\" content=\"La Direcci\u00f3n de Comunicaciones de la Polic\u00eda difundi\u00f3 los datos de lluvias entre las 9 de este domingo y las 9 de hoy lunes. La m\u00e1xima se registr\u00f3 en Ingeniero&hellip;\" \/>\n<meta property=\"og:url\" content=\"https:\/\/diariotextual.com\/inicio\/index.php\/2020\/01\/06\/los-datos-lluvias-la-maxima-luiggi-85-milimetros\/\" \/>\n<meta property=\"og:site_name\" content=\"Diario Textual\" \/>\n<meta property=\"article:publisher\" content=\"https:\/\/www.facebook.com\/eltextual\" \/>\n<meta property=\"article:published_time\" content=\"2020-01-06T13:16:05+00:00\" \/>\n<meta property=\"og:image\" content=\"https:\/\/diariotextual.com\/inicio\/wp-content\/uploads\/2019\/01\/tormentalluvianubes5.jpg\" \/>\n\t<meta property=\"og:image:width\" content=\"890\" \/>\n\t<meta property=\"og:image:height\" content=\"540\" \/>\n\t<meta property=\"og:image:type\" content=\"image\/jpeg\" \/>\n<meta name=\"author\" content=\"diario2\" \/>\n<meta name=\"twitter:card\" content=\"summary_large_image\" \/>\n<meta name=\"twitter:creator\" content=\"@eltextual\" \/>\n<meta name=\"twitter:site\" content=\"@eltextual\" \/>\n<meta name=\"twitter:label1\" content=\"Escrito por\" \/>\n\t<meta name=\"twitter:data1\" content=\"diario2\" \/>\n\t<meta name=\"twitter:label2\" content=\"Tiempo de lectura\" \/>\n\t<meta name=\"twitter:data2\" content=\"1 minuto\" \/>\n<script type=\"application\/ld+json\" class=\"yoast-schema-graph\">{\"@context\":\"https:\\\/\\\/schema.org\",\"@graph\":[{\"@type\":\"Article\",\"@id\":\"https:\\\/\\\/diariotextual.com\\\/inicio\\\/index.php\\\/2020\\\/01\\\/06\\\/los-datos-lluvias-la-maxima-luiggi-85-milimetros\\\/#article\",\"isPartOf\":{\"@id\":\"https:\\\/\\\/diariotextual.com\\\/inicio\\\/index.php\\\/2020\\\/01\\\/06\\\/los-datos-lluvias-la-maxima-luiggi-85-milimetros\\\/\"},\"author\":{\"name\":\"diario2\",\"@id\":\"https:\\\/\\\/diariotextual.com\\\/inicio\\\/#\\\/schema\\\/person\\\/694f60677f23c4a530867a98f22b3768\"},\"headline\":\"Los datos de lluvias: la m\u00e1xima, en Luiggi, con\u00a085 mil\u00edmetros\",\"datePublished\":\"2020-01-06T13:16:05+00:00\",\"mainEntityOfPage\":{\"@id\":\"https:\\\/\\\/diariotextual.com\\\/inicio\\\/index.php\\\/2020\\\/01\\\/06\\\/los-datos-lluvias-la-maxima-luiggi-85-milimetros\\\/\"},\"wordCount\":281,\"publisher\":{\"@id\":\"https:\\\/\\\/diariotextual.com\\\/inicio\\\/#organization\"},\"image\":{\"@id\":\"https:\\\/\\\/diariotextual.com\\\/inicio\\\/index.php\\\/2020\\\/01\\\/06\\\/los-datos-lluvias-la-maxima-luiggi-85-milimetros\\\/#primaryimage\"},\"thumbnailUrl\":\"https:\\\/\\\/diariotextual.com\\\/inicio\\\/wp-content\\\/uploads\\\/2019\\\/01\\\/tormentalluvianubes5.jpg\",\"keywords\":[\"lluvias\"],\"articleSection\":[\"A - QUE PASA (al costado)\",\"SOCIEDAD\"],\"inLanguage\":\"es\"},{\"@type\":\"WebPage\",\"@id\":\"https:\\\/\\\/diariotextual.com\\\/inicio\\\/index.php\\\/2020\\\/01\\\/06\\\/los-datos-lluvias-la-maxima-luiggi-85-milimetros\\\/\",\"url\":\"https:\\\/\\\/diariotextual.com\\\/inicio\\\/index.php\\\/2020\\\/01\\\/06\\\/los-datos-lluvias-la-maxima-luiggi-85-milimetros\\\/\",\"name\":\"Los datos de lluvias: la m\u00e1xima, en Luiggi, con\u00a085 mil\u00edmetros - Diario Textual\",\"isPartOf\":{\"@id\":\"https:\\\/\\\/diariotextual.com\\\/inicio\\\/#website\"},\"primaryImageOfPage\":{\"@id\":\"https:\\\/\\\/diariotextual.com\\\/inicio\\\/index.php\\\/2020\\\/01\\\/06\\\/los-datos-lluvias-la-maxima-luiggi-85-milimetros\\\/#primaryimage\"},\"image\":{\"@id\":\"https:\\\/\\\/diariotextual.com\\\/inicio\\\/index.php\\\/2020\\\/01\\\/06\\\/los-datos-lluvias-la-maxima-luiggi-85-milimetros\\\/#primaryimage\"},\"thumbnailUrl\":\"https:\\\/\\\/diariotextual.com\\\/inicio\\\/wp-content\\\/uploads\\\/2019\\\/01\\\/tormentalluvianubes5.jpg\",\"datePublished\":\"2020-01-06T13:16:05+00:00\",\"breadcrumb\":{\"@id\":\"https:\\\/\\\/diariotextual.com\\\/inicio\\\/index.php\\\/2020\\\/01\\\/06\\\/los-datos-lluvias-la-maxima-luiggi-85-milimetros\\\/#breadcrumb\"},\"inLanguage\":\"es\",\"potentialAction\":[{\"@type\":\"ReadAction\",\"target\":[\"https:\\\/\\\/diariotextual.com\\\/inicio\\\/index.php\\\/2020\\\/01\\\/06\\\/los-datos-lluvias-la-maxima-luiggi-85-milimetros\\\/\"]}]},{\"@type\":\"ImageObject\",\"inLanguage\":\"es\",\"@id\":\"https:\\\/\\\/diariotextual.com\\\/inicio\\\/index.php\\\/2020\\\/01\\\/06\\\/los-datos-lluvias-la-maxima-luiggi-85-milimetros\\\/#primaryimage\",\"url\":\"https:\\\/\\\/diariotextual.com\\\/inicio\\\/wp-content\\\/uploads\\\/2019\\\/01\\\/tormentalluvianubes5.jpg\",\"contentUrl\":\"https:\\\/\\\/diariotextual.com\\\/inicio\\\/wp-content\\\/uploads\\\/2019\\\/01\\\/tormentalluvianubes5.jpg\",\"width\":890,\"height\":540},{\"@type\":\"BreadcrumbList\",\"@id\":\"https:\\\/\\\/diariotextual.com\\\/inicio\\\/index.php\\\/2020\\\/01\\\/06\\\/los-datos-lluvias-la-maxima-luiggi-85-milimetros\\\/#breadcrumb\",\"itemListElement\":[{\"@type\":\"ListItem\",\"position\":1,\"name\":\"Portada\",\"item\":\"https:\\\/\\\/diariotextual.com\\\/inicio\\\/\"},{\"@type\":\"ListItem\",\"position\":2,\"name\":\"Los datos de lluvias: la m\u00e1xima, en Luiggi, con\u00a085 mil\u00edmetros\"}]},{\"@type\":\"WebSite\",\"@id\":\"https:\\\/\\\/diariotextual.com\\\/inicio\\\/#website\",\"url\":\"https:\\\/\\\/diariotextual.com\\\/inicio\\\/\",\"name\":\"Diario Textual\",\"description\":\"\",\"publisher\":{\"@id\":\"https:\\\/\\\/diariotextual.com\\\/inicio\\\/#organization\"},\"potentialAction\":[{\"@type\":\"SearchAction\",\"target\":{\"@type\":\"EntryPoint\",\"urlTemplate\":\"https:\\\/\\\/diariotextual.com\\\/inicio\\\/?s={search_term_string}\"},\"query-input\":{\"@type\":\"PropertyValueSpecification\",\"valueRequired\":true,\"valueName\":\"search_term_string\"}}],\"inLanguage\":\"es\"},{\"@type\":\"Organization\",\"@id\":\"https:\\\/\\\/diariotextual.com\\\/inicio\\\/#organization\",\"name\":\"Diario Textual\",\"url\":\"https:\\\/\\\/diariotextual.com\\\/inicio\\\/\",\"logo\":{\"@type\":\"ImageObject\",\"inLanguage\":\"es\",\"@id\":\"https:\\\/\\\/diariotextual.com\\\/inicio\\\/#\\\/schema\\\/logo\\\/image\\\/\",\"url\":\"https:\\\/\\\/diariotextual.com\\\/inicio\\\/wp-content\\\/uploads\\\/2023\\\/05\\\/logotextual1.jpg\",\"contentUrl\":\"https:\\\/\\\/diariotextual.com\\\/inicio\\\/wp-content\\\/uploads\\\/2023\\\/05\\\/logotextual1.jpg\",\"width\":516,\"height\":76,\"caption\":\"Diario Textual\"},\"image\":{\"@id\":\"https:\\\/\\\/diariotextual.com\\\/inicio\\\/#\\\/schema\\\/logo\\\/image\\\/\"},\"sameAs\":[\"https:\\\/\\\/www.facebook.com\\\/eltextual\",\"https:\\\/\\\/x.com\\\/eltextual\",\"http:\\\/\\\/www.instagram.com\\\/eltextual\"]},{\"@type\":\"Person\",\"@id\":\"https:\\\/\\\/diariotextual.com\\\/inicio\\\/#\\\/schema\\\/person\\\/694f60677f23c4a530867a98f22b3768\",\"name\":\"diario2\",\"image\":{\"@type\":\"ImageObject\",\"inLanguage\":\"es\",\"@id\":\"https:\\\/\\\/secure.gravatar.com\\\/avatar\\\/5a2567495ba16b852fcd8f1ed006a2e24fcace936018ed8237e95f488ad6e0a7?s=96&d=mm&r=g\",\"url\":\"https:\\\/\\\/secure.gravatar.com\\\/avatar\\\/5a2567495ba16b852fcd8f1ed006a2e24fcace936018ed8237e95f488ad6e0a7?s=96&d=mm&r=g\",\"contentUrl\":\"https:\\\/\\\/secure.gravatar.com\\\/avatar\\\/5a2567495ba16b852fcd8f1ed006a2e24fcace936018ed8237e95f488ad6e0a7?s=96&d=mm&r=g\",\"caption\":\"diario2\"},\"url\":\"https:\\\/\\\/diariotextual.com\\\/inicio\\\/index.php\\\/author\\\/diario2\\\/\"}]}<\/script>\n<!-- \/ Yoast SEO plugin. -->","yoast_head_json":{"title":"Los datos de lluvias: la m\u00e1xima, en Luiggi, con\u00a085 mil\u00edmetros - Diario Textual","robots":{"index":"index","follow":"follow","max-snippet":"max-snippet:-1","max-image-preview":"max-image-preview:large","max-video-preview":"max-video-preview:-1"},"canonical":"https:\/\/diariotextual.com\/inicio\/index.php\/2020\/01\/06\/los-datos-lluvias-la-maxima-luiggi-85-milimetros\/","og_locale":"es_ES","og_type":"article","og_title":"Los datos de lluvias: la m\u00e1xima, en Luiggi, con\u00a085 mil\u00edmetros - Diario Textual","og_description":"La Direcci\u00f3n de Comunicaciones de la Polic\u00eda difundi\u00f3 los datos de lluvias entre las 9 de este domingo y las 9 de hoy lunes. La m\u00e1xima se registr\u00f3 en Ingeniero&hellip;","og_url":"https:\/\/diariotextual.com\/inicio\/index.php\/2020\/01\/06\/los-datos-lluvias-la-maxima-luiggi-85-milimetros\/","og_site_name":"Diario Textual","article_publisher":"https:\/\/www.facebook.com\/eltextual","article_published_time":"2020-01-06T13:16:05+00:00","og_image":[{"width":890,"height":540,"url":"https:\/\/diariotextual.com\/inicio\/wp-content\/uploads\/2019\/01\/tormentalluvianubes5.jpg","type":"image\/jpeg"}],"author":"diario2","twitter_card":"summary_large_image","twitter_creator":"@eltextual","twitter_site":"@eltextual","twitter_misc":{"Escrito por":"diario2","Tiempo de lectura":"1 minuto"},"schema":{"@context":"https:\/\/schema.org","@graph":[{"@type":"Article","@id":"https:\/\/diariotextual.com\/inicio\/index.php\/2020\/01\/06\/los-datos-lluvias-la-maxima-luiggi-85-milimetros\/#article","isPartOf":{"@id":"https:\/\/diariotextual.com\/inicio\/index.php\/2020\/01\/06\/los-datos-lluvias-la-maxima-luiggi-85-milimetros\/"},"author":{"name":"diario2","@id":"https:\/\/diariotextual.com\/inicio\/#\/schema\/person\/694f60677f23c4a530867a98f22b3768"},"headline":"Los datos de lluvias: la m\u00e1xima, en Luiggi, con\u00a085 mil\u00edmetros","datePublished":"2020-01-06T13:16:05+00:00","mainEntityOfPage":{"@id":"https:\/\/diariotextual.com\/inicio\/index.php\/2020\/01\/06\/los-datos-lluvias-la-maxima-luiggi-85-milimetros\/"},"wordCount":281,"publisher":{"@id":"https:\/\/diariotextual.com\/inicio\/#organization"},"image":{"@id":"https:\/\/diariotextual.com\/inicio\/index.php\/2020\/01\/06\/los-datos-lluvias-la-maxima-luiggi-85-milimetros\/#primaryimage"},"thumbnailUrl":"https:\/\/diariotextual.com\/inicio\/wp-content\/uploads\/2019\/01\/tormentalluvianubes5.jpg","keywords":["lluvias"],"articleSection":["A - QUE PASA (al costado)","SOCIEDAD"],"inLanguage":"es"},{"@type":"WebPage","@id":"https:\/\/diariotextual.com\/inicio\/index.php\/2020\/01\/06\/los-datos-lluvias-la-maxima-luiggi-85-milimetros\/","url":"https:\/\/diariotextual.com\/inicio\/index.php\/2020\/01\/06\/los-datos-lluvias-la-maxima-luiggi-85-milimetros\/","name":"Los datos de lluvias: la m\u00e1xima, en Luiggi, con\u00a085 mil\u00edmetros - Diario Textual","isPartOf":{"@id":"https:\/\/diariotextual.com\/inicio\/#website"},"primaryImageOfPage":{"@id":"https:\/\/diariotextual.com\/inicio\/index.php\/2020\/01\/06\/los-datos-lluvias-la-maxima-luiggi-85-milimetros\/#primaryimage"},"image":{"@id":"https:\/\/diariotextual.com\/inicio\/index.php\/2020\/01\/06\/los-datos-lluvias-la-maxima-luiggi-85-milimetros\/#primaryimage"},"thumbnailUrl":"https:\/\/diariotextual.com\/inicio\/wp-content\/uploads\/2019\/01\/tormentalluvianubes5.jpg","datePublished":"2020-01-06T13:16:05+00:00","breadcrumb":{"@id":"https:\/\/diariotextual.com\/inicio\/index.php\/2020\/01\/06\/los-datos-lluvias-la-maxima-luiggi-85-milimetros\/#breadcrumb"},"inLanguage":"es","potentialAction":[{"@type":"ReadAction","target":["https:\/\/diariotextual.com\/inicio\/index.php\/2020\/01\/06\/los-datos-lluvias-la-maxima-luiggi-85-milimetros\/"]}]},{"@type":"ImageObject","inLanguage":"es","@id":"https:\/\/diariotextual.com\/inicio\/index.php\/2020\/01\/06\/los-datos-lluvias-la-maxima-luiggi-85-milimetros\/#primaryimage","url":"https:\/\/diariotextual.com\/inicio\/wp-content\/uploads\/2019\/01\/tormentalluvianubes5.jpg","contentUrl":"https:\/\/diariotextual.com\/inicio\/wp-content\/uploads\/2019\/01\/tormentalluvianubes5.jpg","width":890,"height":540},{"@type":"BreadcrumbList","@id":"https:\/\/diariotextual.com\/inicio\/index.php\/2020\/01\/06\/los-datos-lluvias-la-maxima-luiggi-85-milimetros\/#breadcrumb","itemListElement":[{"@type":"ListItem","position":1,"name":"Portada","item":"https:\/\/diariotextual.com\/inicio\/"},{"@type":"ListItem","position":2,"name":"Los datos de lluvias: la m\u00e1xima, en Luiggi, con\u00a085 mil\u00edmetros"}]},{"@type":"WebSite","@id":"https:\/\/diariotextual.com\/inicio\/#website","url":"https:\/\/diariotextual.com\/inicio\/","name":"Diario Textual","description":"","publisher":{"@id":"https:\/\/diariotextual.com\/inicio\/#organization"},"potentialAction":[{"@type":"SearchAction","target":{"@type":"EntryPoint","urlTemplate":"https:\/\/diariotextual.com\/inicio\/?s={search_term_string}"},"query-input":{"@type":"PropertyValueSpecification","valueRequired":true,"valueName":"search_term_string"}}],"inLanguage":"es"},{"@type":"Organization","@id":"https:\/\/diariotextual.com\/inicio\/#organization","name":"Diario Textual","url":"https:\/\/diariotextual.com\/inicio\/","logo":{"@type":"ImageObject","inLanguage":"es","@id":"https:\/\/diariotextual.com\/inicio\/#\/schema\/logo\/image\/","url":"https:\/\/diariotextual.com\/inicio\/wp-content\/uploads\/2023\/05\/logotextual1.jpg","contentUrl":"https:\/\/diariotextual.com\/inicio\/wp-content\/uploads\/2023\/05\/logotextual1.jpg","width":516,"height":76,"caption":"Diario Textual"},"image":{"@id":"https:\/\/diariotextual.com\/inicio\/#\/schema\/logo\/image\/"},"sameAs":["https:\/\/www.facebook.com\/eltextual","https:\/\/x.com\/eltextual","http:\/\/www.instagram.com\/eltextual"]},{"@type":"Person","@id":"https:\/\/diariotextual.com\/inicio\/#\/schema\/person\/694f60677f23c4a530867a98f22b3768","name":"diario2","image":{"@type":"ImageObject","inLanguage":"es","@id":"https:\/\/secure.gravatar.com\/avatar\/5a2567495ba16b852fcd8f1ed006a2e24fcace936018ed8237e95f488ad6e0a7?s=96&d=mm&r=g","url":"https:\/\/secure.gravatar.com\/avatar\/5a2567495ba16b852fcd8f1ed006a2e24fcace936018ed8237e95f488ad6e0a7?s=96&d=mm&r=g","contentUrl":"https:\/\/secure.gravatar.com\/avatar\/5a2567495ba16b852fcd8f1ed006a2e24fcace936018ed8237e95f488ad6e0a7?s=96&d=mm&r=g","caption":"diario2"},"url":"https:\/\/diariotextual.com\/inicio\/index.php\/author\/diario2\/"}]}},"_links":{"self":[{"href":"https:\/\/diariotextual.com\/inicio\/index.php\/wp-json\/wp\/v2\/posts\/75503","targetHints":{"allow":["GET"]}}],"collection":[{"href":"https:\/\/diariotextual.com\/inicio\/index.php\/wp-json\/wp\/v2\/posts"}],"about":[{"href":"https:\/\/diariotextual.com\/inicio\/index.php\/wp-json\/wp\/v2\/types\/post"}],"author":[{"embeddable":true,"href":"https:\/\/diariotextual.com\/inicio\/index.php\/wp-json\/wp\/v2\/users\/4"}],"replies":[{"embeddable":true,"href":"https:\/\/diariotextual.com\/inicio\/index.php\/wp-json\/wp\/v2\/comments?post=75503"}],"version-history":[{"count":1,"href":"https:\/\/diariotextual.com\/inicio\/index.php\/wp-json\/wp\/v2\/posts\/75503\/revisions"}],"predecessor-version":[{"id":75505,"href":"https:\/\/diariotextual.com\/inicio\/index.php\/wp-json\/wp\/v2\/posts\/75503\/revisions\/75505"}],"wp:featuredmedia":[{"embeddable":true,"href":"https:\/\/diariotextual.com\/inicio\/index.php\/wp-json\/wp\/v2\/media\/33370"}],"wp:attachment":[{"href":"https:\/\/diariotextual.com\/inicio\/index.php\/wp-json\/wp\/v2\/media?parent=75503"}],"wp:term":[{"taxonomy":"category","embeddable":true,"href":"https:\/\/diariotextual.com\/inicio\/index.php\/wp-json\/wp\/v2\/categories?post=75503"},{"taxonomy":"post_tag","embeddable":true,"href":"https:\/\/diariotextual.com\/inicio\/index.php\/wp-json\/wp\/v2\/tags?post=75503"}],"curies":[{"name":"wp","href":"https:\/\/api.w.org\/{rel}","templated":true}]}}