{"id":75514,"date":"2020-01-06T11:55:17","date_gmt":"2020-01-06T14:55:17","guid":{"rendered":"http:\/\/diariotextual.com\/inicio\/?p=75514"},"modified":"2020-01-06T11:56:30","modified_gmt":"2020-01-06T14:56:30","slug":"temporal-viento-agua-serios-destrozos-la-zona-winifreda","status":"publish","type":"post","link":"https:\/\/diariotextual.com\/inicio\/index.php\/2020\/01\/06\/temporal-viento-agua-serios-destrozos-la-zona-winifreda\/","title":{"rendered":"Temporal de viento y agua: serios destrozos en la zona de Winifreda"},"content":{"rendered":"<p>El fuerte temporal de agua, viento\u00a0 y piedra que atraves\u00f3 parte de La Pampa durante la tarde de este domingo tambi\u00e9n caus\u00f3 serios destrozos en la zona rural de Winifreda.<strong> En un campo ubicado entre esa localidad y Santa Rosa las intensas r\u00e1fagas de viento tiraron \u00e1rboles y volaron un silo cerealero.<\/strong><\/p>\n<p>Uno de los \u00e1rboles cay\u00f3 sobre un tractor John Deere y le destroz\u00f3 la cabina por completo.<\/p>\n<p>El\u00a0<strong>fuerte temporal provoc\u00f3 en un tramo de la ruta provincial 1 que cayeran tres plantas sobre la calzada <\/strong>y gener\u00f3 que se interrumpa el tr\u00e1nsito por unas horas. Adem\u00e1s,\u00a0<strong>el temporal dej\u00f3 casas inundadas y plantas ca\u00eddas en Trenel.<\/strong><\/p>\n<p><strong><img fetchpriority=\"high\" decoding=\"async\" class=\"alignnone size-full wp-image-75517\" src=\"http:\/\/diariotextual.com\/inicio\/wp-content\/uploads\/2020\/01\/tormentawinifredasilo2.jpg\" alt=\"\" width=\"912\" height=\"595\" srcset=\"https:\/\/diariotextual.com\/inicio\/wp-content\/uploads\/2020\/01\/tormentawinifredasilo2.jpg 912w, https:\/\/diariotextual.com\/inicio\/wp-content\/uploads\/2020\/01\/tormentawinifredasilo2-300x196.jpg 300w, https:\/\/diariotextual.com\/inicio\/wp-content\/uploads\/2020\/01\/tormentawinifredasilo2-768x501.jpg 768w, https:\/\/diariotextual.com\/inicio\/wp-content\/uploads\/2020\/01\/tormentawinifredasilo2-585x382.jpg 585w\" sizes=\"(max-width: 912px) 100vw, 912px\" \/><\/strong><\/p>\n<p><img decoding=\"async\" class=\"alignnone size-full wp-image-75519\" src=\"http:\/\/diariotextual.com\/inicio\/wp-content\/uploads\/2020\/01\/tormentawinifredaaagua88.jpg\" alt=\"\" width=\"883\" height=\"564\" srcset=\"https:\/\/diariotextual.com\/inicio\/wp-content\/uploads\/2020\/01\/tormentawinifredaaagua88.jpg 883w, https:\/\/diariotextual.com\/inicio\/wp-content\/uploads\/2020\/01\/tormentawinifredaaagua88-300x192.jpg 300w, https:\/\/diariotextual.com\/inicio\/wp-content\/uploads\/2020\/01\/tormentawinifredaaagua88-768x491.jpg 768w, https:\/\/diariotextual.com\/inicio\/wp-content\/uploads\/2020\/01\/tormentawinifredaaagua88-585x374.jpg 585w\" sizes=\"(max-width: 883px) 100vw, 883px\" \/> <img decoding=\"async\" class=\"alignnone size-full wp-image-75520\" src=\"http:\/\/diariotextual.com\/inicio\/wp-content\/uploads\/2020\/01\/tormentawinifredasilo784.jpg\" alt=\"\" width=\"890\" height=\"512\" srcset=\"https:\/\/diariotextual.com\/inicio\/wp-content\/uploads\/2020\/01\/tormentawinifredasilo784.jpg 890w, https:\/\/diariotextual.com\/inicio\/wp-content\/uploads\/2020\/01\/tormentawinifredasilo784-300x173.jpg 300w, https:\/\/diariotextual.com\/inicio\/wp-content\/uploads\/2020\/01\/tormentawinifredasilo784-768x442.jpg 768w, https:\/\/diariotextual.com\/inicio\/wp-content\/uploads\/2020\/01\/tormentawinifredasilo784-585x337.jpg 585w\" sizes=\"(max-width: 890px) 100vw, 890px\" \/><\/p>\n<p><img loading=\"lazy\" decoding=\"async\" class=\"alignnone wp-image-75518\" src=\"http:\/\/diariotextual.com\/inicio\/wp-content\/uploads\/2020\/01\/tormentawinifredasilo9.jpg\" alt=\"\" width=\"350\" height=\"416\" srcset=\"https:\/\/diariotextual.com\/inicio\/wp-content\/uploads\/2020\/01\/tormentawinifredasilo9.jpg 665w, https:\/\/diariotextual.com\/inicio\/wp-content\/uploads\/2020\/01\/tormentawinifredasilo9-252x300.jpg 252w, https:\/\/diariotextual.com\/inicio\/wp-content\/uploads\/2020\/01\/tormentawinifredasilo9-585x696.jpg 585w\" sizes=\"(max-width: 350px) 100vw, 350px\" \/><\/p>\n<p>&nbsp;<\/p>\n<blockquote class=\"wp-embedded-content\" data-secret=\"iOU0jORI6k\"><p><a href=\"http:\/\/diariotextual.com\/inicio\/index.php\/2020\/01\/06\/los-datos-lluvias-la-maxima-luiggi-85-milimetros\/\">Los datos de lluvias: la m\u00e1xima, en Luiggi, con\u00a085 mil\u00edmetros<\/a><\/p><\/blockquote>\n<p><iframe class=\"wp-embedded-content\" sandbox=\"allow-scripts\" security=\"restricted\" style=\"position: absolute; clip: rect(1px, 1px, 1px, 1px);\" src=\"http:\/\/diariotextual.com\/inicio\/index.php\/2020\/01\/06\/los-datos-lluvias-la-maxima-luiggi-85-milimetros\/embed\/#?secret=iOU0jORI6k\" data-secret=\"iOU0jORI6k\" width=\"600\" height=\"338\" title=\"&#171;Los datos de lluvias: la m\u00e1xima, en Luiggi, con\u00a085 mil\u00edmetros&#187; &#8212; Diario Textual\" frameborder=\"0\" marginwidth=\"0\" marginheight=\"0\" scrolling=\"no\"><\/iframe><\/p>\n<p>&nbsp;<\/p>\n<p><em>Fotos de N\u00e9stor Watson<\/em><\/p>\n<p>&nbsp;<\/p>\n<p>&nbsp;<\/p>\n","protected":false},"excerpt":{"rendered":"<p>El fuerte temporal de agua, viento\u00a0 y piedra que atraves\u00f3 parte de La Pampa durante la tarde de este domingo tambi\u00e9n caus\u00f3 serios destrozos en la zona rural de Winifreda.&hellip;<\/p>\n","protected":false},"author":4,"featured_media":75516,"comment_status":"closed","ping_status":"open","sticky":false,"template":"","format":"standard","meta":{"_acf_changed":false,"footnotes":""},"categories":[4,12],"tags":[1103],"class_list":["post-75514","post","type-post","status-publish","format-standard","has-post-thumbnail","hentry","category-destacadas","category-sociedad","tag-temporal"],"acf":[],"yoast_head":"<!-- This site is optimized with the Yoast SEO plugin v27.5 - https:\/\/yoast.com\/product\/yoast-seo-wordpress\/ -->\n<title>Temporal de viento y agua: serios destrozos en la zona de Winifreda - Diario Textual<\/title>\n<meta name=\"robots\" content=\"index, follow, max-snippet:-1, max-image-preview:large, max-video-preview:-1\" \/>\n<link rel=\"canonical\" href=\"https:\/\/diariotextual.com\/inicio\/index.php\/2020\/01\/06\/temporal-viento-agua-serios-destrozos-la-zona-winifreda\/\" \/>\n<meta property=\"og:locale\" content=\"es_ES\" \/>\n<meta property=\"og:type\" content=\"article\" \/>\n<meta property=\"og:title\" content=\"Temporal de viento y agua: serios destrozos en la zona de Winifreda - Diario Textual\" \/>\n<meta property=\"og:description\" content=\"El fuerte temporal de agua, viento\u00a0 y piedra que atraves\u00f3 parte de La Pampa durante la tarde de este domingo tambi\u00e9n caus\u00f3 serios destrozos en la zona rural de Winifreda.&hellip;\" \/>\n<meta property=\"og:url\" content=\"https:\/\/diariotextual.com\/inicio\/index.php\/2020\/01\/06\/temporal-viento-agua-serios-destrozos-la-zona-winifreda\/\" \/>\n<meta property=\"og:site_name\" content=\"Diario Textual\" \/>\n<meta property=\"article:publisher\" content=\"https:\/\/www.facebook.com\/eltextual\" \/>\n<meta property=\"article:published_time\" content=\"2020-01-06T14:55:17+00:00\" \/>\n<meta property=\"article:modified_time\" content=\"2020-01-06T14:56:30+00:00\" \/>\n<meta property=\"og:image\" content=\"https:\/\/diariotextual.com\/inicio\/wp-content\/uploads\/2020\/01\/tormentatractorwinifreda33.jpg\" \/>\n\t<meta property=\"og:image:width\" content=\"839\" \/>\n\t<meta property=\"og:image:height\" content=\"550\" \/>\n\t<meta property=\"og:image:type\" content=\"image\/jpeg\" \/>\n<meta name=\"author\" content=\"diario2\" \/>\n<meta name=\"twitter:card\" content=\"summary_large_image\" \/>\n<meta name=\"twitter:creator\" content=\"@eltextual\" \/>\n<meta name=\"twitter:site\" content=\"@eltextual\" \/>\n<meta name=\"twitter:label1\" content=\"Escrito por\" \/>\n\t<meta name=\"twitter:data1\" content=\"diario2\" \/>\n\t<meta name=\"twitter:label2\" content=\"Tiempo de lectura\" \/>\n\t<meta name=\"twitter:data2\" content=\"1 minuto\" \/>\n<script type=\"application\/ld+json\" class=\"yoast-schema-graph\">{\"@context\":\"https:\\\/\\\/schema.org\",\"@graph\":[{\"@type\":\"Article\",\"@id\":\"https:\\\/\\\/diariotextual.com\\\/inicio\\\/index.php\\\/2020\\\/01\\\/06\\\/temporal-viento-agua-serios-destrozos-la-zona-winifreda\\\/#article\",\"isPartOf\":{\"@id\":\"https:\\\/\\\/diariotextual.com\\\/inicio\\\/index.php\\\/2020\\\/01\\\/06\\\/temporal-viento-agua-serios-destrozos-la-zona-winifreda\\\/\"},\"author\":{\"name\":\"diario2\",\"@id\":\"https:\\\/\\\/diariotextual.com\\\/inicio\\\/#\\\/schema\\\/person\\\/694f60677f23c4a530867a98f22b3768\"},\"headline\":\"Temporal de viento y agua: serios destrozos en la zona de Winifreda\",\"datePublished\":\"2020-01-06T14:55:17+00:00\",\"dateModified\":\"2020-01-06T14:56:30+00:00\",\"mainEntityOfPage\":{\"@id\":\"https:\\\/\\\/diariotextual.com\\\/inicio\\\/index.php\\\/2020\\\/01\\\/06\\\/temporal-viento-agua-serios-destrozos-la-zona-winifreda\\\/\"},\"wordCount\":142,\"publisher\":{\"@id\":\"https:\\\/\\\/diariotextual.com\\\/inicio\\\/#organization\"},\"image\":{\"@id\":\"https:\\\/\\\/diariotextual.com\\\/inicio\\\/index.php\\\/2020\\\/01\\\/06\\\/temporal-viento-agua-serios-destrozos-la-zona-winifreda\\\/#primaryimage\"},\"thumbnailUrl\":\"https:\\\/\\\/diariotextual.com\\\/inicio\\\/wp-content\\\/uploads\\\/2020\\\/01\\\/tormentatractorwinifreda33.jpg\",\"keywords\":[\"temporal\"],\"articleSection\":[\"A - DESTACADAS (mod 16)\",\"SOCIEDAD\"],\"inLanguage\":\"es\"},{\"@type\":\"WebPage\",\"@id\":\"https:\\\/\\\/diariotextual.com\\\/inicio\\\/index.php\\\/2020\\\/01\\\/06\\\/temporal-viento-agua-serios-destrozos-la-zona-winifreda\\\/\",\"url\":\"https:\\\/\\\/diariotextual.com\\\/inicio\\\/index.php\\\/2020\\\/01\\\/06\\\/temporal-viento-agua-serios-destrozos-la-zona-winifreda\\\/\",\"name\":\"Temporal de viento y agua: serios destrozos en la zona de Winifreda - Diario Textual\",\"isPartOf\":{\"@id\":\"https:\\\/\\\/diariotextual.com\\\/inicio\\\/#website\"},\"primaryImageOfPage\":{\"@id\":\"https:\\\/\\\/diariotextual.com\\\/inicio\\\/index.php\\\/2020\\\/01\\\/06\\\/temporal-viento-agua-serios-destrozos-la-zona-winifreda\\\/#primaryimage\"},\"image\":{\"@id\":\"https:\\\/\\\/diariotextual.com\\\/inicio\\\/index.php\\\/2020\\\/01\\\/06\\\/temporal-viento-agua-serios-destrozos-la-zona-winifreda\\\/#primaryimage\"},\"thumbnailUrl\":\"https:\\\/\\\/diariotextual.com\\\/inicio\\\/wp-content\\\/uploads\\\/2020\\\/01\\\/tormentatractorwinifreda33.jpg\",\"datePublished\":\"2020-01-06T14:55:17+00:00\",\"dateModified\":\"2020-01-06T14:56:30+00:00\",\"breadcrumb\":{\"@id\":\"https:\\\/\\\/diariotextual.com\\\/inicio\\\/index.php\\\/2020\\\/01\\\/06\\\/temporal-viento-agua-serios-destrozos-la-zona-winifreda\\\/#breadcrumb\"},\"inLanguage\":\"es\",\"potentialAction\":[{\"@type\":\"ReadAction\",\"target\":[\"https:\\\/\\\/diariotextual.com\\\/inicio\\\/index.php\\\/2020\\\/01\\\/06\\\/temporal-viento-agua-serios-destrozos-la-zona-winifreda\\\/\"]}]},{\"@type\":\"ImageObject\",\"inLanguage\":\"es\",\"@id\":\"https:\\\/\\\/diariotextual.com\\\/inicio\\\/index.php\\\/2020\\\/01\\\/06\\\/temporal-viento-agua-serios-destrozos-la-zona-winifreda\\\/#primaryimage\",\"url\":\"https:\\\/\\\/diariotextual.com\\\/inicio\\\/wp-content\\\/uploads\\\/2020\\\/01\\\/tormentatractorwinifreda33.jpg\",\"contentUrl\":\"https:\\\/\\\/diariotextual.com\\\/inicio\\\/wp-content\\\/uploads\\\/2020\\\/01\\\/tormentatractorwinifreda33.jpg\",\"width\":839,\"height\":550},{\"@type\":\"BreadcrumbList\",\"@id\":\"https:\\\/\\\/diariotextual.com\\\/inicio\\\/index.php\\\/2020\\\/01\\\/06\\\/temporal-viento-agua-serios-destrozos-la-zona-winifreda\\\/#breadcrumb\",\"itemListElement\":[{\"@type\":\"ListItem\",\"position\":1,\"name\":\"Portada\",\"item\":\"https:\\\/\\\/diariotextual.com\\\/inicio\\\/\"},{\"@type\":\"ListItem\",\"position\":2,\"name\":\"Temporal de viento y agua: serios destrozos en la zona de Winifreda\"}]},{\"@type\":\"WebSite\",\"@id\":\"https:\\\/\\\/diariotextual.com\\\/inicio\\\/#website\",\"url\":\"https:\\\/\\\/diariotextual.com\\\/inicio\\\/\",\"name\":\"Diario Textual\",\"description\":\"\",\"publisher\":{\"@id\":\"https:\\\/\\\/diariotextual.com\\\/inicio\\\/#organization\"},\"potentialAction\":[{\"@type\":\"SearchAction\",\"target\":{\"@type\":\"EntryPoint\",\"urlTemplate\":\"https:\\\/\\\/diariotextual.com\\\/inicio\\\/?s={search_term_string}\"},\"query-input\":{\"@type\":\"PropertyValueSpecification\",\"valueRequired\":true,\"valueName\":\"search_term_string\"}}],\"inLanguage\":\"es\"},{\"@type\":\"Organization\",\"@id\":\"https:\\\/\\\/diariotextual.com\\\/inicio\\\/#organization\",\"name\":\"Diario Textual\",\"url\":\"https:\\\/\\\/diariotextual.com\\\/inicio\\\/\",\"logo\":{\"@type\":\"ImageObject\",\"inLanguage\":\"es\",\"@id\":\"https:\\\/\\\/diariotextual.com\\\/inicio\\\/#\\\/schema\\\/logo\\\/image\\\/\",\"url\":\"https:\\\/\\\/diariotextual.com\\\/inicio\\\/wp-content\\\/uploads\\\/2023\\\/05\\\/logotextual1.jpg\",\"contentUrl\":\"https:\\\/\\\/diariotextual.com\\\/inicio\\\/wp-content\\\/uploads\\\/2023\\\/05\\\/logotextual1.jpg\",\"width\":516,\"height\":76,\"caption\":\"Diario Textual\"},\"image\":{\"@id\":\"https:\\\/\\\/diariotextual.com\\\/inicio\\\/#\\\/schema\\\/logo\\\/image\\\/\"},\"sameAs\":[\"https:\\\/\\\/www.facebook.com\\\/eltextual\",\"https:\\\/\\\/x.com\\\/eltextual\",\"http:\\\/\\\/www.instagram.com\\\/eltextual\"]},{\"@type\":\"Person\",\"@id\":\"https:\\\/\\\/diariotextual.com\\\/inicio\\\/#\\\/schema\\\/person\\\/694f60677f23c4a530867a98f22b3768\",\"name\":\"diario2\",\"image\":{\"@type\":\"ImageObject\",\"inLanguage\":\"es\",\"@id\":\"https:\\\/\\\/secure.gravatar.com\\\/avatar\\\/5a2567495ba16b852fcd8f1ed006a2e24fcace936018ed8237e95f488ad6e0a7?s=96&d=mm&r=g\",\"url\":\"https:\\\/\\\/secure.gravatar.com\\\/avatar\\\/5a2567495ba16b852fcd8f1ed006a2e24fcace936018ed8237e95f488ad6e0a7?s=96&d=mm&r=g\",\"contentUrl\":\"https:\\\/\\\/secure.gravatar.com\\\/avatar\\\/5a2567495ba16b852fcd8f1ed006a2e24fcace936018ed8237e95f488ad6e0a7?s=96&d=mm&r=g\",\"caption\":\"diario2\"},\"url\":\"https:\\\/\\\/diariotextual.com\\\/inicio\\\/index.php\\\/author\\\/diario2\\\/\"}]}<\/script>\n<!-- \/ Yoast SEO plugin. -->","yoast_head_json":{"title":"Temporal de viento y agua: serios destrozos en la zona de Winifreda - Diario Textual","robots":{"index":"index","follow":"follow","max-snippet":"max-snippet:-1","max-image-preview":"max-image-preview:large","max-video-preview":"max-video-preview:-1"},"canonical":"https:\/\/diariotextual.com\/inicio\/index.php\/2020\/01\/06\/temporal-viento-agua-serios-destrozos-la-zona-winifreda\/","og_locale":"es_ES","og_type":"article","og_title":"Temporal de viento y agua: serios destrozos en la zona de Winifreda - Diario Textual","og_description":"El fuerte temporal de agua, viento\u00a0 y piedra que atraves\u00f3 parte de La Pampa durante la tarde de este domingo tambi\u00e9n caus\u00f3 serios destrozos en la zona rural de Winifreda.&hellip;","og_url":"https:\/\/diariotextual.com\/inicio\/index.php\/2020\/01\/06\/temporal-viento-agua-serios-destrozos-la-zona-winifreda\/","og_site_name":"Diario Textual","article_publisher":"https:\/\/www.facebook.com\/eltextual","article_published_time":"2020-01-06T14:55:17+00:00","article_modified_time":"2020-01-06T14:56:30+00:00","og_image":[{"width":839,"height":550,"url":"https:\/\/diariotextual.com\/inicio\/wp-content\/uploads\/2020\/01\/tormentatractorwinifreda33.jpg","type":"image\/jpeg"}],"author":"diario2","twitter_card":"summary_large_image","twitter_creator":"@eltextual","twitter_site":"@eltextual","twitter_misc":{"Escrito por":"diario2","Tiempo de lectura":"1 minuto"},"schema":{"@context":"https:\/\/schema.org","@graph":[{"@type":"Article","@id":"https:\/\/diariotextual.com\/inicio\/index.php\/2020\/01\/06\/temporal-viento-agua-serios-destrozos-la-zona-winifreda\/#article","isPartOf":{"@id":"https:\/\/diariotextual.com\/inicio\/index.php\/2020\/01\/06\/temporal-viento-agua-serios-destrozos-la-zona-winifreda\/"},"author":{"name":"diario2","@id":"https:\/\/diariotextual.com\/inicio\/#\/schema\/person\/694f60677f23c4a530867a98f22b3768"},"headline":"Temporal de viento y agua: serios destrozos en la zona de Winifreda","datePublished":"2020-01-06T14:55:17+00:00","dateModified":"2020-01-06T14:56:30+00:00","mainEntityOfPage":{"@id":"https:\/\/diariotextual.com\/inicio\/index.php\/2020\/01\/06\/temporal-viento-agua-serios-destrozos-la-zona-winifreda\/"},"wordCount":142,"publisher":{"@id":"https:\/\/diariotextual.com\/inicio\/#organization"},"image":{"@id":"https:\/\/diariotextual.com\/inicio\/index.php\/2020\/01\/06\/temporal-viento-agua-serios-destrozos-la-zona-winifreda\/#primaryimage"},"thumbnailUrl":"https:\/\/diariotextual.com\/inicio\/wp-content\/uploads\/2020\/01\/tormentatractorwinifreda33.jpg","keywords":["temporal"],"articleSection":["A - DESTACADAS (mod 16)","SOCIEDAD"],"inLanguage":"es"},{"@type":"WebPage","@id":"https:\/\/diariotextual.com\/inicio\/index.php\/2020\/01\/06\/temporal-viento-agua-serios-destrozos-la-zona-winifreda\/","url":"https:\/\/diariotextual.com\/inicio\/index.php\/2020\/01\/06\/temporal-viento-agua-serios-destrozos-la-zona-winifreda\/","name":"Temporal de viento y agua: serios destrozos en la zona de Winifreda - Diario Textual","isPartOf":{"@id":"https:\/\/diariotextual.com\/inicio\/#website"},"primaryImageOfPage":{"@id":"https:\/\/diariotextual.com\/inicio\/index.php\/2020\/01\/06\/temporal-viento-agua-serios-destrozos-la-zona-winifreda\/#primaryimage"},"image":{"@id":"https:\/\/diariotextual.com\/inicio\/index.php\/2020\/01\/06\/temporal-viento-agua-serios-destrozos-la-zona-winifreda\/#primaryimage"},"thumbnailUrl":"https:\/\/diariotextual.com\/inicio\/wp-content\/uploads\/2020\/01\/tormentatractorwinifreda33.jpg","datePublished":"2020-01-06T14:55:17+00:00","dateModified":"2020-01-06T14:56:30+00:00","breadcrumb":{"@id":"https:\/\/diariotextual.com\/inicio\/index.php\/2020\/01\/06\/temporal-viento-agua-serios-destrozos-la-zona-winifreda\/#breadcrumb"},"inLanguage":"es","potentialAction":[{"@type":"ReadAction","target":["https:\/\/diariotextual.com\/inicio\/index.php\/2020\/01\/06\/temporal-viento-agua-serios-destrozos-la-zona-winifreda\/"]}]},{"@type":"ImageObject","inLanguage":"es","@id":"https:\/\/diariotextual.com\/inicio\/index.php\/2020\/01\/06\/temporal-viento-agua-serios-destrozos-la-zona-winifreda\/#primaryimage","url":"https:\/\/diariotextual.com\/inicio\/wp-content\/uploads\/2020\/01\/tormentatractorwinifreda33.jpg","contentUrl":"https:\/\/diariotextual.com\/inicio\/wp-content\/uploads\/2020\/01\/tormentatractorwinifreda33.jpg","width":839,"height":550},{"@type":"BreadcrumbList","@id":"https:\/\/diariotextual.com\/inicio\/index.php\/2020\/01\/06\/temporal-viento-agua-serios-destrozos-la-zona-winifreda\/#breadcrumb","itemListElement":[{"@type":"ListItem","position":1,"name":"Portada","item":"https:\/\/diariotextual.com\/inicio\/"},{"@type":"ListItem","position":2,"name":"Temporal de viento y agua: serios destrozos en la zona de Winifreda"}]},{"@type":"WebSite","@id":"https:\/\/diariotextual.com\/inicio\/#website","url":"https:\/\/diariotextual.com\/inicio\/","name":"Diario Textual","description":"","publisher":{"@id":"https:\/\/diariotextual.com\/inicio\/#organization"},"potentialAction":[{"@type":"SearchAction","target":{"@type":"EntryPoint","urlTemplate":"https:\/\/diariotextual.com\/inicio\/?s={search_term_string}"},"query-input":{"@type":"PropertyValueSpecification","valueRequired":true,"valueName":"search_term_string"}}],"inLanguage":"es"},{"@type":"Organization","@id":"https:\/\/diariotextual.com\/inicio\/#organization","name":"Diario Textual","url":"https:\/\/diariotextual.com\/inicio\/","logo":{"@type":"ImageObject","inLanguage":"es","@id":"https:\/\/diariotextual.com\/inicio\/#\/schema\/logo\/image\/","url":"https:\/\/diariotextual.com\/inicio\/wp-content\/uploads\/2023\/05\/logotextual1.jpg","contentUrl":"https:\/\/diariotextual.com\/inicio\/wp-content\/uploads\/2023\/05\/logotextual1.jpg","width":516,"height":76,"caption":"Diario Textual"},"image":{"@id":"https:\/\/diariotextual.com\/inicio\/#\/schema\/logo\/image\/"},"sameAs":["https:\/\/www.facebook.com\/eltextual","https:\/\/x.com\/eltextual","http:\/\/www.instagram.com\/eltextual"]},{"@type":"Person","@id":"https:\/\/diariotextual.com\/inicio\/#\/schema\/person\/694f60677f23c4a530867a98f22b3768","name":"diario2","image":{"@type":"ImageObject","inLanguage":"es","@id":"https:\/\/secure.gravatar.com\/avatar\/5a2567495ba16b852fcd8f1ed006a2e24fcace936018ed8237e95f488ad6e0a7?s=96&d=mm&r=g","url":"https:\/\/secure.gravatar.com\/avatar\/5a2567495ba16b852fcd8f1ed006a2e24fcace936018ed8237e95f488ad6e0a7?s=96&d=mm&r=g","contentUrl":"https:\/\/secure.gravatar.com\/avatar\/5a2567495ba16b852fcd8f1ed006a2e24fcace936018ed8237e95f488ad6e0a7?s=96&d=mm&r=g","caption":"diario2"},"url":"https:\/\/diariotextual.com\/inicio\/index.php\/author\/diario2\/"}]}},"_links":{"self":[{"href":"https:\/\/diariotextual.com\/inicio\/index.php\/wp-json\/wp\/v2\/posts\/75514","targetHints":{"allow":["GET"]}}],"collection":[{"href":"https:\/\/diariotextual.com\/inicio\/index.php\/wp-json\/wp\/v2\/posts"}],"about":[{"href":"https:\/\/diariotextual.com\/inicio\/index.php\/wp-json\/wp\/v2\/types\/post"}],"author":[{"embeddable":true,"href":"https:\/\/diariotextual.com\/inicio\/index.php\/wp-json\/wp\/v2\/users\/4"}],"replies":[{"embeddable":true,"href":"https:\/\/diariotextual.com\/inicio\/index.php\/wp-json\/wp\/v2\/comments?post=75514"}],"version-history":[{"count":1,"href":"https:\/\/diariotextual.com\/inicio\/index.php\/wp-json\/wp\/v2\/posts\/75514\/revisions"}],"predecessor-version":[{"id":75523,"href":"https:\/\/diariotextual.com\/inicio\/index.php\/wp-json\/wp\/v2\/posts\/75514\/revisions\/75523"}],"wp:featuredmedia":[{"embeddable":true,"href":"https:\/\/diariotextual.com\/inicio\/index.php\/wp-json\/wp\/v2\/media\/75516"}],"wp:attachment":[{"href":"https:\/\/diariotextual.com\/inicio\/index.php\/wp-json\/wp\/v2\/media?parent=75514"}],"wp:term":[{"taxonomy":"category","embeddable":true,"href":"https:\/\/diariotextual.com\/inicio\/index.php\/wp-json\/wp\/v2\/categories?post=75514"},{"taxonomy":"post_tag","embeddable":true,"href":"https:\/\/diariotextual.com\/inicio\/index.php\/wp-json\/wp\/v2\/tags?post=75514"}],"curies":[{"name":"wp","href":"https:\/\/api.w.org\/{rel}","templated":true}]}}