{"id":76085,"date":"2020-01-11T13:23:01","date_gmt":"2020-01-11T16:23:01","guid":{"rendered":"http:\/\/diariotextual.com\/inicio\/?p=76085"},"modified":"2020-01-12T09:23:24","modified_gmt":"2020-01-12T12:23:24","slug":"solo-neuquen-santa-cruz-no-cayo-empleo-2019-segun-la-uia","status":"publish","type":"post","link":"https:\/\/diariotextual.com\/inicio\/index.php\/2020\/01\/11\/solo-neuquen-santa-cruz-no-cayo-empleo-2019-segun-la-uia\/","title":{"rendered":"S\u00f3lo en Neuqu\u00e9n y Santa Cruz no cay\u00f3 el empleo en 2019, seg\u00fan la UIA"},"content":{"rendered":"<p><strong>La ca\u00edda del empleo asalariado registrado afect\u00f3 a la casi totalidad del pa\u00eds el a\u00f1o pasado<\/strong>, con excepci\u00f3n de las provincias de\u00a0<strong>Neuqu\u00e9n y Santa Cruz<\/strong>, seg\u00fan un an\u00e1lisis realizado por la\u00a0<a href=\"https:\/\/www.uia.org.ar\/\" target=\"_blank\" rel=\"noopener\">Uni\u00f3n Industrial Argentina<\/a>\u00a0(UIA) a partir de los \u00faltimos datos oficiales disponibles, correspondientes al mes de octubre. <strong>En el caso de La Pampa la ca\u00edda fue del 3,9%<\/strong>.<\/p>\n<p>El estudio destaca en particular el caso de\u00a0<strong>Neuqu\u00e9n<\/strong>, con un\u00a0<strong>incremento interanual de 4.400 puestos de trabajo\u00a0<\/strong>(3,8% frente a 12 meses atr\u00e1s), \u00abimpulsado por el aumento de la\u00a0<strong>actividad vinculada a Vaca Muerta<\/strong>\u00ab.<\/p>\n<p>La otra provincia con mejora en el empleo (2,4%) fue la de\u00a0<strong>Santa Cruz, con una econom\u00eda fuertemente vinculada con las explotaciones petroleras y mineras.<\/strong><\/p>\n<p>Frente a esos repuntes, \u00ab<strong>las provincias m\u00e1s afectadas fueron las de Tierra del Fuego (-10,3% interanual), La Rioja (-6,2%) y San Juan (-5,5%)\u00bb<\/strong>, precis\u00f3 el informe de la UIA.<\/p>\n<p>En tanto, la provincia de Buenos Aires y la Ciudad Aut\u00f3noma de Buenos Aires (CABA) fueron hasta octubre pasado las jurisdicciones m\u00e1s afectadas por la ca\u00edda en la actividad en niveles absolutos (con ca\u00eddas de 52,8 mil y 41,4 mil puestos de trabajo respectivamente).<\/p>\n<p><strong>El retroceso del empleo asalariado formal en todo el pa\u00eds fue de 0,5% interanual\u00a0<\/strong>(61.644 puestos menos), pese al crecimiento de 3% de los monotributistas (46.642 m\u00e1s que en octubre de 2018) y de los empleados p\u00fablicos (1,3%, 42.362 puestos m\u00e1s).<\/p>\n<p>A nivel sectorial, la provincia de Buenos Aires explica la mitad de la ca\u00edda interanual del empleo industrial, en l\u00ednea con la participaci\u00f3n de la provincia sobre el total nacional (de 41,5%).<\/p>\n<p>En el segundo trimestre de 2019 (\u00faltimo dato disponible), la ca\u00edda del empleo industrial en la provincia ascendi\u00f3 al 6,1% (31.271 puestos de trabajo menos).<\/p>\n<p>En el caso de Tierra del Fuego, la provincia fue la m\u00e1s afectada por la ca\u00edda de la actividad manufacturera, y present\u00f3 un descenso del empleo industrial del 23%.<\/p>\n<p>Otras provincias con fuerte descenso del empleo asalariado total fueron las de Catamarca (5,2% en octubre frente a 12 meses atr\u00e1s); Santiago del Estero (4,7%); Entre R\u00edos (4%); La Pampa (3,9%); C\u00f3rdoba (3,7%) y Jujuy (3%).<\/p>\n<p>Con ca\u00eddas de empleo superiores al 2% interanual, en tanto, se ubicaron las provincias de San Luis, Santa Fe, Corrientes, Formosa, Chaco y Misiones, seg\u00fan el relevamiento de la Uni\u00f3n Industrial Argentina.<\/p>\n<p>En tanto,\u00a0<strong>las menores disminuciones del empleo asalariado total, indic\u00f3 el informe de la UIA, se registraron en Tucum\u00e1n (-1,6%), R\u00edo Negro (-1,6%), Mendoza (-1,3%), Chubut (-1%) y Salta (-0,8%).<\/strong><\/p>\n<p>&nbsp;<\/p>\n<p>&nbsp;<\/p>\n","protected":false},"excerpt":{"rendered":"<p>La ca\u00edda del empleo asalariado registrado afect\u00f3 a la casi totalidad del pa\u00eds el a\u00f1o pasado, con excepci\u00f3n de las provincias de\u00a0Neuqu\u00e9n y Santa Cruz, seg\u00fan un an\u00e1lisis realizado por&hellip;<\/p>\n","protected":false},"author":3,"featured_media":16637,"comment_status":"closed","ping_status":"open","sticky":false,"template":"","format":"standard","meta":{"_acf_changed":false,"footnotes":""},"categories":[11,5],"tags":[],"class_list":["post-76085","post","type-post","status-publish","format-standard","has-post-thumbnail","hentry","category-que-pasa","category-economia"],"acf":[],"yoast_head":"<!-- This site is optimized with the Yoast SEO plugin v27.5 - https:\/\/yoast.com\/product\/yoast-seo-wordpress\/ -->\n<title>S\u00f3lo en Neuqu\u00e9n y Santa Cruz no cay\u00f3 el empleo en 2019, seg\u00fan la UIA - Diario Textual<\/title>\n<meta name=\"robots\" content=\"index, follow, max-snippet:-1, max-image-preview:large, max-video-preview:-1\" \/>\n<link rel=\"canonical\" href=\"https:\/\/diariotextual.com\/inicio\/index.php\/2020\/01\/11\/solo-neuquen-santa-cruz-no-cayo-empleo-2019-segun-la-uia\/\" \/>\n<meta property=\"og:locale\" content=\"es_ES\" \/>\n<meta property=\"og:type\" content=\"article\" \/>\n<meta property=\"og:title\" content=\"S\u00f3lo en Neuqu\u00e9n y Santa Cruz no cay\u00f3 el empleo en 2019, seg\u00fan la UIA - Diario Textual\" \/>\n<meta property=\"og:description\" content=\"La ca\u00edda del empleo asalariado registrado afect\u00f3 a la casi totalidad del pa\u00eds el a\u00f1o pasado, con excepci\u00f3n de las provincias de\u00a0Neuqu\u00e9n y Santa Cruz, seg\u00fan un an\u00e1lisis realizado por&hellip;\" \/>\n<meta property=\"og:url\" content=\"https:\/\/diariotextual.com\/inicio\/index.php\/2020\/01\/11\/solo-neuquen-santa-cruz-no-cayo-empleo-2019-segun-la-uia\/\" \/>\n<meta property=\"og:site_name\" content=\"Diario Textual\" \/>\n<meta property=\"article:publisher\" content=\"https:\/\/www.facebook.com\/eltextual\" \/>\n<meta property=\"article:published_time\" content=\"2020-01-11T16:23:01+00:00\" \/>\n<meta property=\"article:modified_time\" content=\"2020-01-12T12:23:24+00:00\" \/>\n<meta property=\"og:image\" content=\"https:\/\/diariotextual.com\/inicio\/wp-content\/uploads\/2018\/08\/industrias555.jpg\" \/>\n\t<meta property=\"og:image:width\" content=\"887\" \/>\n\t<meta property=\"og:image:height\" content=\"580\" \/>\n\t<meta property=\"og:image:type\" content=\"image\/jpeg\" \/>\n<meta name=\"author\" content=\"Diario1 Diario1\" \/>\n<meta name=\"twitter:card\" content=\"summary_large_image\" \/>\n<meta name=\"twitter:creator\" content=\"@eltextual\" \/>\n<meta name=\"twitter:site\" content=\"@eltextual\" \/>\n<meta name=\"twitter:label1\" content=\"Escrito por\" \/>\n\t<meta name=\"twitter:data1\" content=\"Diario1 Diario1\" \/>\n\t<meta name=\"twitter:label2\" content=\"Tiempo de lectura\" \/>\n\t<meta name=\"twitter:data2\" content=\"2 minutos\" \/>\n<script type=\"application\/ld+json\" class=\"yoast-schema-graph\">{\"@context\":\"https:\\\/\\\/schema.org\",\"@graph\":[{\"@type\":\"Article\",\"@id\":\"https:\\\/\\\/diariotextual.com\\\/inicio\\\/index.php\\\/2020\\\/01\\\/11\\\/solo-neuquen-santa-cruz-no-cayo-empleo-2019-segun-la-uia\\\/#article\",\"isPartOf\":{\"@id\":\"https:\\\/\\\/diariotextual.com\\\/inicio\\\/index.php\\\/2020\\\/01\\\/11\\\/solo-neuquen-santa-cruz-no-cayo-empleo-2019-segun-la-uia\\\/\"},\"author\":{\"name\":\"Diario1 Diario1\",\"@id\":\"https:\\\/\\\/diariotextual.com\\\/inicio\\\/#\\\/schema\\\/person\\\/418fc4093c33e86ed41562db3508f958\"},\"headline\":\"S\u00f3lo en Neuqu\u00e9n y Santa Cruz no cay\u00f3 el empleo en 2019, seg\u00fan la UIA\",\"datePublished\":\"2020-01-11T16:23:01+00:00\",\"dateModified\":\"2020-01-12T12:23:24+00:00\",\"mainEntityOfPage\":{\"@id\":\"https:\\\/\\\/diariotextual.com\\\/inicio\\\/index.php\\\/2020\\\/01\\\/11\\\/solo-neuquen-santa-cruz-no-cayo-empleo-2019-segun-la-uia\\\/\"},\"wordCount\":445,\"publisher\":{\"@id\":\"https:\\\/\\\/diariotextual.com\\\/inicio\\\/#organization\"},\"image\":{\"@id\":\"https:\\\/\\\/diariotextual.com\\\/inicio\\\/index.php\\\/2020\\\/01\\\/11\\\/solo-neuquen-santa-cruz-no-cayo-empleo-2019-segun-la-uia\\\/#primaryimage\"},\"thumbnailUrl\":\"https:\\\/\\\/diariotextual.com\\\/inicio\\\/wp-content\\\/uploads\\\/2018\\\/08\\\/industrias555.jpg\",\"articleSection\":[\"A - QUE PASA (al costado)\",\"ECONOMIA\"],\"inLanguage\":\"es\"},{\"@type\":\"WebPage\",\"@id\":\"https:\\\/\\\/diariotextual.com\\\/inicio\\\/index.php\\\/2020\\\/01\\\/11\\\/solo-neuquen-santa-cruz-no-cayo-empleo-2019-segun-la-uia\\\/\",\"url\":\"https:\\\/\\\/diariotextual.com\\\/inicio\\\/index.php\\\/2020\\\/01\\\/11\\\/solo-neuquen-santa-cruz-no-cayo-empleo-2019-segun-la-uia\\\/\",\"name\":\"S\u00f3lo en Neuqu\u00e9n y Santa Cruz no cay\u00f3 el empleo en 2019, seg\u00fan la UIA - Diario Textual\",\"isPartOf\":{\"@id\":\"https:\\\/\\\/diariotextual.com\\\/inicio\\\/#website\"},\"primaryImageOfPage\":{\"@id\":\"https:\\\/\\\/diariotextual.com\\\/inicio\\\/index.php\\\/2020\\\/01\\\/11\\\/solo-neuquen-santa-cruz-no-cayo-empleo-2019-segun-la-uia\\\/#primaryimage\"},\"image\":{\"@id\":\"https:\\\/\\\/diariotextual.com\\\/inicio\\\/index.php\\\/2020\\\/01\\\/11\\\/solo-neuquen-santa-cruz-no-cayo-empleo-2019-segun-la-uia\\\/#primaryimage\"},\"thumbnailUrl\":\"https:\\\/\\\/diariotextual.com\\\/inicio\\\/wp-content\\\/uploads\\\/2018\\\/08\\\/industrias555.jpg\",\"datePublished\":\"2020-01-11T16:23:01+00:00\",\"dateModified\":\"2020-01-12T12:23:24+00:00\",\"breadcrumb\":{\"@id\":\"https:\\\/\\\/diariotextual.com\\\/inicio\\\/index.php\\\/2020\\\/01\\\/11\\\/solo-neuquen-santa-cruz-no-cayo-empleo-2019-segun-la-uia\\\/#breadcrumb\"},\"inLanguage\":\"es\",\"potentialAction\":[{\"@type\":\"ReadAction\",\"target\":[\"https:\\\/\\\/diariotextual.com\\\/inicio\\\/index.php\\\/2020\\\/01\\\/11\\\/solo-neuquen-santa-cruz-no-cayo-empleo-2019-segun-la-uia\\\/\"]}]},{\"@type\":\"ImageObject\",\"inLanguage\":\"es\",\"@id\":\"https:\\\/\\\/diariotextual.com\\\/inicio\\\/index.php\\\/2020\\\/01\\\/11\\\/solo-neuquen-santa-cruz-no-cayo-empleo-2019-segun-la-uia\\\/#primaryimage\",\"url\":\"https:\\\/\\\/diariotextual.com\\\/inicio\\\/wp-content\\\/uploads\\\/2018\\\/08\\\/industrias555.jpg\",\"contentUrl\":\"https:\\\/\\\/diariotextual.com\\\/inicio\\\/wp-content\\\/uploads\\\/2018\\\/08\\\/industrias555.jpg\",\"width\":887,\"height\":580},{\"@type\":\"BreadcrumbList\",\"@id\":\"https:\\\/\\\/diariotextual.com\\\/inicio\\\/index.php\\\/2020\\\/01\\\/11\\\/solo-neuquen-santa-cruz-no-cayo-empleo-2019-segun-la-uia\\\/#breadcrumb\",\"itemListElement\":[{\"@type\":\"ListItem\",\"position\":1,\"name\":\"Portada\",\"item\":\"https:\\\/\\\/diariotextual.com\\\/inicio\\\/\"},{\"@type\":\"ListItem\",\"position\":2,\"name\":\"S\u00f3lo en Neuqu\u00e9n y Santa Cruz no cay\u00f3 el empleo en 2019, seg\u00fan la UIA\"}]},{\"@type\":\"WebSite\",\"@id\":\"https:\\\/\\\/diariotextual.com\\\/inicio\\\/#website\",\"url\":\"https:\\\/\\\/diariotextual.com\\\/inicio\\\/\",\"name\":\"Diario Textual\",\"description\":\"\",\"publisher\":{\"@id\":\"https:\\\/\\\/diariotextual.com\\\/inicio\\\/#organization\"},\"potentialAction\":[{\"@type\":\"SearchAction\",\"target\":{\"@type\":\"EntryPoint\",\"urlTemplate\":\"https:\\\/\\\/diariotextual.com\\\/inicio\\\/?s={search_term_string}\"},\"query-input\":{\"@type\":\"PropertyValueSpecification\",\"valueRequired\":true,\"valueName\":\"search_term_string\"}}],\"inLanguage\":\"es\"},{\"@type\":\"Organization\",\"@id\":\"https:\\\/\\\/diariotextual.com\\\/inicio\\\/#organization\",\"name\":\"Diario Textual\",\"url\":\"https:\\\/\\\/diariotextual.com\\\/inicio\\\/\",\"logo\":{\"@type\":\"ImageObject\",\"inLanguage\":\"es\",\"@id\":\"https:\\\/\\\/diariotextual.com\\\/inicio\\\/#\\\/schema\\\/logo\\\/image\\\/\",\"url\":\"https:\\\/\\\/diariotextual.com\\\/inicio\\\/wp-content\\\/uploads\\\/2023\\\/05\\\/logotextual1.jpg\",\"contentUrl\":\"https:\\\/\\\/diariotextual.com\\\/inicio\\\/wp-content\\\/uploads\\\/2023\\\/05\\\/logotextual1.jpg\",\"width\":516,\"height\":76,\"caption\":\"Diario Textual\"},\"image\":{\"@id\":\"https:\\\/\\\/diariotextual.com\\\/inicio\\\/#\\\/schema\\\/logo\\\/image\\\/\"},\"sameAs\":[\"https:\\\/\\\/www.facebook.com\\\/eltextual\",\"https:\\\/\\\/x.com\\\/eltextual\",\"http:\\\/\\\/www.instagram.com\\\/eltextual\"]},{\"@type\":\"Person\",\"@id\":\"https:\\\/\\\/diariotextual.com\\\/inicio\\\/#\\\/schema\\\/person\\\/418fc4093c33e86ed41562db3508f958\",\"name\":\"Diario1 Diario1\",\"image\":{\"@type\":\"ImageObject\",\"inLanguage\":\"es\",\"@id\":\"https:\\\/\\\/secure.gravatar.com\\\/avatar\\\/9167d280179c85bc18be67aa7eda765854300033af4896dd779b608640f2ef7a?s=96&d=mm&r=g\",\"url\":\"https:\\\/\\\/secure.gravatar.com\\\/avatar\\\/9167d280179c85bc18be67aa7eda765854300033af4896dd779b608640f2ef7a?s=96&d=mm&r=g\",\"contentUrl\":\"https:\\\/\\\/secure.gravatar.com\\\/avatar\\\/9167d280179c85bc18be67aa7eda765854300033af4896dd779b608640f2ef7a?s=96&d=mm&r=g\",\"caption\":\"Diario1 Diario1\"},\"url\":\"https:\\\/\\\/diariotextual.com\\\/inicio\\\/index.php\\\/author\\\/diario1\\\/\"}]}<\/script>\n<!-- \/ Yoast SEO plugin. -->","yoast_head_json":{"title":"S\u00f3lo en Neuqu\u00e9n y Santa Cruz no cay\u00f3 el empleo en 2019, seg\u00fan la UIA - Diario Textual","robots":{"index":"index","follow":"follow","max-snippet":"max-snippet:-1","max-image-preview":"max-image-preview:large","max-video-preview":"max-video-preview:-1"},"canonical":"https:\/\/diariotextual.com\/inicio\/index.php\/2020\/01\/11\/solo-neuquen-santa-cruz-no-cayo-empleo-2019-segun-la-uia\/","og_locale":"es_ES","og_type":"article","og_title":"S\u00f3lo en Neuqu\u00e9n y Santa Cruz no cay\u00f3 el empleo en 2019, seg\u00fan la UIA - Diario Textual","og_description":"La ca\u00edda del empleo asalariado registrado afect\u00f3 a la casi totalidad del pa\u00eds el a\u00f1o pasado, con excepci\u00f3n de las provincias de\u00a0Neuqu\u00e9n y Santa Cruz, seg\u00fan un an\u00e1lisis realizado por&hellip;","og_url":"https:\/\/diariotextual.com\/inicio\/index.php\/2020\/01\/11\/solo-neuquen-santa-cruz-no-cayo-empleo-2019-segun-la-uia\/","og_site_name":"Diario Textual","article_publisher":"https:\/\/www.facebook.com\/eltextual","article_published_time":"2020-01-11T16:23:01+00:00","article_modified_time":"2020-01-12T12:23:24+00:00","og_image":[{"width":887,"height":580,"url":"https:\/\/diariotextual.com\/inicio\/wp-content\/uploads\/2018\/08\/industrias555.jpg","type":"image\/jpeg"}],"author":"Diario1 Diario1","twitter_card":"summary_large_image","twitter_creator":"@eltextual","twitter_site":"@eltextual","twitter_misc":{"Escrito por":"Diario1 Diario1","Tiempo de lectura":"2 minutos"},"schema":{"@context":"https:\/\/schema.org","@graph":[{"@type":"Article","@id":"https:\/\/diariotextual.com\/inicio\/index.php\/2020\/01\/11\/solo-neuquen-santa-cruz-no-cayo-empleo-2019-segun-la-uia\/#article","isPartOf":{"@id":"https:\/\/diariotextual.com\/inicio\/index.php\/2020\/01\/11\/solo-neuquen-santa-cruz-no-cayo-empleo-2019-segun-la-uia\/"},"author":{"name":"Diario1 Diario1","@id":"https:\/\/diariotextual.com\/inicio\/#\/schema\/person\/418fc4093c33e86ed41562db3508f958"},"headline":"S\u00f3lo en Neuqu\u00e9n y Santa Cruz no cay\u00f3 el empleo en 2019, seg\u00fan la UIA","datePublished":"2020-01-11T16:23:01+00:00","dateModified":"2020-01-12T12:23:24+00:00","mainEntityOfPage":{"@id":"https:\/\/diariotextual.com\/inicio\/index.php\/2020\/01\/11\/solo-neuquen-santa-cruz-no-cayo-empleo-2019-segun-la-uia\/"},"wordCount":445,"publisher":{"@id":"https:\/\/diariotextual.com\/inicio\/#organization"},"image":{"@id":"https:\/\/diariotextual.com\/inicio\/index.php\/2020\/01\/11\/solo-neuquen-santa-cruz-no-cayo-empleo-2019-segun-la-uia\/#primaryimage"},"thumbnailUrl":"https:\/\/diariotextual.com\/inicio\/wp-content\/uploads\/2018\/08\/industrias555.jpg","articleSection":["A - QUE PASA (al costado)","ECONOMIA"],"inLanguage":"es"},{"@type":"WebPage","@id":"https:\/\/diariotextual.com\/inicio\/index.php\/2020\/01\/11\/solo-neuquen-santa-cruz-no-cayo-empleo-2019-segun-la-uia\/","url":"https:\/\/diariotextual.com\/inicio\/index.php\/2020\/01\/11\/solo-neuquen-santa-cruz-no-cayo-empleo-2019-segun-la-uia\/","name":"S\u00f3lo en Neuqu\u00e9n y Santa Cruz no cay\u00f3 el empleo en 2019, seg\u00fan la UIA - Diario Textual","isPartOf":{"@id":"https:\/\/diariotextual.com\/inicio\/#website"},"primaryImageOfPage":{"@id":"https:\/\/diariotextual.com\/inicio\/index.php\/2020\/01\/11\/solo-neuquen-santa-cruz-no-cayo-empleo-2019-segun-la-uia\/#primaryimage"},"image":{"@id":"https:\/\/diariotextual.com\/inicio\/index.php\/2020\/01\/11\/solo-neuquen-santa-cruz-no-cayo-empleo-2019-segun-la-uia\/#primaryimage"},"thumbnailUrl":"https:\/\/diariotextual.com\/inicio\/wp-content\/uploads\/2018\/08\/industrias555.jpg","datePublished":"2020-01-11T16:23:01+00:00","dateModified":"2020-01-12T12:23:24+00:00","breadcrumb":{"@id":"https:\/\/diariotextual.com\/inicio\/index.php\/2020\/01\/11\/solo-neuquen-santa-cruz-no-cayo-empleo-2019-segun-la-uia\/#breadcrumb"},"inLanguage":"es","potentialAction":[{"@type":"ReadAction","target":["https:\/\/diariotextual.com\/inicio\/index.php\/2020\/01\/11\/solo-neuquen-santa-cruz-no-cayo-empleo-2019-segun-la-uia\/"]}]},{"@type":"ImageObject","inLanguage":"es","@id":"https:\/\/diariotextual.com\/inicio\/index.php\/2020\/01\/11\/solo-neuquen-santa-cruz-no-cayo-empleo-2019-segun-la-uia\/#primaryimage","url":"https:\/\/diariotextual.com\/inicio\/wp-content\/uploads\/2018\/08\/industrias555.jpg","contentUrl":"https:\/\/diariotextual.com\/inicio\/wp-content\/uploads\/2018\/08\/industrias555.jpg","width":887,"height":580},{"@type":"BreadcrumbList","@id":"https:\/\/diariotextual.com\/inicio\/index.php\/2020\/01\/11\/solo-neuquen-santa-cruz-no-cayo-empleo-2019-segun-la-uia\/#breadcrumb","itemListElement":[{"@type":"ListItem","position":1,"name":"Portada","item":"https:\/\/diariotextual.com\/inicio\/"},{"@type":"ListItem","position":2,"name":"S\u00f3lo en Neuqu\u00e9n y Santa Cruz no cay\u00f3 el empleo en 2019, seg\u00fan la UIA"}]},{"@type":"WebSite","@id":"https:\/\/diariotextual.com\/inicio\/#website","url":"https:\/\/diariotextual.com\/inicio\/","name":"Diario Textual","description":"","publisher":{"@id":"https:\/\/diariotextual.com\/inicio\/#organization"},"potentialAction":[{"@type":"SearchAction","target":{"@type":"EntryPoint","urlTemplate":"https:\/\/diariotextual.com\/inicio\/?s={search_term_string}"},"query-input":{"@type":"PropertyValueSpecification","valueRequired":true,"valueName":"search_term_string"}}],"inLanguage":"es"},{"@type":"Organization","@id":"https:\/\/diariotextual.com\/inicio\/#organization","name":"Diario Textual","url":"https:\/\/diariotextual.com\/inicio\/","logo":{"@type":"ImageObject","inLanguage":"es","@id":"https:\/\/diariotextual.com\/inicio\/#\/schema\/logo\/image\/","url":"https:\/\/diariotextual.com\/inicio\/wp-content\/uploads\/2023\/05\/logotextual1.jpg","contentUrl":"https:\/\/diariotextual.com\/inicio\/wp-content\/uploads\/2023\/05\/logotextual1.jpg","width":516,"height":76,"caption":"Diario Textual"},"image":{"@id":"https:\/\/diariotextual.com\/inicio\/#\/schema\/logo\/image\/"},"sameAs":["https:\/\/www.facebook.com\/eltextual","https:\/\/x.com\/eltextual","http:\/\/www.instagram.com\/eltextual"]},{"@type":"Person","@id":"https:\/\/diariotextual.com\/inicio\/#\/schema\/person\/418fc4093c33e86ed41562db3508f958","name":"Diario1 Diario1","image":{"@type":"ImageObject","inLanguage":"es","@id":"https:\/\/secure.gravatar.com\/avatar\/9167d280179c85bc18be67aa7eda765854300033af4896dd779b608640f2ef7a?s=96&d=mm&r=g","url":"https:\/\/secure.gravatar.com\/avatar\/9167d280179c85bc18be67aa7eda765854300033af4896dd779b608640f2ef7a?s=96&d=mm&r=g","contentUrl":"https:\/\/secure.gravatar.com\/avatar\/9167d280179c85bc18be67aa7eda765854300033af4896dd779b608640f2ef7a?s=96&d=mm&r=g","caption":"Diario1 Diario1"},"url":"https:\/\/diariotextual.com\/inicio\/index.php\/author\/diario1\/"}]}},"_links":{"self":[{"href":"https:\/\/diariotextual.com\/inicio\/index.php\/wp-json\/wp\/v2\/posts\/76085","targetHints":{"allow":["GET"]}}],"collection":[{"href":"https:\/\/diariotextual.com\/inicio\/index.php\/wp-json\/wp\/v2\/posts"}],"about":[{"href":"https:\/\/diariotextual.com\/inicio\/index.php\/wp-json\/wp\/v2\/types\/post"}],"author":[{"embeddable":true,"href":"https:\/\/diariotextual.com\/inicio\/index.php\/wp-json\/wp\/v2\/users\/3"}],"replies":[{"embeddable":true,"href":"https:\/\/diariotextual.com\/inicio\/index.php\/wp-json\/wp\/v2\/comments?post=76085"}],"version-history":[{"count":1,"href":"https:\/\/diariotextual.com\/inicio\/index.php\/wp-json\/wp\/v2\/posts\/76085\/revisions"}],"predecessor-version":[{"id":76086,"href":"https:\/\/diariotextual.com\/inicio\/index.php\/wp-json\/wp\/v2\/posts\/76085\/revisions\/76086"}],"wp:featuredmedia":[{"embeddable":true,"href":"https:\/\/diariotextual.com\/inicio\/index.php\/wp-json\/wp\/v2\/media\/16637"}],"wp:attachment":[{"href":"https:\/\/diariotextual.com\/inicio\/index.php\/wp-json\/wp\/v2\/media?parent=76085"}],"wp:term":[{"taxonomy":"category","embeddable":true,"href":"https:\/\/diariotextual.com\/inicio\/index.php\/wp-json\/wp\/v2\/categories?post=76085"},{"taxonomy":"post_tag","embeddable":true,"href":"https:\/\/diariotextual.com\/inicio\/index.php\/wp-json\/wp\/v2\/tags?post=76085"}],"curies":[{"name":"wp","href":"https:\/\/api.w.org\/{rel}","templated":true}]}}