{"id":76522,"date":"2020-01-15T18:11:29","date_gmt":"2020-01-15T21:11:29","guid":{"rendered":"http:\/\/diariotextual.com\/inicio\/?p=76522"},"modified":"2020-01-16T09:07:49","modified_gmt":"2020-01-16T12:07:49","slug":"di-napoli-dijo-la-recaudacion-municipal-del-56","status":"publish","type":"post","link":"https:\/\/diariotextual.com\/inicio\/index.php\/2020\/01\/15\/di-napoli-dijo-la-recaudacion-municipal-del-56\/","title":{"rendered":"Di N\u00e1poli dijo que la recaudaci\u00f3n municipal es del 56%"},"content":{"rendered":"<p>El intendente Luciano Di N\u00e1poli particip\u00f3 esta ma\u00f1ana de una recorrida por la colonia Pro Vida en el parque Don Tom\u00e1s y se esperanz\u00f3 con que <strong>mejore la situaci\u00f3n macro econ\u00f3mica del pa\u00eds, para que suban los n\u00fameros de la recaudaci\u00f3n municipal y la coparticipaci\u00f3n.\u00a0<\/strong><\/p>\n<p><!--more--><\/p>\n<p>El jefe comunal asegur\u00f3 que los n\u00fameros <strong>de recaudaci\u00f3n municipal est\u00e1 en el orden del 56 % el porcentaje de los vecinos que abonan sus tasas en t\u00e9rmino<\/strong>, y en ese contexto, remarc\u00f3 la importancia que tiene el compromiso de los santarrose\u00f1os con el pago de sus tasas.<\/p>\n<p>Explic\u00f3 que<strong> si se quiere tener una ciudad mejor, para eso es necesario contar con m\u00e1s recursos y para tener esos recursos, se debe trabajar mucho en mejorar los niveles de recaudaci\u00f3n<\/strong> y ello depende fundamentalmente de la voluntad y el esfuerzo del vecino.<\/p>\n<p>Habl\u00f3 de su esperanza desde lo personal para <strong>que mejore la situaci\u00f3n macro-econ\u00f3mica del pa\u00eds y que se puedan empezar a dar otros niveles de recaudaci\u00f3n y de coparticipaci\u00f3n, tanto a nivel nacional como provincial.<\/strong> \u201cEsto tambi\u00e9n har\u00e1 que la gente de nuestra ciudad, pueda pagar de una manera m\u00e1s f\u00e1cil las tasas municipales\u201d, aclar\u00f3.<\/p>\n<p>&nbsp;<\/p>\n<p><strong>Cloacas del Butal\u00f3<\/strong><\/p>\n<p>Consultado respecto al pedido de vecinos del barrio Butal\u00f3 por las obras de recambio de ca\u00f1er\u00edas cloacales que se est\u00e1n ejecutando all\u00ed, Di N\u00e1poli dijo: \u201c<strong>En el caso del Butal\u00f3 hay todav\u00eda una empresa que est\u00e1 trabajando y est\u00e1 todav\u00eda en el per\u00edodo de ejecuci\u00f3n de obra y que tiene que terminar. Hubo una readecuaci\u00f3n del proyecto<\/strong>\u00a0y lo hizo la gesti\u00f3n municipal saliente\u201d.<\/p>\n<p>\u201cY <strong>es adem\u00e1s una obra con la que ya hablando como municipio, hemos tenido muchos problemas, pero que de ninguna manera pensamos abandonar, sino que esperamos que se pueda terminar en tiempo y forma<\/strong>. Entiendo la preocupaci\u00f3n que tienen los vecinos del barrio por la situaci\u00f3n que est\u00e1n viviendo hace tiempo, pero tengo que decir que<strong> no hay ning\u00fan retraso por parte del municipio en esa cuesti\u00f3n<\/strong>\u201d, afirm\u00f3.<\/p>\n<p>&nbsp;<\/p>\n<p><strong>Pro Vida 2020<\/strong><\/p>\n<p>El intendente santarrose\u00f1o encabez\u00f3 la apertura del programa Pro Vida Verano 2020 con una recorrida por las instalaciones del parque Don Tom\u00e1s.<\/p>\n<p>Di N\u00e1poli estuvo acompa\u00f1ado por el ministro de Desarrollo Social, Diego \u00c1lvarez; el subsecretario de Deportes de la provincia, Ceferino Almudevar; el secretario de Desarrollo Social de la comuna, Marcos \u00c1lvarez Echeveste y el director de Deportes del municipio, Jos\u00e9 Luis Carluche, entre otros.<\/p>\n<p>El programa arranc\u00f3 <strong>en su primera semana de implementaci\u00f3n con m\u00e1s de 1900 inscriptos, entre ni\u00f1os, j\u00f3venes y adultos mayores<\/strong>, que desarrollan sus actividades en el Parque Don Tom\u00e1s y en las instalaciones del Prado Espa\u00f1ol.<\/p>\n<p>\u201cEstamos muy contentos y felices desde la gesti\u00f3n municipal por c\u00f3mo se est\u00e1 desarrollando el Pro Vida en nuestra ciudad\u201d, expres\u00f3 Di N\u00e1poli y agreg\u00f3: \u201cCreemos que es un programa ejemplo a nivel nacional, que viene realiz\u00e1ndose en nuestra provincia hace m\u00e1s de 25 a\u00f1os y que se destaca por ser un programa inclusivo, que abarca a ni\u00f1os, j\u00f3venes, adultos mayores, y personas con discapacidad\u201d.<\/p>\n<p>El jefe comunal asegur\u00f3 que <strong>este a\u00f1o ha alcanzado una cifra r\u00e9cord de cantidad de participantes, con un promedio de 1400 asistentes diarios y picos de entre 1700 y 1800.<\/strong><\/p>\n","protected":false},"excerpt":{"rendered":"<p>El intendente Luciano Di N\u00e1poli particip\u00f3 esta ma\u00f1ana de una recorrida por la colonia Pro Vida en el parque Don Tom\u00e1s y se esperanz\u00f3 con que mejore la situaci\u00f3n macro&hellip;<\/p>\n","protected":false},"author":5,"featured_media":76523,"comment_status":"closed","ping_status":"open","sticky":false,"template":"","format":"standard","meta":{"_acf_changed":false,"footnotes":""},"categories":[11,5],"tags":[],"class_list":["post-76522","post","type-post","status-publish","format-standard","has-post-thumbnail","hentry","category-que-pasa","category-economia"],"acf":[],"yoast_head":"<!-- This site is optimized with the Yoast SEO plugin v27.5 - https:\/\/yoast.com\/product\/yoast-seo-wordpress\/ -->\n<title>Di N\u00e1poli dijo que la recaudaci\u00f3n municipal es del 56% - Diario Textual<\/title>\n<meta name=\"robots\" content=\"index, follow, max-snippet:-1, max-image-preview:large, max-video-preview:-1\" \/>\n<link rel=\"canonical\" href=\"https:\/\/diariotextual.com\/inicio\/index.php\/2020\/01\/15\/di-napoli-dijo-la-recaudacion-municipal-del-56\/\" \/>\n<meta property=\"og:locale\" content=\"es_ES\" \/>\n<meta property=\"og:type\" content=\"article\" \/>\n<meta property=\"og:title\" content=\"Di N\u00e1poli dijo que la recaudaci\u00f3n municipal es del 56% - Diario Textual\" \/>\n<meta property=\"og:description\" content=\"El intendente Luciano Di N\u00e1poli particip\u00f3 esta ma\u00f1ana de una recorrida por la colonia Pro Vida en el parque Don Tom\u00e1s y se esperanz\u00f3 con que mejore la situaci\u00f3n macro&hellip;\" \/>\n<meta property=\"og:url\" content=\"https:\/\/diariotextual.com\/inicio\/index.php\/2020\/01\/15\/di-napoli-dijo-la-recaudacion-municipal-del-56\/\" \/>\n<meta property=\"og:site_name\" content=\"Diario Textual\" \/>\n<meta property=\"article:publisher\" content=\"https:\/\/www.facebook.com\/eltextual\" \/>\n<meta property=\"article:published_time\" content=\"2020-01-15T21:11:29+00:00\" \/>\n<meta property=\"article:modified_time\" content=\"2020-01-16T12:07:49+00:00\" \/>\n<meta property=\"og:image\" content=\"https:\/\/diariotextual.com\/inicio\/wp-content\/uploads\/2020\/01\/DiNapoliProVida2020.jpg\" \/>\n\t<meta property=\"og:image:width\" content=\"700\" \/>\n\t<meta property=\"og:image:height\" content=\"395\" \/>\n\t<meta property=\"og:image:type\" content=\"image\/jpeg\" \/>\n<meta name=\"author\" content=\"diario3\" \/>\n<meta name=\"twitter:card\" content=\"summary_large_image\" \/>\n<meta name=\"twitter:creator\" content=\"@eltextual\" \/>\n<meta name=\"twitter:site\" content=\"@eltextual\" \/>\n<meta name=\"twitter:label1\" content=\"Escrito por\" \/>\n\t<meta name=\"twitter:data1\" content=\"diario3\" \/>\n\t<meta name=\"twitter:label2\" content=\"Tiempo de lectura\" \/>\n\t<meta name=\"twitter:data2\" content=\"3 minutos\" \/>\n<script type=\"application\/ld+json\" class=\"yoast-schema-graph\">{\"@context\":\"https:\\\/\\\/schema.org\",\"@graph\":[{\"@type\":\"Article\",\"@id\":\"https:\\\/\\\/diariotextual.com\\\/inicio\\\/index.php\\\/2020\\\/01\\\/15\\\/di-napoli-dijo-la-recaudacion-municipal-del-56\\\/#article\",\"isPartOf\":{\"@id\":\"https:\\\/\\\/diariotextual.com\\\/inicio\\\/index.php\\\/2020\\\/01\\\/15\\\/di-napoli-dijo-la-recaudacion-municipal-del-56\\\/\"},\"author\":{\"name\":\"diario3\",\"@id\":\"https:\\\/\\\/diariotextual.com\\\/inicio\\\/#\\\/schema\\\/person\\\/a1b6f563e0ee944c60f98119389a4d9f\"},\"headline\":\"Di N\u00e1poli dijo que la recaudaci\u00f3n municipal es del 56%\",\"datePublished\":\"2020-01-15T21:11:29+00:00\",\"dateModified\":\"2020-01-16T12:07:49+00:00\",\"mainEntityOfPage\":{\"@id\":\"https:\\\/\\\/diariotextual.com\\\/inicio\\\/index.php\\\/2020\\\/01\\\/15\\\/di-napoli-dijo-la-recaudacion-municipal-del-56\\\/\"},\"wordCount\":590,\"publisher\":{\"@id\":\"https:\\\/\\\/diariotextual.com\\\/inicio\\\/#organization\"},\"image\":{\"@id\":\"https:\\\/\\\/diariotextual.com\\\/inicio\\\/index.php\\\/2020\\\/01\\\/15\\\/di-napoli-dijo-la-recaudacion-municipal-del-56\\\/#primaryimage\"},\"thumbnailUrl\":\"https:\\\/\\\/diariotextual.com\\\/inicio\\\/wp-content\\\/uploads\\\/2020\\\/01\\\/DiNapoliProVida2020.jpg\",\"articleSection\":[\"A - QUE PASA (al costado)\",\"ECONOMIA\"],\"inLanguage\":\"es\"},{\"@type\":\"WebPage\",\"@id\":\"https:\\\/\\\/diariotextual.com\\\/inicio\\\/index.php\\\/2020\\\/01\\\/15\\\/di-napoli-dijo-la-recaudacion-municipal-del-56\\\/\",\"url\":\"https:\\\/\\\/diariotextual.com\\\/inicio\\\/index.php\\\/2020\\\/01\\\/15\\\/di-napoli-dijo-la-recaudacion-municipal-del-56\\\/\",\"name\":\"Di N\u00e1poli dijo que la recaudaci\u00f3n municipal es del 56% - Diario Textual\",\"isPartOf\":{\"@id\":\"https:\\\/\\\/diariotextual.com\\\/inicio\\\/#website\"},\"primaryImageOfPage\":{\"@id\":\"https:\\\/\\\/diariotextual.com\\\/inicio\\\/index.php\\\/2020\\\/01\\\/15\\\/di-napoli-dijo-la-recaudacion-municipal-del-56\\\/#primaryimage\"},\"image\":{\"@id\":\"https:\\\/\\\/diariotextual.com\\\/inicio\\\/index.php\\\/2020\\\/01\\\/15\\\/di-napoli-dijo-la-recaudacion-municipal-del-56\\\/#primaryimage\"},\"thumbnailUrl\":\"https:\\\/\\\/diariotextual.com\\\/inicio\\\/wp-content\\\/uploads\\\/2020\\\/01\\\/DiNapoliProVida2020.jpg\",\"datePublished\":\"2020-01-15T21:11:29+00:00\",\"dateModified\":\"2020-01-16T12:07:49+00:00\",\"breadcrumb\":{\"@id\":\"https:\\\/\\\/diariotextual.com\\\/inicio\\\/index.php\\\/2020\\\/01\\\/15\\\/di-napoli-dijo-la-recaudacion-municipal-del-56\\\/#breadcrumb\"},\"inLanguage\":\"es\",\"potentialAction\":[{\"@type\":\"ReadAction\",\"target\":[\"https:\\\/\\\/diariotextual.com\\\/inicio\\\/index.php\\\/2020\\\/01\\\/15\\\/di-napoli-dijo-la-recaudacion-municipal-del-56\\\/\"]}]},{\"@type\":\"ImageObject\",\"inLanguage\":\"es\",\"@id\":\"https:\\\/\\\/diariotextual.com\\\/inicio\\\/index.php\\\/2020\\\/01\\\/15\\\/di-napoli-dijo-la-recaudacion-municipal-del-56\\\/#primaryimage\",\"url\":\"https:\\\/\\\/diariotextual.com\\\/inicio\\\/wp-content\\\/uploads\\\/2020\\\/01\\\/DiNapoliProVida2020.jpg\",\"contentUrl\":\"https:\\\/\\\/diariotextual.com\\\/inicio\\\/wp-content\\\/uploads\\\/2020\\\/01\\\/DiNapoliProVida2020.jpg\",\"width\":700,\"height\":395},{\"@type\":\"BreadcrumbList\",\"@id\":\"https:\\\/\\\/diariotextual.com\\\/inicio\\\/index.php\\\/2020\\\/01\\\/15\\\/di-napoli-dijo-la-recaudacion-municipal-del-56\\\/#breadcrumb\",\"itemListElement\":[{\"@type\":\"ListItem\",\"position\":1,\"name\":\"Portada\",\"item\":\"https:\\\/\\\/diariotextual.com\\\/inicio\\\/\"},{\"@type\":\"ListItem\",\"position\":2,\"name\":\"Di N\u00e1poli dijo que la recaudaci\u00f3n municipal es del 56%\"}]},{\"@type\":\"WebSite\",\"@id\":\"https:\\\/\\\/diariotextual.com\\\/inicio\\\/#website\",\"url\":\"https:\\\/\\\/diariotextual.com\\\/inicio\\\/\",\"name\":\"Diario Textual\",\"description\":\"\",\"publisher\":{\"@id\":\"https:\\\/\\\/diariotextual.com\\\/inicio\\\/#organization\"},\"potentialAction\":[{\"@type\":\"SearchAction\",\"target\":{\"@type\":\"EntryPoint\",\"urlTemplate\":\"https:\\\/\\\/diariotextual.com\\\/inicio\\\/?s={search_term_string}\"},\"query-input\":{\"@type\":\"PropertyValueSpecification\",\"valueRequired\":true,\"valueName\":\"search_term_string\"}}],\"inLanguage\":\"es\"},{\"@type\":\"Organization\",\"@id\":\"https:\\\/\\\/diariotextual.com\\\/inicio\\\/#organization\",\"name\":\"Diario Textual\",\"url\":\"https:\\\/\\\/diariotextual.com\\\/inicio\\\/\",\"logo\":{\"@type\":\"ImageObject\",\"inLanguage\":\"es\",\"@id\":\"https:\\\/\\\/diariotextual.com\\\/inicio\\\/#\\\/schema\\\/logo\\\/image\\\/\",\"url\":\"https:\\\/\\\/diariotextual.com\\\/inicio\\\/wp-content\\\/uploads\\\/2023\\\/05\\\/logotextual1.jpg\",\"contentUrl\":\"https:\\\/\\\/diariotextual.com\\\/inicio\\\/wp-content\\\/uploads\\\/2023\\\/05\\\/logotextual1.jpg\",\"width\":516,\"height\":76,\"caption\":\"Diario Textual\"},\"image\":{\"@id\":\"https:\\\/\\\/diariotextual.com\\\/inicio\\\/#\\\/schema\\\/logo\\\/image\\\/\"},\"sameAs\":[\"https:\\\/\\\/www.facebook.com\\\/eltextual\",\"https:\\\/\\\/x.com\\\/eltextual\",\"http:\\\/\\\/www.instagram.com\\\/eltextual\"]},{\"@type\":\"Person\",\"@id\":\"https:\\\/\\\/diariotextual.com\\\/inicio\\\/#\\\/schema\\\/person\\\/a1b6f563e0ee944c60f98119389a4d9f\",\"name\":\"diario3\",\"image\":{\"@type\":\"ImageObject\",\"inLanguage\":\"es\",\"@id\":\"https:\\\/\\\/secure.gravatar.com\\\/avatar\\\/5e7ee62c82fc04d9dd79d746a390d93c69c43223e5faeeb3ea9461ef752bfc5d?s=96&d=mm&r=g\",\"url\":\"https:\\\/\\\/secure.gravatar.com\\\/avatar\\\/5e7ee62c82fc04d9dd79d746a390d93c69c43223e5faeeb3ea9461ef752bfc5d?s=96&d=mm&r=g\",\"contentUrl\":\"https:\\\/\\\/secure.gravatar.com\\\/avatar\\\/5e7ee62c82fc04d9dd79d746a390d93c69c43223e5faeeb3ea9461ef752bfc5d?s=96&d=mm&r=g\",\"caption\":\"diario3\"},\"url\":\"https:\\\/\\\/diariotextual.com\\\/inicio\\\/index.php\\\/author\\\/diario3\\\/\"}]}<\/script>\n<!-- \/ Yoast SEO plugin. -->","yoast_head_json":{"title":"Di N\u00e1poli dijo que la recaudaci\u00f3n municipal es del 56% - Diario Textual","robots":{"index":"index","follow":"follow","max-snippet":"max-snippet:-1","max-image-preview":"max-image-preview:large","max-video-preview":"max-video-preview:-1"},"canonical":"https:\/\/diariotextual.com\/inicio\/index.php\/2020\/01\/15\/di-napoli-dijo-la-recaudacion-municipal-del-56\/","og_locale":"es_ES","og_type":"article","og_title":"Di N\u00e1poli dijo que la recaudaci\u00f3n municipal es del 56% - Diario Textual","og_description":"El intendente Luciano Di N\u00e1poli particip\u00f3 esta ma\u00f1ana de una recorrida por la colonia Pro Vida en el parque Don Tom\u00e1s y se esperanz\u00f3 con que mejore la situaci\u00f3n macro&hellip;","og_url":"https:\/\/diariotextual.com\/inicio\/index.php\/2020\/01\/15\/di-napoli-dijo-la-recaudacion-municipal-del-56\/","og_site_name":"Diario Textual","article_publisher":"https:\/\/www.facebook.com\/eltextual","article_published_time":"2020-01-15T21:11:29+00:00","article_modified_time":"2020-01-16T12:07:49+00:00","og_image":[{"width":700,"height":395,"url":"https:\/\/diariotextual.com\/inicio\/wp-content\/uploads\/2020\/01\/DiNapoliProVida2020.jpg","type":"image\/jpeg"}],"author":"diario3","twitter_card":"summary_large_image","twitter_creator":"@eltextual","twitter_site":"@eltextual","twitter_misc":{"Escrito por":"diario3","Tiempo de lectura":"3 minutos"},"schema":{"@context":"https:\/\/schema.org","@graph":[{"@type":"Article","@id":"https:\/\/diariotextual.com\/inicio\/index.php\/2020\/01\/15\/di-napoli-dijo-la-recaudacion-municipal-del-56\/#article","isPartOf":{"@id":"https:\/\/diariotextual.com\/inicio\/index.php\/2020\/01\/15\/di-napoli-dijo-la-recaudacion-municipal-del-56\/"},"author":{"name":"diario3","@id":"https:\/\/diariotextual.com\/inicio\/#\/schema\/person\/a1b6f563e0ee944c60f98119389a4d9f"},"headline":"Di N\u00e1poli dijo que la recaudaci\u00f3n municipal es del 56%","datePublished":"2020-01-15T21:11:29+00:00","dateModified":"2020-01-16T12:07:49+00:00","mainEntityOfPage":{"@id":"https:\/\/diariotextual.com\/inicio\/index.php\/2020\/01\/15\/di-napoli-dijo-la-recaudacion-municipal-del-56\/"},"wordCount":590,"publisher":{"@id":"https:\/\/diariotextual.com\/inicio\/#organization"},"image":{"@id":"https:\/\/diariotextual.com\/inicio\/index.php\/2020\/01\/15\/di-napoli-dijo-la-recaudacion-municipal-del-56\/#primaryimage"},"thumbnailUrl":"https:\/\/diariotextual.com\/inicio\/wp-content\/uploads\/2020\/01\/DiNapoliProVida2020.jpg","articleSection":["A - QUE PASA (al costado)","ECONOMIA"],"inLanguage":"es"},{"@type":"WebPage","@id":"https:\/\/diariotextual.com\/inicio\/index.php\/2020\/01\/15\/di-napoli-dijo-la-recaudacion-municipal-del-56\/","url":"https:\/\/diariotextual.com\/inicio\/index.php\/2020\/01\/15\/di-napoli-dijo-la-recaudacion-municipal-del-56\/","name":"Di N\u00e1poli dijo que la recaudaci\u00f3n municipal es del 56% - Diario Textual","isPartOf":{"@id":"https:\/\/diariotextual.com\/inicio\/#website"},"primaryImageOfPage":{"@id":"https:\/\/diariotextual.com\/inicio\/index.php\/2020\/01\/15\/di-napoli-dijo-la-recaudacion-municipal-del-56\/#primaryimage"},"image":{"@id":"https:\/\/diariotextual.com\/inicio\/index.php\/2020\/01\/15\/di-napoli-dijo-la-recaudacion-municipal-del-56\/#primaryimage"},"thumbnailUrl":"https:\/\/diariotextual.com\/inicio\/wp-content\/uploads\/2020\/01\/DiNapoliProVida2020.jpg","datePublished":"2020-01-15T21:11:29+00:00","dateModified":"2020-01-16T12:07:49+00:00","breadcrumb":{"@id":"https:\/\/diariotextual.com\/inicio\/index.php\/2020\/01\/15\/di-napoli-dijo-la-recaudacion-municipal-del-56\/#breadcrumb"},"inLanguage":"es","potentialAction":[{"@type":"ReadAction","target":["https:\/\/diariotextual.com\/inicio\/index.php\/2020\/01\/15\/di-napoli-dijo-la-recaudacion-municipal-del-56\/"]}]},{"@type":"ImageObject","inLanguage":"es","@id":"https:\/\/diariotextual.com\/inicio\/index.php\/2020\/01\/15\/di-napoli-dijo-la-recaudacion-municipal-del-56\/#primaryimage","url":"https:\/\/diariotextual.com\/inicio\/wp-content\/uploads\/2020\/01\/DiNapoliProVida2020.jpg","contentUrl":"https:\/\/diariotextual.com\/inicio\/wp-content\/uploads\/2020\/01\/DiNapoliProVida2020.jpg","width":700,"height":395},{"@type":"BreadcrumbList","@id":"https:\/\/diariotextual.com\/inicio\/index.php\/2020\/01\/15\/di-napoli-dijo-la-recaudacion-municipal-del-56\/#breadcrumb","itemListElement":[{"@type":"ListItem","position":1,"name":"Portada","item":"https:\/\/diariotextual.com\/inicio\/"},{"@type":"ListItem","position":2,"name":"Di N\u00e1poli dijo que la recaudaci\u00f3n municipal es del 56%"}]},{"@type":"WebSite","@id":"https:\/\/diariotextual.com\/inicio\/#website","url":"https:\/\/diariotextual.com\/inicio\/","name":"Diario Textual","description":"","publisher":{"@id":"https:\/\/diariotextual.com\/inicio\/#organization"},"potentialAction":[{"@type":"SearchAction","target":{"@type":"EntryPoint","urlTemplate":"https:\/\/diariotextual.com\/inicio\/?s={search_term_string}"},"query-input":{"@type":"PropertyValueSpecification","valueRequired":true,"valueName":"search_term_string"}}],"inLanguage":"es"},{"@type":"Organization","@id":"https:\/\/diariotextual.com\/inicio\/#organization","name":"Diario Textual","url":"https:\/\/diariotextual.com\/inicio\/","logo":{"@type":"ImageObject","inLanguage":"es","@id":"https:\/\/diariotextual.com\/inicio\/#\/schema\/logo\/image\/","url":"https:\/\/diariotextual.com\/inicio\/wp-content\/uploads\/2023\/05\/logotextual1.jpg","contentUrl":"https:\/\/diariotextual.com\/inicio\/wp-content\/uploads\/2023\/05\/logotextual1.jpg","width":516,"height":76,"caption":"Diario Textual"},"image":{"@id":"https:\/\/diariotextual.com\/inicio\/#\/schema\/logo\/image\/"},"sameAs":["https:\/\/www.facebook.com\/eltextual","https:\/\/x.com\/eltextual","http:\/\/www.instagram.com\/eltextual"]},{"@type":"Person","@id":"https:\/\/diariotextual.com\/inicio\/#\/schema\/person\/a1b6f563e0ee944c60f98119389a4d9f","name":"diario3","image":{"@type":"ImageObject","inLanguage":"es","@id":"https:\/\/secure.gravatar.com\/avatar\/5e7ee62c82fc04d9dd79d746a390d93c69c43223e5faeeb3ea9461ef752bfc5d?s=96&d=mm&r=g","url":"https:\/\/secure.gravatar.com\/avatar\/5e7ee62c82fc04d9dd79d746a390d93c69c43223e5faeeb3ea9461ef752bfc5d?s=96&d=mm&r=g","contentUrl":"https:\/\/secure.gravatar.com\/avatar\/5e7ee62c82fc04d9dd79d746a390d93c69c43223e5faeeb3ea9461ef752bfc5d?s=96&d=mm&r=g","caption":"diario3"},"url":"https:\/\/diariotextual.com\/inicio\/index.php\/author\/diario3\/"}]}},"_links":{"self":[{"href":"https:\/\/diariotextual.com\/inicio\/index.php\/wp-json\/wp\/v2\/posts\/76522","targetHints":{"allow":["GET"]}}],"collection":[{"href":"https:\/\/diariotextual.com\/inicio\/index.php\/wp-json\/wp\/v2\/posts"}],"about":[{"href":"https:\/\/diariotextual.com\/inicio\/index.php\/wp-json\/wp\/v2\/types\/post"}],"author":[{"embeddable":true,"href":"https:\/\/diariotextual.com\/inicio\/index.php\/wp-json\/wp\/v2\/users\/5"}],"replies":[{"embeddable":true,"href":"https:\/\/diariotextual.com\/inicio\/index.php\/wp-json\/wp\/v2\/comments?post=76522"}],"version-history":[{"count":1,"href":"https:\/\/diariotextual.com\/inicio\/index.php\/wp-json\/wp\/v2\/posts\/76522\/revisions"}],"predecessor-version":[{"id":76524,"href":"https:\/\/diariotextual.com\/inicio\/index.php\/wp-json\/wp\/v2\/posts\/76522\/revisions\/76524"}],"wp:featuredmedia":[{"embeddable":true,"href":"https:\/\/diariotextual.com\/inicio\/index.php\/wp-json\/wp\/v2\/media\/76523"}],"wp:attachment":[{"href":"https:\/\/diariotextual.com\/inicio\/index.php\/wp-json\/wp\/v2\/media?parent=76522"}],"wp:term":[{"taxonomy":"category","embeddable":true,"href":"https:\/\/diariotextual.com\/inicio\/index.php\/wp-json\/wp\/v2\/categories?post=76522"},{"taxonomy":"post_tag","embeddable":true,"href":"https:\/\/diariotextual.com\/inicio\/index.php\/wp-json\/wp\/v2\/tags?post=76522"}],"curies":[{"name":"wp","href":"https:\/\/api.w.org\/{rel}","templated":true}]}}