{"id":76737,"date":"2020-01-17T18:42:14","date_gmt":"2020-01-17T21:42:14","guid":{"rendered":"http:\/\/diariotextual.com\/inicio\/?p=76737"},"modified":"2020-01-18T00:38:12","modified_gmt":"2020-01-18T03:38:12","slug":"precios-cuidados-hubo-acuerdo-llegar-2200-sucursales-los-grandes-super","status":"publish","type":"post","link":"https:\/\/diariotextual.com\/inicio\/index.php\/2020\/01\/17\/precios-cuidados-hubo-acuerdo-llegar-2200-sucursales-los-grandes-super\/","title":{"rendered":"Precios Cuidados: hubo acuerdo para llegar a 2200 sucursales de los grandes s\u00faper"},"content":{"rendered":"<p>La secretaria de Comercio Interior de la Naci\u00f3n, <strong>Paula Espa\u00f1ol<\/strong>, firm\u00f3 con las grandes cadenas de supermercados nucleadas en la Asociaci\u00f3n de Supermercados Unidos (ASU) el acuerdo para la implementaci\u00f3n total del programa Precios Cuidados.<\/p>\n<p>\u00abCon este compromiso voluntario, la canasta de 310 productos de alimentos, limpieza y perfumer\u00eda estar\u00e1 disponible en su totalidad en los pr\u00f3ximos d\u00edas, en los 2.278 puntos de venta en todo el pa\u00eds de las 20 cadenas de supermercados Carrefour, Disco, Jumbo, Vea, Walmart, Dia, Toledo y La An\u00f3nima, entre otros\u00bb, destac\u00f3 la informaci\u00f3n oficial.<\/p>\n<p>Durante el encuentro, Espa\u00f1ol ponder\u00f3 la \u00abcolaboraci\u00f3n de las cadenas y el trabajo coordinado\u00bb para que Precios Cuidados est\u00e9 implement\u00e1ndose \u00aben tiempo r\u00e9cord\u00bb en los supermercados.<\/p>\n<blockquote class=\"twitter-tweet\">\n<p dir=\"ltr\" lang=\"es\">Sellamos el acuerdo de <a href=\"https:\/\/twitter.com\/hashtag\/PreciosCuidados?src=hash&amp;ref_src=twsrc%5Etfw\">#PreciosCuidados<\/a> con los representantes de los grandes supermercados. Estamos convencidos de que con vocaci\u00f3n de di\u00e1logo y compromiso vamos a poder cuidar juntos el bolsillo de las argentinas y argentinos; y encontrar un camino de crecimiento para todos. <a href=\"https:\/\/t.co\/jK31NS0Ybx\">pic.twitter.com\/jK31NS0Ybx<\/a><\/p>\n<p>\u2014 Paula Espa\u00f1ol (@pauespanol) <a href=\"https:\/\/twitter.com\/pauespanol\/status\/1218264136032931841?ref_src=twsrc%5Etfw\">January 17, 2020<\/a><\/p><\/blockquote>\n<p><script async src=\"https:\/\/platform.twitter.com\/widgets.js\" charset=\"utf-8\"><\/script><\/p>\n<p>A partir de este acuerdo los consumidores podr\u00e1n tener \u00abprecios de referencia confiables para saber cu\u00e1nto valen las cosas y entre todos cuidar el bolsillo de los argentinos\u00bb, sostuvo la funcionaria.<\/p>\n<p>Por su parte, el director ejecutivo de ASU, Juan Vasco Mart\u00ednez, manifest\u00f3 su satisfacci\u00f3n respecto del acuerdo y ponder\u00f3 la herramienta de la aplicaci\u00f3n para celulares, que contribuir\u00e1 a la efectividad del monitoreo del programa.<\/p>\n<p>\u00abHubo un di\u00e1logo muy fluido, muy franco y todos estamos satisfechos con el acuerdo alcanzado\u00bb, dijo Mart\u00ednez y explic\u00f3 que la selecci\u00f3n de productos \u00abvuelve a su mejor esencia. Es sumamente representativa de los consumos. Hay primeras marcas y tambi\u00e9n producciones pymes\u00bb.<\/p>\n<p>Tambi\u00e9n las partes acordaron seguir trabajando en conjunto \u00abpara fortalecer los mecanismos de coordinaci\u00f3n y capacitaci\u00f3n con el objetivo de garantizar el cumplimiento del programa, sumar m\u00e1s productos y establecer nuevas canastas, como la escolar\u00bb.<\/p>\n<p>En la firma del acuerdo tambi\u00e9n participaron la subsecretaria de Acciones para la Defensa de las y los Consumidores, Laura Goldberg; Nicol\u00e1s Prat, representante de Carrefour; Carlos Harrison, de Coto; Juan Pablo Quiroga, por Walmart, Diego \u00c1lvarez, de Cencosud; y Nicol\u00e1s Braun, de La An\u00f3nima.<\/p>\n<p>El programa de Precios Cuidados es un acuerdo voluntario, resultado del di\u00e1logo y consenso entre el Gobierno y empresas con el objetivo de que los consumidores tengan precios de referencia al momento de hacer sus compras, destac\u00f3 la informaci\u00f3n oficial.<\/p>\n<p>&nbsp;<\/p>\n<p>&nbsp;<\/p>\n<p>&nbsp;<\/p>\n<p>&nbsp;<\/p>\n<p>&nbsp;<\/p>\n<p>&nbsp;<\/p>\n<p>&nbsp;<\/p>\n","protected":false},"excerpt":{"rendered":"<p>La secretaria de Comercio Interior de la Naci\u00f3n, Paula Espa\u00f1ol, firm\u00f3 con las grandes cadenas de supermercados nucleadas en la Asociaci\u00f3n de Supermercados Unidos (ASU) el acuerdo para la implementaci\u00f3n&hellip;<\/p>\n","protected":false},"author":3,"featured_media":46293,"comment_status":"closed","ping_status":"open","sticky":false,"template":"","format":"standard","meta":{"_acf_changed":false,"footnotes":""},"categories":[11,5],"tags":[],"class_list":["post-76737","post","type-post","status-publish","format-standard","has-post-thumbnail","hentry","category-que-pasa","category-economia"],"acf":[],"yoast_head":"<!-- This site is optimized with the Yoast SEO plugin v27.5 - https:\/\/yoast.com\/product\/yoast-seo-wordpress\/ -->\n<title>Precios Cuidados: hubo acuerdo para llegar a 2200 sucursales de los grandes s\u00faper - Diario Textual<\/title>\n<meta name=\"robots\" content=\"index, follow, max-snippet:-1, max-image-preview:large, max-video-preview:-1\" \/>\n<link rel=\"canonical\" href=\"https:\/\/diariotextual.com\/inicio\/index.php\/2020\/01\/17\/precios-cuidados-hubo-acuerdo-llegar-2200-sucursales-los-grandes-super\/\" \/>\n<meta property=\"og:locale\" content=\"es_ES\" \/>\n<meta property=\"og:type\" content=\"article\" \/>\n<meta property=\"og:title\" content=\"Precios Cuidados: hubo acuerdo para llegar a 2200 sucursales de los grandes s\u00faper - Diario Textual\" \/>\n<meta property=\"og:description\" content=\"La secretaria de Comercio Interior de la Naci\u00f3n, Paula Espa\u00f1ol, firm\u00f3 con las grandes cadenas de supermercados nucleadas en la Asociaci\u00f3n de Supermercados Unidos (ASU) el acuerdo para la implementaci\u00f3n&hellip;\" \/>\n<meta property=\"og:url\" content=\"https:\/\/diariotextual.com\/inicio\/index.php\/2020\/01\/17\/precios-cuidados-hubo-acuerdo-llegar-2200-sucursales-los-grandes-super\/\" \/>\n<meta property=\"og:site_name\" content=\"Diario Textual\" \/>\n<meta property=\"article:publisher\" content=\"https:\/\/www.facebook.com\/eltextual\" \/>\n<meta property=\"article:published_time\" content=\"2020-01-17T21:42:14+00:00\" \/>\n<meta property=\"article:modified_time\" content=\"2020-01-18T03:38:12+00:00\" \/>\n<meta property=\"og:image\" content=\"https:\/\/diariotextual.com\/inicio\/wp-content\/uploads\/2019\/04\/precioscuidadostelam333.jpg\" \/>\n\t<meta property=\"og:image:width\" content=\"1018\" \/>\n\t<meta property=\"og:image:height\" content=\"584\" \/>\n\t<meta property=\"og:image:type\" content=\"image\/jpeg\" \/>\n<meta name=\"author\" content=\"Diario1 Diario1\" \/>\n<meta name=\"twitter:card\" content=\"summary_large_image\" \/>\n<meta name=\"twitter:creator\" content=\"@eltextual\" \/>\n<meta name=\"twitter:site\" content=\"@eltextual\" \/>\n<meta name=\"twitter:label1\" content=\"Escrito por\" \/>\n\t<meta name=\"twitter:data1\" content=\"Diario1 Diario1\" \/>\n\t<meta name=\"twitter:label2\" content=\"Tiempo de lectura\" \/>\n\t<meta name=\"twitter:data2\" content=\"2 minutos\" \/>\n<script type=\"application\/ld+json\" class=\"yoast-schema-graph\">{\"@context\":\"https:\\\/\\\/schema.org\",\"@graph\":[{\"@type\":\"Article\",\"@id\":\"https:\\\/\\\/diariotextual.com\\\/inicio\\\/index.php\\\/2020\\\/01\\\/17\\\/precios-cuidados-hubo-acuerdo-llegar-2200-sucursales-los-grandes-super\\\/#article\",\"isPartOf\":{\"@id\":\"https:\\\/\\\/diariotextual.com\\\/inicio\\\/index.php\\\/2020\\\/01\\\/17\\\/precios-cuidados-hubo-acuerdo-llegar-2200-sucursales-los-grandes-super\\\/\"},\"author\":{\"name\":\"Diario1 Diario1\",\"@id\":\"https:\\\/\\\/diariotextual.com\\\/inicio\\\/#\\\/schema\\\/person\\\/418fc4093c33e86ed41562db3508f958\"},\"headline\":\"Precios Cuidados: hubo acuerdo para llegar a 2200 sucursales de los grandes s\u00faper\",\"datePublished\":\"2020-01-17T21:42:14+00:00\",\"dateModified\":\"2020-01-18T03:38:12+00:00\",\"mainEntityOfPage\":{\"@id\":\"https:\\\/\\\/diariotextual.com\\\/inicio\\\/index.php\\\/2020\\\/01\\\/17\\\/precios-cuidados-hubo-acuerdo-llegar-2200-sucursales-los-grandes-super\\\/\"},\"wordCount\":449,\"publisher\":{\"@id\":\"https:\\\/\\\/diariotextual.com\\\/inicio\\\/#organization\"},\"image\":{\"@id\":\"https:\\\/\\\/diariotextual.com\\\/inicio\\\/index.php\\\/2020\\\/01\\\/17\\\/precios-cuidados-hubo-acuerdo-llegar-2200-sucursales-los-grandes-super\\\/#primaryimage\"},\"thumbnailUrl\":\"https:\\\/\\\/diariotextual.com\\\/inicio\\\/wp-content\\\/uploads\\\/2019\\\/04\\\/precioscuidadostelam333.jpg\",\"articleSection\":[\"A - QUE PASA (al costado)\",\"ECONOMIA\"],\"inLanguage\":\"es\"},{\"@type\":\"WebPage\",\"@id\":\"https:\\\/\\\/diariotextual.com\\\/inicio\\\/index.php\\\/2020\\\/01\\\/17\\\/precios-cuidados-hubo-acuerdo-llegar-2200-sucursales-los-grandes-super\\\/\",\"url\":\"https:\\\/\\\/diariotextual.com\\\/inicio\\\/index.php\\\/2020\\\/01\\\/17\\\/precios-cuidados-hubo-acuerdo-llegar-2200-sucursales-los-grandes-super\\\/\",\"name\":\"Precios Cuidados: hubo acuerdo para llegar a 2200 sucursales de los grandes s\u00faper - Diario Textual\",\"isPartOf\":{\"@id\":\"https:\\\/\\\/diariotextual.com\\\/inicio\\\/#website\"},\"primaryImageOfPage\":{\"@id\":\"https:\\\/\\\/diariotextual.com\\\/inicio\\\/index.php\\\/2020\\\/01\\\/17\\\/precios-cuidados-hubo-acuerdo-llegar-2200-sucursales-los-grandes-super\\\/#primaryimage\"},\"image\":{\"@id\":\"https:\\\/\\\/diariotextual.com\\\/inicio\\\/index.php\\\/2020\\\/01\\\/17\\\/precios-cuidados-hubo-acuerdo-llegar-2200-sucursales-los-grandes-super\\\/#primaryimage\"},\"thumbnailUrl\":\"https:\\\/\\\/diariotextual.com\\\/inicio\\\/wp-content\\\/uploads\\\/2019\\\/04\\\/precioscuidadostelam333.jpg\",\"datePublished\":\"2020-01-17T21:42:14+00:00\",\"dateModified\":\"2020-01-18T03:38:12+00:00\",\"breadcrumb\":{\"@id\":\"https:\\\/\\\/diariotextual.com\\\/inicio\\\/index.php\\\/2020\\\/01\\\/17\\\/precios-cuidados-hubo-acuerdo-llegar-2200-sucursales-los-grandes-super\\\/#breadcrumb\"},\"inLanguage\":\"es\",\"potentialAction\":[{\"@type\":\"ReadAction\",\"target\":[\"https:\\\/\\\/diariotextual.com\\\/inicio\\\/index.php\\\/2020\\\/01\\\/17\\\/precios-cuidados-hubo-acuerdo-llegar-2200-sucursales-los-grandes-super\\\/\"]}]},{\"@type\":\"ImageObject\",\"inLanguage\":\"es\",\"@id\":\"https:\\\/\\\/diariotextual.com\\\/inicio\\\/index.php\\\/2020\\\/01\\\/17\\\/precios-cuidados-hubo-acuerdo-llegar-2200-sucursales-los-grandes-super\\\/#primaryimage\",\"url\":\"https:\\\/\\\/diariotextual.com\\\/inicio\\\/wp-content\\\/uploads\\\/2019\\\/04\\\/precioscuidadostelam333.jpg\",\"contentUrl\":\"https:\\\/\\\/diariotextual.com\\\/inicio\\\/wp-content\\\/uploads\\\/2019\\\/04\\\/precioscuidadostelam333.jpg\",\"width\":1018,\"height\":584},{\"@type\":\"BreadcrumbList\",\"@id\":\"https:\\\/\\\/diariotextual.com\\\/inicio\\\/index.php\\\/2020\\\/01\\\/17\\\/precios-cuidados-hubo-acuerdo-llegar-2200-sucursales-los-grandes-super\\\/#breadcrumb\",\"itemListElement\":[{\"@type\":\"ListItem\",\"position\":1,\"name\":\"Portada\",\"item\":\"https:\\\/\\\/diariotextual.com\\\/inicio\\\/\"},{\"@type\":\"ListItem\",\"position\":2,\"name\":\"Precios Cuidados: hubo acuerdo para llegar a 2200 sucursales de los grandes s\u00faper\"}]},{\"@type\":\"WebSite\",\"@id\":\"https:\\\/\\\/diariotextual.com\\\/inicio\\\/#website\",\"url\":\"https:\\\/\\\/diariotextual.com\\\/inicio\\\/\",\"name\":\"Diario Textual\",\"description\":\"\",\"publisher\":{\"@id\":\"https:\\\/\\\/diariotextual.com\\\/inicio\\\/#organization\"},\"potentialAction\":[{\"@type\":\"SearchAction\",\"target\":{\"@type\":\"EntryPoint\",\"urlTemplate\":\"https:\\\/\\\/diariotextual.com\\\/inicio\\\/?s={search_term_string}\"},\"query-input\":{\"@type\":\"PropertyValueSpecification\",\"valueRequired\":true,\"valueName\":\"search_term_string\"}}],\"inLanguage\":\"es\"},{\"@type\":\"Organization\",\"@id\":\"https:\\\/\\\/diariotextual.com\\\/inicio\\\/#organization\",\"name\":\"Diario Textual\",\"url\":\"https:\\\/\\\/diariotextual.com\\\/inicio\\\/\",\"logo\":{\"@type\":\"ImageObject\",\"inLanguage\":\"es\",\"@id\":\"https:\\\/\\\/diariotextual.com\\\/inicio\\\/#\\\/schema\\\/logo\\\/image\\\/\",\"url\":\"https:\\\/\\\/diariotextual.com\\\/inicio\\\/wp-content\\\/uploads\\\/2023\\\/05\\\/logotextual1.jpg\",\"contentUrl\":\"https:\\\/\\\/diariotextual.com\\\/inicio\\\/wp-content\\\/uploads\\\/2023\\\/05\\\/logotextual1.jpg\",\"width\":516,\"height\":76,\"caption\":\"Diario Textual\"},\"image\":{\"@id\":\"https:\\\/\\\/diariotextual.com\\\/inicio\\\/#\\\/schema\\\/logo\\\/image\\\/\"},\"sameAs\":[\"https:\\\/\\\/www.facebook.com\\\/eltextual\",\"https:\\\/\\\/x.com\\\/eltextual\",\"http:\\\/\\\/www.instagram.com\\\/eltextual\"]},{\"@type\":\"Person\",\"@id\":\"https:\\\/\\\/diariotextual.com\\\/inicio\\\/#\\\/schema\\\/person\\\/418fc4093c33e86ed41562db3508f958\",\"name\":\"Diario1 Diario1\",\"image\":{\"@type\":\"ImageObject\",\"inLanguage\":\"es\",\"@id\":\"https:\\\/\\\/secure.gravatar.com\\\/avatar\\\/9167d280179c85bc18be67aa7eda765854300033af4896dd779b608640f2ef7a?s=96&d=mm&r=g\",\"url\":\"https:\\\/\\\/secure.gravatar.com\\\/avatar\\\/9167d280179c85bc18be67aa7eda765854300033af4896dd779b608640f2ef7a?s=96&d=mm&r=g\",\"contentUrl\":\"https:\\\/\\\/secure.gravatar.com\\\/avatar\\\/9167d280179c85bc18be67aa7eda765854300033af4896dd779b608640f2ef7a?s=96&d=mm&r=g\",\"caption\":\"Diario1 Diario1\"},\"url\":\"https:\\\/\\\/diariotextual.com\\\/inicio\\\/index.php\\\/author\\\/diario1\\\/\"}]}<\/script>\n<!-- \/ Yoast SEO plugin. -->","yoast_head_json":{"title":"Precios Cuidados: hubo acuerdo para llegar a 2200 sucursales de los grandes s\u00faper - Diario Textual","robots":{"index":"index","follow":"follow","max-snippet":"max-snippet:-1","max-image-preview":"max-image-preview:large","max-video-preview":"max-video-preview:-1"},"canonical":"https:\/\/diariotextual.com\/inicio\/index.php\/2020\/01\/17\/precios-cuidados-hubo-acuerdo-llegar-2200-sucursales-los-grandes-super\/","og_locale":"es_ES","og_type":"article","og_title":"Precios Cuidados: hubo acuerdo para llegar a 2200 sucursales de los grandes s\u00faper - Diario Textual","og_description":"La secretaria de Comercio Interior de la Naci\u00f3n, Paula Espa\u00f1ol, firm\u00f3 con las grandes cadenas de supermercados nucleadas en la Asociaci\u00f3n de Supermercados Unidos (ASU) el acuerdo para la implementaci\u00f3n&hellip;","og_url":"https:\/\/diariotextual.com\/inicio\/index.php\/2020\/01\/17\/precios-cuidados-hubo-acuerdo-llegar-2200-sucursales-los-grandes-super\/","og_site_name":"Diario Textual","article_publisher":"https:\/\/www.facebook.com\/eltextual","article_published_time":"2020-01-17T21:42:14+00:00","article_modified_time":"2020-01-18T03:38:12+00:00","og_image":[{"width":1018,"height":584,"url":"https:\/\/diariotextual.com\/inicio\/wp-content\/uploads\/2019\/04\/precioscuidadostelam333.jpg","type":"image\/jpeg"}],"author":"Diario1 Diario1","twitter_card":"summary_large_image","twitter_creator":"@eltextual","twitter_site":"@eltextual","twitter_misc":{"Escrito por":"Diario1 Diario1","Tiempo de lectura":"2 minutos"},"schema":{"@context":"https:\/\/schema.org","@graph":[{"@type":"Article","@id":"https:\/\/diariotextual.com\/inicio\/index.php\/2020\/01\/17\/precios-cuidados-hubo-acuerdo-llegar-2200-sucursales-los-grandes-super\/#article","isPartOf":{"@id":"https:\/\/diariotextual.com\/inicio\/index.php\/2020\/01\/17\/precios-cuidados-hubo-acuerdo-llegar-2200-sucursales-los-grandes-super\/"},"author":{"name":"Diario1 Diario1","@id":"https:\/\/diariotextual.com\/inicio\/#\/schema\/person\/418fc4093c33e86ed41562db3508f958"},"headline":"Precios Cuidados: hubo acuerdo para llegar a 2200 sucursales de los grandes s\u00faper","datePublished":"2020-01-17T21:42:14+00:00","dateModified":"2020-01-18T03:38:12+00:00","mainEntityOfPage":{"@id":"https:\/\/diariotextual.com\/inicio\/index.php\/2020\/01\/17\/precios-cuidados-hubo-acuerdo-llegar-2200-sucursales-los-grandes-super\/"},"wordCount":449,"publisher":{"@id":"https:\/\/diariotextual.com\/inicio\/#organization"},"image":{"@id":"https:\/\/diariotextual.com\/inicio\/index.php\/2020\/01\/17\/precios-cuidados-hubo-acuerdo-llegar-2200-sucursales-los-grandes-super\/#primaryimage"},"thumbnailUrl":"https:\/\/diariotextual.com\/inicio\/wp-content\/uploads\/2019\/04\/precioscuidadostelam333.jpg","articleSection":["A - QUE PASA (al costado)","ECONOMIA"],"inLanguage":"es"},{"@type":"WebPage","@id":"https:\/\/diariotextual.com\/inicio\/index.php\/2020\/01\/17\/precios-cuidados-hubo-acuerdo-llegar-2200-sucursales-los-grandes-super\/","url":"https:\/\/diariotextual.com\/inicio\/index.php\/2020\/01\/17\/precios-cuidados-hubo-acuerdo-llegar-2200-sucursales-los-grandes-super\/","name":"Precios Cuidados: hubo acuerdo para llegar a 2200 sucursales de los grandes s\u00faper - Diario Textual","isPartOf":{"@id":"https:\/\/diariotextual.com\/inicio\/#website"},"primaryImageOfPage":{"@id":"https:\/\/diariotextual.com\/inicio\/index.php\/2020\/01\/17\/precios-cuidados-hubo-acuerdo-llegar-2200-sucursales-los-grandes-super\/#primaryimage"},"image":{"@id":"https:\/\/diariotextual.com\/inicio\/index.php\/2020\/01\/17\/precios-cuidados-hubo-acuerdo-llegar-2200-sucursales-los-grandes-super\/#primaryimage"},"thumbnailUrl":"https:\/\/diariotextual.com\/inicio\/wp-content\/uploads\/2019\/04\/precioscuidadostelam333.jpg","datePublished":"2020-01-17T21:42:14+00:00","dateModified":"2020-01-18T03:38:12+00:00","breadcrumb":{"@id":"https:\/\/diariotextual.com\/inicio\/index.php\/2020\/01\/17\/precios-cuidados-hubo-acuerdo-llegar-2200-sucursales-los-grandes-super\/#breadcrumb"},"inLanguage":"es","potentialAction":[{"@type":"ReadAction","target":["https:\/\/diariotextual.com\/inicio\/index.php\/2020\/01\/17\/precios-cuidados-hubo-acuerdo-llegar-2200-sucursales-los-grandes-super\/"]}]},{"@type":"ImageObject","inLanguage":"es","@id":"https:\/\/diariotextual.com\/inicio\/index.php\/2020\/01\/17\/precios-cuidados-hubo-acuerdo-llegar-2200-sucursales-los-grandes-super\/#primaryimage","url":"https:\/\/diariotextual.com\/inicio\/wp-content\/uploads\/2019\/04\/precioscuidadostelam333.jpg","contentUrl":"https:\/\/diariotextual.com\/inicio\/wp-content\/uploads\/2019\/04\/precioscuidadostelam333.jpg","width":1018,"height":584},{"@type":"BreadcrumbList","@id":"https:\/\/diariotextual.com\/inicio\/index.php\/2020\/01\/17\/precios-cuidados-hubo-acuerdo-llegar-2200-sucursales-los-grandes-super\/#breadcrumb","itemListElement":[{"@type":"ListItem","position":1,"name":"Portada","item":"https:\/\/diariotextual.com\/inicio\/"},{"@type":"ListItem","position":2,"name":"Precios Cuidados: hubo acuerdo para llegar a 2200 sucursales de los grandes s\u00faper"}]},{"@type":"WebSite","@id":"https:\/\/diariotextual.com\/inicio\/#website","url":"https:\/\/diariotextual.com\/inicio\/","name":"Diario Textual","description":"","publisher":{"@id":"https:\/\/diariotextual.com\/inicio\/#organization"},"potentialAction":[{"@type":"SearchAction","target":{"@type":"EntryPoint","urlTemplate":"https:\/\/diariotextual.com\/inicio\/?s={search_term_string}"},"query-input":{"@type":"PropertyValueSpecification","valueRequired":true,"valueName":"search_term_string"}}],"inLanguage":"es"},{"@type":"Organization","@id":"https:\/\/diariotextual.com\/inicio\/#organization","name":"Diario Textual","url":"https:\/\/diariotextual.com\/inicio\/","logo":{"@type":"ImageObject","inLanguage":"es","@id":"https:\/\/diariotextual.com\/inicio\/#\/schema\/logo\/image\/","url":"https:\/\/diariotextual.com\/inicio\/wp-content\/uploads\/2023\/05\/logotextual1.jpg","contentUrl":"https:\/\/diariotextual.com\/inicio\/wp-content\/uploads\/2023\/05\/logotextual1.jpg","width":516,"height":76,"caption":"Diario Textual"},"image":{"@id":"https:\/\/diariotextual.com\/inicio\/#\/schema\/logo\/image\/"},"sameAs":["https:\/\/www.facebook.com\/eltextual","https:\/\/x.com\/eltextual","http:\/\/www.instagram.com\/eltextual"]},{"@type":"Person","@id":"https:\/\/diariotextual.com\/inicio\/#\/schema\/person\/418fc4093c33e86ed41562db3508f958","name":"Diario1 Diario1","image":{"@type":"ImageObject","inLanguage":"es","@id":"https:\/\/secure.gravatar.com\/avatar\/9167d280179c85bc18be67aa7eda765854300033af4896dd779b608640f2ef7a?s=96&d=mm&r=g","url":"https:\/\/secure.gravatar.com\/avatar\/9167d280179c85bc18be67aa7eda765854300033af4896dd779b608640f2ef7a?s=96&d=mm&r=g","contentUrl":"https:\/\/secure.gravatar.com\/avatar\/9167d280179c85bc18be67aa7eda765854300033af4896dd779b608640f2ef7a?s=96&d=mm&r=g","caption":"Diario1 Diario1"},"url":"https:\/\/diariotextual.com\/inicio\/index.php\/author\/diario1\/"}]}},"_links":{"self":[{"href":"https:\/\/diariotextual.com\/inicio\/index.php\/wp-json\/wp\/v2\/posts\/76737","targetHints":{"allow":["GET"]}}],"collection":[{"href":"https:\/\/diariotextual.com\/inicio\/index.php\/wp-json\/wp\/v2\/posts"}],"about":[{"href":"https:\/\/diariotextual.com\/inicio\/index.php\/wp-json\/wp\/v2\/types\/post"}],"author":[{"embeddable":true,"href":"https:\/\/diariotextual.com\/inicio\/index.php\/wp-json\/wp\/v2\/users\/3"}],"replies":[{"embeddable":true,"href":"https:\/\/diariotextual.com\/inicio\/index.php\/wp-json\/wp\/v2\/comments?post=76737"}],"version-history":[{"count":1,"href":"https:\/\/diariotextual.com\/inicio\/index.php\/wp-json\/wp\/v2\/posts\/76737\/revisions"}],"predecessor-version":[{"id":76738,"href":"https:\/\/diariotextual.com\/inicio\/index.php\/wp-json\/wp\/v2\/posts\/76737\/revisions\/76738"}],"wp:featuredmedia":[{"embeddable":true,"href":"https:\/\/diariotextual.com\/inicio\/index.php\/wp-json\/wp\/v2\/media\/46293"}],"wp:attachment":[{"href":"https:\/\/diariotextual.com\/inicio\/index.php\/wp-json\/wp\/v2\/media?parent=76737"}],"wp:term":[{"taxonomy":"category","embeddable":true,"href":"https:\/\/diariotextual.com\/inicio\/index.php\/wp-json\/wp\/v2\/categories?post=76737"},{"taxonomy":"post_tag","embeddable":true,"href":"https:\/\/diariotextual.com\/inicio\/index.php\/wp-json\/wp\/v2\/tags?post=76737"}],"curies":[{"name":"wp","href":"https:\/\/api.w.org\/{rel}","templated":true}]}}