{"id":77182,"date":"2020-01-21T18:04:45","date_gmt":"2020-01-21T21:04:45","guid":{"rendered":"http:\/\/diariotextual.com\/inicio\/?p=77182"},"modified":"2020-01-21T23:31:59","modified_gmt":"2020-01-22T02:31:59","slug":"la-provincia-quiere-llevar-precios-cuidados-los-minimercados-despensas","status":"publish","type":"post","link":"https:\/\/diariotextual.com\/inicio\/index.php\/2020\/01\/21\/la-provincia-quiere-llevar-precios-cuidados-los-minimercados-despensas\/","title":{"rendered":"La Provincia quiere llevar Precios Cuidados a los minimercados y despensas"},"content":{"rendered":"<p>El Gobierno provincial inici\u00f3 gestiones para que el programa <strong>Precios Cuidados<\/strong> llegue tambi\u00e9n a las localidades donde no est\u00e1n presentes los grandes supermercados. La intenci\u00f3n es que se sumen supermercados pampeanos, minimercados, almacenes y despensas.<\/p>\n<p>As\u00ed lo adelant\u00f3 la directora de Defensa del Consumidor, <strong>Florencia Rabario<\/strong>.\u00a0\u00abLos productos acordados se encuentran regionalizados contemplando las particularidades de nuestro pa\u00eds y su abastecimiento\u00bb, dijo. \u00abEsto permitir\u00e1 al Gobierno Provincial avanzar en acuerdos locales, en caso de que otros comerciantes del rubro manifiesten su inter\u00e9s en adherirse al programa\u201d, dijo.<\/p>\n<p><strong>La Direcci\u00f3n de Defensa del Consumidor ser\u00e1 la encargada de fiscalizar la aplicaci\u00f3n del programa Precios Cuidados en La Pampa<\/strong>. As\u00ed se resolvi\u00f3 en la \u00faltima reuni\u00f3n del Consejo Federal de Consumo (CoFeDeC).<\/p>\n<p>Rabario particip\u00f3 de la primera asamblea del a\u00f1o del CoFeDeC, que nuclea a todas las \u00e1reas afines de las 24 jurisdicciones del pa\u00eds, que se llev\u00f3 a cabo en la Ciudad Aut\u00f3noma de Buenos Aires.<\/p>\n<p>La reuni\u00f3n estuvo encabezada por Laura Goldberg, subsecretaria de Acciones para la Defensa de las y los Consumidores, y Leonardo Lep\u00edscopo, director de Protecci\u00f3n Jur\u00eddica del Consumidor, del Ministerio de Desarrollo Productivo.<\/p>\n<p>El encuentro tuvo como \u00fanico tema de agenda al programa Precios Cuidados. \u00abEn la reuni\u00f3n se inform\u00f3 a todas las jurisdicciones sobre detalles de los acuerdos firmados y la normativa aplicable para la fiscalizaci\u00f3n. De acuerdo a lo previsto en la Resoluci\u00f3n, el control ser\u00e1 competencia de esta Direcci\u00f3n General\u201d, dijo Rabario.<\/p>\n<p>\u201cDesde la gesti\u00f3n encabezada por el gobernador Sergio Ziliotto, se observa a Precios Cuidados como un programa que a su vez sirve de impulso para otras iniciativas regionales o locales, tales como Canasta Pampeana o La Pampa en Navidad. Al mismo tiempo genera que los propios comercios y supermercados adapten sus ofertas, acordes a los montos del programa\u201d, concluy\u00f3 la funcionaria.<\/p>\n<p>&nbsp;<\/p>\n<p>&nbsp;<\/p>\n<p>&nbsp;<\/p>\n<p>&nbsp;<\/p>\n<p>&nbsp;<\/p>\n","protected":false},"excerpt":{"rendered":"<p>El Gobierno provincial inici\u00f3 gestiones para que el programa Precios Cuidados llegue tambi\u00e9n a las localidades donde no est\u00e1n presentes los grandes supermercados. La intenci\u00f3n es que se sumen supermercados&hellip;<\/p>\n","protected":false},"author":3,"featured_media":77183,"comment_status":"closed","ping_status":"open","sticky":false,"template":"","format":"standard","meta":{"_acf_changed":false,"footnotes":""},"categories":[11,5],"tags":[1943],"class_list":["post-77182","post","type-post","status-publish","format-standard","has-post-thumbnail","hentry","category-que-pasa","category-economia","tag-precios"],"acf":[],"yoast_head":"<!-- This site is optimized with the Yoast SEO plugin v27.5 - https:\/\/yoast.com\/product\/yoast-seo-wordpress\/ -->\n<title>La Provincia quiere llevar Precios Cuidados a los minimercados y despensas - Diario Textual<\/title>\n<meta name=\"robots\" content=\"index, follow, max-snippet:-1, max-image-preview:large, max-video-preview:-1\" \/>\n<link rel=\"canonical\" href=\"https:\/\/diariotextual.com\/inicio\/index.php\/2020\/01\/21\/la-provincia-quiere-llevar-precios-cuidados-los-minimercados-despensas\/\" \/>\n<meta property=\"og:locale\" content=\"es_ES\" \/>\n<meta property=\"og:type\" content=\"article\" \/>\n<meta property=\"og:title\" content=\"La Provincia quiere llevar Precios Cuidados a los minimercados y despensas - Diario Textual\" \/>\n<meta property=\"og:description\" content=\"El Gobierno provincial inici\u00f3 gestiones para que el programa Precios Cuidados llegue tambi\u00e9n a las localidades donde no est\u00e1n presentes los grandes supermercados. La intenci\u00f3n es que se sumen supermercados&hellip;\" \/>\n<meta property=\"og:url\" content=\"https:\/\/diariotextual.com\/inicio\/index.php\/2020\/01\/21\/la-provincia-quiere-llevar-precios-cuidados-los-minimercados-despensas\/\" \/>\n<meta property=\"og:site_name\" content=\"Diario Textual\" \/>\n<meta property=\"article:publisher\" content=\"https:\/\/www.facebook.com\/eltextual\" \/>\n<meta property=\"article:published_time\" content=\"2020-01-21T21:04:45+00:00\" \/>\n<meta property=\"article:modified_time\" content=\"2020-01-22T02:31:59+00:00\" \/>\n<meta property=\"og:image\" content=\"https:\/\/diariotextual.com\/inicio\/wp-content\/uploads\/2020\/01\/precioscuidadostelam2020-1.jpg\" \/>\n\t<meta property=\"og:image:width\" content=\"1004\" \/>\n\t<meta property=\"og:image:height\" content=\"565\" \/>\n\t<meta property=\"og:image:type\" content=\"image\/jpeg\" \/>\n<meta name=\"author\" content=\"Diario1 Diario1\" \/>\n<meta name=\"twitter:card\" content=\"summary_large_image\" \/>\n<meta name=\"twitter:creator\" content=\"@eltextual\" \/>\n<meta name=\"twitter:site\" content=\"@eltextual\" \/>\n<meta name=\"twitter:label1\" content=\"Escrito por\" \/>\n\t<meta name=\"twitter:data1\" content=\"Diario1 Diario1\" \/>\n\t<meta name=\"twitter:label2\" content=\"Tiempo de lectura\" \/>\n\t<meta name=\"twitter:data2\" content=\"2 minutos\" \/>\n<script type=\"application\/ld+json\" class=\"yoast-schema-graph\">{\"@context\":\"https:\\\/\\\/schema.org\",\"@graph\":[{\"@type\":\"Article\",\"@id\":\"https:\\\/\\\/diariotextual.com\\\/inicio\\\/index.php\\\/2020\\\/01\\\/21\\\/la-provincia-quiere-llevar-precios-cuidados-los-minimercados-despensas\\\/#article\",\"isPartOf\":{\"@id\":\"https:\\\/\\\/diariotextual.com\\\/inicio\\\/index.php\\\/2020\\\/01\\\/21\\\/la-provincia-quiere-llevar-precios-cuidados-los-minimercados-despensas\\\/\"},\"author\":{\"name\":\"Diario1 Diario1\",\"@id\":\"https:\\\/\\\/diariotextual.com\\\/inicio\\\/#\\\/schema\\\/person\\\/418fc4093c33e86ed41562db3508f958\"},\"headline\":\"La Provincia quiere llevar Precios Cuidados a los minimercados y despensas\",\"datePublished\":\"2020-01-21T21:04:45+00:00\",\"dateModified\":\"2020-01-22T02:31:59+00:00\",\"mainEntityOfPage\":{\"@id\":\"https:\\\/\\\/diariotextual.com\\\/inicio\\\/index.php\\\/2020\\\/01\\\/21\\\/la-provincia-quiere-llevar-precios-cuidados-los-minimercados-despensas\\\/\"},\"wordCount\":335,\"publisher\":{\"@id\":\"https:\\\/\\\/diariotextual.com\\\/inicio\\\/#organization\"},\"image\":{\"@id\":\"https:\\\/\\\/diariotextual.com\\\/inicio\\\/index.php\\\/2020\\\/01\\\/21\\\/la-provincia-quiere-llevar-precios-cuidados-los-minimercados-despensas\\\/#primaryimage\"},\"thumbnailUrl\":\"https:\\\/\\\/diariotextual.com\\\/inicio\\\/wp-content\\\/uploads\\\/2020\\\/01\\\/precioscuidadostelam2020-1.jpg\",\"keywords\":[\"precios\"],\"articleSection\":[\"A - QUE PASA (al costado)\",\"ECONOMIA\"],\"inLanguage\":\"es\"},{\"@type\":\"WebPage\",\"@id\":\"https:\\\/\\\/diariotextual.com\\\/inicio\\\/index.php\\\/2020\\\/01\\\/21\\\/la-provincia-quiere-llevar-precios-cuidados-los-minimercados-despensas\\\/\",\"url\":\"https:\\\/\\\/diariotextual.com\\\/inicio\\\/index.php\\\/2020\\\/01\\\/21\\\/la-provincia-quiere-llevar-precios-cuidados-los-minimercados-despensas\\\/\",\"name\":\"La Provincia quiere llevar Precios Cuidados a los minimercados y despensas - Diario Textual\",\"isPartOf\":{\"@id\":\"https:\\\/\\\/diariotextual.com\\\/inicio\\\/#website\"},\"primaryImageOfPage\":{\"@id\":\"https:\\\/\\\/diariotextual.com\\\/inicio\\\/index.php\\\/2020\\\/01\\\/21\\\/la-provincia-quiere-llevar-precios-cuidados-los-minimercados-despensas\\\/#primaryimage\"},\"image\":{\"@id\":\"https:\\\/\\\/diariotextual.com\\\/inicio\\\/index.php\\\/2020\\\/01\\\/21\\\/la-provincia-quiere-llevar-precios-cuidados-los-minimercados-despensas\\\/#primaryimage\"},\"thumbnailUrl\":\"https:\\\/\\\/diariotextual.com\\\/inicio\\\/wp-content\\\/uploads\\\/2020\\\/01\\\/precioscuidadostelam2020-1.jpg\",\"datePublished\":\"2020-01-21T21:04:45+00:00\",\"dateModified\":\"2020-01-22T02:31:59+00:00\",\"breadcrumb\":{\"@id\":\"https:\\\/\\\/diariotextual.com\\\/inicio\\\/index.php\\\/2020\\\/01\\\/21\\\/la-provincia-quiere-llevar-precios-cuidados-los-minimercados-despensas\\\/#breadcrumb\"},\"inLanguage\":\"es\",\"potentialAction\":[{\"@type\":\"ReadAction\",\"target\":[\"https:\\\/\\\/diariotextual.com\\\/inicio\\\/index.php\\\/2020\\\/01\\\/21\\\/la-provincia-quiere-llevar-precios-cuidados-los-minimercados-despensas\\\/\"]}]},{\"@type\":\"ImageObject\",\"inLanguage\":\"es\",\"@id\":\"https:\\\/\\\/diariotextual.com\\\/inicio\\\/index.php\\\/2020\\\/01\\\/21\\\/la-provincia-quiere-llevar-precios-cuidados-los-minimercados-despensas\\\/#primaryimage\",\"url\":\"https:\\\/\\\/diariotextual.com\\\/inicio\\\/wp-content\\\/uploads\\\/2020\\\/01\\\/precioscuidadostelam2020-1.jpg\",\"contentUrl\":\"https:\\\/\\\/diariotextual.com\\\/inicio\\\/wp-content\\\/uploads\\\/2020\\\/01\\\/precioscuidadostelam2020-1.jpg\",\"width\":1004,\"height\":565},{\"@type\":\"BreadcrumbList\",\"@id\":\"https:\\\/\\\/diariotextual.com\\\/inicio\\\/index.php\\\/2020\\\/01\\\/21\\\/la-provincia-quiere-llevar-precios-cuidados-los-minimercados-despensas\\\/#breadcrumb\",\"itemListElement\":[{\"@type\":\"ListItem\",\"position\":1,\"name\":\"Portada\",\"item\":\"https:\\\/\\\/diariotextual.com\\\/inicio\\\/\"},{\"@type\":\"ListItem\",\"position\":2,\"name\":\"La Provincia quiere llevar Precios Cuidados a los minimercados y despensas\"}]},{\"@type\":\"WebSite\",\"@id\":\"https:\\\/\\\/diariotextual.com\\\/inicio\\\/#website\",\"url\":\"https:\\\/\\\/diariotextual.com\\\/inicio\\\/\",\"name\":\"Diario Textual\",\"description\":\"\",\"publisher\":{\"@id\":\"https:\\\/\\\/diariotextual.com\\\/inicio\\\/#organization\"},\"potentialAction\":[{\"@type\":\"SearchAction\",\"target\":{\"@type\":\"EntryPoint\",\"urlTemplate\":\"https:\\\/\\\/diariotextual.com\\\/inicio\\\/?s={search_term_string}\"},\"query-input\":{\"@type\":\"PropertyValueSpecification\",\"valueRequired\":true,\"valueName\":\"search_term_string\"}}],\"inLanguage\":\"es\"},{\"@type\":\"Organization\",\"@id\":\"https:\\\/\\\/diariotextual.com\\\/inicio\\\/#organization\",\"name\":\"Diario Textual\",\"url\":\"https:\\\/\\\/diariotextual.com\\\/inicio\\\/\",\"logo\":{\"@type\":\"ImageObject\",\"inLanguage\":\"es\",\"@id\":\"https:\\\/\\\/diariotextual.com\\\/inicio\\\/#\\\/schema\\\/logo\\\/image\\\/\",\"url\":\"https:\\\/\\\/diariotextual.com\\\/inicio\\\/wp-content\\\/uploads\\\/2023\\\/05\\\/logotextual1.jpg\",\"contentUrl\":\"https:\\\/\\\/diariotextual.com\\\/inicio\\\/wp-content\\\/uploads\\\/2023\\\/05\\\/logotextual1.jpg\",\"width\":516,\"height\":76,\"caption\":\"Diario Textual\"},\"image\":{\"@id\":\"https:\\\/\\\/diariotextual.com\\\/inicio\\\/#\\\/schema\\\/logo\\\/image\\\/\"},\"sameAs\":[\"https:\\\/\\\/www.facebook.com\\\/eltextual\",\"https:\\\/\\\/x.com\\\/eltextual\",\"http:\\\/\\\/www.instagram.com\\\/eltextual\"]},{\"@type\":\"Person\",\"@id\":\"https:\\\/\\\/diariotextual.com\\\/inicio\\\/#\\\/schema\\\/person\\\/418fc4093c33e86ed41562db3508f958\",\"name\":\"Diario1 Diario1\",\"image\":{\"@type\":\"ImageObject\",\"inLanguage\":\"es\",\"@id\":\"https:\\\/\\\/secure.gravatar.com\\\/avatar\\\/9167d280179c85bc18be67aa7eda765854300033af4896dd779b608640f2ef7a?s=96&d=mm&r=g\",\"url\":\"https:\\\/\\\/secure.gravatar.com\\\/avatar\\\/9167d280179c85bc18be67aa7eda765854300033af4896dd779b608640f2ef7a?s=96&d=mm&r=g\",\"contentUrl\":\"https:\\\/\\\/secure.gravatar.com\\\/avatar\\\/9167d280179c85bc18be67aa7eda765854300033af4896dd779b608640f2ef7a?s=96&d=mm&r=g\",\"caption\":\"Diario1 Diario1\"},\"url\":\"https:\\\/\\\/diariotextual.com\\\/inicio\\\/index.php\\\/author\\\/diario1\\\/\"}]}<\/script>\n<!-- \/ Yoast SEO plugin. -->","yoast_head_json":{"title":"La Provincia quiere llevar Precios Cuidados a los minimercados y despensas - Diario Textual","robots":{"index":"index","follow":"follow","max-snippet":"max-snippet:-1","max-image-preview":"max-image-preview:large","max-video-preview":"max-video-preview:-1"},"canonical":"https:\/\/diariotextual.com\/inicio\/index.php\/2020\/01\/21\/la-provincia-quiere-llevar-precios-cuidados-los-minimercados-despensas\/","og_locale":"es_ES","og_type":"article","og_title":"La Provincia quiere llevar Precios Cuidados a los minimercados y despensas - Diario Textual","og_description":"El Gobierno provincial inici\u00f3 gestiones para que el programa Precios Cuidados llegue tambi\u00e9n a las localidades donde no est\u00e1n presentes los grandes supermercados. La intenci\u00f3n es que se sumen supermercados&hellip;","og_url":"https:\/\/diariotextual.com\/inicio\/index.php\/2020\/01\/21\/la-provincia-quiere-llevar-precios-cuidados-los-minimercados-despensas\/","og_site_name":"Diario Textual","article_publisher":"https:\/\/www.facebook.com\/eltextual","article_published_time":"2020-01-21T21:04:45+00:00","article_modified_time":"2020-01-22T02:31:59+00:00","og_image":[{"width":1004,"height":565,"url":"https:\/\/diariotextual.com\/inicio\/wp-content\/uploads\/2020\/01\/precioscuidadostelam2020-1.jpg","type":"image\/jpeg"}],"author":"Diario1 Diario1","twitter_card":"summary_large_image","twitter_creator":"@eltextual","twitter_site":"@eltextual","twitter_misc":{"Escrito por":"Diario1 Diario1","Tiempo de lectura":"2 minutos"},"schema":{"@context":"https:\/\/schema.org","@graph":[{"@type":"Article","@id":"https:\/\/diariotextual.com\/inicio\/index.php\/2020\/01\/21\/la-provincia-quiere-llevar-precios-cuidados-los-minimercados-despensas\/#article","isPartOf":{"@id":"https:\/\/diariotextual.com\/inicio\/index.php\/2020\/01\/21\/la-provincia-quiere-llevar-precios-cuidados-los-minimercados-despensas\/"},"author":{"name":"Diario1 Diario1","@id":"https:\/\/diariotextual.com\/inicio\/#\/schema\/person\/418fc4093c33e86ed41562db3508f958"},"headline":"La Provincia quiere llevar Precios Cuidados a los minimercados y despensas","datePublished":"2020-01-21T21:04:45+00:00","dateModified":"2020-01-22T02:31:59+00:00","mainEntityOfPage":{"@id":"https:\/\/diariotextual.com\/inicio\/index.php\/2020\/01\/21\/la-provincia-quiere-llevar-precios-cuidados-los-minimercados-despensas\/"},"wordCount":335,"publisher":{"@id":"https:\/\/diariotextual.com\/inicio\/#organization"},"image":{"@id":"https:\/\/diariotextual.com\/inicio\/index.php\/2020\/01\/21\/la-provincia-quiere-llevar-precios-cuidados-los-minimercados-despensas\/#primaryimage"},"thumbnailUrl":"https:\/\/diariotextual.com\/inicio\/wp-content\/uploads\/2020\/01\/precioscuidadostelam2020-1.jpg","keywords":["precios"],"articleSection":["A - QUE PASA (al costado)","ECONOMIA"],"inLanguage":"es"},{"@type":"WebPage","@id":"https:\/\/diariotextual.com\/inicio\/index.php\/2020\/01\/21\/la-provincia-quiere-llevar-precios-cuidados-los-minimercados-despensas\/","url":"https:\/\/diariotextual.com\/inicio\/index.php\/2020\/01\/21\/la-provincia-quiere-llevar-precios-cuidados-los-minimercados-despensas\/","name":"La Provincia quiere llevar Precios Cuidados a los minimercados y despensas - Diario Textual","isPartOf":{"@id":"https:\/\/diariotextual.com\/inicio\/#website"},"primaryImageOfPage":{"@id":"https:\/\/diariotextual.com\/inicio\/index.php\/2020\/01\/21\/la-provincia-quiere-llevar-precios-cuidados-los-minimercados-despensas\/#primaryimage"},"image":{"@id":"https:\/\/diariotextual.com\/inicio\/index.php\/2020\/01\/21\/la-provincia-quiere-llevar-precios-cuidados-los-minimercados-despensas\/#primaryimage"},"thumbnailUrl":"https:\/\/diariotextual.com\/inicio\/wp-content\/uploads\/2020\/01\/precioscuidadostelam2020-1.jpg","datePublished":"2020-01-21T21:04:45+00:00","dateModified":"2020-01-22T02:31:59+00:00","breadcrumb":{"@id":"https:\/\/diariotextual.com\/inicio\/index.php\/2020\/01\/21\/la-provincia-quiere-llevar-precios-cuidados-los-minimercados-despensas\/#breadcrumb"},"inLanguage":"es","potentialAction":[{"@type":"ReadAction","target":["https:\/\/diariotextual.com\/inicio\/index.php\/2020\/01\/21\/la-provincia-quiere-llevar-precios-cuidados-los-minimercados-despensas\/"]}]},{"@type":"ImageObject","inLanguage":"es","@id":"https:\/\/diariotextual.com\/inicio\/index.php\/2020\/01\/21\/la-provincia-quiere-llevar-precios-cuidados-los-minimercados-despensas\/#primaryimage","url":"https:\/\/diariotextual.com\/inicio\/wp-content\/uploads\/2020\/01\/precioscuidadostelam2020-1.jpg","contentUrl":"https:\/\/diariotextual.com\/inicio\/wp-content\/uploads\/2020\/01\/precioscuidadostelam2020-1.jpg","width":1004,"height":565},{"@type":"BreadcrumbList","@id":"https:\/\/diariotextual.com\/inicio\/index.php\/2020\/01\/21\/la-provincia-quiere-llevar-precios-cuidados-los-minimercados-despensas\/#breadcrumb","itemListElement":[{"@type":"ListItem","position":1,"name":"Portada","item":"https:\/\/diariotextual.com\/inicio\/"},{"@type":"ListItem","position":2,"name":"La Provincia quiere llevar Precios Cuidados a los minimercados y despensas"}]},{"@type":"WebSite","@id":"https:\/\/diariotextual.com\/inicio\/#website","url":"https:\/\/diariotextual.com\/inicio\/","name":"Diario Textual","description":"","publisher":{"@id":"https:\/\/diariotextual.com\/inicio\/#organization"},"potentialAction":[{"@type":"SearchAction","target":{"@type":"EntryPoint","urlTemplate":"https:\/\/diariotextual.com\/inicio\/?s={search_term_string}"},"query-input":{"@type":"PropertyValueSpecification","valueRequired":true,"valueName":"search_term_string"}}],"inLanguage":"es"},{"@type":"Organization","@id":"https:\/\/diariotextual.com\/inicio\/#organization","name":"Diario Textual","url":"https:\/\/diariotextual.com\/inicio\/","logo":{"@type":"ImageObject","inLanguage":"es","@id":"https:\/\/diariotextual.com\/inicio\/#\/schema\/logo\/image\/","url":"https:\/\/diariotextual.com\/inicio\/wp-content\/uploads\/2023\/05\/logotextual1.jpg","contentUrl":"https:\/\/diariotextual.com\/inicio\/wp-content\/uploads\/2023\/05\/logotextual1.jpg","width":516,"height":76,"caption":"Diario Textual"},"image":{"@id":"https:\/\/diariotextual.com\/inicio\/#\/schema\/logo\/image\/"},"sameAs":["https:\/\/www.facebook.com\/eltextual","https:\/\/x.com\/eltextual","http:\/\/www.instagram.com\/eltextual"]},{"@type":"Person","@id":"https:\/\/diariotextual.com\/inicio\/#\/schema\/person\/418fc4093c33e86ed41562db3508f958","name":"Diario1 Diario1","image":{"@type":"ImageObject","inLanguage":"es","@id":"https:\/\/secure.gravatar.com\/avatar\/9167d280179c85bc18be67aa7eda765854300033af4896dd779b608640f2ef7a?s=96&d=mm&r=g","url":"https:\/\/secure.gravatar.com\/avatar\/9167d280179c85bc18be67aa7eda765854300033af4896dd779b608640f2ef7a?s=96&d=mm&r=g","contentUrl":"https:\/\/secure.gravatar.com\/avatar\/9167d280179c85bc18be67aa7eda765854300033af4896dd779b608640f2ef7a?s=96&d=mm&r=g","caption":"Diario1 Diario1"},"url":"https:\/\/diariotextual.com\/inicio\/index.php\/author\/diario1\/"}]}},"_links":{"self":[{"href":"https:\/\/diariotextual.com\/inicio\/index.php\/wp-json\/wp\/v2\/posts\/77182","targetHints":{"allow":["GET"]}}],"collection":[{"href":"https:\/\/diariotextual.com\/inicio\/index.php\/wp-json\/wp\/v2\/posts"}],"about":[{"href":"https:\/\/diariotextual.com\/inicio\/index.php\/wp-json\/wp\/v2\/types\/post"}],"author":[{"embeddable":true,"href":"https:\/\/diariotextual.com\/inicio\/index.php\/wp-json\/wp\/v2\/users\/3"}],"replies":[{"embeddable":true,"href":"https:\/\/diariotextual.com\/inicio\/index.php\/wp-json\/wp\/v2\/comments?post=77182"}],"version-history":[{"count":2,"href":"https:\/\/diariotextual.com\/inicio\/index.php\/wp-json\/wp\/v2\/posts\/77182\/revisions"}],"predecessor-version":[{"id":77185,"href":"https:\/\/diariotextual.com\/inicio\/index.php\/wp-json\/wp\/v2\/posts\/77182\/revisions\/77185"}],"wp:featuredmedia":[{"embeddable":true,"href":"https:\/\/diariotextual.com\/inicio\/index.php\/wp-json\/wp\/v2\/media\/77183"}],"wp:attachment":[{"href":"https:\/\/diariotextual.com\/inicio\/index.php\/wp-json\/wp\/v2\/media?parent=77182"}],"wp:term":[{"taxonomy":"category","embeddable":true,"href":"https:\/\/diariotextual.com\/inicio\/index.php\/wp-json\/wp\/v2\/categories?post=77182"},{"taxonomy":"post_tag","embeddable":true,"href":"https:\/\/diariotextual.com\/inicio\/index.php\/wp-json\/wp\/v2\/tags?post=77182"}],"curies":[{"name":"wp","href":"https:\/\/api.w.org\/{rel}","templated":true}]}}