{"id":77443,"date":"2020-01-25T00:30:11","date_gmt":"2020-01-25T03:30:11","guid":{"rendered":"http:\/\/diariotextual.com\/inicio\/?p=77443"},"modified":"2020-01-25T21:37:57","modified_gmt":"2020-01-26T00:37:57","slug":"la-pampa-una-las-provincias-donde-mas-cayo-consumo-energia","status":"publish","type":"post","link":"https:\/\/diariotextual.com\/inicio\/index.php\/2020\/01\/25\/la-pampa-una-las-provincias-donde-mas-cayo-consumo-energia\/","title":{"rendered":"La Pampa, una de las provincias donde m\u00e1s cay\u00f3 el consumo de energ\u00eda"},"content":{"rendered":"<p>El sector residencial de energ\u00eda el\u00e9ctrica se contrajo, en todo el pa\u00eds, el 2,8% interanualmente en el \u00faltimo a\u00f1o de la gesti\u00f3n de Mauricio Macri. Esta significativa merma condujo a que los millones de hogares argentinos culminen 2019 consumiendo la misma cantidad de energ\u00eda el\u00e9ctrica que cuatro a\u00f1os atr\u00e1s, es decir, 2015.<\/p>\n<p>El consumo residencial cay\u00f3 en 2019, respecto de 2018, en 19 provincias de las 22 interconectadas al SADI (86%). Las cinco provincias m\u00e1s afectadas en t\u00e9rminos de variaciones porcentuales fueron Entre R\u00edos (-8,6%), <strong>La Pampa (-7,7%)<\/strong>, Chaco (-7,3%), Formosa (-7,1%) y Tucum\u00e1n (-6,4%), seg\u00fan un informe del<a href=\"http:\/\/oetec.org\/nota.php?id=4381&amp;area=1\" target=\"_blank\" rel=\"noopener\"><strong> Observatorio de la Energ\u00eda, Tecnolog\u00eda e<\/strong><\/a><br \/>\n<strong>Infraestructura para el Desarrollo (Oetec)<\/strong>.<\/p>\n<p>Se observa tambi\u00e9n que en 8 de las 22 provincias su consumo residencial de energ\u00eda el\u00e9ctrica se redujo m\u00e1s all\u00e1 de 2015. En pocas palabras, un retroceso de m\u00e1s de un lustro. La provincia m\u00e1s afectada en t\u00e9rminos de variaci\u00f3n porcentual fue Santa Fe, con un 7,5% de ca\u00edda.<\/p>\n<p><img fetchpriority=\"high\" decoding=\"async\" class=\"alignleft wp-image-77445 size-full\" src=\"http:\/\/diariotextual.com\/inicio\/wp-content\/uploads\/2020\/01\/energiaprovinciasdemandaoetec1.png\" alt=\"\" width=\"536\" height=\"288\" srcset=\"https:\/\/diariotextual.com\/inicio\/wp-content\/uploads\/2020\/01\/energiaprovinciasdemandaoetec1.png 536w, https:\/\/diariotextual.com\/inicio\/wp-content\/uploads\/2020\/01\/energiaprovinciasdemandaoetec1-300x161.png 300w\" sizes=\"(max-width: 536px) 100vw, 536px\" \/><\/p>\n<p>&nbsp;<\/p>\n<p>&nbsp;<\/p>\n<p>&nbsp;<\/p>\n<p>&nbsp;<\/p>\n<p>&nbsp;<\/p>\n<p>&nbsp;<\/p>\n<p>&nbsp;<\/p>\n<p>&nbsp;<\/p>\n<p>Medido en cantidades, la provincia de Buenos Aires fue la m\u00e1s afectada, al consumir en 2019 unos 634.000 MWh menos que en 2015. Le sigui\u00f3 Santa Fe con 347.000 MWh menos.<\/p>\n<p>La debacle en el consumo el\u00e9ctrico residencial es perfecto reflejo de la \u00abcrisis energ\u00e9tica\u00bb padecida por el pueblo argentino. Ese debacle, como se sabe, ha sido deliberado objetivo de la pol\u00edtica econ\u00f3mica de la gesti\u00f3n neoliberal.<\/p>\n<p>&nbsp;<\/p>\n<p>&nbsp;<\/p>\n","protected":false},"excerpt":{"rendered":"<p>El sector residencial de energ\u00eda el\u00e9ctrica se contrajo, en todo el pa\u00eds, el 2,8% interanualmente en el \u00faltimo a\u00f1o de la gesti\u00f3n de Mauricio Macri. Esta significativa merma condujo a&hellip;<\/p>\n","protected":false},"author":3,"featured_media":1532,"comment_status":"closed","ping_status":"open","sticky":false,"template":"","format":"standard","meta":{"_acf_changed":false,"footnotes":""},"categories":[10,5],"tags":[],"class_list":["post-77443","post","type-post","status-publish","format-standard","has-post-thumbnail","hentry","category-portada-2","category-economia"],"acf":[],"yoast_head":"<!-- This site is optimized with the Yoast SEO plugin v27.5 - https:\/\/yoast.com\/product\/yoast-seo-wordpress\/ -->\n<title>La Pampa, una de las provincias donde m\u00e1s cay\u00f3 el consumo de energ\u00eda - Diario Textual<\/title>\n<meta name=\"robots\" content=\"index, follow, max-snippet:-1, max-image-preview:large, max-video-preview:-1\" \/>\n<link rel=\"canonical\" href=\"https:\/\/diariotextual.com\/inicio\/index.php\/2020\/01\/25\/la-pampa-una-las-provincias-donde-mas-cayo-consumo-energia\/\" \/>\n<meta property=\"og:locale\" content=\"es_ES\" \/>\n<meta property=\"og:type\" content=\"article\" \/>\n<meta property=\"og:title\" content=\"La Pampa, una de las provincias donde m\u00e1s cay\u00f3 el consumo de energ\u00eda - Diario Textual\" \/>\n<meta property=\"og:description\" content=\"El sector residencial de energ\u00eda el\u00e9ctrica se contrajo, en todo el pa\u00eds, el 2,8% interanualmente en el \u00faltimo a\u00f1o de la gesti\u00f3n de Mauricio Macri. Esta significativa merma condujo a&hellip;\" \/>\n<meta property=\"og:url\" content=\"https:\/\/diariotextual.com\/inicio\/index.php\/2020\/01\/25\/la-pampa-una-las-provincias-donde-mas-cayo-consumo-energia\/\" \/>\n<meta property=\"og:site_name\" content=\"Diario Textual\" \/>\n<meta property=\"article:publisher\" content=\"https:\/\/www.facebook.com\/eltextual\" \/>\n<meta property=\"article:published_time\" content=\"2020-01-25T03:30:11+00:00\" \/>\n<meta property=\"article:modified_time\" content=\"2020-01-26T00:37:57+00:00\" \/>\n<meta property=\"og:image\" content=\"https:\/\/diariotextual.com\/inicio\/wp-content\/uploads\/2018\/03\/electricidadtorrestextual2015-1.jpg\" \/>\n\t<meta property=\"og:image:width\" content=\"600\" \/>\n\t<meta property=\"og:image:height\" content=\"400\" \/>\n\t<meta property=\"og:image:type\" content=\"image\/jpeg\" \/>\n<meta name=\"author\" content=\"Diario1 Diario1\" \/>\n<meta name=\"twitter:card\" content=\"summary_large_image\" \/>\n<meta name=\"twitter:creator\" content=\"@eltextual\" \/>\n<meta name=\"twitter:site\" content=\"@eltextual\" \/>\n<meta name=\"twitter:label1\" content=\"Escrito por\" \/>\n\t<meta name=\"twitter:data1\" content=\"Diario1 Diario1\" \/>\n\t<meta name=\"twitter:label2\" content=\"Tiempo de lectura\" \/>\n\t<meta name=\"twitter:data2\" content=\"1 minuto\" \/>\n<script type=\"application\/ld+json\" class=\"yoast-schema-graph\">{\"@context\":\"https:\\\/\\\/schema.org\",\"@graph\":[{\"@type\":\"Article\",\"@id\":\"https:\\\/\\\/diariotextual.com\\\/inicio\\\/index.php\\\/2020\\\/01\\\/25\\\/la-pampa-una-las-provincias-donde-mas-cayo-consumo-energia\\\/#article\",\"isPartOf\":{\"@id\":\"https:\\\/\\\/diariotextual.com\\\/inicio\\\/index.php\\\/2020\\\/01\\\/25\\\/la-pampa-una-las-provincias-donde-mas-cayo-consumo-energia\\\/\"},\"author\":{\"name\":\"Diario1 Diario1\",\"@id\":\"https:\\\/\\\/diariotextual.com\\\/inicio\\\/#\\\/schema\\\/person\\\/418fc4093c33e86ed41562db3508f958\"},\"headline\":\"La Pampa, una de las provincias donde m\u00e1s cay\u00f3 el consumo de energ\u00eda\",\"datePublished\":\"2020-01-25T03:30:11+00:00\",\"dateModified\":\"2020-01-26T00:37:57+00:00\",\"mainEntityOfPage\":{\"@id\":\"https:\\\/\\\/diariotextual.com\\\/inicio\\\/index.php\\\/2020\\\/01\\\/25\\\/la-pampa-una-las-provincias-donde-mas-cayo-consumo-energia\\\/\"},\"wordCount\":266,\"publisher\":{\"@id\":\"https:\\\/\\\/diariotextual.com\\\/inicio\\\/#organization\"},\"image\":{\"@id\":\"https:\\\/\\\/diariotextual.com\\\/inicio\\\/index.php\\\/2020\\\/01\\\/25\\\/la-pampa-una-las-provincias-donde-mas-cayo-consumo-energia\\\/#primaryimage\"},\"thumbnailUrl\":\"https:\\\/\\\/diariotextual.com\\\/inicio\\\/wp-content\\\/uploads\\\/2018\\\/03\\\/electricidadtorrestextual2015-1.jpg\",\"articleSection\":[\"A - PORTADA2\",\"ECONOMIA\"],\"inLanguage\":\"es\"},{\"@type\":\"WebPage\",\"@id\":\"https:\\\/\\\/diariotextual.com\\\/inicio\\\/index.php\\\/2020\\\/01\\\/25\\\/la-pampa-una-las-provincias-donde-mas-cayo-consumo-energia\\\/\",\"url\":\"https:\\\/\\\/diariotextual.com\\\/inicio\\\/index.php\\\/2020\\\/01\\\/25\\\/la-pampa-una-las-provincias-donde-mas-cayo-consumo-energia\\\/\",\"name\":\"La Pampa, una de las provincias donde m\u00e1s cay\u00f3 el consumo de energ\u00eda - Diario Textual\",\"isPartOf\":{\"@id\":\"https:\\\/\\\/diariotextual.com\\\/inicio\\\/#website\"},\"primaryImageOfPage\":{\"@id\":\"https:\\\/\\\/diariotextual.com\\\/inicio\\\/index.php\\\/2020\\\/01\\\/25\\\/la-pampa-una-las-provincias-donde-mas-cayo-consumo-energia\\\/#primaryimage\"},\"image\":{\"@id\":\"https:\\\/\\\/diariotextual.com\\\/inicio\\\/index.php\\\/2020\\\/01\\\/25\\\/la-pampa-una-las-provincias-donde-mas-cayo-consumo-energia\\\/#primaryimage\"},\"thumbnailUrl\":\"https:\\\/\\\/diariotextual.com\\\/inicio\\\/wp-content\\\/uploads\\\/2018\\\/03\\\/electricidadtorrestextual2015-1.jpg\",\"datePublished\":\"2020-01-25T03:30:11+00:00\",\"dateModified\":\"2020-01-26T00:37:57+00:00\",\"breadcrumb\":{\"@id\":\"https:\\\/\\\/diariotextual.com\\\/inicio\\\/index.php\\\/2020\\\/01\\\/25\\\/la-pampa-una-las-provincias-donde-mas-cayo-consumo-energia\\\/#breadcrumb\"},\"inLanguage\":\"es\",\"potentialAction\":[{\"@type\":\"ReadAction\",\"target\":[\"https:\\\/\\\/diariotextual.com\\\/inicio\\\/index.php\\\/2020\\\/01\\\/25\\\/la-pampa-una-las-provincias-donde-mas-cayo-consumo-energia\\\/\"]}]},{\"@type\":\"ImageObject\",\"inLanguage\":\"es\",\"@id\":\"https:\\\/\\\/diariotextual.com\\\/inicio\\\/index.php\\\/2020\\\/01\\\/25\\\/la-pampa-una-las-provincias-donde-mas-cayo-consumo-energia\\\/#primaryimage\",\"url\":\"https:\\\/\\\/diariotextual.com\\\/inicio\\\/wp-content\\\/uploads\\\/2018\\\/03\\\/electricidadtorrestextual2015-1.jpg\",\"contentUrl\":\"https:\\\/\\\/diariotextual.com\\\/inicio\\\/wp-content\\\/uploads\\\/2018\\\/03\\\/electricidadtorrestextual2015-1.jpg\",\"width\":600,\"height\":400},{\"@type\":\"BreadcrumbList\",\"@id\":\"https:\\\/\\\/diariotextual.com\\\/inicio\\\/index.php\\\/2020\\\/01\\\/25\\\/la-pampa-una-las-provincias-donde-mas-cayo-consumo-energia\\\/#breadcrumb\",\"itemListElement\":[{\"@type\":\"ListItem\",\"position\":1,\"name\":\"Portada\",\"item\":\"https:\\\/\\\/diariotextual.com\\\/inicio\\\/\"},{\"@type\":\"ListItem\",\"position\":2,\"name\":\"La Pampa, una de las provincias donde m\u00e1s cay\u00f3 el consumo de energ\u00eda\"}]},{\"@type\":\"WebSite\",\"@id\":\"https:\\\/\\\/diariotextual.com\\\/inicio\\\/#website\",\"url\":\"https:\\\/\\\/diariotextual.com\\\/inicio\\\/\",\"name\":\"Diario Textual\",\"description\":\"\",\"publisher\":{\"@id\":\"https:\\\/\\\/diariotextual.com\\\/inicio\\\/#organization\"},\"potentialAction\":[{\"@type\":\"SearchAction\",\"target\":{\"@type\":\"EntryPoint\",\"urlTemplate\":\"https:\\\/\\\/diariotextual.com\\\/inicio\\\/?s={search_term_string}\"},\"query-input\":{\"@type\":\"PropertyValueSpecification\",\"valueRequired\":true,\"valueName\":\"search_term_string\"}}],\"inLanguage\":\"es\"},{\"@type\":\"Organization\",\"@id\":\"https:\\\/\\\/diariotextual.com\\\/inicio\\\/#organization\",\"name\":\"Diario Textual\",\"url\":\"https:\\\/\\\/diariotextual.com\\\/inicio\\\/\",\"logo\":{\"@type\":\"ImageObject\",\"inLanguage\":\"es\",\"@id\":\"https:\\\/\\\/diariotextual.com\\\/inicio\\\/#\\\/schema\\\/logo\\\/image\\\/\",\"url\":\"https:\\\/\\\/diariotextual.com\\\/inicio\\\/wp-content\\\/uploads\\\/2023\\\/05\\\/logotextual1.jpg\",\"contentUrl\":\"https:\\\/\\\/diariotextual.com\\\/inicio\\\/wp-content\\\/uploads\\\/2023\\\/05\\\/logotextual1.jpg\",\"width\":516,\"height\":76,\"caption\":\"Diario Textual\"},\"image\":{\"@id\":\"https:\\\/\\\/diariotextual.com\\\/inicio\\\/#\\\/schema\\\/logo\\\/image\\\/\"},\"sameAs\":[\"https:\\\/\\\/www.facebook.com\\\/eltextual\",\"https:\\\/\\\/x.com\\\/eltextual\",\"http:\\\/\\\/www.instagram.com\\\/eltextual\"]},{\"@type\":\"Person\",\"@id\":\"https:\\\/\\\/diariotextual.com\\\/inicio\\\/#\\\/schema\\\/person\\\/418fc4093c33e86ed41562db3508f958\",\"name\":\"Diario1 Diario1\",\"image\":{\"@type\":\"ImageObject\",\"inLanguage\":\"es\",\"@id\":\"https:\\\/\\\/secure.gravatar.com\\\/avatar\\\/9167d280179c85bc18be67aa7eda765854300033af4896dd779b608640f2ef7a?s=96&d=mm&r=g\",\"url\":\"https:\\\/\\\/secure.gravatar.com\\\/avatar\\\/9167d280179c85bc18be67aa7eda765854300033af4896dd779b608640f2ef7a?s=96&d=mm&r=g\",\"contentUrl\":\"https:\\\/\\\/secure.gravatar.com\\\/avatar\\\/9167d280179c85bc18be67aa7eda765854300033af4896dd779b608640f2ef7a?s=96&d=mm&r=g\",\"caption\":\"Diario1 Diario1\"},\"url\":\"https:\\\/\\\/diariotextual.com\\\/inicio\\\/index.php\\\/author\\\/diario1\\\/\"}]}<\/script>\n<!-- \/ Yoast SEO plugin. -->","yoast_head_json":{"title":"La Pampa, una de las provincias donde m\u00e1s cay\u00f3 el consumo de energ\u00eda - Diario Textual","robots":{"index":"index","follow":"follow","max-snippet":"max-snippet:-1","max-image-preview":"max-image-preview:large","max-video-preview":"max-video-preview:-1"},"canonical":"https:\/\/diariotextual.com\/inicio\/index.php\/2020\/01\/25\/la-pampa-una-las-provincias-donde-mas-cayo-consumo-energia\/","og_locale":"es_ES","og_type":"article","og_title":"La Pampa, una de las provincias donde m\u00e1s cay\u00f3 el consumo de energ\u00eda - Diario Textual","og_description":"El sector residencial de energ\u00eda el\u00e9ctrica se contrajo, en todo el pa\u00eds, el 2,8% interanualmente en el \u00faltimo a\u00f1o de la gesti\u00f3n de Mauricio Macri. Esta significativa merma condujo a&hellip;","og_url":"https:\/\/diariotextual.com\/inicio\/index.php\/2020\/01\/25\/la-pampa-una-las-provincias-donde-mas-cayo-consumo-energia\/","og_site_name":"Diario Textual","article_publisher":"https:\/\/www.facebook.com\/eltextual","article_published_time":"2020-01-25T03:30:11+00:00","article_modified_time":"2020-01-26T00:37:57+00:00","og_image":[{"width":600,"height":400,"url":"https:\/\/diariotextual.com\/inicio\/wp-content\/uploads\/2018\/03\/electricidadtorrestextual2015-1.jpg","type":"image\/jpeg"}],"author":"Diario1 Diario1","twitter_card":"summary_large_image","twitter_creator":"@eltextual","twitter_site":"@eltextual","twitter_misc":{"Escrito por":"Diario1 Diario1","Tiempo de lectura":"1 minuto"},"schema":{"@context":"https:\/\/schema.org","@graph":[{"@type":"Article","@id":"https:\/\/diariotextual.com\/inicio\/index.php\/2020\/01\/25\/la-pampa-una-las-provincias-donde-mas-cayo-consumo-energia\/#article","isPartOf":{"@id":"https:\/\/diariotextual.com\/inicio\/index.php\/2020\/01\/25\/la-pampa-una-las-provincias-donde-mas-cayo-consumo-energia\/"},"author":{"name":"Diario1 Diario1","@id":"https:\/\/diariotextual.com\/inicio\/#\/schema\/person\/418fc4093c33e86ed41562db3508f958"},"headline":"La Pampa, una de las provincias donde m\u00e1s cay\u00f3 el consumo de energ\u00eda","datePublished":"2020-01-25T03:30:11+00:00","dateModified":"2020-01-26T00:37:57+00:00","mainEntityOfPage":{"@id":"https:\/\/diariotextual.com\/inicio\/index.php\/2020\/01\/25\/la-pampa-una-las-provincias-donde-mas-cayo-consumo-energia\/"},"wordCount":266,"publisher":{"@id":"https:\/\/diariotextual.com\/inicio\/#organization"},"image":{"@id":"https:\/\/diariotextual.com\/inicio\/index.php\/2020\/01\/25\/la-pampa-una-las-provincias-donde-mas-cayo-consumo-energia\/#primaryimage"},"thumbnailUrl":"https:\/\/diariotextual.com\/inicio\/wp-content\/uploads\/2018\/03\/electricidadtorrestextual2015-1.jpg","articleSection":["A - PORTADA2","ECONOMIA"],"inLanguage":"es"},{"@type":"WebPage","@id":"https:\/\/diariotextual.com\/inicio\/index.php\/2020\/01\/25\/la-pampa-una-las-provincias-donde-mas-cayo-consumo-energia\/","url":"https:\/\/diariotextual.com\/inicio\/index.php\/2020\/01\/25\/la-pampa-una-las-provincias-donde-mas-cayo-consumo-energia\/","name":"La Pampa, una de las provincias donde m\u00e1s cay\u00f3 el consumo de energ\u00eda - Diario Textual","isPartOf":{"@id":"https:\/\/diariotextual.com\/inicio\/#website"},"primaryImageOfPage":{"@id":"https:\/\/diariotextual.com\/inicio\/index.php\/2020\/01\/25\/la-pampa-una-las-provincias-donde-mas-cayo-consumo-energia\/#primaryimage"},"image":{"@id":"https:\/\/diariotextual.com\/inicio\/index.php\/2020\/01\/25\/la-pampa-una-las-provincias-donde-mas-cayo-consumo-energia\/#primaryimage"},"thumbnailUrl":"https:\/\/diariotextual.com\/inicio\/wp-content\/uploads\/2018\/03\/electricidadtorrestextual2015-1.jpg","datePublished":"2020-01-25T03:30:11+00:00","dateModified":"2020-01-26T00:37:57+00:00","breadcrumb":{"@id":"https:\/\/diariotextual.com\/inicio\/index.php\/2020\/01\/25\/la-pampa-una-las-provincias-donde-mas-cayo-consumo-energia\/#breadcrumb"},"inLanguage":"es","potentialAction":[{"@type":"ReadAction","target":["https:\/\/diariotextual.com\/inicio\/index.php\/2020\/01\/25\/la-pampa-una-las-provincias-donde-mas-cayo-consumo-energia\/"]}]},{"@type":"ImageObject","inLanguage":"es","@id":"https:\/\/diariotextual.com\/inicio\/index.php\/2020\/01\/25\/la-pampa-una-las-provincias-donde-mas-cayo-consumo-energia\/#primaryimage","url":"https:\/\/diariotextual.com\/inicio\/wp-content\/uploads\/2018\/03\/electricidadtorrestextual2015-1.jpg","contentUrl":"https:\/\/diariotextual.com\/inicio\/wp-content\/uploads\/2018\/03\/electricidadtorrestextual2015-1.jpg","width":600,"height":400},{"@type":"BreadcrumbList","@id":"https:\/\/diariotextual.com\/inicio\/index.php\/2020\/01\/25\/la-pampa-una-las-provincias-donde-mas-cayo-consumo-energia\/#breadcrumb","itemListElement":[{"@type":"ListItem","position":1,"name":"Portada","item":"https:\/\/diariotextual.com\/inicio\/"},{"@type":"ListItem","position":2,"name":"La Pampa, una de las provincias donde m\u00e1s cay\u00f3 el consumo de energ\u00eda"}]},{"@type":"WebSite","@id":"https:\/\/diariotextual.com\/inicio\/#website","url":"https:\/\/diariotextual.com\/inicio\/","name":"Diario Textual","description":"","publisher":{"@id":"https:\/\/diariotextual.com\/inicio\/#organization"},"potentialAction":[{"@type":"SearchAction","target":{"@type":"EntryPoint","urlTemplate":"https:\/\/diariotextual.com\/inicio\/?s={search_term_string}"},"query-input":{"@type":"PropertyValueSpecification","valueRequired":true,"valueName":"search_term_string"}}],"inLanguage":"es"},{"@type":"Organization","@id":"https:\/\/diariotextual.com\/inicio\/#organization","name":"Diario Textual","url":"https:\/\/diariotextual.com\/inicio\/","logo":{"@type":"ImageObject","inLanguage":"es","@id":"https:\/\/diariotextual.com\/inicio\/#\/schema\/logo\/image\/","url":"https:\/\/diariotextual.com\/inicio\/wp-content\/uploads\/2023\/05\/logotextual1.jpg","contentUrl":"https:\/\/diariotextual.com\/inicio\/wp-content\/uploads\/2023\/05\/logotextual1.jpg","width":516,"height":76,"caption":"Diario Textual"},"image":{"@id":"https:\/\/diariotextual.com\/inicio\/#\/schema\/logo\/image\/"},"sameAs":["https:\/\/www.facebook.com\/eltextual","https:\/\/x.com\/eltextual","http:\/\/www.instagram.com\/eltextual"]},{"@type":"Person","@id":"https:\/\/diariotextual.com\/inicio\/#\/schema\/person\/418fc4093c33e86ed41562db3508f958","name":"Diario1 Diario1","image":{"@type":"ImageObject","inLanguage":"es","@id":"https:\/\/secure.gravatar.com\/avatar\/9167d280179c85bc18be67aa7eda765854300033af4896dd779b608640f2ef7a?s=96&d=mm&r=g","url":"https:\/\/secure.gravatar.com\/avatar\/9167d280179c85bc18be67aa7eda765854300033af4896dd779b608640f2ef7a?s=96&d=mm&r=g","contentUrl":"https:\/\/secure.gravatar.com\/avatar\/9167d280179c85bc18be67aa7eda765854300033af4896dd779b608640f2ef7a?s=96&d=mm&r=g","caption":"Diario1 Diario1"},"url":"https:\/\/diariotextual.com\/inicio\/index.php\/author\/diario1\/"}]}},"_links":{"self":[{"href":"https:\/\/diariotextual.com\/inicio\/index.php\/wp-json\/wp\/v2\/posts\/77443","targetHints":{"allow":["GET"]}}],"collection":[{"href":"https:\/\/diariotextual.com\/inicio\/index.php\/wp-json\/wp\/v2\/posts"}],"about":[{"href":"https:\/\/diariotextual.com\/inicio\/index.php\/wp-json\/wp\/v2\/types\/post"}],"author":[{"embeddable":true,"href":"https:\/\/diariotextual.com\/inicio\/index.php\/wp-json\/wp\/v2\/users\/3"}],"replies":[{"embeddable":true,"href":"https:\/\/diariotextual.com\/inicio\/index.php\/wp-json\/wp\/v2\/comments?post=77443"}],"version-history":[{"count":2,"href":"https:\/\/diariotextual.com\/inicio\/index.php\/wp-json\/wp\/v2\/posts\/77443\/revisions"}],"predecessor-version":[{"id":77446,"href":"https:\/\/diariotextual.com\/inicio\/index.php\/wp-json\/wp\/v2\/posts\/77443\/revisions\/77446"}],"wp:featuredmedia":[{"embeddable":true,"href":"https:\/\/diariotextual.com\/inicio\/index.php\/wp-json\/wp\/v2\/media\/1532"}],"wp:attachment":[{"href":"https:\/\/diariotextual.com\/inicio\/index.php\/wp-json\/wp\/v2\/media?parent=77443"}],"wp:term":[{"taxonomy":"category","embeddable":true,"href":"https:\/\/diariotextual.com\/inicio\/index.php\/wp-json\/wp\/v2\/categories?post=77443"},{"taxonomy":"post_tag","embeddable":true,"href":"https:\/\/diariotextual.com\/inicio\/index.php\/wp-json\/wp\/v2\/tags?post=77443"}],"curies":[{"name":"wp","href":"https:\/\/api.w.org\/{rel}","templated":true}]}}