{"id":77556,"date":"2020-01-26T17:33:13","date_gmt":"2020-01-26T20:33:13","guid":{"rendered":"http:\/\/diariotextual.com\/inicio\/?p=77556"},"modified":"2020-01-26T17:45:43","modified_gmt":"2020-01-26T20:45:43","slug":"duran-barba-cristina-la-mujer-mas-brillante-la-historia-argentina","status":"publish","type":"post","link":"https:\/\/diariotextual.com\/inicio\/index.php\/2020\/01\/26\/duran-barba-cristina-la-mujer-mas-brillante-la-historia-argentina\/","title":{"rendered":"Duran Barba: \u00abCristina es la mujer m\u00e1s brillante de la historia argentina\u00bb"},"content":{"rendered":"<p>El consultor pol\u00edtico ecuatoriano y\u00a0gur\u00fa pol\u00edtico\u00a0de Maurici Macri, Jaime Dur\u00e1n Barba,\u00a0dijo que la vicepresidenta <strong>Cristina Kirchner\u00a0\u00abes la mujer m\u00e1s brillante de la historia argentina\u00bb.<\/strong><\/p>\n<p>Asegur\u00f3\u00a0adem\u00e1s durante una entrevista que nunca existi\u00f3 un plan para \u201cpolarizar\u201d con ella con el objetivo de ganar los comicios.<\/p>\n<p>\u00abHay que ser objetivos, simpaticemos o no con ella. <strong>Es la mujer m\u00e1s brillante de la historia argentina. Ha sido dos veces presidente, ha sido senadora, ha sido todo lo imaginable, ha permanecido en el poder 20 a\u00f1os,<\/strong> tambi\u00e9n diez a\u00f1os en Santa Cruz\u00bb, dijo Duran Barba en una entrevista a Diego Genoud en el sitio\u00a0Letra P.<\/p>\n<p>El asesor del l\u00edder de\u00a0Juntos por el Cambio\u00a0sostuvo que Cristina Kirchner \u201ces una mujer popular\u201d y que pese a que muchos dec\u00edan que hab\u00eda perdido su popularidad, el siempre consider\u00f3 que \u201cnunca se muri\u00f3\u201d. <strong>\u201cLo dije siempre. Tiene bases, tiene fuerza. Algunos dec\u00edan ya no existe. \u00a1No! \u00a1Nunca se muri\u00f3! Siempre conserv\u00f3 la misma popularidad\u00bb,<\/strong> precis\u00f3.<\/p>\n<p>No es la primera vez que el consultor elogia a la dirigente del Frente de Todos, tiempo atr\u00e1s, en una entrevista con\u00a0Perfil luego de conocerse la causa de los cuadernos de la corrupci\u00f3n, Duran Barba sostuvo: \u00abLejos de lo que algunos cre\u00edan con el esc\u00e1ndalo de los cuadernos, ella sigue con much\u00edsima fuerza\u00bb.<\/p>\n<p>En esta oportunidad, <strong>neg\u00f3 adem\u00e1s haber tenido como estrategia electoral polarizar con la ex presidenta:<\/strong> \u00abEs una tonter\u00eda enorme. Cualquier estudio dec\u00eda que Cristina era la dirigente de la oposici\u00f3n m\u00e1s popular y m\u00e1s poderosa\u00bb, dijo Duran Barba, y expres\u00f3 que siempre crey\u00f3 que \u00abpara hacer un gran pacto nacional hab\u00eda que hablar con Cristina Kirchner\u00bb y los grupos de inter\u00e9s a su alrededor.<\/p>\n<p>Para el consultor ecuatoriano, la vicepresidenta \u201ctiene curr\u00edculum\u201d y la compar\u00f3 con Isabelita Per\u00f3n.<strong> \u201cNo es como Isabelita, que lleg\u00f3 por ser la mujer de Per\u00f3n. Esta tiene sus propios valores. De una mujer con ese curr\u00edculum, uno no puede decir que es una tipa que no tiene importancia\u00bb,<\/strong> afirm\u00f3.<\/p>\n","protected":false},"excerpt":{"rendered":"<p>El consultor pol\u00edtico ecuatoriano y\u00a0gur\u00fa pol\u00edtico\u00a0de Maurici Macri, Jaime Dur\u00e1n Barba,\u00a0dijo que la vicepresidenta Cristina Kirchner\u00a0\u00abes la mujer m\u00e1s brillante de la historia argentina\u00bb. Asegur\u00f3\u00a0adem\u00e1s durante una entrevista que nunca&hellip;<\/p>\n","protected":false},"author":4,"featured_media":77557,"comment_status":"closed","ping_status":"open","sticky":false,"template":"","format":"standard","meta":{"_acf_changed":false,"footnotes":""},"categories":[4,8],"tags":[681,2665],"class_list":["post-77556","post","type-post","status-publish","format-standard","has-post-thumbnail","hentry","category-destacadas","category-politica","tag-cristina-kirchner","tag-duran-barba"],"acf":[],"yoast_head":"<!-- This site is optimized with the Yoast SEO plugin v27.5 - https:\/\/yoast.com\/product\/yoast-seo-wordpress\/ -->\n<title>Duran Barba: &quot;Cristina es la mujer m\u00e1s brillante de la historia argentina&quot; - Diario Textual<\/title>\n<meta name=\"robots\" content=\"index, follow, max-snippet:-1, max-image-preview:large, max-video-preview:-1\" \/>\n<link rel=\"canonical\" href=\"https:\/\/diariotextual.com\/inicio\/index.php\/2020\/01\/26\/duran-barba-cristina-la-mujer-mas-brillante-la-historia-argentina\/\" \/>\n<meta property=\"og:locale\" content=\"es_ES\" \/>\n<meta property=\"og:type\" content=\"article\" \/>\n<meta property=\"og:title\" content=\"Duran Barba: &quot;Cristina es la mujer m\u00e1s brillante de la historia argentina&quot; - Diario Textual\" \/>\n<meta property=\"og:description\" content=\"El consultor pol\u00edtico ecuatoriano y\u00a0gur\u00fa pol\u00edtico\u00a0de Maurici Macri, Jaime Dur\u00e1n Barba,\u00a0dijo que la vicepresidenta Cristina Kirchner\u00a0\u00abes la mujer m\u00e1s brillante de la historia argentina\u00bb. Asegur\u00f3\u00a0adem\u00e1s durante una entrevista que nunca&hellip;\" \/>\n<meta property=\"og:url\" content=\"https:\/\/diariotextual.com\/inicio\/index.php\/2020\/01\/26\/duran-barba-cristina-la-mujer-mas-brillante-la-historia-argentina\/\" \/>\n<meta property=\"og:site_name\" content=\"Diario Textual\" \/>\n<meta property=\"article:publisher\" content=\"https:\/\/www.facebook.com\/eltextual\" \/>\n<meta property=\"article:published_time\" content=\"2020-01-26T20:33:13+00:00\" \/>\n<meta property=\"article:modified_time\" content=\"2020-01-26T20:45:43+00:00\" \/>\n<meta property=\"og:image\" content=\"https:\/\/diariotextual.com\/inicio\/wp-content\/uploads\/2020\/01\/duranbarba233.jpg\" \/>\n\t<meta property=\"og:image:width\" content=\"840\" \/>\n\t<meta property=\"og:image:height\" content=\"472\" \/>\n\t<meta property=\"og:image:type\" content=\"image\/jpeg\" \/>\n<meta name=\"author\" content=\"diario2\" \/>\n<meta name=\"twitter:card\" content=\"summary_large_image\" \/>\n<meta name=\"twitter:creator\" content=\"@eltextual\" \/>\n<meta name=\"twitter:site\" content=\"@eltextual\" \/>\n<meta name=\"twitter:label1\" content=\"Escrito por\" \/>\n\t<meta name=\"twitter:data1\" content=\"diario2\" \/>\n\t<meta name=\"twitter:label2\" content=\"Tiempo de lectura\" \/>\n\t<meta name=\"twitter:data2\" content=\"2 minutos\" \/>\n<script type=\"application\/ld+json\" class=\"yoast-schema-graph\">{\"@context\":\"https:\\\/\\\/schema.org\",\"@graph\":[{\"@type\":\"Article\",\"@id\":\"https:\\\/\\\/diariotextual.com\\\/inicio\\\/index.php\\\/2020\\\/01\\\/26\\\/duran-barba-cristina-la-mujer-mas-brillante-la-historia-argentina\\\/#article\",\"isPartOf\":{\"@id\":\"https:\\\/\\\/diariotextual.com\\\/inicio\\\/index.php\\\/2020\\\/01\\\/26\\\/duran-barba-cristina-la-mujer-mas-brillante-la-historia-argentina\\\/\"},\"author\":{\"name\":\"diario2\",\"@id\":\"https:\\\/\\\/diariotextual.com\\\/inicio\\\/#\\\/schema\\\/person\\\/694f60677f23c4a530867a98f22b3768\"},\"headline\":\"Duran Barba: \u00abCristina es la mujer m\u00e1s brillante de la historia argentina\u00bb\",\"datePublished\":\"2020-01-26T20:33:13+00:00\",\"dateModified\":\"2020-01-26T20:45:43+00:00\",\"mainEntityOfPage\":{\"@id\":\"https:\\\/\\\/diariotextual.com\\\/inicio\\\/index.php\\\/2020\\\/01\\\/26\\\/duran-barba-cristina-la-mujer-mas-brillante-la-historia-argentina\\\/\"},\"wordCount\":375,\"publisher\":{\"@id\":\"https:\\\/\\\/diariotextual.com\\\/inicio\\\/#organization\"},\"image\":{\"@id\":\"https:\\\/\\\/diariotextual.com\\\/inicio\\\/index.php\\\/2020\\\/01\\\/26\\\/duran-barba-cristina-la-mujer-mas-brillante-la-historia-argentina\\\/#primaryimage\"},\"thumbnailUrl\":\"https:\\\/\\\/diariotextual.com\\\/inicio\\\/wp-content\\\/uploads\\\/2020\\\/01\\\/duranbarba233.jpg\",\"keywords\":[\"Cristina Kirchner\",\"Duran Barba\"],\"articleSection\":[\"A - DESTACADAS (mod 16)\",\"POLITICA\"],\"inLanguage\":\"es\"},{\"@type\":\"WebPage\",\"@id\":\"https:\\\/\\\/diariotextual.com\\\/inicio\\\/index.php\\\/2020\\\/01\\\/26\\\/duran-barba-cristina-la-mujer-mas-brillante-la-historia-argentina\\\/\",\"url\":\"https:\\\/\\\/diariotextual.com\\\/inicio\\\/index.php\\\/2020\\\/01\\\/26\\\/duran-barba-cristina-la-mujer-mas-brillante-la-historia-argentina\\\/\",\"name\":\"Duran Barba: \\\"Cristina es la mujer m\u00e1s brillante de la historia argentina\\\" - Diario Textual\",\"isPartOf\":{\"@id\":\"https:\\\/\\\/diariotextual.com\\\/inicio\\\/#website\"},\"primaryImageOfPage\":{\"@id\":\"https:\\\/\\\/diariotextual.com\\\/inicio\\\/index.php\\\/2020\\\/01\\\/26\\\/duran-barba-cristina-la-mujer-mas-brillante-la-historia-argentina\\\/#primaryimage\"},\"image\":{\"@id\":\"https:\\\/\\\/diariotextual.com\\\/inicio\\\/index.php\\\/2020\\\/01\\\/26\\\/duran-barba-cristina-la-mujer-mas-brillante-la-historia-argentina\\\/#primaryimage\"},\"thumbnailUrl\":\"https:\\\/\\\/diariotextual.com\\\/inicio\\\/wp-content\\\/uploads\\\/2020\\\/01\\\/duranbarba233.jpg\",\"datePublished\":\"2020-01-26T20:33:13+00:00\",\"dateModified\":\"2020-01-26T20:45:43+00:00\",\"breadcrumb\":{\"@id\":\"https:\\\/\\\/diariotextual.com\\\/inicio\\\/index.php\\\/2020\\\/01\\\/26\\\/duran-barba-cristina-la-mujer-mas-brillante-la-historia-argentina\\\/#breadcrumb\"},\"inLanguage\":\"es\",\"potentialAction\":[{\"@type\":\"ReadAction\",\"target\":[\"https:\\\/\\\/diariotextual.com\\\/inicio\\\/index.php\\\/2020\\\/01\\\/26\\\/duran-barba-cristina-la-mujer-mas-brillante-la-historia-argentina\\\/\"]}]},{\"@type\":\"ImageObject\",\"inLanguage\":\"es\",\"@id\":\"https:\\\/\\\/diariotextual.com\\\/inicio\\\/index.php\\\/2020\\\/01\\\/26\\\/duran-barba-cristina-la-mujer-mas-brillante-la-historia-argentina\\\/#primaryimage\",\"url\":\"https:\\\/\\\/diariotextual.com\\\/inicio\\\/wp-content\\\/uploads\\\/2020\\\/01\\\/duranbarba233.jpg\",\"contentUrl\":\"https:\\\/\\\/diariotextual.com\\\/inicio\\\/wp-content\\\/uploads\\\/2020\\\/01\\\/duranbarba233.jpg\",\"width\":840,\"height\":472},{\"@type\":\"BreadcrumbList\",\"@id\":\"https:\\\/\\\/diariotextual.com\\\/inicio\\\/index.php\\\/2020\\\/01\\\/26\\\/duran-barba-cristina-la-mujer-mas-brillante-la-historia-argentina\\\/#breadcrumb\",\"itemListElement\":[{\"@type\":\"ListItem\",\"position\":1,\"name\":\"Portada\",\"item\":\"https:\\\/\\\/diariotextual.com\\\/inicio\\\/\"},{\"@type\":\"ListItem\",\"position\":2,\"name\":\"Duran Barba: \u00abCristina es la mujer m\u00e1s brillante de la historia argentina\u00bb\"}]},{\"@type\":\"WebSite\",\"@id\":\"https:\\\/\\\/diariotextual.com\\\/inicio\\\/#website\",\"url\":\"https:\\\/\\\/diariotextual.com\\\/inicio\\\/\",\"name\":\"Diario Textual\",\"description\":\"\",\"publisher\":{\"@id\":\"https:\\\/\\\/diariotextual.com\\\/inicio\\\/#organization\"},\"potentialAction\":[{\"@type\":\"SearchAction\",\"target\":{\"@type\":\"EntryPoint\",\"urlTemplate\":\"https:\\\/\\\/diariotextual.com\\\/inicio\\\/?s={search_term_string}\"},\"query-input\":{\"@type\":\"PropertyValueSpecification\",\"valueRequired\":true,\"valueName\":\"search_term_string\"}}],\"inLanguage\":\"es\"},{\"@type\":\"Organization\",\"@id\":\"https:\\\/\\\/diariotextual.com\\\/inicio\\\/#organization\",\"name\":\"Diario Textual\",\"url\":\"https:\\\/\\\/diariotextual.com\\\/inicio\\\/\",\"logo\":{\"@type\":\"ImageObject\",\"inLanguage\":\"es\",\"@id\":\"https:\\\/\\\/diariotextual.com\\\/inicio\\\/#\\\/schema\\\/logo\\\/image\\\/\",\"url\":\"https:\\\/\\\/diariotextual.com\\\/inicio\\\/wp-content\\\/uploads\\\/2023\\\/05\\\/logotextual1.jpg\",\"contentUrl\":\"https:\\\/\\\/diariotextual.com\\\/inicio\\\/wp-content\\\/uploads\\\/2023\\\/05\\\/logotextual1.jpg\",\"width\":516,\"height\":76,\"caption\":\"Diario Textual\"},\"image\":{\"@id\":\"https:\\\/\\\/diariotextual.com\\\/inicio\\\/#\\\/schema\\\/logo\\\/image\\\/\"},\"sameAs\":[\"https:\\\/\\\/www.facebook.com\\\/eltextual\",\"https:\\\/\\\/x.com\\\/eltextual\",\"http:\\\/\\\/www.instagram.com\\\/eltextual\"]},{\"@type\":\"Person\",\"@id\":\"https:\\\/\\\/diariotextual.com\\\/inicio\\\/#\\\/schema\\\/person\\\/694f60677f23c4a530867a98f22b3768\",\"name\":\"diario2\",\"image\":{\"@type\":\"ImageObject\",\"inLanguage\":\"es\",\"@id\":\"https:\\\/\\\/secure.gravatar.com\\\/avatar\\\/5a2567495ba16b852fcd8f1ed006a2e24fcace936018ed8237e95f488ad6e0a7?s=96&d=mm&r=g\",\"url\":\"https:\\\/\\\/secure.gravatar.com\\\/avatar\\\/5a2567495ba16b852fcd8f1ed006a2e24fcace936018ed8237e95f488ad6e0a7?s=96&d=mm&r=g\",\"contentUrl\":\"https:\\\/\\\/secure.gravatar.com\\\/avatar\\\/5a2567495ba16b852fcd8f1ed006a2e24fcace936018ed8237e95f488ad6e0a7?s=96&d=mm&r=g\",\"caption\":\"diario2\"},\"url\":\"https:\\\/\\\/diariotextual.com\\\/inicio\\\/index.php\\\/author\\\/diario2\\\/\"}]}<\/script>\n<!-- \/ Yoast SEO plugin. -->","yoast_head_json":{"title":"Duran Barba: \"Cristina es la mujer m\u00e1s brillante de la historia argentina\" - Diario Textual","robots":{"index":"index","follow":"follow","max-snippet":"max-snippet:-1","max-image-preview":"max-image-preview:large","max-video-preview":"max-video-preview:-1"},"canonical":"https:\/\/diariotextual.com\/inicio\/index.php\/2020\/01\/26\/duran-barba-cristina-la-mujer-mas-brillante-la-historia-argentina\/","og_locale":"es_ES","og_type":"article","og_title":"Duran Barba: \"Cristina es la mujer m\u00e1s brillante de la historia argentina\" - Diario Textual","og_description":"El consultor pol\u00edtico ecuatoriano y\u00a0gur\u00fa pol\u00edtico\u00a0de Maurici Macri, Jaime Dur\u00e1n Barba,\u00a0dijo que la vicepresidenta Cristina Kirchner\u00a0\u00abes la mujer m\u00e1s brillante de la historia argentina\u00bb. Asegur\u00f3\u00a0adem\u00e1s durante una entrevista que nunca&hellip;","og_url":"https:\/\/diariotextual.com\/inicio\/index.php\/2020\/01\/26\/duran-barba-cristina-la-mujer-mas-brillante-la-historia-argentina\/","og_site_name":"Diario Textual","article_publisher":"https:\/\/www.facebook.com\/eltextual","article_published_time":"2020-01-26T20:33:13+00:00","article_modified_time":"2020-01-26T20:45:43+00:00","og_image":[{"width":840,"height":472,"url":"https:\/\/diariotextual.com\/inicio\/wp-content\/uploads\/2020\/01\/duranbarba233.jpg","type":"image\/jpeg"}],"author":"diario2","twitter_card":"summary_large_image","twitter_creator":"@eltextual","twitter_site":"@eltextual","twitter_misc":{"Escrito por":"diario2","Tiempo de lectura":"2 minutos"},"schema":{"@context":"https:\/\/schema.org","@graph":[{"@type":"Article","@id":"https:\/\/diariotextual.com\/inicio\/index.php\/2020\/01\/26\/duran-barba-cristina-la-mujer-mas-brillante-la-historia-argentina\/#article","isPartOf":{"@id":"https:\/\/diariotextual.com\/inicio\/index.php\/2020\/01\/26\/duran-barba-cristina-la-mujer-mas-brillante-la-historia-argentina\/"},"author":{"name":"diario2","@id":"https:\/\/diariotextual.com\/inicio\/#\/schema\/person\/694f60677f23c4a530867a98f22b3768"},"headline":"Duran Barba: \u00abCristina es la mujer m\u00e1s brillante de la historia argentina\u00bb","datePublished":"2020-01-26T20:33:13+00:00","dateModified":"2020-01-26T20:45:43+00:00","mainEntityOfPage":{"@id":"https:\/\/diariotextual.com\/inicio\/index.php\/2020\/01\/26\/duran-barba-cristina-la-mujer-mas-brillante-la-historia-argentina\/"},"wordCount":375,"publisher":{"@id":"https:\/\/diariotextual.com\/inicio\/#organization"},"image":{"@id":"https:\/\/diariotextual.com\/inicio\/index.php\/2020\/01\/26\/duran-barba-cristina-la-mujer-mas-brillante-la-historia-argentina\/#primaryimage"},"thumbnailUrl":"https:\/\/diariotextual.com\/inicio\/wp-content\/uploads\/2020\/01\/duranbarba233.jpg","keywords":["Cristina Kirchner","Duran Barba"],"articleSection":["A - DESTACADAS (mod 16)","POLITICA"],"inLanguage":"es"},{"@type":"WebPage","@id":"https:\/\/diariotextual.com\/inicio\/index.php\/2020\/01\/26\/duran-barba-cristina-la-mujer-mas-brillante-la-historia-argentina\/","url":"https:\/\/diariotextual.com\/inicio\/index.php\/2020\/01\/26\/duran-barba-cristina-la-mujer-mas-brillante-la-historia-argentina\/","name":"Duran Barba: \"Cristina es la mujer m\u00e1s brillante de la historia argentina\" - Diario Textual","isPartOf":{"@id":"https:\/\/diariotextual.com\/inicio\/#website"},"primaryImageOfPage":{"@id":"https:\/\/diariotextual.com\/inicio\/index.php\/2020\/01\/26\/duran-barba-cristina-la-mujer-mas-brillante-la-historia-argentina\/#primaryimage"},"image":{"@id":"https:\/\/diariotextual.com\/inicio\/index.php\/2020\/01\/26\/duran-barba-cristina-la-mujer-mas-brillante-la-historia-argentina\/#primaryimage"},"thumbnailUrl":"https:\/\/diariotextual.com\/inicio\/wp-content\/uploads\/2020\/01\/duranbarba233.jpg","datePublished":"2020-01-26T20:33:13+00:00","dateModified":"2020-01-26T20:45:43+00:00","breadcrumb":{"@id":"https:\/\/diariotextual.com\/inicio\/index.php\/2020\/01\/26\/duran-barba-cristina-la-mujer-mas-brillante-la-historia-argentina\/#breadcrumb"},"inLanguage":"es","potentialAction":[{"@type":"ReadAction","target":["https:\/\/diariotextual.com\/inicio\/index.php\/2020\/01\/26\/duran-barba-cristina-la-mujer-mas-brillante-la-historia-argentina\/"]}]},{"@type":"ImageObject","inLanguage":"es","@id":"https:\/\/diariotextual.com\/inicio\/index.php\/2020\/01\/26\/duran-barba-cristina-la-mujer-mas-brillante-la-historia-argentina\/#primaryimage","url":"https:\/\/diariotextual.com\/inicio\/wp-content\/uploads\/2020\/01\/duranbarba233.jpg","contentUrl":"https:\/\/diariotextual.com\/inicio\/wp-content\/uploads\/2020\/01\/duranbarba233.jpg","width":840,"height":472},{"@type":"BreadcrumbList","@id":"https:\/\/diariotextual.com\/inicio\/index.php\/2020\/01\/26\/duran-barba-cristina-la-mujer-mas-brillante-la-historia-argentina\/#breadcrumb","itemListElement":[{"@type":"ListItem","position":1,"name":"Portada","item":"https:\/\/diariotextual.com\/inicio\/"},{"@type":"ListItem","position":2,"name":"Duran Barba: \u00abCristina es la mujer m\u00e1s brillante de la historia argentina\u00bb"}]},{"@type":"WebSite","@id":"https:\/\/diariotextual.com\/inicio\/#website","url":"https:\/\/diariotextual.com\/inicio\/","name":"Diario Textual","description":"","publisher":{"@id":"https:\/\/diariotextual.com\/inicio\/#organization"},"potentialAction":[{"@type":"SearchAction","target":{"@type":"EntryPoint","urlTemplate":"https:\/\/diariotextual.com\/inicio\/?s={search_term_string}"},"query-input":{"@type":"PropertyValueSpecification","valueRequired":true,"valueName":"search_term_string"}}],"inLanguage":"es"},{"@type":"Organization","@id":"https:\/\/diariotextual.com\/inicio\/#organization","name":"Diario Textual","url":"https:\/\/diariotextual.com\/inicio\/","logo":{"@type":"ImageObject","inLanguage":"es","@id":"https:\/\/diariotextual.com\/inicio\/#\/schema\/logo\/image\/","url":"https:\/\/diariotextual.com\/inicio\/wp-content\/uploads\/2023\/05\/logotextual1.jpg","contentUrl":"https:\/\/diariotextual.com\/inicio\/wp-content\/uploads\/2023\/05\/logotextual1.jpg","width":516,"height":76,"caption":"Diario Textual"},"image":{"@id":"https:\/\/diariotextual.com\/inicio\/#\/schema\/logo\/image\/"},"sameAs":["https:\/\/www.facebook.com\/eltextual","https:\/\/x.com\/eltextual","http:\/\/www.instagram.com\/eltextual"]},{"@type":"Person","@id":"https:\/\/diariotextual.com\/inicio\/#\/schema\/person\/694f60677f23c4a530867a98f22b3768","name":"diario2","image":{"@type":"ImageObject","inLanguage":"es","@id":"https:\/\/secure.gravatar.com\/avatar\/5a2567495ba16b852fcd8f1ed006a2e24fcace936018ed8237e95f488ad6e0a7?s=96&d=mm&r=g","url":"https:\/\/secure.gravatar.com\/avatar\/5a2567495ba16b852fcd8f1ed006a2e24fcace936018ed8237e95f488ad6e0a7?s=96&d=mm&r=g","contentUrl":"https:\/\/secure.gravatar.com\/avatar\/5a2567495ba16b852fcd8f1ed006a2e24fcace936018ed8237e95f488ad6e0a7?s=96&d=mm&r=g","caption":"diario2"},"url":"https:\/\/diariotextual.com\/inicio\/index.php\/author\/diario2\/"}]}},"_links":{"self":[{"href":"https:\/\/diariotextual.com\/inicio\/index.php\/wp-json\/wp\/v2\/posts\/77556","targetHints":{"allow":["GET"]}}],"collection":[{"href":"https:\/\/diariotextual.com\/inicio\/index.php\/wp-json\/wp\/v2\/posts"}],"about":[{"href":"https:\/\/diariotextual.com\/inicio\/index.php\/wp-json\/wp\/v2\/types\/post"}],"author":[{"embeddable":true,"href":"https:\/\/diariotextual.com\/inicio\/index.php\/wp-json\/wp\/v2\/users\/4"}],"replies":[{"embeddable":true,"href":"https:\/\/diariotextual.com\/inicio\/index.php\/wp-json\/wp\/v2\/comments?post=77556"}],"version-history":[{"count":3,"href":"https:\/\/diariotextual.com\/inicio\/index.php\/wp-json\/wp\/v2\/posts\/77556\/revisions"}],"predecessor-version":[{"id":77560,"href":"https:\/\/diariotextual.com\/inicio\/index.php\/wp-json\/wp\/v2\/posts\/77556\/revisions\/77560"}],"wp:featuredmedia":[{"embeddable":true,"href":"https:\/\/diariotextual.com\/inicio\/index.php\/wp-json\/wp\/v2\/media\/77557"}],"wp:attachment":[{"href":"https:\/\/diariotextual.com\/inicio\/index.php\/wp-json\/wp\/v2\/media?parent=77556"}],"wp:term":[{"taxonomy":"category","embeddable":true,"href":"https:\/\/diariotextual.com\/inicio\/index.php\/wp-json\/wp\/v2\/categories?post=77556"},{"taxonomy":"post_tag","embeddable":true,"href":"https:\/\/diariotextual.com\/inicio\/index.php\/wp-json\/wp\/v2\/tags?post=77556"}],"curies":[{"name":"wp","href":"https:\/\/api.w.org\/{rel}","templated":true}]}}