{"id":78002,"date":"2020-01-30T08:53:39","date_gmt":"2020-01-30T11:53:39","guid":{"rendered":"http:\/\/diariotextual.com\/inicio\/?p=78002"},"modified":"2020-01-30T11:58:45","modified_gmt":"2020-01-30T14:58:45","slug":"gobierno-extiende-congelamiento-precios-los-combustibles-29-febrero","status":"publish","type":"post","link":"https:\/\/diariotextual.com\/inicio\/index.php\/2020\/01\/30\/gobierno-extiende-congelamiento-precios-los-combustibles-29-febrero\/","title":{"rendered":"El Gobierno extiende el congelamiento de precios de los combustibles hasta el 29 de febrero"},"content":{"rendered":"<p>El Gobierno nacional decidi\u00f3 hoy extender hasta el 29 de febrero pr\u00f3ximo el congelamiento en los precios de los combustibles, con lo que suma una herramienta al combate contra la inflaci\u00f3n mientras los estacioneros advierten que hay un \u00abatraso\u00bb en los valores de hasta el 16 %.<\/p>\n<p>La decisi\u00f3n fue oficializada este jueves en el Bolet\u00edn Oficial por medio del Decreto 118\/2020 firmado por el presidente Alberto Fern\u00e1ndez; el jefe de Gabinete, Santiago Cafiero; y el ministro de Desarrollo Productivo, Mat\u00edas Kulfas.<\/p>\n<p>El decreto presidencial tambi\u00e9n retrasa hasta marzo la actualizaci\u00f3n de los impuestos que rigen sobre los combustibles l\u00edquidos, con la intenci\u00f3n de que se mantengan los precios en los surtidores durante todo febrero.<\/p>\n<p>Por la aplicaci\u00f3n de diez aumentos a lo largo de todo el 2019, los precios de los combustibles, las naftas y el gasoil, se incrementaron en promedio un 41,8 %, es decir, doce puntos por debajo de la variaci\u00f3n que registr\u00f3 el \u00cdndice de Precios al Consumidor.<\/p>\n<p>El Gerente de la Confederaci\u00f3n de Entidades de Hidrocarburos (CECHA), Guillermo Lego, consider\u00f3 hoy que la continuaci\u00f3n del congelamiento de nafta es bueno para la gente porque mantiene los precios, pero \u00abes malo para el estacionero\u00bb.<\/p>\n<p>En declaraciones a El Destape Radio, el empresario se\u00f1al\u00f3 que \u00abuna pauta del atraso del precio de la nafta fue la intenci\u00f3n de YPF de aumentar un 5 %, que fren\u00f3 el presidente\u00bb Alberto Fern\u00e1ndez en diciembre pasado.<\/p>\n<p>El empresario se\u00f1al\u00f3 que la al\u00edcuota del impuesto que pagan los combustibles tiene un atraso de, en torno, el 20 % o 22 %.<\/p>\n<p>\u00abSin el congelamiento, la nafta s\u00faper que est\u00e1 en 53 se ir\u00eda a 57. La premiun se ir\u00eda de 61 a 70, aproximadamente\u00bb, afirm\u00f3 Lego.<\/p>\n<p>En ese sentido, afirm\u00f3 que los precios tendr\u00edan, en promedio, un atraso de entre el 15 % y el 16 % en todo el pa\u00eds.<\/p>\n","protected":false},"excerpt":{"rendered":"<p>El Gobierno nacional decidi\u00f3 hoy extender hasta el 29 de febrero pr\u00f3ximo el congelamiento en los precios de los combustibles, con lo que suma una herramienta al combate contra la&hellip;<\/p>\n","protected":false},"author":7,"featured_media":71094,"comment_status":"closed","ping_status":"open","sticky":false,"template":"","format":"standard","meta":{"_acf_changed":false,"footnotes":""},"categories":[11,5],"tags":[660,2574],"class_list":["post-78002","post","type-post","status-publish","format-standard","has-post-thumbnail","hentry","category-que-pasa","category-economia","tag-combustibles","tag-congelamiento"],"acf":[],"yoast_head":"<!-- This site is optimized with the Yoast SEO plugin v27.5 - https:\/\/yoast.com\/product\/yoast-seo-wordpress\/ -->\n<title>El Gobierno extiende el congelamiento de precios de los combustibles hasta el 29 de febrero - Diario Textual<\/title>\n<meta name=\"robots\" content=\"index, follow, max-snippet:-1, max-image-preview:large, max-video-preview:-1\" \/>\n<link rel=\"canonical\" href=\"https:\/\/diariotextual.com\/inicio\/index.php\/2020\/01\/30\/gobierno-extiende-congelamiento-precios-los-combustibles-29-febrero\/\" \/>\n<meta property=\"og:locale\" content=\"es_ES\" \/>\n<meta property=\"og:type\" content=\"article\" \/>\n<meta property=\"og:title\" content=\"El Gobierno extiende el congelamiento de precios de los combustibles hasta el 29 de febrero - Diario Textual\" \/>\n<meta property=\"og:description\" content=\"El Gobierno nacional decidi\u00f3 hoy extender hasta el 29 de febrero pr\u00f3ximo el congelamiento en los precios de los combustibles, con lo que suma una herramienta al combate contra la&hellip;\" \/>\n<meta property=\"og:url\" content=\"https:\/\/diariotextual.com\/inicio\/index.php\/2020\/01\/30\/gobierno-extiende-congelamiento-precios-los-combustibles-29-febrero\/\" \/>\n<meta property=\"og:site_name\" content=\"Diario Textual\" \/>\n<meta property=\"article:publisher\" content=\"https:\/\/www.facebook.com\/eltextual\" \/>\n<meta property=\"article:published_time\" content=\"2020-01-30T11:53:39+00:00\" \/>\n<meta property=\"article:modified_time\" content=\"2020-01-30T14:58:45+00:00\" \/>\n<meta property=\"og:image\" content=\"https:\/\/diariotextual.com\/inicio\/wp-content\/uploads\/2019\/11\/combustiblescarga.jpg\" \/>\n\t<meta property=\"og:image:width\" content=\"1004\" \/>\n\t<meta property=\"og:image:height\" content=\"669\" \/>\n\t<meta property=\"og:image:type\" content=\"image\/jpeg\" \/>\n<meta name=\"author\" content=\"diario5\" \/>\n<meta name=\"twitter:card\" content=\"summary_large_image\" \/>\n<meta name=\"twitter:creator\" content=\"@eltextual\" \/>\n<meta name=\"twitter:site\" content=\"@eltextual\" \/>\n<meta name=\"twitter:label1\" content=\"Escrito por\" \/>\n\t<meta name=\"twitter:data1\" content=\"diario5\" \/>\n\t<meta name=\"twitter:label2\" content=\"Tiempo de lectura\" \/>\n\t<meta name=\"twitter:data2\" content=\"2 minutos\" \/>\n<script type=\"application\/ld+json\" class=\"yoast-schema-graph\">{\"@context\":\"https:\\\/\\\/schema.org\",\"@graph\":[{\"@type\":\"Article\",\"@id\":\"https:\\\/\\\/diariotextual.com\\\/inicio\\\/index.php\\\/2020\\\/01\\\/30\\\/gobierno-extiende-congelamiento-precios-los-combustibles-29-febrero\\\/#article\",\"isPartOf\":{\"@id\":\"https:\\\/\\\/diariotextual.com\\\/inicio\\\/index.php\\\/2020\\\/01\\\/30\\\/gobierno-extiende-congelamiento-precios-los-combustibles-29-febrero\\\/\"},\"author\":{\"name\":\"diario5\",\"@id\":\"https:\\\/\\\/diariotextual.com\\\/inicio\\\/#\\\/schema\\\/person\\\/c7834961ad8b29b1d9cdbf4571299067\"},\"headline\":\"El Gobierno extiende el congelamiento de precios de los combustibles hasta el 29 de febrero\",\"datePublished\":\"2020-01-30T11:53:39+00:00\",\"dateModified\":\"2020-01-30T14:58:45+00:00\",\"mainEntityOfPage\":{\"@id\":\"https:\\\/\\\/diariotextual.com\\\/inicio\\\/index.php\\\/2020\\\/01\\\/30\\\/gobierno-extiende-congelamiento-precios-los-combustibles-29-febrero\\\/\"},\"wordCount\":327,\"publisher\":{\"@id\":\"https:\\\/\\\/diariotextual.com\\\/inicio\\\/#organization\"},\"image\":{\"@id\":\"https:\\\/\\\/diariotextual.com\\\/inicio\\\/index.php\\\/2020\\\/01\\\/30\\\/gobierno-extiende-congelamiento-precios-los-combustibles-29-febrero\\\/#primaryimage\"},\"thumbnailUrl\":\"https:\\\/\\\/diariotextual.com\\\/inicio\\\/wp-content\\\/uploads\\\/2019\\\/11\\\/combustiblescarga.jpg\",\"keywords\":[\"combustibles\",\"congelamiento\"],\"articleSection\":[\"A - QUE PASA (al costado)\",\"ECONOMIA\"],\"inLanguage\":\"es\"},{\"@type\":\"WebPage\",\"@id\":\"https:\\\/\\\/diariotextual.com\\\/inicio\\\/index.php\\\/2020\\\/01\\\/30\\\/gobierno-extiende-congelamiento-precios-los-combustibles-29-febrero\\\/\",\"url\":\"https:\\\/\\\/diariotextual.com\\\/inicio\\\/index.php\\\/2020\\\/01\\\/30\\\/gobierno-extiende-congelamiento-precios-los-combustibles-29-febrero\\\/\",\"name\":\"El Gobierno extiende el congelamiento de precios de los combustibles hasta el 29 de febrero - Diario Textual\",\"isPartOf\":{\"@id\":\"https:\\\/\\\/diariotextual.com\\\/inicio\\\/#website\"},\"primaryImageOfPage\":{\"@id\":\"https:\\\/\\\/diariotextual.com\\\/inicio\\\/index.php\\\/2020\\\/01\\\/30\\\/gobierno-extiende-congelamiento-precios-los-combustibles-29-febrero\\\/#primaryimage\"},\"image\":{\"@id\":\"https:\\\/\\\/diariotextual.com\\\/inicio\\\/index.php\\\/2020\\\/01\\\/30\\\/gobierno-extiende-congelamiento-precios-los-combustibles-29-febrero\\\/#primaryimage\"},\"thumbnailUrl\":\"https:\\\/\\\/diariotextual.com\\\/inicio\\\/wp-content\\\/uploads\\\/2019\\\/11\\\/combustiblescarga.jpg\",\"datePublished\":\"2020-01-30T11:53:39+00:00\",\"dateModified\":\"2020-01-30T14:58:45+00:00\",\"breadcrumb\":{\"@id\":\"https:\\\/\\\/diariotextual.com\\\/inicio\\\/index.php\\\/2020\\\/01\\\/30\\\/gobierno-extiende-congelamiento-precios-los-combustibles-29-febrero\\\/#breadcrumb\"},\"inLanguage\":\"es\",\"potentialAction\":[{\"@type\":\"ReadAction\",\"target\":[\"https:\\\/\\\/diariotextual.com\\\/inicio\\\/index.php\\\/2020\\\/01\\\/30\\\/gobierno-extiende-congelamiento-precios-los-combustibles-29-febrero\\\/\"]}]},{\"@type\":\"ImageObject\",\"inLanguage\":\"es\",\"@id\":\"https:\\\/\\\/diariotextual.com\\\/inicio\\\/index.php\\\/2020\\\/01\\\/30\\\/gobierno-extiende-congelamiento-precios-los-combustibles-29-febrero\\\/#primaryimage\",\"url\":\"https:\\\/\\\/diariotextual.com\\\/inicio\\\/wp-content\\\/uploads\\\/2019\\\/11\\\/combustiblescarga.jpg\",\"contentUrl\":\"https:\\\/\\\/diariotextual.com\\\/inicio\\\/wp-content\\\/uploads\\\/2019\\\/11\\\/combustiblescarga.jpg\",\"width\":1004,\"height\":669},{\"@type\":\"BreadcrumbList\",\"@id\":\"https:\\\/\\\/diariotextual.com\\\/inicio\\\/index.php\\\/2020\\\/01\\\/30\\\/gobierno-extiende-congelamiento-precios-los-combustibles-29-febrero\\\/#breadcrumb\",\"itemListElement\":[{\"@type\":\"ListItem\",\"position\":1,\"name\":\"Portada\",\"item\":\"https:\\\/\\\/diariotextual.com\\\/inicio\\\/\"},{\"@type\":\"ListItem\",\"position\":2,\"name\":\"El Gobierno extiende el congelamiento de precios de los combustibles hasta el 29 de febrero\"}]},{\"@type\":\"WebSite\",\"@id\":\"https:\\\/\\\/diariotextual.com\\\/inicio\\\/#website\",\"url\":\"https:\\\/\\\/diariotextual.com\\\/inicio\\\/\",\"name\":\"Diario Textual\",\"description\":\"\",\"publisher\":{\"@id\":\"https:\\\/\\\/diariotextual.com\\\/inicio\\\/#organization\"},\"potentialAction\":[{\"@type\":\"SearchAction\",\"target\":{\"@type\":\"EntryPoint\",\"urlTemplate\":\"https:\\\/\\\/diariotextual.com\\\/inicio\\\/?s={search_term_string}\"},\"query-input\":{\"@type\":\"PropertyValueSpecification\",\"valueRequired\":true,\"valueName\":\"search_term_string\"}}],\"inLanguage\":\"es\"},{\"@type\":\"Organization\",\"@id\":\"https:\\\/\\\/diariotextual.com\\\/inicio\\\/#organization\",\"name\":\"Diario Textual\",\"url\":\"https:\\\/\\\/diariotextual.com\\\/inicio\\\/\",\"logo\":{\"@type\":\"ImageObject\",\"inLanguage\":\"es\",\"@id\":\"https:\\\/\\\/diariotextual.com\\\/inicio\\\/#\\\/schema\\\/logo\\\/image\\\/\",\"url\":\"https:\\\/\\\/diariotextual.com\\\/inicio\\\/wp-content\\\/uploads\\\/2023\\\/05\\\/logotextual1.jpg\",\"contentUrl\":\"https:\\\/\\\/diariotextual.com\\\/inicio\\\/wp-content\\\/uploads\\\/2023\\\/05\\\/logotextual1.jpg\",\"width\":516,\"height\":76,\"caption\":\"Diario Textual\"},\"image\":{\"@id\":\"https:\\\/\\\/diariotextual.com\\\/inicio\\\/#\\\/schema\\\/logo\\\/image\\\/\"},\"sameAs\":[\"https:\\\/\\\/www.facebook.com\\\/eltextual\",\"https:\\\/\\\/x.com\\\/eltextual\",\"http:\\\/\\\/www.instagram.com\\\/eltextual\"]},{\"@type\":\"Person\",\"@id\":\"https:\\\/\\\/diariotextual.com\\\/inicio\\\/#\\\/schema\\\/person\\\/c7834961ad8b29b1d9cdbf4571299067\",\"name\":\"diario5\",\"image\":{\"@type\":\"ImageObject\",\"inLanguage\":\"es\",\"@id\":\"https:\\\/\\\/secure.gravatar.com\\\/avatar\\\/948c893b847ca6df68216ead81b63f363408ec9b0f600fefc0641ce78613b111?s=96&d=mm&r=g\",\"url\":\"https:\\\/\\\/secure.gravatar.com\\\/avatar\\\/948c893b847ca6df68216ead81b63f363408ec9b0f600fefc0641ce78613b111?s=96&d=mm&r=g\",\"contentUrl\":\"https:\\\/\\\/secure.gravatar.com\\\/avatar\\\/948c893b847ca6df68216ead81b63f363408ec9b0f600fefc0641ce78613b111?s=96&d=mm&r=g\",\"caption\":\"diario5\"},\"url\":\"https:\\\/\\\/diariotextual.com\\\/inicio\\\/index.php\\\/author\\\/diario5\\\/\"}]}<\/script>\n<!-- \/ Yoast SEO plugin. -->","yoast_head_json":{"title":"El Gobierno extiende el congelamiento de precios de los combustibles hasta el 29 de febrero - Diario Textual","robots":{"index":"index","follow":"follow","max-snippet":"max-snippet:-1","max-image-preview":"max-image-preview:large","max-video-preview":"max-video-preview:-1"},"canonical":"https:\/\/diariotextual.com\/inicio\/index.php\/2020\/01\/30\/gobierno-extiende-congelamiento-precios-los-combustibles-29-febrero\/","og_locale":"es_ES","og_type":"article","og_title":"El Gobierno extiende el congelamiento de precios de los combustibles hasta el 29 de febrero - Diario Textual","og_description":"El Gobierno nacional decidi\u00f3 hoy extender hasta el 29 de febrero pr\u00f3ximo el congelamiento en los precios de los combustibles, con lo que suma una herramienta al combate contra la&hellip;","og_url":"https:\/\/diariotextual.com\/inicio\/index.php\/2020\/01\/30\/gobierno-extiende-congelamiento-precios-los-combustibles-29-febrero\/","og_site_name":"Diario Textual","article_publisher":"https:\/\/www.facebook.com\/eltextual","article_published_time":"2020-01-30T11:53:39+00:00","article_modified_time":"2020-01-30T14:58:45+00:00","og_image":[{"width":1004,"height":669,"url":"https:\/\/diariotextual.com\/inicio\/wp-content\/uploads\/2019\/11\/combustiblescarga.jpg","type":"image\/jpeg"}],"author":"diario5","twitter_card":"summary_large_image","twitter_creator":"@eltextual","twitter_site":"@eltextual","twitter_misc":{"Escrito por":"diario5","Tiempo de lectura":"2 minutos"},"schema":{"@context":"https:\/\/schema.org","@graph":[{"@type":"Article","@id":"https:\/\/diariotextual.com\/inicio\/index.php\/2020\/01\/30\/gobierno-extiende-congelamiento-precios-los-combustibles-29-febrero\/#article","isPartOf":{"@id":"https:\/\/diariotextual.com\/inicio\/index.php\/2020\/01\/30\/gobierno-extiende-congelamiento-precios-los-combustibles-29-febrero\/"},"author":{"name":"diario5","@id":"https:\/\/diariotextual.com\/inicio\/#\/schema\/person\/c7834961ad8b29b1d9cdbf4571299067"},"headline":"El Gobierno extiende el congelamiento de precios de los combustibles hasta el 29 de febrero","datePublished":"2020-01-30T11:53:39+00:00","dateModified":"2020-01-30T14:58:45+00:00","mainEntityOfPage":{"@id":"https:\/\/diariotextual.com\/inicio\/index.php\/2020\/01\/30\/gobierno-extiende-congelamiento-precios-los-combustibles-29-febrero\/"},"wordCount":327,"publisher":{"@id":"https:\/\/diariotextual.com\/inicio\/#organization"},"image":{"@id":"https:\/\/diariotextual.com\/inicio\/index.php\/2020\/01\/30\/gobierno-extiende-congelamiento-precios-los-combustibles-29-febrero\/#primaryimage"},"thumbnailUrl":"https:\/\/diariotextual.com\/inicio\/wp-content\/uploads\/2019\/11\/combustiblescarga.jpg","keywords":["combustibles","congelamiento"],"articleSection":["A - QUE PASA (al costado)","ECONOMIA"],"inLanguage":"es"},{"@type":"WebPage","@id":"https:\/\/diariotextual.com\/inicio\/index.php\/2020\/01\/30\/gobierno-extiende-congelamiento-precios-los-combustibles-29-febrero\/","url":"https:\/\/diariotextual.com\/inicio\/index.php\/2020\/01\/30\/gobierno-extiende-congelamiento-precios-los-combustibles-29-febrero\/","name":"El Gobierno extiende el congelamiento de precios de los combustibles hasta el 29 de febrero - Diario Textual","isPartOf":{"@id":"https:\/\/diariotextual.com\/inicio\/#website"},"primaryImageOfPage":{"@id":"https:\/\/diariotextual.com\/inicio\/index.php\/2020\/01\/30\/gobierno-extiende-congelamiento-precios-los-combustibles-29-febrero\/#primaryimage"},"image":{"@id":"https:\/\/diariotextual.com\/inicio\/index.php\/2020\/01\/30\/gobierno-extiende-congelamiento-precios-los-combustibles-29-febrero\/#primaryimage"},"thumbnailUrl":"https:\/\/diariotextual.com\/inicio\/wp-content\/uploads\/2019\/11\/combustiblescarga.jpg","datePublished":"2020-01-30T11:53:39+00:00","dateModified":"2020-01-30T14:58:45+00:00","breadcrumb":{"@id":"https:\/\/diariotextual.com\/inicio\/index.php\/2020\/01\/30\/gobierno-extiende-congelamiento-precios-los-combustibles-29-febrero\/#breadcrumb"},"inLanguage":"es","potentialAction":[{"@type":"ReadAction","target":["https:\/\/diariotextual.com\/inicio\/index.php\/2020\/01\/30\/gobierno-extiende-congelamiento-precios-los-combustibles-29-febrero\/"]}]},{"@type":"ImageObject","inLanguage":"es","@id":"https:\/\/diariotextual.com\/inicio\/index.php\/2020\/01\/30\/gobierno-extiende-congelamiento-precios-los-combustibles-29-febrero\/#primaryimage","url":"https:\/\/diariotextual.com\/inicio\/wp-content\/uploads\/2019\/11\/combustiblescarga.jpg","contentUrl":"https:\/\/diariotextual.com\/inicio\/wp-content\/uploads\/2019\/11\/combustiblescarga.jpg","width":1004,"height":669},{"@type":"BreadcrumbList","@id":"https:\/\/diariotextual.com\/inicio\/index.php\/2020\/01\/30\/gobierno-extiende-congelamiento-precios-los-combustibles-29-febrero\/#breadcrumb","itemListElement":[{"@type":"ListItem","position":1,"name":"Portada","item":"https:\/\/diariotextual.com\/inicio\/"},{"@type":"ListItem","position":2,"name":"El Gobierno extiende el congelamiento de precios de los combustibles hasta el 29 de febrero"}]},{"@type":"WebSite","@id":"https:\/\/diariotextual.com\/inicio\/#website","url":"https:\/\/diariotextual.com\/inicio\/","name":"Diario Textual","description":"","publisher":{"@id":"https:\/\/diariotextual.com\/inicio\/#organization"},"potentialAction":[{"@type":"SearchAction","target":{"@type":"EntryPoint","urlTemplate":"https:\/\/diariotextual.com\/inicio\/?s={search_term_string}"},"query-input":{"@type":"PropertyValueSpecification","valueRequired":true,"valueName":"search_term_string"}}],"inLanguage":"es"},{"@type":"Organization","@id":"https:\/\/diariotextual.com\/inicio\/#organization","name":"Diario Textual","url":"https:\/\/diariotextual.com\/inicio\/","logo":{"@type":"ImageObject","inLanguage":"es","@id":"https:\/\/diariotextual.com\/inicio\/#\/schema\/logo\/image\/","url":"https:\/\/diariotextual.com\/inicio\/wp-content\/uploads\/2023\/05\/logotextual1.jpg","contentUrl":"https:\/\/diariotextual.com\/inicio\/wp-content\/uploads\/2023\/05\/logotextual1.jpg","width":516,"height":76,"caption":"Diario Textual"},"image":{"@id":"https:\/\/diariotextual.com\/inicio\/#\/schema\/logo\/image\/"},"sameAs":["https:\/\/www.facebook.com\/eltextual","https:\/\/x.com\/eltextual","http:\/\/www.instagram.com\/eltextual"]},{"@type":"Person","@id":"https:\/\/diariotextual.com\/inicio\/#\/schema\/person\/c7834961ad8b29b1d9cdbf4571299067","name":"diario5","image":{"@type":"ImageObject","inLanguage":"es","@id":"https:\/\/secure.gravatar.com\/avatar\/948c893b847ca6df68216ead81b63f363408ec9b0f600fefc0641ce78613b111?s=96&d=mm&r=g","url":"https:\/\/secure.gravatar.com\/avatar\/948c893b847ca6df68216ead81b63f363408ec9b0f600fefc0641ce78613b111?s=96&d=mm&r=g","contentUrl":"https:\/\/secure.gravatar.com\/avatar\/948c893b847ca6df68216ead81b63f363408ec9b0f600fefc0641ce78613b111?s=96&d=mm&r=g","caption":"diario5"},"url":"https:\/\/diariotextual.com\/inicio\/index.php\/author\/diario5\/"}]}},"_links":{"self":[{"href":"https:\/\/diariotextual.com\/inicio\/index.php\/wp-json\/wp\/v2\/posts\/78002","targetHints":{"allow":["GET"]}}],"collection":[{"href":"https:\/\/diariotextual.com\/inicio\/index.php\/wp-json\/wp\/v2\/posts"}],"about":[{"href":"https:\/\/diariotextual.com\/inicio\/index.php\/wp-json\/wp\/v2\/types\/post"}],"author":[{"embeddable":true,"href":"https:\/\/diariotextual.com\/inicio\/index.php\/wp-json\/wp\/v2\/users\/7"}],"replies":[{"embeddable":true,"href":"https:\/\/diariotextual.com\/inicio\/index.php\/wp-json\/wp\/v2\/comments?post=78002"}],"version-history":[{"count":1,"href":"https:\/\/diariotextual.com\/inicio\/index.php\/wp-json\/wp\/v2\/posts\/78002\/revisions"}],"predecessor-version":[{"id":78003,"href":"https:\/\/diariotextual.com\/inicio\/index.php\/wp-json\/wp\/v2\/posts\/78002\/revisions\/78003"}],"wp:featuredmedia":[{"embeddable":true,"href":"https:\/\/diariotextual.com\/inicio\/index.php\/wp-json\/wp\/v2\/media\/71094"}],"wp:attachment":[{"href":"https:\/\/diariotextual.com\/inicio\/index.php\/wp-json\/wp\/v2\/media?parent=78002"}],"wp:term":[{"taxonomy":"category","embeddable":true,"href":"https:\/\/diariotextual.com\/inicio\/index.php\/wp-json\/wp\/v2\/categories?post=78002"},{"taxonomy":"post_tag","embeddable":true,"href":"https:\/\/diariotextual.com\/inicio\/index.php\/wp-json\/wp\/v2\/tags?post=78002"}],"curies":[{"name":"wp","href":"https:\/\/api.w.org\/{rel}","templated":true}]}}