{"id":78296,"date":"2020-02-01T18:19:44","date_gmt":"2020-02-01T21:19:44","guid":{"rendered":"http:\/\/diariotextual.com\/inicio\/?p=78296"},"modified":"2020-02-02T11:31:53","modified_gmt":"2020-02-02T14:31:53","slug":"comunidades-ranqueles-pidieron-tierras-sueldo-campu","status":"publish","type":"post","link":"https:\/\/diariotextual.com\/inicio\/index.php\/2020\/02\/01\/comunidades-ranqueles-pidieron-tierras-sueldo-campu\/","title":{"rendered":"Ranqueles pidieron por tierras, educaci\u00f3n, agua potable y un sueldo a Camp\u00fa"},"content":{"rendered":"<p>Comunidades originarias de Santa Isabel y Colonia Emilio Mitre se reunieron este s\u00e1bado con el diputado provincial <strong>Leonardo Avenda\u00f1o<\/strong>, donde le dejaron una serie de pedidos:<strong> tierras para las familias ranqueles, provisi\u00f3n de agua potable, una sala de primeros auxilios en la Colonia Emilio Mitre, la ense\u00f1anza de la lengua ranquel en las escuelas pampeanas y la posibilidad de que el Gobierno de La Pampa otorgue un sueldo mensual a Carlos Camp\u00fa<\/strong>, como un reconocimiento a la figura pol\u00edtica m\u00e1xima del pueblo Rank\u00fcl.<\/p>\n<p>Avenda\u00f1o fue convocado por la agrupaci\u00f3n Rankel Vuta Trawn. El encuentro se desarroll\u00f3 en la sede del gremio de Utelpa, en Santa Isabel, en la que participaron diversas comunidades originarias, como Nehuenche, Nipuche Rosal\u00eda y Nehuen Pullu.<\/p>\n<p>Seg\u00fan dijo el legislador, en la charla, considerando la Ley provincial 1228 por la que el Gobierno pampeano adhiri\u00f3 a la ley nacional 23302 de Pol\u00edtica Ind\u00edgena y Apoyo a las Comunidades Abor\u00edgenes, con la que se crea el Consejo Provincial del Aborigen (CPA), se fueron tratando diversas problem\u00e1ticas que afectan a los pueblos ancestrales.<\/p>\n<p>\u201cSe habl\u00f3 de la falta de tierras para desarrollar su propia cultura, la participaci\u00f3n directa en la ense\u00f1anza de la lengua Ranquel, la carencia de agua potable, la posibilidad de que el Gobierno de La Pampa otorgue un sueldo mensual a Carlos Camp\u00fa, como un reconocimiento a la figura pol\u00edtica m\u00e1xima del pueblo Rank\u00fcl, entre otras\u201d, dijo.<\/p>\n<p>Los distintos representantes de las comunidades hablaron sobre la situaci\u00f3n de las tierras en la zona, de acuerdo a los relevamientos que se han realizado, y de la necesidad urgente de contar con tierra suficiente para poder producir y desarrollar su relaci\u00f3n con la mapu.<\/p>\n<p>Los voceros se refirieron tambi\u00e9n al art\u00edculo 7 de la Ley Nacional 23302 que se\u00f1ala: \u201cDisp\u00f3nese la adjudicaci\u00f3n en propiedad a las comunidades ind\u00edgenas existentes en el pa\u00eds, debidamente inscriptas, de tierras aptas y suficientes para la explotaci\u00f3n agropecuaria, forestal, minera, industrial o artesanal, seg\u00fan las modalidades propias de cada comunidad. Las tierras deber\u00e1n estar situadas en el lugar donde habita la comunidad o, en caso necesario en las zonas pr\u00f3ximas m\u00e1s aptas para su desarrollo. La adjudicaci\u00f3n se har\u00e1 prefiriendo a las comunidades que carezcan de tierras o las tengan insuficientes; podr\u00e1 hacerse tambi\u00e9n en propiedad individual, a favor de ind\u00edgenas no integrados en comunidad, prefiri\u00e9ndose a quienes formen parte de grupos familiares\u201d.<\/p>\n<p><strong>Claudia Far\u00edas<\/strong>, perteneciente a la comunidad Nehuenche, y responsable de la direcci\u00f3n de Asuntos Ind\u00edgenas de la municipalidad de Santa Isabel, resalt\u00f3 que \u201cla ausencia de la posesi\u00f3n de tierras atenta contra su propia cultura, porque la recolecci\u00f3n de l\u00edquenes, chauchas, tiene un v\u00ednculo profundo con sus ra\u00edces y, adem\u00e1s, es la forma de vida del pueblo ranquel\u201d.<\/p>\n<p><strong>Daniel Cabral<\/strong>, hablante y maestro de la lengua rankulche, plante\u00f3 la dificultad de la implementaci\u00f3n de los talleres interculturales biling\u00fces y su continuidad, y propuso una articulaci\u00f3n m\u00e1s program\u00e1tica para el desarrollo de la Educaci\u00f3n Intercultural Biling\u00fce en todas las escuelas pampeanas.<\/p>\n<p>Cabral se refiri\u00f3 a la importancia del \u201chablar\u201d la lengua y de transmitir esa sabidur\u00eda ancestral. \u201cEl habla ranquel tiene que seguir en la voz. En nuestro pueblo hasta las piedras hablan. La verdad hace todo\u201d, dijo. Por eso, sostuvo, es esencial ordenar la ense\u00f1anza de la lengua ranquel.<\/p>\n<p>Tambi\u00e9n se habl\u00f3 sobre la lucha de los r\u00edos pampeanos, con la realizaci\u00f3n de obras para encauzar el Atuel cuando corre por su lecho. \u201cHay una distancia enorme entre la intelectualidad que interpreta los problemas y lo que vive el ribere\u00f1o en la realidad cotidiana\u201d, dijeron los asistentes.<\/p>\n<p>Otro de los temas fue la falta de agua potable en algunos puntos de la zona. Por eso <strong>solicitaron la posibilidad de que se ampl\u00ede el Acueducto Puel\u00e9n &#8211; Chacharramendi.<\/strong><\/p>\n<p>&nbsp;<\/p>\n<p>&nbsp;<\/p>\n<p>&nbsp;<\/p>\n<p>&nbsp;<\/p>\n<p>&nbsp;<\/p>\n<p>&nbsp;<\/p>\n","protected":false},"excerpt":{"rendered":"<p>Comunidades originarias de Santa Isabel y Colonia Emilio Mitre se reunieron este s\u00e1bado con el diputado provincial Leonardo Avenda\u00f1o, donde le dejaron una serie de pedidos: tierras para las familias&hellip;<\/p>\n","protected":false},"author":3,"featured_media":78300,"comment_status":"closed","ping_status":"open","sticky":false,"template":"","format":"standard","meta":{"_acf_changed":false,"footnotes":""},"categories":[1,10,12],"tags":[248],"class_list":["post-78296","post","type-post","status-publish","format-standard","has-post-thumbnail","hentry","category-es-noticia","category-portada-2","category-sociedad","tag-ranqueles"],"acf":[],"yoast_head":"<!-- This site is optimized with the Yoast SEO plugin v27.5 - https:\/\/yoast.com\/product\/yoast-seo-wordpress\/ -->\n<title>Ranqueles pidieron por tierras, educaci\u00f3n, agua potable y un sueldo a Camp\u00fa - Diario Textual<\/title>\n<meta name=\"robots\" content=\"index, follow, max-snippet:-1, max-image-preview:large, max-video-preview:-1\" \/>\n<link rel=\"canonical\" href=\"https:\/\/diariotextual.com\/inicio\/index.php\/2020\/02\/01\/comunidades-ranqueles-pidieron-tierras-sueldo-campu\/\" \/>\n<meta property=\"og:locale\" content=\"es_ES\" \/>\n<meta property=\"og:type\" content=\"article\" \/>\n<meta property=\"og:title\" content=\"Ranqueles pidieron por tierras, educaci\u00f3n, agua potable y un sueldo a Camp\u00fa - Diario Textual\" \/>\n<meta property=\"og:description\" content=\"Comunidades originarias de Santa Isabel y Colonia Emilio Mitre se reunieron este s\u00e1bado con el diputado provincial Leonardo Avenda\u00f1o, donde le dejaron una serie de pedidos: tierras para las familias&hellip;\" \/>\n<meta property=\"og:url\" content=\"https:\/\/diariotextual.com\/inicio\/index.php\/2020\/02\/01\/comunidades-ranqueles-pidieron-tierras-sueldo-campu\/\" \/>\n<meta property=\"og:site_name\" content=\"Diario Textual\" \/>\n<meta property=\"article:publisher\" content=\"https:\/\/www.facebook.com\/eltextual\" \/>\n<meta property=\"article:published_time\" content=\"2020-02-01T21:19:44+00:00\" \/>\n<meta property=\"article:modified_time\" content=\"2020-02-02T14:31:53+00:00\" \/>\n<meta property=\"og:image\" content=\"https:\/\/diariotextual.com\/inicio\/wp-content\/uploads\/2020\/02\/ranqueles1.jpg\" \/>\n\t<meta property=\"og:image:width\" content=\"702\" \/>\n\t<meta property=\"og:image:height\" content=\"471\" \/>\n\t<meta property=\"og:image:type\" content=\"image\/jpeg\" \/>\n<meta name=\"author\" content=\"Diario1 Diario1\" \/>\n<meta name=\"twitter:card\" content=\"summary_large_image\" \/>\n<meta name=\"twitter:creator\" content=\"@eltextual\" \/>\n<meta name=\"twitter:site\" content=\"@eltextual\" \/>\n<meta name=\"twitter:label1\" content=\"Escrito por\" \/>\n\t<meta name=\"twitter:data1\" content=\"Diario1 Diario1\" \/>\n\t<meta name=\"twitter:label2\" content=\"Tiempo de lectura\" \/>\n\t<meta name=\"twitter:data2\" content=\"3 minutos\" \/>\n<script type=\"application\/ld+json\" class=\"yoast-schema-graph\">{\"@context\":\"https:\\\/\\\/schema.org\",\"@graph\":[{\"@type\":\"Article\",\"@id\":\"https:\\\/\\\/diariotextual.com\\\/inicio\\\/index.php\\\/2020\\\/02\\\/01\\\/comunidades-ranqueles-pidieron-tierras-sueldo-campu\\\/#article\",\"isPartOf\":{\"@id\":\"https:\\\/\\\/diariotextual.com\\\/inicio\\\/index.php\\\/2020\\\/02\\\/01\\\/comunidades-ranqueles-pidieron-tierras-sueldo-campu\\\/\"},\"author\":{\"name\":\"Diario1 Diario1\",\"@id\":\"https:\\\/\\\/diariotextual.com\\\/inicio\\\/#\\\/schema\\\/person\\\/418fc4093c33e86ed41562db3508f958\"},\"headline\":\"Ranqueles pidieron por tierras, educaci\u00f3n, agua potable y un sueldo a Camp\u00fa\",\"datePublished\":\"2020-02-01T21:19:44+00:00\",\"dateModified\":\"2020-02-02T14:31:53+00:00\",\"mainEntityOfPage\":{\"@id\":\"https:\\\/\\\/diariotextual.com\\\/inicio\\\/index.php\\\/2020\\\/02\\\/01\\\/comunidades-ranqueles-pidieron-tierras-sueldo-campu\\\/\"},\"wordCount\":695,\"publisher\":{\"@id\":\"https:\\\/\\\/diariotextual.com\\\/inicio\\\/#organization\"},\"image\":{\"@id\":\"https:\\\/\\\/diariotextual.com\\\/inicio\\\/index.php\\\/2020\\\/02\\\/01\\\/comunidades-ranqueles-pidieron-tierras-sueldo-campu\\\/#primaryimage\"},\"thumbnailUrl\":\"https:\\\/\\\/diariotextual.com\\\/inicio\\\/wp-content\\\/uploads\\\/2020\\\/02\\\/ranqueles1.jpg\",\"keywords\":[\"ranqueles\"],\"articleSection\":[\"A - ES NOTICIA (van abajo)\",\"A - PORTADA2\",\"SOCIEDAD\"],\"inLanguage\":\"es\"},{\"@type\":\"WebPage\",\"@id\":\"https:\\\/\\\/diariotextual.com\\\/inicio\\\/index.php\\\/2020\\\/02\\\/01\\\/comunidades-ranqueles-pidieron-tierras-sueldo-campu\\\/\",\"url\":\"https:\\\/\\\/diariotextual.com\\\/inicio\\\/index.php\\\/2020\\\/02\\\/01\\\/comunidades-ranqueles-pidieron-tierras-sueldo-campu\\\/\",\"name\":\"Ranqueles pidieron por tierras, educaci\u00f3n, agua potable y un sueldo a Camp\u00fa - Diario Textual\",\"isPartOf\":{\"@id\":\"https:\\\/\\\/diariotextual.com\\\/inicio\\\/#website\"},\"primaryImageOfPage\":{\"@id\":\"https:\\\/\\\/diariotextual.com\\\/inicio\\\/index.php\\\/2020\\\/02\\\/01\\\/comunidades-ranqueles-pidieron-tierras-sueldo-campu\\\/#primaryimage\"},\"image\":{\"@id\":\"https:\\\/\\\/diariotextual.com\\\/inicio\\\/index.php\\\/2020\\\/02\\\/01\\\/comunidades-ranqueles-pidieron-tierras-sueldo-campu\\\/#primaryimage\"},\"thumbnailUrl\":\"https:\\\/\\\/diariotextual.com\\\/inicio\\\/wp-content\\\/uploads\\\/2020\\\/02\\\/ranqueles1.jpg\",\"datePublished\":\"2020-02-01T21:19:44+00:00\",\"dateModified\":\"2020-02-02T14:31:53+00:00\",\"breadcrumb\":{\"@id\":\"https:\\\/\\\/diariotextual.com\\\/inicio\\\/index.php\\\/2020\\\/02\\\/01\\\/comunidades-ranqueles-pidieron-tierras-sueldo-campu\\\/#breadcrumb\"},\"inLanguage\":\"es\",\"potentialAction\":[{\"@type\":\"ReadAction\",\"target\":[\"https:\\\/\\\/diariotextual.com\\\/inicio\\\/index.php\\\/2020\\\/02\\\/01\\\/comunidades-ranqueles-pidieron-tierras-sueldo-campu\\\/\"]}]},{\"@type\":\"ImageObject\",\"inLanguage\":\"es\",\"@id\":\"https:\\\/\\\/diariotextual.com\\\/inicio\\\/index.php\\\/2020\\\/02\\\/01\\\/comunidades-ranqueles-pidieron-tierras-sueldo-campu\\\/#primaryimage\",\"url\":\"https:\\\/\\\/diariotextual.com\\\/inicio\\\/wp-content\\\/uploads\\\/2020\\\/02\\\/ranqueles1.jpg\",\"contentUrl\":\"https:\\\/\\\/diariotextual.com\\\/inicio\\\/wp-content\\\/uploads\\\/2020\\\/02\\\/ranqueles1.jpg\",\"width\":702,\"height\":471},{\"@type\":\"BreadcrumbList\",\"@id\":\"https:\\\/\\\/diariotextual.com\\\/inicio\\\/index.php\\\/2020\\\/02\\\/01\\\/comunidades-ranqueles-pidieron-tierras-sueldo-campu\\\/#breadcrumb\",\"itemListElement\":[{\"@type\":\"ListItem\",\"position\":1,\"name\":\"Portada\",\"item\":\"https:\\\/\\\/diariotextual.com\\\/inicio\\\/\"},{\"@type\":\"ListItem\",\"position\":2,\"name\":\"Ranqueles pidieron por tierras, educaci\u00f3n, agua potable y un sueldo a Camp\u00fa\"}]},{\"@type\":\"WebSite\",\"@id\":\"https:\\\/\\\/diariotextual.com\\\/inicio\\\/#website\",\"url\":\"https:\\\/\\\/diariotextual.com\\\/inicio\\\/\",\"name\":\"Diario Textual\",\"description\":\"\",\"publisher\":{\"@id\":\"https:\\\/\\\/diariotextual.com\\\/inicio\\\/#organization\"},\"potentialAction\":[{\"@type\":\"SearchAction\",\"target\":{\"@type\":\"EntryPoint\",\"urlTemplate\":\"https:\\\/\\\/diariotextual.com\\\/inicio\\\/?s={search_term_string}\"},\"query-input\":{\"@type\":\"PropertyValueSpecification\",\"valueRequired\":true,\"valueName\":\"search_term_string\"}}],\"inLanguage\":\"es\"},{\"@type\":\"Organization\",\"@id\":\"https:\\\/\\\/diariotextual.com\\\/inicio\\\/#organization\",\"name\":\"Diario Textual\",\"url\":\"https:\\\/\\\/diariotextual.com\\\/inicio\\\/\",\"logo\":{\"@type\":\"ImageObject\",\"inLanguage\":\"es\",\"@id\":\"https:\\\/\\\/diariotextual.com\\\/inicio\\\/#\\\/schema\\\/logo\\\/image\\\/\",\"url\":\"https:\\\/\\\/diariotextual.com\\\/inicio\\\/wp-content\\\/uploads\\\/2023\\\/05\\\/logotextual1.jpg\",\"contentUrl\":\"https:\\\/\\\/diariotextual.com\\\/inicio\\\/wp-content\\\/uploads\\\/2023\\\/05\\\/logotextual1.jpg\",\"width\":516,\"height\":76,\"caption\":\"Diario Textual\"},\"image\":{\"@id\":\"https:\\\/\\\/diariotextual.com\\\/inicio\\\/#\\\/schema\\\/logo\\\/image\\\/\"},\"sameAs\":[\"https:\\\/\\\/www.facebook.com\\\/eltextual\",\"https:\\\/\\\/x.com\\\/eltextual\",\"http:\\\/\\\/www.instagram.com\\\/eltextual\"]},{\"@type\":\"Person\",\"@id\":\"https:\\\/\\\/diariotextual.com\\\/inicio\\\/#\\\/schema\\\/person\\\/418fc4093c33e86ed41562db3508f958\",\"name\":\"Diario1 Diario1\",\"image\":{\"@type\":\"ImageObject\",\"inLanguage\":\"es\",\"@id\":\"https:\\\/\\\/secure.gravatar.com\\\/avatar\\\/9167d280179c85bc18be67aa7eda765854300033af4896dd779b608640f2ef7a?s=96&d=mm&r=g\",\"url\":\"https:\\\/\\\/secure.gravatar.com\\\/avatar\\\/9167d280179c85bc18be67aa7eda765854300033af4896dd779b608640f2ef7a?s=96&d=mm&r=g\",\"contentUrl\":\"https:\\\/\\\/secure.gravatar.com\\\/avatar\\\/9167d280179c85bc18be67aa7eda765854300033af4896dd779b608640f2ef7a?s=96&d=mm&r=g\",\"caption\":\"Diario1 Diario1\"},\"url\":\"https:\\\/\\\/diariotextual.com\\\/inicio\\\/index.php\\\/author\\\/diario1\\\/\"}]}<\/script>\n<!-- \/ Yoast SEO plugin. -->","yoast_head_json":{"title":"Ranqueles pidieron por tierras, educaci\u00f3n, agua potable y un sueldo a Camp\u00fa - Diario Textual","robots":{"index":"index","follow":"follow","max-snippet":"max-snippet:-1","max-image-preview":"max-image-preview:large","max-video-preview":"max-video-preview:-1"},"canonical":"https:\/\/diariotextual.com\/inicio\/index.php\/2020\/02\/01\/comunidades-ranqueles-pidieron-tierras-sueldo-campu\/","og_locale":"es_ES","og_type":"article","og_title":"Ranqueles pidieron por tierras, educaci\u00f3n, agua potable y un sueldo a Camp\u00fa - Diario Textual","og_description":"Comunidades originarias de Santa Isabel y Colonia Emilio Mitre se reunieron este s\u00e1bado con el diputado provincial Leonardo Avenda\u00f1o, donde le dejaron una serie de pedidos: tierras para las familias&hellip;","og_url":"https:\/\/diariotextual.com\/inicio\/index.php\/2020\/02\/01\/comunidades-ranqueles-pidieron-tierras-sueldo-campu\/","og_site_name":"Diario Textual","article_publisher":"https:\/\/www.facebook.com\/eltextual","article_published_time":"2020-02-01T21:19:44+00:00","article_modified_time":"2020-02-02T14:31:53+00:00","og_image":[{"width":702,"height":471,"url":"https:\/\/diariotextual.com\/inicio\/wp-content\/uploads\/2020\/02\/ranqueles1.jpg","type":"image\/jpeg"}],"author":"Diario1 Diario1","twitter_card":"summary_large_image","twitter_creator":"@eltextual","twitter_site":"@eltextual","twitter_misc":{"Escrito por":"Diario1 Diario1","Tiempo de lectura":"3 minutos"},"schema":{"@context":"https:\/\/schema.org","@graph":[{"@type":"Article","@id":"https:\/\/diariotextual.com\/inicio\/index.php\/2020\/02\/01\/comunidades-ranqueles-pidieron-tierras-sueldo-campu\/#article","isPartOf":{"@id":"https:\/\/diariotextual.com\/inicio\/index.php\/2020\/02\/01\/comunidades-ranqueles-pidieron-tierras-sueldo-campu\/"},"author":{"name":"Diario1 Diario1","@id":"https:\/\/diariotextual.com\/inicio\/#\/schema\/person\/418fc4093c33e86ed41562db3508f958"},"headline":"Ranqueles pidieron por tierras, educaci\u00f3n, agua potable y un sueldo a Camp\u00fa","datePublished":"2020-02-01T21:19:44+00:00","dateModified":"2020-02-02T14:31:53+00:00","mainEntityOfPage":{"@id":"https:\/\/diariotextual.com\/inicio\/index.php\/2020\/02\/01\/comunidades-ranqueles-pidieron-tierras-sueldo-campu\/"},"wordCount":695,"publisher":{"@id":"https:\/\/diariotextual.com\/inicio\/#organization"},"image":{"@id":"https:\/\/diariotextual.com\/inicio\/index.php\/2020\/02\/01\/comunidades-ranqueles-pidieron-tierras-sueldo-campu\/#primaryimage"},"thumbnailUrl":"https:\/\/diariotextual.com\/inicio\/wp-content\/uploads\/2020\/02\/ranqueles1.jpg","keywords":["ranqueles"],"articleSection":["A - ES NOTICIA (van abajo)","A - PORTADA2","SOCIEDAD"],"inLanguage":"es"},{"@type":"WebPage","@id":"https:\/\/diariotextual.com\/inicio\/index.php\/2020\/02\/01\/comunidades-ranqueles-pidieron-tierras-sueldo-campu\/","url":"https:\/\/diariotextual.com\/inicio\/index.php\/2020\/02\/01\/comunidades-ranqueles-pidieron-tierras-sueldo-campu\/","name":"Ranqueles pidieron por tierras, educaci\u00f3n, agua potable y un sueldo a Camp\u00fa - Diario Textual","isPartOf":{"@id":"https:\/\/diariotextual.com\/inicio\/#website"},"primaryImageOfPage":{"@id":"https:\/\/diariotextual.com\/inicio\/index.php\/2020\/02\/01\/comunidades-ranqueles-pidieron-tierras-sueldo-campu\/#primaryimage"},"image":{"@id":"https:\/\/diariotextual.com\/inicio\/index.php\/2020\/02\/01\/comunidades-ranqueles-pidieron-tierras-sueldo-campu\/#primaryimage"},"thumbnailUrl":"https:\/\/diariotextual.com\/inicio\/wp-content\/uploads\/2020\/02\/ranqueles1.jpg","datePublished":"2020-02-01T21:19:44+00:00","dateModified":"2020-02-02T14:31:53+00:00","breadcrumb":{"@id":"https:\/\/diariotextual.com\/inicio\/index.php\/2020\/02\/01\/comunidades-ranqueles-pidieron-tierras-sueldo-campu\/#breadcrumb"},"inLanguage":"es","potentialAction":[{"@type":"ReadAction","target":["https:\/\/diariotextual.com\/inicio\/index.php\/2020\/02\/01\/comunidades-ranqueles-pidieron-tierras-sueldo-campu\/"]}]},{"@type":"ImageObject","inLanguage":"es","@id":"https:\/\/diariotextual.com\/inicio\/index.php\/2020\/02\/01\/comunidades-ranqueles-pidieron-tierras-sueldo-campu\/#primaryimage","url":"https:\/\/diariotextual.com\/inicio\/wp-content\/uploads\/2020\/02\/ranqueles1.jpg","contentUrl":"https:\/\/diariotextual.com\/inicio\/wp-content\/uploads\/2020\/02\/ranqueles1.jpg","width":702,"height":471},{"@type":"BreadcrumbList","@id":"https:\/\/diariotextual.com\/inicio\/index.php\/2020\/02\/01\/comunidades-ranqueles-pidieron-tierras-sueldo-campu\/#breadcrumb","itemListElement":[{"@type":"ListItem","position":1,"name":"Portada","item":"https:\/\/diariotextual.com\/inicio\/"},{"@type":"ListItem","position":2,"name":"Ranqueles pidieron por tierras, educaci\u00f3n, agua potable y un sueldo a Camp\u00fa"}]},{"@type":"WebSite","@id":"https:\/\/diariotextual.com\/inicio\/#website","url":"https:\/\/diariotextual.com\/inicio\/","name":"Diario Textual","description":"","publisher":{"@id":"https:\/\/diariotextual.com\/inicio\/#organization"},"potentialAction":[{"@type":"SearchAction","target":{"@type":"EntryPoint","urlTemplate":"https:\/\/diariotextual.com\/inicio\/?s={search_term_string}"},"query-input":{"@type":"PropertyValueSpecification","valueRequired":true,"valueName":"search_term_string"}}],"inLanguage":"es"},{"@type":"Organization","@id":"https:\/\/diariotextual.com\/inicio\/#organization","name":"Diario Textual","url":"https:\/\/diariotextual.com\/inicio\/","logo":{"@type":"ImageObject","inLanguage":"es","@id":"https:\/\/diariotextual.com\/inicio\/#\/schema\/logo\/image\/","url":"https:\/\/diariotextual.com\/inicio\/wp-content\/uploads\/2023\/05\/logotextual1.jpg","contentUrl":"https:\/\/diariotextual.com\/inicio\/wp-content\/uploads\/2023\/05\/logotextual1.jpg","width":516,"height":76,"caption":"Diario Textual"},"image":{"@id":"https:\/\/diariotextual.com\/inicio\/#\/schema\/logo\/image\/"},"sameAs":["https:\/\/www.facebook.com\/eltextual","https:\/\/x.com\/eltextual","http:\/\/www.instagram.com\/eltextual"]},{"@type":"Person","@id":"https:\/\/diariotextual.com\/inicio\/#\/schema\/person\/418fc4093c33e86ed41562db3508f958","name":"Diario1 Diario1","image":{"@type":"ImageObject","inLanguage":"es","@id":"https:\/\/secure.gravatar.com\/avatar\/9167d280179c85bc18be67aa7eda765854300033af4896dd779b608640f2ef7a?s=96&d=mm&r=g","url":"https:\/\/secure.gravatar.com\/avatar\/9167d280179c85bc18be67aa7eda765854300033af4896dd779b608640f2ef7a?s=96&d=mm&r=g","contentUrl":"https:\/\/secure.gravatar.com\/avatar\/9167d280179c85bc18be67aa7eda765854300033af4896dd779b608640f2ef7a?s=96&d=mm&r=g","caption":"Diario1 Diario1"},"url":"https:\/\/diariotextual.com\/inicio\/index.php\/author\/diario1\/"}]}},"_links":{"self":[{"href":"https:\/\/diariotextual.com\/inicio\/index.php\/wp-json\/wp\/v2\/posts\/78296","targetHints":{"allow":["GET"]}}],"collection":[{"href":"https:\/\/diariotextual.com\/inicio\/index.php\/wp-json\/wp\/v2\/posts"}],"about":[{"href":"https:\/\/diariotextual.com\/inicio\/index.php\/wp-json\/wp\/v2\/types\/post"}],"author":[{"embeddable":true,"href":"https:\/\/diariotextual.com\/inicio\/index.php\/wp-json\/wp\/v2\/users\/3"}],"replies":[{"embeddable":true,"href":"https:\/\/diariotextual.com\/inicio\/index.php\/wp-json\/wp\/v2\/comments?post=78296"}],"version-history":[{"count":11,"href":"https:\/\/diariotextual.com\/inicio\/index.php\/wp-json\/wp\/v2\/posts\/78296\/revisions"}],"predecessor-version":[{"id":78312,"href":"https:\/\/diariotextual.com\/inicio\/index.php\/wp-json\/wp\/v2\/posts\/78296\/revisions\/78312"}],"wp:featuredmedia":[{"embeddable":true,"href":"https:\/\/diariotextual.com\/inicio\/index.php\/wp-json\/wp\/v2\/media\/78300"}],"wp:attachment":[{"href":"https:\/\/diariotextual.com\/inicio\/index.php\/wp-json\/wp\/v2\/media?parent=78296"}],"wp:term":[{"taxonomy":"category","embeddable":true,"href":"https:\/\/diariotextual.com\/inicio\/index.php\/wp-json\/wp\/v2\/categories?post=78296"},{"taxonomy":"post_tag","embeddable":true,"href":"https:\/\/diariotextual.com\/inicio\/index.php\/wp-json\/wp\/v2\/tags?post=78296"}],"curies":[{"name":"wp","href":"https:\/\/api.w.org\/{rel}","templated":true}]}}