{"id":78471,"date":"2020-02-03T12:49:22","date_gmt":"2020-02-03T15:49:22","guid":{"rendered":"http:\/\/diariotextual.com\/inicio\/?p=78471"},"modified":"2020-11-17T23:48:52","modified_gmt":"2020-11-18T02:48:52","slug":"dice-proyecto-ziliotto-la-ley-gestion-plaguicidas","status":"publish","type":"post","link":"https:\/\/diariotextual.com\/inicio\/index.php\/2020\/02\/03\/dice-proyecto-ziliotto-la-ley-gestion-plaguicidas\/","title":{"rendered":"Seg\u00fan el Gobierno, la Ley de Plaguicidas busca pr\u00e1cticas racionales para cuidar la salud y el ambiente"},"content":{"rendered":"<p>El gobernador <strong>Sergio Ziliotto<\/strong> envi\u00f3 este mediod\u00eda a la Legislatura el proyecto de Ley de Gesti\u00f3n Integral de Plaguicidas, conocido como la nueva Ley de Agroqu\u00edmicos. Dijo que es<strong>&nbsp;\u00abfundamental armonizar el desarrollo de la actividad agropecuaria con el ambiente, a trav\u00e9s de la adopci\u00f3n de las m\u00e1s racionales y eficientes t\u00e9cnicas y uso controlado y adecuado de los plaguicidas para as\u00ed garantizar un ambiente sano y equilibrado\u00bb en la provincia.<\/strong><\/p>\n<p>La iniciativa fue enviada a Diputados seis d\u00edas despu\u00e9s de que el Gobierno provincial suspendiera la comercializaci\u00f3n de agroqu\u00edmicos. Lo hizo, argument\u00f3, porque la Fundaci\u00f3n Campo Limpio -que representa a 92 multinacionales, medianas y peque\u00f1as industrias- no concluyera los tres centros de acopios de bidones, como establec\u00eda la ley.<\/p>\n<p>Ahora Campo Limpio dijo que en unos diez d\u00edas concluir\u00e1 dos de esos centros, ubicados en Alta Italia y Bar\u00f3n. Una vez concluidos, podr\u00eda levantarse la prohibici\u00f3n.<\/p>\n<p>&nbsp;<\/p>\n<p style=\"margin: 12px auto 6px auto; font-family: Helvetica,Arial,Sans-serif; font-style: normal; font-variant: normal; font-weight: normal; font-size: 14px; line-height: normal; font-size-adjust: none; font-stretch: normal; -x-system-font: none; display: block;\"><a style=\"text-decoration: underline;\" title=\"View Ley Agroquimicos 1 on Scribd\" href=\"https:\/\/www.scribd.com\/document\/445381230\/Ley-Agroquimicos-1#from_embed\">Ley Agroquimicos 1<\/a> by <a style=\"text-decoration: underline;\" title=\"View diariotextual's profile on Scribd\" href=\"https:\/\/www.scribd.com\/user\/247128503\/diariotextual#from_embed\">diariotextual<\/a> on Scribd<\/p>\n<p><iframe id=\"doc_87438\" class=\"scribd_iframe_embed\" title=\"Ley Agroquimicos 1\" src=\"https:\/\/es.scribd.com\/embeds\/445381230\/content?start_page=1&amp;view_mode=scroll&amp;access_key=key-SLWIxpYpZMn9FKPu5jEd&amp;show_recommendations=true\" width=\"100%\" height=\"600\" frameborder=\"0\" scrolling=\"no\" data-auto-height=\"false\" data-aspect-ratio=\"0.5998668442077231\"><\/iframe><\/p>\n<p style=\"margin: 12px auto 6px auto; font-family: Helvetica,Arial,Sans-serif; font-style: normal; font-variant: normal; font-weight: normal; font-size: 14px; line-height: normal; font-size-adjust: none; font-stretch: normal; -x-system-font: none; display: block;\"><a style=\"text-decoration: underline;\" title=\"View Ley Agroquimicos 2 on Scribd\" href=\"https:\/\/www.scribd.com\/document\/445381246\/Ley-Agroquimicos-2#from_embed\">Ley Agroquimicos 2<\/a> by <a style=\"text-decoration: underline;\" title=\"View diariotextual's profile on Scribd\" href=\"https:\/\/www.scribd.com\/user\/247128503\/diariotextual#from_embed\">diariotextual<\/a> on Scribd<\/p>\n<p><iframe id=\"doc_38156\" class=\"scribd_iframe_embed\" title=\"Ley Agroquimicos 2\" src=\"https:\/\/es.scribd.com\/embeds\/445381246\/content?start_page=1&amp;view_mode=scroll&amp;access_key=key-U7r9msfQlkDD2BupBoLS&amp;show_recommendations=true\" width=\"100%\" height=\"600\" frameborder=\"0\" scrolling=\"no\" data-auto-height=\"false\" data-aspect-ratio=\"0.5998668442077231\"><\/iframe><\/p>\n<p>&nbsp;<\/p>\n<p>Seg\u00fan el proyecto,<strong> para el Ejecutivo&nbsp;resulta de relevancia dar cuenta que desde la sanci\u00f3n de actual ley, creci\u00f3 de manera inusitada el uso de plaguicidas, lo que trajo aparejado pr\u00e1cticas deficientes, manejos, usos y aplicaciones inadecuadas y riesgosas de los productos.<\/strong> Es por ello que se torna oportuno extremar los recaudos en el empleo de plaguicidas, con el dictado de una normativa adecuada a las exigencias de su uso en la actualidad.<\/p>\n<p>El Poder Ejecutivo remarc\u00f3 que el marco jur\u00eddico vigente (art\u00edculo 41\u00ba de la Constituci\u00f3n Nacional, art\u00edculo 18\u00ba de la Constituci\u00f3n Provincial, Ley Nacional General de Ambiente N\u00ba 25675 y la recientemente sancionada Ley Ambiental Provincial N\u00ba 3195) \u201centiende al derecho al medio ambiente sano como un derecho humano b\u00e1sico y esencial, siendo necesario para su concreci\u00f3n el dictado de normativa tendiente, por un lado, a la preservaci\u00f3n y protecci\u00f3n del ambiente desde una mirada ecosist\u00e9mica y, por otro, a la mitigaci\u00f3n de efectos negativos, minimizaci\u00f3n de riesgos, restauraci\u00f3n y recomposici\u00f3n del da\u00f1o ambiental en su caso ocasionado por las actividades productivas.<\/p>\n<p>La Ley Nacional General de Ambiente N\u00ba 25675, a su vez, estableci\u00f3 los presupuestos m\u00ednimos para el logro de una gesti\u00f3n sustentable y adecuada del ambiente, la preservaci\u00f3n y protecci\u00f3n de la diversidad biol\u00f3gica y la implementaci\u00f3n del desarrollo sustentable.<\/p>\n<p>A nivel provincial, la Ley N\u00ba 3195 determin\u00f3 la pol\u00edtica ambiental local, complement\u00f3 los presupuestos m\u00ednimos establecidos en la Ley N\u00ba 25675, para la implementaci\u00f3n del desarrollo sustentable y la preservaci\u00f3n de la diversidad biol\u00f3gica en nuestro territorio, fij\u00f3 los objetivos, los principios que deber\u00edan respetarse y los instrumentos de pol\u00edtica y gesti\u00f3n ambiental (Ordenamiento ambiental del territorio; Evaluaci\u00f3n de Impacto Ambiental; Evaluaci\u00f3n ambiental estrat\u00e9gica; Planes de gesti\u00f3n ambiental; Control y fiscalizaci\u00f3n de las actividades antr\u00f3picas; Auditor\u00eda ambiental; Educaci\u00f3n ambiental; Informaci\u00f3n ambiental provincial; Participaci\u00f3n ciudadana en materia ambiental; Acciones de salud ambiental y Seguro ambiental), entre otras cuestiones trascendentales (art\u00edculos 3\u00b0, 4\u00b0 y 5\u00b0).<\/p>\n<p><strong>\u201cComo sociedad debemos tomar conciencia que de la posibilidad de gozar de un ambiente sano, limpio y equilibrado, depende la concreci\u00f3n de otros derechos humanos fundamentales, como lo son el derecho a la vida y el derecho a la salud\u201d, expres\u00f3 el Ejecutivo pampeano.<\/strong><\/p>\n<p>La Corte Interamericana de Derechos Humanos ha reconocido la existencia de una relaci\u00f3n innegable entre la protecci\u00f3n del medio ambiente y la realizaci\u00f3n de otros derechos humanos, en tanto la degradaci\u00f3n ambiental y los efectos adversos del cambio clim\u00e1tico afectan el goce efectivo de los derechos humanos.<\/p>\n<p>Tambi\u00e9n, ese \u00f3rgano internacional, en la Opini\u00f3n Consultiva N\u00ba 23\/2017, sostuvo que el derecho a un medio ambiente sano goza de dos facetas o dimensiones: una colectiva y otra individual. En cuanto a la faz colectiva \u201cconstituye un inter\u00e9s universal, que se debe tanto a las generaciones presentes y futuras\u201d y en su dimensi\u00f3n individual. Entendi\u00f3 que \u201csu vulneraci\u00f3n puede tener repercusiones directas o indirectas sobre las personas debido a su conexidad con otros derechos, tales como el derecho a la salud, la integridad personal o la vida, entre otros\u201d y afirm\u00f3 categ\u00f3ricamente que \u201cla degradaci\u00f3n del medio ambiente puede causar da\u00f1os irreparables en los seres humanos, por lo cual un medio ambiente sano es un derecho fundamental para la existencia de la humanidad\u201d.<\/p>\n<p>En este contexto, los principios ambientales de prevenci\u00f3n, precauci\u00f3n, sustentabilidad, equidad generacional y progresividad se convierten en ejes rectores de orden p\u00fablico ambiental que contribuyen y fortalecen la pol\u00edtica de ambiental provincial. <strong>\u201cEs fundamental armonizar el desarrollo de la actividad agropecuaria con el ambiente, a trav\u00e9s de la adopci\u00f3n de las m\u00e1s racionales y eficientes t\u00e9cnicas y uso controlado y adecuado de los plaguicidas para as\u00ed garantizar un ambiente sano, equilibrado, apto para el desarrollo humano y para que las actividades productivas satisfagan las necesidades presentes sin comprometer las generaciones futuras, conforme lo prescribe la Constituci\u00f3n Nacional en el art\u00edculo 42 y la Constituci\u00f3n Provincial en el art\u00edculo 18\u201d<\/strong>, sostuvo el gobierno de La Pampa.<\/p>\n<p>De all\u00ed que, dijo, \u201cresulta imprescindible actualizar la normativa en la materia, adecu\u00e1ndola a las exigencias constitucionales antes referidas y a nuestra realidad social, econ\u00f3mica, ambiental y pol\u00edtica, procurando una gesti\u00f3n y uso adecuado de los productos plaguicidas en las actividades que -directa o indirectamente- requieren de tales productos\u201d.<\/p>\n<p>\u00abEn esta tem\u00e1tica el Estado provincial viene asumiendo fervientemente un rol activo y participativo, canalizando y atendiendo los reclamos de la sociedad civil respecto al uso de plaguicidas, regulando su uso como as\u00ed tambi\u00e9n la actividad de todos los actores intervinientes: productores agropecuarios, empresarios, profesionales, aplicadores y usuarios en general, atento que ello implica un potencial riesgo y la posibilidad de configurar da\u00f1os para la salud humana, al ambiente y la calidad agroalimentaria\u00bb, dijo.<\/p>\n<p>\u201cLas sustancias qu\u00edmicas son parte de nuestra vida diaria, pr\u00e1cticamente todos los productos manufacturados implican el uso de estas sustancias. Muchas de ellas, cuando se utilizan adecuadamente, pueden contribuir significativamente al mejoramiento de la calidad de vida, salud y bienestar. No obstante ello, el mal uso o un uso sin el control necesario inciden negativamente en la salud de las personas y en el ambiente del que todos formamos parte\u201d, afirma el Gobierno pampeano.<\/p>\n<p>El uso de plaguicidas es necesario muchas veces en los cultivos para evitar p\u00e9rdidas inaceptables de la producci\u00f3n agr\u00edcola. Sin embargo, \u201cpuede llegar a plantear riesgos para la salud de los agricultores y las personas que trabajan con esos productos por una manipulaci\u00f3n incorrecta o inadecuada que se haga de ellos\u201d, indica.<\/p>\n<p><strong>La nueva Ley de Gesti\u00f3n Integral de Plaguicidas en todo el territorio de la provincia de La Pampa se estructura en ocho cap\u00edtulos: Disposiciones Generales, De los Plaguicidas de Uso Urbano y Rural, de la Autoridad de Aplicaci\u00f3n, de la Comisi\u00f3n Interdisciplinaria, del Consejo Consultor, de los Enavases y Residuos derivados de la Ley, de las Infracciones y Sanciones y de las Disposiciones Complementarias.<\/strong><\/p>\n<p>Es de resaltar, como cuestiones novedosas y que hacen a un abordaje adecuado de la problem\u00e1tica, que la norma a sancionarse define claramente los objetivos, el \u00e1mbito de aplicaci\u00f3n, contiene un glosario de las definiciones y siglas, establece prohibiciones en el uso de plaguicidas de uso urbano y rural, dispone los actos que se encontrar\u00e1n sujetos a autorizaci\u00f3n y define nociones tales como: la prescripci\u00f3n de compra agron\u00f3mica, las recetas urbanas y rurales, el remito agron\u00f3mico.<\/p>\n<p>Respecto a la estructura org\u00e1nica, la ley contar\u00e1 con tres autoridades de aplicaci\u00f3n, los Ministerios de la Producci\u00f3n y de Salud (a trav\u00e9s de los organismos o dependencias pertinentes) y la Subsecretar\u00eda de Salud. Tambi\u00e9n, se han creado la Comisi\u00f3n Interdisciplinaria que se integrar\u00e1 por las tres autoridades de aplicaci\u00f3n antes enunciadas y funcionar\u00e1 como \u00f3rgano de consulta, asesoramiento y toma de decisiones vinculantes en aquellas cuestiones complejas en el marco de la Ley y un Consejo Consultor, ya m\u00e1s amplio en su composici\u00f3n, que tendr\u00e1 como misi\u00f3n principal asesorar a la Comisi\u00f3n.<\/p>\n<p>Finalmente, <strong>se ha dispuesto un r\u00e9gimen claro y contundente en materia de infracciones y sanciones, las cuales se graduar\u00e1n de acuerdo al da\u00f1o causado, la naturaleza de la infracci\u00f3n cometida, las circunstancias, la gravedad de la falta y los antecedentes del infractor y el peligro causado.<\/strong> Asimismo, prev\u00e9 que todos aquellos que, de un modo directo o indirecto, hubieran participado en la comisi\u00f3n del hecho son responsables ante la Autoridad de Aplicaci\u00f3n, siendo pasibles de sanciones solidarias o individuales, de acuerdo a la infracci\u00f3n constatada. Las posibles sanciones no ser\u00e1n excluyentes y podr\u00e1n aplicarse en forma concurrente y en el caso de que el infractor fuere una persona jur\u00eddica, sus socios y miembros ser\u00e1n solidariamente responsables junto con sus directores, administradores y\/o gerentes.<\/p>\n<p>&nbsp;<\/p>\n<p>&nbsp;<\/p>\n<p>&nbsp;<\/p>\n","protected":false},"excerpt":{"rendered":"<p>El gobernador Sergio Ziliotto envi\u00f3 este mediod\u00eda a la Legislatura el proyecto de Ley de Gesti\u00f3n Integral de Plaguicidas, conocido como la nueva Ley de Agroqu\u00edmicos. Dijo que es&nbsp;\u00abfundamental armonizar&hellip;<\/p>\n","protected":false},"author":3,"featured_media":19118,"comment_status":"closed","ping_status":"open","sticky":false,"template":"","format":"standard","meta":{"_acf_changed":false,"footnotes":""},"categories":[319,20],"tags":[2688],"class_list":["post-78471","post","type-post","status-publish","format-standard","has-post-thumbnail","hentry","category-a-temporales","category-campo","tag-plaguicidas"],"acf":[],"yoast_head":"<!-- This site is optimized with the Yoast SEO plugin v27.5 - https:\/\/yoast.com\/product\/yoast-seo-wordpress\/ -->\n<title>Seg\u00fan el Gobierno, la Ley de Plaguicidas busca pr\u00e1cticas racionales para cuidar la salud y el ambiente - Diario Textual<\/title>\n<meta name=\"robots\" content=\"index, follow, max-snippet:-1, max-image-preview:large, max-video-preview:-1\" \/>\n<link rel=\"canonical\" href=\"https:\/\/diariotextual.com\/inicio\/index.php\/2020\/02\/03\/dice-proyecto-ziliotto-la-ley-gestion-plaguicidas\/\" \/>\n<meta property=\"og:locale\" content=\"es_ES\" \/>\n<meta property=\"og:type\" content=\"article\" \/>\n<meta property=\"og:title\" content=\"Seg\u00fan el Gobierno, la Ley de Plaguicidas busca pr\u00e1cticas racionales para cuidar la salud y el ambiente - Diario Textual\" \/>\n<meta property=\"og:description\" content=\"El gobernador Sergio Ziliotto envi\u00f3 este mediod\u00eda a la Legislatura el proyecto de Ley de Gesti\u00f3n Integral de Plaguicidas, conocido como la nueva Ley de Agroqu\u00edmicos. Dijo que es&nbsp;\u00abfundamental armonizar&hellip;\" \/>\n<meta property=\"og:url\" content=\"https:\/\/diariotextual.com\/inicio\/index.php\/2020\/02\/03\/dice-proyecto-ziliotto-la-ley-gestion-plaguicidas\/\" \/>\n<meta property=\"og:site_name\" content=\"Diario Textual\" \/>\n<meta property=\"article:publisher\" content=\"https:\/\/www.facebook.com\/eltextual\" \/>\n<meta property=\"article:published_time\" content=\"2020-02-03T15:49:22+00:00\" \/>\n<meta property=\"article:modified_time\" content=\"2020-11-18T02:48:52+00:00\" \/>\n<meta property=\"og:image\" content=\"https:\/\/diariotextual.com\/inicio\/wp-content\/uploads\/2018\/09\/agroquimicosavion.jpg\" \/>\n\t<meta property=\"og:image:width\" content=\"600\" \/>\n\t<meta property=\"og:image:height\" content=\"327\" \/>\n\t<meta property=\"og:image:type\" content=\"image\/jpeg\" \/>\n<meta name=\"author\" content=\"Diario1 Diario1\" \/>\n<meta name=\"twitter:card\" content=\"summary_large_image\" \/>\n<meta name=\"twitter:creator\" content=\"@eltextual\" \/>\n<meta name=\"twitter:site\" content=\"@eltextual\" \/>\n<meta name=\"twitter:label1\" content=\"Escrito por\" \/>\n\t<meta name=\"twitter:data1\" content=\"Diario1 Diario1\" \/>\n\t<meta name=\"twitter:label2\" content=\"Tiempo de lectura\" \/>\n\t<meta name=\"twitter:data2\" content=\"8 minutos\" \/>\n<script type=\"application\/ld+json\" class=\"yoast-schema-graph\">{\"@context\":\"https:\\\/\\\/schema.org\",\"@graph\":[{\"@type\":\"Article\",\"@id\":\"https:\\\/\\\/diariotextual.com\\\/inicio\\\/index.php\\\/2020\\\/02\\\/03\\\/dice-proyecto-ziliotto-la-ley-gestion-plaguicidas\\\/#article\",\"isPartOf\":{\"@id\":\"https:\\\/\\\/diariotextual.com\\\/inicio\\\/index.php\\\/2020\\\/02\\\/03\\\/dice-proyecto-ziliotto-la-ley-gestion-plaguicidas\\\/\"},\"author\":{\"name\":\"Diario1 Diario1\",\"@id\":\"https:\\\/\\\/diariotextual.com\\\/inicio\\\/#\\\/schema\\\/person\\\/418fc4093c33e86ed41562db3508f958\"},\"headline\":\"Seg\u00fan el Gobierno, la Ley de Plaguicidas busca pr\u00e1cticas racionales para cuidar la salud y el ambiente\",\"datePublished\":\"2020-02-03T15:49:22+00:00\",\"dateModified\":\"2020-11-18T02:48:52+00:00\",\"mainEntityOfPage\":{\"@id\":\"https:\\\/\\\/diariotextual.com\\\/inicio\\\/index.php\\\/2020\\\/02\\\/03\\\/dice-proyecto-ziliotto-la-ley-gestion-plaguicidas\\\/\"},\"wordCount\":1559,\"publisher\":{\"@id\":\"https:\\\/\\\/diariotextual.com\\\/inicio\\\/#organization\"},\"image\":{\"@id\":\"https:\\\/\\\/diariotextual.com\\\/inicio\\\/index.php\\\/2020\\\/02\\\/03\\\/dice-proyecto-ziliotto-la-ley-gestion-plaguicidas\\\/#primaryimage\"},\"thumbnailUrl\":\"https:\\\/\\\/diariotextual.com\\\/inicio\\\/wp-content\\\/uploads\\\/2018\\\/09\\\/agroquimicosavion.jpg\",\"keywords\":[\"plaguicidas\"],\"articleSection\":[\"A - TEMPORALES\",\"CAMPO\"],\"inLanguage\":\"es\"},{\"@type\":\"WebPage\",\"@id\":\"https:\\\/\\\/diariotextual.com\\\/inicio\\\/index.php\\\/2020\\\/02\\\/03\\\/dice-proyecto-ziliotto-la-ley-gestion-plaguicidas\\\/\",\"url\":\"https:\\\/\\\/diariotextual.com\\\/inicio\\\/index.php\\\/2020\\\/02\\\/03\\\/dice-proyecto-ziliotto-la-ley-gestion-plaguicidas\\\/\",\"name\":\"Seg\u00fan el Gobierno, la Ley de Plaguicidas busca pr\u00e1cticas racionales para cuidar la salud y el ambiente - Diario Textual\",\"isPartOf\":{\"@id\":\"https:\\\/\\\/diariotextual.com\\\/inicio\\\/#website\"},\"primaryImageOfPage\":{\"@id\":\"https:\\\/\\\/diariotextual.com\\\/inicio\\\/index.php\\\/2020\\\/02\\\/03\\\/dice-proyecto-ziliotto-la-ley-gestion-plaguicidas\\\/#primaryimage\"},\"image\":{\"@id\":\"https:\\\/\\\/diariotextual.com\\\/inicio\\\/index.php\\\/2020\\\/02\\\/03\\\/dice-proyecto-ziliotto-la-ley-gestion-plaguicidas\\\/#primaryimage\"},\"thumbnailUrl\":\"https:\\\/\\\/diariotextual.com\\\/inicio\\\/wp-content\\\/uploads\\\/2018\\\/09\\\/agroquimicosavion.jpg\",\"datePublished\":\"2020-02-03T15:49:22+00:00\",\"dateModified\":\"2020-11-18T02:48:52+00:00\",\"breadcrumb\":{\"@id\":\"https:\\\/\\\/diariotextual.com\\\/inicio\\\/index.php\\\/2020\\\/02\\\/03\\\/dice-proyecto-ziliotto-la-ley-gestion-plaguicidas\\\/#breadcrumb\"},\"inLanguage\":\"es\",\"potentialAction\":[{\"@type\":\"ReadAction\",\"target\":[\"https:\\\/\\\/diariotextual.com\\\/inicio\\\/index.php\\\/2020\\\/02\\\/03\\\/dice-proyecto-ziliotto-la-ley-gestion-plaguicidas\\\/\"]}]},{\"@type\":\"ImageObject\",\"inLanguage\":\"es\",\"@id\":\"https:\\\/\\\/diariotextual.com\\\/inicio\\\/index.php\\\/2020\\\/02\\\/03\\\/dice-proyecto-ziliotto-la-ley-gestion-plaguicidas\\\/#primaryimage\",\"url\":\"https:\\\/\\\/diariotextual.com\\\/inicio\\\/wp-content\\\/uploads\\\/2018\\\/09\\\/agroquimicosavion.jpg\",\"contentUrl\":\"https:\\\/\\\/diariotextual.com\\\/inicio\\\/wp-content\\\/uploads\\\/2018\\\/09\\\/agroquimicosavion.jpg\",\"width\":600,\"height\":327},{\"@type\":\"BreadcrumbList\",\"@id\":\"https:\\\/\\\/diariotextual.com\\\/inicio\\\/index.php\\\/2020\\\/02\\\/03\\\/dice-proyecto-ziliotto-la-ley-gestion-plaguicidas\\\/#breadcrumb\",\"itemListElement\":[{\"@type\":\"ListItem\",\"position\":1,\"name\":\"Portada\",\"item\":\"https:\\\/\\\/diariotextual.com\\\/inicio\\\/\"},{\"@type\":\"ListItem\",\"position\":2,\"name\":\"Seg\u00fan el Gobierno, la Ley de Plaguicidas busca pr\u00e1cticas racionales para cuidar la salud y el ambiente\"}]},{\"@type\":\"WebSite\",\"@id\":\"https:\\\/\\\/diariotextual.com\\\/inicio\\\/#website\",\"url\":\"https:\\\/\\\/diariotextual.com\\\/inicio\\\/\",\"name\":\"Diario Textual\",\"description\":\"\",\"publisher\":{\"@id\":\"https:\\\/\\\/diariotextual.com\\\/inicio\\\/#organization\"},\"potentialAction\":[{\"@type\":\"SearchAction\",\"target\":{\"@type\":\"EntryPoint\",\"urlTemplate\":\"https:\\\/\\\/diariotextual.com\\\/inicio\\\/?s={search_term_string}\"},\"query-input\":{\"@type\":\"PropertyValueSpecification\",\"valueRequired\":true,\"valueName\":\"search_term_string\"}}],\"inLanguage\":\"es\"},{\"@type\":\"Organization\",\"@id\":\"https:\\\/\\\/diariotextual.com\\\/inicio\\\/#organization\",\"name\":\"Diario Textual\",\"url\":\"https:\\\/\\\/diariotextual.com\\\/inicio\\\/\",\"logo\":{\"@type\":\"ImageObject\",\"inLanguage\":\"es\",\"@id\":\"https:\\\/\\\/diariotextual.com\\\/inicio\\\/#\\\/schema\\\/logo\\\/image\\\/\",\"url\":\"https:\\\/\\\/diariotextual.com\\\/inicio\\\/wp-content\\\/uploads\\\/2023\\\/05\\\/logotextual1.jpg\",\"contentUrl\":\"https:\\\/\\\/diariotextual.com\\\/inicio\\\/wp-content\\\/uploads\\\/2023\\\/05\\\/logotextual1.jpg\",\"width\":516,\"height\":76,\"caption\":\"Diario Textual\"},\"image\":{\"@id\":\"https:\\\/\\\/diariotextual.com\\\/inicio\\\/#\\\/schema\\\/logo\\\/image\\\/\"},\"sameAs\":[\"https:\\\/\\\/www.facebook.com\\\/eltextual\",\"https:\\\/\\\/x.com\\\/eltextual\",\"http:\\\/\\\/www.instagram.com\\\/eltextual\"]},{\"@type\":\"Person\",\"@id\":\"https:\\\/\\\/diariotextual.com\\\/inicio\\\/#\\\/schema\\\/person\\\/418fc4093c33e86ed41562db3508f958\",\"name\":\"Diario1 Diario1\",\"image\":{\"@type\":\"ImageObject\",\"inLanguage\":\"es\",\"@id\":\"https:\\\/\\\/secure.gravatar.com\\\/avatar\\\/9167d280179c85bc18be67aa7eda765854300033af4896dd779b608640f2ef7a?s=96&d=mm&r=g\",\"url\":\"https:\\\/\\\/secure.gravatar.com\\\/avatar\\\/9167d280179c85bc18be67aa7eda765854300033af4896dd779b608640f2ef7a?s=96&d=mm&r=g\",\"contentUrl\":\"https:\\\/\\\/secure.gravatar.com\\\/avatar\\\/9167d280179c85bc18be67aa7eda765854300033af4896dd779b608640f2ef7a?s=96&d=mm&r=g\",\"caption\":\"Diario1 Diario1\"},\"url\":\"https:\\\/\\\/diariotextual.com\\\/inicio\\\/index.php\\\/author\\\/diario1\\\/\"}]}<\/script>\n<!-- \/ Yoast SEO plugin. -->","yoast_head_json":{"title":"Seg\u00fan el Gobierno, la Ley de Plaguicidas busca pr\u00e1cticas racionales para cuidar la salud y el ambiente - Diario Textual","robots":{"index":"index","follow":"follow","max-snippet":"max-snippet:-1","max-image-preview":"max-image-preview:large","max-video-preview":"max-video-preview:-1"},"canonical":"https:\/\/diariotextual.com\/inicio\/index.php\/2020\/02\/03\/dice-proyecto-ziliotto-la-ley-gestion-plaguicidas\/","og_locale":"es_ES","og_type":"article","og_title":"Seg\u00fan el Gobierno, la Ley de Plaguicidas busca pr\u00e1cticas racionales para cuidar la salud y el ambiente - Diario Textual","og_description":"El gobernador Sergio Ziliotto envi\u00f3 este mediod\u00eda a la Legislatura el proyecto de Ley de Gesti\u00f3n Integral de Plaguicidas, conocido como la nueva Ley de Agroqu\u00edmicos. Dijo que es&nbsp;\u00abfundamental armonizar&hellip;","og_url":"https:\/\/diariotextual.com\/inicio\/index.php\/2020\/02\/03\/dice-proyecto-ziliotto-la-ley-gestion-plaguicidas\/","og_site_name":"Diario Textual","article_publisher":"https:\/\/www.facebook.com\/eltextual","article_published_time":"2020-02-03T15:49:22+00:00","article_modified_time":"2020-11-18T02:48:52+00:00","og_image":[{"width":600,"height":327,"url":"https:\/\/diariotextual.com\/inicio\/wp-content\/uploads\/2018\/09\/agroquimicosavion.jpg","type":"image\/jpeg"}],"author":"Diario1 Diario1","twitter_card":"summary_large_image","twitter_creator":"@eltextual","twitter_site":"@eltextual","twitter_misc":{"Escrito por":"Diario1 Diario1","Tiempo de lectura":"8 minutos"},"schema":{"@context":"https:\/\/schema.org","@graph":[{"@type":"Article","@id":"https:\/\/diariotextual.com\/inicio\/index.php\/2020\/02\/03\/dice-proyecto-ziliotto-la-ley-gestion-plaguicidas\/#article","isPartOf":{"@id":"https:\/\/diariotextual.com\/inicio\/index.php\/2020\/02\/03\/dice-proyecto-ziliotto-la-ley-gestion-plaguicidas\/"},"author":{"name":"Diario1 Diario1","@id":"https:\/\/diariotextual.com\/inicio\/#\/schema\/person\/418fc4093c33e86ed41562db3508f958"},"headline":"Seg\u00fan el Gobierno, la Ley de Plaguicidas busca pr\u00e1cticas racionales para cuidar la salud y el ambiente","datePublished":"2020-02-03T15:49:22+00:00","dateModified":"2020-11-18T02:48:52+00:00","mainEntityOfPage":{"@id":"https:\/\/diariotextual.com\/inicio\/index.php\/2020\/02\/03\/dice-proyecto-ziliotto-la-ley-gestion-plaguicidas\/"},"wordCount":1559,"publisher":{"@id":"https:\/\/diariotextual.com\/inicio\/#organization"},"image":{"@id":"https:\/\/diariotextual.com\/inicio\/index.php\/2020\/02\/03\/dice-proyecto-ziliotto-la-ley-gestion-plaguicidas\/#primaryimage"},"thumbnailUrl":"https:\/\/diariotextual.com\/inicio\/wp-content\/uploads\/2018\/09\/agroquimicosavion.jpg","keywords":["plaguicidas"],"articleSection":["A - TEMPORALES","CAMPO"],"inLanguage":"es"},{"@type":"WebPage","@id":"https:\/\/diariotextual.com\/inicio\/index.php\/2020\/02\/03\/dice-proyecto-ziliotto-la-ley-gestion-plaguicidas\/","url":"https:\/\/diariotextual.com\/inicio\/index.php\/2020\/02\/03\/dice-proyecto-ziliotto-la-ley-gestion-plaguicidas\/","name":"Seg\u00fan el Gobierno, la Ley de Plaguicidas busca pr\u00e1cticas racionales para cuidar la salud y el ambiente - Diario Textual","isPartOf":{"@id":"https:\/\/diariotextual.com\/inicio\/#website"},"primaryImageOfPage":{"@id":"https:\/\/diariotextual.com\/inicio\/index.php\/2020\/02\/03\/dice-proyecto-ziliotto-la-ley-gestion-plaguicidas\/#primaryimage"},"image":{"@id":"https:\/\/diariotextual.com\/inicio\/index.php\/2020\/02\/03\/dice-proyecto-ziliotto-la-ley-gestion-plaguicidas\/#primaryimage"},"thumbnailUrl":"https:\/\/diariotextual.com\/inicio\/wp-content\/uploads\/2018\/09\/agroquimicosavion.jpg","datePublished":"2020-02-03T15:49:22+00:00","dateModified":"2020-11-18T02:48:52+00:00","breadcrumb":{"@id":"https:\/\/diariotextual.com\/inicio\/index.php\/2020\/02\/03\/dice-proyecto-ziliotto-la-ley-gestion-plaguicidas\/#breadcrumb"},"inLanguage":"es","potentialAction":[{"@type":"ReadAction","target":["https:\/\/diariotextual.com\/inicio\/index.php\/2020\/02\/03\/dice-proyecto-ziliotto-la-ley-gestion-plaguicidas\/"]}]},{"@type":"ImageObject","inLanguage":"es","@id":"https:\/\/diariotextual.com\/inicio\/index.php\/2020\/02\/03\/dice-proyecto-ziliotto-la-ley-gestion-plaguicidas\/#primaryimage","url":"https:\/\/diariotextual.com\/inicio\/wp-content\/uploads\/2018\/09\/agroquimicosavion.jpg","contentUrl":"https:\/\/diariotextual.com\/inicio\/wp-content\/uploads\/2018\/09\/agroquimicosavion.jpg","width":600,"height":327},{"@type":"BreadcrumbList","@id":"https:\/\/diariotextual.com\/inicio\/index.php\/2020\/02\/03\/dice-proyecto-ziliotto-la-ley-gestion-plaguicidas\/#breadcrumb","itemListElement":[{"@type":"ListItem","position":1,"name":"Portada","item":"https:\/\/diariotextual.com\/inicio\/"},{"@type":"ListItem","position":2,"name":"Seg\u00fan el Gobierno, la Ley de Plaguicidas busca pr\u00e1cticas racionales para cuidar la salud y el ambiente"}]},{"@type":"WebSite","@id":"https:\/\/diariotextual.com\/inicio\/#website","url":"https:\/\/diariotextual.com\/inicio\/","name":"Diario Textual","description":"","publisher":{"@id":"https:\/\/diariotextual.com\/inicio\/#organization"},"potentialAction":[{"@type":"SearchAction","target":{"@type":"EntryPoint","urlTemplate":"https:\/\/diariotextual.com\/inicio\/?s={search_term_string}"},"query-input":{"@type":"PropertyValueSpecification","valueRequired":true,"valueName":"search_term_string"}}],"inLanguage":"es"},{"@type":"Organization","@id":"https:\/\/diariotextual.com\/inicio\/#organization","name":"Diario Textual","url":"https:\/\/diariotextual.com\/inicio\/","logo":{"@type":"ImageObject","inLanguage":"es","@id":"https:\/\/diariotextual.com\/inicio\/#\/schema\/logo\/image\/","url":"https:\/\/diariotextual.com\/inicio\/wp-content\/uploads\/2023\/05\/logotextual1.jpg","contentUrl":"https:\/\/diariotextual.com\/inicio\/wp-content\/uploads\/2023\/05\/logotextual1.jpg","width":516,"height":76,"caption":"Diario Textual"},"image":{"@id":"https:\/\/diariotextual.com\/inicio\/#\/schema\/logo\/image\/"},"sameAs":["https:\/\/www.facebook.com\/eltextual","https:\/\/x.com\/eltextual","http:\/\/www.instagram.com\/eltextual"]},{"@type":"Person","@id":"https:\/\/diariotextual.com\/inicio\/#\/schema\/person\/418fc4093c33e86ed41562db3508f958","name":"Diario1 Diario1","image":{"@type":"ImageObject","inLanguage":"es","@id":"https:\/\/secure.gravatar.com\/avatar\/9167d280179c85bc18be67aa7eda765854300033af4896dd779b608640f2ef7a?s=96&d=mm&r=g","url":"https:\/\/secure.gravatar.com\/avatar\/9167d280179c85bc18be67aa7eda765854300033af4896dd779b608640f2ef7a?s=96&d=mm&r=g","contentUrl":"https:\/\/secure.gravatar.com\/avatar\/9167d280179c85bc18be67aa7eda765854300033af4896dd779b608640f2ef7a?s=96&d=mm&r=g","caption":"Diario1 Diario1"},"url":"https:\/\/diariotextual.com\/inicio\/index.php\/author\/diario1\/"}]}},"_links":{"self":[{"href":"https:\/\/diariotextual.com\/inicio\/index.php\/wp-json\/wp\/v2\/posts\/78471","targetHints":{"allow":["GET"]}}],"collection":[{"href":"https:\/\/diariotextual.com\/inicio\/index.php\/wp-json\/wp\/v2\/posts"}],"about":[{"href":"https:\/\/diariotextual.com\/inicio\/index.php\/wp-json\/wp\/v2\/types\/post"}],"author":[{"embeddable":true,"href":"https:\/\/diariotextual.com\/inicio\/index.php\/wp-json\/wp\/v2\/users\/3"}],"replies":[{"embeddable":true,"href":"https:\/\/diariotextual.com\/inicio\/index.php\/wp-json\/wp\/v2\/comments?post=78471"}],"version-history":[{"count":4,"href":"https:\/\/diariotextual.com\/inicio\/index.php\/wp-json\/wp\/v2\/posts\/78471\/revisions"}],"predecessor-version":[{"id":121952,"href":"https:\/\/diariotextual.com\/inicio\/index.php\/wp-json\/wp\/v2\/posts\/78471\/revisions\/121952"}],"wp:featuredmedia":[{"embeddable":true,"href":"https:\/\/diariotextual.com\/inicio\/index.php\/wp-json\/wp\/v2\/media\/19118"}],"wp:attachment":[{"href":"https:\/\/diariotextual.com\/inicio\/index.php\/wp-json\/wp\/v2\/media?parent=78471"}],"wp:term":[{"taxonomy":"category","embeddable":true,"href":"https:\/\/diariotextual.com\/inicio\/index.php\/wp-json\/wp\/v2\/categories?post=78471"},{"taxonomy":"post_tag","embeddable":true,"href":"https:\/\/diariotextual.com\/inicio\/index.php\/wp-json\/wp\/v2\/tags?post=78471"}],"curies":[{"name":"wp","href":"https:\/\/api.w.org\/{rel}","templated":true}]}}