{"id":78805,"date":"2020-02-06T08:52:05","date_gmt":"2020-02-06T11:52:05","guid":{"rendered":"http:\/\/diariotextual.com\/inicio\/?p=78805"},"modified":"2020-02-07T11:11:17","modified_gmt":"2020-02-07T14:11:17","slug":"la-pampa-se-destruyeron-1-500-empleos-salario-perdio-16","status":"publish","type":"post","link":"https:\/\/diariotextual.com\/inicio\/index.php\/2020\/02\/06\/la-pampa-se-destruyeron-1-500-empleos-salario-perdio-16\/","title":{"rendered":"La Pampa: se destruyeron 1.500 empleos y el salario perdi\u00f3 16%"},"content":{"rendered":"<p>Un informe del <strong>Centro de Estudios Pampeanos<\/strong> sobre <strong>\u00abLa econom\u00eda pampeana en 2019\u00bb<\/strong>, elaborado por los economistas Sebasti\u00e1n Lastiri y Mercedes Rodr\u00edguez, revel\u00f3 el impacto que tuvo la crisis en nuestra provincia: <strong>p\u00e9rdida de 1.500 empleos registrados, ca\u00edda del 6,5% en el consumo y una p\u00e9rdida salarial del 16%<\/strong>, entre otras variables. <strong>El \u00fanico sector que se salv\u00f3 fue el agropecuario vinculado a la exportaci\u00f3n.<\/strong><\/p>\n<p>El estudio reflej\u00f3 los datos del tercer trimestre del a\u00f1o pasado, que mostraron la <strong>\u00abnueva profundizaci\u00f3n de la crisis\u00bb<\/strong> que venimos padeciendo los argentinos desde principios de 2018 <strong>\u00abcompletando el sexto trimestre consecutivo de ca\u00edda\u00bb. <\/strong><\/p>\n<p>\u00abLas estimaciones oficiales para el \u00faltimo trimestre muestran una alta probabilidad de anexar un s\u00e9ptimo per\u00edodo a esta nefasta tendencia. Esto no ocurr\u00eda en Argentina desde 2001-2002. Esta crisis tiene varias aristas que impactan de forma directa en La Pampa\u00bb, indic\u00f3 el informe.<\/p>\n<p>\u00abLa devaluaci\u00f3n de la moneda, acompa\u00f1ada por una aceleraci\u00f3n de la inflaci\u00f3n m\u00e1s alta de los \u00faltimos 27 a\u00f1os (57,6%), provoc\u00f3 <strong>una ca\u00edda de los salarios reales del 5% que, sumado al 11,1% de 2018, arrojan una p\u00e9rdida de m\u00e1s del 16%\u00bb<\/strong>, precisaron Lastiri y Rodr\u00edguez.<\/p>\n<p>La otra variable que sufri\u00f3 los embates desde distintos frentes fue la construcci\u00f3n. \u00abA los problemas que comenzaron el a\u00f1o pasado como la recesi\u00f3n, altas tasas de inter\u00e9s y la discriminaci\u00f3n presupuestaria nacional, en este trimestre se le agreg\u00f3 el cepo a la compra de d\u00f3lares. Este combo dio como resultado <strong>una ca\u00edda en la construcci\u00f3n del 10% en el tercer trimestre y un 17,4% en todo 2019. Adem\u00e1s, se perdieron el 19% de los puestos de trabajo registrado del sector\u00bb<\/strong>, puntualiz\u00f3 el informe.<\/p>\n<p>El empleo es otro de los saldos negativos que deja la crisis nacional: <strong>\u00abSe perdieron m\u00e1s de 1.500 puestos de trabajo registrado en los \u00faltimos 18 meses.<\/strong> Si bien en el tercer trimestre hubo una leve mejora de los indicadores laborales, desde el segundo trimestre de 2018 (cuando comenz\u00f3 la crisis nacional) los niveles de desempleo se encuentran por encima de los dos d\u00edgitos (10,8% en el 3er trimestre) y un tercio de los pampeanos tiene problemas de empleo (32,1% seg\u00fan el \u00faltimo registro)\u00bb.<\/p>\n<p>Los sectores m\u00e1s afectados por la crisis nacional -precis\u00f3 el informe- fueron los vinculados al mercado interno, en particular el comercio y la industria.<strong> \u00abEn la Pampa el consumo cay\u00f3 estrepitosamente con quince trimestres consecutivos en baja y una merma de -6,5% i.a. para el 3er trimestre de este a\u00f1o\u00bb<\/strong>, revel\u00f3.<\/p>\n<p>Finalmente, las asfixiantes tasas de inter\u00e9s continuaron afectando la inversi\u00f3n y el crecimiento de las empresas, poniendo en peligro la sustentabilidad de las pymes y de las fuentes de empleo, advirti\u00f3 el Cepam.<\/p>\n<p>\u00abTodos los elementos mencionados confirman la profundidad de la crisis que afecta al pa\u00eds y que repercute en nuestra econom\u00eda.\u00a0<strong>El \u00fanico sector que contrasta radicalmente con este contexto recesivo es el agropecuario vinculado a la exportaci\u00f3n.<\/strong> Las cosechas fina y gruesa fueron excelentes (producci\u00f3n +48,9% i.a.) y s\u00f3lo aparecieron algunos contratiempos clim\u00e1ticos en el \u00faltimo tercio del a\u00f1o. Esto afect\u00f3 la actividad ganadera y las actividades agr\u00edcolas que se deben llevar a cabo entre septiembre y diciembre. El efecto fue una reducci\u00f3n de la cosecha de trigo del 39,8% i.a. y la reducci\u00f3n de la superficie sembrada de girasol de -13,2% i.a\u00bb, se\u00f1al\u00f3 el estudio.<\/p>\n<p>\u00abEsto contribuy\u00f3 a morigerar el impacto de la crisis nacional, aunque no result\u00f3 suficiente para revertir los efectos devastadores sobre la econom\u00eda y el tejido social y productivo de La Pampa\u00bb, cerr\u00f3.<\/p>\n<p style=\"margin: 12px auto 6px auto; font-family: Helvetica,Arial,Sans-serif; font-style: normal; font-variant: normal; font-weight: normal; font-size: 14px; line-height: normal; font-size-adjust: none; font-stretch: normal; -x-system-font: none; display: block;\"><a style=\"text-decoration: underline;\" title=\"View La Econom\u00eda Pampeana en 2019 on Scribd\" href=\"https:\/\/www.scribd.com\/document\/445869964\/La-Economia-Pampeana-en-2019#from_embed\">La Econom\u00eda Pampeana en 2019 <\/a> by <a style=\"text-decoration: underline;\" title=\"View diariotextual's profile on Scribd\" href=\"https:\/\/www.scribd.com\/user\/247128503\/diariotextual#from_embed\">diariotextual<\/a> on Scribd<\/p>\n<p><iframe class=\"scribd_iframe_embed\" title=\"La Econom\u00eda Pampeana en 2019 \" src=\"https:\/\/www.scribd.com\/embeds\/445869964\/content?start_page=1&amp;view_mode=scroll&amp;show_recommendations=true&amp;access_key=key-m0xjIPUXOrB3Hro46NMK\" width=\"600\" height=\"800\" frameborder=\"0\" scrolling=\"no\" data-auto-height=\"false\" data-aspect-ratio=\"0.7080062794348508\"><\/iframe><\/p>\n","protected":false},"excerpt":{"rendered":"<p>Un informe del Centro de Estudios Pampeanos sobre \u00abLa econom\u00eda pampeana en 2019\u00bb, elaborado por los economistas Sebasti\u00e1n Lastiri y Mercedes Rodr\u00edguez, revel\u00f3 el impacto que tuvo la crisis en&hellip;<\/p>\n","protected":false},"author":7,"featured_media":62304,"comment_status":"closed","ping_status":"open","sticky":false,"template":"","format":"standard","meta":{"_acf_changed":false,"footnotes":""},"categories":[319,5],"tags":[2700,1967,1813],"class_list":["post-78805","post","type-post","status-publish","format-standard","has-post-thumbnail","hentry","category-a-temporales","category-economia","tag-cepam","tag-crisis","tag-economia-pampeana"],"acf":[],"yoast_head":"<!-- This site is optimized with the Yoast SEO plugin v27.5 - https:\/\/yoast.com\/product\/yoast-seo-wordpress\/ -->\n<title>La Pampa: se destruyeron 1.500 empleos y el salario perdi\u00f3 16% - Diario Textual<\/title>\n<meta name=\"robots\" content=\"index, follow, max-snippet:-1, max-image-preview:large, max-video-preview:-1\" \/>\n<link rel=\"canonical\" href=\"https:\/\/diariotextual.com\/inicio\/index.php\/2020\/02\/06\/la-pampa-se-destruyeron-1-500-empleos-salario-perdio-16\/\" \/>\n<meta property=\"og:locale\" content=\"es_ES\" \/>\n<meta property=\"og:type\" content=\"article\" \/>\n<meta property=\"og:title\" content=\"La Pampa: se destruyeron 1.500 empleos y el salario perdi\u00f3 16% - Diario Textual\" \/>\n<meta property=\"og:description\" content=\"Un informe del Centro de Estudios Pampeanos sobre \u00abLa econom\u00eda pampeana en 2019\u00bb, elaborado por los economistas Sebasti\u00e1n Lastiri y Mercedes Rodr\u00edguez, revel\u00f3 el impacto que tuvo la crisis en&hellip;\" \/>\n<meta property=\"og:url\" content=\"https:\/\/diariotextual.com\/inicio\/index.php\/2020\/02\/06\/la-pampa-se-destruyeron-1-500-empleos-salario-perdio-16\/\" \/>\n<meta property=\"og:site_name\" content=\"Diario Textual\" \/>\n<meta property=\"article:publisher\" content=\"https:\/\/www.facebook.com\/eltextual\" \/>\n<meta property=\"article:published_time\" content=\"2020-02-06T11:52:05+00:00\" \/>\n<meta property=\"article:modified_time\" content=\"2020-02-07T14:11:17+00:00\" \/>\n<meta property=\"og:image\" content=\"https:\/\/diariotextual.com\/inicio\/wp-content\/uploads\/2019\/09\/industriaobrerotrabajando.jpg\" \/>\n\t<meta property=\"og:image:width\" content=\"1004\" \/>\n\t<meta property=\"og:image:height\" content=\"565\" \/>\n\t<meta property=\"og:image:type\" content=\"image\/jpeg\" \/>\n<meta name=\"author\" content=\"diario5\" \/>\n<meta name=\"twitter:card\" content=\"summary_large_image\" \/>\n<meta name=\"twitter:creator\" content=\"@eltextual\" \/>\n<meta name=\"twitter:site\" content=\"@eltextual\" \/>\n<meta name=\"twitter:label1\" content=\"Escrito por\" \/>\n\t<meta name=\"twitter:data1\" content=\"diario5\" \/>\n\t<meta name=\"twitter:label2\" content=\"Tiempo de lectura\" \/>\n\t<meta name=\"twitter:data2\" content=\"3 minutos\" \/>\n<script type=\"application\/ld+json\" class=\"yoast-schema-graph\">{\"@context\":\"https:\\\/\\\/schema.org\",\"@graph\":[{\"@type\":\"Article\",\"@id\":\"https:\\\/\\\/diariotextual.com\\\/inicio\\\/index.php\\\/2020\\\/02\\\/06\\\/la-pampa-se-destruyeron-1-500-empleos-salario-perdio-16\\\/#article\",\"isPartOf\":{\"@id\":\"https:\\\/\\\/diariotextual.com\\\/inicio\\\/index.php\\\/2020\\\/02\\\/06\\\/la-pampa-se-destruyeron-1-500-empleos-salario-perdio-16\\\/\"},\"author\":{\"name\":\"diario5\",\"@id\":\"https:\\\/\\\/diariotextual.com\\\/inicio\\\/#\\\/schema\\\/person\\\/c7834961ad8b29b1d9cdbf4571299067\"},\"headline\":\"La Pampa: se destruyeron 1.500 empleos y el salario perdi\u00f3 16%\",\"datePublished\":\"2020-02-06T11:52:05+00:00\",\"dateModified\":\"2020-02-07T14:11:17+00:00\",\"mainEntityOfPage\":{\"@id\":\"https:\\\/\\\/diariotextual.com\\\/inicio\\\/index.php\\\/2020\\\/02\\\/06\\\/la-pampa-se-destruyeron-1-500-empleos-salario-perdio-16\\\/\"},\"wordCount\":630,\"publisher\":{\"@id\":\"https:\\\/\\\/diariotextual.com\\\/inicio\\\/#organization\"},\"image\":{\"@id\":\"https:\\\/\\\/diariotextual.com\\\/inicio\\\/index.php\\\/2020\\\/02\\\/06\\\/la-pampa-se-destruyeron-1-500-empleos-salario-perdio-16\\\/#primaryimage\"},\"thumbnailUrl\":\"https:\\\/\\\/diariotextual.com\\\/inicio\\\/wp-content\\\/uploads\\\/2019\\\/09\\\/industriaobrerotrabajando.jpg\",\"keywords\":[\"cepam\",\"Crisis\",\"econom\u00eda pampeana\"],\"articleSection\":[\"A - TEMPORALES\",\"ECONOMIA\"],\"inLanguage\":\"es\"},{\"@type\":\"WebPage\",\"@id\":\"https:\\\/\\\/diariotextual.com\\\/inicio\\\/index.php\\\/2020\\\/02\\\/06\\\/la-pampa-se-destruyeron-1-500-empleos-salario-perdio-16\\\/\",\"url\":\"https:\\\/\\\/diariotextual.com\\\/inicio\\\/index.php\\\/2020\\\/02\\\/06\\\/la-pampa-se-destruyeron-1-500-empleos-salario-perdio-16\\\/\",\"name\":\"La Pampa: se destruyeron 1.500 empleos y el salario perdi\u00f3 16% - Diario Textual\",\"isPartOf\":{\"@id\":\"https:\\\/\\\/diariotextual.com\\\/inicio\\\/#website\"},\"primaryImageOfPage\":{\"@id\":\"https:\\\/\\\/diariotextual.com\\\/inicio\\\/index.php\\\/2020\\\/02\\\/06\\\/la-pampa-se-destruyeron-1-500-empleos-salario-perdio-16\\\/#primaryimage\"},\"image\":{\"@id\":\"https:\\\/\\\/diariotextual.com\\\/inicio\\\/index.php\\\/2020\\\/02\\\/06\\\/la-pampa-se-destruyeron-1-500-empleos-salario-perdio-16\\\/#primaryimage\"},\"thumbnailUrl\":\"https:\\\/\\\/diariotextual.com\\\/inicio\\\/wp-content\\\/uploads\\\/2019\\\/09\\\/industriaobrerotrabajando.jpg\",\"datePublished\":\"2020-02-06T11:52:05+00:00\",\"dateModified\":\"2020-02-07T14:11:17+00:00\",\"breadcrumb\":{\"@id\":\"https:\\\/\\\/diariotextual.com\\\/inicio\\\/index.php\\\/2020\\\/02\\\/06\\\/la-pampa-se-destruyeron-1-500-empleos-salario-perdio-16\\\/#breadcrumb\"},\"inLanguage\":\"es\",\"potentialAction\":[{\"@type\":\"ReadAction\",\"target\":[\"https:\\\/\\\/diariotextual.com\\\/inicio\\\/index.php\\\/2020\\\/02\\\/06\\\/la-pampa-se-destruyeron-1-500-empleos-salario-perdio-16\\\/\"]}]},{\"@type\":\"ImageObject\",\"inLanguage\":\"es\",\"@id\":\"https:\\\/\\\/diariotextual.com\\\/inicio\\\/index.php\\\/2020\\\/02\\\/06\\\/la-pampa-se-destruyeron-1-500-empleos-salario-perdio-16\\\/#primaryimage\",\"url\":\"https:\\\/\\\/diariotextual.com\\\/inicio\\\/wp-content\\\/uploads\\\/2019\\\/09\\\/industriaobrerotrabajando.jpg\",\"contentUrl\":\"https:\\\/\\\/diariotextual.com\\\/inicio\\\/wp-content\\\/uploads\\\/2019\\\/09\\\/industriaobrerotrabajando.jpg\",\"width\":1004,\"height\":565},{\"@type\":\"BreadcrumbList\",\"@id\":\"https:\\\/\\\/diariotextual.com\\\/inicio\\\/index.php\\\/2020\\\/02\\\/06\\\/la-pampa-se-destruyeron-1-500-empleos-salario-perdio-16\\\/#breadcrumb\",\"itemListElement\":[{\"@type\":\"ListItem\",\"position\":1,\"name\":\"Portada\",\"item\":\"https:\\\/\\\/diariotextual.com\\\/inicio\\\/\"},{\"@type\":\"ListItem\",\"position\":2,\"name\":\"La Pampa: se destruyeron 1.500 empleos y el salario perdi\u00f3 16%\"}]},{\"@type\":\"WebSite\",\"@id\":\"https:\\\/\\\/diariotextual.com\\\/inicio\\\/#website\",\"url\":\"https:\\\/\\\/diariotextual.com\\\/inicio\\\/\",\"name\":\"Diario Textual\",\"description\":\"\",\"publisher\":{\"@id\":\"https:\\\/\\\/diariotextual.com\\\/inicio\\\/#organization\"},\"potentialAction\":[{\"@type\":\"SearchAction\",\"target\":{\"@type\":\"EntryPoint\",\"urlTemplate\":\"https:\\\/\\\/diariotextual.com\\\/inicio\\\/?s={search_term_string}\"},\"query-input\":{\"@type\":\"PropertyValueSpecification\",\"valueRequired\":true,\"valueName\":\"search_term_string\"}}],\"inLanguage\":\"es\"},{\"@type\":\"Organization\",\"@id\":\"https:\\\/\\\/diariotextual.com\\\/inicio\\\/#organization\",\"name\":\"Diario Textual\",\"url\":\"https:\\\/\\\/diariotextual.com\\\/inicio\\\/\",\"logo\":{\"@type\":\"ImageObject\",\"inLanguage\":\"es\",\"@id\":\"https:\\\/\\\/diariotextual.com\\\/inicio\\\/#\\\/schema\\\/logo\\\/image\\\/\",\"url\":\"https:\\\/\\\/diariotextual.com\\\/inicio\\\/wp-content\\\/uploads\\\/2023\\\/05\\\/logotextual1.jpg\",\"contentUrl\":\"https:\\\/\\\/diariotextual.com\\\/inicio\\\/wp-content\\\/uploads\\\/2023\\\/05\\\/logotextual1.jpg\",\"width\":516,\"height\":76,\"caption\":\"Diario Textual\"},\"image\":{\"@id\":\"https:\\\/\\\/diariotextual.com\\\/inicio\\\/#\\\/schema\\\/logo\\\/image\\\/\"},\"sameAs\":[\"https:\\\/\\\/www.facebook.com\\\/eltextual\",\"https:\\\/\\\/x.com\\\/eltextual\",\"http:\\\/\\\/www.instagram.com\\\/eltextual\"]},{\"@type\":\"Person\",\"@id\":\"https:\\\/\\\/diariotextual.com\\\/inicio\\\/#\\\/schema\\\/person\\\/c7834961ad8b29b1d9cdbf4571299067\",\"name\":\"diario5\",\"image\":{\"@type\":\"ImageObject\",\"inLanguage\":\"es\",\"@id\":\"https:\\\/\\\/secure.gravatar.com\\\/avatar\\\/948c893b847ca6df68216ead81b63f363408ec9b0f600fefc0641ce78613b111?s=96&d=mm&r=g\",\"url\":\"https:\\\/\\\/secure.gravatar.com\\\/avatar\\\/948c893b847ca6df68216ead81b63f363408ec9b0f600fefc0641ce78613b111?s=96&d=mm&r=g\",\"contentUrl\":\"https:\\\/\\\/secure.gravatar.com\\\/avatar\\\/948c893b847ca6df68216ead81b63f363408ec9b0f600fefc0641ce78613b111?s=96&d=mm&r=g\",\"caption\":\"diario5\"},\"url\":\"https:\\\/\\\/diariotextual.com\\\/inicio\\\/index.php\\\/author\\\/diario5\\\/\"}]}<\/script>\n<!-- \/ Yoast SEO plugin. -->","yoast_head_json":{"title":"La Pampa: se destruyeron 1.500 empleos y el salario perdi\u00f3 16% - Diario Textual","robots":{"index":"index","follow":"follow","max-snippet":"max-snippet:-1","max-image-preview":"max-image-preview:large","max-video-preview":"max-video-preview:-1"},"canonical":"https:\/\/diariotextual.com\/inicio\/index.php\/2020\/02\/06\/la-pampa-se-destruyeron-1-500-empleos-salario-perdio-16\/","og_locale":"es_ES","og_type":"article","og_title":"La Pampa: se destruyeron 1.500 empleos y el salario perdi\u00f3 16% - Diario Textual","og_description":"Un informe del Centro de Estudios Pampeanos sobre \u00abLa econom\u00eda pampeana en 2019\u00bb, elaborado por los economistas Sebasti\u00e1n Lastiri y Mercedes Rodr\u00edguez, revel\u00f3 el impacto que tuvo la crisis en&hellip;","og_url":"https:\/\/diariotextual.com\/inicio\/index.php\/2020\/02\/06\/la-pampa-se-destruyeron-1-500-empleos-salario-perdio-16\/","og_site_name":"Diario Textual","article_publisher":"https:\/\/www.facebook.com\/eltextual","article_published_time":"2020-02-06T11:52:05+00:00","article_modified_time":"2020-02-07T14:11:17+00:00","og_image":[{"width":1004,"height":565,"url":"https:\/\/diariotextual.com\/inicio\/wp-content\/uploads\/2019\/09\/industriaobrerotrabajando.jpg","type":"image\/jpeg"}],"author":"diario5","twitter_card":"summary_large_image","twitter_creator":"@eltextual","twitter_site":"@eltextual","twitter_misc":{"Escrito por":"diario5","Tiempo de lectura":"3 minutos"},"schema":{"@context":"https:\/\/schema.org","@graph":[{"@type":"Article","@id":"https:\/\/diariotextual.com\/inicio\/index.php\/2020\/02\/06\/la-pampa-se-destruyeron-1-500-empleos-salario-perdio-16\/#article","isPartOf":{"@id":"https:\/\/diariotextual.com\/inicio\/index.php\/2020\/02\/06\/la-pampa-se-destruyeron-1-500-empleos-salario-perdio-16\/"},"author":{"name":"diario5","@id":"https:\/\/diariotextual.com\/inicio\/#\/schema\/person\/c7834961ad8b29b1d9cdbf4571299067"},"headline":"La Pampa: se destruyeron 1.500 empleos y el salario perdi\u00f3 16%","datePublished":"2020-02-06T11:52:05+00:00","dateModified":"2020-02-07T14:11:17+00:00","mainEntityOfPage":{"@id":"https:\/\/diariotextual.com\/inicio\/index.php\/2020\/02\/06\/la-pampa-se-destruyeron-1-500-empleos-salario-perdio-16\/"},"wordCount":630,"publisher":{"@id":"https:\/\/diariotextual.com\/inicio\/#organization"},"image":{"@id":"https:\/\/diariotextual.com\/inicio\/index.php\/2020\/02\/06\/la-pampa-se-destruyeron-1-500-empleos-salario-perdio-16\/#primaryimage"},"thumbnailUrl":"https:\/\/diariotextual.com\/inicio\/wp-content\/uploads\/2019\/09\/industriaobrerotrabajando.jpg","keywords":["cepam","Crisis","econom\u00eda pampeana"],"articleSection":["A - TEMPORALES","ECONOMIA"],"inLanguage":"es"},{"@type":"WebPage","@id":"https:\/\/diariotextual.com\/inicio\/index.php\/2020\/02\/06\/la-pampa-se-destruyeron-1-500-empleos-salario-perdio-16\/","url":"https:\/\/diariotextual.com\/inicio\/index.php\/2020\/02\/06\/la-pampa-se-destruyeron-1-500-empleos-salario-perdio-16\/","name":"La Pampa: se destruyeron 1.500 empleos y el salario perdi\u00f3 16% - Diario Textual","isPartOf":{"@id":"https:\/\/diariotextual.com\/inicio\/#website"},"primaryImageOfPage":{"@id":"https:\/\/diariotextual.com\/inicio\/index.php\/2020\/02\/06\/la-pampa-se-destruyeron-1-500-empleos-salario-perdio-16\/#primaryimage"},"image":{"@id":"https:\/\/diariotextual.com\/inicio\/index.php\/2020\/02\/06\/la-pampa-se-destruyeron-1-500-empleos-salario-perdio-16\/#primaryimage"},"thumbnailUrl":"https:\/\/diariotextual.com\/inicio\/wp-content\/uploads\/2019\/09\/industriaobrerotrabajando.jpg","datePublished":"2020-02-06T11:52:05+00:00","dateModified":"2020-02-07T14:11:17+00:00","breadcrumb":{"@id":"https:\/\/diariotextual.com\/inicio\/index.php\/2020\/02\/06\/la-pampa-se-destruyeron-1-500-empleos-salario-perdio-16\/#breadcrumb"},"inLanguage":"es","potentialAction":[{"@type":"ReadAction","target":["https:\/\/diariotextual.com\/inicio\/index.php\/2020\/02\/06\/la-pampa-se-destruyeron-1-500-empleos-salario-perdio-16\/"]}]},{"@type":"ImageObject","inLanguage":"es","@id":"https:\/\/diariotextual.com\/inicio\/index.php\/2020\/02\/06\/la-pampa-se-destruyeron-1-500-empleos-salario-perdio-16\/#primaryimage","url":"https:\/\/diariotextual.com\/inicio\/wp-content\/uploads\/2019\/09\/industriaobrerotrabajando.jpg","contentUrl":"https:\/\/diariotextual.com\/inicio\/wp-content\/uploads\/2019\/09\/industriaobrerotrabajando.jpg","width":1004,"height":565},{"@type":"BreadcrumbList","@id":"https:\/\/diariotextual.com\/inicio\/index.php\/2020\/02\/06\/la-pampa-se-destruyeron-1-500-empleos-salario-perdio-16\/#breadcrumb","itemListElement":[{"@type":"ListItem","position":1,"name":"Portada","item":"https:\/\/diariotextual.com\/inicio\/"},{"@type":"ListItem","position":2,"name":"La Pampa: se destruyeron 1.500 empleos y el salario perdi\u00f3 16%"}]},{"@type":"WebSite","@id":"https:\/\/diariotextual.com\/inicio\/#website","url":"https:\/\/diariotextual.com\/inicio\/","name":"Diario Textual","description":"","publisher":{"@id":"https:\/\/diariotextual.com\/inicio\/#organization"},"potentialAction":[{"@type":"SearchAction","target":{"@type":"EntryPoint","urlTemplate":"https:\/\/diariotextual.com\/inicio\/?s={search_term_string}"},"query-input":{"@type":"PropertyValueSpecification","valueRequired":true,"valueName":"search_term_string"}}],"inLanguage":"es"},{"@type":"Organization","@id":"https:\/\/diariotextual.com\/inicio\/#organization","name":"Diario Textual","url":"https:\/\/diariotextual.com\/inicio\/","logo":{"@type":"ImageObject","inLanguage":"es","@id":"https:\/\/diariotextual.com\/inicio\/#\/schema\/logo\/image\/","url":"https:\/\/diariotextual.com\/inicio\/wp-content\/uploads\/2023\/05\/logotextual1.jpg","contentUrl":"https:\/\/diariotextual.com\/inicio\/wp-content\/uploads\/2023\/05\/logotextual1.jpg","width":516,"height":76,"caption":"Diario Textual"},"image":{"@id":"https:\/\/diariotextual.com\/inicio\/#\/schema\/logo\/image\/"},"sameAs":["https:\/\/www.facebook.com\/eltextual","https:\/\/x.com\/eltextual","http:\/\/www.instagram.com\/eltextual"]},{"@type":"Person","@id":"https:\/\/diariotextual.com\/inicio\/#\/schema\/person\/c7834961ad8b29b1d9cdbf4571299067","name":"diario5","image":{"@type":"ImageObject","inLanguage":"es","@id":"https:\/\/secure.gravatar.com\/avatar\/948c893b847ca6df68216ead81b63f363408ec9b0f600fefc0641ce78613b111?s=96&d=mm&r=g","url":"https:\/\/secure.gravatar.com\/avatar\/948c893b847ca6df68216ead81b63f363408ec9b0f600fefc0641ce78613b111?s=96&d=mm&r=g","contentUrl":"https:\/\/secure.gravatar.com\/avatar\/948c893b847ca6df68216ead81b63f363408ec9b0f600fefc0641ce78613b111?s=96&d=mm&r=g","caption":"diario5"},"url":"https:\/\/diariotextual.com\/inicio\/index.php\/author\/diario5\/"}]}},"_links":{"self":[{"href":"https:\/\/diariotextual.com\/inicio\/index.php\/wp-json\/wp\/v2\/posts\/78805","targetHints":{"allow":["GET"]}}],"collection":[{"href":"https:\/\/diariotextual.com\/inicio\/index.php\/wp-json\/wp\/v2\/posts"}],"about":[{"href":"https:\/\/diariotextual.com\/inicio\/index.php\/wp-json\/wp\/v2\/types\/post"}],"author":[{"embeddable":true,"href":"https:\/\/diariotextual.com\/inicio\/index.php\/wp-json\/wp\/v2\/users\/7"}],"replies":[{"embeddable":true,"href":"https:\/\/diariotextual.com\/inicio\/index.php\/wp-json\/wp\/v2\/comments?post=78805"}],"version-history":[{"count":4,"href":"https:\/\/diariotextual.com\/inicio\/index.php\/wp-json\/wp\/v2\/posts\/78805\/revisions"}],"predecessor-version":[{"id":78811,"href":"https:\/\/diariotextual.com\/inicio\/index.php\/wp-json\/wp\/v2\/posts\/78805\/revisions\/78811"}],"wp:featuredmedia":[{"embeddable":true,"href":"https:\/\/diariotextual.com\/inicio\/index.php\/wp-json\/wp\/v2\/media\/62304"}],"wp:attachment":[{"href":"https:\/\/diariotextual.com\/inicio\/index.php\/wp-json\/wp\/v2\/media?parent=78805"}],"wp:term":[{"taxonomy":"category","embeddable":true,"href":"https:\/\/diariotextual.com\/inicio\/index.php\/wp-json\/wp\/v2\/categories?post=78805"},{"taxonomy":"post_tag","embeddable":true,"href":"https:\/\/diariotextual.com\/inicio\/index.php\/wp-json\/wp\/v2\/tags?post=78805"}],"curies":[{"name":"wp","href":"https:\/\/api.w.org\/{rel}","templated":true}]}}