{"id":78904,"date":"2020-02-06T21:24:20","date_gmt":"2020-02-07T00:24:20","guid":{"rendered":"http:\/\/diariotextual.com\/inicio\/?p=78904"},"modified":"2020-02-06T21:24:20","modified_gmt":"2020-02-07T00:24:20","slug":"ministerio-transporte-definira-avala-los-micros-doble-piso","status":"publish","type":"post","link":"https:\/\/diariotextual.com\/inicio\/index.php\/2020\/02\/06\/ministerio-transporte-definira-avala-los-micros-doble-piso\/","title":{"rendered":"Ministerio de Transporte definir\u00e1 si avala los micros de doble piso"},"content":{"rendered":"<p>El <strong>Ministerio de Transporte de Naci\u00f3n analizar\u00e1 la viabilidad de los micros de doble piso durante 60 d\u00edas<\/strong> para realizar un informe sobre la seguridad de esas unidades y <strong>evaluar\u00e1 penalidades y sanciones en el caso de incumplimiento de descanso de conductores, tras los siniestros de los \u00faltimos cuatro meses<\/strong>, que provocaron 9 muertes y 73 heridos.<\/p>\n<p><!--more--><\/p>\n<p>La cartera a cargo de Mario Meoni dispuso <strong>crear una \u00abComisi\u00f3n de Evaluaci\u00f3n de la Jornada de Trabajo en el servicio de transporte automotor y profundizar el sistema de controles por parte de la CNRT<\/strong>, evaluando las penalidades y sanciones previstas en los casos de incumplimiento a los descansos de los conductores\u00bb, seg\u00fan un comunicado.<\/p>\n<p>En esta comisi\u00f3n participar\u00e1n <strong>un miembro del Ministerio de Trabajo, Empleo y Seguridad Social, un representante de la CNRT y otro de la Superintendencia de Riesgo de Trabajo.<\/strong><\/p>\n<p>El Gobierno Nacional tom\u00f3 esa decisi\u00f3n ante los accidentes que involucran a micros de doble piso y \u00abla falta de medidas adoptadas en materia de seguridad vial en los \u00faltimos a\u00f1os\u00bb, precis\u00f3 el texto.<\/p>\n<p>El jefe de Gabinete, <strong>Santiago Cafiero, sostuvo que \u201csi hay evidencias\u201d de que los micros de larga distancia de doble piso \u201cson inseguros, obviamente se avanzar\u00e1 en medidas\u201d.<\/strong><\/p>\n<p>\u201cEl ministro Meoni est\u00e1 trabajando y dict\u00f3 ciertas resoluciones relacionadas al tema, no s\u00f3lo respecto del doble piso sino tambi\u00e9n relacionadas a las horas de descanso que deben tener los choferes, adem\u00e1s de otras cuestiones que evidentemente no se hab\u00edan hecho durante la gesti\u00f3n anterior\u201d, dijo Cafiero a Radio Continental.<\/p>\n<p>&nbsp;<\/p>\n<p><strong>Siniestros viales<\/strong><\/p>\n<p>El martes, un micro de doble piso de la empresa Via Bariloche, que iba de la localidad bonaerense de Miramar a General Pacheco, volc\u00f3 en la ruta 2, a la altura del peaje de Samboromb\u00f3n, con un saldo de dos muertos y m\u00e1s de 30 heridos.<\/p>\n<p>Este fue el \u00faltimo de una serie de siniestros viales con ese tipo de \u00f3mnibus en los \u00faltimos cuatro meses, en los cuales fallecieron cuatro adultos, cinco menores y hubo al menos 73 heridos.<\/p>\n<p>El secretario general de la Uni\u00f3n de Conductores (UCRA), Silverio G\u00f3mez, agrupado en la Central de los Trabajadores de la Argentina Aut\u00f3noma (CTAA), <strong>atribuy\u00f3 el siniestro vial ocurrido el pasado martes, \u201ca la sobreexplotaci\u00f3n de los choferes\u201d.<\/strong><\/p>\n<p>&nbsp;<\/p>\n<p><strong>Dos meses<\/strong><\/p>\n<p>Mario Meoni pidi\u00f3 al<strong> secretario de Gesti\u00f3n de Transporte iniciar un procedimiento tendiente a determinar la conveniencia, perjuicios, riesgos y viabilidad, entre otras circunstancias, de las unidades de \u00f3mnibus doble piso destinadas al transporte<\/strong> automotor de pasajeros de car\u00e1cter interjurisdiccional.<\/p>\n<p>\u201cLa <strong>Secretar\u00eda de Gesti\u00f3n tendr\u00e1 60 d\u00edas para elevar un informe al ministro Meoni con las medidas recomendadas<\/strong> a adoptar para determinar la conveniencia de la continuidad de los micros de este tipo para larga distancia de doble piso\u201d, explic\u00f3 el comunicado.<\/p>\n<p>Y agreg\u00f3 que <strong>se invitar\u00e1 a las c\u00e1maras del sector, empresas, operadores, y\/o personas f\u00edsicas o jur\u00eddicas de servicios de transporte automotor de pasajeros de car\u00e1cter interjurisdiccional<\/strong>, a participar en las jornadas de evaluaci\u00f3n que sean convocadas por la Comisi\u00f3n de Evaluaci\u00f3n.<\/p>\n<p>La comisi\u00f3n tendr\u00e1 una vigencia de seis meses prorrogable por igual t\u00e9rmino por \u00fanica vez, tras lo cual elevar\u00e1 los resultados de sus actividades y recomendaciones al Ministerio de Transporte. \u201cEsta medida atiende a la intenci\u00f3n del ministro Meoni de revisar las pol\u00edticas de transporte de pasajeros vigentes\u201d, sostuvo el texto.<\/p>\n<p>&nbsp;<\/p>\n<p><strong>Controles<\/strong><\/p>\n<p>El Ministerio de Transporte tambi\u00e9n <strong>requiri\u00f3 a la Comisi\u00f3n Nacional de Regulaci\u00f3n del Transporte (CNRT) aumentar los controles del servicio de transporte automotor de pasajeros interjurisdiccional para promover mayor seguridad,<\/strong> calidad y eficiencia en el servicio, as\u00ed como evaluar el sistema de penalidades vigentes.<\/p>\n<p>El texto prev\u00e9 la posibilidad de <strong>aumentar las sanciones previstas en casos de incumplimiento al r\u00e9gimen de descanso de los conductores.<\/strong><\/p>\n<p>Por \u00faltimo, se le pidi\u00f3 a CNRT presentar una propuesta de implementaci\u00f3n de \u201csistemas de control tecnol\u00f3gicos de la jornada de trabajo y posta de relevo en reemplazo de los sistemas de control actualmente vigentes para el servicio de transporte automotor de pasajeros en sus diversas modalidades\u201d.<\/p>\n<p>Gustavo Gaona, vocero de la C\u00e1mara Empresaria de Larga Distancia (CELADI) asegur\u00f3 a T\u00e9lam que acompa\u00f1an la decisi\u00f3n del Ministerio y agreg\u00f3 que siempre colaboran con cualquier estudio y an\u00e1lisis que mejorar la seguridad en el trasporte vial en la Argentina.<\/p>\n","protected":false},"excerpt":{"rendered":"<p>El Ministerio de Transporte de Naci\u00f3n analizar\u00e1 la viabilidad de los micros de doble piso durante 60 d\u00edas para realizar un informe sobre la seguridad de esas unidades y evaluar\u00e1&hellip;<\/p>\n","protected":false},"author":5,"featured_media":78905,"comment_status":"closed","ping_status":"open","sticky":false,"template":"","format":"standard","meta":{"_acf_changed":false,"footnotes":""},"categories":[4,12],"tags":[],"class_list":["post-78904","post","type-post","status-publish","format-standard","has-post-thumbnail","hentry","category-destacadas","category-sociedad"],"acf":[],"yoast_head":"<!-- This site is optimized with the Yoast SEO plugin v27.5 - https:\/\/yoast.com\/product\/yoast-seo-wordpress\/ -->\n<title>Ministerio de Transporte definir\u00e1 si avala los micros de doble piso - Diario Textual<\/title>\n<meta name=\"robots\" content=\"index, follow, max-snippet:-1, max-image-preview:large, max-video-preview:-1\" \/>\n<link rel=\"canonical\" href=\"https:\/\/diariotextual.com\/inicio\/index.php\/2020\/02\/06\/ministerio-transporte-definira-avala-los-micros-doble-piso\/\" \/>\n<meta property=\"og:locale\" content=\"es_ES\" \/>\n<meta property=\"og:type\" content=\"article\" \/>\n<meta property=\"og:title\" content=\"Ministerio de Transporte definir\u00e1 si avala los micros de doble piso - Diario Textual\" \/>\n<meta property=\"og:description\" content=\"El Ministerio de Transporte de Naci\u00f3n analizar\u00e1 la viabilidad de los micros de doble piso durante 60 d\u00edas para realizar un informe sobre la seguridad de esas unidades y evaluar\u00e1&hellip;\" \/>\n<meta property=\"og:url\" content=\"https:\/\/diariotextual.com\/inicio\/index.php\/2020\/02\/06\/ministerio-transporte-definira-avala-los-micros-doble-piso\/\" \/>\n<meta property=\"og:site_name\" content=\"Diario Textual\" \/>\n<meta property=\"article:publisher\" content=\"https:\/\/www.facebook.com\/eltextual\" \/>\n<meta property=\"article:published_time\" content=\"2020-02-07T00:24:20+00:00\" \/>\n<meta property=\"og:image\" content=\"https:\/\/diariotextual.com\/inicio\/wp-content\/uploads\/2020\/02\/siniestrovialruta2.jpg\" \/>\n\t<meta property=\"og:image:width\" content=\"700\" \/>\n\t<meta property=\"og:image:height\" content=\"412\" \/>\n\t<meta property=\"og:image:type\" content=\"image\/jpeg\" \/>\n<meta name=\"author\" content=\"diario3\" \/>\n<meta name=\"twitter:card\" content=\"summary_large_image\" \/>\n<meta name=\"twitter:creator\" content=\"@eltextual\" \/>\n<meta name=\"twitter:site\" content=\"@eltextual\" \/>\n<meta name=\"twitter:label1\" content=\"Escrito por\" \/>\n\t<meta name=\"twitter:data1\" content=\"diario3\" \/>\n\t<meta name=\"twitter:label2\" content=\"Tiempo de lectura\" \/>\n\t<meta name=\"twitter:data2\" content=\"4 minutos\" \/>\n<script type=\"application\/ld+json\" class=\"yoast-schema-graph\">{\"@context\":\"https:\\\/\\\/schema.org\",\"@graph\":[{\"@type\":\"Article\",\"@id\":\"https:\\\/\\\/diariotextual.com\\\/inicio\\\/index.php\\\/2020\\\/02\\\/06\\\/ministerio-transporte-definira-avala-los-micros-doble-piso\\\/#article\",\"isPartOf\":{\"@id\":\"https:\\\/\\\/diariotextual.com\\\/inicio\\\/index.php\\\/2020\\\/02\\\/06\\\/ministerio-transporte-definira-avala-los-micros-doble-piso\\\/\"},\"author\":{\"name\":\"diario3\",\"@id\":\"https:\\\/\\\/diariotextual.com\\\/inicio\\\/#\\\/schema\\\/person\\\/a1b6f563e0ee944c60f98119389a4d9f\"},\"headline\":\"Ministerio de Transporte definir\u00e1 si avala los micros de doble piso\",\"datePublished\":\"2020-02-07T00:24:20+00:00\",\"mainEntityOfPage\":{\"@id\":\"https:\\\/\\\/diariotextual.com\\\/inicio\\\/index.php\\\/2020\\\/02\\\/06\\\/ministerio-transporte-definira-avala-los-micros-doble-piso\\\/\"},\"wordCount\":757,\"publisher\":{\"@id\":\"https:\\\/\\\/diariotextual.com\\\/inicio\\\/#organization\"},\"image\":{\"@id\":\"https:\\\/\\\/diariotextual.com\\\/inicio\\\/index.php\\\/2020\\\/02\\\/06\\\/ministerio-transporte-definira-avala-los-micros-doble-piso\\\/#primaryimage\"},\"thumbnailUrl\":\"https:\\\/\\\/diariotextual.com\\\/inicio\\\/wp-content\\\/uploads\\\/2020\\\/02\\\/siniestrovialruta2.jpg\",\"articleSection\":[\"A - DESTACADAS (mod 16)\",\"SOCIEDAD\"],\"inLanguage\":\"es\"},{\"@type\":\"WebPage\",\"@id\":\"https:\\\/\\\/diariotextual.com\\\/inicio\\\/index.php\\\/2020\\\/02\\\/06\\\/ministerio-transporte-definira-avala-los-micros-doble-piso\\\/\",\"url\":\"https:\\\/\\\/diariotextual.com\\\/inicio\\\/index.php\\\/2020\\\/02\\\/06\\\/ministerio-transporte-definira-avala-los-micros-doble-piso\\\/\",\"name\":\"Ministerio de Transporte definir\u00e1 si avala los micros de doble piso - Diario Textual\",\"isPartOf\":{\"@id\":\"https:\\\/\\\/diariotextual.com\\\/inicio\\\/#website\"},\"primaryImageOfPage\":{\"@id\":\"https:\\\/\\\/diariotextual.com\\\/inicio\\\/index.php\\\/2020\\\/02\\\/06\\\/ministerio-transporte-definira-avala-los-micros-doble-piso\\\/#primaryimage\"},\"image\":{\"@id\":\"https:\\\/\\\/diariotextual.com\\\/inicio\\\/index.php\\\/2020\\\/02\\\/06\\\/ministerio-transporte-definira-avala-los-micros-doble-piso\\\/#primaryimage\"},\"thumbnailUrl\":\"https:\\\/\\\/diariotextual.com\\\/inicio\\\/wp-content\\\/uploads\\\/2020\\\/02\\\/siniestrovialruta2.jpg\",\"datePublished\":\"2020-02-07T00:24:20+00:00\",\"breadcrumb\":{\"@id\":\"https:\\\/\\\/diariotextual.com\\\/inicio\\\/index.php\\\/2020\\\/02\\\/06\\\/ministerio-transporte-definira-avala-los-micros-doble-piso\\\/#breadcrumb\"},\"inLanguage\":\"es\",\"potentialAction\":[{\"@type\":\"ReadAction\",\"target\":[\"https:\\\/\\\/diariotextual.com\\\/inicio\\\/index.php\\\/2020\\\/02\\\/06\\\/ministerio-transporte-definira-avala-los-micros-doble-piso\\\/\"]}]},{\"@type\":\"ImageObject\",\"inLanguage\":\"es\",\"@id\":\"https:\\\/\\\/diariotextual.com\\\/inicio\\\/index.php\\\/2020\\\/02\\\/06\\\/ministerio-transporte-definira-avala-los-micros-doble-piso\\\/#primaryimage\",\"url\":\"https:\\\/\\\/diariotextual.com\\\/inicio\\\/wp-content\\\/uploads\\\/2020\\\/02\\\/siniestrovialruta2.jpg\",\"contentUrl\":\"https:\\\/\\\/diariotextual.com\\\/inicio\\\/wp-content\\\/uploads\\\/2020\\\/02\\\/siniestrovialruta2.jpg\",\"width\":700,\"height\":412},{\"@type\":\"BreadcrumbList\",\"@id\":\"https:\\\/\\\/diariotextual.com\\\/inicio\\\/index.php\\\/2020\\\/02\\\/06\\\/ministerio-transporte-definira-avala-los-micros-doble-piso\\\/#breadcrumb\",\"itemListElement\":[{\"@type\":\"ListItem\",\"position\":1,\"name\":\"Portada\",\"item\":\"https:\\\/\\\/diariotextual.com\\\/inicio\\\/\"},{\"@type\":\"ListItem\",\"position\":2,\"name\":\"Ministerio de Transporte definir\u00e1 si avala los micros de doble piso\"}]},{\"@type\":\"WebSite\",\"@id\":\"https:\\\/\\\/diariotextual.com\\\/inicio\\\/#website\",\"url\":\"https:\\\/\\\/diariotextual.com\\\/inicio\\\/\",\"name\":\"Diario Textual\",\"description\":\"\",\"publisher\":{\"@id\":\"https:\\\/\\\/diariotextual.com\\\/inicio\\\/#organization\"},\"potentialAction\":[{\"@type\":\"SearchAction\",\"target\":{\"@type\":\"EntryPoint\",\"urlTemplate\":\"https:\\\/\\\/diariotextual.com\\\/inicio\\\/?s={search_term_string}\"},\"query-input\":{\"@type\":\"PropertyValueSpecification\",\"valueRequired\":true,\"valueName\":\"search_term_string\"}}],\"inLanguage\":\"es\"},{\"@type\":\"Organization\",\"@id\":\"https:\\\/\\\/diariotextual.com\\\/inicio\\\/#organization\",\"name\":\"Diario Textual\",\"url\":\"https:\\\/\\\/diariotextual.com\\\/inicio\\\/\",\"logo\":{\"@type\":\"ImageObject\",\"inLanguage\":\"es\",\"@id\":\"https:\\\/\\\/diariotextual.com\\\/inicio\\\/#\\\/schema\\\/logo\\\/image\\\/\",\"url\":\"https:\\\/\\\/diariotextual.com\\\/inicio\\\/wp-content\\\/uploads\\\/2023\\\/05\\\/logotextual1.jpg\",\"contentUrl\":\"https:\\\/\\\/diariotextual.com\\\/inicio\\\/wp-content\\\/uploads\\\/2023\\\/05\\\/logotextual1.jpg\",\"width\":516,\"height\":76,\"caption\":\"Diario Textual\"},\"image\":{\"@id\":\"https:\\\/\\\/diariotextual.com\\\/inicio\\\/#\\\/schema\\\/logo\\\/image\\\/\"},\"sameAs\":[\"https:\\\/\\\/www.facebook.com\\\/eltextual\",\"https:\\\/\\\/x.com\\\/eltextual\",\"http:\\\/\\\/www.instagram.com\\\/eltextual\"]},{\"@type\":\"Person\",\"@id\":\"https:\\\/\\\/diariotextual.com\\\/inicio\\\/#\\\/schema\\\/person\\\/a1b6f563e0ee944c60f98119389a4d9f\",\"name\":\"diario3\",\"image\":{\"@type\":\"ImageObject\",\"inLanguage\":\"es\",\"@id\":\"https:\\\/\\\/secure.gravatar.com\\\/avatar\\\/5e7ee62c82fc04d9dd79d746a390d93c69c43223e5faeeb3ea9461ef752bfc5d?s=96&d=mm&r=g\",\"url\":\"https:\\\/\\\/secure.gravatar.com\\\/avatar\\\/5e7ee62c82fc04d9dd79d746a390d93c69c43223e5faeeb3ea9461ef752bfc5d?s=96&d=mm&r=g\",\"contentUrl\":\"https:\\\/\\\/secure.gravatar.com\\\/avatar\\\/5e7ee62c82fc04d9dd79d746a390d93c69c43223e5faeeb3ea9461ef752bfc5d?s=96&d=mm&r=g\",\"caption\":\"diario3\"},\"url\":\"https:\\\/\\\/diariotextual.com\\\/inicio\\\/index.php\\\/author\\\/diario3\\\/\"}]}<\/script>\n<!-- \/ Yoast SEO plugin. -->","yoast_head_json":{"title":"Ministerio de Transporte definir\u00e1 si avala los micros de doble piso - Diario Textual","robots":{"index":"index","follow":"follow","max-snippet":"max-snippet:-1","max-image-preview":"max-image-preview:large","max-video-preview":"max-video-preview:-1"},"canonical":"https:\/\/diariotextual.com\/inicio\/index.php\/2020\/02\/06\/ministerio-transporte-definira-avala-los-micros-doble-piso\/","og_locale":"es_ES","og_type":"article","og_title":"Ministerio de Transporte definir\u00e1 si avala los micros de doble piso - Diario Textual","og_description":"El Ministerio de Transporte de Naci\u00f3n analizar\u00e1 la viabilidad de los micros de doble piso durante 60 d\u00edas para realizar un informe sobre la seguridad de esas unidades y evaluar\u00e1&hellip;","og_url":"https:\/\/diariotextual.com\/inicio\/index.php\/2020\/02\/06\/ministerio-transporte-definira-avala-los-micros-doble-piso\/","og_site_name":"Diario Textual","article_publisher":"https:\/\/www.facebook.com\/eltextual","article_published_time":"2020-02-07T00:24:20+00:00","og_image":[{"width":700,"height":412,"url":"https:\/\/diariotextual.com\/inicio\/wp-content\/uploads\/2020\/02\/siniestrovialruta2.jpg","type":"image\/jpeg"}],"author":"diario3","twitter_card":"summary_large_image","twitter_creator":"@eltextual","twitter_site":"@eltextual","twitter_misc":{"Escrito por":"diario3","Tiempo de lectura":"4 minutos"},"schema":{"@context":"https:\/\/schema.org","@graph":[{"@type":"Article","@id":"https:\/\/diariotextual.com\/inicio\/index.php\/2020\/02\/06\/ministerio-transporte-definira-avala-los-micros-doble-piso\/#article","isPartOf":{"@id":"https:\/\/diariotextual.com\/inicio\/index.php\/2020\/02\/06\/ministerio-transporte-definira-avala-los-micros-doble-piso\/"},"author":{"name":"diario3","@id":"https:\/\/diariotextual.com\/inicio\/#\/schema\/person\/a1b6f563e0ee944c60f98119389a4d9f"},"headline":"Ministerio de Transporte definir\u00e1 si avala los micros de doble piso","datePublished":"2020-02-07T00:24:20+00:00","mainEntityOfPage":{"@id":"https:\/\/diariotextual.com\/inicio\/index.php\/2020\/02\/06\/ministerio-transporte-definira-avala-los-micros-doble-piso\/"},"wordCount":757,"publisher":{"@id":"https:\/\/diariotextual.com\/inicio\/#organization"},"image":{"@id":"https:\/\/diariotextual.com\/inicio\/index.php\/2020\/02\/06\/ministerio-transporte-definira-avala-los-micros-doble-piso\/#primaryimage"},"thumbnailUrl":"https:\/\/diariotextual.com\/inicio\/wp-content\/uploads\/2020\/02\/siniestrovialruta2.jpg","articleSection":["A - DESTACADAS (mod 16)","SOCIEDAD"],"inLanguage":"es"},{"@type":"WebPage","@id":"https:\/\/diariotextual.com\/inicio\/index.php\/2020\/02\/06\/ministerio-transporte-definira-avala-los-micros-doble-piso\/","url":"https:\/\/diariotextual.com\/inicio\/index.php\/2020\/02\/06\/ministerio-transporte-definira-avala-los-micros-doble-piso\/","name":"Ministerio de Transporte definir\u00e1 si avala los micros de doble piso - Diario Textual","isPartOf":{"@id":"https:\/\/diariotextual.com\/inicio\/#website"},"primaryImageOfPage":{"@id":"https:\/\/diariotextual.com\/inicio\/index.php\/2020\/02\/06\/ministerio-transporte-definira-avala-los-micros-doble-piso\/#primaryimage"},"image":{"@id":"https:\/\/diariotextual.com\/inicio\/index.php\/2020\/02\/06\/ministerio-transporte-definira-avala-los-micros-doble-piso\/#primaryimage"},"thumbnailUrl":"https:\/\/diariotextual.com\/inicio\/wp-content\/uploads\/2020\/02\/siniestrovialruta2.jpg","datePublished":"2020-02-07T00:24:20+00:00","breadcrumb":{"@id":"https:\/\/diariotextual.com\/inicio\/index.php\/2020\/02\/06\/ministerio-transporte-definira-avala-los-micros-doble-piso\/#breadcrumb"},"inLanguage":"es","potentialAction":[{"@type":"ReadAction","target":["https:\/\/diariotextual.com\/inicio\/index.php\/2020\/02\/06\/ministerio-transporte-definira-avala-los-micros-doble-piso\/"]}]},{"@type":"ImageObject","inLanguage":"es","@id":"https:\/\/diariotextual.com\/inicio\/index.php\/2020\/02\/06\/ministerio-transporte-definira-avala-los-micros-doble-piso\/#primaryimage","url":"https:\/\/diariotextual.com\/inicio\/wp-content\/uploads\/2020\/02\/siniestrovialruta2.jpg","contentUrl":"https:\/\/diariotextual.com\/inicio\/wp-content\/uploads\/2020\/02\/siniestrovialruta2.jpg","width":700,"height":412},{"@type":"BreadcrumbList","@id":"https:\/\/diariotextual.com\/inicio\/index.php\/2020\/02\/06\/ministerio-transporte-definira-avala-los-micros-doble-piso\/#breadcrumb","itemListElement":[{"@type":"ListItem","position":1,"name":"Portada","item":"https:\/\/diariotextual.com\/inicio\/"},{"@type":"ListItem","position":2,"name":"Ministerio de Transporte definir\u00e1 si avala los micros de doble piso"}]},{"@type":"WebSite","@id":"https:\/\/diariotextual.com\/inicio\/#website","url":"https:\/\/diariotextual.com\/inicio\/","name":"Diario Textual","description":"","publisher":{"@id":"https:\/\/diariotextual.com\/inicio\/#organization"},"potentialAction":[{"@type":"SearchAction","target":{"@type":"EntryPoint","urlTemplate":"https:\/\/diariotextual.com\/inicio\/?s={search_term_string}"},"query-input":{"@type":"PropertyValueSpecification","valueRequired":true,"valueName":"search_term_string"}}],"inLanguage":"es"},{"@type":"Organization","@id":"https:\/\/diariotextual.com\/inicio\/#organization","name":"Diario Textual","url":"https:\/\/diariotextual.com\/inicio\/","logo":{"@type":"ImageObject","inLanguage":"es","@id":"https:\/\/diariotextual.com\/inicio\/#\/schema\/logo\/image\/","url":"https:\/\/diariotextual.com\/inicio\/wp-content\/uploads\/2023\/05\/logotextual1.jpg","contentUrl":"https:\/\/diariotextual.com\/inicio\/wp-content\/uploads\/2023\/05\/logotextual1.jpg","width":516,"height":76,"caption":"Diario Textual"},"image":{"@id":"https:\/\/diariotextual.com\/inicio\/#\/schema\/logo\/image\/"},"sameAs":["https:\/\/www.facebook.com\/eltextual","https:\/\/x.com\/eltextual","http:\/\/www.instagram.com\/eltextual"]},{"@type":"Person","@id":"https:\/\/diariotextual.com\/inicio\/#\/schema\/person\/a1b6f563e0ee944c60f98119389a4d9f","name":"diario3","image":{"@type":"ImageObject","inLanguage":"es","@id":"https:\/\/secure.gravatar.com\/avatar\/5e7ee62c82fc04d9dd79d746a390d93c69c43223e5faeeb3ea9461ef752bfc5d?s=96&d=mm&r=g","url":"https:\/\/secure.gravatar.com\/avatar\/5e7ee62c82fc04d9dd79d746a390d93c69c43223e5faeeb3ea9461ef752bfc5d?s=96&d=mm&r=g","contentUrl":"https:\/\/secure.gravatar.com\/avatar\/5e7ee62c82fc04d9dd79d746a390d93c69c43223e5faeeb3ea9461ef752bfc5d?s=96&d=mm&r=g","caption":"diario3"},"url":"https:\/\/diariotextual.com\/inicio\/index.php\/author\/diario3\/"}]}},"_links":{"self":[{"href":"https:\/\/diariotextual.com\/inicio\/index.php\/wp-json\/wp\/v2\/posts\/78904","targetHints":{"allow":["GET"]}}],"collection":[{"href":"https:\/\/diariotextual.com\/inicio\/index.php\/wp-json\/wp\/v2\/posts"}],"about":[{"href":"https:\/\/diariotextual.com\/inicio\/index.php\/wp-json\/wp\/v2\/types\/post"}],"author":[{"embeddable":true,"href":"https:\/\/diariotextual.com\/inicio\/index.php\/wp-json\/wp\/v2\/users\/5"}],"replies":[{"embeddable":true,"href":"https:\/\/diariotextual.com\/inicio\/index.php\/wp-json\/wp\/v2\/comments?post=78904"}],"version-history":[{"count":1,"href":"https:\/\/diariotextual.com\/inicio\/index.php\/wp-json\/wp\/v2\/posts\/78904\/revisions"}],"predecessor-version":[{"id":78906,"href":"https:\/\/diariotextual.com\/inicio\/index.php\/wp-json\/wp\/v2\/posts\/78904\/revisions\/78906"}],"wp:featuredmedia":[{"embeddable":true,"href":"https:\/\/diariotextual.com\/inicio\/index.php\/wp-json\/wp\/v2\/media\/78905"}],"wp:attachment":[{"href":"https:\/\/diariotextual.com\/inicio\/index.php\/wp-json\/wp\/v2\/media?parent=78904"}],"wp:term":[{"taxonomy":"category","embeddable":true,"href":"https:\/\/diariotextual.com\/inicio\/index.php\/wp-json\/wp\/v2\/categories?post=78904"},{"taxonomy":"post_tag","embeddable":true,"href":"https:\/\/diariotextual.com\/inicio\/index.php\/wp-json\/wp\/v2\/tags?post=78904"}],"curies":[{"name":"wp","href":"https:\/\/api.w.org\/{rel}","templated":true}]}}