{"id":79767,"date":"2020-02-14T09:28:12","date_gmt":"2020-02-14T12:28:12","guid":{"rendered":"http:\/\/diariotextual.com\/inicio\/?p=79767"},"modified":"2020-02-14T12:58:22","modified_gmt":"2020-02-14T15:58:22","slug":"caso-vicentin-imputaron-gonzalez-fraga-irregularidades-del-banco-nacion","status":"publish","type":"post","link":"https:\/\/diariotextual.com\/inicio\/index.php\/2020\/02\/14\/caso-vicentin-imputaron-gonzalez-fraga-irregularidades-del-banco-nacion\/","title":{"rendered":"Caso Vicent\u00edn: imputaron a Gonz\u00e1lez Fraga por irregularidades del Banco Naci\u00f3n"},"content":{"rendered":"<p>El fiscal federal <strong>Gerardo Pollicita imput\u00f3 hoy a Javier Gonz\u00e1lez Fraga<\/strong>, el \u00faltimo presidente del <strong>Banco Naci\u00f3n durante el macrismo<\/strong>, en la causa en la que se investiga<strong> si las autoridades de la principal entidad bancaria estatal cometieron delito cuando le permitieron a la cerealera Vicent\u00edn acumular una deuda $18.500 millones en contra de las normativas<\/strong> que rigen el funcionamiento del banco.<\/p>\n<p>El fiscal Pollicita impuls\u00f3 la investigaci\u00f3n por la posible defraudaci\u00f3n no solo contra quien presidi\u00f3 el Banco Naci\u00f3n en los \u00faltimos tiempos del gobierno de Mauricio Macri, sino tambi\u00e9n contra los empresarios<strong> Alberto Pado\u00e1n y Gustavo Nardelli<\/strong>, quienes encabezan la firma Vicent\u00edn. Pado\u00e1n estuvo involucrado en la causa que se inici\u00f3 a partir de las anotaciones del chofer Oscar Centeno, donde se determin\u00f3 que hab\u00eda empresarios que pagaban coimas a ex funcionarios kirchneristas.<\/p>\n<p>El conflicto comenz\u00f3 cuando a principios de diciembre 2019 Vicent\u00edn inform\u00f3 que entr\u00f3 en un proceso de \u201creestructuraci\u00f3n de pagos\u201d a partir de una situaci\u00f3n de \u201cestr\u00e9s financiero\u201d. <strong>La noticia mostraba c\u00f3mo la principal aceitera de Santa Fe y una de las m\u00e1s grandes del pa\u00eds entraba en cesaci\u00f3n de pagos con una deuda bancaria total de poco m\u00e1s de $23.500 millones.<\/strong><\/p>\n<p>Luego se conoci\u00f3 que del total de la deuda<strong>, $18.500 millones corresponden a un cr\u00e9dito otorgado por el Banco Naci\u00f3n, lo que se tradujo en fuertes cr\u00edticas a la conducci\u00f3n de Gonz\u00e1lez Fraga en el Banco Naci\u00f3n ya que este cr\u00e9dito superar\u00eda los l\u00edmites<\/strong> establecidos por la normativa bancaria y representan m\u00e1s del 20% del patrimonio computable de la entidad.<\/p>\n<p>&nbsp;<\/p>\n","protected":false},"excerpt":{"rendered":"<p>El fiscal federal Gerardo Pollicita imput\u00f3 hoy a Javier Gonz\u00e1lez Fraga, el \u00faltimo presidente del Banco Naci\u00f3n durante el macrismo, en la causa en la que se investiga si las&hellip;<\/p>\n","protected":false},"author":3,"featured_media":79769,"comment_status":"closed","ping_status":"open","sticky":false,"template":"","format":"standard","meta":{"_acf_changed":false,"footnotes":""},"categories":[11,5],"tags":[2723],"class_list":["post-79767","post","type-post","status-publish","format-standard","has-post-thumbnail","hentry","category-que-pasa","category-economia","tag-vicentin"],"acf":[],"yoast_head":"<!-- This site is optimized with the Yoast SEO plugin v27.5 - https:\/\/yoast.com\/product\/yoast-seo-wordpress\/ -->\n<title>Caso Vicent\u00edn: imputaron a Gonz\u00e1lez Fraga por irregularidades del Banco Naci\u00f3n - Diario Textual<\/title>\n<meta name=\"robots\" content=\"index, follow, max-snippet:-1, max-image-preview:large, max-video-preview:-1\" \/>\n<link rel=\"canonical\" href=\"https:\/\/diariotextual.com\/inicio\/index.php\/2020\/02\/14\/caso-vicentin-imputaron-gonzalez-fraga-irregularidades-del-banco-nacion\/\" \/>\n<meta property=\"og:locale\" content=\"es_ES\" \/>\n<meta property=\"og:type\" content=\"article\" \/>\n<meta property=\"og:title\" content=\"Caso Vicent\u00edn: imputaron a Gonz\u00e1lez Fraga por irregularidades del Banco Naci\u00f3n - Diario Textual\" \/>\n<meta property=\"og:description\" content=\"El fiscal federal Gerardo Pollicita imput\u00f3 hoy a Javier Gonz\u00e1lez Fraga, el \u00faltimo presidente del Banco Naci\u00f3n durante el macrismo, en la causa en la que se investiga si las&hellip;\" \/>\n<meta property=\"og:url\" content=\"https:\/\/diariotextual.com\/inicio\/index.php\/2020\/02\/14\/caso-vicentin-imputaron-gonzalez-fraga-irregularidades-del-banco-nacion\/\" \/>\n<meta property=\"og:site_name\" content=\"Diario Textual\" \/>\n<meta property=\"article:publisher\" content=\"https:\/\/www.facebook.com\/eltextual\" \/>\n<meta property=\"article:published_time\" content=\"2020-02-14T12:28:12+00:00\" \/>\n<meta property=\"article:modified_time\" content=\"2020-02-14T15:58:22+00:00\" \/>\n<meta property=\"og:image\" content=\"https:\/\/diariotextual.com\/inicio\/wp-content\/uploads\/2020\/02\/fragagonzaleztelam9.jpg\" \/>\n\t<meta property=\"og:image:width\" content=\"1004\" \/>\n\t<meta property=\"og:image:height\" content=\"565\" \/>\n\t<meta property=\"og:image:type\" content=\"image\/jpeg\" \/>\n<meta name=\"author\" content=\"Diario1 Diario1\" \/>\n<meta name=\"twitter:card\" content=\"summary_large_image\" \/>\n<meta name=\"twitter:creator\" content=\"@eltextual\" \/>\n<meta name=\"twitter:site\" content=\"@eltextual\" \/>\n<meta name=\"twitter:label1\" content=\"Escrito por\" \/>\n\t<meta name=\"twitter:data1\" content=\"Diario1 Diario1\" \/>\n\t<meta name=\"twitter:label2\" content=\"Tiempo de lectura\" \/>\n\t<meta name=\"twitter:data2\" content=\"1 minuto\" \/>\n<script type=\"application\/ld+json\" class=\"yoast-schema-graph\">{\"@context\":\"https:\\\/\\\/schema.org\",\"@graph\":[{\"@type\":\"Article\",\"@id\":\"https:\\\/\\\/diariotextual.com\\\/inicio\\\/index.php\\\/2020\\\/02\\\/14\\\/caso-vicentin-imputaron-gonzalez-fraga-irregularidades-del-banco-nacion\\\/#article\",\"isPartOf\":{\"@id\":\"https:\\\/\\\/diariotextual.com\\\/inicio\\\/index.php\\\/2020\\\/02\\\/14\\\/caso-vicentin-imputaron-gonzalez-fraga-irregularidades-del-banco-nacion\\\/\"},\"author\":{\"name\":\"Diario1 Diario1\",\"@id\":\"https:\\\/\\\/diariotextual.com\\\/inicio\\\/#\\\/schema\\\/person\\\/418fc4093c33e86ed41562db3508f958\"},\"headline\":\"Caso Vicent\u00edn: imputaron a Gonz\u00e1lez Fraga por irregularidades del Banco Naci\u00f3n\",\"datePublished\":\"2020-02-14T12:28:12+00:00\",\"dateModified\":\"2020-02-14T15:58:22+00:00\",\"mainEntityOfPage\":{\"@id\":\"https:\\\/\\\/diariotextual.com\\\/inicio\\\/index.php\\\/2020\\\/02\\\/14\\\/caso-vicentin-imputaron-gonzalez-fraga-irregularidades-del-banco-nacion\\\/\"},\"wordCount\":297,\"publisher\":{\"@id\":\"https:\\\/\\\/diariotextual.com\\\/inicio\\\/#organization\"},\"image\":{\"@id\":\"https:\\\/\\\/diariotextual.com\\\/inicio\\\/index.php\\\/2020\\\/02\\\/14\\\/caso-vicentin-imputaron-gonzalez-fraga-irregularidades-del-banco-nacion\\\/#primaryimage\"},\"thumbnailUrl\":\"https:\\\/\\\/diariotextual.com\\\/inicio\\\/wp-content\\\/uploads\\\/2020\\\/02\\\/fragagonzaleztelam9.jpg\",\"keywords\":[\"vicentin\"],\"articleSection\":[\"A - QUE PASA (al costado)\",\"ECONOMIA\"],\"inLanguage\":\"es\"},{\"@type\":\"WebPage\",\"@id\":\"https:\\\/\\\/diariotextual.com\\\/inicio\\\/index.php\\\/2020\\\/02\\\/14\\\/caso-vicentin-imputaron-gonzalez-fraga-irregularidades-del-banco-nacion\\\/\",\"url\":\"https:\\\/\\\/diariotextual.com\\\/inicio\\\/index.php\\\/2020\\\/02\\\/14\\\/caso-vicentin-imputaron-gonzalez-fraga-irregularidades-del-banco-nacion\\\/\",\"name\":\"Caso Vicent\u00edn: imputaron a Gonz\u00e1lez Fraga por irregularidades del Banco Naci\u00f3n - Diario Textual\",\"isPartOf\":{\"@id\":\"https:\\\/\\\/diariotextual.com\\\/inicio\\\/#website\"},\"primaryImageOfPage\":{\"@id\":\"https:\\\/\\\/diariotextual.com\\\/inicio\\\/index.php\\\/2020\\\/02\\\/14\\\/caso-vicentin-imputaron-gonzalez-fraga-irregularidades-del-banco-nacion\\\/#primaryimage\"},\"image\":{\"@id\":\"https:\\\/\\\/diariotextual.com\\\/inicio\\\/index.php\\\/2020\\\/02\\\/14\\\/caso-vicentin-imputaron-gonzalez-fraga-irregularidades-del-banco-nacion\\\/#primaryimage\"},\"thumbnailUrl\":\"https:\\\/\\\/diariotextual.com\\\/inicio\\\/wp-content\\\/uploads\\\/2020\\\/02\\\/fragagonzaleztelam9.jpg\",\"datePublished\":\"2020-02-14T12:28:12+00:00\",\"dateModified\":\"2020-02-14T15:58:22+00:00\",\"breadcrumb\":{\"@id\":\"https:\\\/\\\/diariotextual.com\\\/inicio\\\/index.php\\\/2020\\\/02\\\/14\\\/caso-vicentin-imputaron-gonzalez-fraga-irregularidades-del-banco-nacion\\\/#breadcrumb\"},\"inLanguage\":\"es\",\"potentialAction\":[{\"@type\":\"ReadAction\",\"target\":[\"https:\\\/\\\/diariotextual.com\\\/inicio\\\/index.php\\\/2020\\\/02\\\/14\\\/caso-vicentin-imputaron-gonzalez-fraga-irregularidades-del-banco-nacion\\\/\"]}]},{\"@type\":\"ImageObject\",\"inLanguage\":\"es\",\"@id\":\"https:\\\/\\\/diariotextual.com\\\/inicio\\\/index.php\\\/2020\\\/02\\\/14\\\/caso-vicentin-imputaron-gonzalez-fraga-irregularidades-del-banco-nacion\\\/#primaryimage\",\"url\":\"https:\\\/\\\/diariotextual.com\\\/inicio\\\/wp-content\\\/uploads\\\/2020\\\/02\\\/fragagonzaleztelam9.jpg\",\"contentUrl\":\"https:\\\/\\\/diariotextual.com\\\/inicio\\\/wp-content\\\/uploads\\\/2020\\\/02\\\/fragagonzaleztelam9.jpg\",\"width\":1004,\"height\":565},{\"@type\":\"BreadcrumbList\",\"@id\":\"https:\\\/\\\/diariotextual.com\\\/inicio\\\/index.php\\\/2020\\\/02\\\/14\\\/caso-vicentin-imputaron-gonzalez-fraga-irregularidades-del-banco-nacion\\\/#breadcrumb\",\"itemListElement\":[{\"@type\":\"ListItem\",\"position\":1,\"name\":\"Portada\",\"item\":\"https:\\\/\\\/diariotextual.com\\\/inicio\\\/\"},{\"@type\":\"ListItem\",\"position\":2,\"name\":\"Caso Vicent\u00edn: imputaron a Gonz\u00e1lez Fraga por irregularidades del Banco Naci\u00f3n\"}]},{\"@type\":\"WebSite\",\"@id\":\"https:\\\/\\\/diariotextual.com\\\/inicio\\\/#website\",\"url\":\"https:\\\/\\\/diariotextual.com\\\/inicio\\\/\",\"name\":\"Diario Textual\",\"description\":\"\",\"publisher\":{\"@id\":\"https:\\\/\\\/diariotextual.com\\\/inicio\\\/#organization\"},\"potentialAction\":[{\"@type\":\"SearchAction\",\"target\":{\"@type\":\"EntryPoint\",\"urlTemplate\":\"https:\\\/\\\/diariotextual.com\\\/inicio\\\/?s={search_term_string}\"},\"query-input\":{\"@type\":\"PropertyValueSpecification\",\"valueRequired\":true,\"valueName\":\"search_term_string\"}}],\"inLanguage\":\"es\"},{\"@type\":\"Organization\",\"@id\":\"https:\\\/\\\/diariotextual.com\\\/inicio\\\/#organization\",\"name\":\"Diario Textual\",\"url\":\"https:\\\/\\\/diariotextual.com\\\/inicio\\\/\",\"logo\":{\"@type\":\"ImageObject\",\"inLanguage\":\"es\",\"@id\":\"https:\\\/\\\/diariotextual.com\\\/inicio\\\/#\\\/schema\\\/logo\\\/image\\\/\",\"url\":\"https:\\\/\\\/diariotextual.com\\\/inicio\\\/wp-content\\\/uploads\\\/2023\\\/05\\\/logotextual1.jpg\",\"contentUrl\":\"https:\\\/\\\/diariotextual.com\\\/inicio\\\/wp-content\\\/uploads\\\/2023\\\/05\\\/logotextual1.jpg\",\"width\":516,\"height\":76,\"caption\":\"Diario Textual\"},\"image\":{\"@id\":\"https:\\\/\\\/diariotextual.com\\\/inicio\\\/#\\\/schema\\\/logo\\\/image\\\/\"},\"sameAs\":[\"https:\\\/\\\/www.facebook.com\\\/eltextual\",\"https:\\\/\\\/x.com\\\/eltextual\",\"http:\\\/\\\/www.instagram.com\\\/eltextual\"]},{\"@type\":\"Person\",\"@id\":\"https:\\\/\\\/diariotextual.com\\\/inicio\\\/#\\\/schema\\\/person\\\/418fc4093c33e86ed41562db3508f958\",\"name\":\"Diario1 Diario1\",\"image\":{\"@type\":\"ImageObject\",\"inLanguage\":\"es\",\"@id\":\"https:\\\/\\\/secure.gravatar.com\\\/avatar\\\/9167d280179c85bc18be67aa7eda765854300033af4896dd779b608640f2ef7a?s=96&d=mm&r=g\",\"url\":\"https:\\\/\\\/secure.gravatar.com\\\/avatar\\\/9167d280179c85bc18be67aa7eda765854300033af4896dd779b608640f2ef7a?s=96&d=mm&r=g\",\"contentUrl\":\"https:\\\/\\\/secure.gravatar.com\\\/avatar\\\/9167d280179c85bc18be67aa7eda765854300033af4896dd779b608640f2ef7a?s=96&d=mm&r=g\",\"caption\":\"Diario1 Diario1\"},\"url\":\"https:\\\/\\\/diariotextual.com\\\/inicio\\\/index.php\\\/author\\\/diario1\\\/\"}]}<\/script>\n<!-- \/ Yoast SEO plugin. -->","yoast_head_json":{"title":"Caso Vicent\u00edn: imputaron a Gonz\u00e1lez Fraga por irregularidades del Banco Naci\u00f3n - Diario Textual","robots":{"index":"index","follow":"follow","max-snippet":"max-snippet:-1","max-image-preview":"max-image-preview:large","max-video-preview":"max-video-preview:-1"},"canonical":"https:\/\/diariotextual.com\/inicio\/index.php\/2020\/02\/14\/caso-vicentin-imputaron-gonzalez-fraga-irregularidades-del-banco-nacion\/","og_locale":"es_ES","og_type":"article","og_title":"Caso Vicent\u00edn: imputaron a Gonz\u00e1lez Fraga por irregularidades del Banco Naci\u00f3n - Diario Textual","og_description":"El fiscal federal Gerardo Pollicita imput\u00f3 hoy a Javier Gonz\u00e1lez Fraga, el \u00faltimo presidente del Banco Naci\u00f3n durante el macrismo, en la causa en la que se investiga si las&hellip;","og_url":"https:\/\/diariotextual.com\/inicio\/index.php\/2020\/02\/14\/caso-vicentin-imputaron-gonzalez-fraga-irregularidades-del-banco-nacion\/","og_site_name":"Diario Textual","article_publisher":"https:\/\/www.facebook.com\/eltextual","article_published_time":"2020-02-14T12:28:12+00:00","article_modified_time":"2020-02-14T15:58:22+00:00","og_image":[{"width":1004,"height":565,"url":"https:\/\/diariotextual.com\/inicio\/wp-content\/uploads\/2020\/02\/fragagonzaleztelam9.jpg","type":"image\/jpeg"}],"author":"Diario1 Diario1","twitter_card":"summary_large_image","twitter_creator":"@eltextual","twitter_site":"@eltextual","twitter_misc":{"Escrito por":"Diario1 Diario1","Tiempo de lectura":"1 minuto"},"schema":{"@context":"https:\/\/schema.org","@graph":[{"@type":"Article","@id":"https:\/\/diariotextual.com\/inicio\/index.php\/2020\/02\/14\/caso-vicentin-imputaron-gonzalez-fraga-irregularidades-del-banco-nacion\/#article","isPartOf":{"@id":"https:\/\/diariotextual.com\/inicio\/index.php\/2020\/02\/14\/caso-vicentin-imputaron-gonzalez-fraga-irregularidades-del-banco-nacion\/"},"author":{"name":"Diario1 Diario1","@id":"https:\/\/diariotextual.com\/inicio\/#\/schema\/person\/418fc4093c33e86ed41562db3508f958"},"headline":"Caso Vicent\u00edn: imputaron a Gonz\u00e1lez Fraga por irregularidades del Banco Naci\u00f3n","datePublished":"2020-02-14T12:28:12+00:00","dateModified":"2020-02-14T15:58:22+00:00","mainEntityOfPage":{"@id":"https:\/\/diariotextual.com\/inicio\/index.php\/2020\/02\/14\/caso-vicentin-imputaron-gonzalez-fraga-irregularidades-del-banco-nacion\/"},"wordCount":297,"publisher":{"@id":"https:\/\/diariotextual.com\/inicio\/#organization"},"image":{"@id":"https:\/\/diariotextual.com\/inicio\/index.php\/2020\/02\/14\/caso-vicentin-imputaron-gonzalez-fraga-irregularidades-del-banco-nacion\/#primaryimage"},"thumbnailUrl":"https:\/\/diariotextual.com\/inicio\/wp-content\/uploads\/2020\/02\/fragagonzaleztelam9.jpg","keywords":["vicentin"],"articleSection":["A - QUE PASA (al costado)","ECONOMIA"],"inLanguage":"es"},{"@type":"WebPage","@id":"https:\/\/diariotextual.com\/inicio\/index.php\/2020\/02\/14\/caso-vicentin-imputaron-gonzalez-fraga-irregularidades-del-banco-nacion\/","url":"https:\/\/diariotextual.com\/inicio\/index.php\/2020\/02\/14\/caso-vicentin-imputaron-gonzalez-fraga-irregularidades-del-banco-nacion\/","name":"Caso Vicent\u00edn: imputaron a Gonz\u00e1lez Fraga por irregularidades del Banco Naci\u00f3n - Diario Textual","isPartOf":{"@id":"https:\/\/diariotextual.com\/inicio\/#website"},"primaryImageOfPage":{"@id":"https:\/\/diariotextual.com\/inicio\/index.php\/2020\/02\/14\/caso-vicentin-imputaron-gonzalez-fraga-irregularidades-del-banco-nacion\/#primaryimage"},"image":{"@id":"https:\/\/diariotextual.com\/inicio\/index.php\/2020\/02\/14\/caso-vicentin-imputaron-gonzalez-fraga-irregularidades-del-banco-nacion\/#primaryimage"},"thumbnailUrl":"https:\/\/diariotextual.com\/inicio\/wp-content\/uploads\/2020\/02\/fragagonzaleztelam9.jpg","datePublished":"2020-02-14T12:28:12+00:00","dateModified":"2020-02-14T15:58:22+00:00","breadcrumb":{"@id":"https:\/\/diariotextual.com\/inicio\/index.php\/2020\/02\/14\/caso-vicentin-imputaron-gonzalez-fraga-irregularidades-del-banco-nacion\/#breadcrumb"},"inLanguage":"es","potentialAction":[{"@type":"ReadAction","target":["https:\/\/diariotextual.com\/inicio\/index.php\/2020\/02\/14\/caso-vicentin-imputaron-gonzalez-fraga-irregularidades-del-banco-nacion\/"]}]},{"@type":"ImageObject","inLanguage":"es","@id":"https:\/\/diariotextual.com\/inicio\/index.php\/2020\/02\/14\/caso-vicentin-imputaron-gonzalez-fraga-irregularidades-del-banco-nacion\/#primaryimage","url":"https:\/\/diariotextual.com\/inicio\/wp-content\/uploads\/2020\/02\/fragagonzaleztelam9.jpg","contentUrl":"https:\/\/diariotextual.com\/inicio\/wp-content\/uploads\/2020\/02\/fragagonzaleztelam9.jpg","width":1004,"height":565},{"@type":"BreadcrumbList","@id":"https:\/\/diariotextual.com\/inicio\/index.php\/2020\/02\/14\/caso-vicentin-imputaron-gonzalez-fraga-irregularidades-del-banco-nacion\/#breadcrumb","itemListElement":[{"@type":"ListItem","position":1,"name":"Portada","item":"https:\/\/diariotextual.com\/inicio\/"},{"@type":"ListItem","position":2,"name":"Caso Vicent\u00edn: imputaron a Gonz\u00e1lez Fraga por irregularidades del Banco Naci\u00f3n"}]},{"@type":"WebSite","@id":"https:\/\/diariotextual.com\/inicio\/#website","url":"https:\/\/diariotextual.com\/inicio\/","name":"Diario Textual","description":"","publisher":{"@id":"https:\/\/diariotextual.com\/inicio\/#organization"},"potentialAction":[{"@type":"SearchAction","target":{"@type":"EntryPoint","urlTemplate":"https:\/\/diariotextual.com\/inicio\/?s={search_term_string}"},"query-input":{"@type":"PropertyValueSpecification","valueRequired":true,"valueName":"search_term_string"}}],"inLanguage":"es"},{"@type":"Organization","@id":"https:\/\/diariotextual.com\/inicio\/#organization","name":"Diario Textual","url":"https:\/\/diariotextual.com\/inicio\/","logo":{"@type":"ImageObject","inLanguage":"es","@id":"https:\/\/diariotextual.com\/inicio\/#\/schema\/logo\/image\/","url":"https:\/\/diariotextual.com\/inicio\/wp-content\/uploads\/2023\/05\/logotextual1.jpg","contentUrl":"https:\/\/diariotextual.com\/inicio\/wp-content\/uploads\/2023\/05\/logotextual1.jpg","width":516,"height":76,"caption":"Diario Textual"},"image":{"@id":"https:\/\/diariotextual.com\/inicio\/#\/schema\/logo\/image\/"},"sameAs":["https:\/\/www.facebook.com\/eltextual","https:\/\/x.com\/eltextual","http:\/\/www.instagram.com\/eltextual"]},{"@type":"Person","@id":"https:\/\/diariotextual.com\/inicio\/#\/schema\/person\/418fc4093c33e86ed41562db3508f958","name":"Diario1 Diario1","image":{"@type":"ImageObject","inLanguage":"es","@id":"https:\/\/secure.gravatar.com\/avatar\/9167d280179c85bc18be67aa7eda765854300033af4896dd779b608640f2ef7a?s=96&d=mm&r=g","url":"https:\/\/secure.gravatar.com\/avatar\/9167d280179c85bc18be67aa7eda765854300033af4896dd779b608640f2ef7a?s=96&d=mm&r=g","contentUrl":"https:\/\/secure.gravatar.com\/avatar\/9167d280179c85bc18be67aa7eda765854300033af4896dd779b608640f2ef7a?s=96&d=mm&r=g","caption":"Diario1 Diario1"},"url":"https:\/\/diariotextual.com\/inicio\/index.php\/author\/diario1\/"}]}},"_links":{"self":[{"href":"https:\/\/diariotextual.com\/inicio\/index.php\/wp-json\/wp\/v2\/posts\/79767","targetHints":{"allow":["GET"]}}],"collection":[{"href":"https:\/\/diariotextual.com\/inicio\/index.php\/wp-json\/wp\/v2\/posts"}],"about":[{"href":"https:\/\/diariotextual.com\/inicio\/index.php\/wp-json\/wp\/v2\/types\/post"}],"author":[{"embeddable":true,"href":"https:\/\/diariotextual.com\/inicio\/index.php\/wp-json\/wp\/v2\/users\/3"}],"replies":[{"embeddable":true,"href":"https:\/\/diariotextual.com\/inicio\/index.php\/wp-json\/wp\/v2\/comments?post=79767"}],"version-history":[{"count":3,"href":"https:\/\/diariotextual.com\/inicio\/index.php\/wp-json\/wp\/v2\/posts\/79767\/revisions"}],"predecessor-version":[{"id":79777,"href":"https:\/\/diariotextual.com\/inicio\/index.php\/wp-json\/wp\/v2\/posts\/79767\/revisions\/79777"}],"wp:featuredmedia":[{"embeddable":true,"href":"https:\/\/diariotextual.com\/inicio\/index.php\/wp-json\/wp\/v2\/media\/79769"}],"wp:attachment":[{"href":"https:\/\/diariotextual.com\/inicio\/index.php\/wp-json\/wp\/v2\/media?parent=79767"}],"wp:term":[{"taxonomy":"category","embeddable":true,"href":"https:\/\/diariotextual.com\/inicio\/index.php\/wp-json\/wp\/v2\/categories?post=79767"},{"taxonomy":"post_tag","embeddable":true,"href":"https:\/\/diariotextual.com\/inicio\/index.php\/wp-json\/wp\/v2\/tags?post=79767"}],"curies":[{"name":"wp","href":"https:\/\/api.w.org\/{rel}","templated":true}]}}