{"id":80004,"date":"2020-02-17T10:15:01","date_gmt":"2020-02-17T13:15:01","guid":{"rendered":"http:\/\/diariotextual.com\/inicio\/?p=80004"},"modified":"2020-02-17T11:32:45","modified_gmt":"2020-02-17T14:32:45","slug":"la-titular-del-fmi-dijo-no-aprobara-una-quita-la-deuda-argentina","status":"publish","type":"post","link":"https:\/\/diariotextual.com\/inicio\/index.php\/2020\/02\/17\/la-titular-del-fmi-dijo-no-aprobara-una-quita-la-deuda-argentina\/","title":{"rendered":"La titular del FMI dijo que no aprobar\u00e1 una quita de la deuda argentina"},"content":{"rendered":"<p>La titular del Fondo Monetario Internacional (FMI), <strong>Kristalina Georgieva<\/strong>, asegur\u00f3 que el organismo <strong>no aprobar\u00e1 una quita de la deuda argentina<\/strong>, como reclam\u00f3 la vicepresidenta <strong>Cristina Fern\u00e1ndez de Kirchner<\/strong>.<\/p>\n<p>\u00abNuestra formulaci\u00f3n legal es tal que <strong>no podemos tomar medidas que puedan ser posibles para otros sin esta gran responsabilidad global<\/strong>\u00ab, afirm\u00f3 Georgieva durante una entrevista televisiva que concedi\u00f3 a la agencia <strong>Bloomberg<\/strong>.<\/p>\n<p>Tambi\u00e9n se refiri\u00f3 a la \u00abprofunda reestructuraci\u00f3n de la deuda\u00bb que plantea el ministro de Econom\u00eda, Mart\u00edn Guzm\u00e1n. \u00abEntendemos la necesidad de analizar cuidadosamente la carga de la deuda. Es el trabajo del Gobierno, no del FMI\u00bb, respondi\u00f3.<\/p>\n<p>La semana pasada, el FMI inici\u00f3 la visita t\u00e9cnica para avanzar en el dise\u00f1o de un nuevo programa. Seg\u00fan Georgieva, \u00abse necesita m\u00e1s tiempo para obtener datos sobre la sostenibilidad de la deuda\u00bb del pa\u00eds. \u00abEl FMI contin\u00faa respaldando al gobierno de Alberto Fern\u00e1ndez en sus esfuerzos para reanudar el crecimiento econ\u00f3mico\u00bb, dijo.<\/p>\n<p>\u00abEn t\u00e9rminos generales, apoyamos mucho el compromiso de este Gobierno de estabilizar la econom\u00eda y volver al crecimiento\u00bb, apunt\u00f3, seg\u00fan consign\u00f3 la agencia Bloomberg.<\/p>\n<p>El presidente Alberto Fern\u00e1ndez respald\u00f3 el jueves pasado la postura de Cristina Kirchner respecto de la necesidad de que el FMI apruebe una quita de la deuda argentina.<\/p>\n<p>Lo hizo horas despu\u00e9s de que el vocero del organismo, Gerry Rice, dijo en una conferencia de prensa en Washington que el reclamo de la vicepresidenta no es viable, ya que el estatuto del Fondo impide aprobar quitas.<\/p>\n<p>El argumento de Cristina Kirchner, que Fern\u00e1ndez calific\u00f3 de \u00abpertinente\u00bb, es que el FMI incumpli\u00f3 sus normas al aprobar cr\u00e9ditos a la gesti\u00f3n de Mauricio Macri, que, en su visi\u00f3n, se usaron \u00abpara cubrir corridas cambiarias\u00bb.<\/p>\n<p>Luego, Fern\u00e1ndez defendi\u00f3 a su vice. \u00abLo que ella dice es que si incumplieron eso, incumplan y h\u00e1gannos una quita. Es absolutamente pertinente\u00bb, dijo. M\u00e1s tarde, Cristina Kirchner insisti\u00f3 con su cr\u00edtica al FMI.<\/p>\n<p>&nbsp;<\/p>\n<p>&nbsp;<\/p>\n","protected":false},"excerpt":{"rendered":"<p>La titular del Fondo Monetario Internacional (FMI), Kristalina Georgieva, asegur\u00f3 que el organismo no aprobar\u00e1 una quita de la deuda argentina, como reclam\u00f3 la vicepresidenta Cristina Fern\u00e1ndez de Kirchner. \u00abNuestra&hellip;<\/p>\n","protected":false},"author":3,"featured_media":80006,"comment_status":"closed","ping_status":"open","sticky":false,"template":"","format":"standard","meta":{"_acf_changed":false,"footnotes":""},"categories":[10,5],"tags":[470],"class_list":["post-80004","post","type-post","status-publish","format-standard","has-post-thumbnail","hentry","category-portada-2","category-economia","tag-fmi"],"acf":[],"yoast_head":"<!-- This site is optimized with the Yoast SEO plugin v27.5 - https:\/\/yoast.com\/product\/yoast-seo-wordpress\/ -->\n<title>La titular del FMI dijo que no aprobar\u00e1 una quita de la deuda argentina - Diario Textual<\/title>\n<meta name=\"robots\" content=\"index, follow, max-snippet:-1, max-image-preview:large, max-video-preview:-1\" \/>\n<link rel=\"canonical\" href=\"https:\/\/diariotextual.com\/inicio\/index.php\/2020\/02\/17\/la-titular-del-fmi-dijo-no-aprobara-una-quita-la-deuda-argentina\/\" \/>\n<meta property=\"og:locale\" content=\"es_ES\" \/>\n<meta property=\"og:type\" content=\"article\" \/>\n<meta property=\"og:title\" content=\"La titular del FMI dijo que no aprobar\u00e1 una quita de la deuda argentina - Diario Textual\" \/>\n<meta property=\"og:description\" content=\"La titular del Fondo Monetario Internacional (FMI), Kristalina Georgieva, asegur\u00f3 que el organismo no aprobar\u00e1 una quita de la deuda argentina, como reclam\u00f3 la vicepresidenta Cristina Fern\u00e1ndez de Kirchner. \u00abNuestra&hellip;\" \/>\n<meta property=\"og:url\" content=\"https:\/\/diariotextual.com\/inicio\/index.php\/2020\/02\/17\/la-titular-del-fmi-dijo-no-aprobara-una-quita-la-deuda-argentina\/\" \/>\n<meta property=\"og:site_name\" content=\"Diario Textual\" \/>\n<meta property=\"article:publisher\" content=\"https:\/\/www.facebook.com\/eltextual\" \/>\n<meta property=\"article:published_time\" content=\"2020-02-17T13:15:01+00:00\" \/>\n<meta property=\"article:modified_time\" content=\"2020-02-17T14:32:45+00:00\" \/>\n<meta property=\"og:image\" content=\"https:\/\/diariotextual.com\/inicio\/wp-content\/uploads\/2020\/02\/georgievakristalina18995.jpg\" \/>\n\t<meta property=\"og:image:width\" content=\"760\" \/>\n\t<meta property=\"og:image:height\" content=\"528\" \/>\n\t<meta property=\"og:image:type\" content=\"image\/jpeg\" \/>\n<meta name=\"author\" content=\"Diario1 Diario1\" \/>\n<meta name=\"twitter:card\" content=\"summary_large_image\" \/>\n<meta name=\"twitter:creator\" content=\"@eltextual\" \/>\n<meta name=\"twitter:site\" content=\"@eltextual\" \/>\n<meta name=\"twitter:label1\" content=\"Escrito por\" \/>\n\t<meta name=\"twitter:data1\" content=\"Diario1 Diario1\" \/>\n\t<meta name=\"twitter:label2\" content=\"Tiempo de lectura\" \/>\n\t<meta name=\"twitter:data2\" content=\"2 minutos\" \/>\n<script type=\"application\/ld+json\" class=\"yoast-schema-graph\">{\"@context\":\"https:\\\/\\\/schema.org\",\"@graph\":[{\"@type\":\"Article\",\"@id\":\"https:\\\/\\\/diariotextual.com\\\/inicio\\\/index.php\\\/2020\\\/02\\\/17\\\/la-titular-del-fmi-dijo-no-aprobara-una-quita-la-deuda-argentina\\\/#article\",\"isPartOf\":{\"@id\":\"https:\\\/\\\/diariotextual.com\\\/inicio\\\/index.php\\\/2020\\\/02\\\/17\\\/la-titular-del-fmi-dijo-no-aprobara-una-quita-la-deuda-argentina\\\/\"},\"author\":{\"name\":\"Diario1 Diario1\",\"@id\":\"https:\\\/\\\/diariotextual.com\\\/inicio\\\/#\\\/schema\\\/person\\\/418fc4093c33e86ed41562db3508f958\"},\"headline\":\"La titular del FMI dijo que no aprobar\u00e1 una quita de la deuda argentina\",\"datePublished\":\"2020-02-17T13:15:01+00:00\",\"dateModified\":\"2020-02-17T14:32:45+00:00\",\"mainEntityOfPage\":{\"@id\":\"https:\\\/\\\/diariotextual.com\\\/inicio\\\/index.php\\\/2020\\\/02\\\/17\\\/la-titular-del-fmi-dijo-no-aprobara-una-quita-la-deuda-argentina\\\/\"},\"wordCount\":357,\"publisher\":{\"@id\":\"https:\\\/\\\/diariotextual.com\\\/inicio\\\/#organization\"},\"image\":{\"@id\":\"https:\\\/\\\/diariotextual.com\\\/inicio\\\/index.php\\\/2020\\\/02\\\/17\\\/la-titular-del-fmi-dijo-no-aprobara-una-quita-la-deuda-argentina\\\/#primaryimage\"},\"thumbnailUrl\":\"https:\\\/\\\/diariotextual.com\\\/inicio\\\/wp-content\\\/uploads\\\/2020\\\/02\\\/georgievakristalina18995.jpg\",\"keywords\":[\"fmi\"],\"articleSection\":[\"A - PORTADA2\",\"ECONOMIA\"],\"inLanguage\":\"es\"},{\"@type\":\"WebPage\",\"@id\":\"https:\\\/\\\/diariotextual.com\\\/inicio\\\/index.php\\\/2020\\\/02\\\/17\\\/la-titular-del-fmi-dijo-no-aprobara-una-quita-la-deuda-argentina\\\/\",\"url\":\"https:\\\/\\\/diariotextual.com\\\/inicio\\\/index.php\\\/2020\\\/02\\\/17\\\/la-titular-del-fmi-dijo-no-aprobara-una-quita-la-deuda-argentina\\\/\",\"name\":\"La titular del FMI dijo que no aprobar\u00e1 una quita de la deuda argentina - Diario Textual\",\"isPartOf\":{\"@id\":\"https:\\\/\\\/diariotextual.com\\\/inicio\\\/#website\"},\"primaryImageOfPage\":{\"@id\":\"https:\\\/\\\/diariotextual.com\\\/inicio\\\/index.php\\\/2020\\\/02\\\/17\\\/la-titular-del-fmi-dijo-no-aprobara-una-quita-la-deuda-argentina\\\/#primaryimage\"},\"image\":{\"@id\":\"https:\\\/\\\/diariotextual.com\\\/inicio\\\/index.php\\\/2020\\\/02\\\/17\\\/la-titular-del-fmi-dijo-no-aprobara-una-quita-la-deuda-argentina\\\/#primaryimage\"},\"thumbnailUrl\":\"https:\\\/\\\/diariotextual.com\\\/inicio\\\/wp-content\\\/uploads\\\/2020\\\/02\\\/georgievakristalina18995.jpg\",\"datePublished\":\"2020-02-17T13:15:01+00:00\",\"dateModified\":\"2020-02-17T14:32:45+00:00\",\"breadcrumb\":{\"@id\":\"https:\\\/\\\/diariotextual.com\\\/inicio\\\/index.php\\\/2020\\\/02\\\/17\\\/la-titular-del-fmi-dijo-no-aprobara-una-quita-la-deuda-argentina\\\/#breadcrumb\"},\"inLanguage\":\"es\",\"potentialAction\":[{\"@type\":\"ReadAction\",\"target\":[\"https:\\\/\\\/diariotextual.com\\\/inicio\\\/index.php\\\/2020\\\/02\\\/17\\\/la-titular-del-fmi-dijo-no-aprobara-una-quita-la-deuda-argentina\\\/\"]}]},{\"@type\":\"ImageObject\",\"inLanguage\":\"es\",\"@id\":\"https:\\\/\\\/diariotextual.com\\\/inicio\\\/index.php\\\/2020\\\/02\\\/17\\\/la-titular-del-fmi-dijo-no-aprobara-una-quita-la-deuda-argentina\\\/#primaryimage\",\"url\":\"https:\\\/\\\/diariotextual.com\\\/inicio\\\/wp-content\\\/uploads\\\/2020\\\/02\\\/georgievakristalina18995.jpg\",\"contentUrl\":\"https:\\\/\\\/diariotextual.com\\\/inicio\\\/wp-content\\\/uploads\\\/2020\\\/02\\\/georgievakristalina18995.jpg\",\"width\":760,\"height\":528},{\"@type\":\"BreadcrumbList\",\"@id\":\"https:\\\/\\\/diariotextual.com\\\/inicio\\\/index.php\\\/2020\\\/02\\\/17\\\/la-titular-del-fmi-dijo-no-aprobara-una-quita-la-deuda-argentina\\\/#breadcrumb\",\"itemListElement\":[{\"@type\":\"ListItem\",\"position\":1,\"name\":\"Portada\",\"item\":\"https:\\\/\\\/diariotextual.com\\\/inicio\\\/\"},{\"@type\":\"ListItem\",\"position\":2,\"name\":\"La titular del FMI dijo que no aprobar\u00e1 una quita de la deuda argentina\"}]},{\"@type\":\"WebSite\",\"@id\":\"https:\\\/\\\/diariotextual.com\\\/inicio\\\/#website\",\"url\":\"https:\\\/\\\/diariotextual.com\\\/inicio\\\/\",\"name\":\"Diario Textual\",\"description\":\"\",\"publisher\":{\"@id\":\"https:\\\/\\\/diariotextual.com\\\/inicio\\\/#organization\"},\"potentialAction\":[{\"@type\":\"SearchAction\",\"target\":{\"@type\":\"EntryPoint\",\"urlTemplate\":\"https:\\\/\\\/diariotextual.com\\\/inicio\\\/?s={search_term_string}\"},\"query-input\":{\"@type\":\"PropertyValueSpecification\",\"valueRequired\":true,\"valueName\":\"search_term_string\"}}],\"inLanguage\":\"es\"},{\"@type\":\"Organization\",\"@id\":\"https:\\\/\\\/diariotextual.com\\\/inicio\\\/#organization\",\"name\":\"Diario Textual\",\"url\":\"https:\\\/\\\/diariotextual.com\\\/inicio\\\/\",\"logo\":{\"@type\":\"ImageObject\",\"inLanguage\":\"es\",\"@id\":\"https:\\\/\\\/diariotextual.com\\\/inicio\\\/#\\\/schema\\\/logo\\\/image\\\/\",\"url\":\"https:\\\/\\\/diariotextual.com\\\/inicio\\\/wp-content\\\/uploads\\\/2023\\\/05\\\/logotextual1.jpg\",\"contentUrl\":\"https:\\\/\\\/diariotextual.com\\\/inicio\\\/wp-content\\\/uploads\\\/2023\\\/05\\\/logotextual1.jpg\",\"width\":516,\"height\":76,\"caption\":\"Diario Textual\"},\"image\":{\"@id\":\"https:\\\/\\\/diariotextual.com\\\/inicio\\\/#\\\/schema\\\/logo\\\/image\\\/\"},\"sameAs\":[\"https:\\\/\\\/www.facebook.com\\\/eltextual\",\"https:\\\/\\\/x.com\\\/eltextual\",\"http:\\\/\\\/www.instagram.com\\\/eltextual\"]},{\"@type\":\"Person\",\"@id\":\"https:\\\/\\\/diariotextual.com\\\/inicio\\\/#\\\/schema\\\/person\\\/418fc4093c33e86ed41562db3508f958\",\"name\":\"Diario1 Diario1\",\"image\":{\"@type\":\"ImageObject\",\"inLanguage\":\"es\",\"@id\":\"https:\\\/\\\/secure.gravatar.com\\\/avatar\\\/9167d280179c85bc18be67aa7eda765854300033af4896dd779b608640f2ef7a?s=96&d=mm&r=g\",\"url\":\"https:\\\/\\\/secure.gravatar.com\\\/avatar\\\/9167d280179c85bc18be67aa7eda765854300033af4896dd779b608640f2ef7a?s=96&d=mm&r=g\",\"contentUrl\":\"https:\\\/\\\/secure.gravatar.com\\\/avatar\\\/9167d280179c85bc18be67aa7eda765854300033af4896dd779b608640f2ef7a?s=96&d=mm&r=g\",\"caption\":\"Diario1 Diario1\"},\"url\":\"https:\\\/\\\/diariotextual.com\\\/inicio\\\/index.php\\\/author\\\/diario1\\\/\"}]}<\/script>\n<!-- \/ Yoast SEO plugin. -->","yoast_head_json":{"title":"La titular del FMI dijo que no aprobar\u00e1 una quita de la deuda argentina - Diario Textual","robots":{"index":"index","follow":"follow","max-snippet":"max-snippet:-1","max-image-preview":"max-image-preview:large","max-video-preview":"max-video-preview:-1"},"canonical":"https:\/\/diariotextual.com\/inicio\/index.php\/2020\/02\/17\/la-titular-del-fmi-dijo-no-aprobara-una-quita-la-deuda-argentina\/","og_locale":"es_ES","og_type":"article","og_title":"La titular del FMI dijo que no aprobar\u00e1 una quita de la deuda argentina - Diario Textual","og_description":"La titular del Fondo Monetario Internacional (FMI), Kristalina Georgieva, asegur\u00f3 que el organismo no aprobar\u00e1 una quita de la deuda argentina, como reclam\u00f3 la vicepresidenta Cristina Fern\u00e1ndez de Kirchner. \u00abNuestra&hellip;","og_url":"https:\/\/diariotextual.com\/inicio\/index.php\/2020\/02\/17\/la-titular-del-fmi-dijo-no-aprobara-una-quita-la-deuda-argentina\/","og_site_name":"Diario Textual","article_publisher":"https:\/\/www.facebook.com\/eltextual","article_published_time":"2020-02-17T13:15:01+00:00","article_modified_time":"2020-02-17T14:32:45+00:00","og_image":[{"width":760,"height":528,"url":"https:\/\/diariotextual.com\/inicio\/wp-content\/uploads\/2020\/02\/georgievakristalina18995.jpg","type":"image\/jpeg"}],"author":"Diario1 Diario1","twitter_card":"summary_large_image","twitter_creator":"@eltextual","twitter_site":"@eltextual","twitter_misc":{"Escrito por":"Diario1 Diario1","Tiempo de lectura":"2 minutos"},"schema":{"@context":"https:\/\/schema.org","@graph":[{"@type":"Article","@id":"https:\/\/diariotextual.com\/inicio\/index.php\/2020\/02\/17\/la-titular-del-fmi-dijo-no-aprobara-una-quita-la-deuda-argentina\/#article","isPartOf":{"@id":"https:\/\/diariotextual.com\/inicio\/index.php\/2020\/02\/17\/la-titular-del-fmi-dijo-no-aprobara-una-quita-la-deuda-argentina\/"},"author":{"name":"Diario1 Diario1","@id":"https:\/\/diariotextual.com\/inicio\/#\/schema\/person\/418fc4093c33e86ed41562db3508f958"},"headline":"La titular del FMI dijo que no aprobar\u00e1 una quita de la deuda argentina","datePublished":"2020-02-17T13:15:01+00:00","dateModified":"2020-02-17T14:32:45+00:00","mainEntityOfPage":{"@id":"https:\/\/diariotextual.com\/inicio\/index.php\/2020\/02\/17\/la-titular-del-fmi-dijo-no-aprobara-una-quita-la-deuda-argentina\/"},"wordCount":357,"publisher":{"@id":"https:\/\/diariotextual.com\/inicio\/#organization"},"image":{"@id":"https:\/\/diariotextual.com\/inicio\/index.php\/2020\/02\/17\/la-titular-del-fmi-dijo-no-aprobara-una-quita-la-deuda-argentina\/#primaryimage"},"thumbnailUrl":"https:\/\/diariotextual.com\/inicio\/wp-content\/uploads\/2020\/02\/georgievakristalina18995.jpg","keywords":["fmi"],"articleSection":["A - PORTADA2","ECONOMIA"],"inLanguage":"es"},{"@type":"WebPage","@id":"https:\/\/diariotextual.com\/inicio\/index.php\/2020\/02\/17\/la-titular-del-fmi-dijo-no-aprobara-una-quita-la-deuda-argentina\/","url":"https:\/\/diariotextual.com\/inicio\/index.php\/2020\/02\/17\/la-titular-del-fmi-dijo-no-aprobara-una-quita-la-deuda-argentina\/","name":"La titular del FMI dijo que no aprobar\u00e1 una quita de la deuda argentina - Diario Textual","isPartOf":{"@id":"https:\/\/diariotextual.com\/inicio\/#website"},"primaryImageOfPage":{"@id":"https:\/\/diariotextual.com\/inicio\/index.php\/2020\/02\/17\/la-titular-del-fmi-dijo-no-aprobara-una-quita-la-deuda-argentina\/#primaryimage"},"image":{"@id":"https:\/\/diariotextual.com\/inicio\/index.php\/2020\/02\/17\/la-titular-del-fmi-dijo-no-aprobara-una-quita-la-deuda-argentina\/#primaryimage"},"thumbnailUrl":"https:\/\/diariotextual.com\/inicio\/wp-content\/uploads\/2020\/02\/georgievakristalina18995.jpg","datePublished":"2020-02-17T13:15:01+00:00","dateModified":"2020-02-17T14:32:45+00:00","breadcrumb":{"@id":"https:\/\/diariotextual.com\/inicio\/index.php\/2020\/02\/17\/la-titular-del-fmi-dijo-no-aprobara-una-quita-la-deuda-argentina\/#breadcrumb"},"inLanguage":"es","potentialAction":[{"@type":"ReadAction","target":["https:\/\/diariotextual.com\/inicio\/index.php\/2020\/02\/17\/la-titular-del-fmi-dijo-no-aprobara-una-quita-la-deuda-argentina\/"]}]},{"@type":"ImageObject","inLanguage":"es","@id":"https:\/\/diariotextual.com\/inicio\/index.php\/2020\/02\/17\/la-titular-del-fmi-dijo-no-aprobara-una-quita-la-deuda-argentina\/#primaryimage","url":"https:\/\/diariotextual.com\/inicio\/wp-content\/uploads\/2020\/02\/georgievakristalina18995.jpg","contentUrl":"https:\/\/diariotextual.com\/inicio\/wp-content\/uploads\/2020\/02\/georgievakristalina18995.jpg","width":760,"height":528},{"@type":"BreadcrumbList","@id":"https:\/\/diariotextual.com\/inicio\/index.php\/2020\/02\/17\/la-titular-del-fmi-dijo-no-aprobara-una-quita-la-deuda-argentina\/#breadcrumb","itemListElement":[{"@type":"ListItem","position":1,"name":"Portada","item":"https:\/\/diariotextual.com\/inicio\/"},{"@type":"ListItem","position":2,"name":"La titular del FMI dijo que no aprobar\u00e1 una quita de la deuda argentina"}]},{"@type":"WebSite","@id":"https:\/\/diariotextual.com\/inicio\/#website","url":"https:\/\/diariotextual.com\/inicio\/","name":"Diario Textual","description":"","publisher":{"@id":"https:\/\/diariotextual.com\/inicio\/#organization"},"potentialAction":[{"@type":"SearchAction","target":{"@type":"EntryPoint","urlTemplate":"https:\/\/diariotextual.com\/inicio\/?s={search_term_string}"},"query-input":{"@type":"PropertyValueSpecification","valueRequired":true,"valueName":"search_term_string"}}],"inLanguage":"es"},{"@type":"Organization","@id":"https:\/\/diariotextual.com\/inicio\/#organization","name":"Diario Textual","url":"https:\/\/diariotextual.com\/inicio\/","logo":{"@type":"ImageObject","inLanguage":"es","@id":"https:\/\/diariotextual.com\/inicio\/#\/schema\/logo\/image\/","url":"https:\/\/diariotextual.com\/inicio\/wp-content\/uploads\/2023\/05\/logotextual1.jpg","contentUrl":"https:\/\/diariotextual.com\/inicio\/wp-content\/uploads\/2023\/05\/logotextual1.jpg","width":516,"height":76,"caption":"Diario Textual"},"image":{"@id":"https:\/\/diariotextual.com\/inicio\/#\/schema\/logo\/image\/"},"sameAs":["https:\/\/www.facebook.com\/eltextual","https:\/\/x.com\/eltextual","http:\/\/www.instagram.com\/eltextual"]},{"@type":"Person","@id":"https:\/\/diariotextual.com\/inicio\/#\/schema\/person\/418fc4093c33e86ed41562db3508f958","name":"Diario1 Diario1","image":{"@type":"ImageObject","inLanguage":"es","@id":"https:\/\/secure.gravatar.com\/avatar\/9167d280179c85bc18be67aa7eda765854300033af4896dd779b608640f2ef7a?s=96&d=mm&r=g","url":"https:\/\/secure.gravatar.com\/avatar\/9167d280179c85bc18be67aa7eda765854300033af4896dd779b608640f2ef7a?s=96&d=mm&r=g","contentUrl":"https:\/\/secure.gravatar.com\/avatar\/9167d280179c85bc18be67aa7eda765854300033af4896dd779b608640f2ef7a?s=96&d=mm&r=g","caption":"Diario1 Diario1"},"url":"https:\/\/diariotextual.com\/inicio\/index.php\/author\/diario1\/"}]}},"_links":{"self":[{"href":"https:\/\/diariotextual.com\/inicio\/index.php\/wp-json\/wp\/v2\/posts\/80004","targetHints":{"allow":["GET"]}}],"collection":[{"href":"https:\/\/diariotextual.com\/inicio\/index.php\/wp-json\/wp\/v2\/posts"}],"about":[{"href":"https:\/\/diariotextual.com\/inicio\/index.php\/wp-json\/wp\/v2\/types\/post"}],"author":[{"embeddable":true,"href":"https:\/\/diariotextual.com\/inicio\/index.php\/wp-json\/wp\/v2\/users\/3"}],"replies":[{"embeddable":true,"href":"https:\/\/diariotextual.com\/inicio\/index.php\/wp-json\/wp\/v2\/comments?post=80004"}],"version-history":[{"count":1,"href":"https:\/\/diariotextual.com\/inicio\/index.php\/wp-json\/wp\/v2\/posts\/80004\/revisions"}],"predecessor-version":[{"id":80005,"href":"https:\/\/diariotextual.com\/inicio\/index.php\/wp-json\/wp\/v2\/posts\/80004\/revisions\/80005"}],"wp:featuredmedia":[{"embeddable":true,"href":"https:\/\/diariotextual.com\/inicio\/index.php\/wp-json\/wp\/v2\/media\/80006"}],"wp:attachment":[{"href":"https:\/\/diariotextual.com\/inicio\/index.php\/wp-json\/wp\/v2\/media?parent=80004"}],"wp:term":[{"taxonomy":"category","embeddable":true,"href":"https:\/\/diariotextual.com\/inicio\/index.php\/wp-json\/wp\/v2\/categories?post=80004"},{"taxonomy":"post_tag","embeddable":true,"href":"https:\/\/diariotextual.com\/inicio\/index.php\/wp-json\/wp\/v2\/tags?post=80004"}],"curies":[{"name":"wp","href":"https:\/\/api.w.org\/{rel}","templated":true}]}}