{"id":80348,"date":"2020-02-19T19:27:15","date_gmt":"2020-02-19T22:27:15","guid":{"rendered":"http:\/\/diariotextual.com\/inicio\/?p=80348"},"modified":"2020-02-20T13:12:46","modified_gmt":"2020-02-20T16:12:46","slug":"fmi-dijo-la-deuda-no-sostenible-pidio-una-quita-apreciable-los-privados","status":"publish","type":"post","link":"https:\/\/diariotextual.com\/inicio\/index.php\/2020\/02\/19\/fmi-dijo-la-deuda-no-sostenible-pidio-una-quita-apreciable-los-privados\/","title":{"rendered":"El FMI dijo que la deuda \u00abno es sostenible\u00bb y pidi\u00f3 una quita apreciable a los privados"},"content":{"rendered":"<p>El Fondo Monetario Internacional (FMI) asegur\u00f3 hoy que la deuda p\u00fablica argentina \u00abno es sostenible\u00bb, que el super\u00e1vit fiscal para enfrentar su pago \u00abno es econ\u00f3mica ni pol\u00edticamente factible\u00bb, y reclam\u00f3 una \u00abapreciable\u00bb quita a los acreedores privados. As\u00ed lo hizo saber el FMI a trav\u00e9s de un comunicado, luego de que una misi\u00f3n t\u00e9cnica del organismo finalizara hoy una semana de revisi\u00f3n de las cuentas p\u00fablicas del Estado argentino.<\/p>\n<p>El FMI destac\u00f3 el deterioro de las cuentas p\u00fablicas y la situaci\u00f3n econ\u00f3mica a partir de julio del a\u00f1o pasado, cuando hizo la \u00faltima revisi\u00f3n del programa financiero por el cual le prest\u00f3 al Gobierno argentino US$ 44.000 millones.<\/p>\n<p>A partir de ese deterioro de la econom\u00eda \u00abel personal del FMI ahora eval\u00faa que la deuda de Argentina no es sostenible\u00bb.<\/p>\n<p>\u00abEspec\u00edficamente, nuestra visi\u00f3n es que el super\u00e1vit primario que se necesitar\u00eda para reducir la deuda p\u00fablica y las necesidades de financiamiento bruto a niveles consistentes con un riesgo de refinanciamiento manejable y un crecimiento del producto potencial satisfactorio no es econ\u00f3micamente ni pol\u00edticamente factible\u00bb, advirti\u00f3 el organismo. \u00abSe requiere de una operaci\u00f3n de deuda definitiva, que genere una contribuci\u00f3n apreciable de los acreedores privados, para ayudar a restaurar la sostenibilidad de la deuda con una alta probabilidad\u00bb.<\/p>\n<p>El FMI no da cuenta de cu\u00e1nto debe ser esa quita, pero apunt\u00f3 a la \u00abimportancia de continuar un proceso colaborativo con los acreedores privados para maximizar su participaci\u00f3n en la eventual operaci\u00f3n de deuda\u00bb.<\/p>\n<p>Una misi\u00f3n del Fondo, integrada por el encargado del caso argentino, Luis Cubeddu, y la vicedirectora del Hemisferio Occidental, Julie Kozack, se entrevistaron desde el mi\u00e9rcoles pasado con distintos ministros y funcionarios argentinos, para elaborar este informe.<\/p>\n<p>&nbsp;<\/p>\n<p>&nbsp;<\/p>\n","protected":false},"excerpt":{"rendered":"<p>El Fondo Monetario Internacional (FMI) asegur\u00f3 hoy que la deuda p\u00fablica argentina \u00abno es sostenible\u00bb, que el super\u00e1vit fiscal para enfrentar su pago \u00abno es econ\u00f3mica ni pol\u00edticamente factible\u00bb, y&hellip;<\/p>\n","protected":false},"author":3,"featured_media":80006,"comment_status":"closed","ping_status":"open","sticky":false,"template":"","format":"standard","meta":{"_acf_changed":false,"footnotes":""},"categories":[5],"tags":[],"class_list":["post-80348","post","type-post","status-publish","format-standard","has-post-thumbnail","hentry","category-economia"],"acf":[],"yoast_head":"<!-- This site is optimized with the Yoast SEO plugin v27.5 - https:\/\/yoast.com\/product\/yoast-seo-wordpress\/ -->\n<title>El FMI dijo que la deuda &quot;no es sostenible&quot; y pidi\u00f3 una quita apreciable a los privados - Diario Textual<\/title>\n<meta name=\"robots\" content=\"index, follow, max-snippet:-1, max-image-preview:large, max-video-preview:-1\" \/>\n<link rel=\"canonical\" href=\"https:\/\/diariotextual.com\/inicio\/index.php\/2020\/02\/19\/fmi-dijo-la-deuda-no-sostenible-pidio-una-quita-apreciable-los-privados\/\" \/>\n<meta property=\"og:locale\" content=\"es_ES\" \/>\n<meta property=\"og:type\" content=\"article\" \/>\n<meta property=\"og:title\" content=\"El FMI dijo que la deuda &quot;no es sostenible&quot; y pidi\u00f3 una quita apreciable a los privados - Diario Textual\" \/>\n<meta property=\"og:description\" content=\"El Fondo Monetario Internacional (FMI) asegur\u00f3 hoy que la deuda p\u00fablica argentina \u00abno es sostenible\u00bb, que el super\u00e1vit fiscal para enfrentar su pago \u00abno es econ\u00f3mica ni pol\u00edticamente factible\u00bb, y&hellip;\" \/>\n<meta property=\"og:url\" content=\"https:\/\/diariotextual.com\/inicio\/index.php\/2020\/02\/19\/fmi-dijo-la-deuda-no-sostenible-pidio-una-quita-apreciable-los-privados\/\" \/>\n<meta property=\"og:site_name\" content=\"Diario Textual\" \/>\n<meta property=\"article:publisher\" content=\"https:\/\/www.facebook.com\/eltextual\" \/>\n<meta property=\"article:published_time\" content=\"2020-02-19T22:27:15+00:00\" \/>\n<meta property=\"article:modified_time\" content=\"2020-02-20T16:12:46+00:00\" \/>\n<meta property=\"og:image\" content=\"https:\/\/diariotextual.com\/inicio\/wp-content\/uploads\/2020\/02\/georgievakristalina18995.jpg\" \/>\n\t<meta property=\"og:image:width\" content=\"760\" \/>\n\t<meta property=\"og:image:height\" content=\"528\" \/>\n\t<meta property=\"og:image:type\" content=\"image\/jpeg\" \/>\n<meta name=\"author\" content=\"Diario1 Diario1\" \/>\n<meta name=\"twitter:card\" content=\"summary_large_image\" \/>\n<meta name=\"twitter:creator\" content=\"@eltextual\" \/>\n<meta name=\"twitter:site\" content=\"@eltextual\" \/>\n<meta name=\"twitter:label1\" content=\"Escrito por\" \/>\n\t<meta name=\"twitter:data1\" content=\"Diario1 Diario1\" \/>\n\t<meta name=\"twitter:label2\" content=\"Tiempo de lectura\" \/>\n\t<meta name=\"twitter:data2\" content=\"2 minutos\" \/>\n<script type=\"application\/ld+json\" class=\"yoast-schema-graph\">{\"@context\":\"https:\\\/\\\/schema.org\",\"@graph\":[{\"@type\":\"Article\",\"@id\":\"https:\\\/\\\/diariotextual.com\\\/inicio\\\/index.php\\\/2020\\\/02\\\/19\\\/fmi-dijo-la-deuda-no-sostenible-pidio-una-quita-apreciable-los-privados\\\/#article\",\"isPartOf\":{\"@id\":\"https:\\\/\\\/diariotextual.com\\\/inicio\\\/index.php\\\/2020\\\/02\\\/19\\\/fmi-dijo-la-deuda-no-sostenible-pidio-una-quita-apreciable-los-privados\\\/\"},\"author\":{\"name\":\"Diario1 Diario1\",\"@id\":\"https:\\\/\\\/diariotextual.com\\\/inicio\\\/#\\\/schema\\\/person\\\/418fc4093c33e86ed41562db3508f958\"},\"headline\":\"El FMI dijo que la deuda \u00abno es sostenible\u00bb y pidi\u00f3 una quita apreciable a los privados\",\"datePublished\":\"2020-02-19T22:27:15+00:00\",\"dateModified\":\"2020-02-20T16:12:46+00:00\",\"mainEntityOfPage\":{\"@id\":\"https:\\\/\\\/diariotextual.com\\\/inicio\\\/index.php\\\/2020\\\/02\\\/19\\\/fmi-dijo-la-deuda-no-sostenible-pidio-una-quita-apreciable-los-privados\\\/\"},\"wordCount\":328,\"publisher\":{\"@id\":\"https:\\\/\\\/diariotextual.com\\\/inicio\\\/#organization\"},\"image\":{\"@id\":\"https:\\\/\\\/diariotextual.com\\\/inicio\\\/index.php\\\/2020\\\/02\\\/19\\\/fmi-dijo-la-deuda-no-sostenible-pidio-una-quita-apreciable-los-privados\\\/#primaryimage\"},\"thumbnailUrl\":\"https:\\\/\\\/diariotextual.com\\\/inicio\\\/wp-content\\\/uploads\\\/2020\\\/02\\\/georgievakristalina18995.jpg\",\"articleSection\":[\"ECONOMIA\"],\"inLanguage\":\"es\"},{\"@type\":\"WebPage\",\"@id\":\"https:\\\/\\\/diariotextual.com\\\/inicio\\\/index.php\\\/2020\\\/02\\\/19\\\/fmi-dijo-la-deuda-no-sostenible-pidio-una-quita-apreciable-los-privados\\\/\",\"url\":\"https:\\\/\\\/diariotextual.com\\\/inicio\\\/index.php\\\/2020\\\/02\\\/19\\\/fmi-dijo-la-deuda-no-sostenible-pidio-una-quita-apreciable-los-privados\\\/\",\"name\":\"El FMI dijo que la deuda \\\"no es sostenible\\\" y pidi\u00f3 una quita apreciable a los privados - Diario Textual\",\"isPartOf\":{\"@id\":\"https:\\\/\\\/diariotextual.com\\\/inicio\\\/#website\"},\"primaryImageOfPage\":{\"@id\":\"https:\\\/\\\/diariotextual.com\\\/inicio\\\/index.php\\\/2020\\\/02\\\/19\\\/fmi-dijo-la-deuda-no-sostenible-pidio-una-quita-apreciable-los-privados\\\/#primaryimage\"},\"image\":{\"@id\":\"https:\\\/\\\/diariotextual.com\\\/inicio\\\/index.php\\\/2020\\\/02\\\/19\\\/fmi-dijo-la-deuda-no-sostenible-pidio-una-quita-apreciable-los-privados\\\/#primaryimage\"},\"thumbnailUrl\":\"https:\\\/\\\/diariotextual.com\\\/inicio\\\/wp-content\\\/uploads\\\/2020\\\/02\\\/georgievakristalina18995.jpg\",\"datePublished\":\"2020-02-19T22:27:15+00:00\",\"dateModified\":\"2020-02-20T16:12:46+00:00\",\"breadcrumb\":{\"@id\":\"https:\\\/\\\/diariotextual.com\\\/inicio\\\/index.php\\\/2020\\\/02\\\/19\\\/fmi-dijo-la-deuda-no-sostenible-pidio-una-quita-apreciable-los-privados\\\/#breadcrumb\"},\"inLanguage\":\"es\",\"potentialAction\":[{\"@type\":\"ReadAction\",\"target\":[\"https:\\\/\\\/diariotextual.com\\\/inicio\\\/index.php\\\/2020\\\/02\\\/19\\\/fmi-dijo-la-deuda-no-sostenible-pidio-una-quita-apreciable-los-privados\\\/\"]}]},{\"@type\":\"ImageObject\",\"inLanguage\":\"es\",\"@id\":\"https:\\\/\\\/diariotextual.com\\\/inicio\\\/index.php\\\/2020\\\/02\\\/19\\\/fmi-dijo-la-deuda-no-sostenible-pidio-una-quita-apreciable-los-privados\\\/#primaryimage\",\"url\":\"https:\\\/\\\/diariotextual.com\\\/inicio\\\/wp-content\\\/uploads\\\/2020\\\/02\\\/georgievakristalina18995.jpg\",\"contentUrl\":\"https:\\\/\\\/diariotextual.com\\\/inicio\\\/wp-content\\\/uploads\\\/2020\\\/02\\\/georgievakristalina18995.jpg\",\"width\":760,\"height\":528},{\"@type\":\"BreadcrumbList\",\"@id\":\"https:\\\/\\\/diariotextual.com\\\/inicio\\\/index.php\\\/2020\\\/02\\\/19\\\/fmi-dijo-la-deuda-no-sostenible-pidio-una-quita-apreciable-los-privados\\\/#breadcrumb\",\"itemListElement\":[{\"@type\":\"ListItem\",\"position\":1,\"name\":\"Portada\",\"item\":\"https:\\\/\\\/diariotextual.com\\\/inicio\\\/\"},{\"@type\":\"ListItem\",\"position\":2,\"name\":\"El FMI dijo que la deuda \u00abno es sostenible\u00bb y pidi\u00f3 una quita apreciable a los privados\"}]},{\"@type\":\"WebSite\",\"@id\":\"https:\\\/\\\/diariotextual.com\\\/inicio\\\/#website\",\"url\":\"https:\\\/\\\/diariotextual.com\\\/inicio\\\/\",\"name\":\"Diario Textual\",\"description\":\"\",\"publisher\":{\"@id\":\"https:\\\/\\\/diariotextual.com\\\/inicio\\\/#organization\"},\"potentialAction\":[{\"@type\":\"SearchAction\",\"target\":{\"@type\":\"EntryPoint\",\"urlTemplate\":\"https:\\\/\\\/diariotextual.com\\\/inicio\\\/?s={search_term_string}\"},\"query-input\":{\"@type\":\"PropertyValueSpecification\",\"valueRequired\":true,\"valueName\":\"search_term_string\"}}],\"inLanguage\":\"es\"},{\"@type\":\"Organization\",\"@id\":\"https:\\\/\\\/diariotextual.com\\\/inicio\\\/#organization\",\"name\":\"Diario Textual\",\"url\":\"https:\\\/\\\/diariotextual.com\\\/inicio\\\/\",\"logo\":{\"@type\":\"ImageObject\",\"inLanguage\":\"es\",\"@id\":\"https:\\\/\\\/diariotextual.com\\\/inicio\\\/#\\\/schema\\\/logo\\\/image\\\/\",\"url\":\"https:\\\/\\\/diariotextual.com\\\/inicio\\\/wp-content\\\/uploads\\\/2023\\\/05\\\/logotextual1.jpg\",\"contentUrl\":\"https:\\\/\\\/diariotextual.com\\\/inicio\\\/wp-content\\\/uploads\\\/2023\\\/05\\\/logotextual1.jpg\",\"width\":516,\"height\":76,\"caption\":\"Diario Textual\"},\"image\":{\"@id\":\"https:\\\/\\\/diariotextual.com\\\/inicio\\\/#\\\/schema\\\/logo\\\/image\\\/\"},\"sameAs\":[\"https:\\\/\\\/www.facebook.com\\\/eltextual\",\"https:\\\/\\\/x.com\\\/eltextual\",\"http:\\\/\\\/www.instagram.com\\\/eltextual\"]},{\"@type\":\"Person\",\"@id\":\"https:\\\/\\\/diariotextual.com\\\/inicio\\\/#\\\/schema\\\/person\\\/418fc4093c33e86ed41562db3508f958\",\"name\":\"Diario1 Diario1\",\"image\":{\"@type\":\"ImageObject\",\"inLanguage\":\"es\",\"@id\":\"https:\\\/\\\/secure.gravatar.com\\\/avatar\\\/9167d280179c85bc18be67aa7eda765854300033af4896dd779b608640f2ef7a?s=96&d=mm&r=g\",\"url\":\"https:\\\/\\\/secure.gravatar.com\\\/avatar\\\/9167d280179c85bc18be67aa7eda765854300033af4896dd779b608640f2ef7a?s=96&d=mm&r=g\",\"contentUrl\":\"https:\\\/\\\/secure.gravatar.com\\\/avatar\\\/9167d280179c85bc18be67aa7eda765854300033af4896dd779b608640f2ef7a?s=96&d=mm&r=g\",\"caption\":\"Diario1 Diario1\"},\"url\":\"https:\\\/\\\/diariotextual.com\\\/inicio\\\/index.php\\\/author\\\/diario1\\\/\"}]}<\/script>\n<!-- \/ Yoast SEO plugin. -->","yoast_head_json":{"title":"El FMI dijo que la deuda \"no es sostenible\" y pidi\u00f3 una quita apreciable a los privados - Diario Textual","robots":{"index":"index","follow":"follow","max-snippet":"max-snippet:-1","max-image-preview":"max-image-preview:large","max-video-preview":"max-video-preview:-1"},"canonical":"https:\/\/diariotextual.com\/inicio\/index.php\/2020\/02\/19\/fmi-dijo-la-deuda-no-sostenible-pidio-una-quita-apreciable-los-privados\/","og_locale":"es_ES","og_type":"article","og_title":"El FMI dijo que la deuda \"no es sostenible\" y pidi\u00f3 una quita apreciable a los privados - Diario Textual","og_description":"El Fondo Monetario Internacional (FMI) asegur\u00f3 hoy que la deuda p\u00fablica argentina \u00abno es sostenible\u00bb, que el super\u00e1vit fiscal para enfrentar su pago \u00abno es econ\u00f3mica ni pol\u00edticamente factible\u00bb, y&hellip;","og_url":"https:\/\/diariotextual.com\/inicio\/index.php\/2020\/02\/19\/fmi-dijo-la-deuda-no-sostenible-pidio-una-quita-apreciable-los-privados\/","og_site_name":"Diario Textual","article_publisher":"https:\/\/www.facebook.com\/eltextual","article_published_time":"2020-02-19T22:27:15+00:00","article_modified_time":"2020-02-20T16:12:46+00:00","og_image":[{"width":760,"height":528,"url":"https:\/\/diariotextual.com\/inicio\/wp-content\/uploads\/2020\/02\/georgievakristalina18995.jpg","type":"image\/jpeg"}],"author":"Diario1 Diario1","twitter_card":"summary_large_image","twitter_creator":"@eltextual","twitter_site":"@eltextual","twitter_misc":{"Escrito por":"Diario1 Diario1","Tiempo de lectura":"2 minutos"},"schema":{"@context":"https:\/\/schema.org","@graph":[{"@type":"Article","@id":"https:\/\/diariotextual.com\/inicio\/index.php\/2020\/02\/19\/fmi-dijo-la-deuda-no-sostenible-pidio-una-quita-apreciable-los-privados\/#article","isPartOf":{"@id":"https:\/\/diariotextual.com\/inicio\/index.php\/2020\/02\/19\/fmi-dijo-la-deuda-no-sostenible-pidio-una-quita-apreciable-los-privados\/"},"author":{"name":"Diario1 Diario1","@id":"https:\/\/diariotextual.com\/inicio\/#\/schema\/person\/418fc4093c33e86ed41562db3508f958"},"headline":"El FMI dijo que la deuda \u00abno es sostenible\u00bb y pidi\u00f3 una quita apreciable a los privados","datePublished":"2020-02-19T22:27:15+00:00","dateModified":"2020-02-20T16:12:46+00:00","mainEntityOfPage":{"@id":"https:\/\/diariotextual.com\/inicio\/index.php\/2020\/02\/19\/fmi-dijo-la-deuda-no-sostenible-pidio-una-quita-apreciable-los-privados\/"},"wordCount":328,"publisher":{"@id":"https:\/\/diariotextual.com\/inicio\/#organization"},"image":{"@id":"https:\/\/diariotextual.com\/inicio\/index.php\/2020\/02\/19\/fmi-dijo-la-deuda-no-sostenible-pidio-una-quita-apreciable-los-privados\/#primaryimage"},"thumbnailUrl":"https:\/\/diariotextual.com\/inicio\/wp-content\/uploads\/2020\/02\/georgievakristalina18995.jpg","articleSection":["ECONOMIA"],"inLanguage":"es"},{"@type":"WebPage","@id":"https:\/\/diariotextual.com\/inicio\/index.php\/2020\/02\/19\/fmi-dijo-la-deuda-no-sostenible-pidio-una-quita-apreciable-los-privados\/","url":"https:\/\/diariotextual.com\/inicio\/index.php\/2020\/02\/19\/fmi-dijo-la-deuda-no-sostenible-pidio-una-quita-apreciable-los-privados\/","name":"El FMI dijo que la deuda \"no es sostenible\" y pidi\u00f3 una quita apreciable a los privados - Diario Textual","isPartOf":{"@id":"https:\/\/diariotextual.com\/inicio\/#website"},"primaryImageOfPage":{"@id":"https:\/\/diariotextual.com\/inicio\/index.php\/2020\/02\/19\/fmi-dijo-la-deuda-no-sostenible-pidio-una-quita-apreciable-los-privados\/#primaryimage"},"image":{"@id":"https:\/\/diariotextual.com\/inicio\/index.php\/2020\/02\/19\/fmi-dijo-la-deuda-no-sostenible-pidio-una-quita-apreciable-los-privados\/#primaryimage"},"thumbnailUrl":"https:\/\/diariotextual.com\/inicio\/wp-content\/uploads\/2020\/02\/georgievakristalina18995.jpg","datePublished":"2020-02-19T22:27:15+00:00","dateModified":"2020-02-20T16:12:46+00:00","breadcrumb":{"@id":"https:\/\/diariotextual.com\/inicio\/index.php\/2020\/02\/19\/fmi-dijo-la-deuda-no-sostenible-pidio-una-quita-apreciable-los-privados\/#breadcrumb"},"inLanguage":"es","potentialAction":[{"@type":"ReadAction","target":["https:\/\/diariotextual.com\/inicio\/index.php\/2020\/02\/19\/fmi-dijo-la-deuda-no-sostenible-pidio-una-quita-apreciable-los-privados\/"]}]},{"@type":"ImageObject","inLanguage":"es","@id":"https:\/\/diariotextual.com\/inicio\/index.php\/2020\/02\/19\/fmi-dijo-la-deuda-no-sostenible-pidio-una-quita-apreciable-los-privados\/#primaryimage","url":"https:\/\/diariotextual.com\/inicio\/wp-content\/uploads\/2020\/02\/georgievakristalina18995.jpg","contentUrl":"https:\/\/diariotextual.com\/inicio\/wp-content\/uploads\/2020\/02\/georgievakristalina18995.jpg","width":760,"height":528},{"@type":"BreadcrumbList","@id":"https:\/\/diariotextual.com\/inicio\/index.php\/2020\/02\/19\/fmi-dijo-la-deuda-no-sostenible-pidio-una-quita-apreciable-los-privados\/#breadcrumb","itemListElement":[{"@type":"ListItem","position":1,"name":"Portada","item":"https:\/\/diariotextual.com\/inicio\/"},{"@type":"ListItem","position":2,"name":"El FMI dijo que la deuda \u00abno es sostenible\u00bb y pidi\u00f3 una quita apreciable a los privados"}]},{"@type":"WebSite","@id":"https:\/\/diariotextual.com\/inicio\/#website","url":"https:\/\/diariotextual.com\/inicio\/","name":"Diario Textual","description":"","publisher":{"@id":"https:\/\/diariotextual.com\/inicio\/#organization"},"potentialAction":[{"@type":"SearchAction","target":{"@type":"EntryPoint","urlTemplate":"https:\/\/diariotextual.com\/inicio\/?s={search_term_string}"},"query-input":{"@type":"PropertyValueSpecification","valueRequired":true,"valueName":"search_term_string"}}],"inLanguage":"es"},{"@type":"Organization","@id":"https:\/\/diariotextual.com\/inicio\/#organization","name":"Diario Textual","url":"https:\/\/diariotextual.com\/inicio\/","logo":{"@type":"ImageObject","inLanguage":"es","@id":"https:\/\/diariotextual.com\/inicio\/#\/schema\/logo\/image\/","url":"https:\/\/diariotextual.com\/inicio\/wp-content\/uploads\/2023\/05\/logotextual1.jpg","contentUrl":"https:\/\/diariotextual.com\/inicio\/wp-content\/uploads\/2023\/05\/logotextual1.jpg","width":516,"height":76,"caption":"Diario Textual"},"image":{"@id":"https:\/\/diariotextual.com\/inicio\/#\/schema\/logo\/image\/"},"sameAs":["https:\/\/www.facebook.com\/eltextual","https:\/\/x.com\/eltextual","http:\/\/www.instagram.com\/eltextual"]},{"@type":"Person","@id":"https:\/\/diariotextual.com\/inicio\/#\/schema\/person\/418fc4093c33e86ed41562db3508f958","name":"Diario1 Diario1","image":{"@type":"ImageObject","inLanguage":"es","@id":"https:\/\/secure.gravatar.com\/avatar\/9167d280179c85bc18be67aa7eda765854300033af4896dd779b608640f2ef7a?s=96&d=mm&r=g","url":"https:\/\/secure.gravatar.com\/avatar\/9167d280179c85bc18be67aa7eda765854300033af4896dd779b608640f2ef7a?s=96&d=mm&r=g","contentUrl":"https:\/\/secure.gravatar.com\/avatar\/9167d280179c85bc18be67aa7eda765854300033af4896dd779b608640f2ef7a?s=96&d=mm&r=g","caption":"Diario1 Diario1"},"url":"https:\/\/diariotextual.com\/inicio\/index.php\/author\/diario1\/"}]}},"_links":{"self":[{"href":"https:\/\/diariotextual.com\/inicio\/index.php\/wp-json\/wp\/v2\/posts\/80348","targetHints":{"allow":["GET"]}}],"collection":[{"href":"https:\/\/diariotextual.com\/inicio\/index.php\/wp-json\/wp\/v2\/posts"}],"about":[{"href":"https:\/\/diariotextual.com\/inicio\/index.php\/wp-json\/wp\/v2\/types\/post"}],"author":[{"embeddable":true,"href":"https:\/\/diariotextual.com\/inicio\/index.php\/wp-json\/wp\/v2\/users\/3"}],"replies":[{"embeddable":true,"href":"https:\/\/diariotextual.com\/inicio\/index.php\/wp-json\/wp\/v2\/comments?post=80348"}],"version-history":[{"count":1,"href":"https:\/\/diariotextual.com\/inicio\/index.php\/wp-json\/wp\/v2\/posts\/80348\/revisions"}],"predecessor-version":[{"id":80349,"href":"https:\/\/diariotextual.com\/inicio\/index.php\/wp-json\/wp\/v2\/posts\/80348\/revisions\/80349"}],"wp:featuredmedia":[{"embeddable":true,"href":"https:\/\/diariotextual.com\/inicio\/index.php\/wp-json\/wp\/v2\/media\/80006"}],"wp:attachment":[{"href":"https:\/\/diariotextual.com\/inicio\/index.php\/wp-json\/wp\/v2\/media?parent=80348"}],"wp:term":[{"taxonomy":"category","embeddable":true,"href":"https:\/\/diariotextual.com\/inicio\/index.php\/wp-json\/wp\/v2\/categories?post=80348"},{"taxonomy":"post_tag","embeddable":true,"href":"https:\/\/diariotextual.com\/inicio\/index.php\/wp-json\/wp\/v2\/tags?post=80348"}],"curies":[{"name":"wp","href":"https:\/\/api.w.org\/{rel}","templated":true}]}}