{"id":80977,"date":"2020-02-25T18:16:58","date_gmt":"2020-02-25T21:16:58","guid":{"rendered":"http:\/\/diariotextual.com\/inicio\/?p=80977"},"modified":"2020-02-26T00:09:39","modified_gmt":"2020-02-26T03:09:39","slug":"gobierno-pesifica-la-generacion-las-centrales-electricas","status":"publish","type":"post","link":"https:\/\/diariotextual.com\/inicio\/index.php\/2020\/02\/25\/gobierno-pesifica-la-generacion-las-centrales-electricas\/","title":{"rendered":"El Gobierno pesifica la generaci\u00f3n de las centrales el\u00e9ctricas"},"content":{"rendered":"<p>El <strong>Gobierno nacional dispondr\u00e1 la pesificaci\u00f3n y la reducci\u00f3n de la remuneraci\u00f3n<\/strong> que perciben las<strong> generadoras de electricidad en la modalidad \u201cspot\u201d, y la pesificaci\u00f3n de lo que reconoce por la generaci\u00f3n de las centrales hidroel\u00e9ctricas binacionales<\/strong>, medidas que tendr\u00e1n un ahorro superior a los <strong>US$ 300 millones de d\u00f3lares<\/strong> al a\u00f1o.<\/p>\n<p>Fuentes oficiales informaron que la medida es una decisi\u00f3n del ministro de Desarrollo Productivo, Mar\u00edas Kulfas, que en las pr\u00f3ximas horas firmar\u00e1 el secretario de Energ\u00eda, Sergio Lanziani, y alcanza la generaci\u00f3n vieja o spot, comprendida en la Resoluci\u00f3n 1 del 2019 que recibe una remuneraci\u00f3n definida por la autoridad de aplicaci\u00f3n.<\/p>\n<p>La medida ser\u00e1 de aplicaciones para las transacciones a partir de 1 febrero de 2020, y <strong>seg\u00fan estimaciones oficiales la decisi\u00f3n tendr\u00e1 un impacto superior a los US$ 300 millones de d\u00f3lares anuales en los ingresos de las empresas<\/strong>.<\/p>\n<p>Esta medida implica que el costo de la generaci\u00f3n de energ\u00eda <strong>caer\u00e1 aproximadamente de 69 a 60\/62 d\u00f3lar por MWH y redundar\u00e1 en una baja importante en los costos de generaci\u00f3n de energ\u00eda<\/strong>.<\/p>\n<p>El segmento de la generaci\u00f3n de energ\u00eda tiene un impacto del orden del 50% en la factura de electricidad, en tanto que la transmisi\u00f3n y la distribuci\u00f3n del sistema se reparte el restante 50% de las facturas.<\/p>\n<p>&nbsp;<\/p>\n<blockquote class=\"wp-embedded-content\" data-secret=\"HlSXTYi3IE\"><p><a href=\"http:\/\/diariotextual.com\/inicio\/index.php\/2020\/02\/21\/ziliotto-compensaran-las-cooperativas-160-millones\/\">Ziliotto: por el congelamiento de tarifas, compensan a las cooperativas con $160 millones<\/a><\/p><\/blockquote>\n<p><iframe class=\"wp-embedded-content\" sandbox=\"allow-scripts\" security=\"restricted\" style=\"position: absolute; clip: rect(1px, 1px, 1px, 1px);\" src=\"http:\/\/diariotextual.com\/inicio\/index.php\/2020\/02\/21\/ziliotto-compensaran-las-cooperativas-160-millones\/embed\/#?secret=HlSXTYi3IE\" data-secret=\"HlSXTYi3IE\" width=\"600\" height=\"338\" title=\"&#171;Ziliotto: por el congelamiento de tarifas, compensan a las cooperativas con $160 millones&#187; &#8212; Diario Textual\" frameborder=\"0\" marginwidth=\"0\" marginheight=\"0\" scrolling=\"no\"><\/iframe><\/p>\n<p>&nbsp;<\/p>\n<p>La resoluci\u00f3n que ser\u00e1 publicada en los pr\u00f3ximos d\u00edas en el Bolet\u00edn Oficial dispondr\u00e1 la \u00abreducci\u00f3n de la remuneraci\u00f3n que perciben las generadoras de energ\u00eda \u201cspot\u201d y su pesificaci\u00f3n\u00bb, y alcanzar\u00e1 a las represas y a grandes generadoras que cuentan en su parque con varios equipos denominados \u00abviejos\u00bb y de menor eficiencia.<\/p>\n<p>El segmento spot se refiere al mercado de precios horarios en los que se comercializa la energ\u00eda no sujeta a contratos de abastecimiento con la Compa\u00f1\u00eda Administradora del Mercado Mayorista El\u00e9ctrico (Cammesa), cuyo precio de la energ\u00eda el\u00e9ctrica se define en funci\u00f3n del costo marginal.<\/p>\n<p><strong>La medida no alcanzar\u00e1 a las inversiones que se vienen registrando, al menos, en la \u00faltima d\u00e9cada que modernizaron el parque de generaci\u00f3n el\u00e9ctrica, que son equipos mucho mas eficientes y vitales para cubrir los picos de demanda o la entrada r\u00e1pida al sistema en caso de imprevistos en la red.<\/strong><\/p>\n<p>Adicionalmente, la normativa determinar\u00e1 \u00abla pesificaci\u00f3n de las remuneraciones por generaci\u00f3n de energ\u00eda de las centrales hidroel\u00e9ctricas binacionales\u00bb, es decir la represa de Yacyreta que se administra con Paraguay; y la de Salto Grande con Uruguay.<\/p>\n<p>De esta manera, en el Ministerio de Desarrollo Productivo del cual depende la Secretar\u00eda de Energ\u00eda, se estima que \u00abel costo de energ\u00eda el\u00e9ctrica caer\u00e1 aproximadamente de 69 a 60\/62 d\u00f3lares por Mw\/h y redundar\u00e1 en una baja importante de generaci\u00f3n\u00bb.<\/p>\n<p>En el gobierno se explic\u00f3 que \u00abentre 2015 y 2018 la remuneraci\u00f3n que recibieron las empresas por la electricidad aument\u00f3 un 60%\u00bb, a partir de una decisi\u00f3n de la administraci\u00f3n de Mauricio Macri.<\/p>\n<p>&nbsp;<\/p>\n<p>&nbsp;<\/p>\n<p>&nbsp;<\/p>\n","protected":false},"excerpt":{"rendered":"<p>El Gobierno nacional dispondr\u00e1 la pesificaci\u00f3n y la reducci\u00f3n de la remuneraci\u00f3n que perciben las generadoras de electricidad en la modalidad \u201cspot\u201d, y la pesificaci\u00f3n de lo que reconoce por&hellip;<\/p>\n","protected":false},"author":3,"featured_media":1532,"comment_status":"closed","ping_status":"open","sticky":false,"template":"","format":"standard","meta":{"_acf_changed":false,"footnotes":""},"categories":[11,5],"tags":[1271],"class_list":["post-80977","post","type-post","status-publish","format-standard","has-post-thumbnail","hentry","category-que-pasa","category-economia","tag-electricidad"],"acf":[],"yoast_head":"<!-- This site is optimized with the Yoast SEO plugin v27.5 - https:\/\/yoast.com\/product\/yoast-seo-wordpress\/ -->\n<title>El Gobierno pesifica la generaci\u00f3n de las centrales el\u00e9ctricas - Diario Textual<\/title>\n<meta name=\"robots\" content=\"index, follow, max-snippet:-1, max-image-preview:large, max-video-preview:-1\" \/>\n<link rel=\"canonical\" href=\"https:\/\/diariotextual.com\/inicio\/index.php\/2020\/02\/25\/gobierno-pesifica-la-generacion-las-centrales-electricas\/\" \/>\n<meta property=\"og:locale\" content=\"es_ES\" \/>\n<meta property=\"og:type\" content=\"article\" \/>\n<meta property=\"og:title\" content=\"El Gobierno pesifica la generaci\u00f3n de las centrales el\u00e9ctricas - Diario Textual\" \/>\n<meta property=\"og:description\" content=\"El Gobierno nacional dispondr\u00e1 la pesificaci\u00f3n y la reducci\u00f3n de la remuneraci\u00f3n que perciben las generadoras de electricidad en la modalidad \u201cspot\u201d, y la pesificaci\u00f3n de lo que reconoce por&hellip;\" \/>\n<meta property=\"og:url\" content=\"https:\/\/diariotextual.com\/inicio\/index.php\/2020\/02\/25\/gobierno-pesifica-la-generacion-las-centrales-electricas\/\" \/>\n<meta property=\"og:site_name\" content=\"Diario Textual\" \/>\n<meta property=\"article:publisher\" content=\"https:\/\/www.facebook.com\/eltextual\" \/>\n<meta property=\"article:published_time\" content=\"2020-02-25T21:16:58+00:00\" \/>\n<meta property=\"article:modified_time\" content=\"2020-02-26T03:09:39+00:00\" \/>\n<meta property=\"og:image\" content=\"https:\/\/diariotextual.com\/inicio\/wp-content\/uploads\/2018\/03\/electricidadtorrestextual2015-1.jpg\" \/>\n\t<meta property=\"og:image:width\" content=\"600\" \/>\n\t<meta property=\"og:image:height\" content=\"400\" \/>\n\t<meta property=\"og:image:type\" content=\"image\/jpeg\" \/>\n<meta name=\"author\" content=\"Diario1 Diario1\" \/>\n<meta name=\"twitter:card\" content=\"summary_large_image\" \/>\n<meta name=\"twitter:creator\" content=\"@eltextual\" \/>\n<meta name=\"twitter:site\" content=\"@eltextual\" \/>\n<meta name=\"twitter:label1\" content=\"Escrito por\" \/>\n\t<meta name=\"twitter:data1\" content=\"Diario1 Diario1\" \/>\n\t<meta name=\"twitter:label2\" content=\"Tiempo de lectura\" \/>\n\t<meta name=\"twitter:data2\" content=\"3 minutos\" \/>\n<script type=\"application\/ld+json\" class=\"yoast-schema-graph\">{\"@context\":\"https:\\\/\\\/schema.org\",\"@graph\":[{\"@type\":\"Article\",\"@id\":\"https:\\\/\\\/diariotextual.com\\\/inicio\\\/index.php\\\/2020\\\/02\\\/25\\\/gobierno-pesifica-la-generacion-las-centrales-electricas\\\/#article\",\"isPartOf\":{\"@id\":\"https:\\\/\\\/diariotextual.com\\\/inicio\\\/index.php\\\/2020\\\/02\\\/25\\\/gobierno-pesifica-la-generacion-las-centrales-electricas\\\/\"},\"author\":{\"name\":\"Diario1 Diario1\",\"@id\":\"https:\\\/\\\/diariotextual.com\\\/inicio\\\/#\\\/schema\\\/person\\\/418fc4093c33e86ed41562db3508f958\"},\"headline\":\"El Gobierno pesifica la generaci\u00f3n de las centrales el\u00e9ctricas\",\"datePublished\":\"2020-02-25T21:16:58+00:00\",\"dateModified\":\"2020-02-26T03:09:39+00:00\",\"mainEntityOfPage\":{\"@id\":\"https:\\\/\\\/diariotextual.com\\\/inicio\\\/index.php\\\/2020\\\/02\\\/25\\\/gobierno-pesifica-la-generacion-las-centrales-electricas\\\/\"},\"wordCount\":541,\"publisher\":{\"@id\":\"https:\\\/\\\/diariotextual.com\\\/inicio\\\/#organization\"},\"image\":{\"@id\":\"https:\\\/\\\/diariotextual.com\\\/inicio\\\/index.php\\\/2020\\\/02\\\/25\\\/gobierno-pesifica-la-generacion-las-centrales-electricas\\\/#primaryimage\"},\"thumbnailUrl\":\"https:\\\/\\\/diariotextual.com\\\/inicio\\\/wp-content\\\/uploads\\\/2018\\\/03\\\/electricidadtorrestextual2015-1.jpg\",\"keywords\":[\"electricidad\"],\"articleSection\":[\"A - QUE PASA (al costado)\",\"ECONOMIA\"],\"inLanguage\":\"es\"},{\"@type\":\"WebPage\",\"@id\":\"https:\\\/\\\/diariotextual.com\\\/inicio\\\/index.php\\\/2020\\\/02\\\/25\\\/gobierno-pesifica-la-generacion-las-centrales-electricas\\\/\",\"url\":\"https:\\\/\\\/diariotextual.com\\\/inicio\\\/index.php\\\/2020\\\/02\\\/25\\\/gobierno-pesifica-la-generacion-las-centrales-electricas\\\/\",\"name\":\"El Gobierno pesifica la generaci\u00f3n de las centrales el\u00e9ctricas - Diario Textual\",\"isPartOf\":{\"@id\":\"https:\\\/\\\/diariotextual.com\\\/inicio\\\/#website\"},\"primaryImageOfPage\":{\"@id\":\"https:\\\/\\\/diariotextual.com\\\/inicio\\\/index.php\\\/2020\\\/02\\\/25\\\/gobierno-pesifica-la-generacion-las-centrales-electricas\\\/#primaryimage\"},\"image\":{\"@id\":\"https:\\\/\\\/diariotextual.com\\\/inicio\\\/index.php\\\/2020\\\/02\\\/25\\\/gobierno-pesifica-la-generacion-las-centrales-electricas\\\/#primaryimage\"},\"thumbnailUrl\":\"https:\\\/\\\/diariotextual.com\\\/inicio\\\/wp-content\\\/uploads\\\/2018\\\/03\\\/electricidadtorrestextual2015-1.jpg\",\"datePublished\":\"2020-02-25T21:16:58+00:00\",\"dateModified\":\"2020-02-26T03:09:39+00:00\",\"breadcrumb\":{\"@id\":\"https:\\\/\\\/diariotextual.com\\\/inicio\\\/index.php\\\/2020\\\/02\\\/25\\\/gobierno-pesifica-la-generacion-las-centrales-electricas\\\/#breadcrumb\"},\"inLanguage\":\"es\",\"potentialAction\":[{\"@type\":\"ReadAction\",\"target\":[\"https:\\\/\\\/diariotextual.com\\\/inicio\\\/index.php\\\/2020\\\/02\\\/25\\\/gobierno-pesifica-la-generacion-las-centrales-electricas\\\/\"]}]},{\"@type\":\"ImageObject\",\"inLanguage\":\"es\",\"@id\":\"https:\\\/\\\/diariotextual.com\\\/inicio\\\/index.php\\\/2020\\\/02\\\/25\\\/gobierno-pesifica-la-generacion-las-centrales-electricas\\\/#primaryimage\",\"url\":\"https:\\\/\\\/diariotextual.com\\\/inicio\\\/wp-content\\\/uploads\\\/2018\\\/03\\\/electricidadtorrestextual2015-1.jpg\",\"contentUrl\":\"https:\\\/\\\/diariotextual.com\\\/inicio\\\/wp-content\\\/uploads\\\/2018\\\/03\\\/electricidadtorrestextual2015-1.jpg\",\"width\":600,\"height\":400},{\"@type\":\"BreadcrumbList\",\"@id\":\"https:\\\/\\\/diariotextual.com\\\/inicio\\\/index.php\\\/2020\\\/02\\\/25\\\/gobierno-pesifica-la-generacion-las-centrales-electricas\\\/#breadcrumb\",\"itemListElement\":[{\"@type\":\"ListItem\",\"position\":1,\"name\":\"Portada\",\"item\":\"https:\\\/\\\/diariotextual.com\\\/inicio\\\/\"},{\"@type\":\"ListItem\",\"position\":2,\"name\":\"El Gobierno pesifica la generaci\u00f3n de las centrales el\u00e9ctricas\"}]},{\"@type\":\"WebSite\",\"@id\":\"https:\\\/\\\/diariotextual.com\\\/inicio\\\/#website\",\"url\":\"https:\\\/\\\/diariotextual.com\\\/inicio\\\/\",\"name\":\"Diario Textual\",\"description\":\"\",\"publisher\":{\"@id\":\"https:\\\/\\\/diariotextual.com\\\/inicio\\\/#organization\"},\"potentialAction\":[{\"@type\":\"SearchAction\",\"target\":{\"@type\":\"EntryPoint\",\"urlTemplate\":\"https:\\\/\\\/diariotextual.com\\\/inicio\\\/?s={search_term_string}\"},\"query-input\":{\"@type\":\"PropertyValueSpecification\",\"valueRequired\":true,\"valueName\":\"search_term_string\"}}],\"inLanguage\":\"es\"},{\"@type\":\"Organization\",\"@id\":\"https:\\\/\\\/diariotextual.com\\\/inicio\\\/#organization\",\"name\":\"Diario Textual\",\"url\":\"https:\\\/\\\/diariotextual.com\\\/inicio\\\/\",\"logo\":{\"@type\":\"ImageObject\",\"inLanguage\":\"es\",\"@id\":\"https:\\\/\\\/diariotextual.com\\\/inicio\\\/#\\\/schema\\\/logo\\\/image\\\/\",\"url\":\"https:\\\/\\\/diariotextual.com\\\/inicio\\\/wp-content\\\/uploads\\\/2023\\\/05\\\/logotextual1.jpg\",\"contentUrl\":\"https:\\\/\\\/diariotextual.com\\\/inicio\\\/wp-content\\\/uploads\\\/2023\\\/05\\\/logotextual1.jpg\",\"width\":516,\"height\":76,\"caption\":\"Diario Textual\"},\"image\":{\"@id\":\"https:\\\/\\\/diariotextual.com\\\/inicio\\\/#\\\/schema\\\/logo\\\/image\\\/\"},\"sameAs\":[\"https:\\\/\\\/www.facebook.com\\\/eltextual\",\"https:\\\/\\\/x.com\\\/eltextual\",\"http:\\\/\\\/www.instagram.com\\\/eltextual\"]},{\"@type\":\"Person\",\"@id\":\"https:\\\/\\\/diariotextual.com\\\/inicio\\\/#\\\/schema\\\/person\\\/418fc4093c33e86ed41562db3508f958\",\"name\":\"Diario1 Diario1\",\"image\":{\"@type\":\"ImageObject\",\"inLanguage\":\"es\",\"@id\":\"https:\\\/\\\/secure.gravatar.com\\\/avatar\\\/9167d280179c85bc18be67aa7eda765854300033af4896dd779b608640f2ef7a?s=96&d=mm&r=g\",\"url\":\"https:\\\/\\\/secure.gravatar.com\\\/avatar\\\/9167d280179c85bc18be67aa7eda765854300033af4896dd779b608640f2ef7a?s=96&d=mm&r=g\",\"contentUrl\":\"https:\\\/\\\/secure.gravatar.com\\\/avatar\\\/9167d280179c85bc18be67aa7eda765854300033af4896dd779b608640f2ef7a?s=96&d=mm&r=g\",\"caption\":\"Diario1 Diario1\"},\"url\":\"https:\\\/\\\/diariotextual.com\\\/inicio\\\/index.php\\\/author\\\/diario1\\\/\"}]}<\/script>\n<!-- \/ Yoast SEO plugin. -->","yoast_head_json":{"title":"El Gobierno pesifica la generaci\u00f3n de las centrales el\u00e9ctricas - Diario Textual","robots":{"index":"index","follow":"follow","max-snippet":"max-snippet:-1","max-image-preview":"max-image-preview:large","max-video-preview":"max-video-preview:-1"},"canonical":"https:\/\/diariotextual.com\/inicio\/index.php\/2020\/02\/25\/gobierno-pesifica-la-generacion-las-centrales-electricas\/","og_locale":"es_ES","og_type":"article","og_title":"El Gobierno pesifica la generaci\u00f3n de las centrales el\u00e9ctricas - Diario Textual","og_description":"El Gobierno nacional dispondr\u00e1 la pesificaci\u00f3n y la reducci\u00f3n de la remuneraci\u00f3n que perciben las generadoras de electricidad en la modalidad \u201cspot\u201d, y la pesificaci\u00f3n de lo que reconoce por&hellip;","og_url":"https:\/\/diariotextual.com\/inicio\/index.php\/2020\/02\/25\/gobierno-pesifica-la-generacion-las-centrales-electricas\/","og_site_name":"Diario Textual","article_publisher":"https:\/\/www.facebook.com\/eltextual","article_published_time":"2020-02-25T21:16:58+00:00","article_modified_time":"2020-02-26T03:09:39+00:00","og_image":[{"width":600,"height":400,"url":"https:\/\/diariotextual.com\/inicio\/wp-content\/uploads\/2018\/03\/electricidadtorrestextual2015-1.jpg","type":"image\/jpeg"}],"author":"Diario1 Diario1","twitter_card":"summary_large_image","twitter_creator":"@eltextual","twitter_site":"@eltextual","twitter_misc":{"Escrito por":"Diario1 Diario1","Tiempo de lectura":"3 minutos"},"schema":{"@context":"https:\/\/schema.org","@graph":[{"@type":"Article","@id":"https:\/\/diariotextual.com\/inicio\/index.php\/2020\/02\/25\/gobierno-pesifica-la-generacion-las-centrales-electricas\/#article","isPartOf":{"@id":"https:\/\/diariotextual.com\/inicio\/index.php\/2020\/02\/25\/gobierno-pesifica-la-generacion-las-centrales-electricas\/"},"author":{"name":"Diario1 Diario1","@id":"https:\/\/diariotextual.com\/inicio\/#\/schema\/person\/418fc4093c33e86ed41562db3508f958"},"headline":"El Gobierno pesifica la generaci\u00f3n de las centrales el\u00e9ctricas","datePublished":"2020-02-25T21:16:58+00:00","dateModified":"2020-02-26T03:09:39+00:00","mainEntityOfPage":{"@id":"https:\/\/diariotextual.com\/inicio\/index.php\/2020\/02\/25\/gobierno-pesifica-la-generacion-las-centrales-electricas\/"},"wordCount":541,"publisher":{"@id":"https:\/\/diariotextual.com\/inicio\/#organization"},"image":{"@id":"https:\/\/diariotextual.com\/inicio\/index.php\/2020\/02\/25\/gobierno-pesifica-la-generacion-las-centrales-electricas\/#primaryimage"},"thumbnailUrl":"https:\/\/diariotextual.com\/inicio\/wp-content\/uploads\/2018\/03\/electricidadtorrestextual2015-1.jpg","keywords":["electricidad"],"articleSection":["A - QUE PASA (al costado)","ECONOMIA"],"inLanguage":"es"},{"@type":"WebPage","@id":"https:\/\/diariotextual.com\/inicio\/index.php\/2020\/02\/25\/gobierno-pesifica-la-generacion-las-centrales-electricas\/","url":"https:\/\/diariotextual.com\/inicio\/index.php\/2020\/02\/25\/gobierno-pesifica-la-generacion-las-centrales-electricas\/","name":"El Gobierno pesifica la generaci\u00f3n de las centrales el\u00e9ctricas - Diario Textual","isPartOf":{"@id":"https:\/\/diariotextual.com\/inicio\/#website"},"primaryImageOfPage":{"@id":"https:\/\/diariotextual.com\/inicio\/index.php\/2020\/02\/25\/gobierno-pesifica-la-generacion-las-centrales-electricas\/#primaryimage"},"image":{"@id":"https:\/\/diariotextual.com\/inicio\/index.php\/2020\/02\/25\/gobierno-pesifica-la-generacion-las-centrales-electricas\/#primaryimage"},"thumbnailUrl":"https:\/\/diariotextual.com\/inicio\/wp-content\/uploads\/2018\/03\/electricidadtorrestextual2015-1.jpg","datePublished":"2020-02-25T21:16:58+00:00","dateModified":"2020-02-26T03:09:39+00:00","breadcrumb":{"@id":"https:\/\/diariotextual.com\/inicio\/index.php\/2020\/02\/25\/gobierno-pesifica-la-generacion-las-centrales-electricas\/#breadcrumb"},"inLanguage":"es","potentialAction":[{"@type":"ReadAction","target":["https:\/\/diariotextual.com\/inicio\/index.php\/2020\/02\/25\/gobierno-pesifica-la-generacion-las-centrales-electricas\/"]}]},{"@type":"ImageObject","inLanguage":"es","@id":"https:\/\/diariotextual.com\/inicio\/index.php\/2020\/02\/25\/gobierno-pesifica-la-generacion-las-centrales-electricas\/#primaryimage","url":"https:\/\/diariotextual.com\/inicio\/wp-content\/uploads\/2018\/03\/electricidadtorrestextual2015-1.jpg","contentUrl":"https:\/\/diariotextual.com\/inicio\/wp-content\/uploads\/2018\/03\/electricidadtorrestextual2015-1.jpg","width":600,"height":400},{"@type":"BreadcrumbList","@id":"https:\/\/diariotextual.com\/inicio\/index.php\/2020\/02\/25\/gobierno-pesifica-la-generacion-las-centrales-electricas\/#breadcrumb","itemListElement":[{"@type":"ListItem","position":1,"name":"Portada","item":"https:\/\/diariotextual.com\/inicio\/"},{"@type":"ListItem","position":2,"name":"El Gobierno pesifica la generaci\u00f3n de las centrales el\u00e9ctricas"}]},{"@type":"WebSite","@id":"https:\/\/diariotextual.com\/inicio\/#website","url":"https:\/\/diariotextual.com\/inicio\/","name":"Diario Textual","description":"","publisher":{"@id":"https:\/\/diariotextual.com\/inicio\/#organization"},"potentialAction":[{"@type":"SearchAction","target":{"@type":"EntryPoint","urlTemplate":"https:\/\/diariotextual.com\/inicio\/?s={search_term_string}"},"query-input":{"@type":"PropertyValueSpecification","valueRequired":true,"valueName":"search_term_string"}}],"inLanguage":"es"},{"@type":"Organization","@id":"https:\/\/diariotextual.com\/inicio\/#organization","name":"Diario Textual","url":"https:\/\/diariotextual.com\/inicio\/","logo":{"@type":"ImageObject","inLanguage":"es","@id":"https:\/\/diariotextual.com\/inicio\/#\/schema\/logo\/image\/","url":"https:\/\/diariotextual.com\/inicio\/wp-content\/uploads\/2023\/05\/logotextual1.jpg","contentUrl":"https:\/\/diariotextual.com\/inicio\/wp-content\/uploads\/2023\/05\/logotextual1.jpg","width":516,"height":76,"caption":"Diario Textual"},"image":{"@id":"https:\/\/diariotextual.com\/inicio\/#\/schema\/logo\/image\/"},"sameAs":["https:\/\/www.facebook.com\/eltextual","https:\/\/x.com\/eltextual","http:\/\/www.instagram.com\/eltextual"]},{"@type":"Person","@id":"https:\/\/diariotextual.com\/inicio\/#\/schema\/person\/418fc4093c33e86ed41562db3508f958","name":"Diario1 Diario1","image":{"@type":"ImageObject","inLanguage":"es","@id":"https:\/\/secure.gravatar.com\/avatar\/9167d280179c85bc18be67aa7eda765854300033af4896dd779b608640f2ef7a?s=96&d=mm&r=g","url":"https:\/\/secure.gravatar.com\/avatar\/9167d280179c85bc18be67aa7eda765854300033af4896dd779b608640f2ef7a?s=96&d=mm&r=g","contentUrl":"https:\/\/secure.gravatar.com\/avatar\/9167d280179c85bc18be67aa7eda765854300033af4896dd779b608640f2ef7a?s=96&d=mm&r=g","caption":"Diario1 Diario1"},"url":"https:\/\/diariotextual.com\/inicio\/index.php\/author\/diario1\/"}]}},"_links":{"self":[{"href":"https:\/\/diariotextual.com\/inicio\/index.php\/wp-json\/wp\/v2\/posts\/80977","targetHints":{"allow":["GET"]}}],"collection":[{"href":"https:\/\/diariotextual.com\/inicio\/index.php\/wp-json\/wp\/v2\/posts"}],"about":[{"href":"https:\/\/diariotextual.com\/inicio\/index.php\/wp-json\/wp\/v2\/types\/post"}],"author":[{"embeddable":true,"href":"https:\/\/diariotextual.com\/inicio\/index.php\/wp-json\/wp\/v2\/users\/3"}],"replies":[{"embeddable":true,"href":"https:\/\/diariotextual.com\/inicio\/index.php\/wp-json\/wp\/v2\/comments?post=80977"}],"version-history":[{"count":2,"href":"https:\/\/diariotextual.com\/inicio\/index.php\/wp-json\/wp\/v2\/posts\/80977\/revisions"}],"predecessor-version":[{"id":80979,"href":"https:\/\/diariotextual.com\/inicio\/index.php\/wp-json\/wp\/v2\/posts\/80977\/revisions\/80979"}],"wp:featuredmedia":[{"embeddable":true,"href":"https:\/\/diariotextual.com\/inicio\/index.php\/wp-json\/wp\/v2\/media\/1532"}],"wp:attachment":[{"href":"https:\/\/diariotextual.com\/inicio\/index.php\/wp-json\/wp\/v2\/media?parent=80977"}],"wp:term":[{"taxonomy":"category","embeddable":true,"href":"https:\/\/diariotextual.com\/inicio\/index.php\/wp-json\/wp\/v2\/categories?post=80977"},{"taxonomy":"post_tag","embeddable":true,"href":"https:\/\/diariotextual.com\/inicio\/index.php\/wp-json\/wp\/v2\/tags?post=80977"}],"curies":[{"name":"wp","href":"https:\/\/api.w.org\/{rel}","templated":true}]}}