{"id":81377,"date":"2020-02-28T20:19:42","date_gmt":"2020-02-28T23:19:42","guid":{"rendered":"http:\/\/diariotextual.com\/inicio\/?p=81377"},"modified":"2020-02-29T10:39:54","modified_gmt":"2020-02-29T13:39:54","slug":"senado-aprobo-la-ley-gondolas","status":"publish","type":"post","link":"https:\/\/diariotextual.com\/inicio\/index.php\/2020\/02\/28\/senado-aprobo-la-ley-gondolas\/","title":{"rendered":"El Senado aprob\u00f3 la Ley de G\u00f3ndolas"},"content":{"rendered":"<p>El Senado sancion\u00f3, con el apoyo de la oposici\u00f3n, el proyecto de Ley de G\u00f3ndolas, que busca ordenar la distribuci\u00f3n de los productos en los supermercados y favorecer a las pymes y a las econom\u00edas regionales, en el marco de la pol\u00edtica gubernamental para combatir las subas de los precios de los alimentos.<\/p>\n<p>La senadora del Frente de Todos, Ana Almir\u00f3n, que preside la comisi\u00f3n de Legislaci\u00f3n General y fue la encargada de exponer los argumentos en favor de la iniciativa, destac\u00f3 la necesidad de sancionar la ley en \u00abun momento muy complejo del pa\u00eds en el que est\u00e1 en juego la pobreza y el hambre\u00bb.<\/p>\n<p>\u00abEs una deuda pendiente, en un momento complejo donde el precio de los alimentos tiene impacto en la econom\u00eda de las familias\u00bb, sostuvo la legisladora por Corrientes en representaci\u00f3n del oficialismo.<\/p>\n<p>Almir\u00f3n tambi\u00e9n cuestion\u00f3 la posici\u00f3n del sector empresarial \u00abque se aprovechan, dijo, del hambre de los argentinos\u00bb, con decisiones que impactan en la suba de precios.<\/p>\n<p>&nbsp;<\/p>\n<p><strong>Argumentos de la oposici\u00f3n<\/strong><\/p>\n<p>Desde la oposici\u00f3n, el interbloque de Cambiemos objet\u00f3 la iniciativa al calificarla de \u00abinocua\u00bb y advirti\u00f3 que ya existen \u00abherramientas\u00bb como las leyes de defensa de la competencia y de defensa del consumidor que sirven para controlar la suba de precios, pero que \u00ablamentablemente no se aplican\u00bb.<\/p>\n<p>Ernesto Mart\u00ednez, senador de Cambiemos por C\u00f3rdoba, dijo que la ley \u00abes puro eslogan y marketing\u00bb y afirm\u00f3 que la norma \u00abno sirve absolutamente para nada\u00bb, mientras que su par, Esteban Bullrich, adelant\u00f3 que se abstendr\u00eda de votar a favor y sostuvo que \u00abla mejor manera\u00bb de solucionar el problema \u00abes bajando impuestos\u00bb como el IVA.<\/p>\n<p>El senador Alberto Weretilnek, de Juntos Somos R\u00edo Negro, adelant\u00f3 el apoyo a la normativa pero tambi\u00e9n la cuestion\u00f3, al entender que \u00abno va a garantizar una mejora en el precio de los productos\u00bb ya que \u00abes una ley \u00abque se queda por la mitad\u00bb.<\/p>\n<p>\u00abAbunda en lo que ya tenemos, pero va a generar innumerables conflictos en la aplicaci\u00f3n\u00bb, declar\u00f3 en alusi\u00f3n a las cr\u00edticas de los supermercadistas sobre las dificultades de la puesta en marcha de la medida en las g\u00f3ndolas de los supermercados.<\/p>\n<p>&nbsp;<\/p>\n<p><strong>El proyecto<\/strong><\/p>\n<p>El proyecto establece que las cadenas comerciales podr\u00e1n otorgar a un grupo empresario o proveedor el 30 por ciento de una g\u00f3ndola, que deber\u00e1 compartir con al menos otros cinco proveedores.<\/p>\n<p>Tambi\u00e9n determina que se le deber\u00e1 brindar 25 por ciento a los productos de las pymes y un 5 por ciento a los de la agricultura familiar.<\/p>\n<p>Adem\u00e1s, se establece que en las islas de exhibici\u00f3n y anaqueles contiguos a las cajas &#8211;que configuran los sectores m\u00e1s codiciados&#8211; se deber\u00e1n presentar en un 50 por ciento del espacio productos elaborados por micro y peque\u00f1as empresas nacionales, o por cooperativas y mutuales.<\/p>\n","protected":false},"excerpt":{"rendered":"<p>El Senado sancion\u00f3, con el apoyo de la oposici\u00f3n, el proyecto de Ley de G\u00f3ndolas, que busca ordenar la distribuci\u00f3n de los productos en los supermercados y favorecer a las&hellip;<\/p>\n","protected":false},"author":4,"featured_media":33471,"comment_status":"closed","ping_status":"open","sticky":false,"template":"","format":"standard","meta":{"_acf_changed":false,"footnotes":""},"categories":[11,8],"tags":[2786],"class_list":["post-81377","post","type-post","status-publish","format-standard","has-post-thumbnail","hentry","category-que-pasa","category-politica","tag-ley-de-gondolas"],"acf":[],"yoast_head":"<!-- This site is optimized with the Yoast SEO plugin v27.5 - https:\/\/yoast.com\/product\/yoast-seo-wordpress\/ -->\n<title>El Senado aprob\u00f3 la Ley de G\u00f3ndolas - Diario Textual<\/title>\n<meta name=\"robots\" content=\"index, follow, max-snippet:-1, max-image-preview:large, max-video-preview:-1\" \/>\n<link rel=\"canonical\" href=\"https:\/\/diariotextual.com\/inicio\/index.php\/2020\/02\/28\/senado-aprobo-la-ley-gondolas\/\" \/>\n<meta property=\"og:locale\" content=\"es_ES\" \/>\n<meta property=\"og:type\" content=\"article\" \/>\n<meta property=\"og:title\" content=\"El Senado aprob\u00f3 la Ley de G\u00f3ndolas - Diario Textual\" \/>\n<meta property=\"og:description\" content=\"El Senado sancion\u00f3, con el apoyo de la oposici\u00f3n, el proyecto de Ley de G\u00f3ndolas, que busca ordenar la distribuci\u00f3n de los productos en los supermercados y favorecer a las&hellip;\" \/>\n<meta property=\"og:url\" content=\"https:\/\/diariotextual.com\/inicio\/index.php\/2020\/02\/28\/senado-aprobo-la-ley-gondolas\/\" \/>\n<meta property=\"og:site_name\" content=\"Diario Textual\" \/>\n<meta property=\"article:publisher\" content=\"https:\/\/www.facebook.com\/eltextual\" \/>\n<meta property=\"article:published_time\" content=\"2020-02-28T23:19:42+00:00\" \/>\n<meta property=\"article:modified_time\" content=\"2020-02-29T13:39:54+00:00\" \/>\n<meta property=\"og:image\" content=\"https:\/\/diariotextual.com\/inicio\/wp-content\/uploads\/2019\/01\/supermercadochango.jpg\" \/>\n\t<meta property=\"og:image:width\" content=\"700\" \/>\n\t<meta property=\"og:image:height\" content=\"393\" \/>\n\t<meta property=\"og:image:type\" content=\"image\/jpeg\" \/>\n<meta name=\"author\" content=\"diario2\" \/>\n<meta name=\"twitter:card\" content=\"summary_large_image\" \/>\n<meta name=\"twitter:creator\" content=\"@eltextual\" \/>\n<meta name=\"twitter:site\" content=\"@eltextual\" \/>\n<meta name=\"twitter:label1\" content=\"Escrito por\" \/>\n\t<meta name=\"twitter:data1\" content=\"diario2\" \/>\n\t<meta name=\"twitter:label2\" content=\"Tiempo de lectura\" \/>\n\t<meta name=\"twitter:data2\" content=\"2 minutos\" \/>\n<script type=\"application\/ld+json\" class=\"yoast-schema-graph\">{\"@context\":\"https:\\\/\\\/schema.org\",\"@graph\":[{\"@type\":\"Article\",\"@id\":\"https:\\\/\\\/diariotextual.com\\\/inicio\\\/index.php\\\/2020\\\/02\\\/28\\\/senado-aprobo-la-ley-gondolas\\\/#article\",\"isPartOf\":{\"@id\":\"https:\\\/\\\/diariotextual.com\\\/inicio\\\/index.php\\\/2020\\\/02\\\/28\\\/senado-aprobo-la-ley-gondolas\\\/\"},\"author\":{\"name\":\"diario2\",\"@id\":\"https:\\\/\\\/diariotextual.com\\\/inicio\\\/#\\\/schema\\\/person\\\/694f60677f23c4a530867a98f22b3768\"},\"headline\":\"El Senado aprob\u00f3 la Ley de G\u00f3ndolas\",\"datePublished\":\"2020-02-28T23:19:42+00:00\",\"dateModified\":\"2020-02-29T13:39:54+00:00\",\"mainEntityOfPage\":{\"@id\":\"https:\\\/\\\/diariotextual.com\\\/inicio\\\/index.php\\\/2020\\\/02\\\/28\\\/senado-aprobo-la-ley-gondolas\\\/\"},\"wordCount\":499,\"publisher\":{\"@id\":\"https:\\\/\\\/diariotextual.com\\\/inicio\\\/#organization\"},\"image\":{\"@id\":\"https:\\\/\\\/diariotextual.com\\\/inicio\\\/index.php\\\/2020\\\/02\\\/28\\\/senado-aprobo-la-ley-gondolas\\\/#primaryimage\"},\"thumbnailUrl\":\"https:\\\/\\\/diariotextual.com\\\/inicio\\\/wp-content\\\/uploads\\\/2019\\\/01\\\/supermercadochango.jpg\",\"keywords\":[\"Ley de g\u00f3ndolas\"],\"articleSection\":[\"A - QUE PASA (al costado)\",\"POLITICA\"],\"inLanguage\":\"es\"},{\"@type\":\"WebPage\",\"@id\":\"https:\\\/\\\/diariotextual.com\\\/inicio\\\/index.php\\\/2020\\\/02\\\/28\\\/senado-aprobo-la-ley-gondolas\\\/\",\"url\":\"https:\\\/\\\/diariotextual.com\\\/inicio\\\/index.php\\\/2020\\\/02\\\/28\\\/senado-aprobo-la-ley-gondolas\\\/\",\"name\":\"El Senado aprob\u00f3 la Ley de G\u00f3ndolas - Diario Textual\",\"isPartOf\":{\"@id\":\"https:\\\/\\\/diariotextual.com\\\/inicio\\\/#website\"},\"primaryImageOfPage\":{\"@id\":\"https:\\\/\\\/diariotextual.com\\\/inicio\\\/index.php\\\/2020\\\/02\\\/28\\\/senado-aprobo-la-ley-gondolas\\\/#primaryimage\"},\"image\":{\"@id\":\"https:\\\/\\\/diariotextual.com\\\/inicio\\\/index.php\\\/2020\\\/02\\\/28\\\/senado-aprobo-la-ley-gondolas\\\/#primaryimage\"},\"thumbnailUrl\":\"https:\\\/\\\/diariotextual.com\\\/inicio\\\/wp-content\\\/uploads\\\/2019\\\/01\\\/supermercadochango.jpg\",\"datePublished\":\"2020-02-28T23:19:42+00:00\",\"dateModified\":\"2020-02-29T13:39:54+00:00\",\"breadcrumb\":{\"@id\":\"https:\\\/\\\/diariotextual.com\\\/inicio\\\/index.php\\\/2020\\\/02\\\/28\\\/senado-aprobo-la-ley-gondolas\\\/#breadcrumb\"},\"inLanguage\":\"es\",\"potentialAction\":[{\"@type\":\"ReadAction\",\"target\":[\"https:\\\/\\\/diariotextual.com\\\/inicio\\\/index.php\\\/2020\\\/02\\\/28\\\/senado-aprobo-la-ley-gondolas\\\/\"]}]},{\"@type\":\"ImageObject\",\"inLanguage\":\"es\",\"@id\":\"https:\\\/\\\/diariotextual.com\\\/inicio\\\/index.php\\\/2020\\\/02\\\/28\\\/senado-aprobo-la-ley-gondolas\\\/#primaryimage\",\"url\":\"https:\\\/\\\/diariotextual.com\\\/inicio\\\/wp-content\\\/uploads\\\/2019\\\/01\\\/supermercadochango.jpg\",\"contentUrl\":\"https:\\\/\\\/diariotextual.com\\\/inicio\\\/wp-content\\\/uploads\\\/2019\\\/01\\\/supermercadochango.jpg\",\"width\":700,\"height\":393},{\"@type\":\"BreadcrumbList\",\"@id\":\"https:\\\/\\\/diariotextual.com\\\/inicio\\\/index.php\\\/2020\\\/02\\\/28\\\/senado-aprobo-la-ley-gondolas\\\/#breadcrumb\",\"itemListElement\":[{\"@type\":\"ListItem\",\"position\":1,\"name\":\"Portada\",\"item\":\"https:\\\/\\\/diariotextual.com\\\/inicio\\\/\"},{\"@type\":\"ListItem\",\"position\":2,\"name\":\"El Senado aprob\u00f3 la Ley de G\u00f3ndolas\"}]},{\"@type\":\"WebSite\",\"@id\":\"https:\\\/\\\/diariotextual.com\\\/inicio\\\/#website\",\"url\":\"https:\\\/\\\/diariotextual.com\\\/inicio\\\/\",\"name\":\"Diario Textual\",\"description\":\"\",\"publisher\":{\"@id\":\"https:\\\/\\\/diariotextual.com\\\/inicio\\\/#organization\"},\"potentialAction\":[{\"@type\":\"SearchAction\",\"target\":{\"@type\":\"EntryPoint\",\"urlTemplate\":\"https:\\\/\\\/diariotextual.com\\\/inicio\\\/?s={search_term_string}\"},\"query-input\":{\"@type\":\"PropertyValueSpecification\",\"valueRequired\":true,\"valueName\":\"search_term_string\"}}],\"inLanguage\":\"es\"},{\"@type\":\"Organization\",\"@id\":\"https:\\\/\\\/diariotextual.com\\\/inicio\\\/#organization\",\"name\":\"Diario Textual\",\"url\":\"https:\\\/\\\/diariotextual.com\\\/inicio\\\/\",\"logo\":{\"@type\":\"ImageObject\",\"inLanguage\":\"es\",\"@id\":\"https:\\\/\\\/diariotextual.com\\\/inicio\\\/#\\\/schema\\\/logo\\\/image\\\/\",\"url\":\"https:\\\/\\\/diariotextual.com\\\/inicio\\\/wp-content\\\/uploads\\\/2023\\\/05\\\/logotextual1.jpg\",\"contentUrl\":\"https:\\\/\\\/diariotextual.com\\\/inicio\\\/wp-content\\\/uploads\\\/2023\\\/05\\\/logotextual1.jpg\",\"width\":516,\"height\":76,\"caption\":\"Diario Textual\"},\"image\":{\"@id\":\"https:\\\/\\\/diariotextual.com\\\/inicio\\\/#\\\/schema\\\/logo\\\/image\\\/\"},\"sameAs\":[\"https:\\\/\\\/www.facebook.com\\\/eltextual\",\"https:\\\/\\\/x.com\\\/eltextual\",\"http:\\\/\\\/www.instagram.com\\\/eltextual\"]},{\"@type\":\"Person\",\"@id\":\"https:\\\/\\\/diariotextual.com\\\/inicio\\\/#\\\/schema\\\/person\\\/694f60677f23c4a530867a98f22b3768\",\"name\":\"diario2\",\"image\":{\"@type\":\"ImageObject\",\"inLanguage\":\"es\",\"@id\":\"https:\\\/\\\/secure.gravatar.com\\\/avatar\\\/5a2567495ba16b852fcd8f1ed006a2e24fcace936018ed8237e95f488ad6e0a7?s=96&d=mm&r=g\",\"url\":\"https:\\\/\\\/secure.gravatar.com\\\/avatar\\\/5a2567495ba16b852fcd8f1ed006a2e24fcace936018ed8237e95f488ad6e0a7?s=96&d=mm&r=g\",\"contentUrl\":\"https:\\\/\\\/secure.gravatar.com\\\/avatar\\\/5a2567495ba16b852fcd8f1ed006a2e24fcace936018ed8237e95f488ad6e0a7?s=96&d=mm&r=g\",\"caption\":\"diario2\"},\"url\":\"https:\\\/\\\/diariotextual.com\\\/inicio\\\/index.php\\\/author\\\/diario2\\\/\"}]}<\/script>\n<!-- \/ Yoast SEO plugin. -->","yoast_head_json":{"title":"El Senado aprob\u00f3 la Ley de G\u00f3ndolas - Diario Textual","robots":{"index":"index","follow":"follow","max-snippet":"max-snippet:-1","max-image-preview":"max-image-preview:large","max-video-preview":"max-video-preview:-1"},"canonical":"https:\/\/diariotextual.com\/inicio\/index.php\/2020\/02\/28\/senado-aprobo-la-ley-gondolas\/","og_locale":"es_ES","og_type":"article","og_title":"El Senado aprob\u00f3 la Ley de G\u00f3ndolas - Diario Textual","og_description":"El Senado sancion\u00f3, con el apoyo de la oposici\u00f3n, el proyecto de Ley de G\u00f3ndolas, que busca ordenar la distribuci\u00f3n de los productos en los supermercados y favorecer a las&hellip;","og_url":"https:\/\/diariotextual.com\/inicio\/index.php\/2020\/02\/28\/senado-aprobo-la-ley-gondolas\/","og_site_name":"Diario Textual","article_publisher":"https:\/\/www.facebook.com\/eltextual","article_published_time":"2020-02-28T23:19:42+00:00","article_modified_time":"2020-02-29T13:39:54+00:00","og_image":[{"width":700,"height":393,"url":"https:\/\/diariotextual.com\/inicio\/wp-content\/uploads\/2019\/01\/supermercadochango.jpg","type":"image\/jpeg"}],"author":"diario2","twitter_card":"summary_large_image","twitter_creator":"@eltextual","twitter_site":"@eltextual","twitter_misc":{"Escrito por":"diario2","Tiempo de lectura":"2 minutos"},"schema":{"@context":"https:\/\/schema.org","@graph":[{"@type":"Article","@id":"https:\/\/diariotextual.com\/inicio\/index.php\/2020\/02\/28\/senado-aprobo-la-ley-gondolas\/#article","isPartOf":{"@id":"https:\/\/diariotextual.com\/inicio\/index.php\/2020\/02\/28\/senado-aprobo-la-ley-gondolas\/"},"author":{"name":"diario2","@id":"https:\/\/diariotextual.com\/inicio\/#\/schema\/person\/694f60677f23c4a530867a98f22b3768"},"headline":"El Senado aprob\u00f3 la Ley de G\u00f3ndolas","datePublished":"2020-02-28T23:19:42+00:00","dateModified":"2020-02-29T13:39:54+00:00","mainEntityOfPage":{"@id":"https:\/\/diariotextual.com\/inicio\/index.php\/2020\/02\/28\/senado-aprobo-la-ley-gondolas\/"},"wordCount":499,"publisher":{"@id":"https:\/\/diariotextual.com\/inicio\/#organization"},"image":{"@id":"https:\/\/diariotextual.com\/inicio\/index.php\/2020\/02\/28\/senado-aprobo-la-ley-gondolas\/#primaryimage"},"thumbnailUrl":"https:\/\/diariotextual.com\/inicio\/wp-content\/uploads\/2019\/01\/supermercadochango.jpg","keywords":["Ley de g\u00f3ndolas"],"articleSection":["A - QUE PASA (al costado)","POLITICA"],"inLanguage":"es"},{"@type":"WebPage","@id":"https:\/\/diariotextual.com\/inicio\/index.php\/2020\/02\/28\/senado-aprobo-la-ley-gondolas\/","url":"https:\/\/diariotextual.com\/inicio\/index.php\/2020\/02\/28\/senado-aprobo-la-ley-gondolas\/","name":"El Senado aprob\u00f3 la Ley de G\u00f3ndolas - Diario Textual","isPartOf":{"@id":"https:\/\/diariotextual.com\/inicio\/#website"},"primaryImageOfPage":{"@id":"https:\/\/diariotextual.com\/inicio\/index.php\/2020\/02\/28\/senado-aprobo-la-ley-gondolas\/#primaryimage"},"image":{"@id":"https:\/\/diariotextual.com\/inicio\/index.php\/2020\/02\/28\/senado-aprobo-la-ley-gondolas\/#primaryimage"},"thumbnailUrl":"https:\/\/diariotextual.com\/inicio\/wp-content\/uploads\/2019\/01\/supermercadochango.jpg","datePublished":"2020-02-28T23:19:42+00:00","dateModified":"2020-02-29T13:39:54+00:00","breadcrumb":{"@id":"https:\/\/diariotextual.com\/inicio\/index.php\/2020\/02\/28\/senado-aprobo-la-ley-gondolas\/#breadcrumb"},"inLanguage":"es","potentialAction":[{"@type":"ReadAction","target":["https:\/\/diariotextual.com\/inicio\/index.php\/2020\/02\/28\/senado-aprobo-la-ley-gondolas\/"]}]},{"@type":"ImageObject","inLanguage":"es","@id":"https:\/\/diariotextual.com\/inicio\/index.php\/2020\/02\/28\/senado-aprobo-la-ley-gondolas\/#primaryimage","url":"https:\/\/diariotextual.com\/inicio\/wp-content\/uploads\/2019\/01\/supermercadochango.jpg","contentUrl":"https:\/\/diariotextual.com\/inicio\/wp-content\/uploads\/2019\/01\/supermercadochango.jpg","width":700,"height":393},{"@type":"BreadcrumbList","@id":"https:\/\/diariotextual.com\/inicio\/index.php\/2020\/02\/28\/senado-aprobo-la-ley-gondolas\/#breadcrumb","itemListElement":[{"@type":"ListItem","position":1,"name":"Portada","item":"https:\/\/diariotextual.com\/inicio\/"},{"@type":"ListItem","position":2,"name":"El Senado aprob\u00f3 la Ley de G\u00f3ndolas"}]},{"@type":"WebSite","@id":"https:\/\/diariotextual.com\/inicio\/#website","url":"https:\/\/diariotextual.com\/inicio\/","name":"Diario Textual","description":"","publisher":{"@id":"https:\/\/diariotextual.com\/inicio\/#organization"},"potentialAction":[{"@type":"SearchAction","target":{"@type":"EntryPoint","urlTemplate":"https:\/\/diariotextual.com\/inicio\/?s={search_term_string}"},"query-input":{"@type":"PropertyValueSpecification","valueRequired":true,"valueName":"search_term_string"}}],"inLanguage":"es"},{"@type":"Organization","@id":"https:\/\/diariotextual.com\/inicio\/#organization","name":"Diario Textual","url":"https:\/\/diariotextual.com\/inicio\/","logo":{"@type":"ImageObject","inLanguage":"es","@id":"https:\/\/diariotextual.com\/inicio\/#\/schema\/logo\/image\/","url":"https:\/\/diariotextual.com\/inicio\/wp-content\/uploads\/2023\/05\/logotextual1.jpg","contentUrl":"https:\/\/diariotextual.com\/inicio\/wp-content\/uploads\/2023\/05\/logotextual1.jpg","width":516,"height":76,"caption":"Diario Textual"},"image":{"@id":"https:\/\/diariotextual.com\/inicio\/#\/schema\/logo\/image\/"},"sameAs":["https:\/\/www.facebook.com\/eltextual","https:\/\/x.com\/eltextual","http:\/\/www.instagram.com\/eltextual"]},{"@type":"Person","@id":"https:\/\/diariotextual.com\/inicio\/#\/schema\/person\/694f60677f23c4a530867a98f22b3768","name":"diario2","image":{"@type":"ImageObject","inLanguage":"es","@id":"https:\/\/secure.gravatar.com\/avatar\/5a2567495ba16b852fcd8f1ed006a2e24fcace936018ed8237e95f488ad6e0a7?s=96&d=mm&r=g","url":"https:\/\/secure.gravatar.com\/avatar\/5a2567495ba16b852fcd8f1ed006a2e24fcace936018ed8237e95f488ad6e0a7?s=96&d=mm&r=g","contentUrl":"https:\/\/secure.gravatar.com\/avatar\/5a2567495ba16b852fcd8f1ed006a2e24fcace936018ed8237e95f488ad6e0a7?s=96&d=mm&r=g","caption":"diario2"},"url":"https:\/\/diariotextual.com\/inicio\/index.php\/author\/diario2\/"}]}},"_links":{"self":[{"href":"https:\/\/diariotextual.com\/inicio\/index.php\/wp-json\/wp\/v2\/posts\/81377","targetHints":{"allow":["GET"]}}],"collection":[{"href":"https:\/\/diariotextual.com\/inicio\/index.php\/wp-json\/wp\/v2\/posts"}],"about":[{"href":"https:\/\/diariotextual.com\/inicio\/index.php\/wp-json\/wp\/v2\/types\/post"}],"author":[{"embeddable":true,"href":"https:\/\/diariotextual.com\/inicio\/index.php\/wp-json\/wp\/v2\/users\/4"}],"replies":[{"embeddable":true,"href":"https:\/\/diariotextual.com\/inicio\/index.php\/wp-json\/wp\/v2\/comments?post=81377"}],"version-history":[{"count":1,"href":"https:\/\/diariotextual.com\/inicio\/index.php\/wp-json\/wp\/v2\/posts\/81377\/revisions"}],"predecessor-version":[{"id":81378,"href":"https:\/\/diariotextual.com\/inicio\/index.php\/wp-json\/wp\/v2\/posts\/81377\/revisions\/81378"}],"wp:featuredmedia":[{"embeddable":true,"href":"https:\/\/diariotextual.com\/inicio\/index.php\/wp-json\/wp\/v2\/media\/33471"}],"wp:attachment":[{"href":"https:\/\/diariotextual.com\/inicio\/index.php\/wp-json\/wp\/v2\/media?parent=81377"}],"wp:term":[{"taxonomy":"category","embeddable":true,"href":"https:\/\/diariotextual.com\/inicio\/index.php\/wp-json\/wp\/v2\/categories?post=81377"},{"taxonomy":"post_tag","embeddable":true,"href":"https:\/\/diariotextual.com\/inicio\/index.php\/wp-json\/wp\/v2\/tags?post=81377"}],"curies":[{"name":"wp","href":"https:\/\/api.w.org\/{rel}","templated":true}]}}