{"id":81684,"date":"2020-03-02T20:38:41","date_gmt":"2020-03-02T23:38:41","guid":{"rendered":"http:\/\/diariotextual.com\/inicio\/?p=81684"},"modified":"2020-03-03T05:30:39","modified_gmt":"2020-03-03T08:30:39","slug":"matias-tombolini-se-reunio-empresarios-pampeanos","status":"publish","type":"post","link":"https:\/\/diariotextual.com\/inicio\/index.php\/2020\/03\/02\/matias-tombolini-se-reunio-empresarios-pampeanos\/","title":{"rendered":"Tombolini, vice del Naci\u00f3n, se reuni\u00f3 con empresarios pampeanos"},"content":{"rendered":"<p>El vicepresidente del Banco Naci\u00f3n, <strong>Mat\u00edas Tombolini<\/strong>, se reuni\u00f3 este mediod\u00eda en Santa Rosa con empresarios Pymes y dirigentes pol\u00edticos pampeanos con el prop\u00f3sito de contarles <strong>qu\u00e9 diagn\u00f3stico tiene de la situaci\u00f3n actual de la entidad y qu\u00e9 les puede ofrecer el banco<\/strong>.<\/p>\n<p>Tombolini arrib\u00f3 a La Pampa para asistir esta tarde al encuentro por el centenario de la sucursal de Eduardo Castex, una de las 14 que el organismo tiene desparramadas en la provincia. Justamente, la ocasi\u00f3n le sirvi\u00f3 tambi\u00e9n para reunirse y plantear pol\u00edticas a mediano plazo con las propias autoridades de las sucursales provinciales.<\/p>\n<p><strong>\u201cSiempre es un motivo de orgullo este tipo de viajes porque nos permite reforzar este lazo que el banco tiene con la historia de nuestro pa\u00eds y acercarnos al centenario de la sucursal es una gran alegr\u00eda\u201d<\/strong>, coment\u00f3.<\/p>\n<p>Este economista de 45 a\u00f1os no ahorr\u00f3 elogios cuando se refiri\u00f3 a la m\u00e1xima autoridad del banco,<strong> Eduardo Hecker<\/strong>. \u201cHaber tra\u00eddo a Hecker como presidente del Naci\u00f3n <strong>es como haber contratado a Pep Guardiola<\/strong> como director t\u00e9cnico en el momento m\u00e1s indicado\u201d, compar\u00f3. \u201c<strong>Alberto Fern\u00e1ndez eligi\u00f3 a la persona m\u00e1s indicada porque se trata de un hombre que tiene claro el rol de banca de desarrollo que el Naci\u00f3n tiene que cumplir<\/strong>\u201d, asegur\u00f3, entrevistado en <strong>Noticiero 3<\/strong>.<\/p>\n<p>En ese sentido, explic\u00f3 que todo eso repercute cuando el cliente acude a pedir un cr\u00e9dito para una Pyme, con una tasa de inter\u00e9s que le permita crecer. Dijo que hoy el banco crece a tasas de inter\u00e9s que se encuentran por debajo de la inflaci\u00f3n, con la misi\u00f3n de recomponer el capital de trabajo de las peque\u00f1as y medianas empresas.<\/p>\n<p>Anticip\u00f3 que, desde la semana pasada, en banca de personas los jubilados podr\u00e1n tomar cr\u00e9ditos personales con tasas del cuarenta por ciento, cuarenta y nueve por ciento de tasa para pr\u00e9stamos personales destinados a aquel que tiene en cuenta haberes y la tasa m\u00e1s baja del mercado, el cuarenta y nueve por ciento, en tarjetas de cr\u00e9dito. \u201cEs decir, una pol\u00edtica muy agresiva en banca de individuos que coloca nuevamente al banco liderando la baja de tasas, que no es otra cosa que el rol que nunca se debi\u00f3 haber perdido\u201d, dijo, en alusi\u00f3n a lo que ocurri\u00f3 entre 2015 y 2019, durante la presidencia de Mauricio Macri.<\/p>\n<p><strong>-\u00bfAbrir\u00e1n nuevas sucursales del Naci\u00f3n en La Pampa? En alg\u00fan momento se rumore\u00f3 que Toay pod\u00eda ser una plaza.<\/strong><\/p>\n<p>-La posibilidad de abrir nuevas sucursales siempre tiene que ver con la capacidad que tenga esa sucursal de ser una unidad de negocios rentable. Vos, como argentino, me pag\u00e1s el sueldo a m\u00ed para que yo administre la plata del banco del mejor modo con dos criterios: uno de rentabilidad social y el restante de rentabilidad econ\u00f3mica. En la medida que esos aspectos se cumplan, la apertura de una sucursal es viable. No se llevar\u00e1 adelante ninguna apertura que s\u00f3lo le sirva a un pol\u00edtico. Tiene que ser funcional al bienestar general de los argentinos.<\/p>\n<p><strong>-\u00bfEn qu\u00e9 situaci\u00f3n est\u00e1n en ese sentido entonces?<\/strong><\/p>\n<p>-En rigor, <strong>estamos en el proceso de modernizaci\u00f3n del banco<\/strong>. Viendo c\u00f3mo incorporamos herramientas para que la prueba de vida de nuestros jubilados no se convierta en una fila interminable y sea con la huella digital en el cajero. Analizando c\u00f3mo mejoramos ediliciamente las sucursales que ya est\u00e1n. Hay un enorme desaf\u00edo por delante en la reconstrucci\u00f3n de un banco que qued\u00f3 s\u00f3lido, por ser el m\u00e1s importante del pa\u00eds, pero lastimado porque fue la rueda de auxilio de un modelo determinado que no funcion\u00f3.<\/p>\n<p>&nbsp;<\/p>\n<p>&nbsp;<\/p>\n","protected":false},"excerpt":{"rendered":"<p>El vicepresidente del Banco Naci\u00f3n, Mat\u00edas Tombolini, se reuni\u00f3 este mediod\u00eda en Santa Rosa con empresarios Pymes y dirigentes pol\u00edticos pampeanos con el prop\u00f3sito de contarles qu\u00e9 diagn\u00f3stico tiene de&hellip;<\/p>\n","protected":false},"author":3,"featured_media":81688,"comment_status":"closed","ping_status":"open","sticky":false,"template":"","format":"standard","meta":{"_acf_changed":false,"footnotes":""},"categories":[10,5],"tags":[],"class_list":["post-81684","post","type-post","status-publish","format-standard","has-post-thumbnail","hentry","category-portada-2","category-economia"],"acf":[],"yoast_head":"<!-- This site is optimized with the Yoast SEO plugin v27.5 - https:\/\/yoast.com\/product\/yoast-seo-wordpress\/ -->\n<title>Tombolini, vice del Naci\u00f3n, se reuni\u00f3 con empresarios pampeanos - Diario Textual<\/title>\n<meta name=\"robots\" content=\"index, follow, max-snippet:-1, max-image-preview:large, max-video-preview:-1\" \/>\n<link rel=\"canonical\" href=\"https:\/\/diariotextual.com\/inicio\/index.php\/2020\/03\/02\/matias-tombolini-se-reunio-empresarios-pampeanos\/\" \/>\n<meta property=\"og:locale\" content=\"es_ES\" \/>\n<meta property=\"og:type\" content=\"article\" \/>\n<meta property=\"og:title\" content=\"Tombolini, vice del Naci\u00f3n, se reuni\u00f3 con empresarios pampeanos - Diario Textual\" \/>\n<meta property=\"og:description\" content=\"El vicepresidente del Banco Naci\u00f3n, Mat\u00edas Tombolini, se reuni\u00f3 este mediod\u00eda en Santa Rosa con empresarios Pymes y dirigentes pol\u00edticos pampeanos con el prop\u00f3sito de contarles qu\u00e9 diagn\u00f3stico tiene de&hellip;\" \/>\n<meta property=\"og:url\" content=\"https:\/\/diariotextual.com\/inicio\/index.php\/2020\/03\/02\/matias-tombolini-se-reunio-empresarios-pampeanos\/\" \/>\n<meta property=\"og:site_name\" content=\"Diario Textual\" \/>\n<meta property=\"article:publisher\" content=\"https:\/\/www.facebook.com\/eltextual\" \/>\n<meta property=\"article:published_time\" content=\"2020-03-02T23:38:41+00:00\" \/>\n<meta property=\"article:modified_time\" content=\"2020-03-03T08:30:39+00:00\" \/>\n<meta property=\"og:image\" content=\"https:\/\/diariotextual.com\/inicio\/wp-content\/uploads\/2020\/03\/tombolinimatias33.jpeg\" \/>\n\t<meta property=\"og:image:width\" content=\"1013\" \/>\n\t<meta property=\"og:image:height\" content=\"676\" \/>\n\t<meta property=\"og:image:type\" content=\"image\/jpeg\" \/>\n<meta name=\"author\" content=\"Diario1 Diario1\" \/>\n<meta name=\"twitter:card\" content=\"summary_large_image\" \/>\n<meta name=\"twitter:creator\" content=\"@eltextual\" \/>\n<meta name=\"twitter:site\" content=\"@eltextual\" \/>\n<meta name=\"twitter:label1\" content=\"Escrito por\" \/>\n\t<meta name=\"twitter:data1\" content=\"Diario1 Diario1\" \/>\n\t<meta name=\"twitter:label2\" content=\"Tiempo de lectura\" \/>\n\t<meta name=\"twitter:data2\" content=\"3 minutos\" \/>\n<script type=\"application\/ld+json\" class=\"yoast-schema-graph\">{\"@context\":\"https:\\\/\\\/schema.org\",\"@graph\":[{\"@type\":\"Article\",\"@id\":\"https:\\\/\\\/diariotextual.com\\\/inicio\\\/index.php\\\/2020\\\/03\\\/02\\\/matias-tombolini-se-reunio-empresarios-pampeanos\\\/#article\",\"isPartOf\":{\"@id\":\"https:\\\/\\\/diariotextual.com\\\/inicio\\\/index.php\\\/2020\\\/03\\\/02\\\/matias-tombolini-se-reunio-empresarios-pampeanos\\\/\"},\"author\":{\"name\":\"Diario1 Diario1\",\"@id\":\"https:\\\/\\\/diariotextual.com\\\/inicio\\\/#\\\/schema\\\/person\\\/418fc4093c33e86ed41562db3508f958\"},\"headline\":\"Tombolini, vice del Naci\u00f3n, se reuni\u00f3 con empresarios pampeanos\",\"datePublished\":\"2020-03-02T23:38:41+00:00\",\"dateModified\":\"2020-03-03T08:30:39+00:00\",\"mainEntityOfPage\":{\"@id\":\"https:\\\/\\\/diariotextual.com\\\/inicio\\\/index.php\\\/2020\\\/03\\\/02\\\/matias-tombolini-se-reunio-empresarios-pampeanos\\\/\"},\"wordCount\":650,\"publisher\":{\"@id\":\"https:\\\/\\\/diariotextual.com\\\/inicio\\\/#organization\"},\"image\":{\"@id\":\"https:\\\/\\\/diariotextual.com\\\/inicio\\\/index.php\\\/2020\\\/03\\\/02\\\/matias-tombolini-se-reunio-empresarios-pampeanos\\\/#primaryimage\"},\"thumbnailUrl\":\"https:\\\/\\\/diariotextual.com\\\/inicio\\\/wp-content\\\/uploads\\\/2020\\\/03\\\/tombolinimatias33.jpeg\",\"articleSection\":[\"A - PORTADA2\",\"ECONOMIA\"],\"inLanguage\":\"es\"},{\"@type\":\"WebPage\",\"@id\":\"https:\\\/\\\/diariotextual.com\\\/inicio\\\/index.php\\\/2020\\\/03\\\/02\\\/matias-tombolini-se-reunio-empresarios-pampeanos\\\/\",\"url\":\"https:\\\/\\\/diariotextual.com\\\/inicio\\\/index.php\\\/2020\\\/03\\\/02\\\/matias-tombolini-se-reunio-empresarios-pampeanos\\\/\",\"name\":\"Tombolini, vice del Naci\u00f3n, se reuni\u00f3 con empresarios pampeanos - Diario Textual\",\"isPartOf\":{\"@id\":\"https:\\\/\\\/diariotextual.com\\\/inicio\\\/#website\"},\"primaryImageOfPage\":{\"@id\":\"https:\\\/\\\/diariotextual.com\\\/inicio\\\/index.php\\\/2020\\\/03\\\/02\\\/matias-tombolini-se-reunio-empresarios-pampeanos\\\/#primaryimage\"},\"image\":{\"@id\":\"https:\\\/\\\/diariotextual.com\\\/inicio\\\/index.php\\\/2020\\\/03\\\/02\\\/matias-tombolini-se-reunio-empresarios-pampeanos\\\/#primaryimage\"},\"thumbnailUrl\":\"https:\\\/\\\/diariotextual.com\\\/inicio\\\/wp-content\\\/uploads\\\/2020\\\/03\\\/tombolinimatias33.jpeg\",\"datePublished\":\"2020-03-02T23:38:41+00:00\",\"dateModified\":\"2020-03-03T08:30:39+00:00\",\"breadcrumb\":{\"@id\":\"https:\\\/\\\/diariotextual.com\\\/inicio\\\/index.php\\\/2020\\\/03\\\/02\\\/matias-tombolini-se-reunio-empresarios-pampeanos\\\/#breadcrumb\"},\"inLanguage\":\"es\",\"potentialAction\":[{\"@type\":\"ReadAction\",\"target\":[\"https:\\\/\\\/diariotextual.com\\\/inicio\\\/index.php\\\/2020\\\/03\\\/02\\\/matias-tombolini-se-reunio-empresarios-pampeanos\\\/\"]}]},{\"@type\":\"ImageObject\",\"inLanguage\":\"es\",\"@id\":\"https:\\\/\\\/diariotextual.com\\\/inicio\\\/index.php\\\/2020\\\/03\\\/02\\\/matias-tombolini-se-reunio-empresarios-pampeanos\\\/#primaryimage\",\"url\":\"https:\\\/\\\/diariotextual.com\\\/inicio\\\/wp-content\\\/uploads\\\/2020\\\/03\\\/tombolinimatias33.jpeg\",\"contentUrl\":\"https:\\\/\\\/diariotextual.com\\\/inicio\\\/wp-content\\\/uploads\\\/2020\\\/03\\\/tombolinimatias33.jpeg\",\"width\":1013,\"height\":676},{\"@type\":\"BreadcrumbList\",\"@id\":\"https:\\\/\\\/diariotextual.com\\\/inicio\\\/index.php\\\/2020\\\/03\\\/02\\\/matias-tombolini-se-reunio-empresarios-pampeanos\\\/#breadcrumb\",\"itemListElement\":[{\"@type\":\"ListItem\",\"position\":1,\"name\":\"Portada\",\"item\":\"https:\\\/\\\/diariotextual.com\\\/inicio\\\/\"},{\"@type\":\"ListItem\",\"position\":2,\"name\":\"Tombolini, vice del Naci\u00f3n, se reuni\u00f3 con empresarios pampeanos\"}]},{\"@type\":\"WebSite\",\"@id\":\"https:\\\/\\\/diariotextual.com\\\/inicio\\\/#website\",\"url\":\"https:\\\/\\\/diariotextual.com\\\/inicio\\\/\",\"name\":\"Diario Textual\",\"description\":\"\",\"publisher\":{\"@id\":\"https:\\\/\\\/diariotextual.com\\\/inicio\\\/#organization\"},\"potentialAction\":[{\"@type\":\"SearchAction\",\"target\":{\"@type\":\"EntryPoint\",\"urlTemplate\":\"https:\\\/\\\/diariotextual.com\\\/inicio\\\/?s={search_term_string}\"},\"query-input\":{\"@type\":\"PropertyValueSpecification\",\"valueRequired\":true,\"valueName\":\"search_term_string\"}}],\"inLanguage\":\"es\"},{\"@type\":\"Organization\",\"@id\":\"https:\\\/\\\/diariotextual.com\\\/inicio\\\/#organization\",\"name\":\"Diario Textual\",\"url\":\"https:\\\/\\\/diariotextual.com\\\/inicio\\\/\",\"logo\":{\"@type\":\"ImageObject\",\"inLanguage\":\"es\",\"@id\":\"https:\\\/\\\/diariotextual.com\\\/inicio\\\/#\\\/schema\\\/logo\\\/image\\\/\",\"url\":\"https:\\\/\\\/diariotextual.com\\\/inicio\\\/wp-content\\\/uploads\\\/2023\\\/05\\\/logotextual1.jpg\",\"contentUrl\":\"https:\\\/\\\/diariotextual.com\\\/inicio\\\/wp-content\\\/uploads\\\/2023\\\/05\\\/logotextual1.jpg\",\"width\":516,\"height\":76,\"caption\":\"Diario Textual\"},\"image\":{\"@id\":\"https:\\\/\\\/diariotextual.com\\\/inicio\\\/#\\\/schema\\\/logo\\\/image\\\/\"},\"sameAs\":[\"https:\\\/\\\/www.facebook.com\\\/eltextual\",\"https:\\\/\\\/x.com\\\/eltextual\",\"http:\\\/\\\/www.instagram.com\\\/eltextual\"]},{\"@type\":\"Person\",\"@id\":\"https:\\\/\\\/diariotextual.com\\\/inicio\\\/#\\\/schema\\\/person\\\/418fc4093c33e86ed41562db3508f958\",\"name\":\"Diario1 Diario1\",\"image\":{\"@type\":\"ImageObject\",\"inLanguage\":\"es\",\"@id\":\"https:\\\/\\\/secure.gravatar.com\\\/avatar\\\/9167d280179c85bc18be67aa7eda765854300033af4896dd779b608640f2ef7a?s=96&d=mm&r=g\",\"url\":\"https:\\\/\\\/secure.gravatar.com\\\/avatar\\\/9167d280179c85bc18be67aa7eda765854300033af4896dd779b608640f2ef7a?s=96&d=mm&r=g\",\"contentUrl\":\"https:\\\/\\\/secure.gravatar.com\\\/avatar\\\/9167d280179c85bc18be67aa7eda765854300033af4896dd779b608640f2ef7a?s=96&d=mm&r=g\",\"caption\":\"Diario1 Diario1\"},\"url\":\"https:\\\/\\\/diariotextual.com\\\/inicio\\\/index.php\\\/author\\\/diario1\\\/\"}]}<\/script>\n<!-- \/ Yoast SEO plugin. -->","yoast_head_json":{"title":"Tombolini, vice del Naci\u00f3n, se reuni\u00f3 con empresarios pampeanos - Diario Textual","robots":{"index":"index","follow":"follow","max-snippet":"max-snippet:-1","max-image-preview":"max-image-preview:large","max-video-preview":"max-video-preview:-1"},"canonical":"https:\/\/diariotextual.com\/inicio\/index.php\/2020\/03\/02\/matias-tombolini-se-reunio-empresarios-pampeanos\/","og_locale":"es_ES","og_type":"article","og_title":"Tombolini, vice del Naci\u00f3n, se reuni\u00f3 con empresarios pampeanos - Diario Textual","og_description":"El vicepresidente del Banco Naci\u00f3n, Mat\u00edas Tombolini, se reuni\u00f3 este mediod\u00eda en Santa Rosa con empresarios Pymes y dirigentes pol\u00edticos pampeanos con el prop\u00f3sito de contarles qu\u00e9 diagn\u00f3stico tiene de&hellip;","og_url":"https:\/\/diariotextual.com\/inicio\/index.php\/2020\/03\/02\/matias-tombolini-se-reunio-empresarios-pampeanos\/","og_site_name":"Diario Textual","article_publisher":"https:\/\/www.facebook.com\/eltextual","article_published_time":"2020-03-02T23:38:41+00:00","article_modified_time":"2020-03-03T08:30:39+00:00","og_image":[{"width":1013,"height":676,"url":"https:\/\/diariotextual.com\/inicio\/wp-content\/uploads\/2020\/03\/tombolinimatias33.jpeg","type":"image\/jpeg"}],"author":"Diario1 Diario1","twitter_card":"summary_large_image","twitter_creator":"@eltextual","twitter_site":"@eltextual","twitter_misc":{"Escrito por":"Diario1 Diario1","Tiempo de lectura":"3 minutos"},"schema":{"@context":"https:\/\/schema.org","@graph":[{"@type":"Article","@id":"https:\/\/diariotextual.com\/inicio\/index.php\/2020\/03\/02\/matias-tombolini-se-reunio-empresarios-pampeanos\/#article","isPartOf":{"@id":"https:\/\/diariotextual.com\/inicio\/index.php\/2020\/03\/02\/matias-tombolini-se-reunio-empresarios-pampeanos\/"},"author":{"name":"Diario1 Diario1","@id":"https:\/\/diariotextual.com\/inicio\/#\/schema\/person\/418fc4093c33e86ed41562db3508f958"},"headline":"Tombolini, vice del Naci\u00f3n, se reuni\u00f3 con empresarios pampeanos","datePublished":"2020-03-02T23:38:41+00:00","dateModified":"2020-03-03T08:30:39+00:00","mainEntityOfPage":{"@id":"https:\/\/diariotextual.com\/inicio\/index.php\/2020\/03\/02\/matias-tombolini-se-reunio-empresarios-pampeanos\/"},"wordCount":650,"publisher":{"@id":"https:\/\/diariotextual.com\/inicio\/#organization"},"image":{"@id":"https:\/\/diariotextual.com\/inicio\/index.php\/2020\/03\/02\/matias-tombolini-se-reunio-empresarios-pampeanos\/#primaryimage"},"thumbnailUrl":"https:\/\/diariotextual.com\/inicio\/wp-content\/uploads\/2020\/03\/tombolinimatias33.jpeg","articleSection":["A - PORTADA2","ECONOMIA"],"inLanguage":"es"},{"@type":"WebPage","@id":"https:\/\/diariotextual.com\/inicio\/index.php\/2020\/03\/02\/matias-tombolini-se-reunio-empresarios-pampeanos\/","url":"https:\/\/diariotextual.com\/inicio\/index.php\/2020\/03\/02\/matias-tombolini-se-reunio-empresarios-pampeanos\/","name":"Tombolini, vice del Naci\u00f3n, se reuni\u00f3 con empresarios pampeanos - Diario Textual","isPartOf":{"@id":"https:\/\/diariotextual.com\/inicio\/#website"},"primaryImageOfPage":{"@id":"https:\/\/diariotextual.com\/inicio\/index.php\/2020\/03\/02\/matias-tombolini-se-reunio-empresarios-pampeanos\/#primaryimage"},"image":{"@id":"https:\/\/diariotextual.com\/inicio\/index.php\/2020\/03\/02\/matias-tombolini-se-reunio-empresarios-pampeanos\/#primaryimage"},"thumbnailUrl":"https:\/\/diariotextual.com\/inicio\/wp-content\/uploads\/2020\/03\/tombolinimatias33.jpeg","datePublished":"2020-03-02T23:38:41+00:00","dateModified":"2020-03-03T08:30:39+00:00","breadcrumb":{"@id":"https:\/\/diariotextual.com\/inicio\/index.php\/2020\/03\/02\/matias-tombolini-se-reunio-empresarios-pampeanos\/#breadcrumb"},"inLanguage":"es","potentialAction":[{"@type":"ReadAction","target":["https:\/\/diariotextual.com\/inicio\/index.php\/2020\/03\/02\/matias-tombolini-se-reunio-empresarios-pampeanos\/"]}]},{"@type":"ImageObject","inLanguage":"es","@id":"https:\/\/diariotextual.com\/inicio\/index.php\/2020\/03\/02\/matias-tombolini-se-reunio-empresarios-pampeanos\/#primaryimage","url":"https:\/\/diariotextual.com\/inicio\/wp-content\/uploads\/2020\/03\/tombolinimatias33.jpeg","contentUrl":"https:\/\/diariotextual.com\/inicio\/wp-content\/uploads\/2020\/03\/tombolinimatias33.jpeg","width":1013,"height":676},{"@type":"BreadcrumbList","@id":"https:\/\/diariotextual.com\/inicio\/index.php\/2020\/03\/02\/matias-tombolini-se-reunio-empresarios-pampeanos\/#breadcrumb","itemListElement":[{"@type":"ListItem","position":1,"name":"Portada","item":"https:\/\/diariotextual.com\/inicio\/"},{"@type":"ListItem","position":2,"name":"Tombolini, vice del Naci\u00f3n, se reuni\u00f3 con empresarios pampeanos"}]},{"@type":"WebSite","@id":"https:\/\/diariotextual.com\/inicio\/#website","url":"https:\/\/diariotextual.com\/inicio\/","name":"Diario Textual","description":"","publisher":{"@id":"https:\/\/diariotextual.com\/inicio\/#organization"},"potentialAction":[{"@type":"SearchAction","target":{"@type":"EntryPoint","urlTemplate":"https:\/\/diariotextual.com\/inicio\/?s={search_term_string}"},"query-input":{"@type":"PropertyValueSpecification","valueRequired":true,"valueName":"search_term_string"}}],"inLanguage":"es"},{"@type":"Organization","@id":"https:\/\/diariotextual.com\/inicio\/#organization","name":"Diario Textual","url":"https:\/\/diariotextual.com\/inicio\/","logo":{"@type":"ImageObject","inLanguage":"es","@id":"https:\/\/diariotextual.com\/inicio\/#\/schema\/logo\/image\/","url":"https:\/\/diariotextual.com\/inicio\/wp-content\/uploads\/2023\/05\/logotextual1.jpg","contentUrl":"https:\/\/diariotextual.com\/inicio\/wp-content\/uploads\/2023\/05\/logotextual1.jpg","width":516,"height":76,"caption":"Diario Textual"},"image":{"@id":"https:\/\/diariotextual.com\/inicio\/#\/schema\/logo\/image\/"},"sameAs":["https:\/\/www.facebook.com\/eltextual","https:\/\/x.com\/eltextual","http:\/\/www.instagram.com\/eltextual"]},{"@type":"Person","@id":"https:\/\/diariotextual.com\/inicio\/#\/schema\/person\/418fc4093c33e86ed41562db3508f958","name":"Diario1 Diario1","image":{"@type":"ImageObject","inLanguage":"es","@id":"https:\/\/secure.gravatar.com\/avatar\/9167d280179c85bc18be67aa7eda765854300033af4896dd779b608640f2ef7a?s=96&d=mm&r=g","url":"https:\/\/secure.gravatar.com\/avatar\/9167d280179c85bc18be67aa7eda765854300033af4896dd779b608640f2ef7a?s=96&d=mm&r=g","contentUrl":"https:\/\/secure.gravatar.com\/avatar\/9167d280179c85bc18be67aa7eda765854300033af4896dd779b608640f2ef7a?s=96&d=mm&r=g","caption":"Diario1 Diario1"},"url":"https:\/\/diariotextual.com\/inicio\/index.php\/author\/diario1\/"}]}},"_links":{"self":[{"href":"https:\/\/diariotextual.com\/inicio\/index.php\/wp-json\/wp\/v2\/posts\/81684","targetHints":{"allow":["GET"]}}],"collection":[{"href":"https:\/\/diariotextual.com\/inicio\/index.php\/wp-json\/wp\/v2\/posts"}],"about":[{"href":"https:\/\/diariotextual.com\/inicio\/index.php\/wp-json\/wp\/v2\/types\/post"}],"author":[{"embeddable":true,"href":"https:\/\/diariotextual.com\/inicio\/index.php\/wp-json\/wp\/v2\/users\/3"}],"replies":[{"embeddable":true,"href":"https:\/\/diariotextual.com\/inicio\/index.php\/wp-json\/wp\/v2\/comments?post=81684"}],"version-history":[{"count":3,"href":"https:\/\/diariotextual.com\/inicio\/index.php\/wp-json\/wp\/v2\/posts\/81684\/revisions"}],"predecessor-version":[{"id":81690,"href":"https:\/\/diariotextual.com\/inicio\/index.php\/wp-json\/wp\/v2\/posts\/81684\/revisions\/81690"}],"wp:featuredmedia":[{"embeddable":true,"href":"https:\/\/diariotextual.com\/inicio\/index.php\/wp-json\/wp\/v2\/media\/81688"}],"wp:attachment":[{"href":"https:\/\/diariotextual.com\/inicio\/index.php\/wp-json\/wp\/v2\/media?parent=81684"}],"wp:term":[{"taxonomy":"category","embeddable":true,"href":"https:\/\/diariotextual.com\/inicio\/index.php\/wp-json\/wp\/v2\/categories?post=81684"},{"taxonomy":"post_tag","embeddable":true,"href":"https:\/\/diariotextual.com\/inicio\/index.php\/wp-json\/wp\/v2\/tags?post=81684"}],"curies":[{"name":"wp","href":"https:\/\/api.w.org\/{rel}","templated":true}]}}