{"id":82089,"date":"2020-03-05T07:11:43","date_gmt":"2020-03-05T10:11:43","guid":{"rendered":"http:\/\/diariotextual.com\/inicio\/?p=82089"},"modified":"2020-03-05T14:01:08","modified_gmt":"2020-03-05T17:01:08","slug":"lucia-la-joven-murio-al-atropellada-camion-la-circunvalacion","status":"publish","type":"post","link":"https:\/\/diariotextual.com\/inicio\/index.php\/2020\/03\/05\/lucia-la-joven-murio-al-atropellada-camion-la-circunvalacion\/","title":{"rendered":"Luc\u00eda, la joven que muri\u00f3 al ser atropellada por un cami\u00f3n en la circunvalaci\u00f3n"},"content":{"rendered":"<p>El fiscal <strong>Oscar Cazenave<\/strong> inform\u00f3 a Diario Textual que<a href=\"http:\/\/diariotextual.com\/inicio\/index.php\/2020\/03\/04\/una-mujer-murio-al-arrollada-camion-la-circunvalacion\/\" target=\"_blank\" rel=\"noopener\"><strong> la joven que muri\u00f3 al ser arrollada por un cami\u00f3n<\/strong><\/a> en la avenida circunvalaci\u00f3n Santiago Marzo, de Santa Rosa, fue identificada como\u00a0<strong>Luc\u00eda Ochoa<\/strong>. Era de <strong>Toay<\/strong> y ten\u00eda 21 a\u00f1os de edad.<\/p>\n<p>La v\u00edctima se trasladaba en una moto 110, en direcci\u00f3n norte, al igual que un cami\u00f3n Volvo. Seg\u00fan trascendi\u00f3, lo hac\u00eda por el carril izquierdo y, al llegar casi al cruce con la Pueyrred\u00f3n, intent\u00f3 cambiar hacia la derecha y, presuntamente, sufri\u00f3 el roce con un auto, se desestabiliz\u00f3 y cay\u00f3 adelante del cami\u00f3n. Luc\u00eda muri\u00f3 en el acto.<\/p>\n<p><strong>El camionero, de San Antonio Oeste (R\u00edo Negro), dijo que fue sorprendido y que de ninguna manera pudo frenar a tiempo<\/strong>. Por el momento,\u00a0<strong>est\u00e1 demorado<\/strong>. Es de R\u00edo Negro y circulaba en direcci\u00f3n norte, al igual que la motociclista. En las pr\u00f3ximas horas se le har\u00e1n una serie de pericias.<\/p>\n<p>\u00bfIntervino o no otro auto? A\u00fan no se sabe con certeza. Este jueves se revisar\u00e1n las c\u00e1maras de seguridad de los comercios de la zona.<\/p>\n<blockquote class=\"wp-embedded-content\" data-secret=\"HscnZW4tGr\"><p><a href=\"http:\/\/diariotextual.com\/inicio\/index.php\/2020\/03\/05\/muerte-la-circunvalacion-santarrosena-camionero-ya-regreso-rio-negro\/\">Muerte en la circunvalaci\u00f3n santarrose\u00f1a: el camionero ya regres\u00f3 a R\u00edo Negro<\/a><\/p><\/blockquote>\n<p><iframe class=\"wp-embedded-content\" sandbox=\"allow-scripts\" security=\"restricted\" style=\"position: absolute; clip: rect(1px, 1px, 1px, 1px);\" src=\"http:\/\/diariotextual.com\/inicio\/index.php\/2020\/03\/05\/muerte-la-circunvalacion-santarrosena-camionero-ya-regreso-rio-negro\/embed\/#?secret=HscnZW4tGr\" data-secret=\"HscnZW4tGr\" width=\"600\" height=\"338\" title=\"&#171;Muerte en la circunvalaci\u00f3n santarrose\u00f1a: el camionero ya regres\u00f3 a R\u00edo Negro&#187; &#8212; Diario Textual\" frameborder=\"0\" marginwidth=\"0\" marginheight=\"0\" scrolling=\"no\"><\/iframe><\/p>\n<p>&nbsp;<\/p>\n<p>&nbsp;<\/p>\n<p>&nbsp;<\/p>\n","protected":false},"excerpt":{"rendered":"<p>El fiscal Oscar Cazenave inform\u00f3 a Diario Textual que la joven que muri\u00f3 al ser arrollada por un cami\u00f3n en la avenida circunvalaci\u00f3n Santiago Marzo, de Santa Rosa, fue identificada&hellip;<\/p>\n","protected":false},"author":3,"featured_media":82090,"comment_status":"closed","ping_status":"open","sticky":false,"template":"","format":"standard","meta":{"_acf_changed":false,"footnotes":""},"categories":[319,12],"tags":[458,279],"class_list":["post-82089","post","type-post","status-publish","format-standard","has-post-thumbnail","hentry","category-a-temporales","category-sociedad","tag-lucia","tag-siniestro"],"acf":[],"yoast_head":"<!-- This site is optimized with the Yoast SEO plugin v27.5 - https:\/\/yoast.com\/product\/yoast-seo-wordpress\/ -->\n<title>Luc\u00eda, la joven que muri\u00f3 al ser atropellada por un cami\u00f3n en la circunvalaci\u00f3n - Diario Textual<\/title>\n<meta name=\"robots\" content=\"index, follow, max-snippet:-1, max-image-preview:large, max-video-preview:-1\" \/>\n<link rel=\"canonical\" href=\"https:\/\/diariotextual.com\/inicio\/index.php\/2020\/03\/05\/lucia-la-joven-murio-al-atropellada-camion-la-circunvalacion\/\" \/>\n<meta property=\"og:locale\" content=\"es_ES\" \/>\n<meta property=\"og:type\" content=\"article\" \/>\n<meta property=\"og:title\" content=\"Luc\u00eda, la joven que muri\u00f3 al ser atropellada por un cami\u00f3n en la circunvalaci\u00f3n - Diario Textual\" \/>\n<meta property=\"og:description\" content=\"El fiscal Oscar Cazenave inform\u00f3 a Diario Textual que la joven que muri\u00f3 al ser arrollada por un cami\u00f3n en la avenida circunvalaci\u00f3n Santiago Marzo, de Santa Rosa, fue identificada&hellip;\" \/>\n<meta property=\"og:url\" content=\"https:\/\/diariotextual.com\/inicio\/index.php\/2020\/03\/05\/lucia-la-joven-murio-al-atropellada-camion-la-circunvalacion\/\" \/>\n<meta property=\"og:site_name\" content=\"Diario Textual\" \/>\n<meta property=\"article:publisher\" content=\"https:\/\/www.facebook.com\/eltextual\" \/>\n<meta property=\"article:published_time\" content=\"2020-03-05T10:11:43+00:00\" \/>\n<meta property=\"article:modified_time\" content=\"2020-03-05T17:01:08+00:00\" \/>\n<meta property=\"og:image\" content=\"https:\/\/diariotextual.com\/inicio\/wp-content\/uploads\/2020\/03\/ochoalucia2020-1.jpg\" \/>\n\t<meta property=\"og:image:width\" content=\"523\" \/>\n\t<meta property=\"og:image:height\" content=\"356\" \/>\n\t<meta property=\"og:image:type\" content=\"image\/jpeg\" \/>\n<meta name=\"author\" content=\"Diario1 Diario1\" \/>\n<meta name=\"twitter:card\" content=\"summary_large_image\" \/>\n<meta name=\"twitter:creator\" content=\"@eltextual\" \/>\n<meta name=\"twitter:site\" content=\"@eltextual\" \/>\n<meta name=\"twitter:label1\" content=\"Escrito por\" \/>\n\t<meta name=\"twitter:data1\" content=\"Diario1 Diario1\" \/>\n\t<meta name=\"twitter:label2\" content=\"Tiempo de lectura\" \/>\n\t<meta name=\"twitter:data2\" content=\"1 minuto\" \/>\n<script type=\"application\/ld+json\" class=\"yoast-schema-graph\">{\"@context\":\"https:\\\/\\\/schema.org\",\"@graph\":[{\"@type\":\"Article\",\"@id\":\"https:\\\/\\\/diariotextual.com\\\/inicio\\\/index.php\\\/2020\\\/03\\\/05\\\/lucia-la-joven-murio-al-atropellada-camion-la-circunvalacion\\\/#article\",\"isPartOf\":{\"@id\":\"https:\\\/\\\/diariotextual.com\\\/inicio\\\/index.php\\\/2020\\\/03\\\/05\\\/lucia-la-joven-murio-al-atropellada-camion-la-circunvalacion\\\/\"},\"author\":{\"name\":\"Diario1 Diario1\",\"@id\":\"https:\\\/\\\/diariotextual.com\\\/inicio\\\/#\\\/schema\\\/person\\\/418fc4093c33e86ed41562db3508f958\"},\"headline\":\"Luc\u00eda, la joven que muri\u00f3 al ser atropellada por un cami\u00f3n en la circunvalaci\u00f3n\",\"datePublished\":\"2020-03-05T10:11:43+00:00\",\"dateModified\":\"2020-03-05T17:01:08+00:00\",\"mainEntityOfPage\":{\"@id\":\"https:\\\/\\\/diariotextual.com\\\/inicio\\\/index.php\\\/2020\\\/03\\\/05\\\/lucia-la-joven-murio-al-atropellada-camion-la-circunvalacion\\\/\"},\"wordCount\":223,\"publisher\":{\"@id\":\"https:\\\/\\\/diariotextual.com\\\/inicio\\\/#organization\"},\"image\":{\"@id\":\"https:\\\/\\\/diariotextual.com\\\/inicio\\\/index.php\\\/2020\\\/03\\\/05\\\/lucia-la-joven-murio-al-atropellada-camion-la-circunvalacion\\\/#primaryimage\"},\"thumbnailUrl\":\"https:\\\/\\\/diariotextual.com\\\/inicio\\\/wp-content\\\/uploads\\\/2020\\\/03\\\/ochoalucia2020-1.jpg\",\"keywords\":[\"lucia\",\"siniestro\"],\"articleSection\":[\"A - TEMPORALES\",\"SOCIEDAD\"],\"inLanguage\":\"es\"},{\"@type\":\"WebPage\",\"@id\":\"https:\\\/\\\/diariotextual.com\\\/inicio\\\/index.php\\\/2020\\\/03\\\/05\\\/lucia-la-joven-murio-al-atropellada-camion-la-circunvalacion\\\/\",\"url\":\"https:\\\/\\\/diariotextual.com\\\/inicio\\\/index.php\\\/2020\\\/03\\\/05\\\/lucia-la-joven-murio-al-atropellada-camion-la-circunvalacion\\\/\",\"name\":\"Luc\u00eda, la joven que muri\u00f3 al ser atropellada por un cami\u00f3n en la circunvalaci\u00f3n - Diario Textual\",\"isPartOf\":{\"@id\":\"https:\\\/\\\/diariotextual.com\\\/inicio\\\/#website\"},\"primaryImageOfPage\":{\"@id\":\"https:\\\/\\\/diariotextual.com\\\/inicio\\\/index.php\\\/2020\\\/03\\\/05\\\/lucia-la-joven-murio-al-atropellada-camion-la-circunvalacion\\\/#primaryimage\"},\"image\":{\"@id\":\"https:\\\/\\\/diariotextual.com\\\/inicio\\\/index.php\\\/2020\\\/03\\\/05\\\/lucia-la-joven-murio-al-atropellada-camion-la-circunvalacion\\\/#primaryimage\"},\"thumbnailUrl\":\"https:\\\/\\\/diariotextual.com\\\/inicio\\\/wp-content\\\/uploads\\\/2020\\\/03\\\/ochoalucia2020-1.jpg\",\"datePublished\":\"2020-03-05T10:11:43+00:00\",\"dateModified\":\"2020-03-05T17:01:08+00:00\",\"breadcrumb\":{\"@id\":\"https:\\\/\\\/diariotextual.com\\\/inicio\\\/index.php\\\/2020\\\/03\\\/05\\\/lucia-la-joven-murio-al-atropellada-camion-la-circunvalacion\\\/#breadcrumb\"},\"inLanguage\":\"es\",\"potentialAction\":[{\"@type\":\"ReadAction\",\"target\":[\"https:\\\/\\\/diariotextual.com\\\/inicio\\\/index.php\\\/2020\\\/03\\\/05\\\/lucia-la-joven-murio-al-atropellada-camion-la-circunvalacion\\\/\"]}]},{\"@type\":\"ImageObject\",\"inLanguage\":\"es\",\"@id\":\"https:\\\/\\\/diariotextual.com\\\/inicio\\\/index.php\\\/2020\\\/03\\\/05\\\/lucia-la-joven-murio-al-atropellada-camion-la-circunvalacion\\\/#primaryimage\",\"url\":\"https:\\\/\\\/diariotextual.com\\\/inicio\\\/wp-content\\\/uploads\\\/2020\\\/03\\\/ochoalucia2020-1.jpg\",\"contentUrl\":\"https:\\\/\\\/diariotextual.com\\\/inicio\\\/wp-content\\\/uploads\\\/2020\\\/03\\\/ochoalucia2020-1.jpg\",\"width\":523,\"height\":356},{\"@type\":\"BreadcrumbList\",\"@id\":\"https:\\\/\\\/diariotextual.com\\\/inicio\\\/index.php\\\/2020\\\/03\\\/05\\\/lucia-la-joven-murio-al-atropellada-camion-la-circunvalacion\\\/#breadcrumb\",\"itemListElement\":[{\"@type\":\"ListItem\",\"position\":1,\"name\":\"Portada\",\"item\":\"https:\\\/\\\/diariotextual.com\\\/inicio\\\/\"},{\"@type\":\"ListItem\",\"position\":2,\"name\":\"Luc\u00eda, la joven que muri\u00f3 al ser atropellada por un cami\u00f3n en la circunvalaci\u00f3n\"}]},{\"@type\":\"WebSite\",\"@id\":\"https:\\\/\\\/diariotextual.com\\\/inicio\\\/#website\",\"url\":\"https:\\\/\\\/diariotextual.com\\\/inicio\\\/\",\"name\":\"Diario Textual\",\"description\":\"\",\"publisher\":{\"@id\":\"https:\\\/\\\/diariotextual.com\\\/inicio\\\/#organization\"},\"potentialAction\":[{\"@type\":\"SearchAction\",\"target\":{\"@type\":\"EntryPoint\",\"urlTemplate\":\"https:\\\/\\\/diariotextual.com\\\/inicio\\\/?s={search_term_string}\"},\"query-input\":{\"@type\":\"PropertyValueSpecification\",\"valueRequired\":true,\"valueName\":\"search_term_string\"}}],\"inLanguage\":\"es\"},{\"@type\":\"Organization\",\"@id\":\"https:\\\/\\\/diariotextual.com\\\/inicio\\\/#organization\",\"name\":\"Diario Textual\",\"url\":\"https:\\\/\\\/diariotextual.com\\\/inicio\\\/\",\"logo\":{\"@type\":\"ImageObject\",\"inLanguage\":\"es\",\"@id\":\"https:\\\/\\\/diariotextual.com\\\/inicio\\\/#\\\/schema\\\/logo\\\/image\\\/\",\"url\":\"https:\\\/\\\/diariotextual.com\\\/inicio\\\/wp-content\\\/uploads\\\/2023\\\/05\\\/logotextual1.jpg\",\"contentUrl\":\"https:\\\/\\\/diariotextual.com\\\/inicio\\\/wp-content\\\/uploads\\\/2023\\\/05\\\/logotextual1.jpg\",\"width\":516,\"height\":76,\"caption\":\"Diario Textual\"},\"image\":{\"@id\":\"https:\\\/\\\/diariotextual.com\\\/inicio\\\/#\\\/schema\\\/logo\\\/image\\\/\"},\"sameAs\":[\"https:\\\/\\\/www.facebook.com\\\/eltextual\",\"https:\\\/\\\/x.com\\\/eltextual\",\"http:\\\/\\\/www.instagram.com\\\/eltextual\"]},{\"@type\":\"Person\",\"@id\":\"https:\\\/\\\/diariotextual.com\\\/inicio\\\/#\\\/schema\\\/person\\\/418fc4093c33e86ed41562db3508f958\",\"name\":\"Diario1 Diario1\",\"image\":{\"@type\":\"ImageObject\",\"inLanguage\":\"es\",\"@id\":\"https:\\\/\\\/secure.gravatar.com\\\/avatar\\\/9167d280179c85bc18be67aa7eda765854300033af4896dd779b608640f2ef7a?s=96&d=mm&r=g\",\"url\":\"https:\\\/\\\/secure.gravatar.com\\\/avatar\\\/9167d280179c85bc18be67aa7eda765854300033af4896dd779b608640f2ef7a?s=96&d=mm&r=g\",\"contentUrl\":\"https:\\\/\\\/secure.gravatar.com\\\/avatar\\\/9167d280179c85bc18be67aa7eda765854300033af4896dd779b608640f2ef7a?s=96&d=mm&r=g\",\"caption\":\"Diario1 Diario1\"},\"url\":\"https:\\\/\\\/diariotextual.com\\\/inicio\\\/index.php\\\/author\\\/diario1\\\/\"}]}<\/script>\n<!-- \/ Yoast SEO plugin. -->","yoast_head_json":{"title":"Luc\u00eda, la joven que muri\u00f3 al ser atropellada por un cami\u00f3n en la circunvalaci\u00f3n - Diario Textual","robots":{"index":"index","follow":"follow","max-snippet":"max-snippet:-1","max-image-preview":"max-image-preview:large","max-video-preview":"max-video-preview:-1"},"canonical":"https:\/\/diariotextual.com\/inicio\/index.php\/2020\/03\/05\/lucia-la-joven-murio-al-atropellada-camion-la-circunvalacion\/","og_locale":"es_ES","og_type":"article","og_title":"Luc\u00eda, la joven que muri\u00f3 al ser atropellada por un cami\u00f3n en la circunvalaci\u00f3n - Diario Textual","og_description":"El fiscal Oscar Cazenave inform\u00f3 a Diario Textual que la joven que muri\u00f3 al ser arrollada por un cami\u00f3n en la avenida circunvalaci\u00f3n Santiago Marzo, de Santa Rosa, fue identificada&hellip;","og_url":"https:\/\/diariotextual.com\/inicio\/index.php\/2020\/03\/05\/lucia-la-joven-murio-al-atropellada-camion-la-circunvalacion\/","og_site_name":"Diario Textual","article_publisher":"https:\/\/www.facebook.com\/eltextual","article_published_time":"2020-03-05T10:11:43+00:00","article_modified_time":"2020-03-05T17:01:08+00:00","og_image":[{"width":523,"height":356,"url":"https:\/\/diariotextual.com\/inicio\/wp-content\/uploads\/2020\/03\/ochoalucia2020-1.jpg","type":"image\/jpeg"}],"author":"Diario1 Diario1","twitter_card":"summary_large_image","twitter_creator":"@eltextual","twitter_site":"@eltextual","twitter_misc":{"Escrito por":"Diario1 Diario1","Tiempo de lectura":"1 minuto"},"schema":{"@context":"https:\/\/schema.org","@graph":[{"@type":"Article","@id":"https:\/\/diariotextual.com\/inicio\/index.php\/2020\/03\/05\/lucia-la-joven-murio-al-atropellada-camion-la-circunvalacion\/#article","isPartOf":{"@id":"https:\/\/diariotextual.com\/inicio\/index.php\/2020\/03\/05\/lucia-la-joven-murio-al-atropellada-camion-la-circunvalacion\/"},"author":{"name":"Diario1 Diario1","@id":"https:\/\/diariotextual.com\/inicio\/#\/schema\/person\/418fc4093c33e86ed41562db3508f958"},"headline":"Luc\u00eda, la joven que muri\u00f3 al ser atropellada por un cami\u00f3n en la circunvalaci\u00f3n","datePublished":"2020-03-05T10:11:43+00:00","dateModified":"2020-03-05T17:01:08+00:00","mainEntityOfPage":{"@id":"https:\/\/diariotextual.com\/inicio\/index.php\/2020\/03\/05\/lucia-la-joven-murio-al-atropellada-camion-la-circunvalacion\/"},"wordCount":223,"publisher":{"@id":"https:\/\/diariotextual.com\/inicio\/#organization"},"image":{"@id":"https:\/\/diariotextual.com\/inicio\/index.php\/2020\/03\/05\/lucia-la-joven-murio-al-atropellada-camion-la-circunvalacion\/#primaryimage"},"thumbnailUrl":"https:\/\/diariotextual.com\/inicio\/wp-content\/uploads\/2020\/03\/ochoalucia2020-1.jpg","keywords":["lucia","siniestro"],"articleSection":["A - TEMPORALES","SOCIEDAD"],"inLanguage":"es"},{"@type":"WebPage","@id":"https:\/\/diariotextual.com\/inicio\/index.php\/2020\/03\/05\/lucia-la-joven-murio-al-atropellada-camion-la-circunvalacion\/","url":"https:\/\/diariotextual.com\/inicio\/index.php\/2020\/03\/05\/lucia-la-joven-murio-al-atropellada-camion-la-circunvalacion\/","name":"Luc\u00eda, la joven que muri\u00f3 al ser atropellada por un cami\u00f3n en la circunvalaci\u00f3n - Diario Textual","isPartOf":{"@id":"https:\/\/diariotextual.com\/inicio\/#website"},"primaryImageOfPage":{"@id":"https:\/\/diariotextual.com\/inicio\/index.php\/2020\/03\/05\/lucia-la-joven-murio-al-atropellada-camion-la-circunvalacion\/#primaryimage"},"image":{"@id":"https:\/\/diariotextual.com\/inicio\/index.php\/2020\/03\/05\/lucia-la-joven-murio-al-atropellada-camion-la-circunvalacion\/#primaryimage"},"thumbnailUrl":"https:\/\/diariotextual.com\/inicio\/wp-content\/uploads\/2020\/03\/ochoalucia2020-1.jpg","datePublished":"2020-03-05T10:11:43+00:00","dateModified":"2020-03-05T17:01:08+00:00","breadcrumb":{"@id":"https:\/\/diariotextual.com\/inicio\/index.php\/2020\/03\/05\/lucia-la-joven-murio-al-atropellada-camion-la-circunvalacion\/#breadcrumb"},"inLanguage":"es","potentialAction":[{"@type":"ReadAction","target":["https:\/\/diariotextual.com\/inicio\/index.php\/2020\/03\/05\/lucia-la-joven-murio-al-atropellada-camion-la-circunvalacion\/"]}]},{"@type":"ImageObject","inLanguage":"es","@id":"https:\/\/diariotextual.com\/inicio\/index.php\/2020\/03\/05\/lucia-la-joven-murio-al-atropellada-camion-la-circunvalacion\/#primaryimage","url":"https:\/\/diariotextual.com\/inicio\/wp-content\/uploads\/2020\/03\/ochoalucia2020-1.jpg","contentUrl":"https:\/\/diariotextual.com\/inicio\/wp-content\/uploads\/2020\/03\/ochoalucia2020-1.jpg","width":523,"height":356},{"@type":"BreadcrumbList","@id":"https:\/\/diariotextual.com\/inicio\/index.php\/2020\/03\/05\/lucia-la-joven-murio-al-atropellada-camion-la-circunvalacion\/#breadcrumb","itemListElement":[{"@type":"ListItem","position":1,"name":"Portada","item":"https:\/\/diariotextual.com\/inicio\/"},{"@type":"ListItem","position":2,"name":"Luc\u00eda, la joven que muri\u00f3 al ser atropellada por un cami\u00f3n en la circunvalaci\u00f3n"}]},{"@type":"WebSite","@id":"https:\/\/diariotextual.com\/inicio\/#website","url":"https:\/\/diariotextual.com\/inicio\/","name":"Diario Textual","description":"","publisher":{"@id":"https:\/\/diariotextual.com\/inicio\/#organization"},"potentialAction":[{"@type":"SearchAction","target":{"@type":"EntryPoint","urlTemplate":"https:\/\/diariotextual.com\/inicio\/?s={search_term_string}"},"query-input":{"@type":"PropertyValueSpecification","valueRequired":true,"valueName":"search_term_string"}}],"inLanguage":"es"},{"@type":"Organization","@id":"https:\/\/diariotextual.com\/inicio\/#organization","name":"Diario Textual","url":"https:\/\/diariotextual.com\/inicio\/","logo":{"@type":"ImageObject","inLanguage":"es","@id":"https:\/\/diariotextual.com\/inicio\/#\/schema\/logo\/image\/","url":"https:\/\/diariotextual.com\/inicio\/wp-content\/uploads\/2023\/05\/logotextual1.jpg","contentUrl":"https:\/\/diariotextual.com\/inicio\/wp-content\/uploads\/2023\/05\/logotextual1.jpg","width":516,"height":76,"caption":"Diario Textual"},"image":{"@id":"https:\/\/diariotextual.com\/inicio\/#\/schema\/logo\/image\/"},"sameAs":["https:\/\/www.facebook.com\/eltextual","https:\/\/x.com\/eltextual","http:\/\/www.instagram.com\/eltextual"]},{"@type":"Person","@id":"https:\/\/diariotextual.com\/inicio\/#\/schema\/person\/418fc4093c33e86ed41562db3508f958","name":"Diario1 Diario1","image":{"@type":"ImageObject","inLanguage":"es","@id":"https:\/\/secure.gravatar.com\/avatar\/9167d280179c85bc18be67aa7eda765854300033af4896dd779b608640f2ef7a?s=96&d=mm&r=g","url":"https:\/\/secure.gravatar.com\/avatar\/9167d280179c85bc18be67aa7eda765854300033af4896dd779b608640f2ef7a?s=96&d=mm&r=g","contentUrl":"https:\/\/secure.gravatar.com\/avatar\/9167d280179c85bc18be67aa7eda765854300033af4896dd779b608640f2ef7a?s=96&d=mm&r=g","caption":"Diario1 Diario1"},"url":"https:\/\/diariotextual.com\/inicio\/index.php\/author\/diario1\/"}]}},"_links":{"self":[{"href":"https:\/\/diariotextual.com\/inicio\/index.php\/wp-json\/wp\/v2\/posts\/82089","targetHints":{"allow":["GET"]}}],"collection":[{"href":"https:\/\/diariotextual.com\/inicio\/index.php\/wp-json\/wp\/v2\/posts"}],"about":[{"href":"https:\/\/diariotextual.com\/inicio\/index.php\/wp-json\/wp\/v2\/types\/post"}],"author":[{"embeddable":true,"href":"https:\/\/diariotextual.com\/inicio\/index.php\/wp-json\/wp\/v2\/users\/3"}],"replies":[{"embeddable":true,"href":"https:\/\/diariotextual.com\/inicio\/index.php\/wp-json\/wp\/v2\/comments?post=82089"}],"version-history":[{"count":3,"href":"https:\/\/diariotextual.com\/inicio\/index.php\/wp-json\/wp\/v2\/posts\/82089\/revisions"}],"predecessor-version":[{"id":82199,"href":"https:\/\/diariotextual.com\/inicio\/index.php\/wp-json\/wp\/v2\/posts\/82089\/revisions\/82199"}],"wp:featuredmedia":[{"embeddable":true,"href":"https:\/\/diariotextual.com\/inicio\/index.php\/wp-json\/wp\/v2\/media\/82090"}],"wp:attachment":[{"href":"https:\/\/diariotextual.com\/inicio\/index.php\/wp-json\/wp\/v2\/media?parent=82089"}],"wp:term":[{"taxonomy":"category","embeddable":true,"href":"https:\/\/diariotextual.com\/inicio\/index.php\/wp-json\/wp\/v2\/categories?post=82089"},{"taxonomy":"post_tag","embeddable":true,"href":"https:\/\/diariotextual.com\/inicio\/index.php\/wp-json\/wp\/v2\/tags?post=82089"}],"curies":[{"name":"wp","href":"https:\/\/api.w.org\/{rel}","templated":true}]}}