{"id":82193,"date":"2020-03-05T13:59:19","date_gmt":"2020-03-05T16:59:19","guid":{"rendered":"http:\/\/diariotextual.com\/inicio\/?p=82193"},"modified":"2020-03-06T09:47:45","modified_gmt":"2020-03-06T12:47:45","slug":"muerte-la-circunvalacion-santarrosena-camionero-ya-regreso-rio-negro","status":"publish","type":"post","link":"https:\/\/diariotextual.com\/inicio\/index.php\/2020\/03\/05\/muerte-la-circunvalacion-santarrosena-camionero-ya-regreso-rio-negro\/","title":{"rendered":"Muerte en la circunvalaci\u00f3n santarrose\u00f1a: el camionero ya regres\u00f3 a R\u00edo Negro"},"content":{"rendered":"<p>El <strong>camionero<\/strong> que arroll\u00f3 y mat\u00f3 anoche con su Volvo a<strong> Luc\u00eda Ochoa<\/strong> (21 a\u00f1os) en la avenida circunvalaci\u00f3n Santiago Marzo <strong>ya regres\u00f3<\/strong>, luego de que se le realizara el alcohotest y otras pericias, a la localidad de <strong>San Antonio Oeste<\/strong> (R\u00edo Negro), informaron fuentes judiciales a<strong> Diario Textual<\/strong>.<\/p>\n<p>El camionero<strong> estuvo demorado<\/strong> un par de horas. <strong>No fue imputado y, en principio, no lo ser\u00e1.<\/strong> Es que, siempre seg\u00fan las fuentes judiciales que trabajan en el caso,<strong> no tendr\u00eda responsabilidad en el siniestro fatal<\/strong>.<\/p>\n<p>\u00ab<strong>Se est\u00e1 tratando de determinar c\u00f3mo es que la joven motociclista perdi\u00f3 el control de su moto y cay\u00f3 al asfalto. Se est\u00e1n revisando las c\u00e1maras. Por el momento, no se ven a terceras personas involucradas que hayan ocasionado el siniestro vial<\/strong>\u00ab, dijeron al mediod\u00eda las fuentes consultadas por Diario Textual. Por la tarde, proseguir\u00e1n mirando c\u00e1maras de seguridad de comercios para ver si, como se hab\u00eda insinuado en un momento, hubo un auto o una camioneta que, por una mala maniobra, gener\u00f3 la ca\u00edda de Luc\u00eda Ochoa.<\/p>\n<p>El siniestro ocurri\u00f3 a las 20.30 horas, en la avenida Santiago Marzo y Pueyrred\u00f3n, al este de la capital. La v\u00edctima -de 21 a\u00f1os y oriunda de Toay- se trasladaba en una moto 110, en direcci\u00f3n norte, al igual que un cami\u00f3n Volvo. Seg\u00fan trascendi\u00f3, lo hac\u00eda por el carril izquierdo y, al llegar casi al cruce con la Pueyrred\u00f3n, intent\u00f3 cambiar hacia la derecha y, presuntamente, sufri\u00f3 el roce con un auto, se desestabiliz\u00f3 y cay\u00f3 adelante del cami\u00f3n. Luc\u00eda muri\u00f3 en el acto.<\/p>\n<p>El camionero dijo que fue sorprendido y que de ninguna manera pudo frenar a tiempo.<\/p>\n<p>El cami\u00f3n y la moto permanecen secuestrados. \u00abEl camionero ya regres\u00f3 a su provincia, luego de que fuera sometido a una serie de pericias\u00bb, contaron los informantes.<\/p>\n<blockquote class=\"wp-embedded-content\" data-secret=\"3hxBtqKSIR\"><p><a href=\"http:\/\/diariotextual.com\/inicio\/index.php\/2020\/03\/05\/lucia-la-joven-murio-al-atropellada-camion-la-circunvalacion\/\">Luc\u00eda, la joven que muri\u00f3 al ser atropellada por un cami\u00f3n en la circunvalaci\u00f3n<\/a><\/p><\/blockquote>\n<p><iframe class=\"wp-embedded-content\" sandbox=\"allow-scripts\" security=\"restricted\" style=\"position: absolute; clip: rect(1px, 1px, 1px, 1px);\" src=\"http:\/\/diariotextual.com\/inicio\/index.php\/2020\/03\/05\/lucia-la-joven-murio-al-atropellada-camion-la-circunvalacion\/embed\/#?secret=3hxBtqKSIR\" data-secret=\"3hxBtqKSIR\" width=\"600\" height=\"338\" title=\"&#171;Luc\u00eda, la joven que muri\u00f3 al ser atropellada por un cami\u00f3n en la circunvalaci\u00f3n&#187; &#8212; Diario Textual\" frameborder=\"0\" marginwidth=\"0\" marginheight=\"0\" scrolling=\"no\"><\/iframe><\/p>\n<p>&nbsp;<\/p>\n<p>&nbsp;<\/p>\n","protected":false},"excerpt":{"rendered":"<p>El camionero que arroll\u00f3 y mat\u00f3 anoche con su Volvo a Luc\u00eda Ochoa (21 a\u00f1os) en la avenida circunvalaci\u00f3n Santiago Marzo ya regres\u00f3, luego de que se le realizara el&hellip;<\/p>\n","protected":false},"author":3,"featured_media":82126,"comment_status":"closed","ping_status":"open","sticky":false,"template":"","format":"standard","meta":{"_acf_changed":false,"footnotes":""},"categories":[319,12],"tags":[458,2819],"class_list":["post-82193","post","type-post","status-publish","format-standard","has-post-thumbnail","hentry","category-a-temporales","category-sociedad","tag-lucia","tag-ochoa"],"acf":[],"yoast_head":"<!-- This site is optimized with the Yoast SEO plugin v27.5 - https:\/\/yoast.com\/product\/yoast-seo-wordpress\/ -->\n<title>Muerte en la circunvalaci\u00f3n santarrose\u00f1a: el camionero ya regres\u00f3 a R\u00edo Negro - Diario Textual<\/title>\n<meta name=\"robots\" content=\"index, follow, max-snippet:-1, max-image-preview:large, max-video-preview:-1\" \/>\n<link rel=\"canonical\" href=\"https:\/\/diariotextual.com\/inicio\/index.php\/2020\/03\/05\/muerte-la-circunvalacion-santarrosena-camionero-ya-regreso-rio-negro\/\" \/>\n<meta property=\"og:locale\" content=\"es_ES\" \/>\n<meta property=\"og:type\" content=\"article\" \/>\n<meta property=\"og:title\" content=\"Muerte en la circunvalaci\u00f3n santarrose\u00f1a: el camionero ya regres\u00f3 a R\u00edo Negro - Diario Textual\" \/>\n<meta property=\"og:description\" content=\"El camionero que arroll\u00f3 y mat\u00f3 anoche con su Volvo a Luc\u00eda Ochoa (21 a\u00f1os) en la avenida circunvalaci\u00f3n Santiago Marzo ya regres\u00f3, luego de que se le realizara el&hellip;\" \/>\n<meta property=\"og:url\" content=\"https:\/\/diariotextual.com\/inicio\/index.php\/2020\/03\/05\/muerte-la-circunvalacion-santarrosena-camionero-ya-regreso-rio-negro\/\" \/>\n<meta property=\"og:site_name\" content=\"Diario Textual\" \/>\n<meta property=\"article:publisher\" content=\"https:\/\/www.facebook.com\/eltextual\" \/>\n<meta property=\"article:published_time\" content=\"2020-03-05T16:59:19+00:00\" \/>\n<meta property=\"article:modified_time\" content=\"2020-03-06T12:47:45+00:00\" \/>\n<meta property=\"og:image\" content=\"https:\/\/diariotextual.com\/inicio\/wp-content\/uploads\/2020\/03\/ochoalucia2020-2.jpg\" \/>\n\t<meta property=\"og:image:width\" content=\"697\" \/>\n\t<meta property=\"og:image:height\" content=\"445\" \/>\n\t<meta property=\"og:image:type\" content=\"image\/jpeg\" \/>\n<meta name=\"author\" content=\"Diario1 Diario1\" \/>\n<meta name=\"twitter:card\" content=\"summary_large_image\" \/>\n<meta name=\"twitter:creator\" content=\"@eltextual\" \/>\n<meta name=\"twitter:site\" content=\"@eltextual\" \/>\n<meta name=\"twitter:label1\" content=\"Escrito por\" \/>\n\t<meta name=\"twitter:data1\" content=\"Diario1 Diario1\" \/>\n\t<meta name=\"twitter:label2\" content=\"Tiempo de lectura\" \/>\n\t<meta name=\"twitter:data2\" content=\"2 minutos\" \/>\n<script type=\"application\/ld+json\" class=\"yoast-schema-graph\">{\"@context\":\"https:\\\/\\\/schema.org\",\"@graph\":[{\"@type\":\"Article\",\"@id\":\"https:\\\/\\\/diariotextual.com\\\/inicio\\\/index.php\\\/2020\\\/03\\\/05\\\/muerte-la-circunvalacion-santarrosena-camionero-ya-regreso-rio-negro\\\/#article\",\"isPartOf\":{\"@id\":\"https:\\\/\\\/diariotextual.com\\\/inicio\\\/index.php\\\/2020\\\/03\\\/05\\\/muerte-la-circunvalacion-santarrosena-camionero-ya-regreso-rio-negro\\\/\"},\"author\":{\"name\":\"Diario1 Diario1\",\"@id\":\"https:\\\/\\\/diariotextual.com\\\/inicio\\\/#\\\/schema\\\/person\\\/418fc4093c33e86ed41562db3508f958\"},\"headline\":\"Muerte en la circunvalaci\u00f3n santarrose\u00f1a: el camionero ya regres\u00f3 a R\u00edo Negro\",\"datePublished\":\"2020-03-05T16:59:19+00:00\",\"dateModified\":\"2020-03-06T12:47:45+00:00\",\"mainEntityOfPage\":{\"@id\":\"https:\\\/\\\/diariotextual.com\\\/inicio\\\/index.php\\\/2020\\\/03\\\/05\\\/muerte-la-circunvalacion-santarrosena-camionero-ya-regreso-rio-negro\\\/\"},\"wordCount\":346,\"publisher\":{\"@id\":\"https:\\\/\\\/diariotextual.com\\\/inicio\\\/#organization\"},\"image\":{\"@id\":\"https:\\\/\\\/diariotextual.com\\\/inicio\\\/index.php\\\/2020\\\/03\\\/05\\\/muerte-la-circunvalacion-santarrosena-camionero-ya-regreso-rio-negro\\\/#primaryimage\"},\"thumbnailUrl\":\"https:\\\/\\\/diariotextual.com\\\/inicio\\\/wp-content\\\/uploads\\\/2020\\\/03\\\/ochoalucia2020-2.jpg\",\"keywords\":[\"lucia\",\"ochoa\"],\"articleSection\":[\"A - TEMPORALES\",\"SOCIEDAD\"],\"inLanguage\":\"es\"},{\"@type\":\"WebPage\",\"@id\":\"https:\\\/\\\/diariotextual.com\\\/inicio\\\/index.php\\\/2020\\\/03\\\/05\\\/muerte-la-circunvalacion-santarrosena-camionero-ya-regreso-rio-negro\\\/\",\"url\":\"https:\\\/\\\/diariotextual.com\\\/inicio\\\/index.php\\\/2020\\\/03\\\/05\\\/muerte-la-circunvalacion-santarrosena-camionero-ya-regreso-rio-negro\\\/\",\"name\":\"Muerte en la circunvalaci\u00f3n santarrose\u00f1a: el camionero ya regres\u00f3 a R\u00edo Negro - Diario Textual\",\"isPartOf\":{\"@id\":\"https:\\\/\\\/diariotextual.com\\\/inicio\\\/#website\"},\"primaryImageOfPage\":{\"@id\":\"https:\\\/\\\/diariotextual.com\\\/inicio\\\/index.php\\\/2020\\\/03\\\/05\\\/muerte-la-circunvalacion-santarrosena-camionero-ya-regreso-rio-negro\\\/#primaryimage\"},\"image\":{\"@id\":\"https:\\\/\\\/diariotextual.com\\\/inicio\\\/index.php\\\/2020\\\/03\\\/05\\\/muerte-la-circunvalacion-santarrosena-camionero-ya-regreso-rio-negro\\\/#primaryimage\"},\"thumbnailUrl\":\"https:\\\/\\\/diariotextual.com\\\/inicio\\\/wp-content\\\/uploads\\\/2020\\\/03\\\/ochoalucia2020-2.jpg\",\"datePublished\":\"2020-03-05T16:59:19+00:00\",\"dateModified\":\"2020-03-06T12:47:45+00:00\",\"breadcrumb\":{\"@id\":\"https:\\\/\\\/diariotextual.com\\\/inicio\\\/index.php\\\/2020\\\/03\\\/05\\\/muerte-la-circunvalacion-santarrosena-camionero-ya-regreso-rio-negro\\\/#breadcrumb\"},\"inLanguage\":\"es\",\"potentialAction\":[{\"@type\":\"ReadAction\",\"target\":[\"https:\\\/\\\/diariotextual.com\\\/inicio\\\/index.php\\\/2020\\\/03\\\/05\\\/muerte-la-circunvalacion-santarrosena-camionero-ya-regreso-rio-negro\\\/\"]}]},{\"@type\":\"ImageObject\",\"inLanguage\":\"es\",\"@id\":\"https:\\\/\\\/diariotextual.com\\\/inicio\\\/index.php\\\/2020\\\/03\\\/05\\\/muerte-la-circunvalacion-santarrosena-camionero-ya-regreso-rio-negro\\\/#primaryimage\",\"url\":\"https:\\\/\\\/diariotextual.com\\\/inicio\\\/wp-content\\\/uploads\\\/2020\\\/03\\\/ochoalucia2020-2.jpg\",\"contentUrl\":\"https:\\\/\\\/diariotextual.com\\\/inicio\\\/wp-content\\\/uploads\\\/2020\\\/03\\\/ochoalucia2020-2.jpg\",\"width\":697,\"height\":445},{\"@type\":\"BreadcrumbList\",\"@id\":\"https:\\\/\\\/diariotextual.com\\\/inicio\\\/index.php\\\/2020\\\/03\\\/05\\\/muerte-la-circunvalacion-santarrosena-camionero-ya-regreso-rio-negro\\\/#breadcrumb\",\"itemListElement\":[{\"@type\":\"ListItem\",\"position\":1,\"name\":\"Portada\",\"item\":\"https:\\\/\\\/diariotextual.com\\\/inicio\\\/\"},{\"@type\":\"ListItem\",\"position\":2,\"name\":\"Muerte en la circunvalaci\u00f3n santarrose\u00f1a: el camionero ya regres\u00f3 a R\u00edo Negro\"}]},{\"@type\":\"WebSite\",\"@id\":\"https:\\\/\\\/diariotextual.com\\\/inicio\\\/#website\",\"url\":\"https:\\\/\\\/diariotextual.com\\\/inicio\\\/\",\"name\":\"Diario Textual\",\"description\":\"\",\"publisher\":{\"@id\":\"https:\\\/\\\/diariotextual.com\\\/inicio\\\/#organization\"},\"potentialAction\":[{\"@type\":\"SearchAction\",\"target\":{\"@type\":\"EntryPoint\",\"urlTemplate\":\"https:\\\/\\\/diariotextual.com\\\/inicio\\\/?s={search_term_string}\"},\"query-input\":{\"@type\":\"PropertyValueSpecification\",\"valueRequired\":true,\"valueName\":\"search_term_string\"}}],\"inLanguage\":\"es\"},{\"@type\":\"Organization\",\"@id\":\"https:\\\/\\\/diariotextual.com\\\/inicio\\\/#organization\",\"name\":\"Diario Textual\",\"url\":\"https:\\\/\\\/diariotextual.com\\\/inicio\\\/\",\"logo\":{\"@type\":\"ImageObject\",\"inLanguage\":\"es\",\"@id\":\"https:\\\/\\\/diariotextual.com\\\/inicio\\\/#\\\/schema\\\/logo\\\/image\\\/\",\"url\":\"https:\\\/\\\/diariotextual.com\\\/inicio\\\/wp-content\\\/uploads\\\/2023\\\/05\\\/logotextual1.jpg\",\"contentUrl\":\"https:\\\/\\\/diariotextual.com\\\/inicio\\\/wp-content\\\/uploads\\\/2023\\\/05\\\/logotextual1.jpg\",\"width\":516,\"height\":76,\"caption\":\"Diario Textual\"},\"image\":{\"@id\":\"https:\\\/\\\/diariotextual.com\\\/inicio\\\/#\\\/schema\\\/logo\\\/image\\\/\"},\"sameAs\":[\"https:\\\/\\\/www.facebook.com\\\/eltextual\",\"https:\\\/\\\/x.com\\\/eltextual\",\"http:\\\/\\\/www.instagram.com\\\/eltextual\"]},{\"@type\":\"Person\",\"@id\":\"https:\\\/\\\/diariotextual.com\\\/inicio\\\/#\\\/schema\\\/person\\\/418fc4093c33e86ed41562db3508f958\",\"name\":\"Diario1 Diario1\",\"image\":{\"@type\":\"ImageObject\",\"inLanguage\":\"es\",\"@id\":\"https:\\\/\\\/secure.gravatar.com\\\/avatar\\\/9167d280179c85bc18be67aa7eda765854300033af4896dd779b608640f2ef7a?s=96&d=mm&r=g\",\"url\":\"https:\\\/\\\/secure.gravatar.com\\\/avatar\\\/9167d280179c85bc18be67aa7eda765854300033af4896dd779b608640f2ef7a?s=96&d=mm&r=g\",\"contentUrl\":\"https:\\\/\\\/secure.gravatar.com\\\/avatar\\\/9167d280179c85bc18be67aa7eda765854300033af4896dd779b608640f2ef7a?s=96&d=mm&r=g\",\"caption\":\"Diario1 Diario1\"},\"url\":\"https:\\\/\\\/diariotextual.com\\\/inicio\\\/index.php\\\/author\\\/diario1\\\/\"}]}<\/script>\n<!-- \/ Yoast SEO plugin. -->","yoast_head_json":{"title":"Muerte en la circunvalaci\u00f3n santarrose\u00f1a: el camionero ya regres\u00f3 a R\u00edo Negro - Diario Textual","robots":{"index":"index","follow":"follow","max-snippet":"max-snippet:-1","max-image-preview":"max-image-preview:large","max-video-preview":"max-video-preview:-1"},"canonical":"https:\/\/diariotextual.com\/inicio\/index.php\/2020\/03\/05\/muerte-la-circunvalacion-santarrosena-camionero-ya-regreso-rio-negro\/","og_locale":"es_ES","og_type":"article","og_title":"Muerte en la circunvalaci\u00f3n santarrose\u00f1a: el camionero ya regres\u00f3 a R\u00edo Negro - Diario Textual","og_description":"El camionero que arroll\u00f3 y mat\u00f3 anoche con su Volvo a Luc\u00eda Ochoa (21 a\u00f1os) en la avenida circunvalaci\u00f3n Santiago Marzo ya regres\u00f3, luego de que se le realizara el&hellip;","og_url":"https:\/\/diariotextual.com\/inicio\/index.php\/2020\/03\/05\/muerte-la-circunvalacion-santarrosena-camionero-ya-regreso-rio-negro\/","og_site_name":"Diario Textual","article_publisher":"https:\/\/www.facebook.com\/eltextual","article_published_time":"2020-03-05T16:59:19+00:00","article_modified_time":"2020-03-06T12:47:45+00:00","og_image":[{"width":697,"height":445,"url":"https:\/\/diariotextual.com\/inicio\/wp-content\/uploads\/2020\/03\/ochoalucia2020-2.jpg","type":"image\/jpeg"}],"author":"Diario1 Diario1","twitter_card":"summary_large_image","twitter_creator":"@eltextual","twitter_site":"@eltextual","twitter_misc":{"Escrito por":"Diario1 Diario1","Tiempo de lectura":"2 minutos"},"schema":{"@context":"https:\/\/schema.org","@graph":[{"@type":"Article","@id":"https:\/\/diariotextual.com\/inicio\/index.php\/2020\/03\/05\/muerte-la-circunvalacion-santarrosena-camionero-ya-regreso-rio-negro\/#article","isPartOf":{"@id":"https:\/\/diariotextual.com\/inicio\/index.php\/2020\/03\/05\/muerte-la-circunvalacion-santarrosena-camionero-ya-regreso-rio-negro\/"},"author":{"name":"Diario1 Diario1","@id":"https:\/\/diariotextual.com\/inicio\/#\/schema\/person\/418fc4093c33e86ed41562db3508f958"},"headline":"Muerte en la circunvalaci\u00f3n santarrose\u00f1a: el camionero ya regres\u00f3 a R\u00edo Negro","datePublished":"2020-03-05T16:59:19+00:00","dateModified":"2020-03-06T12:47:45+00:00","mainEntityOfPage":{"@id":"https:\/\/diariotextual.com\/inicio\/index.php\/2020\/03\/05\/muerte-la-circunvalacion-santarrosena-camionero-ya-regreso-rio-negro\/"},"wordCount":346,"publisher":{"@id":"https:\/\/diariotextual.com\/inicio\/#organization"},"image":{"@id":"https:\/\/diariotextual.com\/inicio\/index.php\/2020\/03\/05\/muerte-la-circunvalacion-santarrosena-camionero-ya-regreso-rio-negro\/#primaryimage"},"thumbnailUrl":"https:\/\/diariotextual.com\/inicio\/wp-content\/uploads\/2020\/03\/ochoalucia2020-2.jpg","keywords":["lucia","ochoa"],"articleSection":["A - TEMPORALES","SOCIEDAD"],"inLanguage":"es"},{"@type":"WebPage","@id":"https:\/\/diariotextual.com\/inicio\/index.php\/2020\/03\/05\/muerte-la-circunvalacion-santarrosena-camionero-ya-regreso-rio-negro\/","url":"https:\/\/diariotextual.com\/inicio\/index.php\/2020\/03\/05\/muerte-la-circunvalacion-santarrosena-camionero-ya-regreso-rio-negro\/","name":"Muerte en la circunvalaci\u00f3n santarrose\u00f1a: el camionero ya regres\u00f3 a R\u00edo Negro - Diario Textual","isPartOf":{"@id":"https:\/\/diariotextual.com\/inicio\/#website"},"primaryImageOfPage":{"@id":"https:\/\/diariotextual.com\/inicio\/index.php\/2020\/03\/05\/muerte-la-circunvalacion-santarrosena-camionero-ya-regreso-rio-negro\/#primaryimage"},"image":{"@id":"https:\/\/diariotextual.com\/inicio\/index.php\/2020\/03\/05\/muerte-la-circunvalacion-santarrosena-camionero-ya-regreso-rio-negro\/#primaryimage"},"thumbnailUrl":"https:\/\/diariotextual.com\/inicio\/wp-content\/uploads\/2020\/03\/ochoalucia2020-2.jpg","datePublished":"2020-03-05T16:59:19+00:00","dateModified":"2020-03-06T12:47:45+00:00","breadcrumb":{"@id":"https:\/\/diariotextual.com\/inicio\/index.php\/2020\/03\/05\/muerte-la-circunvalacion-santarrosena-camionero-ya-regreso-rio-negro\/#breadcrumb"},"inLanguage":"es","potentialAction":[{"@type":"ReadAction","target":["https:\/\/diariotextual.com\/inicio\/index.php\/2020\/03\/05\/muerte-la-circunvalacion-santarrosena-camionero-ya-regreso-rio-negro\/"]}]},{"@type":"ImageObject","inLanguage":"es","@id":"https:\/\/diariotextual.com\/inicio\/index.php\/2020\/03\/05\/muerte-la-circunvalacion-santarrosena-camionero-ya-regreso-rio-negro\/#primaryimage","url":"https:\/\/diariotextual.com\/inicio\/wp-content\/uploads\/2020\/03\/ochoalucia2020-2.jpg","contentUrl":"https:\/\/diariotextual.com\/inicio\/wp-content\/uploads\/2020\/03\/ochoalucia2020-2.jpg","width":697,"height":445},{"@type":"BreadcrumbList","@id":"https:\/\/diariotextual.com\/inicio\/index.php\/2020\/03\/05\/muerte-la-circunvalacion-santarrosena-camionero-ya-regreso-rio-negro\/#breadcrumb","itemListElement":[{"@type":"ListItem","position":1,"name":"Portada","item":"https:\/\/diariotextual.com\/inicio\/"},{"@type":"ListItem","position":2,"name":"Muerte en la circunvalaci\u00f3n santarrose\u00f1a: el camionero ya regres\u00f3 a R\u00edo Negro"}]},{"@type":"WebSite","@id":"https:\/\/diariotextual.com\/inicio\/#website","url":"https:\/\/diariotextual.com\/inicio\/","name":"Diario Textual","description":"","publisher":{"@id":"https:\/\/diariotextual.com\/inicio\/#organization"},"potentialAction":[{"@type":"SearchAction","target":{"@type":"EntryPoint","urlTemplate":"https:\/\/diariotextual.com\/inicio\/?s={search_term_string}"},"query-input":{"@type":"PropertyValueSpecification","valueRequired":true,"valueName":"search_term_string"}}],"inLanguage":"es"},{"@type":"Organization","@id":"https:\/\/diariotextual.com\/inicio\/#organization","name":"Diario Textual","url":"https:\/\/diariotextual.com\/inicio\/","logo":{"@type":"ImageObject","inLanguage":"es","@id":"https:\/\/diariotextual.com\/inicio\/#\/schema\/logo\/image\/","url":"https:\/\/diariotextual.com\/inicio\/wp-content\/uploads\/2023\/05\/logotextual1.jpg","contentUrl":"https:\/\/diariotextual.com\/inicio\/wp-content\/uploads\/2023\/05\/logotextual1.jpg","width":516,"height":76,"caption":"Diario Textual"},"image":{"@id":"https:\/\/diariotextual.com\/inicio\/#\/schema\/logo\/image\/"},"sameAs":["https:\/\/www.facebook.com\/eltextual","https:\/\/x.com\/eltextual","http:\/\/www.instagram.com\/eltextual"]},{"@type":"Person","@id":"https:\/\/diariotextual.com\/inicio\/#\/schema\/person\/418fc4093c33e86ed41562db3508f958","name":"Diario1 Diario1","image":{"@type":"ImageObject","inLanguage":"es","@id":"https:\/\/secure.gravatar.com\/avatar\/9167d280179c85bc18be67aa7eda765854300033af4896dd779b608640f2ef7a?s=96&d=mm&r=g","url":"https:\/\/secure.gravatar.com\/avatar\/9167d280179c85bc18be67aa7eda765854300033af4896dd779b608640f2ef7a?s=96&d=mm&r=g","contentUrl":"https:\/\/secure.gravatar.com\/avatar\/9167d280179c85bc18be67aa7eda765854300033af4896dd779b608640f2ef7a?s=96&d=mm&r=g","caption":"Diario1 Diario1"},"url":"https:\/\/diariotextual.com\/inicio\/index.php\/author\/diario1\/"}]}},"_links":{"self":[{"href":"https:\/\/diariotextual.com\/inicio\/index.php\/wp-json\/wp\/v2\/posts\/82193","targetHints":{"allow":["GET"]}}],"collection":[{"href":"https:\/\/diariotextual.com\/inicio\/index.php\/wp-json\/wp\/v2\/posts"}],"about":[{"href":"https:\/\/diariotextual.com\/inicio\/index.php\/wp-json\/wp\/v2\/types\/post"}],"author":[{"embeddable":true,"href":"https:\/\/diariotextual.com\/inicio\/index.php\/wp-json\/wp\/v2\/users\/3"}],"replies":[{"embeddable":true,"href":"https:\/\/diariotextual.com\/inicio\/index.php\/wp-json\/wp\/v2\/comments?post=82193"}],"version-history":[{"count":3,"href":"https:\/\/diariotextual.com\/inicio\/index.php\/wp-json\/wp\/v2\/posts\/82193\/revisions"}],"predecessor-version":[{"id":82198,"href":"https:\/\/diariotextual.com\/inicio\/index.php\/wp-json\/wp\/v2\/posts\/82193\/revisions\/82198"}],"wp:featuredmedia":[{"embeddable":true,"href":"https:\/\/diariotextual.com\/inicio\/index.php\/wp-json\/wp\/v2\/media\/82126"}],"wp:attachment":[{"href":"https:\/\/diariotextual.com\/inicio\/index.php\/wp-json\/wp\/v2\/media?parent=82193"}],"wp:term":[{"taxonomy":"category","embeddable":true,"href":"https:\/\/diariotextual.com\/inicio\/index.php\/wp-json\/wp\/v2\/categories?post=82193"},{"taxonomy":"post_tag","embeddable":true,"href":"https:\/\/diariotextual.com\/inicio\/index.php\/wp-json\/wp\/v2\/tags?post=82193"}],"curies":[{"name":"wp","href":"https:\/\/api.w.org\/{rel}","templated":true}]}}