{"id":84176,"date":"2020-03-18T09:22:08","date_gmt":"2020-03-18T12:22:08","guid":{"rendered":"http:\/\/diariotextual.com\/inicio\/?p=84176"},"modified":"2020-03-18T09:36:13","modified_gmt":"2020-03-18T12:36:13","slug":"febrero-se-necesitaron-40-78967-no-caer-la-pobreza","status":"publish","type":"post","link":"https:\/\/diariotextual.com\/inicio\/index.php\/2020\/03\/18\/febrero-se-necesitaron-40-78967-no-caer-la-pobreza\/","title":{"rendered":"En febrero se necesitaron $40.789,67 para no caer en la pobreza"},"content":{"rendered":"<p>El Instituto Nacional de Estad\u00edstica y Censos inform\u00f3 que el costo de los productos que integran la Canasta B\u00e1sica Total (CBT)\u00a0subi\u00f3 1% en febrero, lo que determin\u00f3 que una familia conformada por dos adultos y dos hijos menores necesitara percibir\u00a0ingresos por 40.789,67 pesos para no caer en la pobreza.<\/p>\n<p>En tanto, el costo de la Canasta B\u00e1sica Alimentaria (CBA) subi\u00f3 tambi\u00e9n el 1,9% durante febrero, con lo cual una familia, integrada por dos adultos y dos menores de seis y ocho a\u00f1os, necesit\u00f3 de 16.785,8 pesos para no caer por debajo de la l\u00ednea de la indigencia.<\/p>\n<p>Seg\u00fan el informe de la dependencia oficial, la Canasta Alimentaria, que mide la evoluci\u00f3n de los\u00a0precios\u00a0de productos alimenticios necesarios para la subsistencia, y que marca el umbral por debajo del cual se cae en la l\u00ednea de indigencia,\u00a0acumul\u00f3 una suba del 7,7 % en el primer bimestre.<\/p>\n<p>La Canasta Total, que mide la necesidad de alimentos y bebidas, indumentaria y el pago de servicios,\u00a0subi\u00f3 4,7% en enero y febrero, menos que la CBA, debido a que est\u00e1n congeladas las tarifas de los servicios p\u00fablicos y el transporte.<\/p>\n<p>La \u00faltima medici\u00f3n del Indec, dada a conocer en octubre sobre datos del primer semestre del 2019, registr\u00f3 que\u00a0el 35,4% de los habitantes estaban por debajo de la l\u00ednea de la pobreza, y, dentro de ellos, el 7,7% eran indigentes.<\/p>\n<p>Estos niveles estuvieron incluso por sobre los del segundo semestre del 2018, cuando el nivel de pobreza fue del 32% y el de indigencia se ubic\u00f3 en 6,7%.<\/p>\n<p>Con una poblaci\u00f3n estimada en 45 millones de habitantes, la pobreza estar\u00eda afectando a 15,9 millones de habitantes, entre los cuales se encuentran 3,4 millones de personas estar\u00edan en la indigencia.<\/p>\n<p>La pr\u00f3xima difusi\u00f3n del\u00a0\u00edndice de la Pobreza por parte del Indec est\u00e1 prevista para el 31 de marzo y contendr\u00e1 los datos del segundo semestre del a\u00f1o pasado.<\/p>\n","protected":false},"excerpt":{"rendered":"<p>El Instituto Nacional de Estad\u00edstica y Censos inform\u00f3 que el costo de los productos que integran la Canasta B\u00e1sica Total (CBT)\u00a0subi\u00f3 1% en febrero, lo que determin\u00f3 que una familia&hellip;<\/p>\n","protected":false},"author":7,"featured_media":43200,"comment_status":"closed","ping_status":"open","sticky":false,"template":"","format":"standard","meta":{"_acf_changed":false,"footnotes":""},"categories":[11,5],"tags":[],"class_list":["post-84176","post","type-post","status-publish","format-standard","has-post-thumbnail","hentry","category-que-pasa","category-economia"],"acf":[],"yoast_head":"<!-- This site is optimized with the Yoast SEO plugin v27.5 - https:\/\/yoast.com\/product\/yoast-seo-wordpress\/ -->\n<title>En febrero se necesitaron $40.789,67 para no caer en la pobreza - Diario Textual<\/title>\n<meta name=\"robots\" content=\"index, follow, max-snippet:-1, max-image-preview:large, max-video-preview:-1\" \/>\n<link rel=\"canonical\" href=\"https:\/\/diariotextual.com\/inicio\/index.php\/2020\/03\/18\/febrero-se-necesitaron-40-78967-no-caer-la-pobreza\/\" \/>\n<meta property=\"og:locale\" content=\"es_ES\" \/>\n<meta property=\"og:type\" content=\"article\" \/>\n<meta property=\"og:title\" content=\"En febrero se necesitaron $40.789,67 para no caer en la pobreza - Diario Textual\" \/>\n<meta property=\"og:description\" content=\"El Instituto Nacional de Estad\u00edstica y Censos inform\u00f3 que el costo de los productos que integran la Canasta B\u00e1sica Total (CBT)\u00a0subi\u00f3 1% en febrero, lo que determin\u00f3 que una familia&hellip;\" \/>\n<meta property=\"og:url\" content=\"https:\/\/diariotextual.com\/inicio\/index.php\/2020\/03\/18\/febrero-se-necesitaron-40-78967-no-caer-la-pobreza\/\" \/>\n<meta property=\"og:site_name\" content=\"Diario Textual\" \/>\n<meta property=\"article:publisher\" content=\"https:\/\/www.facebook.com\/eltextual\" \/>\n<meta property=\"article:published_time\" content=\"2020-03-18T12:22:08+00:00\" \/>\n<meta property=\"article:modified_time\" content=\"2020-03-18T12:36:13+00:00\" \/>\n<meta property=\"og:image\" content=\"https:\/\/diariotextual.com\/inicio\/wp-content\/uploads\/2019\/03\/pobreza1.jpg\" \/>\n\t<meta property=\"og:image:width\" content=\"812\" \/>\n\t<meta property=\"og:image:height\" content=\"546\" \/>\n\t<meta property=\"og:image:type\" content=\"image\/jpeg\" \/>\n<meta name=\"author\" content=\"diario5\" \/>\n<meta name=\"twitter:card\" content=\"summary_large_image\" \/>\n<meta name=\"twitter:creator\" content=\"@eltextual\" \/>\n<meta name=\"twitter:site\" content=\"@eltextual\" \/>\n<meta name=\"twitter:label1\" content=\"Escrito por\" \/>\n\t<meta name=\"twitter:data1\" content=\"diario5\" \/>\n\t<meta name=\"twitter:label2\" content=\"Tiempo de lectura\" \/>\n\t<meta name=\"twitter:data2\" content=\"2 minutos\" \/>\n<script type=\"application\/ld+json\" class=\"yoast-schema-graph\">{\"@context\":\"https:\\\/\\\/schema.org\",\"@graph\":[{\"@type\":\"Article\",\"@id\":\"https:\\\/\\\/diariotextual.com\\\/inicio\\\/index.php\\\/2020\\\/03\\\/18\\\/febrero-se-necesitaron-40-78967-no-caer-la-pobreza\\\/#article\",\"isPartOf\":{\"@id\":\"https:\\\/\\\/diariotextual.com\\\/inicio\\\/index.php\\\/2020\\\/03\\\/18\\\/febrero-se-necesitaron-40-78967-no-caer-la-pobreza\\\/\"},\"author\":{\"name\":\"diario5\",\"@id\":\"https:\\\/\\\/diariotextual.com\\\/inicio\\\/#\\\/schema\\\/person\\\/c7834961ad8b29b1d9cdbf4571299067\"},\"headline\":\"En febrero se necesitaron $40.789,67 para no caer en la pobreza\",\"datePublished\":\"2020-03-18T12:22:08+00:00\",\"dateModified\":\"2020-03-18T12:36:13+00:00\",\"mainEntityOfPage\":{\"@id\":\"https:\\\/\\\/diariotextual.com\\\/inicio\\\/index.php\\\/2020\\\/03\\\/18\\\/febrero-se-necesitaron-40-78967-no-caer-la-pobreza\\\/\"},\"wordCount\":331,\"publisher\":{\"@id\":\"https:\\\/\\\/diariotextual.com\\\/inicio\\\/#organization\"},\"image\":{\"@id\":\"https:\\\/\\\/diariotextual.com\\\/inicio\\\/index.php\\\/2020\\\/03\\\/18\\\/febrero-se-necesitaron-40-78967-no-caer-la-pobreza\\\/#primaryimage\"},\"thumbnailUrl\":\"https:\\\/\\\/diariotextual.com\\\/inicio\\\/wp-content\\\/uploads\\\/2019\\\/03\\\/pobreza1.jpg\",\"articleSection\":[\"A - QUE PASA (al costado)\",\"ECONOMIA\"],\"inLanguage\":\"es\"},{\"@type\":\"WebPage\",\"@id\":\"https:\\\/\\\/diariotextual.com\\\/inicio\\\/index.php\\\/2020\\\/03\\\/18\\\/febrero-se-necesitaron-40-78967-no-caer-la-pobreza\\\/\",\"url\":\"https:\\\/\\\/diariotextual.com\\\/inicio\\\/index.php\\\/2020\\\/03\\\/18\\\/febrero-se-necesitaron-40-78967-no-caer-la-pobreza\\\/\",\"name\":\"En febrero se necesitaron $40.789,67 para no caer en la pobreza - Diario Textual\",\"isPartOf\":{\"@id\":\"https:\\\/\\\/diariotextual.com\\\/inicio\\\/#website\"},\"primaryImageOfPage\":{\"@id\":\"https:\\\/\\\/diariotextual.com\\\/inicio\\\/index.php\\\/2020\\\/03\\\/18\\\/febrero-se-necesitaron-40-78967-no-caer-la-pobreza\\\/#primaryimage\"},\"image\":{\"@id\":\"https:\\\/\\\/diariotextual.com\\\/inicio\\\/index.php\\\/2020\\\/03\\\/18\\\/febrero-se-necesitaron-40-78967-no-caer-la-pobreza\\\/#primaryimage\"},\"thumbnailUrl\":\"https:\\\/\\\/diariotextual.com\\\/inicio\\\/wp-content\\\/uploads\\\/2019\\\/03\\\/pobreza1.jpg\",\"datePublished\":\"2020-03-18T12:22:08+00:00\",\"dateModified\":\"2020-03-18T12:36:13+00:00\",\"breadcrumb\":{\"@id\":\"https:\\\/\\\/diariotextual.com\\\/inicio\\\/index.php\\\/2020\\\/03\\\/18\\\/febrero-se-necesitaron-40-78967-no-caer-la-pobreza\\\/#breadcrumb\"},\"inLanguage\":\"es\",\"potentialAction\":[{\"@type\":\"ReadAction\",\"target\":[\"https:\\\/\\\/diariotextual.com\\\/inicio\\\/index.php\\\/2020\\\/03\\\/18\\\/febrero-se-necesitaron-40-78967-no-caer-la-pobreza\\\/\"]}]},{\"@type\":\"ImageObject\",\"inLanguage\":\"es\",\"@id\":\"https:\\\/\\\/diariotextual.com\\\/inicio\\\/index.php\\\/2020\\\/03\\\/18\\\/febrero-se-necesitaron-40-78967-no-caer-la-pobreza\\\/#primaryimage\",\"url\":\"https:\\\/\\\/diariotextual.com\\\/inicio\\\/wp-content\\\/uploads\\\/2019\\\/03\\\/pobreza1.jpg\",\"contentUrl\":\"https:\\\/\\\/diariotextual.com\\\/inicio\\\/wp-content\\\/uploads\\\/2019\\\/03\\\/pobreza1.jpg\",\"width\":812,\"height\":546},{\"@type\":\"BreadcrumbList\",\"@id\":\"https:\\\/\\\/diariotextual.com\\\/inicio\\\/index.php\\\/2020\\\/03\\\/18\\\/febrero-se-necesitaron-40-78967-no-caer-la-pobreza\\\/#breadcrumb\",\"itemListElement\":[{\"@type\":\"ListItem\",\"position\":1,\"name\":\"Portada\",\"item\":\"https:\\\/\\\/diariotextual.com\\\/inicio\\\/\"},{\"@type\":\"ListItem\",\"position\":2,\"name\":\"En febrero se necesitaron $40.789,67 para no caer en la pobreza\"}]},{\"@type\":\"WebSite\",\"@id\":\"https:\\\/\\\/diariotextual.com\\\/inicio\\\/#website\",\"url\":\"https:\\\/\\\/diariotextual.com\\\/inicio\\\/\",\"name\":\"Diario Textual\",\"description\":\"\",\"publisher\":{\"@id\":\"https:\\\/\\\/diariotextual.com\\\/inicio\\\/#organization\"},\"potentialAction\":[{\"@type\":\"SearchAction\",\"target\":{\"@type\":\"EntryPoint\",\"urlTemplate\":\"https:\\\/\\\/diariotextual.com\\\/inicio\\\/?s={search_term_string}\"},\"query-input\":{\"@type\":\"PropertyValueSpecification\",\"valueRequired\":true,\"valueName\":\"search_term_string\"}}],\"inLanguage\":\"es\"},{\"@type\":\"Organization\",\"@id\":\"https:\\\/\\\/diariotextual.com\\\/inicio\\\/#organization\",\"name\":\"Diario Textual\",\"url\":\"https:\\\/\\\/diariotextual.com\\\/inicio\\\/\",\"logo\":{\"@type\":\"ImageObject\",\"inLanguage\":\"es\",\"@id\":\"https:\\\/\\\/diariotextual.com\\\/inicio\\\/#\\\/schema\\\/logo\\\/image\\\/\",\"url\":\"https:\\\/\\\/diariotextual.com\\\/inicio\\\/wp-content\\\/uploads\\\/2023\\\/05\\\/logotextual1.jpg\",\"contentUrl\":\"https:\\\/\\\/diariotextual.com\\\/inicio\\\/wp-content\\\/uploads\\\/2023\\\/05\\\/logotextual1.jpg\",\"width\":516,\"height\":76,\"caption\":\"Diario Textual\"},\"image\":{\"@id\":\"https:\\\/\\\/diariotextual.com\\\/inicio\\\/#\\\/schema\\\/logo\\\/image\\\/\"},\"sameAs\":[\"https:\\\/\\\/www.facebook.com\\\/eltextual\",\"https:\\\/\\\/x.com\\\/eltextual\",\"http:\\\/\\\/www.instagram.com\\\/eltextual\"]},{\"@type\":\"Person\",\"@id\":\"https:\\\/\\\/diariotextual.com\\\/inicio\\\/#\\\/schema\\\/person\\\/c7834961ad8b29b1d9cdbf4571299067\",\"name\":\"diario5\",\"image\":{\"@type\":\"ImageObject\",\"inLanguage\":\"es\",\"@id\":\"https:\\\/\\\/secure.gravatar.com\\\/avatar\\\/948c893b847ca6df68216ead81b63f363408ec9b0f600fefc0641ce78613b111?s=96&d=mm&r=g\",\"url\":\"https:\\\/\\\/secure.gravatar.com\\\/avatar\\\/948c893b847ca6df68216ead81b63f363408ec9b0f600fefc0641ce78613b111?s=96&d=mm&r=g\",\"contentUrl\":\"https:\\\/\\\/secure.gravatar.com\\\/avatar\\\/948c893b847ca6df68216ead81b63f363408ec9b0f600fefc0641ce78613b111?s=96&d=mm&r=g\",\"caption\":\"diario5\"},\"url\":\"https:\\\/\\\/diariotextual.com\\\/inicio\\\/index.php\\\/author\\\/diario5\\\/\"}]}<\/script>\n<!-- \/ Yoast SEO plugin. -->","yoast_head_json":{"title":"En febrero se necesitaron $40.789,67 para no caer en la pobreza - Diario Textual","robots":{"index":"index","follow":"follow","max-snippet":"max-snippet:-1","max-image-preview":"max-image-preview:large","max-video-preview":"max-video-preview:-1"},"canonical":"https:\/\/diariotextual.com\/inicio\/index.php\/2020\/03\/18\/febrero-se-necesitaron-40-78967-no-caer-la-pobreza\/","og_locale":"es_ES","og_type":"article","og_title":"En febrero se necesitaron $40.789,67 para no caer en la pobreza - Diario Textual","og_description":"El Instituto Nacional de Estad\u00edstica y Censos inform\u00f3 que el costo de los productos que integran la Canasta B\u00e1sica Total (CBT)\u00a0subi\u00f3 1% en febrero, lo que determin\u00f3 que una familia&hellip;","og_url":"https:\/\/diariotextual.com\/inicio\/index.php\/2020\/03\/18\/febrero-se-necesitaron-40-78967-no-caer-la-pobreza\/","og_site_name":"Diario Textual","article_publisher":"https:\/\/www.facebook.com\/eltextual","article_published_time":"2020-03-18T12:22:08+00:00","article_modified_time":"2020-03-18T12:36:13+00:00","og_image":[{"width":812,"height":546,"url":"https:\/\/diariotextual.com\/inicio\/wp-content\/uploads\/2019\/03\/pobreza1.jpg","type":"image\/jpeg"}],"author":"diario5","twitter_card":"summary_large_image","twitter_creator":"@eltextual","twitter_site":"@eltextual","twitter_misc":{"Escrito por":"diario5","Tiempo de lectura":"2 minutos"},"schema":{"@context":"https:\/\/schema.org","@graph":[{"@type":"Article","@id":"https:\/\/diariotextual.com\/inicio\/index.php\/2020\/03\/18\/febrero-se-necesitaron-40-78967-no-caer-la-pobreza\/#article","isPartOf":{"@id":"https:\/\/diariotextual.com\/inicio\/index.php\/2020\/03\/18\/febrero-se-necesitaron-40-78967-no-caer-la-pobreza\/"},"author":{"name":"diario5","@id":"https:\/\/diariotextual.com\/inicio\/#\/schema\/person\/c7834961ad8b29b1d9cdbf4571299067"},"headline":"En febrero se necesitaron $40.789,67 para no caer en la pobreza","datePublished":"2020-03-18T12:22:08+00:00","dateModified":"2020-03-18T12:36:13+00:00","mainEntityOfPage":{"@id":"https:\/\/diariotextual.com\/inicio\/index.php\/2020\/03\/18\/febrero-se-necesitaron-40-78967-no-caer-la-pobreza\/"},"wordCount":331,"publisher":{"@id":"https:\/\/diariotextual.com\/inicio\/#organization"},"image":{"@id":"https:\/\/diariotextual.com\/inicio\/index.php\/2020\/03\/18\/febrero-se-necesitaron-40-78967-no-caer-la-pobreza\/#primaryimage"},"thumbnailUrl":"https:\/\/diariotextual.com\/inicio\/wp-content\/uploads\/2019\/03\/pobreza1.jpg","articleSection":["A - QUE PASA (al costado)","ECONOMIA"],"inLanguage":"es"},{"@type":"WebPage","@id":"https:\/\/diariotextual.com\/inicio\/index.php\/2020\/03\/18\/febrero-se-necesitaron-40-78967-no-caer-la-pobreza\/","url":"https:\/\/diariotextual.com\/inicio\/index.php\/2020\/03\/18\/febrero-se-necesitaron-40-78967-no-caer-la-pobreza\/","name":"En febrero se necesitaron $40.789,67 para no caer en la pobreza - Diario Textual","isPartOf":{"@id":"https:\/\/diariotextual.com\/inicio\/#website"},"primaryImageOfPage":{"@id":"https:\/\/diariotextual.com\/inicio\/index.php\/2020\/03\/18\/febrero-se-necesitaron-40-78967-no-caer-la-pobreza\/#primaryimage"},"image":{"@id":"https:\/\/diariotextual.com\/inicio\/index.php\/2020\/03\/18\/febrero-se-necesitaron-40-78967-no-caer-la-pobreza\/#primaryimage"},"thumbnailUrl":"https:\/\/diariotextual.com\/inicio\/wp-content\/uploads\/2019\/03\/pobreza1.jpg","datePublished":"2020-03-18T12:22:08+00:00","dateModified":"2020-03-18T12:36:13+00:00","breadcrumb":{"@id":"https:\/\/diariotextual.com\/inicio\/index.php\/2020\/03\/18\/febrero-se-necesitaron-40-78967-no-caer-la-pobreza\/#breadcrumb"},"inLanguage":"es","potentialAction":[{"@type":"ReadAction","target":["https:\/\/diariotextual.com\/inicio\/index.php\/2020\/03\/18\/febrero-se-necesitaron-40-78967-no-caer-la-pobreza\/"]}]},{"@type":"ImageObject","inLanguage":"es","@id":"https:\/\/diariotextual.com\/inicio\/index.php\/2020\/03\/18\/febrero-se-necesitaron-40-78967-no-caer-la-pobreza\/#primaryimage","url":"https:\/\/diariotextual.com\/inicio\/wp-content\/uploads\/2019\/03\/pobreza1.jpg","contentUrl":"https:\/\/diariotextual.com\/inicio\/wp-content\/uploads\/2019\/03\/pobreza1.jpg","width":812,"height":546},{"@type":"BreadcrumbList","@id":"https:\/\/diariotextual.com\/inicio\/index.php\/2020\/03\/18\/febrero-se-necesitaron-40-78967-no-caer-la-pobreza\/#breadcrumb","itemListElement":[{"@type":"ListItem","position":1,"name":"Portada","item":"https:\/\/diariotextual.com\/inicio\/"},{"@type":"ListItem","position":2,"name":"En febrero se necesitaron $40.789,67 para no caer en la pobreza"}]},{"@type":"WebSite","@id":"https:\/\/diariotextual.com\/inicio\/#website","url":"https:\/\/diariotextual.com\/inicio\/","name":"Diario Textual","description":"","publisher":{"@id":"https:\/\/diariotextual.com\/inicio\/#organization"},"potentialAction":[{"@type":"SearchAction","target":{"@type":"EntryPoint","urlTemplate":"https:\/\/diariotextual.com\/inicio\/?s={search_term_string}"},"query-input":{"@type":"PropertyValueSpecification","valueRequired":true,"valueName":"search_term_string"}}],"inLanguage":"es"},{"@type":"Organization","@id":"https:\/\/diariotextual.com\/inicio\/#organization","name":"Diario Textual","url":"https:\/\/diariotextual.com\/inicio\/","logo":{"@type":"ImageObject","inLanguage":"es","@id":"https:\/\/diariotextual.com\/inicio\/#\/schema\/logo\/image\/","url":"https:\/\/diariotextual.com\/inicio\/wp-content\/uploads\/2023\/05\/logotextual1.jpg","contentUrl":"https:\/\/diariotextual.com\/inicio\/wp-content\/uploads\/2023\/05\/logotextual1.jpg","width":516,"height":76,"caption":"Diario Textual"},"image":{"@id":"https:\/\/diariotextual.com\/inicio\/#\/schema\/logo\/image\/"},"sameAs":["https:\/\/www.facebook.com\/eltextual","https:\/\/x.com\/eltextual","http:\/\/www.instagram.com\/eltextual"]},{"@type":"Person","@id":"https:\/\/diariotextual.com\/inicio\/#\/schema\/person\/c7834961ad8b29b1d9cdbf4571299067","name":"diario5","image":{"@type":"ImageObject","inLanguage":"es","@id":"https:\/\/secure.gravatar.com\/avatar\/948c893b847ca6df68216ead81b63f363408ec9b0f600fefc0641ce78613b111?s=96&d=mm&r=g","url":"https:\/\/secure.gravatar.com\/avatar\/948c893b847ca6df68216ead81b63f363408ec9b0f600fefc0641ce78613b111?s=96&d=mm&r=g","contentUrl":"https:\/\/secure.gravatar.com\/avatar\/948c893b847ca6df68216ead81b63f363408ec9b0f600fefc0641ce78613b111?s=96&d=mm&r=g","caption":"diario5"},"url":"https:\/\/diariotextual.com\/inicio\/index.php\/author\/diario5\/"}]}},"_links":{"self":[{"href":"https:\/\/diariotextual.com\/inicio\/index.php\/wp-json\/wp\/v2\/posts\/84176","targetHints":{"allow":["GET"]}}],"collection":[{"href":"https:\/\/diariotextual.com\/inicio\/index.php\/wp-json\/wp\/v2\/posts"}],"about":[{"href":"https:\/\/diariotextual.com\/inicio\/index.php\/wp-json\/wp\/v2\/types\/post"}],"author":[{"embeddable":true,"href":"https:\/\/diariotextual.com\/inicio\/index.php\/wp-json\/wp\/v2\/users\/7"}],"replies":[{"embeddable":true,"href":"https:\/\/diariotextual.com\/inicio\/index.php\/wp-json\/wp\/v2\/comments?post=84176"}],"version-history":[{"count":1,"href":"https:\/\/diariotextual.com\/inicio\/index.php\/wp-json\/wp\/v2\/posts\/84176\/revisions"}],"predecessor-version":[{"id":84177,"href":"https:\/\/diariotextual.com\/inicio\/index.php\/wp-json\/wp\/v2\/posts\/84176\/revisions\/84177"}],"wp:featuredmedia":[{"embeddable":true,"href":"https:\/\/diariotextual.com\/inicio\/index.php\/wp-json\/wp\/v2\/media\/43200"}],"wp:attachment":[{"href":"https:\/\/diariotextual.com\/inicio\/index.php\/wp-json\/wp\/v2\/media?parent=84176"}],"wp:term":[{"taxonomy":"category","embeddable":true,"href":"https:\/\/diariotextual.com\/inicio\/index.php\/wp-json\/wp\/v2\/categories?post=84176"},{"taxonomy":"post_tag","embeddable":true,"href":"https:\/\/diariotextual.com\/inicio\/index.php\/wp-json\/wp\/v2\/tags?post=84176"}],"curies":[{"name":"wp","href":"https:\/\/api.w.org\/{rel}","templated":true}]}}