{"id":84204,"date":"2020-03-18T10:19:27","date_gmt":"2020-03-18T13:19:27","guid":{"rendered":"http:\/\/diariotextual.com\/inicio\/?p=84204"},"modified":"2020-03-18T13:20:55","modified_gmt":"2020-03-18T16:20:55","slug":"diputada-una-prorroga-tributaria-amortiguar-impacto-economico-del-coronavirus","status":"publish","type":"post","link":"https:\/\/diariotextual.com\/inicio\/index.php\/2020\/03\/18\/diputada-una-prorroga-tributaria-amortiguar-impacto-economico-del-coronavirus\/","title":{"rendered":"Diputada propone una pr\u00f3rroga tributaria para amortiguar el impacto econ\u00f3mico del coronavirus"},"content":{"rendered":"<p>La diputada provincial <strong>Lorena Clara (UCR)<\/strong> present\u00f3, en el marco de la emergencia por el <strong>coronavirus<\/strong>, un proyecto de ley para disponer una <strong>pr\u00f3rroga tributaria<\/strong> como medida de apoyo financiero transitorio y <strong>difiriendo por seis meses los vencimientos de pago de impuestos provinciales para industrias, explotaciones agropecuarias, pymes, aut\u00f3nomos y monotributistas.<\/strong> Dicho aplazamiento no devengar\u00e1 intereses de demora.<\/p>\n<p>\u00abSi bien es l\u00f3gico que los esfuerzos del Gobierno provincial se dirijan a proteger la salud de la poblaci\u00f3n por razones de p\u00fablico conocimiento, se evidenci\u00f3 en toda la provincia una creciente preocupaci\u00f3n de diversos sectores, principalmente vinculados a servicios, transportes y comercios, que contin\u00faan con sus actividades pero que en pocos d\u00edas han comenzado a percibir un notable impacto en sus ingresos\u00bb, fundament\u00f3 la legisladora.<\/p>\n<p>\u00abAnte la falta de datos concretos, el escenario aconseja diferir las obligaciones tributarias por el momento y no condonarlas. Claro est\u00e1 que las medidas de apoyo fiscal tienen un impacto inmediato\u00bb, sostuvo.<\/p>\n<p>\u00abEsta pr\u00f3rroga tributaria pretende morigerar un impacto econ\u00f3mico negativo que se proyecta sobre esos sectores afectados, contribuyendo al incremento de liquidez y evitar posibles tensiones sociales que puedan experimentar estos colectivos\u00bb, afirm\u00f3.<\/p>\n<p>El proyecto incluye a los beneficiarios de cr\u00e9ditos cuyo acreedor sea el Estado provincial quienes podr\u00e1n solicitar tambi\u00e9n dicho aplazamiento de sus reembolsos cuando la crisis sanitaria actual haya originado en dichos beneficiarios periodos de inactividad,\u00a0reducci\u00f3n en el volumen de las ventas o interrupciones en el suministro en la cadena de valor que les dificulte o impida atender al pago de la misma.<\/p>\n<p>\u00abEs importante recalcar que la naturaleza excepcional y urgente de la crisis justifica\u00a0 la transitoriedad de las medidas expuestas, que pretenden asegurar que las ayudas estatales puedan fluir a las empresas, comercios y trabajadores independientes que las necesiten\u00bb, dijo.<\/p>\n<p>\u00abLos aplazamientos de las obligaciones tributarias y de reembolso de cr\u00e9ditos por seis meses y sin intereses son medidas de r\u00e1pida implementaci\u00f3n e inequ\u00edvocamente inyectar\u00e1n dinero en el sistema y descomprimir\u00e1 situaciones de tensi\u00f3n con los sectores afectados\u00bb, agreg\u00f3.<\/p>\n<p>&nbsp;<\/p>\n","protected":false},"excerpt":{"rendered":"<p>La diputada provincial Lorena Clara (UCR) present\u00f3, en el marco de la emergencia por el coronavirus, un proyecto de ley para disponer una pr\u00f3rroga tributaria como medida de apoyo financiero&hellip;<\/p>\n","protected":false},"author":7,"featured_media":14627,"comment_status":"closed","ping_status":"open","sticky":false,"template":"","format":"standard","meta":{"_acf_changed":false,"footnotes":""},"categories":[11,5],"tags":[],"class_list":["post-84204","post","type-post","status-publish","format-standard","has-post-thumbnail","hentry","category-que-pasa","category-economia"],"acf":[],"yoast_head":"<!-- This site is optimized with the Yoast SEO plugin v27.5 - https:\/\/yoast.com\/product\/yoast-seo-wordpress\/ -->\n<title>Diputada propone una pr\u00f3rroga tributaria para amortiguar el impacto econ\u00f3mico del coronavirus - Diario Textual<\/title>\n<meta name=\"robots\" content=\"index, follow, max-snippet:-1, max-image-preview:large, max-video-preview:-1\" \/>\n<link rel=\"canonical\" href=\"https:\/\/diariotextual.com\/inicio\/index.php\/2020\/03\/18\/diputada-una-prorroga-tributaria-amortiguar-impacto-economico-del-coronavirus\/\" \/>\n<meta property=\"og:locale\" content=\"es_ES\" \/>\n<meta property=\"og:type\" content=\"article\" \/>\n<meta property=\"og:title\" content=\"Diputada propone una pr\u00f3rroga tributaria para amortiguar el impacto econ\u00f3mico del coronavirus - Diario Textual\" \/>\n<meta property=\"og:description\" content=\"La diputada provincial Lorena Clara (UCR) present\u00f3, en el marco de la emergencia por el coronavirus, un proyecto de ley para disponer una pr\u00f3rroga tributaria como medida de apoyo financiero&hellip;\" \/>\n<meta property=\"og:url\" content=\"https:\/\/diariotextual.com\/inicio\/index.php\/2020\/03\/18\/diputada-una-prorroga-tributaria-amortiguar-impacto-economico-del-coronavirus\/\" \/>\n<meta property=\"og:site_name\" content=\"Diario Textual\" \/>\n<meta property=\"article:publisher\" content=\"https:\/\/www.facebook.com\/eltextual\" \/>\n<meta property=\"article:published_time\" content=\"2020-03-18T13:19:27+00:00\" \/>\n<meta property=\"article:modified_time\" content=\"2020-03-18T16:20:55+00:00\" \/>\n<meta property=\"og:image\" content=\"https:\/\/diariotextual.com\/inicio\/wp-content\/uploads\/2018\/07\/indecactividadeconomicaempleotrabajo1.jpg\" \/>\n\t<meta property=\"og:image:width\" content=\"626\" \/>\n\t<meta property=\"og:image:height\" content=\"405\" \/>\n\t<meta property=\"og:image:type\" content=\"image\/jpeg\" \/>\n<meta name=\"author\" content=\"diario5\" \/>\n<meta name=\"twitter:card\" content=\"summary_large_image\" \/>\n<meta name=\"twitter:creator\" content=\"@eltextual\" \/>\n<meta name=\"twitter:site\" content=\"@eltextual\" \/>\n<meta name=\"twitter:label1\" content=\"Escrito por\" \/>\n\t<meta name=\"twitter:data1\" content=\"diario5\" \/>\n\t<meta name=\"twitter:label2\" content=\"Tiempo de lectura\" \/>\n\t<meta name=\"twitter:data2\" content=\"2 minutos\" \/>\n<script type=\"application\/ld+json\" class=\"yoast-schema-graph\">{\"@context\":\"https:\\\/\\\/schema.org\",\"@graph\":[{\"@type\":\"Article\",\"@id\":\"https:\\\/\\\/diariotextual.com\\\/inicio\\\/index.php\\\/2020\\\/03\\\/18\\\/diputada-una-prorroga-tributaria-amortiguar-impacto-economico-del-coronavirus\\\/#article\",\"isPartOf\":{\"@id\":\"https:\\\/\\\/diariotextual.com\\\/inicio\\\/index.php\\\/2020\\\/03\\\/18\\\/diputada-una-prorroga-tributaria-amortiguar-impacto-economico-del-coronavirus\\\/\"},\"author\":{\"name\":\"diario5\",\"@id\":\"https:\\\/\\\/diariotextual.com\\\/inicio\\\/#\\\/schema\\\/person\\\/c7834961ad8b29b1d9cdbf4571299067\"},\"headline\":\"Diputada propone una pr\u00f3rroga tributaria para amortiguar el impacto econ\u00f3mico del coronavirus\",\"datePublished\":\"2020-03-18T13:19:27+00:00\",\"dateModified\":\"2020-03-18T16:20:55+00:00\",\"mainEntityOfPage\":{\"@id\":\"https:\\\/\\\/diariotextual.com\\\/inicio\\\/index.php\\\/2020\\\/03\\\/18\\\/diputada-una-prorroga-tributaria-amortiguar-impacto-economico-del-coronavirus\\\/\"},\"wordCount\":365,\"publisher\":{\"@id\":\"https:\\\/\\\/diariotextual.com\\\/inicio\\\/#organization\"},\"image\":{\"@id\":\"https:\\\/\\\/diariotextual.com\\\/inicio\\\/index.php\\\/2020\\\/03\\\/18\\\/diputada-una-prorroga-tributaria-amortiguar-impacto-economico-del-coronavirus\\\/#primaryimage\"},\"thumbnailUrl\":\"https:\\\/\\\/diariotextual.com\\\/inicio\\\/wp-content\\\/uploads\\\/2018\\\/07\\\/indecactividadeconomicaempleotrabajo1.jpg\",\"articleSection\":[\"A - QUE PASA (al costado)\",\"ECONOMIA\"],\"inLanguage\":\"es\"},{\"@type\":\"WebPage\",\"@id\":\"https:\\\/\\\/diariotextual.com\\\/inicio\\\/index.php\\\/2020\\\/03\\\/18\\\/diputada-una-prorroga-tributaria-amortiguar-impacto-economico-del-coronavirus\\\/\",\"url\":\"https:\\\/\\\/diariotextual.com\\\/inicio\\\/index.php\\\/2020\\\/03\\\/18\\\/diputada-una-prorroga-tributaria-amortiguar-impacto-economico-del-coronavirus\\\/\",\"name\":\"Diputada propone una pr\u00f3rroga tributaria para amortiguar el impacto econ\u00f3mico del coronavirus - Diario Textual\",\"isPartOf\":{\"@id\":\"https:\\\/\\\/diariotextual.com\\\/inicio\\\/#website\"},\"primaryImageOfPage\":{\"@id\":\"https:\\\/\\\/diariotextual.com\\\/inicio\\\/index.php\\\/2020\\\/03\\\/18\\\/diputada-una-prorroga-tributaria-amortiguar-impacto-economico-del-coronavirus\\\/#primaryimage\"},\"image\":{\"@id\":\"https:\\\/\\\/diariotextual.com\\\/inicio\\\/index.php\\\/2020\\\/03\\\/18\\\/diputada-una-prorroga-tributaria-amortiguar-impacto-economico-del-coronavirus\\\/#primaryimage\"},\"thumbnailUrl\":\"https:\\\/\\\/diariotextual.com\\\/inicio\\\/wp-content\\\/uploads\\\/2018\\\/07\\\/indecactividadeconomicaempleotrabajo1.jpg\",\"datePublished\":\"2020-03-18T13:19:27+00:00\",\"dateModified\":\"2020-03-18T16:20:55+00:00\",\"breadcrumb\":{\"@id\":\"https:\\\/\\\/diariotextual.com\\\/inicio\\\/index.php\\\/2020\\\/03\\\/18\\\/diputada-una-prorroga-tributaria-amortiguar-impacto-economico-del-coronavirus\\\/#breadcrumb\"},\"inLanguage\":\"es\",\"potentialAction\":[{\"@type\":\"ReadAction\",\"target\":[\"https:\\\/\\\/diariotextual.com\\\/inicio\\\/index.php\\\/2020\\\/03\\\/18\\\/diputada-una-prorroga-tributaria-amortiguar-impacto-economico-del-coronavirus\\\/\"]}]},{\"@type\":\"ImageObject\",\"inLanguage\":\"es\",\"@id\":\"https:\\\/\\\/diariotextual.com\\\/inicio\\\/index.php\\\/2020\\\/03\\\/18\\\/diputada-una-prorroga-tributaria-amortiguar-impacto-economico-del-coronavirus\\\/#primaryimage\",\"url\":\"https:\\\/\\\/diariotextual.com\\\/inicio\\\/wp-content\\\/uploads\\\/2018\\\/07\\\/indecactividadeconomicaempleotrabajo1.jpg\",\"contentUrl\":\"https:\\\/\\\/diariotextual.com\\\/inicio\\\/wp-content\\\/uploads\\\/2018\\\/07\\\/indecactividadeconomicaempleotrabajo1.jpg\",\"width\":626,\"height\":405},{\"@type\":\"BreadcrumbList\",\"@id\":\"https:\\\/\\\/diariotextual.com\\\/inicio\\\/index.php\\\/2020\\\/03\\\/18\\\/diputada-una-prorroga-tributaria-amortiguar-impacto-economico-del-coronavirus\\\/#breadcrumb\",\"itemListElement\":[{\"@type\":\"ListItem\",\"position\":1,\"name\":\"Portada\",\"item\":\"https:\\\/\\\/diariotextual.com\\\/inicio\\\/\"},{\"@type\":\"ListItem\",\"position\":2,\"name\":\"Diputada propone una pr\u00f3rroga tributaria para amortiguar el impacto econ\u00f3mico del coronavirus\"}]},{\"@type\":\"WebSite\",\"@id\":\"https:\\\/\\\/diariotextual.com\\\/inicio\\\/#website\",\"url\":\"https:\\\/\\\/diariotextual.com\\\/inicio\\\/\",\"name\":\"Diario Textual\",\"description\":\"\",\"publisher\":{\"@id\":\"https:\\\/\\\/diariotextual.com\\\/inicio\\\/#organization\"},\"potentialAction\":[{\"@type\":\"SearchAction\",\"target\":{\"@type\":\"EntryPoint\",\"urlTemplate\":\"https:\\\/\\\/diariotextual.com\\\/inicio\\\/?s={search_term_string}\"},\"query-input\":{\"@type\":\"PropertyValueSpecification\",\"valueRequired\":true,\"valueName\":\"search_term_string\"}}],\"inLanguage\":\"es\"},{\"@type\":\"Organization\",\"@id\":\"https:\\\/\\\/diariotextual.com\\\/inicio\\\/#organization\",\"name\":\"Diario Textual\",\"url\":\"https:\\\/\\\/diariotextual.com\\\/inicio\\\/\",\"logo\":{\"@type\":\"ImageObject\",\"inLanguage\":\"es\",\"@id\":\"https:\\\/\\\/diariotextual.com\\\/inicio\\\/#\\\/schema\\\/logo\\\/image\\\/\",\"url\":\"https:\\\/\\\/diariotextual.com\\\/inicio\\\/wp-content\\\/uploads\\\/2023\\\/05\\\/logotextual1.jpg\",\"contentUrl\":\"https:\\\/\\\/diariotextual.com\\\/inicio\\\/wp-content\\\/uploads\\\/2023\\\/05\\\/logotextual1.jpg\",\"width\":516,\"height\":76,\"caption\":\"Diario Textual\"},\"image\":{\"@id\":\"https:\\\/\\\/diariotextual.com\\\/inicio\\\/#\\\/schema\\\/logo\\\/image\\\/\"},\"sameAs\":[\"https:\\\/\\\/www.facebook.com\\\/eltextual\",\"https:\\\/\\\/x.com\\\/eltextual\",\"http:\\\/\\\/www.instagram.com\\\/eltextual\"]},{\"@type\":\"Person\",\"@id\":\"https:\\\/\\\/diariotextual.com\\\/inicio\\\/#\\\/schema\\\/person\\\/c7834961ad8b29b1d9cdbf4571299067\",\"name\":\"diario5\",\"image\":{\"@type\":\"ImageObject\",\"inLanguage\":\"es\",\"@id\":\"https:\\\/\\\/secure.gravatar.com\\\/avatar\\\/948c893b847ca6df68216ead81b63f363408ec9b0f600fefc0641ce78613b111?s=96&d=mm&r=g\",\"url\":\"https:\\\/\\\/secure.gravatar.com\\\/avatar\\\/948c893b847ca6df68216ead81b63f363408ec9b0f600fefc0641ce78613b111?s=96&d=mm&r=g\",\"contentUrl\":\"https:\\\/\\\/secure.gravatar.com\\\/avatar\\\/948c893b847ca6df68216ead81b63f363408ec9b0f600fefc0641ce78613b111?s=96&d=mm&r=g\",\"caption\":\"diario5\"},\"url\":\"https:\\\/\\\/diariotextual.com\\\/inicio\\\/index.php\\\/author\\\/diario5\\\/\"}]}<\/script>\n<!-- \/ Yoast SEO plugin. -->","yoast_head_json":{"title":"Diputada propone una pr\u00f3rroga tributaria para amortiguar el impacto econ\u00f3mico del coronavirus - Diario Textual","robots":{"index":"index","follow":"follow","max-snippet":"max-snippet:-1","max-image-preview":"max-image-preview:large","max-video-preview":"max-video-preview:-1"},"canonical":"https:\/\/diariotextual.com\/inicio\/index.php\/2020\/03\/18\/diputada-una-prorroga-tributaria-amortiguar-impacto-economico-del-coronavirus\/","og_locale":"es_ES","og_type":"article","og_title":"Diputada propone una pr\u00f3rroga tributaria para amortiguar el impacto econ\u00f3mico del coronavirus - Diario Textual","og_description":"La diputada provincial Lorena Clara (UCR) present\u00f3, en el marco de la emergencia por el coronavirus, un proyecto de ley para disponer una pr\u00f3rroga tributaria como medida de apoyo financiero&hellip;","og_url":"https:\/\/diariotextual.com\/inicio\/index.php\/2020\/03\/18\/diputada-una-prorroga-tributaria-amortiguar-impacto-economico-del-coronavirus\/","og_site_name":"Diario Textual","article_publisher":"https:\/\/www.facebook.com\/eltextual","article_published_time":"2020-03-18T13:19:27+00:00","article_modified_time":"2020-03-18T16:20:55+00:00","og_image":[{"width":626,"height":405,"url":"https:\/\/diariotextual.com\/inicio\/wp-content\/uploads\/2018\/07\/indecactividadeconomicaempleotrabajo1.jpg","type":"image\/jpeg"}],"author":"diario5","twitter_card":"summary_large_image","twitter_creator":"@eltextual","twitter_site":"@eltextual","twitter_misc":{"Escrito por":"diario5","Tiempo de lectura":"2 minutos"},"schema":{"@context":"https:\/\/schema.org","@graph":[{"@type":"Article","@id":"https:\/\/diariotextual.com\/inicio\/index.php\/2020\/03\/18\/diputada-una-prorroga-tributaria-amortiguar-impacto-economico-del-coronavirus\/#article","isPartOf":{"@id":"https:\/\/diariotextual.com\/inicio\/index.php\/2020\/03\/18\/diputada-una-prorroga-tributaria-amortiguar-impacto-economico-del-coronavirus\/"},"author":{"name":"diario5","@id":"https:\/\/diariotextual.com\/inicio\/#\/schema\/person\/c7834961ad8b29b1d9cdbf4571299067"},"headline":"Diputada propone una pr\u00f3rroga tributaria para amortiguar el impacto econ\u00f3mico del coronavirus","datePublished":"2020-03-18T13:19:27+00:00","dateModified":"2020-03-18T16:20:55+00:00","mainEntityOfPage":{"@id":"https:\/\/diariotextual.com\/inicio\/index.php\/2020\/03\/18\/diputada-una-prorroga-tributaria-amortiguar-impacto-economico-del-coronavirus\/"},"wordCount":365,"publisher":{"@id":"https:\/\/diariotextual.com\/inicio\/#organization"},"image":{"@id":"https:\/\/diariotextual.com\/inicio\/index.php\/2020\/03\/18\/diputada-una-prorroga-tributaria-amortiguar-impacto-economico-del-coronavirus\/#primaryimage"},"thumbnailUrl":"https:\/\/diariotextual.com\/inicio\/wp-content\/uploads\/2018\/07\/indecactividadeconomicaempleotrabajo1.jpg","articleSection":["A - QUE PASA (al costado)","ECONOMIA"],"inLanguage":"es"},{"@type":"WebPage","@id":"https:\/\/diariotextual.com\/inicio\/index.php\/2020\/03\/18\/diputada-una-prorroga-tributaria-amortiguar-impacto-economico-del-coronavirus\/","url":"https:\/\/diariotextual.com\/inicio\/index.php\/2020\/03\/18\/diputada-una-prorroga-tributaria-amortiguar-impacto-economico-del-coronavirus\/","name":"Diputada propone una pr\u00f3rroga tributaria para amortiguar el impacto econ\u00f3mico del coronavirus - Diario Textual","isPartOf":{"@id":"https:\/\/diariotextual.com\/inicio\/#website"},"primaryImageOfPage":{"@id":"https:\/\/diariotextual.com\/inicio\/index.php\/2020\/03\/18\/diputada-una-prorroga-tributaria-amortiguar-impacto-economico-del-coronavirus\/#primaryimage"},"image":{"@id":"https:\/\/diariotextual.com\/inicio\/index.php\/2020\/03\/18\/diputada-una-prorroga-tributaria-amortiguar-impacto-economico-del-coronavirus\/#primaryimage"},"thumbnailUrl":"https:\/\/diariotextual.com\/inicio\/wp-content\/uploads\/2018\/07\/indecactividadeconomicaempleotrabajo1.jpg","datePublished":"2020-03-18T13:19:27+00:00","dateModified":"2020-03-18T16:20:55+00:00","breadcrumb":{"@id":"https:\/\/diariotextual.com\/inicio\/index.php\/2020\/03\/18\/diputada-una-prorroga-tributaria-amortiguar-impacto-economico-del-coronavirus\/#breadcrumb"},"inLanguage":"es","potentialAction":[{"@type":"ReadAction","target":["https:\/\/diariotextual.com\/inicio\/index.php\/2020\/03\/18\/diputada-una-prorroga-tributaria-amortiguar-impacto-economico-del-coronavirus\/"]}]},{"@type":"ImageObject","inLanguage":"es","@id":"https:\/\/diariotextual.com\/inicio\/index.php\/2020\/03\/18\/diputada-una-prorroga-tributaria-amortiguar-impacto-economico-del-coronavirus\/#primaryimage","url":"https:\/\/diariotextual.com\/inicio\/wp-content\/uploads\/2018\/07\/indecactividadeconomicaempleotrabajo1.jpg","contentUrl":"https:\/\/diariotextual.com\/inicio\/wp-content\/uploads\/2018\/07\/indecactividadeconomicaempleotrabajo1.jpg","width":626,"height":405},{"@type":"BreadcrumbList","@id":"https:\/\/diariotextual.com\/inicio\/index.php\/2020\/03\/18\/diputada-una-prorroga-tributaria-amortiguar-impacto-economico-del-coronavirus\/#breadcrumb","itemListElement":[{"@type":"ListItem","position":1,"name":"Portada","item":"https:\/\/diariotextual.com\/inicio\/"},{"@type":"ListItem","position":2,"name":"Diputada propone una pr\u00f3rroga tributaria para amortiguar el impacto econ\u00f3mico del coronavirus"}]},{"@type":"WebSite","@id":"https:\/\/diariotextual.com\/inicio\/#website","url":"https:\/\/diariotextual.com\/inicio\/","name":"Diario Textual","description":"","publisher":{"@id":"https:\/\/diariotextual.com\/inicio\/#organization"},"potentialAction":[{"@type":"SearchAction","target":{"@type":"EntryPoint","urlTemplate":"https:\/\/diariotextual.com\/inicio\/?s={search_term_string}"},"query-input":{"@type":"PropertyValueSpecification","valueRequired":true,"valueName":"search_term_string"}}],"inLanguage":"es"},{"@type":"Organization","@id":"https:\/\/diariotextual.com\/inicio\/#organization","name":"Diario Textual","url":"https:\/\/diariotextual.com\/inicio\/","logo":{"@type":"ImageObject","inLanguage":"es","@id":"https:\/\/diariotextual.com\/inicio\/#\/schema\/logo\/image\/","url":"https:\/\/diariotextual.com\/inicio\/wp-content\/uploads\/2023\/05\/logotextual1.jpg","contentUrl":"https:\/\/diariotextual.com\/inicio\/wp-content\/uploads\/2023\/05\/logotextual1.jpg","width":516,"height":76,"caption":"Diario Textual"},"image":{"@id":"https:\/\/diariotextual.com\/inicio\/#\/schema\/logo\/image\/"},"sameAs":["https:\/\/www.facebook.com\/eltextual","https:\/\/x.com\/eltextual","http:\/\/www.instagram.com\/eltextual"]},{"@type":"Person","@id":"https:\/\/diariotextual.com\/inicio\/#\/schema\/person\/c7834961ad8b29b1d9cdbf4571299067","name":"diario5","image":{"@type":"ImageObject","inLanguage":"es","@id":"https:\/\/secure.gravatar.com\/avatar\/948c893b847ca6df68216ead81b63f363408ec9b0f600fefc0641ce78613b111?s=96&d=mm&r=g","url":"https:\/\/secure.gravatar.com\/avatar\/948c893b847ca6df68216ead81b63f363408ec9b0f600fefc0641ce78613b111?s=96&d=mm&r=g","contentUrl":"https:\/\/secure.gravatar.com\/avatar\/948c893b847ca6df68216ead81b63f363408ec9b0f600fefc0641ce78613b111?s=96&d=mm&r=g","caption":"diario5"},"url":"https:\/\/diariotextual.com\/inicio\/index.php\/author\/diario5\/"}]}},"_links":{"self":[{"href":"https:\/\/diariotextual.com\/inicio\/index.php\/wp-json\/wp\/v2\/posts\/84204","targetHints":{"allow":["GET"]}}],"collection":[{"href":"https:\/\/diariotextual.com\/inicio\/index.php\/wp-json\/wp\/v2\/posts"}],"about":[{"href":"https:\/\/diariotextual.com\/inicio\/index.php\/wp-json\/wp\/v2\/types\/post"}],"author":[{"embeddable":true,"href":"https:\/\/diariotextual.com\/inicio\/index.php\/wp-json\/wp\/v2\/users\/7"}],"replies":[{"embeddable":true,"href":"https:\/\/diariotextual.com\/inicio\/index.php\/wp-json\/wp\/v2\/comments?post=84204"}],"version-history":[{"count":3,"href":"https:\/\/diariotextual.com\/inicio\/index.php\/wp-json\/wp\/v2\/posts\/84204\/revisions"}],"predecessor-version":[{"id":84207,"href":"https:\/\/diariotextual.com\/inicio\/index.php\/wp-json\/wp\/v2\/posts\/84204\/revisions\/84207"}],"wp:featuredmedia":[{"embeddable":true,"href":"https:\/\/diariotextual.com\/inicio\/index.php\/wp-json\/wp\/v2\/media\/14627"}],"wp:attachment":[{"href":"https:\/\/diariotextual.com\/inicio\/index.php\/wp-json\/wp\/v2\/media?parent=84204"}],"wp:term":[{"taxonomy":"category","embeddable":true,"href":"https:\/\/diariotextual.com\/inicio\/index.php\/wp-json\/wp\/v2\/categories?post=84204"},{"taxonomy":"post_tag","embeddable":true,"href":"https:\/\/diariotextual.com\/inicio\/index.php\/wp-json\/wp\/v2\/tags?post=84204"}],"curies":[{"name":"wp","href":"https:\/\/api.w.org\/{rel}","templated":true}]}}