{"id":84329,"date":"2020-03-18T20:06:38","date_gmt":"2020-03-18T23:06:38","guid":{"rendered":"http:\/\/diariotextual.com\/inicio\/?p=84329"},"modified":"2020-03-19T13:02:19","modified_gmt":"2020-03-19T16:02:19","slug":"la-pampa-se-blinda-coronavirus-desde-viernes-solo-podran-ingresar-pampeanos","status":"publish","type":"post","link":"https:\/\/diariotextual.com\/inicio\/index.php\/2020\/03\/18\/la-pampa-se-blinda-coronavirus-desde-viernes-solo-podran-ingresar-pampeanos\/","title":{"rendered":"La Pampa se blinda con el coronavirus: desde el viernes solo podr\u00e1n ingresar pampeanos"},"content":{"rendered":"<p>El gobernador <strong>Sergio Ziliotto<\/strong> anunci\u00f3 que <strong>desde las 0 horas del viernes 20, y por tiempo indeterminado, solo podr\u00e1n ingresar a La Pampa las personas que tienen domicilio en la provincia<\/strong>. Estar\u00e1n exceptuado los transportes de cargas y de pasajeros, aunque con fuertes limitaciones. \u00abQueremos cuidar la salud de los pampeanos y que solo ingresen los pampeanos\u00bb, expres\u00f3, en conferencia de prensa desde el Sal\u00f3n de Acuerdos de Casa de Gobierno.<\/p>\n<p>\u201c<strong>Solo podr\u00e1n ingresar aquellas personas que tengan domicilio en nuestra provincia.<\/strong> La excepci\u00f3n va a estar dada, por supuesto, a los veh\u00edculos afectados a la salud y la seguridad.\u00a0 Tambi\u00e9n a todos los transportes a las mercader\u00edas (NdeR: a excepci\u00f3n de los extranjeros), para no afectar a\u00fan m\u00e1s a la actividad econ\u00f3mica. En ese caso, habr\u00e1 medidas especiales para los que est\u00e9n al volante de esos veh\u00edculos. Creo que estamos dando una muestra m\u00e1s, en una bater\u00eda de medidas progresivas, que tienen que ver con la prevenci\u00f3n.\u00a0<strong>Seguimos en la etapa de prevenci\u00f3n, de contenci\u00f3n, de solidaridad social y, tambi\u00e9n de control social<\/strong>\u201d, sostuvo.<\/p>\n<p>Estas son las limitaciones a los colectivos de larga distancia y los transportes de carga:<\/p>\n<p>&#8211;<em><strong>Micros:<\/strong> <\/em>podr\u00e1n pasar por La Pampa, pero sin hacer escala. \u00abEntrar\u00e1n y saldr\u00e1n\u00bb, dijo el mandatario.<\/p>\n<p><em><strong>-Transportes de mercader\u00eda de otras provincias:<\/strong><\/em> tendr\u00e1n un control espec\u00edfico de las autoridades policiales, con el fin de hacer las consultas a cada provincia para saber si los conductores tienen alg\u00fan impedimento para circular.<\/p>\n<p><em><strong>-Transportes de mercader\u00eda de otros pa\u00edses:<\/strong><\/em> los conductores extranjeros directamente no podr\u00e1n pasar. \u00abTendr\u00e1n que rodear la provincia\u00bb, dijo Ziliotto.<\/p>\n<p>Adem\u00e1s, anunci\u00f3 <strong>un fuerte control social para combatir el coronavirus<\/strong>. Dijo que desde este jueves 19 a la tarde<strong>\u00a0publicar\u00e1n en una p\u00e1gina web el listado de las personas que deben cumplir la cuarentena<\/strong> en la provincia.<\/p>\n<p><strong>La intenci\u00f3n es que cada pampeano pueda, eventualmente, denunciar al que no est\u00e1 cumpliendo el aislamiento obligatorio<\/strong>.<\/p>\n<p>&nbsp;<\/p>\n<p><iframe style=\"border: none; overflow: hidden;\" src=\"https:\/\/www.facebook.com\/plugins\/video.php?href=https%3A%2F%2Fwww.facebook.com%2Fcanal3lapampa%2Fvideos%2F549336135697189%2F&amp;show_text=1&amp;width=560\" width=\"560\" height=\"382\" frameborder=\"0\" scrolling=\"no\" allowfullscreen=\"allowfullscreen\"><\/iframe><\/p>\n<p>\u00abVamos a publicar en la p\u00e1gina <strong>cuarentena.lapampa.gob.ar<\/strong> el listado de pampeanos que han regresado desde el exterior\u00bb, dijo.<\/p>\n<p>&nbsp;<\/p>\n<p><strong>Compran 30 respiradores y uso del Centro M\u00e9dico Nuclear<\/strong><\/p>\n<p>Ziliotto anunci\u00f3 que, en el marco del<strong> combate del coronavirus que se avecina<\/strong>, usar\u00e1n la obra abandonada del <strong>Centro de Medicina Nuclear de Santa Rosa<\/strong> para sumar m\u00e1s camas, incorporar\u00e1n a enfermeros jubilados para tenerlos de reserva y, adem\u00e1s, comprar\u00e1n <strong>30 nuevos respiradores<\/strong>.<\/p>\n<p>Actualmente, entre los hospitales p\u00fablicos y las cl\u00ednicas privadas, hay 66 respiradores en la provincia. \u201cCon los 30 respiradores, estamos incrementando en un 50% los respiradores\u201d, expres\u00f3 el mandatario.<\/p>\n<blockquote class=\"wp-embedded-content\" data-secret=\"YS9WE9T10G\"><p><a href=\"http:\/\/diariotextual.com\/inicio\/index.php\/2020\/03\/18\/podran-ingresar-los-micros-los-transportes-mercaderia-la-provincia\/\">C\u00f3mo podr\u00e1n ingresar los micros y los transportes de mercader\u00eda a la provincia<\/a><\/p><\/blockquote>\n<p><iframe class=\"wp-embedded-content\" sandbox=\"allow-scripts\" security=\"restricted\" style=\"position: absolute; clip: rect(1px, 1px, 1px, 1px);\" src=\"http:\/\/diariotextual.com\/inicio\/index.php\/2020\/03\/18\/podran-ingresar-los-micros-los-transportes-mercaderia-la-provincia\/embed\/#?secret=YS9WE9T10G\" data-secret=\"YS9WE9T10G\" width=\"600\" height=\"338\" title=\"&#171;C\u00f3mo podr\u00e1n ingresar los micros y los transportes de mercader\u00eda a la provincia&#187; &#8212; Diario Textual\" frameborder=\"0\" marginwidth=\"0\" marginheight=\"0\" scrolling=\"no\"><\/iframe><\/p>\n<p><strong>Dijo que van a incorporar nuevas \u00e1reas de internaci\u00f3n: entre ellos la obra del Centro de Medicina Nuclear<\/strong>, paralizado desde 2015 en Santa Rosa. \u00a0\u201cAyer nos pusimos en contacto con las autoridades de la Comisi\u00f3n Nacional de Energ\u00eda At\u00f3mica y nos han autorizado a utilizar la obra que est\u00e1 demorada y paralizada desde el 2015 y la vamos a transformar en un \u00e1rea de internaci\u00f3n. <strong>Nos permitir\u00e1 aumentar 30 camas.<\/strong> Adem\u00e1s, <strong>vamos a implementar en Santa Rosa y Pico salas modulares, para terapia intensiva y medicina en general. As\u00ed incorporaremos 120 camas m\u00e1s<\/strong>\u201d, expres\u00f3.<\/p>\n<blockquote class=\"wp-embedded-content\" data-secret=\"XRK62JguAG\"><p><a href=\"http:\/\/diariotextual.com\/inicio\/index.php\/2020\/03\/18\/blp-otorga-creditos-empresas-pampeanas-mitigar-efecto-la-pandemia\/\">El BLP otorga cr\u00e9ditos a empresas pampeanas para mitigar el efecto de la pandemia<\/a><\/p><\/blockquote>\n<p><iframe class=\"wp-embedded-content\" sandbox=\"allow-scripts\" security=\"restricted\" style=\"position: absolute; clip: rect(1px, 1px, 1px, 1px);\" src=\"http:\/\/diariotextual.com\/inicio\/index.php\/2020\/03\/18\/blp-otorga-creditos-empresas-pampeanas-mitigar-efecto-la-pandemia\/embed\/#?secret=XRK62JguAG\" data-secret=\"XRK62JguAG\" width=\"600\" height=\"338\" title=\"&#171;El BLP otorga cr\u00e9ditos a empresas pampeanas para mitigar el efecto de la pandemia&#187; &#8212; Diario Textual\" frameborder=\"0\" marginwidth=\"0\" marginheight=\"0\" scrolling=\"no\"><\/iframe><\/p>\n<p>Tambi\u00e9n dijo que <strong>incorporar\u00e1n a enfermeros jubilados.<\/strong> \u00abVamos a convocar a los agentes jubilados de la salud p\u00fablica, para <strong>tener una reserva<\/strong>. Que quede claro: vamos a incorporar a los que tienen ganas y con salud, para cubrir espacios <strong>donde no queden expuestos, como pueden ser en la primera atenci\u00f3n<\/strong>\u00ab, sostuvo. Adem\u00e1s, analizan la posibilidad de hacer pasant\u00edas con los estudiantes avanzados de Enfermer\u00eda de la Universidad Nacional de La Pampa (UNLPam).<\/p>\n<p>&nbsp;<\/p>\n<p><strong>Operativos<\/strong><\/p>\n<p>Incluso <strong>habr\u00e1 operativos de concientizaci\u00f3n en las rutas y las calles de las localidades, con el fin de desalentar la circulaci\u00f3n de veh\u00edculos<\/strong>. \u201cEn las rutas, vamos a requerir el apoyo de la Polic\u00eda y de Gendarmer\u00eda. En las calles, con la Polic\u00eda y bomberos y el sector de Defensa Civil\u201d, expres\u00f3.\u00a0\u00a0\u201cQueremos cuidar a todos los pampeanos\u201d, dijo.<\/p>\n<p>Hasta el momento, agreg\u00f3 el mandatario,<strong> en La Pampa no hay casos confirmados ni sospechosos del nuevo virus.<\/strong> Sin embargo, hay unas<strong> 270 personas en aislamiento<\/strong>: hoy por hoy,\u00a0<strong>quienes deben cumplir cuarentena en La Pampa son las personas que han estado en pa\u00edses de circulaci\u00f3n del virus, como Estados Unidos, Europa, China, Chile y Brasil, entre otros<\/strong>.<\/p>\n<blockquote class=\"wp-embedded-content\" data-secret=\"I6pYoXBMRH\"><p><a href=\"http:\/\/diariotextual.com\/inicio\/index.php\/2020\/03\/18\/la-pandemia-ahora-cerraron-la-laguna-don-tomas\/\">Por la pandemia, ahora cerraron la laguna Don Tom\u00e1s<\/a><\/p><\/blockquote>\n<p><iframe class=\"wp-embedded-content\" sandbox=\"allow-scripts\" security=\"restricted\" style=\"position: absolute; clip: rect(1px, 1px, 1px, 1px);\" src=\"http:\/\/diariotextual.com\/inicio\/index.php\/2020\/03\/18\/la-pandemia-ahora-cerraron-la-laguna-don-tomas\/embed\/#?secret=I6pYoXBMRH\" data-secret=\"I6pYoXBMRH\" width=\"600\" height=\"338\" title=\"&#171;Por la pandemia, ahora cerraron la laguna Don Tom\u00e1s&#187; &#8212; Diario Textual\" frameborder=\"0\" marginwidth=\"0\" marginheight=\"0\" scrolling=\"no\"><\/iframe><\/p>\n<p><strong>En todo el pa\u00eds hay 97 casos confirmados.<\/strong> Ya media docena de provincias, como Mendoza,\u00a0<a href=\"http:\/\/diariotextual.com\/inicio\/index.php\/2020\/03\/18\/san-luis-cierra-puesto-limitrofe-la-pampa\/\" target=\"_blank\" rel=\"noopener\"><strong>San Luis<\/strong><\/a>, Chaco y Salta, impusieron una serie de limitaciones a la circulaci\u00f3n de las personas, con el fin de frenar la expansi\u00f3n de la epidemia.<\/p>\n<p>&nbsp;<\/p>\n<p><strong>Cr\u00e9ditos del banco pampeano<\/strong><\/p>\n<p>El\u00a0<strong>Banco de La Pampa<\/strong>\u00a0sale a asistir a las empresas afectadas por la baja actividad a ra\u00edz del coronavirus. Este mi\u00e9rcoles, el presidente de la entidad,\u00a0<strong>Alexis Iviglia<\/strong>, anunci\u00f3 que\u00a0<a href=\"http:\/\/diariotextual.com\/inicio\/index.php\/2020\/03\/18\/blp-otorga-creditos-empresas-pampeanas-mitigar-efecto-la-pandemia\/\" target=\"_blank\" rel=\"noopener\"><strong>otorgar\u00e1 cr\u00e9ditos de entre 30 mil pesos a 3 millones a peque\u00f1os, medianos y grandes empresarios<\/strong><\/a>\u00a0para afrontar el impacto financiero que provocar\u00e1n las medidas restrictivas por la pandemia.<\/p>\n<p>Tendr\u00e1 un plazo de 18 meses, a una tasa al 17,9%. \u00abSe dispondr\u00e1n de entre 850 millones a 900 millones de pesos\u00bb, dijo el directivo.<\/p>\n<p>La l\u00ednea de cr\u00e9ditos va a estar disponible por los canales electr\u00f3nicos desde el mi\u00e9rcoles de la semana pr\u00f3xima. Es decir, el cliente no deber\u00e1 ir al banco.<\/p>\n<blockquote class=\"wp-embedded-content\" data-secret=\"JVMY1YjFwW\"><p><a href=\"http:\/\/diariotextual.com\/inicio\/index.php\/2020\/03\/18\/control-social-la-pampa-habra-listado-online-los-deben-cumplir-cuarentena\/\">Control social en La Pampa: habr\u00e1 un listado online de los que deben cumplir cuarentena<\/a><\/p><\/blockquote>\n<p><iframe class=\"wp-embedded-content\" sandbox=\"allow-scripts\" security=\"restricted\" style=\"position: absolute; clip: rect(1px, 1px, 1px, 1px);\" src=\"http:\/\/diariotextual.com\/inicio\/index.php\/2020\/03\/18\/control-social-la-pampa-habra-listado-online-los-deben-cumplir-cuarentena\/embed\/#?secret=JVMY1YjFwW\" data-secret=\"JVMY1YjFwW\" width=\"600\" height=\"338\" title=\"&#171;Control social en La Pampa: habr\u00e1 un listado online de los que deben cumplir cuarentena&#187; &#8212; Diario Textual\" frameborder=\"0\" marginwidth=\"0\" marginheight=\"0\" scrolling=\"no\"><\/iframe><\/p>\n<p>&nbsp;<\/p>\n<p>&nbsp;<\/p>\n","protected":false},"excerpt":{"rendered":"<p>El gobernador Sergio Ziliotto anunci\u00f3 que desde las 0 horas del viernes 20, y por tiempo indeterminado, solo podr\u00e1n ingresar a La Pampa las personas que tienen domicilio en la&hellip;<\/p>\n","protected":false},"author":3,"featured_media":84397,"comment_status":"closed","ping_status":"open","sticky":false,"template":"","format":"standard","meta":{"_acf_changed":false,"footnotes":""},"categories":[319,12],"tags":[2662],"class_list":["post-84329","post","type-post","status-publish","format-standard","has-post-thumbnail","hentry","category-a-temporales","category-sociedad","tag-coronavirus"],"acf":[],"yoast_head":"<!-- This site is optimized with the Yoast SEO plugin v27.5 - https:\/\/yoast.com\/product\/yoast-seo-wordpress\/ -->\n<title>La Pampa se blinda con el coronavirus: desde el viernes solo podr\u00e1n ingresar pampeanos - Diario Textual<\/title>\n<meta name=\"robots\" content=\"index, follow, max-snippet:-1, max-image-preview:large, max-video-preview:-1\" \/>\n<link rel=\"canonical\" href=\"https:\/\/diariotextual.com\/inicio\/index.php\/2020\/03\/18\/la-pampa-se-blinda-coronavirus-desde-viernes-solo-podran-ingresar-pampeanos\/\" \/>\n<meta property=\"og:locale\" content=\"es_ES\" \/>\n<meta property=\"og:type\" content=\"article\" \/>\n<meta property=\"og:title\" content=\"La Pampa se blinda con el coronavirus: desde el viernes solo podr\u00e1n ingresar pampeanos - Diario Textual\" \/>\n<meta property=\"og:description\" content=\"El gobernador Sergio Ziliotto anunci\u00f3 que desde las 0 horas del viernes 20, y por tiempo indeterminado, solo podr\u00e1n ingresar a La Pampa las personas que tienen domicilio en la&hellip;\" \/>\n<meta property=\"og:url\" content=\"https:\/\/diariotextual.com\/inicio\/index.php\/2020\/03\/18\/la-pampa-se-blinda-coronavirus-desde-viernes-solo-podran-ingresar-pampeanos\/\" \/>\n<meta property=\"og:site_name\" content=\"Diario Textual\" \/>\n<meta property=\"article:publisher\" content=\"https:\/\/www.facebook.com\/eltextual\" \/>\n<meta property=\"article:published_time\" content=\"2020-03-18T23:06:38+00:00\" \/>\n<meta property=\"article:modified_time\" content=\"2020-03-19T16:02:19+00:00\" \/>\n<meta property=\"og:image\" content=\"https:\/\/diariotextual.com\/inicio\/wp-content\/uploads\/2020\/03\/ziliottosergiocoronavirusmedidas2020-00.jpg\" \/>\n\t<meta property=\"og:image:width\" content=\"1670\" \/>\n\t<meta property=\"og:image:height\" content=\"1114\" \/>\n\t<meta property=\"og:image:type\" content=\"image\/jpeg\" \/>\n<meta name=\"author\" content=\"Diario1 Diario1\" \/>\n<meta name=\"twitter:card\" content=\"summary_large_image\" \/>\n<meta name=\"twitter:creator\" content=\"@eltextual\" \/>\n<meta name=\"twitter:site\" content=\"@eltextual\" \/>\n<meta name=\"twitter:label1\" content=\"Escrito por\" \/>\n\t<meta name=\"twitter:data1\" content=\"Diario1 Diario1\" \/>\n\t<meta name=\"twitter:label2\" content=\"Tiempo de lectura\" \/>\n\t<meta name=\"twitter:data2\" content=\"5 minutos\" \/>\n<script type=\"application\/ld+json\" class=\"yoast-schema-graph\">{\"@context\":\"https:\\\/\\\/schema.org\",\"@graph\":[{\"@type\":\"Article\",\"@id\":\"https:\\\/\\\/diariotextual.com\\\/inicio\\\/index.php\\\/2020\\\/03\\\/18\\\/la-pampa-se-blinda-coronavirus-desde-viernes-solo-podran-ingresar-pampeanos\\\/#article\",\"isPartOf\":{\"@id\":\"https:\\\/\\\/diariotextual.com\\\/inicio\\\/index.php\\\/2020\\\/03\\\/18\\\/la-pampa-se-blinda-coronavirus-desde-viernes-solo-podran-ingresar-pampeanos\\\/\"},\"author\":{\"name\":\"Diario1 Diario1\",\"@id\":\"https:\\\/\\\/diariotextual.com\\\/inicio\\\/#\\\/schema\\\/person\\\/418fc4093c33e86ed41562db3508f958\"},\"headline\":\"La Pampa se blinda con el coronavirus: desde el viernes solo podr\u00e1n ingresar pampeanos\",\"datePublished\":\"2020-03-18T23:06:38+00:00\",\"dateModified\":\"2020-03-19T16:02:19+00:00\",\"mainEntityOfPage\":{\"@id\":\"https:\\\/\\\/diariotextual.com\\\/inicio\\\/index.php\\\/2020\\\/03\\\/18\\\/la-pampa-se-blinda-coronavirus-desde-viernes-solo-podran-ingresar-pampeanos\\\/\"},\"wordCount\":969,\"publisher\":{\"@id\":\"https:\\\/\\\/diariotextual.com\\\/inicio\\\/#organization\"},\"image\":{\"@id\":\"https:\\\/\\\/diariotextual.com\\\/inicio\\\/index.php\\\/2020\\\/03\\\/18\\\/la-pampa-se-blinda-coronavirus-desde-viernes-solo-podran-ingresar-pampeanos\\\/#primaryimage\"},\"thumbnailUrl\":\"https:\\\/\\\/diariotextual.com\\\/inicio\\\/wp-content\\\/uploads\\\/2020\\\/03\\\/ziliottosergiocoronavirusmedidas2020-00.jpg\",\"keywords\":[\"coronavirus\"],\"articleSection\":[\"A - TEMPORALES\",\"SOCIEDAD\"],\"inLanguage\":\"es\"},{\"@type\":\"WebPage\",\"@id\":\"https:\\\/\\\/diariotextual.com\\\/inicio\\\/index.php\\\/2020\\\/03\\\/18\\\/la-pampa-se-blinda-coronavirus-desde-viernes-solo-podran-ingresar-pampeanos\\\/\",\"url\":\"https:\\\/\\\/diariotextual.com\\\/inicio\\\/index.php\\\/2020\\\/03\\\/18\\\/la-pampa-se-blinda-coronavirus-desde-viernes-solo-podran-ingresar-pampeanos\\\/\",\"name\":\"La Pampa se blinda con el coronavirus: desde el viernes solo podr\u00e1n ingresar pampeanos - Diario Textual\",\"isPartOf\":{\"@id\":\"https:\\\/\\\/diariotextual.com\\\/inicio\\\/#website\"},\"primaryImageOfPage\":{\"@id\":\"https:\\\/\\\/diariotextual.com\\\/inicio\\\/index.php\\\/2020\\\/03\\\/18\\\/la-pampa-se-blinda-coronavirus-desde-viernes-solo-podran-ingresar-pampeanos\\\/#primaryimage\"},\"image\":{\"@id\":\"https:\\\/\\\/diariotextual.com\\\/inicio\\\/index.php\\\/2020\\\/03\\\/18\\\/la-pampa-se-blinda-coronavirus-desde-viernes-solo-podran-ingresar-pampeanos\\\/#primaryimage\"},\"thumbnailUrl\":\"https:\\\/\\\/diariotextual.com\\\/inicio\\\/wp-content\\\/uploads\\\/2020\\\/03\\\/ziliottosergiocoronavirusmedidas2020-00.jpg\",\"datePublished\":\"2020-03-18T23:06:38+00:00\",\"dateModified\":\"2020-03-19T16:02:19+00:00\",\"breadcrumb\":{\"@id\":\"https:\\\/\\\/diariotextual.com\\\/inicio\\\/index.php\\\/2020\\\/03\\\/18\\\/la-pampa-se-blinda-coronavirus-desde-viernes-solo-podran-ingresar-pampeanos\\\/#breadcrumb\"},\"inLanguage\":\"es\",\"potentialAction\":[{\"@type\":\"ReadAction\",\"target\":[\"https:\\\/\\\/diariotextual.com\\\/inicio\\\/index.php\\\/2020\\\/03\\\/18\\\/la-pampa-se-blinda-coronavirus-desde-viernes-solo-podran-ingresar-pampeanos\\\/\"]}]},{\"@type\":\"ImageObject\",\"inLanguage\":\"es\",\"@id\":\"https:\\\/\\\/diariotextual.com\\\/inicio\\\/index.php\\\/2020\\\/03\\\/18\\\/la-pampa-se-blinda-coronavirus-desde-viernes-solo-podran-ingresar-pampeanos\\\/#primaryimage\",\"url\":\"https:\\\/\\\/diariotextual.com\\\/inicio\\\/wp-content\\\/uploads\\\/2020\\\/03\\\/ziliottosergiocoronavirusmedidas2020-00.jpg\",\"contentUrl\":\"https:\\\/\\\/diariotextual.com\\\/inicio\\\/wp-content\\\/uploads\\\/2020\\\/03\\\/ziliottosergiocoronavirusmedidas2020-00.jpg\",\"width\":1670,\"height\":1114},{\"@type\":\"BreadcrumbList\",\"@id\":\"https:\\\/\\\/diariotextual.com\\\/inicio\\\/index.php\\\/2020\\\/03\\\/18\\\/la-pampa-se-blinda-coronavirus-desde-viernes-solo-podran-ingresar-pampeanos\\\/#breadcrumb\",\"itemListElement\":[{\"@type\":\"ListItem\",\"position\":1,\"name\":\"Portada\",\"item\":\"https:\\\/\\\/diariotextual.com\\\/inicio\\\/\"},{\"@type\":\"ListItem\",\"position\":2,\"name\":\"La Pampa se blinda con el coronavirus: desde el viernes solo podr\u00e1n ingresar pampeanos\"}]},{\"@type\":\"WebSite\",\"@id\":\"https:\\\/\\\/diariotextual.com\\\/inicio\\\/#website\",\"url\":\"https:\\\/\\\/diariotextual.com\\\/inicio\\\/\",\"name\":\"Diario Textual\",\"description\":\"\",\"publisher\":{\"@id\":\"https:\\\/\\\/diariotextual.com\\\/inicio\\\/#organization\"},\"potentialAction\":[{\"@type\":\"SearchAction\",\"target\":{\"@type\":\"EntryPoint\",\"urlTemplate\":\"https:\\\/\\\/diariotextual.com\\\/inicio\\\/?s={search_term_string}\"},\"query-input\":{\"@type\":\"PropertyValueSpecification\",\"valueRequired\":true,\"valueName\":\"search_term_string\"}}],\"inLanguage\":\"es\"},{\"@type\":\"Organization\",\"@id\":\"https:\\\/\\\/diariotextual.com\\\/inicio\\\/#organization\",\"name\":\"Diario Textual\",\"url\":\"https:\\\/\\\/diariotextual.com\\\/inicio\\\/\",\"logo\":{\"@type\":\"ImageObject\",\"inLanguage\":\"es\",\"@id\":\"https:\\\/\\\/diariotextual.com\\\/inicio\\\/#\\\/schema\\\/logo\\\/image\\\/\",\"url\":\"https:\\\/\\\/diariotextual.com\\\/inicio\\\/wp-content\\\/uploads\\\/2023\\\/05\\\/logotextual1.jpg\",\"contentUrl\":\"https:\\\/\\\/diariotextual.com\\\/inicio\\\/wp-content\\\/uploads\\\/2023\\\/05\\\/logotextual1.jpg\",\"width\":516,\"height\":76,\"caption\":\"Diario Textual\"},\"image\":{\"@id\":\"https:\\\/\\\/diariotextual.com\\\/inicio\\\/#\\\/schema\\\/logo\\\/image\\\/\"},\"sameAs\":[\"https:\\\/\\\/www.facebook.com\\\/eltextual\",\"https:\\\/\\\/x.com\\\/eltextual\",\"http:\\\/\\\/www.instagram.com\\\/eltextual\"]},{\"@type\":\"Person\",\"@id\":\"https:\\\/\\\/diariotextual.com\\\/inicio\\\/#\\\/schema\\\/person\\\/418fc4093c33e86ed41562db3508f958\",\"name\":\"Diario1 Diario1\",\"image\":{\"@type\":\"ImageObject\",\"inLanguage\":\"es\",\"@id\":\"https:\\\/\\\/secure.gravatar.com\\\/avatar\\\/9167d280179c85bc18be67aa7eda765854300033af4896dd779b608640f2ef7a?s=96&d=mm&r=g\",\"url\":\"https:\\\/\\\/secure.gravatar.com\\\/avatar\\\/9167d280179c85bc18be67aa7eda765854300033af4896dd779b608640f2ef7a?s=96&d=mm&r=g\",\"contentUrl\":\"https:\\\/\\\/secure.gravatar.com\\\/avatar\\\/9167d280179c85bc18be67aa7eda765854300033af4896dd779b608640f2ef7a?s=96&d=mm&r=g\",\"caption\":\"Diario1 Diario1\"},\"url\":\"https:\\\/\\\/diariotextual.com\\\/inicio\\\/index.php\\\/author\\\/diario1\\\/\"}]}<\/script>\n<!-- \/ Yoast SEO plugin. -->","yoast_head_json":{"title":"La Pampa se blinda con el coronavirus: desde el viernes solo podr\u00e1n ingresar pampeanos - Diario Textual","robots":{"index":"index","follow":"follow","max-snippet":"max-snippet:-1","max-image-preview":"max-image-preview:large","max-video-preview":"max-video-preview:-1"},"canonical":"https:\/\/diariotextual.com\/inicio\/index.php\/2020\/03\/18\/la-pampa-se-blinda-coronavirus-desde-viernes-solo-podran-ingresar-pampeanos\/","og_locale":"es_ES","og_type":"article","og_title":"La Pampa se blinda con el coronavirus: desde el viernes solo podr\u00e1n ingresar pampeanos - Diario Textual","og_description":"El gobernador Sergio Ziliotto anunci\u00f3 que desde las 0 horas del viernes 20, y por tiempo indeterminado, solo podr\u00e1n ingresar a La Pampa las personas que tienen domicilio en la&hellip;","og_url":"https:\/\/diariotextual.com\/inicio\/index.php\/2020\/03\/18\/la-pampa-se-blinda-coronavirus-desde-viernes-solo-podran-ingresar-pampeanos\/","og_site_name":"Diario Textual","article_publisher":"https:\/\/www.facebook.com\/eltextual","article_published_time":"2020-03-18T23:06:38+00:00","article_modified_time":"2020-03-19T16:02:19+00:00","og_image":[{"width":1670,"height":1114,"url":"https:\/\/diariotextual.com\/inicio\/wp-content\/uploads\/2020\/03\/ziliottosergiocoronavirusmedidas2020-00.jpg","type":"image\/jpeg"}],"author":"Diario1 Diario1","twitter_card":"summary_large_image","twitter_creator":"@eltextual","twitter_site":"@eltextual","twitter_misc":{"Escrito por":"Diario1 Diario1","Tiempo de lectura":"5 minutos"},"schema":{"@context":"https:\/\/schema.org","@graph":[{"@type":"Article","@id":"https:\/\/diariotextual.com\/inicio\/index.php\/2020\/03\/18\/la-pampa-se-blinda-coronavirus-desde-viernes-solo-podran-ingresar-pampeanos\/#article","isPartOf":{"@id":"https:\/\/diariotextual.com\/inicio\/index.php\/2020\/03\/18\/la-pampa-se-blinda-coronavirus-desde-viernes-solo-podran-ingresar-pampeanos\/"},"author":{"name":"Diario1 Diario1","@id":"https:\/\/diariotextual.com\/inicio\/#\/schema\/person\/418fc4093c33e86ed41562db3508f958"},"headline":"La Pampa se blinda con el coronavirus: desde el viernes solo podr\u00e1n ingresar pampeanos","datePublished":"2020-03-18T23:06:38+00:00","dateModified":"2020-03-19T16:02:19+00:00","mainEntityOfPage":{"@id":"https:\/\/diariotextual.com\/inicio\/index.php\/2020\/03\/18\/la-pampa-se-blinda-coronavirus-desde-viernes-solo-podran-ingresar-pampeanos\/"},"wordCount":969,"publisher":{"@id":"https:\/\/diariotextual.com\/inicio\/#organization"},"image":{"@id":"https:\/\/diariotextual.com\/inicio\/index.php\/2020\/03\/18\/la-pampa-se-blinda-coronavirus-desde-viernes-solo-podran-ingresar-pampeanos\/#primaryimage"},"thumbnailUrl":"https:\/\/diariotextual.com\/inicio\/wp-content\/uploads\/2020\/03\/ziliottosergiocoronavirusmedidas2020-00.jpg","keywords":["coronavirus"],"articleSection":["A - TEMPORALES","SOCIEDAD"],"inLanguage":"es"},{"@type":"WebPage","@id":"https:\/\/diariotextual.com\/inicio\/index.php\/2020\/03\/18\/la-pampa-se-blinda-coronavirus-desde-viernes-solo-podran-ingresar-pampeanos\/","url":"https:\/\/diariotextual.com\/inicio\/index.php\/2020\/03\/18\/la-pampa-se-blinda-coronavirus-desde-viernes-solo-podran-ingresar-pampeanos\/","name":"La Pampa se blinda con el coronavirus: desde el viernes solo podr\u00e1n ingresar pampeanos - Diario Textual","isPartOf":{"@id":"https:\/\/diariotextual.com\/inicio\/#website"},"primaryImageOfPage":{"@id":"https:\/\/diariotextual.com\/inicio\/index.php\/2020\/03\/18\/la-pampa-se-blinda-coronavirus-desde-viernes-solo-podran-ingresar-pampeanos\/#primaryimage"},"image":{"@id":"https:\/\/diariotextual.com\/inicio\/index.php\/2020\/03\/18\/la-pampa-se-blinda-coronavirus-desde-viernes-solo-podran-ingresar-pampeanos\/#primaryimage"},"thumbnailUrl":"https:\/\/diariotextual.com\/inicio\/wp-content\/uploads\/2020\/03\/ziliottosergiocoronavirusmedidas2020-00.jpg","datePublished":"2020-03-18T23:06:38+00:00","dateModified":"2020-03-19T16:02:19+00:00","breadcrumb":{"@id":"https:\/\/diariotextual.com\/inicio\/index.php\/2020\/03\/18\/la-pampa-se-blinda-coronavirus-desde-viernes-solo-podran-ingresar-pampeanos\/#breadcrumb"},"inLanguage":"es","potentialAction":[{"@type":"ReadAction","target":["https:\/\/diariotextual.com\/inicio\/index.php\/2020\/03\/18\/la-pampa-se-blinda-coronavirus-desde-viernes-solo-podran-ingresar-pampeanos\/"]}]},{"@type":"ImageObject","inLanguage":"es","@id":"https:\/\/diariotextual.com\/inicio\/index.php\/2020\/03\/18\/la-pampa-se-blinda-coronavirus-desde-viernes-solo-podran-ingresar-pampeanos\/#primaryimage","url":"https:\/\/diariotextual.com\/inicio\/wp-content\/uploads\/2020\/03\/ziliottosergiocoronavirusmedidas2020-00.jpg","contentUrl":"https:\/\/diariotextual.com\/inicio\/wp-content\/uploads\/2020\/03\/ziliottosergiocoronavirusmedidas2020-00.jpg","width":1670,"height":1114},{"@type":"BreadcrumbList","@id":"https:\/\/diariotextual.com\/inicio\/index.php\/2020\/03\/18\/la-pampa-se-blinda-coronavirus-desde-viernes-solo-podran-ingresar-pampeanos\/#breadcrumb","itemListElement":[{"@type":"ListItem","position":1,"name":"Portada","item":"https:\/\/diariotextual.com\/inicio\/"},{"@type":"ListItem","position":2,"name":"La Pampa se blinda con el coronavirus: desde el viernes solo podr\u00e1n ingresar pampeanos"}]},{"@type":"WebSite","@id":"https:\/\/diariotextual.com\/inicio\/#website","url":"https:\/\/diariotextual.com\/inicio\/","name":"Diario Textual","description":"","publisher":{"@id":"https:\/\/diariotextual.com\/inicio\/#organization"},"potentialAction":[{"@type":"SearchAction","target":{"@type":"EntryPoint","urlTemplate":"https:\/\/diariotextual.com\/inicio\/?s={search_term_string}"},"query-input":{"@type":"PropertyValueSpecification","valueRequired":true,"valueName":"search_term_string"}}],"inLanguage":"es"},{"@type":"Organization","@id":"https:\/\/diariotextual.com\/inicio\/#organization","name":"Diario Textual","url":"https:\/\/diariotextual.com\/inicio\/","logo":{"@type":"ImageObject","inLanguage":"es","@id":"https:\/\/diariotextual.com\/inicio\/#\/schema\/logo\/image\/","url":"https:\/\/diariotextual.com\/inicio\/wp-content\/uploads\/2023\/05\/logotextual1.jpg","contentUrl":"https:\/\/diariotextual.com\/inicio\/wp-content\/uploads\/2023\/05\/logotextual1.jpg","width":516,"height":76,"caption":"Diario Textual"},"image":{"@id":"https:\/\/diariotextual.com\/inicio\/#\/schema\/logo\/image\/"},"sameAs":["https:\/\/www.facebook.com\/eltextual","https:\/\/x.com\/eltextual","http:\/\/www.instagram.com\/eltextual"]},{"@type":"Person","@id":"https:\/\/diariotextual.com\/inicio\/#\/schema\/person\/418fc4093c33e86ed41562db3508f958","name":"Diario1 Diario1","image":{"@type":"ImageObject","inLanguage":"es","@id":"https:\/\/secure.gravatar.com\/avatar\/9167d280179c85bc18be67aa7eda765854300033af4896dd779b608640f2ef7a?s=96&d=mm&r=g","url":"https:\/\/secure.gravatar.com\/avatar\/9167d280179c85bc18be67aa7eda765854300033af4896dd779b608640f2ef7a?s=96&d=mm&r=g","contentUrl":"https:\/\/secure.gravatar.com\/avatar\/9167d280179c85bc18be67aa7eda765854300033af4896dd779b608640f2ef7a?s=96&d=mm&r=g","caption":"Diario1 Diario1"},"url":"https:\/\/diariotextual.com\/inicio\/index.php\/author\/diario1\/"}]}},"_links":{"self":[{"href":"https:\/\/diariotextual.com\/inicio\/index.php\/wp-json\/wp\/v2\/posts\/84329","targetHints":{"allow":["GET"]}}],"collection":[{"href":"https:\/\/diariotextual.com\/inicio\/index.php\/wp-json\/wp\/v2\/posts"}],"about":[{"href":"https:\/\/diariotextual.com\/inicio\/index.php\/wp-json\/wp\/v2\/types\/post"}],"author":[{"embeddable":true,"href":"https:\/\/diariotextual.com\/inicio\/index.php\/wp-json\/wp\/v2\/users\/3"}],"replies":[{"embeddable":true,"href":"https:\/\/diariotextual.com\/inicio\/index.php\/wp-json\/wp\/v2\/comments?post=84329"}],"version-history":[{"count":23,"href":"https:\/\/diariotextual.com\/inicio\/index.php\/wp-json\/wp\/v2\/posts\/84329\/revisions"}],"predecessor-version":[{"id":84409,"href":"https:\/\/diariotextual.com\/inicio\/index.php\/wp-json\/wp\/v2\/posts\/84329\/revisions\/84409"}],"wp:featuredmedia":[{"embeddable":true,"href":"https:\/\/diariotextual.com\/inicio\/index.php\/wp-json\/wp\/v2\/media\/84397"}],"wp:attachment":[{"href":"https:\/\/diariotextual.com\/inicio\/index.php\/wp-json\/wp\/v2\/media?parent=84329"}],"wp:term":[{"taxonomy":"category","embeddable":true,"href":"https:\/\/diariotextual.com\/inicio\/index.php\/wp-json\/wp\/v2\/categories?post=84329"},{"taxonomy":"post_tag","embeddable":true,"href":"https:\/\/diariotextual.com\/inicio\/index.php\/wp-json\/wp\/v2\/tags?post=84329"}],"curies":[{"name":"wp","href":"https:\/\/api.w.org\/{rel}","templated":true}]}}