{"id":84331,"date":"2020-03-18T19:11:22","date_gmt":"2020-03-18T22:11:22","guid":{"rendered":"http:\/\/diariotextual.com\/inicio\/?p=84331"},"modified":"2020-03-19T09:47:53","modified_gmt":"2020-03-19T12:47:53","slug":"control-social-la-pampa-habra-listado-online-los-deben-cumplir-cuarentena","status":"publish","type":"post","link":"https:\/\/diariotextual.com\/inicio\/index.php\/2020\/03\/18\/control-social-la-pampa-habra-listado-online-los-deben-cumplir-cuarentena\/","title":{"rendered":"En La Pampa hay 270 en cuarentena: publicar\u00e1n listado online de los que deben estar aislados"},"content":{"rendered":"<p>El gobernador <strong>Sergio Ziliotto<\/strong> anunci\u00f3 este mi\u00e9rcoles un<strong> fuerte control socia<\/strong>l para combatir el <strong>coronavirus<\/strong>. Dijo que desde este jueves 19 a la tarde publicar\u00e1n en una p\u00e1gina web el listado de las personas que deben cumplir la cuarentena en la provincia. <strong>Actualmente son 270<\/strong>, ninguno de los cuales tiene s\u00edntomas del nuevo virus, dijo.<\/p>\n<p>La intenci\u00f3n es que cada pampeano pueda, eventualmente,<strong> denunciar al que no est\u00e1 cumpliendo el aislamiento obligatorio<\/strong>.<\/p>\n<p>\u00abVamos a publicar en la p\u00e1gina <strong>cuarentena.lapampa.gob.ar<\/strong> el listado de pampeanos que han regresado desde el exterior\u00bb, dijo.<\/p>\n<p>Tambi\u00e9n Ziliotto anunci\u00f3 que<a href=\"http:\/\/diariotextual.com\/inicio\/index.php\/2020\/03\/18\/la-pampa-se-blinda-coronavirus-desde-viernes-solo-podran-ingresar-pampeanos\/\" target=\"_blank\" rel=\"noopener\"> <strong>desde las 0 horas del viernes 20, y por tiempo indeterminado, solo podr\u00e1n ingresar a La Pampa las personas que tienen domicilio en la provincia<\/strong>.<\/a> Estar\u00e1n exceptuado los transportes. \u00abQueremos que solo ingresen los pampeanos\u00bb, expres\u00f3. \u00abQueremos cuidar la salud de los pampeanos\u00bb, agreg\u00f3, en conferencia de prensa desde el Sal\u00f3n de Acuerdos de Casa de Gobierno.<\/p>\n<p>\u201cSolo podr\u00e1n ingresar aquellas personas que tengan domicilio en nuestra provincia. La excepci\u00f3n va a estar dada, por supuesto, a los veh\u00edculos afectos a la salud y la seguridad.\u00a0Y tambi\u00e9n todo aquel transporte a las mercader\u00edas, para no afectar a\u00fan\u00a0 m\u00e1s a la actividad econ\u00f3mica. En ese caso, habr\u00e1 medidas especiales para los que est\u00e9n al volante de esos veh\u00edculos. Creo que estamos dando una muestra m\u00e1s, en una bater\u00eda de medidas progresivas, que tienen que ver con la prevenci\u00f3n.<strong> Seguimos en la etapa de prevenci\u00f3n, de contenci\u00f3n, de solidaridad social y, tambi\u00e9n de control social<\/strong>\u201d, sostuvo.<\/p>\n<p>Incluso <strong>habr\u00e1 operativos de concientizaci\u00f3n en las rutas y las calles de las localidades, con el fin de desalentar la circulaci\u00f3n de veh\u00edculos<\/strong>. \u201cEn las rutas, vamos a requerir el apoyo de la Polic\u00eda y de Gendarmer\u00eda. En las calles, con la Polic\u00eda y bomberos y el sector de Defensa Civil\u201d, expres\u00f3.\u00a0\u00a0\u201cQueremos cuidar a todos los pampeanos\u201d, dijo.<\/p>\n<p>&nbsp;<\/p>\n<p><strong>Usar\u00e1n el Centro M\u00e9dico Nuclear<\/strong><\/p>\n<p><strong>\u00a0Ziliotto<\/strong> anunci\u00f3 que, en el marco del<strong> combate del coronavirus que se avecina<\/strong>, usar\u00e1n la obra abandonada del Centro de Medicina Nuclear de Santa Rosa para sumar m\u00e1s camas, incorporar\u00e1n a enfermeros jubilados para tenerlos de reserva y, adem\u00e1s, comprar\u00e1n <strong>30 nuevos respiradores<\/strong>.<\/p>\n<p>Actualmente, entre los hospitales p\u00fablicos y las cl\u00ednicas privadas, hay 66 respiradores en la provincia. \u201cCon los 30 respiradores, estamos incrementando en un 50% los respiradores\u201d, expres\u00f3 el mandatario.<\/p>\n<p><strong>Dijo que van a incorporar nuevas \u00e1reas de internaci\u00f3n: entre ellos la obra del Centro de Medicina Nuclear<\/strong>, paralizado desde 2015 en Santa Rosa. \u00a0\u201cAyer nos pusimos en contacto con las autoridades de la Comisi\u00f3n Nacional de Energ\u00eda At\u00f3mica y nos han autorizado a utilizar la obra que est\u00e1 demorada y paralizada desde el 2015 y la vamos a transformar en un \u00e1rea de internaci\u00f3n. <strong>Nos permitir\u00e1 aumentar 30 camas.<\/strong> Adem\u00e1s, <strong>vamos a implementar en Santa Rosa y Pico salas modulares, para terapia intensiva y medicina en general. As\u00ed incorporaremos 120 camas m\u00e1s<\/strong>\u201d, expres\u00f3.<\/p>\n<p>Tambi\u00e9n dijo que <strong>incorporar\u00e1n a enfermeros jubilados.<\/strong> \u00abVamos a convocar a los agentes jubilados de la salud p\u00fablica, para tener una reserva. Que quede claro: vamos a incorporar a los que tienen ganas y salud, para cubrir espacios donde queden expuestos, como pueden ser en la primera atenci\u00f3n\u00bb, sostuvo. Adem\u00e1s, analizan la posibilidad de hacer pasant\u00edas con los estudiantes avanzados de Enfermer\u00eda de la Universidad Nacional de La Pampa (UNLPam).<\/p>\n<p>&nbsp;<\/p>\n<p><strong>Aislados<\/strong><\/p>\n<p>Hasta el momento, agreg\u00f3 el mandatario,<strong> en La Pampa no hay casos confirmados ni sospechosos del nuevo virus.<\/strong> Sin embargo, hay unas<strong> 270 personas<\/strong> en aislamiento: hoy por hoy,\u00a0<strong>quienes deben cumplir cuarentena en La Pampa son las personas que han estado en pa\u00edses de circulaci\u00f3n del virus, como Estados Unidos, Europa, China, Chile y Brasil, entre otros<\/strong>.<\/p>\n<p>En todo el pa\u00eds<strong> hay 97 casos confirmados.\u00a0<\/strong>Ya media docena de provincias, como Mendoza,\u00a0<a href=\"http:\/\/diariotextual.com\/inicio\/index.php\/2020\/03\/18\/san-luis-cierra-puesto-limitrofe-la-pampa\/\" target=\"_blank\" rel=\"noopener\"><strong>San Luis<\/strong><\/a>, Chaco y Salta, impusieron una serie de limitaciones a la circulaci\u00f3n de las personas, con el fin de frenar la expansi\u00f3n de la epidemia.<\/p>\n<blockquote class=\"wp-embedded-content\" data-secret=\"0yu9TzGDWX\"><p><a href=\"http:\/\/diariotextual.com\/inicio\/index.php\/2020\/03\/18\/la-pampa-se-blinda-coronavirus-desde-viernes-solo-podran-ingresar-pampeanos\/\">La Pampa se blinda con el coronavirus: desde el viernes solo podr\u00e1n ingresar pampeanos<\/a><\/p><\/blockquote>\n<p><iframe class=\"wp-embedded-content\" sandbox=\"allow-scripts\" security=\"restricted\" style=\"position: absolute; clip: rect(1px, 1px, 1px, 1px);\" src=\"http:\/\/diariotextual.com\/inicio\/index.php\/2020\/03\/18\/la-pampa-se-blinda-coronavirus-desde-viernes-solo-podran-ingresar-pampeanos\/embed\/#?secret=0yu9TzGDWX\" data-secret=\"0yu9TzGDWX\" width=\"600\" height=\"338\" title=\"&#171;La Pampa se blinda con el coronavirus: desde el viernes solo podr\u00e1n ingresar pampeanos&#187; &#8212; Diario Textual\" frameborder=\"0\" marginwidth=\"0\" marginheight=\"0\" scrolling=\"no\"><\/iframe><\/p>\n<p>&nbsp;<\/p>\n","protected":false},"excerpt":{"rendered":"<p>El gobernador Sergio Ziliotto anunci\u00f3 este mi\u00e9rcoles un fuerte control social para combatir el coronavirus. Dijo que desde este jueves 19 a la tarde publicar\u00e1n en una p\u00e1gina web el&hellip;<\/p>\n","protected":false},"author":3,"featured_media":84131,"comment_status":"closed","ping_status":"open","sticky":false,"template":"","format":"standard","meta":{"_acf_changed":false,"footnotes":""},"categories":[12],"tags":[2662],"class_list":["post-84331","post","type-post","status-publish","format-standard","has-post-thumbnail","hentry","category-sociedad","tag-coronavirus"],"acf":[],"yoast_head":"<!-- This site is optimized with the Yoast SEO plugin v27.5 - https:\/\/yoast.com\/product\/yoast-seo-wordpress\/ -->\n<title>En La Pampa hay 270 en cuarentena: publicar\u00e1n listado online de los que deben estar aislados - Diario Textual<\/title>\n<meta name=\"robots\" content=\"index, follow, max-snippet:-1, max-image-preview:large, max-video-preview:-1\" \/>\n<link rel=\"canonical\" href=\"https:\/\/diariotextual.com\/inicio\/index.php\/2020\/03\/18\/control-social-la-pampa-habra-listado-online-los-deben-cumplir-cuarentena\/\" \/>\n<meta property=\"og:locale\" content=\"es_ES\" \/>\n<meta property=\"og:type\" content=\"article\" \/>\n<meta property=\"og:title\" content=\"En La Pampa hay 270 en cuarentena: publicar\u00e1n listado online de los que deben estar aislados - Diario Textual\" \/>\n<meta property=\"og:description\" content=\"El gobernador Sergio Ziliotto anunci\u00f3 este mi\u00e9rcoles un fuerte control social para combatir el coronavirus. Dijo que desde este jueves 19 a la tarde publicar\u00e1n en una p\u00e1gina web el&hellip;\" \/>\n<meta property=\"og:url\" content=\"https:\/\/diariotextual.com\/inicio\/index.php\/2020\/03\/18\/control-social-la-pampa-habra-listado-online-los-deben-cumplir-cuarentena\/\" \/>\n<meta property=\"og:site_name\" content=\"Diario Textual\" \/>\n<meta property=\"article:publisher\" content=\"https:\/\/www.facebook.com\/eltextual\" \/>\n<meta property=\"article:published_time\" content=\"2020-03-18T22:11:22+00:00\" \/>\n<meta property=\"article:modified_time\" content=\"2020-03-19T12:47:53+00:00\" \/>\n<meta property=\"og:image\" content=\"https:\/\/diariotextual.com\/inicio\/wp-content\/uploads\/2020\/03\/coronavirussantarosa2020-2002.jpeg\" \/>\n\t<meta property=\"og:image:width\" content=\"1280\" \/>\n\t<meta property=\"og:image:height\" content=\"848\" \/>\n\t<meta property=\"og:image:type\" content=\"image\/jpeg\" \/>\n<meta name=\"author\" content=\"Diario1 Diario1\" \/>\n<meta name=\"twitter:card\" content=\"summary_large_image\" \/>\n<meta name=\"twitter:creator\" content=\"@eltextual\" \/>\n<meta name=\"twitter:site\" content=\"@eltextual\" \/>\n<meta name=\"twitter:label1\" content=\"Escrito por\" \/>\n\t<meta name=\"twitter:data1\" content=\"Diario1 Diario1\" \/>\n\t<meta name=\"twitter:label2\" content=\"Tiempo de lectura\" \/>\n\t<meta name=\"twitter:data2\" content=\"4 minutos\" \/>\n<script type=\"application\/ld+json\" class=\"yoast-schema-graph\">{\"@context\":\"https:\\\/\\\/schema.org\",\"@graph\":[{\"@type\":\"Article\",\"@id\":\"https:\\\/\\\/diariotextual.com\\\/inicio\\\/index.php\\\/2020\\\/03\\\/18\\\/control-social-la-pampa-habra-listado-online-los-deben-cumplir-cuarentena\\\/#article\",\"isPartOf\":{\"@id\":\"https:\\\/\\\/diariotextual.com\\\/inicio\\\/index.php\\\/2020\\\/03\\\/18\\\/control-social-la-pampa-habra-listado-online-los-deben-cumplir-cuarentena\\\/\"},\"author\":{\"name\":\"Diario1 Diario1\",\"@id\":\"https:\\\/\\\/diariotextual.com\\\/inicio\\\/#\\\/schema\\\/person\\\/418fc4093c33e86ed41562db3508f958\"},\"headline\":\"En La Pampa hay 270 en cuarentena: publicar\u00e1n listado online de los que deben estar aislados\",\"datePublished\":\"2020-03-18T22:11:22+00:00\",\"dateModified\":\"2020-03-19T12:47:53+00:00\",\"mainEntityOfPage\":{\"@id\":\"https:\\\/\\\/diariotextual.com\\\/inicio\\\/index.php\\\/2020\\\/03\\\/18\\\/control-social-la-pampa-habra-listado-online-los-deben-cumplir-cuarentena\\\/\"},\"wordCount\":724,\"publisher\":{\"@id\":\"https:\\\/\\\/diariotextual.com\\\/inicio\\\/#organization\"},\"image\":{\"@id\":\"https:\\\/\\\/diariotextual.com\\\/inicio\\\/index.php\\\/2020\\\/03\\\/18\\\/control-social-la-pampa-habra-listado-online-los-deben-cumplir-cuarentena\\\/#primaryimage\"},\"thumbnailUrl\":\"https:\\\/\\\/diariotextual.com\\\/inicio\\\/wp-content\\\/uploads\\\/2020\\\/03\\\/coronavirussantarosa2020-2002.jpeg\",\"keywords\":[\"coronavirus\"],\"articleSection\":[\"SOCIEDAD\"],\"inLanguage\":\"es\"},{\"@type\":\"WebPage\",\"@id\":\"https:\\\/\\\/diariotextual.com\\\/inicio\\\/index.php\\\/2020\\\/03\\\/18\\\/control-social-la-pampa-habra-listado-online-los-deben-cumplir-cuarentena\\\/\",\"url\":\"https:\\\/\\\/diariotextual.com\\\/inicio\\\/index.php\\\/2020\\\/03\\\/18\\\/control-social-la-pampa-habra-listado-online-los-deben-cumplir-cuarentena\\\/\",\"name\":\"En La Pampa hay 270 en cuarentena: publicar\u00e1n listado online de los que deben estar aislados - Diario Textual\",\"isPartOf\":{\"@id\":\"https:\\\/\\\/diariotextual.com\\\/inicio\\\/#website\"},\"primaryImageOfPage\":{\"@id\":\"https:\\\/\\\/diariotextual.com\\\/inicio\\\/index.php\\\/2020\\\/03\\\/18\\\/control-social-la-pampa-habra-listado-online-los-deben-cumplir-cuarentena\\\/#primaryimage\"},\"image\":{\"@id\":\"https:\\\/\\\/diariotextual.com\\\/inicio\\\/index.php\\\/2020\\\/03\\\/18\\\/control-social-la-pampa-habra-listado-online-los-deben-cumplir-cuarentena\\\/#primaryimage\"},\"thumbnailUrl\":\"https:\\\/\\\/diariotextual.com\\\/inicio\\\/wp-content\\\/uploads\\\/2020\\\/03\\\/coronavirussantarosa2020-2002.jpeg\",\"datePublished\":\"2020-03-18T22:11:22+00:00\",\"dateModified\":\"2020-03-19T12:47:53+00:00\",\"breadcrumb\":{\"@id\":\"https:\\\/\\\/diariotextual.com\\\/inicio\\\/index.php\\\/2020\\\/03\\\/18\\\/control-social-la-pampa-habra-listado-online-los-deben-cumplir-cuarentena\\\/#breadcrumb\"},\"inLanguage\":\"es\",\"potentialAction\":[{\"@type\":\"ReadAction\",\"target\":[\"https:\\\/\\\/diariotextual.com\\\/inicio\\\/index.php\\\/2020\\\/03\\\/18\\\/control-social-la-pampa-habra-listado-online-los-deben-cumplir-cuarentena\\\/\"]}]},{\"@type\":\"ImageObject\",\"inLanguage\":\"es\",\"@id\":\"https:\\\/\\\/diariotextual.com\\\/inicio\\\/index.php\\\/2020\\\/03\\\/18\\\/control-social-la-pampa-habra-listado-online-los-deben-cumplir-cuarentena\\\/#primaryimage\",\"url\":\"https:\\\/\\\/diariotextual.com\\\/inicio\\\/wp-content\\\/uploads\\\/2020\\\/03\\\/coronavirussantarosa2020-2002.jpeg\",\"contentUrl\":\"https:\\\/\\\/diariotextual.com\\\/inicio\\\/wp-content\\\/uploads\\\/2020\\\/03\\\/coronavirussantarosa2020-2002.jpeg\",\"width\":1280,\"height\":848},{\"@type\":\"BreadcrumbList\",\"@id\":\"https:\\\/\\\/diariotextual.com\\\/inicio\\\/index.php\\\/2020\\\/03\\\/18\\\/control-social-la-pampa-habra-listado-online-los-deben-cumplir-cuarentena\\\/#breadcrumb\",\"itemListElement\":[{\"@type\":\"ListItem\",\"position\":1,\"name\":\"Portada\",\"item\":\"https:\\\/\\\/diariotextual.com\\\/inicio\\\/\"},{\"@type\":\"ListItem\",\"position\":2,\"name\":\"En La Pampa hay 270 en cuarentena: publicar\u00e1n listado online de los que deben estar aislados\"}]},{\"@type\":\"WebSite\",\"@id\":\"https:\\\/\\\/diariotextual.com\\\/inicio\\\/#website\",\"url\":\"https:\\\/\\\/diariotextual.com\\\/inicio\\\/\",\"name\":\"Diario Textual\",\"description\":\"\",\"publisher\":{\"@id\":\"https:\\\/\\\/diariotextual.com\\\/inicio\\\/#organization\"},\"potentialAction\":[{\"@type\":\"SearchAction\",\"target\":{\"@type\":\"EntryPoint\",\"urlTemplate\":\"https:\\\/\\\/diariotextual.com\\\/inicio\\\/?s={search_term_string}\"},\"query-input\":{\"@type\":\"PropertyValueSpecification\",\"valueRequired\":true,\"valueName\":\"search_term_string\"}}],\"inLanguage\":\"es\"},{\"@type\":\"Organization\",\"@id\":\"https:\\\/\\\/diariotextual.com\\\/inicio\\\/#organization\",\"name\":\"Diario Textual\",\"url\":\"https:\\\/\\\/diariotextual.com\\\/inicio\\\/\",\"logo\":{\"@type\":\"ImageObject\",\"inLanguage\":\"es\",\"@id\":\"https:\\\/\\\/diariotextual.com\\\/inicio\\\/#\\\/schema\\\/logo\\\/image\\\/\",\"url\":\"https:\\\/\\\/diariotextual.com\\\/inicio\\\/wp-content\\\/uploads\\\/2023\\\/05\\\/logotextual1.jpg\",\"contentUrl\":\"https:\\\/\\\/diariotextual.com\\\/inicio\\\/wp-content\\\/uploads\\\/2023\\\/05\\\/logotextual1.jpg\",\"width\":516,\"height\":76,\"caption\":\"Diario Textual\"},\"image\":{\"@id\":\"https:\\\/\\\/diariotextual.com\\\/inicio\\\/#\\\/schema\\\/logo\\\/image\\\/\"},\"sameAs\":[\"https:\\\/\\\/www.facebook.com\\\/eltextual\",\"https:\\\/\\\/x.com\\\/eltextual\",\"http:\\\/\\\/www.instagram.com\\\/eltextual\"]},{\"@type\":\"Person\",\"@id\":\"https:\\\/\\\/diariotextual.com\\\/inicio\\\/#\\\/schema\\\/person\\\/418fc4093c33e86ed41562db3508f958\",\"name\":\"Diario1 Diario1\",\"image\":{\"@type\":\"ImageObject\",\"inLanguage\":\"es\",\"@id\":\"https:\\\/\\\/secure.gravatar.com\\\/avatar\\\/9167d280179c85bc18be67aa7eda765854300033af4896dd779b608640f2ef7a?s=96&d=mm&r=g\",\"url\":\"https:\\\/\\\/secure.gravatar.com\\\/avatar\\\/9167d280179c85bc18be67aa7eda765854300033af4896dd779b608640f2ef7a?s=96&d=mm&r=g\",\"contentUrl\":\"https:\\\/\\\/secure.gravatar.com\\\/avatar\\\/9167d280179c85bc18be67aa7eda765854300033af4896dd779b608640f2ef7a?s=96&d=mm&r=g\",\"caption\":\"Diario1 Diario1\"},\"url\":\"https:\\\/\\\/diariotextual.com\\\/inicio\\\/index.php\\\/author\\\/diario1\\\/\"}]}<\/script>\n<!-- \/ Yoast SEO plugin. -->","yoast_head_json":{"title":"En La Pampa hay 270 en cuarentena: publicar\u00e1n listado online de los que deben estar aislados - Diario Textual","robots":{"index":"index","follow":"follow","max-snippet":"max-snippet:-1","max-image-preview":"max-image-preview:large","max-video-preview":"max-video-preview:-1"},"canonical":"https:\/\/diariotextual.com\/inicio\/index.php\/2020\/03\/18\/control-social-la-pampa-habra-listado-online-los-deben-cumplir-cuarentena\/","og_locale":"es_ES","og_type":"article","og_title":"En La Pampa hay 270 en cuarentena: publicar\u00e1n listado online de los que deben estar aislados - Diario Textual","og_description":"El gobernador Sergio Ziliotto anunci\u00f3 este mi\u00e9rcoles un fuerte control social para combatir el coronavirus. Dijo que desde este jueves 19 a la tarde publicar\u00e1n en una p\u00e1gina web el&hellip;","og_url":"https:\/\/diariotextual.com\/inicio\/index.php\/2020\/03\/18\/control-social-la-pampa-habra-listado-online-los-deben-cumplir-cuarentena\/","og_site_name":"Diario Textual","article_publisher":"https:\/\/www.facebook.com\/eltextual","article_published_time":"2020-03-18T22:11:22+00:00","article_modified_time":"2020-03-19T12:47:53+00:00","og_image":[{"width":1280,"height":848,"url":"https:\/\/diariotextual.com\/inicio\/wp-content\/uploads\/2020\/03\/coronavirussantarosa2020-2002.jpeg","type":"image\/jpeg"}],"author":"Diario1 Diario1","twitter_card":"summary_large_image","twitter_creator":"@eltextual","twitter_site":"@eltextual","twitter_misc":{"Escrito por":"Diario1 Diario1","Tiempo de lectura":"4 minutos"},"schema":{"@context":"https:\/\/schema.org","@graph":[{"@type":"Article","@id":"https:\/\/diariotextual.com\/inicio\/index.php\/2020\/03\/18\/control-social-la-pampa-habra-listado-online-los-deben-cumplir-cuarentena\/#article","isPartOf":{"@id":"https:\/\/diariotextual.com\/inicio\/index.php\/2020\/03\/18\/control-social-la-pampa-habra-listado-online-los-deben-cumplir-cuarentena\/"},"author":{"name":"Diario1 Diario1","@id":"https:\/\/diariotextual.com\/inicio\/#\/schema\/person\/418fc4093c33e86ed41562db3508f958"},"headline":"En La Pampa hay 270 en cuarentena: publicar\u00e1n listado online de los que deben estar aislados","datePublished":"2020-03-18T22:11:22+00:00","dateModified":"2020-03-19T12:47:53+00:00","mainEntityOfPage":{"@id":"https:\/\/diariotextual.com\/inicio\/index.php\/2020\/03\/18\/control-social-la-pampa-habra-listado-online-los-deben-cumplir-cuarentena\/"},"wordCount":724,"publisher":{"@id":"https:\/\/diariotextual.com\/inicio\/#organization"},"image":{"@id":"https:\/\/diariotextual.com\/inicio\/index.php\/2020\/03\/18\/control-social-la-pampa-habra-listado-online-los-deben-cumplir-cuarentena\/#primaryimage"},"thumbnailUrl":"https:\/\/diariotextual.com\/inicio\/wp-content\/uploads\/2020\/03\/coronavirussantarosa2020-2002.jpeg","keywords":["coronavirus"],"articleSection":["SOCIEDAD"],"inLanguage":"es"},{"@type":"WebPage","@id":"https:\/\/diariotextual.com\/inicio\/index.php\/2020\/03\/18\/control-social-la-pampa-habra-listado-online-los-deben-cumplir-cuarentena\/","url":"https:\/\/diariotextual.com\/inicio\/index.php\/2020\/03\/18\/control-social-la-pampa-habra-listado-online-los-deben-cumplir-cuarentena\/","name":"En La Pampa hay 270 en cuarentena: publicar\u00e1n listado online de los que deben estar aislados - Diario Textual","isPartOf":{"@id":"https:\/\/diariotextual.com\/inicio\/#website"},"primaryImageOfPage":{"@id":"https:\/\/diariotextual.com\/inicio\/index.php\/2020\/03\/18\/control-social-la-pampa-habra-listado-online-los-deben-cumplir-cuarentena\/#primaryimage"},"image":{"@id":"https:\/\/diariotextual.com\/inicio\/index.php\/2020\/03\/18\/control-social-la-pampa-habra-listado-online-los-deben-cumplir-cuarentena\/#primaryimage"},"thumbnailUrl":"https:\/\/diariotextual.com\/inicio\/wp-content\/uploads\/2020\/03\/coronavirussantarosa2020-2002.jpeg","datePublished":"2020-03-18T22:11:22+00:00","dateModified":"2020-03-19T12:47:53+00:00","breadcrumb":{"@id":"https:\/\/diariotextual.com\/inicio\/index.php\/2020\/03\/18\/control-social-la-pampa-habra-listado-online-los-deben-cumplir-cuarentena\/#breadcrumb"},"inLanguage":"es","potentialAction":[{"@type":"ReadAction","target":["https:\/\/diariotextual.com\/inicio\/index.php\/2020\/03\/18\/control-social-la-pampa-habra-listado-online-los-deben-cumplir-cuarentena\/"]}]},{"@type":"ImageObject","inLanguage":"es","@id":"https:\/\/diariotextual.com\/inicio\/index.php\/2020\/03\/18\/control-social-la-pampa-habra-listado-online-los-deben-cumplir-cuarentena\/#primaryimage","url":"https:\/\/diariotextual.com\/inicio\/wp-content\/uploads\/2020\/03\/coronavirussantarosa2020-2002.jpeg","contentUrl":"https:\/\/diariotextual.com\/inicio\/wp-content\/uploads\/2020\/03\/coronavirussantarosa2020-2002.jpeg","width":1280,"height":848},{"@type":"BreadcrumbList","@id":"https:\/\/diariotextual.com\/inicio\/index.php\/2020\/03\/18\/control-social-la-pampa-habra-listado-online-los-deben-cumplir-cuarentena\/#breadcrumb","itemListElement":[{"@type":"ListItem","position":1,"name":"Portada","item":"https:\/\/diariotextual.com\/inicio\/"},{"@type":"ListItem","position":2,"name":"En La Pampa hay 270 en cuarentena: publicar\u00e1n listado online de los que deben estar aislados"}]},{"@type":"WebSite","@id":"https:\/\/diariotextual.com\/inicio\/#website","url":"https:\/\/diariotextual.com\/inicio\/","name":"Diario Textual","description":"","publisher":{"@id":"https:\/\/diariotextual.com\/inicio\/#organization"},"potentialAction":[{"@type":"SearchAction","target":{"@type":"EntryPoint","urlTemplate":"https:\/\/diariotextual.com\/inicio\/?s={search_term_string}"},"query-input":{"@type":"PropertyValueSpecification","valueRequired":true,"valueName":"search_term_string"}}],"inLanguage":"es"},{"@type":"Organization","@id":"https:\/\/diariotextual.com\/inicio\/#organization","name":"Diario Textual","url":"https:\/\/diariotextual.com\/inicio\/","logo":{"@type":"ImageObject","inLanguage":"es","@id":"https:\/\/diariotextual.com\/inicio\/#\/schema\/logo\/image\/","url":"https:\/\/diariotextual.com\/inicio\/wp-content\/uploads\/2023\/05\/logotextual1.jpg","contentUrl":"https:\/\/diariotextual.com\/inicio\/wp-content\/uploads\/2023\/05\/logotextual1.jpg","width":516,"height":76,"caption":"Diario Textual"},"image":{"@id":"https:\/\/diariotextual.com\/inicio\/#\/schema\/logo\/image\/"},"sameAs":["https:\/\/www.facebook.com\/eltextual","https:\/\/x.com\/eltextual","http:\/\/www.instagram.com\/eltextual"]},{"@type":"Person","@id":"https:\/\/diariotextual.com\/inicio\/#\/schema\/person\/418fc4093c33e86ed41562db3508f958","name":"Diario1 Diario1","image":{"@type":"ImageObject","inLanguage":"es","@id":"https:\/\/secure.gravatar.com\/avatar\/9167d280179c85bc18be67aa7eda765854300033af4896dd779b608640f2ef7a?s=96&d=mm&r=g","url":"https:\/\/secure.gravatar.com\/avatar\/9167d280179c85bc18be67aa7eda765854300033af4896dd779b608640f2ef7a?s=96&d=mm&r=g","contentUrl":"https:\/\/secure.gravatar.com\/avatar\/9167d280179c85bc18be67aa7eda765854300033af4896dd779b608640f2ef7a?s=96&d=mm&r=g","caption":"Diario1 Diario1"},"url":"https:\/\/diariotextual.com\/inicio\/index.php\/author\/diario1\/"}]}},"_links":{"self":[{"href":"https:\/\/diariotextual.com\/inicio\/index.php\/wp-json\/wp\/v2\/posts\/84331","targetHints":{"allow":["GET"]}}],"collection":[{"href":"https:\/\/diariotextual.com\/inicio\/index.php\/wp-json\/wp\/v2\/posts"}],"about":[{"href":"https:\/\/diariotextual.com\/inicio\/index.php\/wp-json\/wp\/v2\/types\/post"}],"author":[{"embeddable":true,"href":"https:\/\/diariotextual.com\/inicio\/index.php\/wp-json\/wp\/v2\/users\/3"}],"replies":[{"embeddable":true,"href":"https:\/\/diariotextual.com\/inicio\/index.php\/wp-json\/wp\/v2\/comments?post=84331"}],"version-history":[{"count":8,"href":"https:\/\/diariotextual.com\/inicio\/index.php\/wp-json\/wp\/v2\/posts\/84331\/revisions"}],"predecessor-version":[{"id":84382,"href":"https:\/\/diariotextual.com\/inicio\/index.php\/wp-json\/wp\/v2\/posts\/84331\/revisions\/84382"}],"wp:featuredmedia":[{"embeddable":true,"href":"https:\/\/diariotextual.com\/inicio\/index.php\/wp-json\/wp\/v2\/media\/84131"}],"wp:attachment":[{"href":"https:\/\/diariotextual.com\/inicio\/index.php\/wp-json\/wp\/v2\/media?parent=84331"}],"wp:term":[{"taxonomy":"category","embeddable":true,"href":"https:\/\/diariotextual.com\/inicio\/index.php\/wp-json\/wp\/v2\/categories?post=84331"},{"taxonomy":"post_tag","embeddable":true,"href":"https:\/\/diariotextual.com\/inicio\/index.php\/wp-json\/wp\/v2\/tags?post=84331"}],"curies":[{"name":"wp","href":"https:\/\/api.w.org\/{rel}","templated":true}]}}