{"id":84390,"date":"2020-03-18T20:37:10","date_gmt":"2020-03-18T23:37:10","guid":{"rendered":"http:\/\/diariotextual.com\/inicio\/?p=84390"},"modified":"2020-03-19T13:02:12","modified_gmt":"2020-03-19T16:02:12","slug":"podran-ingresar-los-micros-los-transportes-mercaderia-la-provincia","status":"publish","type":"post","link":"https:\/\/diariotextual.com\/inicio\/index.php\/2020\/03\/18\/podran-ingresar-los-micros-los-transportes-mercaderia-la-provincia\/","title":{"rendered":"C\u00f3mo podr\u00e1n ingresar los micros y los transportes de mercader\u00eda a la provincia"},"content":{"rendered":"<p>El gobernador\u00a0<strong>Sergio Ziliotto<\/strong>\u00a0anunci\u00f3 que\u00a0<strong>desde las 0 horas del viernes 20, y por tiempo indeterminado, solo podr\u00e1n ingresar a La Pampa las personas que tienen domicilio en la provincia<\/strong>. De estas medidas estar\u00e1n exceptuado los transportes de cargas y de pasajeros, aunque con fuertes limitaciones.<\/p>\n<p>\u201c<strong>Solo podr\u00e1n ingresar aquellas personas que tengan domicilio en nuestra provincia.<\/strong>\u00a0La excepci\u00f3n va a estar dada, por supuesto, a los veh\u00edculos afectados a la salud y la seguridad.\u00a0 Tambi\u00e9n a todos los transportes a las mercader\u00edas (NdeR: a excepci\u00f3n de los extranjeros), para no afectar a\u00fan m\u00e1s a la actividad econ\u00f3mica. En ese caso, habr\u00e1 medidas especiales para los que est\u00e9n al volante de esos veh\u00edculos. Creo que estamos dando una muestra m\u00e1s, en una bater\u00eda de medidas progresivas, que tienen que ver con la prevenci\u00f3n.\u00a0<strong>Seguimos en la etapa de prevenci\u00f3n, de contenci\u00f3n, de solidaridad social y, tambi\u00e9n de control social<\/strong>\u201d, sostuvo.<\/p>\n<p>Estas son las limitaciones a los colectivos de larga distancia y los transportes de carga:<\/p>\n<p>&#8211;<em><strong>Micros:<\/strong> <\/em>podr\u00e1n pasar por La Pampa, pero sin hacer escala. \u00abEntrar\u00e1n y saldr\u00e1n\u00bb, dijo el mandatario.<\/p>\n<p><em><strong>-Transportes de mercader\u00eda de otras provincias:<\/strong><\/em> tendr\u00e1n un control espec\u00edfico de las autoridades policiales, con el fin de hacer las consultas a cada provincia para saber si los conductores tienen alg\u00fan impedimento para circular.<\/p>\n<p><em><strong>-Transportes de mercader\u00eda de otros pa\u00edses:<\/strong><\/em> los conductores extranjeros directamente no podr\u00e1n pasar. \u00abTendr\u00e1n que rodear la provincia\u00bb, dijo Ziliotto.<\/p>\n<blockquote class=\"wp-embedded-content\" data-secret=\"aNuXZwaEE9\"><p><a href=\"http:\/\/diariotextual.com\/inicio\/index.php\/2020\/03\/18\/la-pampa-se-blinda-coronavirus-desde-viernes-solo-podran-ingresar-pampeanos\/\">La Pampa se blinda con el coronavirus: desde el viernes solo podr\u00e1n ingresar pampeanos<\/a><\/p><\/blockquote>\n<p><iframe class=\"wp-embedded-content\" sandbox=\"allow-scripts\" security=\"restricted\" style=\"position: absolute; clip: rect(1px, 1px, 1px, 1px);\" src=\"http:\/\/diariotextual.com\/inicio\/index.php\/2020\/03\/18\/la-pampa-se-blinda-coronavirus-desde-viernes-solo-podran-ingresar-pampeanos\/embed\/#?secret=aNuXZwaEE9\" data-secret=\"aNuXZwaEE9\" width=\"600\" height=\"338\" title=\"&#171;La Pampa se blinda con el coronavirus: desde el viernes solo podr\u00e1n ingresar pampeanos&#187; &#8212; Diario Textual\" frameborder=\"0\" marginwidth=\"0\" marginheight=\"0\" scrolling=\"no\"><\/iframe><\/p>\n","protected":false},"excerpt":{"rendered":"<p>El gobernador\u00a0Sergio Ziliotto\u00a0anunci\u00f3 que\u00a0desde las 0 horas del viernes 20, y por tiempo indeterminado, solo podr\u00e1n ingresar a La Pampa las personas que tienen domicilio en la provincia. De estas&hellip;<\/p>\n","protected":false},"author":3,"featured_media":13536,"comment_status":"closed","ping_status":"open","sticky":false,"template":"","format":"standard","meta":{"_acf_changed":false,"footnotes":""},"categories":[319,5],"tags":[2662],"class_list":["post-84390","post","type-post","status-publish","format-standard","has-post-thumbnail","hentry","category-a-temporales","category-economia","tag-coronavirus"],"acf":[],"yoast_head":"<!-- This site is optimized with the Yoast SEO plugin v27.5 - https:\/\/yoast.com\/product\/yoast-seo-wordpress\/ -->\n<title>C\u00f3mo podr\u00e1n ingresar los micros y los transportes de mercader\u00eda a la provincia - Diario Textual<\/title>\n<meta name=\"robots\" content=\"index, follow, max-snippet:-1, max-image-preview:large, max-video-preview:-1\" \/>\n<link rel=\"canonical\" href=\"https:\/\/diariotextual.com\/inicio\/index.php\/2020\/03\/18\/podran-ingresar-los-micros-los-transportes-mercaderia-la-provincia\/\" \/>\n<meta property=\"og:locale\" content=\"es_ES\" \/>\n<meta property=\"og:type\" content=\"article\" \/>\n<meta property=\"og:title\" content=\"C\u00f3mo podr\u00e1n ingresar los micros y los transportes de mercader\u00eda a la provincia - Diario Textual\" \/>\n<meta property=\"og:description\" content=\"El gobernador\u00a0Sergio Ziliotto\u00a0anunci\u00f3 que\u00a0desde las 0 horas del viernes 20, y por tiempo indeterminado, solo podr\u00e1n ingresar a La Pampa las personas que tienen domicilio en la provincia. De estas&hellip;\" \/>\n<meta property=\"og:url\" content=\"https:\/\/diariotextual.com\/inicio\/index.php\/2020\/03\/18\/podran-ingresar-los-micros-los-transportes-mercaderia-la-provincia\/\" \/>\n<meta property=\"og:site_name\" content=\"Diario Textual\" \/>\n<meta property=\"article:publisher\" content=\"https:\/\/www.facebook.com\/eltextual\" \/>\n<meta property=\"article:published_time\" content=\"2020-03-18T23:37:10+00:00\" \/>\n<meta property=\"article:modified_time\" content=\"2020-03-19T16:02:12+00:00\" \/>\n<meta property=\"og:image\" content=\"https:\/\/diariotextual.com\/inicio\/wp-content\/uploads\/2018\/07\/camiontransporteruta.jpg\" \/>\n\t<meta property=\"og:image:width\" content=\"640\" \/>\n\t<meta property=\"og:image:height\" content=\"380\" \/>\n\t<meta property=\"og:image:type\" content=\"image\/jpeg\" \/>\n<meta name=\"author\" content=\"Diario1 Diario1\" \/>\n<meta name=\"twitter:card\" content=\"summary_large_image\" \/>\n<meta name=\"twitter:creator\" content=\"@eltextual\" \/>\n<meta name=\"twitter:site\" content=\"@eltextual\" \/>\n<meta name=\"twitter:label1\" content=\"Escrito por\" \/>\n\t<meta name=\"twitter:data1\" content=\"Diario1 Diario1\" \/>\n\t<meta name=\"twitter:label2\" content=\"Tiempo de lectura\" \/>\n\t<meta name=\"twitter:data2\" content=\"1 minuto\" \/>\n<script type=\"application\/ld+json\" class=\"yoast-schema-graph\">{\"@context\":\"https:\\\/\\\/schema.org\",\"@graph\":[{\"@type\":\"Article\",\"@id\":\"https:\\\/\\\/diariotextual.com\\\/inicio\\\/index.php\\\/2020\\\/03\\\/18\\\/podran-ingresar-los-micros-los-transportes-mercaderia-la-provincia\\\/#article\",\"isPartOf\":{\"@id\":\"https:\\\/\\\/diariotextual.com\\\/inicio\\\/index.php\\\/2020\\\/03\\\/18\\\/podran-ingresar-los-micros-los-transportes-mercaderia-la-provincia\\\/\"},\"author\":{\"name\":\"Diario1 Diario1\",\"@id\":\"https:\\\/\\\/diariotextual.com\\\/inicio\\\/#\\\/schema\\\/person\\\/418fc4093c33e86ed41562db3508f958\"},\"headline\":\"C\u00f3mo podr\u00e1n ingresar los micros y los transportes de mercader\u00eda a la provincia\",\"datePublished\":\"2020-03-18T23:37:10+00:00\",\"dateModified\":\"2020-03-19T16:02:12+00:00\",\"mainEntityOfPage\":{\"@id\":\"https:\\\/\\\/diariotextual.com\\\/inicio\\\/index.php\\\/2020\\\/03\\\/18\\\/podran-ingresar-los-micros-los-transportes-mercaderia-la-provincia\\\/\"},\"wordCount\":288,\"publisher\":{\"@id\":\"https:\\\/\\\/diariotextual.com\\\/inicio\\\/#organization\"},\"image\":{\"@id\":\"https:\\\/\\\/diariotextual.com\\\/inicio\\\/index.php\\\/2020\\\/03\\\/18\\\/podran-ingresar-los-micros-los-transportes-mercaderia-la-provincia\\\/#primaryimage\"},\"thumbnailUrl\":\"https:\\\/\\\/diariotextual.com\\\/inicio\\\/wp-content\\\/uploads\\\/2018\\\/07\\\/camiontransporteruta.jpg\",\"keywords\":[\"coronavirus\"],\"articleSection\":[\"A - TEMPORALES\",\"ECONOMIA\"],\"inLanguage\":\"es\"},{\"@type\":\"WebPage\",\"@id\":\"https:\\\/\\\/diariotextual.com\\\/inicio\\\/index.php\\\/2020\\\/03\\\/18\\\/podran-ingresar-los-micros-los-transportes-mercaderia-la-provincia\\\/\",\"url\":\"https:\\\/\\\/diariotextual.com\\\/inicio\\\/index.php\\\/2020\\\/03\\\/18\\\/podran-ingresar-los-micros-los-transportes-mercaderia-la-provincia\\\/\",\"name\":\"C\u00f3mo podr\u00e1n ingresar los micros y los transportes de mercader\u00eda a la provincia - Diario Textual\",\"isPartOf\":{\"@id\":\"https:\\\/\\\/diariotextual.com\\\/inicio\\\/#website\"},\"primaryImageOfPage\":{\"@id\":\"https:\\\/\\\/diariotextual.com\\\/inicio\\\/index.php\\\/2020\\\/03\\\/18\\\/podran-ingresar-los-micros-los-transportes-mercaderia-la-provincia\\\/#primaryimage\"},\"image\":{\"@id\":\"https:\\\/\\\/diariotextual.com\\\/inicio\\\/index.php\\\/2020\\\/03\\\/18\\\/podran-ingresar-los-micros-los-transportes-mercaderia-la-provincia\\\/#primaryimage\"},\"thumbnailUrl\":\"https:\\\/\\\/diariotextual.com\\\/inicio\\\/wp-content\\\/uploads\\\/2018\\\/07\\\/camiontransporteruta.jpg\",\"datePublished\":\"2020-03-18T23:37:10+00:00\",\"dateModified\":\"2020-03-19T16:02:12+00:00\",\"breadcrumb\":{\"@id\":\"https:\\\/\\\/diariotextual.com\\\/inicio\\\/index.php\\\/2020\\\/03\\\/18\\\/podran-ingresar-los-micros-los-transportes-mercaderia-la-provincia\\\/#breadcrumb\"},\"inLanguage\":\"es\",\"potentialAction\":[{\"@type\":\"ReadAction\",\"target\":[\"https:\\\/\\\/diariotextual.com\\\/inicio\\\/index.php\\\/2020\\\/03\\\/18\\\/podran-ingresar-los-micros-los-transportes-mercaderia-la-provincia\\\/\"]}]},{\"@type\":\"ImageObject\",\"inLanguage\":\"es\",\"@id\":\"https:\\\/\\\/diariotextual.com\\\/inicio\\\/index.php\\\/2020\\\/03\\\/18\\\/podran-ingresar-los-micros-los-transportes-mercaderia-la-provincia\\\/#primaryimage\",\"url\":\"https:\\\/\\\/diariotextual.com\\\/inicio\\\/wp-content\\\/uploads\\\/2018\\\/07\\\/camiontransporteruta.jpg\",\"contentUrl\":\"https:\\\/\\\/diariotextual.com\\\/inicio\\\/wp-content\\\/uploads\\\/2018\\\/07\\\/camiontransporteruta.jpg\",\"width\":640,\"height\":380},{\"@type\":\"BreadcrumbList\",\"@id\":\"https:\\\/\\\/diariotextual.com\\\/inicio\\\/index.php\\\/2020\\\/03\\\/18\\\/podran-ingresar-los-micros-los-transportes-mercaderia-la-provincia\\\/#breadcrumb\",\"itemListElement\":[{\"@type\":\"ListItem\",\"position\":1,\"name\":\"Portada\",\"item\":\"https:\\\/\\\/diariotextual.com\\\/inicio\\\/\"},{\"@type\":\"ListItem\",\"position\":2,\"name\":\"C\u00f3mo podr\u00e1n ingresar los micros y los transportes de mercader\u00eda a la provincia\"}]},{\"@type\":\"WebSite\",\"@id\":\"https:\\\/\\\/diariotextual.com\\\/inicio\\\/#website\",\"url\":\"https:\\\/\\\/diariotextual.com\\\/inicio\\\/\",\"name\":\"Diario Textual\",\"description\":\"\",\"publisher\":{\"@id\":\"https:\\\/\\\/diariotextual.com\\\/inicio\\\/#organization\"},\"potentialAction\":[{\"@type\":\"SearchAction\",\"target\":{\"@type\":\"EntryPoint\",\"urlTemplate\":\"https:\\\/\\\/diariotextual.com\\\/inicio\\\/?s={search_term_string}\"},\"query-input\":{\"@type\":\"PropertyValueSpecification\",\"valueRequired\":true,\"valueName\":\"search_term_string\"}}],\"inLanguage\":\"es\"},{\"@type\":\"Organization\",\"@id\":\"https:\\\/\\\/diariotextual.com\\\/inicio\\\/#organization\",\"name\":\"Diario Textual\",\"url\":\"https:\\\/\\\/diariotextual.com\\\/inicio\\\/\",\"logo\":{\"@type\":\"ImageObject\",\"inLanguage\":\"es\",\"@id\":\"https:\\\/\\\/diariotextual.com\\\/inicio\\\/#\\\/schema\\\/logo\\\/image\\\/\",\"url\":\"https:\\\/\\\/diariotextual.com\\\/inicio\\\/wp-content\\\/uploads\\\/2023\\\/05\\\/logotextual1.jpg\",\"contentUrl\":\"https:\\\/\\\/diariotextual.com\\\/inicio\\\/wp-content\\\/uploads\\\/2023\\\/05\\\/logotextual1.jpg\",\"width\":516,\"height\":76,\"caption\":\"Diario Textual\"},\"image\":{\"@id\":\"https:\\\/\\\/diariotextual.com\\\/inicio\\\/#\\\/schema\\\/logo\\\/image\\\/\"},\"sameAs\":[\"https:\\\/\\\/www.facebook.com\\\/eltextual\",\"https:\\\/\\\/x.com\\\/eltextual\",\"http:\\\/\\\/www.instagram.com\\\/eltextual\"]},{\"@type\":\"Person\",\"@id\":\"https:\\\/\\\/diariotextual.com\\\/inicio\\\/#\\\/schema\\\/person\\\/418fc4093c33e86ed41562db3508f958\",\"name\":\"Diario1 Diario1\",\"image\":{\"@type\":\"ImageObject\",\"inLanguage\":\"es\",\"@id\":\"https:\\\/\\\/secure.gravatar.com\\\/avatar\\\/9167d280179c85bc18be67aa7eda765854300033af4896dd779b608640f2ef7a?s=96&d=mm&r=g\",\"url\":\"https:\\\/\\\/secure.gravatar.com\\\/avatar\\\/9167d280179c85bc18be67aa7eda765854300033af4896dd779b608640f2ef7a?s=96&d=mm&r=g\",\"contentUrl\":\"https:\\\/\\\/secure.gravatar.com\\\/avatar\\\/9167d280179c85bc18be67aa7eda765854300033af4896dd779b608640f2ef7a?s=96&d=mm&r=g\",\"caption\":\"Diario1 Diario1\"},\"url\":\"https:\\\/\\\/diariotextual.com\\\/inicio\\\/index.php\\\/author\\\/diario1\\\/\"}]}<\/script>\n<!-- \/ Yoast SEO plugin. -->","yoast_head_json":{"title":"C\u00f3mo podr\u00e1n ingresar los micros y los transportes de mercader\u00eda a la provincia - Diario Textual","robots":{"index":"index","follow":"follow","max-snippet":"max-snippet:-1","max-image-preview":"max-image-preview:large","max-video-preview":"max-video-preview:-1"},"canonical":"https:\/\/diariotextual.com\/inicio\/index.php\/2020\/03\/18\/podran-ingresar-los-micros-los-transportes-mercaderia-la-provincia\/","og_locale":"es_ES","og_type":"article","og_title":"C\u00f3mo podr\u00e1n ingresar los micros y los transportes de mercader\u00eda a la provincia - Diario Textual","og_description":"El gobernador\u00a0Sergio Ziliotto\u00a0anunci\u00f3 que\u00a0desde las 0 horas del viernes 20, y por tiempo indeterminado, solo podr\u00e1n ingresar a La Pampa las personas que tienen domicilio en la provincia. De estas&hellip;","og_url":"https:\/\/diariotextual.com\/inicio\/index.php\/2020\/03\/18\/podran-ingresar-los-micros-los-transportes-mercaderia-la-provincia\/","og_site_name":"Diario Textual","article_publisher":"https:\/\/www.facebook.com\/eltextual","article_published_time":"2020-03-18T23:37:10+00:00","article_modified_time":"2020-03-19T16:02:12+00:00","og_image":[{"width":640,"height":380,"url":"https:\/\/diariotextual.com\/inicio\/wp-content\/uploads\/2018\/07\/camiontransporteruta.jpg","type":"image\/jpeg"}],"author":"Diario1 Diario1","twitter_card":"summary_large_image","twitter_creator":"@eltextual","twitter_site":"@eltextual","twitter_misc":{"Escrito por":"Diario1 Diario1","Tiempo de lectura":"1 minuto"},"schema":{"@context":"https:\/\/schema.org","@graph":[{"@type":"Article","@id":"https:\/\/diariotextual.com\/inicio\/index.php\/2020\/03\/18\/podran-ingresar-los-micros-los-transportes-mercaderia-la-provincia\/#article","isPartOf":{"@id":"https:\/\/diariotextual.com\/inicio\/index.php\/2020\/03\/18\/podran-ingresar-los-micros-los-transportes-mercaderia-la-provincia\/"},"author":{"name":"Diario1 Diario1","@id":"https:\/\/diariotextual.com\/inicio\/#\/schema\/person\/418fc4093c33e86ed41562db3508f958"},"headline":"C\u00f3mo podr\u00e1n ingresar los micros y los transportes de mercader\u00eda a la provincia","datePublished":"2020-03-18T23:37:10+00:00","dateModified":"2020-03-19T16:02:12+00:00","mainEntityOfPage":{"@id":"https:\/\/diariotextual.com\/inicio\/index.php\/2020\/03\/18\/podran-ingresar-los-micros-los-transportes-mercaderia-la-provincia\/"},"wordCount":288,"publisher":{"@id":"https:\/\/diariotextual.com\/inicio\/#organization"},"image":{"@id":"https:\/\/diariotextual.com\/inicio\/index.php\/2020\/03\/18\/podran-ingresar-los-micros-los-transportes-mercaderia-la-provincia\/#primaryimage"},"thumbnailUrl":"https:\/\/diariotextual.com\/inicio\/wp-content\/uploads\/2018\/07\/camiontransporteruta.jpg","keywords":["coronavirus"],"articleSection":["A - TEMPORALES","ECONOMIA"],"inLanguage":"es"},{"@type":"WebPage","@id":"https:\/\/diariotextual.com\/inicio\/index.php\/2020\/03\/18\/podran-ingresar-los-micros-los-transportes-mercaderia-la-provincia\/","url":"https:\/\/diariotextual.com\/inicio\/index.php\/2020\/03\/18\/podran-ingresar-los-micros-los-transportes-mercaderia-la-provincia\/","name":"C\u00f3mo podr\u00e1n ingresar los micros y los transportes de mercader\u00eda a la provincia - Diario Textual","isPartOf":{"@id":"https:\/\/diariotextual.com\/inicio\/#website"},"primaryImageOfPage":{"@id":"https:\/\/diariotextual.com\/inicio\/index.php\/2020\/03\/18\/podran-ingresar-los-micros-los-transportes-mercaderia-la-provincia\/#primaryimage"},"image":{"@id":"https:\/\/diariotextual.com\/inicio\/index.php\/2020\/03\/18\/podran-ingresar-los-micros-los-transportes-mercaderia-la-provincia\/#primaryimage"},"thumbnailUrl":"https:\/\/diariotextual.com\/inicio\/wp-content\/uploads\/2018\/07\/camiontransporteruta.jpg","datePublished":"2020-03-18T23:37:10+00:00","dateModified":"2020-03-19T16:02:12+00:00","breadcrumb":{"@id":"https:\/\/diariotextual.com\/inicio\/index.php\/2020\/03\/18\/podran-ingresar-los-micros-los-transportes-mercaderia-la-provincia\/#breadcrumb"},"inLanguage":"es","potentialAction":[{"@type":"ReadAction","target":["https:\/\/diariotextual.com\/inicio\/index.php\/2020\/03\/18\/podran-ingresar-los-micros-los-transportes-mercaderia-la-provincia\/"]}]},{"@type":"ImageObject","inLanguage":"es","@id":"https:\/\/diariotextual.com\/inicio\/index.php\/2020\/03\/18\/podran-ingresar-los-micros-los-transportes-mercaderia-la-provincia\/#primaryimage","url":"https:\/\/diariotextual.com\/inicio\/wp-content\/uploads\/2018\/07\/camiontransporteruta.jpg","contentUrl":"https:\/\/diariotextual.com\/inicio\/wp-content\/uploads\/2018\/07\/camiontransporteruta.jpg","width":640,"height":380},{"@type":"BreadcrumbList","@id":"https:\/\/diariotextual.com\/inicio\/index.php\/2020\/03\/18\/podran-ingresar-los-micros-los-transportes-mercaderia-la-provincia\/#breadcrumb","itemListElement":[{"@type":"ListItem","position":1,"name":"Portada","item":"https:\/\/diariotextual.com\/inicio\/"},{"@type":"ListItem","position":2,"name":"C\u00f3mo podr\u00e1n ingresar los micros y los transportes de mercader\u00eda a la provincia"}]},{"@type":"WebSite","@id":"https:\/\/diariotextual.com\/inicio\/#website","url":"https:\/\/diariotextual.com\/inicio\/","name":"Diario Textual","description":"","publisher":{"@id":"https:\/\/diariotextual.com\/inicio\/#organization"},"potentialAction":[{"@type":"SearchAction","target":{"@type":"EntryPoint","urlTemplate":"https:\/\/diariotextual.com\/inicio\/?s={search_term_string}"},"query-input":{"@type":"PropertyValueSpecification","valueRequired":true,"valueName":"search_term_string"}}],"inLanguage":"es"},{"@type":"Organization","@id":"https:\/\/diariotextual.com\/inicio\/#organization","name":"Diario Textual","url":"https:\/\/diariotextual.com\/inicio\/","logo":{"@type":"ImageObject","inLanguage":"es","@id":"https:\/\/diariotextual.com\/inicio\/#\/schema\/logo\/image\/","url":"https:\/\/diariotextual.com\/inicio\/wp-content\/uploads\/2023\/05\/logotextual1.jpg","contentUrl":"https:\/\/diariotextual.com\/inicio\/wp-content\/uploads\/2023\/05\/logotextual1.jpg","width":516,"height":76,"caption":"Diario Textual"},"image":{"@id":"https:\/\/diariotextual.com\/inicio\/#\/schema\/logo\/image\/"},"sameAs":["https:\/\/www.facebook.com\/eltextual","https:\/\/x.com\/eltextual","http:\/\/www.instagram.com\/eltextual"]},{"@type":"Person","@id":"https:\/\/diariotextual.com\/inicio\/#\/schema\/person\/418fc4093c33e86ed41562db3508f958","name":"Diario1 Diario1","image":{"@type":"ImageObject","inLanguage":"es","@id":"https:\/\/secure.gravatar.com\/avatar\/9167d280179c85bc18be67aa7eda765854300033af4896dd779b608640f2ef7a?s=96&d=mm&r=g","url":"https:\/\/secure.gravatar.com\/avatar\/9167d280179c85bc18be67aa7eda765854300033af4896dd779b608640f2ef7a?s=96&d=mm&r=g","contentUrl":"https:\/\/secure.gravatar.com\/avatar\/9167d280179c85bc18be67aa7eda765854300033af4896dd779b608640f2ef7a?s=96&d=mm&r=g","caption":"Diario1 Diario1"},"url":"https:\/\/diariotextual.com\/inicio\/index.php\/author\/diario1\/"}]}},"_links":{"self":[{"href":"https:\/\/diariotextual.com\/inicio\/index.php\/wp-json\/wp\/v2\/posts\/84390","targetHints":{"allow":["GET"]}}],"collection":[{"href":"https:\/\/diariotextual.com\/inicio\/index.php\/wp-json\/wp\/v2\/posts"}],"about":[{"href":"https:\/\/diariotextual.com\/inicio\/index.php\/wp-json\/wp\/v2\/types\/post"}],"author":[{"embeddable":true,"href":"https:\/\/diariotextual.com\/inicio\/index.php\/wp-json\/wp\/v2\/users\/3"}],"replies":[{"embeddable":true,"href":"https:\/\/diariotextual.com\/inicio\/index.php\/wp-json\/wp\/v2\/comments?post=84390"}],"version-history":[{"count":4,"href":"https:\/\/diariotextual.com\/inicio\/index.php\/wp-json\/wp\/v2\/posts\/84390\/revisions"}],"predecessor-version":[{"id":84401,"href":"https:\/\/diariotextual.com\/inicio\/index.php\/wp-json\/wp\/v2\/posts\/84390\/revisions\/84401"}],"wp:featuredmedia":[{"embeddable":true,"href":"https:\/\/diariotextual.com\/inicio\/index.php\/wp-json\/wp\/v2\/media\/13536"}],"wp:attachment":[{"href":"https:\/\/diariotextual.com\/inicio\/index.php\/wp-json\/wp\/v2\/media?parent=84390"}],"wp:term":[{"taxonomy":"category","embeddable":true,"href":"https:\/\/diariotextual.com\/inicio\/index.php\/wp-json\/wp\/v2\/categories?post=84390"},{"taxonomy":"post_tag","embeddable":true,"href":"https:\/\/diariotextual.com\/inicio\/index.php\/wp-json\/wp\/v2\/tags?post=84390"}],"curies":[{"name":"wp","href":"https:\/\/api.w.org\/{rel}","templated":true}]}}