{"id":85158,"date":"2020-03-22T17:37:27","date_gmt":"2020-03-22T20:37:27","guid":{"rendered":"http:\/\/diariotextual.com\/inicio\/?p=85158"},"modified":"2020-03-22T22:01:24","modified_gmt":"2020-03-23T01:01:24","slug":"santa-rosa-violo-la-cuarentena-dos-veces-quedo-detenido","status":"publish","type":"post","link":"https:\/\/diariotextual.com\/inicio\/index.php\/2020\/03\/22\/santa-rosa-violo-la-cuarentena-dos-veces-quedo-detenido\/","title":{"rendered":"Santa Rosa: viol\u00f3 la cuarentena dos veces y qued\u00f3 detenido"},"content":{"rendered":"<p>Un<strong> hombre de 39 a\u00f1os viol\u00f3 en Santa Rosa dos veces el aislamiento obligatorio<\/strong>. Hoy la Justicia provincial, trabajando desde sus casas en cumplimiento de lo dispuesto por los gobiernos nacional y provincial y <strong>usando las nuevas tecnolog\u00edas y su propio Sistema de Gesti\u00f3n de Legajos Penales, lo formaliz\u00f3 y dispuso que permanezca en prisi\u00f3n<\/strong> preventiva hasta el pr\u00f3ximo s\u00e1bado.<\/p>\n<p>La resoluci\u00f3n fue dictada por <strong>el juez de control, Carlos Mat\u00edas Chapalcaz, a pedido del fiscal general M\u00e1ximo Paulucci.<\/strong><\/p>\n<p>El defensor oficial Mart\u00edn Garc\u00eda Ongaro hab\u00eda requerido que el imputado -permanece detenido desde anoche en la Seccional Tercera- quedase en libertad y,\u00a0 subsidiariamente, que se le dictara la prisi\u00f3n domiciliaria.<\/p>\n<p>Lo novedoso de <strong>la causa fue que se tramit\u00f3 sin declaraciones ni audiencias presenciales. Garc\u00eda Ongaro se comunic\u00f3 con la comisar\u00eda y entrevist\u00f3 al imputado por tel\u00e9fono<\/strong>. En esa conversaci\u00f3n le explic\u00f3 los alcances de la acusaci\u00f3n y le pregunt\u00f3 si quer\u00eda declarar o si se abstendr\u00eda. Luego, tambi\u00e9n telef\u00f3nicamente, inform\u00f3 la versi\u00f3n que dio su defendido de lo ocurrido ayer y propuso el domicilio donde cumplir\u00eda la prisi\u00f3n. Sin embargo, sus moradores se negaron a alojarlo aduciendo que el acusado ya ten\u00eda una orden de restricci\u00f3n de acercamiento.<\/p>\n<p>&nbsp;<\/p>\n<p><strong>A domicilio<\/strong><\/p>\n<p><strong>Chapalcaz resolvi\u00f3 desde su vivienda particular, subi\u00f3 la resoluci\u00f3n al SIGeLP y las partes se notificaron de ella por v\u00eda electr\u00f3nica<\/strong>. Incluso la denuncia escrita y otra documentaci\u00f3n fue incorporada al legajo digital a trav\u00e9s de fotos de Whatsapp.<\/p>\n<p>La formalizaci\u00f3n fue por la presunta comisi\u00f3n de los delitos de violaci\u00f3n de las medidas adoptadas por las autoridades competentes, para impedir la introducci\u00f3n o propagaci\u00f3n de una epidemia y desobediencia, en dos hechos, y amenazas simples.<\/p>\n<blockquote class=\"wp-embedded-content\" data-secret=\"3VN278VYnv\"><p><a href=\"http:\/\/diariotextual.com\/inicio\/index.php\/2020\/03\/22\/coronavirus-violaron-las-cuarentenas-pico-santa-rosa-fueron-acusados-whatsapp\/\">Coronavirus: violaron las cuarentenas en Pico y Santa Rosa y fueron acusados por Whatsapp<\/a><\/p><\/blockquote>\n<p><iframe class=\"wp-embedded-content\" sandbox=\"allow-scripts\" security=\"restricted\" style=\"position: absolute; clip: rect(1px, 1px, 1px, 1px);\" src=\"http:\/\/diariotextual.com\/inicio\/index.php\/2020\/03\/22\/coronavirus-violaron-las-cuarentenas-pico-santa-rosa-fueron-acusados-whatsapp\/embed\/#?secret=3VN278VYnv\" data-secret=\"3VN278VYnv\" width=\"600\" height=\"338\" title=\"&#171;Coronavirus: violaron las cuarentenas en Pico y Santa Rosa y fueron acusados por Whatsapp&#187; &#8212; Diario Textual\" frameborder=\"0\" marginwidth=\"0\" marginheight=\"0\" scrolling=\"no\"><\/iframe><\/p>\n<p>\u00bfCu\u00e1les fueron los hechos? <strong>Ayer a las 10, la Polic\u00eda identific\u00f3 al imputado, en pleno centro santarrose\u00f1o, y este no pudo dar ninguna justificaci\u00f3n v\u00e1lida de porqu\u00e9 estaba circulando<\/strong> por la v\u00eda p\u00fablica. Adujo que quer\u00eda lavar autos y, cuando se le explic\u00f3 que no pod\u00eda hacerlo por el decreto de emergencia que dict\u00f3 el Poder Ejecutivo Nacional, respondi\u00f3 que igual iba a quedarse en el lugar. <strong>Fue detenido y trasladado a la Seccional Tercera. Qued\u00f3 notificado en libertad a las 12.40.<\/strong><\/p>\n<p><strong>Media hora m\u00e1s tarde se recibi\u00f3 un llamado advirtiendo que una persona estaba ocasionado molestias<\/strong>, nuevamente en cercan\u00edas del centro, y amenazando con que nadie lo iba a parar o a detener. Era el imputado, quien al ser interceptado por la polic\u00eda en la plaza San Mart\u00edn, dijo que nadie iba a sacarlo de all\u00ed e incluso amenaz\u00f3 a los agentes con hacerlos \u201ccagar\u201d.<\/p>\n<p>&nbsp;<\/p>\n<p><strong>Desobediencia<\/strong><\/p>\n<p>\u201cEn primer lugar, no puede dejarse de lado las circunstancias especiales en las cuales <strong>el imputado habr\u00eda incurrido en el delito de desobediencia, en donde est\u00e1 en juego la salud p\u00fablica de toda la poblaci\u00f3n,<\/strong> lo cual motiv\u00f3 el dictado de normas de emergencias a nivel nacional y provincial, que deben ser cumplidas por todos los ciudadanos\u201d, expres\u00f3 Chapalcaz en la resoluci\u00f3n.<\/p>\n<p>El magistrado, resaltando la tarea de concienciaci\u00f3n y control de la polic\u00eda, agreg\u00f3: \u201cEn un primer momento anoticiaron al ciudadano de las restricciones vigentes \u2013aun cuando son de conocimiento p\u00fablico y notorio\u2013. No obstante ello,<strong> el imputado no solo habr\u00eda incumplido en una segunda oportunidad, mostr\u00e1ndose agresivo, sino que adem\u00e1s habr\u00eda\u00a0 formulado amenazas a terceras personas presentes en el lugar<\/strong>\u201d. El acusado adujo en su declaraci\u00f3n que desconoc\u00eda las limitaciones para circular libremente.<\/p>\n<p>Paulucci, por su parte, en los fundamentos para requerir la prisi\u00f3n preventiva, remarc\u00f3 que el accionar del imputado fue \u201cel que pretende en\u00e9rgicamente evitar el decreto presidencial, toda vez que puso en riesgo serio su salud, y la de todos los ciudadanos, inclusive la de la propia polic\u00eda\u201d.<\/p>\n<p>\u201cResulta insostenible, a la luz de todas las noticias e informaci\u00f3n al respecto, incluso la proporcionada por la prevenci\u00f3n a \u00e9l \u2013cuando entre el primer y el segundo hecho fue notificado en libertad\u2013, que no comprendiera con suficiencia que no deb\u00eda violar las medidas de aislamiento social\u201d, concluy\u00f3.<\/p>\n<p>&nbsp;<\/p>\n<p>&nbsp;<\/p>\n","protected":false},"excerpt":{"rendered":"<p>Un hombre de 39 a\u00f1os viol\u00f3 en Santa Rosa dos veces el aislamiento obligatorio. Hoy la Justicia provincial, trabajando desde sus casas en cumplimiento de lo dispuesto por los gobiernos&hellip;<\/p>\n","protected":false},"author":5,"featured_media":84713,"comment_status":"closed","ping_status":"open","sticky":false,"template":"","format":"standard","meta":{"_acf_changed":false,"footnotes":""},"categories":[319,12],"tags":[],"class_list":["post-85158","post","type-post","status-publish","format-standard","has-post-thumbnail","hentry","category-a-temporales","category-sociedad"],"acf":[],"yoast_head":"<!-- This site is optimized with the Yoast SEO plugin v27.5 - https:\/\/yoast.com\/product\/yoast-seo-wordpress\/ -->\n<title>Santa Rosa: viol\u00f3 la cuarentena dos veces y qued\u00f3 detenido - Diario Textual<\/title>\n<meta name=\"robots\" content=\"index, follow, max-snippet:-1, max-image-preview:large, max-video-preview:-1\" \/>\n<link rel=\"canonical\" href=\"https:\/\/diariotextual.com\/inicio\/index.php\/2020\/03\/22\/santa-rosa-violo-la-cuarentena-dos-veces-quedo-detenido\/\" \/>\n<meta property=\"og:locale\" content=\"es_ES\" \/>\n<meta property=\"og:type\" content=\"article\" \/>\n<meta property=\"og:title\" content=\"Santa Rosa: viol\u00f3 la cuarentena dos veces y qued\u00f3 detenido - Diario Textual\" \/>\n<meta property=\"og:description\" content=\"Un hombre de 39 a\u00f1os viol\u00f3 en Santa Rosa dos veces el aislamiento obligatorio. Hoy la Justicia provincial, trabajando desde sus casas en cumplimiento de lo dispuesto por los gobiernos&hellip;\" \/>\n<meta property=\"og:url\" content=\"https:\/\/diariotextual.com\/inicio\/index.php\/2020\/03\/22\/santa-rosa-violo-la-cuarentena-dos-veces-quedo-detenido\/\" \/>\n<meta property=\"og:site_name\" content=\"Diario Textual\" \/>\n<meta property=\"article:publisher\" content=\"https:\/\/www.facebook.com\/eltextual\" \/>\n<meta property=\"article:published_time\" content=\"2020-03-22T20:37:27+00:00\" \/>\n<meta property=\"article:modified_time\" content=\"2020-03-23T01:01:24+00:00\" \/>\n<meta property=\"og:image\" content=\"https:\/\/diariotextual.com\/inicio\/wp-content\/uploads\/2020\/03\/cuarentenacoronavirussantarosatextual2020-4.jpg\" \/>\n\t<meta property=\"og:image:width\" content=\"1500\" \/>\n\t<meta property=\"og:image:height\" content=\"863\" \/>\n\t<meta property=\"og:image:type\" content=\"image\/jpeg\" \/>\n<meta name=\"author\" content=\"diario3\" \/>\n<meta name=\"twitter:card\" content=\"summary_large_image\" \/>\n<meta name=\"twitter:creator\" content=\"@eltextual\" \/>\n<meta name=\"twitter:site\" content=\"@eltextual\" \/>\n<meta name=\"twitter:label1\" content=\"Escrito por\" \/>\n\t<meta name=\"twitter:data1\" content=\"diario3\" \/>\n\t<meta name=\"twitter:label2\" content=\"Tiempo de lectura\" \/>\n\t<meta name=\"twitter:data2\" content=\"4 minutos\" \/>\n<script type=\"application\/ld+json\" class=\"yoast-schema-graph\">{\"@context\":\"https:\\\/\\\/schema.org\",\"@graph\":[{\"@type\":\"Article\",\"@id\":\"https:\\\/\\\/diariotextual.com\\\/inicio\\\/index.php\\\/2020\\\/03\\\/22\\\/santa-rosa-violo-la-cuarentena-dos-veces-quedo-detenido\\\/#article\",\"isPartOf\":{\"@id\":\"https:\\\/\\\/diariotextual.com\\\/inicio\\\/index.php\\\/2020\\\/03\\\/22\\\/santa-rosa-violo-la-cuarentena-dos-veces-quedo-detenido\\\/\"},\"author\":{\"name\":\"diario3\",\"@id\":\"https:\\\/\\\/diariotextual.com\\\/inicio\\\/#\\\/schema\\\/person\\\/a1b6f563e0ee944c60f98119389a4d9f\"},\"headline\":\"Santa Rosa: viol\u00f3 la cuarentena dos veces y qued\u00f3 detenido\",\"datePublished\":\"2020-03-22T20:37:27+00:00\",\"dateModified\":\"2020-03-23T01:01:24+00:00\",\"mainEntityOfPage\":{\"@id\":\"https:\\\/\\\/diariotextual.com\\\/inicio\\\/index.php\\\/2020\\\/03\\\/22\\\/santa-rosa-violo-la-cuarentena-dos-veces-quedo-detenido\\\/\"},\"wordCount\":742,\"publisher\":{\"@id\":\"https:\\\/\\\/diariotextual.com\\\/inicio\\\/#organization\"},\"image\":{\"@id\":\"https:\\\/\\\/diariotextual.com\\\/inicio\\\/index.php\\\/2020\\\/03\\\/22\\\/santa-rosa-violo-la-cuarentena-dos-veces-quedo-detenido\\\/#primaryimage\"},\"thumbnailUrl\":\"https:\\\/\\\/diariotextual.com\\\/inicio\\\/wp-content\\\/uploads\\\/2020\\\/03\\\/cuarentenacoronavirussantarosatextual2020-4.jpg\",\"articleSection\":[\"A - TEMPORALES\",\"SOCIEDAD\"],\"inLanguage\":\"es\"},{\"@type\":\"WebPage\",\"@id\":\"https:\\\/\\\/diariotextual.com\\\/inicio\\\/index.php\\\/2020\\\/03\\\/22\\\/santa-rosa-violo-la-cuarentena-dos-veces-quedo-detenido\\\/\",\"url\":\"https:\\\/\\\/diariotextual.com\\\/inicio\\\/index.php\\\/2020\\\/03\\\/22\\\/santa-rosa-violo-la-cuarentena-dos-veces-quedo-detenido\\\/\",\"name\":\"Santa Rosa: viol\u00f3 la cuarentena dos veces y qued\u00f3 detenido - Diario Textual\",\"isPartOf\":{\"@id\":\"https:\\\/\\\/diariotextual.com\\\/inicio\\\/#website\"},\"primaryImageOfPage\":{\"@id\":\"https:\\\/\\\/diariotextual.com\\\/inicio\\\/index.php\\\/2020\\\/03\\\/22\\\/santa-rosa-violo-la-cuarentena-dos-veces-quedo-detenido\\\/#primaryimage\"},\"image\":{\"@id\":\"https:\\\/\\\/diariotextual.com\\\/inicio\\\/index.php\\\/2020\\\/03\\\/22\\\/santa-rosa-violo-la-cuarentena-dos-veces-quedo-detenido\\\/#primaryimage\"},\"thumbnailUrl\":\"https:\\\/\\\/diariotextual.com\\\/inicio\\\/wp-content\\\/uploads\\\/2020\\\/03\\\/cuarentenacoronavirussantarosatextual2020-4.jpg\",\"datePublished\":\"2020-03-22T20:37:27+00:00\",\"dateModified\":\"2020-03-23T01:01:24+00:00\",\"breadcrumb\":{\"@id\":\"https:\\\/\\\/diariotextual.com\\\/inicio\\\/index.php\\\/2020\\\/03\\\/22\\\/santa-rosa-violo-la-cuarentena-dos-veces-quedo-detenido\\\/#breadcrumb\"},\"inLanguage\":\"es\",\"potentialAction\":[{\"@type\":\"ReadAction\",\"target\":[\"https:\\\/\\\/diariotextual.com\\\/inicio\\\/index.php\\\/2020\\\/03\\\/22\\\/santa-rosa-violo-la-cuarentena-dos-veces-quedo-detenido\\\/\"]}]},{\"@type\":\"ImageObject\",\"inLanguage\":\"es\",\"@id\":\"https:\\\/\\\/diariotextual.com\\\/inicio\\\/index.php\\\/2020\\\/03\\\/22\\\/santa-rosa-violo-la-cuarentena-dos-veces-quedo-detenido\\\/#primaryimage\",\"url\":\"https:\\\/\\\/diariotextual.com\\\/inicio\\\/wp-content\\\/uploads\\\/2020\\\/03\\\/cuarentenacoronavirussantarosatextual2020-4.jpg\",\"contentUrl\":\"https:\\\/\\\/diariotextual.com\\\/inicio\\\/wp-content\\\/uploads\\\/2020\\\/03\\\/cuarentenacoronavirussantarosatextual2020-4.jpg\",\"width\":1500,\"height\":863},{\"@type\":\"BreadcrumbList\",\"@id\":\"https:\\\/\\\/diariotextual.com\\\/inicio\\\/index.php\\\/2020\\\/03\\\/22\\\/santa-rosa-violo-la-cuarentena-dos-veces-quedo-detenido\\\/#breadcrumb\",\"itemListElement\":[{\"@type\":\"ListItem\",\"position\":1,\"name\":\"Portada\",\"item\":\"https:\\\/\\\/diariotextual.com\\\/inicio\\\/\"},{\"@type\":\"ListItem\",\"position\":2,\"name\":\"Santa Rosa: viol\u00f3 la cuarentena dos veces y qued\u00f3 detenido\"}]},{\"@type\":\"WebSite\",\"@id\":\"https:\\\/\\\/diariotextual.com\\\/inicio\\\/#website\",\"url\":\"https:\\\/\\\/diariotextual.com\\\/inicio\\\/\",\"name\":\"Diario Textual\",\"description\":\"\",\"publisher\":{\"@id\":\"https:\\\/\\\/diariotextual.com\\\/inicio\\\/#organization\"},\"potentialAction\":[{\"@type\":\"SearchAction\",\"target\":{\"@type\":\"EntryPoint\",\"urlTemplate\":\"https:\\\/\\\/diariotextual.com\\\/inicio\\\/?s={search_term_string}\"},\"query-input\":{\"@type\":\"PropertyValueSpecification\",\"valueRequired\":true,\"valueName\":\"search_term_string\"}}],\"inLanguage\":\"es\"},{\"@type\":\"Organization\",\"@id\":\"https:\\\/\\\/diariotextual.com\\\/inicio\\\/#organization\",\"name\":\"Diario Textual\",\"url\":\"https:\\\/\\\/diariotextual.com\\\/inicio\\\/\",\"logo\":{\"@type\":\"ImageObject\",\"inLanguage\":\"es\",\"@id\":\"https:\\\/\\\/diariotextual.com\\\/inicio\\\/#\\\/schema\\\/logo\\\/image\\\/\",\"url\":\"https:\\\/\\\/diariotextual.com\\\/inicio\\\/wp-content\\\/uploads\\\/2023\\\/05\\\/logotextual1.jpg\",\"contentUrl\":\"https:\\\/\\\/diariotextual.com\\\/inicio\\\/wp-content\\\/uploads\\\/2023\\\/05\\\/logotextual1.jpg\",\"width\":516,\"height\":76,\"caption\":\"Diario Textual\"},\"image\":{\"@id\":\"https:\\\/\\\/diariotextual.com\\\/inicio\\\/#\\\/schema\\\/logo\\\/image\\\/\"},\"sameAs\":[\"https:\\\/\\\/www.facebook.com\\\/eltextual\",\"https:\\\/\\\/x.com\\\/eltextual\",\"http:\\\/\\\/www.instagram.com\\\/eltextual\"]},{\"@type\":\"Person\",\"@id\":\"https:\\\/\\\/diariotextual.com\\\/inicio\\\/#\\\/schema\\\/person\\\/a1b6f563e0ee944c60f98119389a4d9f\",\"name\":\"diario3\",\"image\":{\"@type\":\"ImageObject\",\"inLanguage\":\"es\",\"@id\":\"https:\\\/\\\/secure.gravatar.com\\\/avatar\\\/5e7ee62c82fc04d9dd79d746a390d93c69c43223e5faeeb3ea9461ef752bfc5d?s=96&d=mm&r=g\",\"url\":\"https:\\\/\\\/secure.gravatar.com\\\/avatar\\\/5e7ee62c82fc04d9dd79d746a390d93c69c43223e5faeeb3ea9461ef752bfc5d?s=96&d=mm&r=g\",\"contentUrl\":\"https:\\\/\\\/secure.gravatar.com\\\/avatar\\\/5e7ee62c82fc04d9dd79d746a390d93c69c43223e5faeeb3ea9461ef752bfc5d?s=96&d=mm&r=g\",\"caption\":\"diario3\"},\"url\":\"https:\\\/\\\/diariotextual.com\\\/inicio\\\/index.php\\\/author\\\/diario3\\\/\"}]}<\/script>\n<!-- \/ Yoast SEO plugin. -->","yoast_head_json":{"title":"Santa Rosa: viol\u00f3 la cuarentena dos veces y qued\u00f3 detenido - Diario Textual","robots":{"index":"index","follow":"follow","max-snippet":"max-snippet:-1","max-image-preview":"max-image-preview:large","max-video-preview":"max-video-preview:-1"},"canonical":"https:\/\/diariotextual.com\/inicio\/index.php\/2020\/03\/22\/santa-rosa-violo-la-cuarentena-dos-veces-quedo-detenido\/","og_locale":"es_ES","og_type":"article","og_title":"Santa Rosa: viol\u00f3 la cuarentena dos veces y qued\u00f3 detenido - Diario Textual","og_description":"Un hombre de 39 a\u00f1os viol\u00f3 en Santa Rosa dos veces el aislamiento obligatorio. Hoy la Justicia provincial, trabajando desde sus casas en cumplimiento de lo dispuesto por los gobiernos&hellip;","og_url":"https:\/\/diariotextual.com\/inicio\/index.php\/2020\/03\/22\/santa-rosa-violo-la-cuarentena-dos-veces-quedo-detenido\/","og_site_name":"Diario Textual","article_publisher":"https:\/\/www.facebook.com\/eltextual","article_published_time":"2020-03-22T20:37:27+00:00","article_modified_time":"2020-03-23T01:01:24+00:00","og_image":[{"width":1500,"height":863,"url":"https:\/\/diariotextual.com\/inicio\/wp-content\/uploads\/2020\/03\/cuarentenacoronavirussantarosatextual2020-4.jpg","type":"image\/jpeg"}],"author":"diario3","twitter_card":"summary_large_image","twitter_creator":"@eltextual","twitter_site":"@eltextual","twitter_misc":{"Escrito por":"diario3","Tiempo de lectura":"4 minutos"},"schema":{"@context":"https:\/\/schema.org","@graph":[{"@type":"Article","@id":"https:\/\/diariotextual.com\/inicio\/index.php\/2020\/03\/22\/santa-rosa-violo-la-cuarentena-dos-veces-quedo-detenido\/#article","isPartOf":{"@id":"https:\/\/diariotextual.com\/inicio\/index.php\/2020\/03\/22\/santa-rosa-violo-la-cuarentena-dos-veces-quedo-detenido\/"},"author":{"name":"diario3","@id":"https:\/\/diariotextual.com\/inicio\/#\/schema\/person\/a1b6f563e0ee944c60f98119389a4d9f"},"headline":"Santa Rosa: viol\u00f3 la cuarentena dos veces y qued\u00f3 detenido","datePublished":"2020-03-22T20:37:27+00:00","dateModified":"2020-03-23T01:01:24+00:00","mainEntityOfPage":{"@id":"https:\/\/diariotextual.com\/inicio\/index.php\/2020\/03\/22\/santa-rosa-violo-la-cuarentena-dos-veces-quedo-detenido\/"},"wordCount":742,"publisher":{"@id":"https:\/\/diariotextual.com\/inicio\/#organization"},"image":{"@id":"https:\/\/diariotextual.com\/inicio\/index.php\/2020\/03\/22\/santa-rosa-violo-la-cuarentena-dos-veces-quedo-detenido\/#primaryimage"},"thumbnailUrl":"https:\/\/diariotextual.com\/inicio\/wp-content\/uploads\/2020\/03\/cuarentenacoronavirussantarosatextual2020-4.jpg","articleSection":["A - TEMPORALES","SOCIEDAD"],"inLanguage":"es"},{"@type":"WebPage","@id":"https:\/\/diariotextual.com\/inicio\/index.php\/2020\/03\/22\/santa-rosa-violo-la-cuarentena-dos-veces-quedo-detenido\/","url":"https:\/\/diariotextual.com\/inicio\/index.php\/2020\/03\/22\/santa-rosa-violo-la-cuarentena-dos-veces-quedo-detenido\/","name":"Santa Rosa: viol\u00f3 la cuarentena dos veces y qued\u00f3 detenido - Diario Textual","isPartOf":{"@id":"https:\/\/diariotextual.com\/inicio\/#website"},"primaryImageOfPage":{"@id":"https:\/\/diariotextual.com\/inicio\/index.php\/2020\/03\/22\/santa-rosa-violo-la-cuarentena-dos-veces-quedo-detenido\/#primaryimage"},"image":{"@id":"https:\/\/diariotextual.com\/inicio\/index.php\/2020\/03\/22\/santa-rosa-violo-la-cuarentena-dos-veces-quedo-detenido\/#primaryimage"},"thumbnailUrl":"https:\/\/diariotextual.com\/inicio\/wp-content\/uploads\/2020\/03\/cuarentenacoronavirussantarosatextual2020-4.jpg","datePublished":"2020-03-22T20:37:27+00:00","dateModified":"2020-03-23T01:01:24+00:00","breadcrumb":{"@id":"https:\/\/diariotextual.com\/inicio\/index.php\/2020\/03\/22\/santa-rosa-violo-la-cuarentena-dos-veces-quedo-detenido\/#breadcrumb"},"inLanguage":"es","potentialAction":[{"@type":"ReadAction","target":["https:\/\/diariotextual.com\/inicio\/index.php\/2020\/03\/22\/santa-rosa-violo-la-cuarentena-dos-veces-quedo-detenido\/"]}]},{"@type":"ImageObject","inLanguage":"es","@id":"https:\/\/diariotextual.com\/inicio\/index.php\/2020\/03\/22\/santa-rosa-violo-la-cuarentena-dos-veces-quedo-detenido\/#primaryimage","url":"https:\/\/diariotextual.com\/inicio\/wp-content\/uploads\/2020\/03\/cuarentenacoronavirussantarosatextual2020-4.jpg","contentUrl":"https:\/\/diariotextual.com\/inicio\/wp-content\/uploads\/2020\/03\/cuarentenacoronavirussantarosatextual2020-4.jpg","width":1500,"height":863},{"@type":"BreadcrumbList","@id":"https:\/\/diariotextual.com\/inicio\/index.php\/2020\/03\/22\/santa-rosa-violo-la-cuarentena-dos-veces-quedo-detenido\/#breadcrumb","itemListElement":[{"@type":"ListItem","position":1,"name":"Portada","item":"https:\/\/diariotextual.com\/inicio\/"},{"@type":"ListItem","position":2,"name":"Santa Rosa: viol\u00f3 la cuarentena dos veces y qued\u00f3 detenido"}]},{"@type":"WebSite","@id":"https:\/\/diariotextual.com\/inicio\/#website","url":"https:\/\/diariotextual.com\/inicio\/","name":"Diario Textual","description":"","publisher":{"@id":"https:\/\/diariotextual.com\/inicio\/#organization"},"potentialAction":[{"@type":"SearchAction","target":{"@type":"EntryPoint","urlTemplate":"https:\/\/diariotextual.com\/inicio\/?s={search_term_string}"},"query-input":{"@type":"PropertyValueSpecification","valueRequired":true,"valueName":"search_term_string"}}],"inLanguage":"es"},{"@type":"Organization","@id":"https:\/\/diariotextual.com\/inicio\/#organization","name":"Diario Textual","url":"https:\/\/diariotextual.com\/inicio\/","logo":{"@type":"ImageObject","inLanguage":"es","@id":"https:\/\/diariotextual.com\/inicio\/#\/schema\/logo\/image\/","url":"https:\/\/diariotextual.com\/inicio\/wp-content\/uploads\/2023\/05\/logotextual1.jpg","contentUrl":"https:\/\/diariotextual.com\/inicio\/wp-content\/uploads\/2023\/05\/logotextual1.jpg","width":516,"height":76,"caption":"Diario Textual"},"image":{"@id":"https:\/\/diariotextual.com\/inicio\/#\/schema\/logo\/image\/"},"sameAs":["https:\/\/www.facebook.com\/eltextual","https:\/\/x.com\/eltextual","http:\/\/www.instagram.com\/eltextual"]},{"@type":"Person","@id":"https:\/\/diariotextual.com\/inicio\/#\/schema\/person\/a1b6f563e0ee944c60f98119389a4d9f","name":"diario3","image":{"@type":"ImageObject","inLanguage":"es","@id":"https:\/\/secure.gravatar.com\/avatar\/5e7ee62c82fc04d9dd79d746a390d93c69c43223e5faeeb3ea9461ef752bfc5d?s=96&d=mm&r=g","url":"https:\/\/secure.gravatar.com\/avatar\/5e7ee62c82fc04d9dd79d746a390d93c69c43223e5faeeb3ea9461ef752bfc5d?s=96&d=mm&r=g","contentUrl":"https:\/\/secure.gravatar.com\/avatar\/5e7ee62c82fc04d9dd79d746a390d93c69c43223e5faeeb3ea9461ef752bfc5d?s=96&d=mm&r=g","caption":"diario3"},"url":"https:\/\/diariotextual.com\/inicio\/index.php\/author\/diario3\/"}]}},"_links":{"self":[{"href":"https:\/\/diariotextual.com\/inicio\/index.php\/wp-json\/wp\/v2\/posts\/85158","targetHints":{"allow":["GET"]}}],"collection":[{"href":"https:\/\/diariotextual.com\/inicio\/index.php\/wp-json\/wp\/v2\/posts"}],"about":[{"href":"https:\/\/diariotextual.com\/inicio\/index.php\/wp-json\/wp\/v2\/types\/post"}],"author":[{"embeddable":true,"href":"https:\/\/diariotextual.com\/inicio\/index.php\/wp-json\/wp\/v2\/users\/5"}],"replies":[{"embeddable":true,"href":"https:\/\/diariotextual.com\/inicio\/index.php\/wp-json\/wp\/v2\/comments?post=85158"}],"version-history":[{"count":3,"href":"https:\/\/diariotextual.com\/inicio\/index.php\/wp-json\/wp\/v2\/posts\/85158\/revisions"}],"predecessor-version":[{"id":85203,"href":"https:\/\/diariotextual.com\/inicio\/index.php\/wp-json\/wp\/v2\/posts\/85158\/revisions\/85203"}],"wp:featuredmedia":[{"embeddable":true,"href":"https:\/\/diariotextual.com\/inicio\/index.php\/wp-json\/wp\/v2\/media\/84713"}],"wp:attachment":[{"href":"https:\/\/diariotextual.com\/inicio\/index.php\/wp-json\/wp\/v2\/media?parent=85158"}],"wp:term":[{"taxonomy":"category","embeddable":true,"href":"https:\/\/diariotextual.com\/inicio\/index.php\/wp-json\/wp\/v2\/categories?post=85158"},{"taxonomy":"post_tag","embeddable":true,"href":"https:\/\/diariotextual.com\/inicio\/index.php\/wp-json\/wp\/v2\/tags?post=85158"}],"curies":[{"name":"wp","href":"https:\/\/api.w.org\/{rel}","templated":true}]}}