{"id":85187,"date":"2020-03-22T21:37:22","date_gmt":"2020-03-23T00:37:22","guid":{"rendered":"http:\/\/diariotextual.com\/inicio\/?p=85187"},"modified":"2020-03-23T15:30:27","modified_gmt":"2020-03-23T18:30:27","slug":"violan-la-cuarentena-agreden-una-policia-quehue","status":"publish","type":"post","link":"https:\/\/diariotextual.com\/inicio\/index.php\/2020\/03\/22\/violan-la-cuarentena-agreden-una-policia-quehue\/","title":{"rendered":"Violan la cuarentena y agreden a una polic\u00eda en Quehu\u00e9"},"content":{"rendered":"<p><strong>Tres personas<\/strong>, que fueron advertidos por no respetar la cuarentena para prevenir el coronavirus Covid-19, agredieron a una mujer polic\u00eda en el pueblo de<strong>\u00a0Quehu\u00e9<\/strong>. Finalmente fueron <strong>detenidos<\/strong>.<\/p>\n<p>Seg\u00fan informaron fuentes policiales a <strong>Diario Textual<\/strong>, a las 18 horas una polic\u00eda -que se encontraba de franco- observ\u00f3 a integrantes de una misma familia que estaba violando la cuarentena.<\/p>\n<p><strong>La servidora p\u00fablica se acerc\u00f3 hasta la vivienda y los advirti\u00f3<\/strong>. En ese momento, salieron una mujer y dos hombres -que la increparon. Incluso<strong>, la mujer la empuj\u00f3 y comenz\u00f3 a insultarla<\/strong>. \u201cTambi\u00e9n le arrojaron golpes de pu\u00f1o, aunque sin dar en la humanidad de la polic\u00eda\u201d, dijeron las fuentes consultadas por Diario Textual.<\/p>\n<p>Los tres -la mujer y los tres hombres- fueron detenidos por polic\u00edas que llegaron minutos despu\u00e9s al lugar. Fueron acusados por atentado y resistencia a la autoridad y tambi\u00e9n, al violar la cuarentena, por los art\u00edculos <strong>202 <\/strong>y <strong>205<\/strong> del C\u00f3digo Penal.<\/p>\n<p>&nbsp;<\/p>\n<p><strong>Centenares de detenidos<\/strong><\/p>\n<p><strong>Se multiplican las detenciones de pampeanos<\/strong>\u00a0por violar la cuarentena obligatoria, establecida por Casa Rosada.<\/p>\n<p>Entre el viernes y este s\u00e1bado, polic\u00edas de las diferentes comisar\u00edas<strong>\u00a0hicieron 640 causas por violar la cuarentena.<\/strong>\u00a0De esos, 324 fueron directamente demorados y, luego de ser notificados de la acusaci\u00f3n, liberados. Pero la cifra aumenta hora tras hora.\u00a0<strong>Ya al mediod\u00eda de este domingo, habr\u00eda unos mil infraccionados.<\/strong><\/p>\n<p>En Santa Rosa se dio una situaci\u00f3n particular:\u00a0un<strong>\u00a0<a href=\"http:\/\/diariotextual.com\/inicio\/index.php\/2020\/03\/22\/santa-rosa-violo-la-cuarentena-dos-veces-quedo-detenido\/\" target=\"_blank\" rel=\"noopener\">hombre de 39 a\u00f1os viol\u00f3 ayer, en Santa Rosa, dos veces el aislamiento obligatorio y fue detenido.<\/a>\u00a0<\/strong>Hoy la Justicia provincial, trabajando desde sus casas en cumplimiento de lo dispuesto por los gobiernos nacional y provincial y\u00a0<strong>usando las nuevas tecnolog\u00edas y su propio Sistema de Gesti\u00f3n de Legajos Penales, lo formaliz\u00f3 y dispuso que permanezca en prisi\u00f3n<\/strong>\u00a0preventiva hasta el pr\u00f3ximo s\u00e1bado.<\/p>\n<p>&nbsp;<\/p>\n<p><strong>Caminos bloqueados con tierras<\/strong><\/p>\n<p>En localidades del interior comenzaron a bloquear caminos vecinos y hasta accesos. Es el caso, por ejemplo, de Lonquimay, Rancul, Luan Toro y Victorica.<\/p>\n<blockquote class=\"wp-embedded-content\" data-secret=\"pULvVgeOiR\"><p><a href=\"http:\/\/diariotextual.com\/inicio\/index.php\/2020\/03\/22\/chocaron-contra-un-monticulo-de-tierra-que-bloquea-a-luan-toro-por-la-cuarentena\/\">Chocaron contra un mont\u00edculo de tierra que bloquea a Luan Toro por la cuarentena<\/a><\/p><\/blockquote>\n<p><iframe class=\"wp-embedded-content\" sandbox=\"allow-scripts\" security=\"restricted\" style=\"position: absolute; clip: rect(1px, 1px, 1px, 1px);\" src=\"http:\/\/diariotextual.com\/inicio\/index.php\/2020\/03\/22\/chocaron-contra-un-monticulo-de-tierra-que-bloquea-a-luan-toro-por-la-cuarentena\/embed\/#?secret=pULvVgeOiR\" data-secret=\"pULvVgeOiR\" width=\"600\" height=\"338\" title=\"&#171;Chocaron contra un mont\u00edculo de tierra que bloquea a Luan Toro por la cuarentena&#187; &#8212; Diario Textual\" frameborder=\"0\" marginwidth=\"0\" marginheight=\"0\" scrolling=\"no\"><\/iframe><\/p>\n<p>&nbsp;<\/p>\n<p><strong>Penitenciario<\/strong><\/p>\n<p>Un penitenciario regres\u00f3 de un viaje por Brasil y en la madrugada de este domingo\u00a0<strong>fue detenido<\/strong>\u00a0luego de<strong>\u00a0agredir<\/strong>\u00a0a la directora de Radio Nacional Santa Rosa,<strong>\u00a0Nadia Villegas<\/strong>, quien hab\u00eda ido hasta su departamento a pedirle que bajara el volumen de la m\u00fasica. El acusado fue identificado por las fuerzas policiales como\u00a0<strong>Pablo Garc\u00eda<\/strong>: lo acusaron de la agresi\u00f3n y tambi\u00e9n de violar la cuarentena por el coronavirus.<\/p>\n<blockquote class=\"wp-embedded-content\" data-secret=\"r1cnzlkBBc\"><p><a href=\"http:\/\/diariotextual.com\/inicio\/index.php\/2020\/03\/22\/penitenciario-volvio-brasil-agredio-la-directora-radio-nacional-santa-rosa-fue-detenido\/\">Un penitenciario volvi\u00f3 de Brasil, agredi\u00f3 a la directora de Radio Nacional Santa Rosa y fue detenido<\/a><\/p><\/blockquote>\n<p><iframe class=\"wp-embedded-content\" sandbox=\"allow-scripts\" security=\"restricted\" style=\"position: absolute; clip: rect(1px, 1px, 1px, 1px);\" src=\"http:\/\/diariotextual.com\/inicio\/index.php\/2020\/03\/22\/penitenciario-volvio-brasil-agredio-la-directora-radio-nacional-santa-rosa-fue-detenido\/embed\/#?secret=r1cnzlkBBc\" data-secret=\"r1cnzlkBBc\" width=\"600\" height=\"338\" title=\"&#171;Un penitenciario volvi\u00f3 de Brasil, agredi\u00f3 a la directora de Radio Nacional Santa Rosa y fue detenido&#187; &#8212; Diario Textual\" frameborder=\"0\" marginwidth=\"0\" marginheight=\"0\" scrolling=\"no\"><\/iframe><\/p>\n<p>El episodio ocurri\u00f3 en la avenida Edison. Seg\u00fan dijeron fuentes policiales, Garc\u00eda regres\u00f3 de Brasil -donde hay circulaci\u00f3n del coronavirus- y se dirigi\u00f3 a su departamento. Enfrente vive la periodista y ahora tambi\u00e9n funcionaria Nadia Villegas.<\/p>\n<p>Durante toda la madrugada de este domingo,\u00a0<strong>el penitenciario puso la m\u00fasica a todo volumen.<\/strong>\u00a0Villegas,\u00a0<strong>cansada del ruido y casi sin poder dormir durante toda la madrugada, fue hasta el departamento a pedirle que bajara la m\u00fasica<\/strong>.<\/p>\n<p>Garc\u00eda, lejos de tener empat\u00eda, se enfureci\u00f3. Le grit\u00f3 y la insult\u00f3 a cent\u00edmetros de su rostro.<\/p>\n<p>&nbsp;<\/p>\n<p><strong>Un nuevo audio falso<\/strong><\/p>\n<p>Otro hombre de\u00a0<strong>La Pampa<\/strong>\u00a0fue\u00a0<a href=\"http:\/\/diariotextual.com\/inicio\/index.php\/2020\/03\/22\/petrolero-25-denunciado-audio-falso-coronavirus\/\" target=\"_blank\" rel=\"noopener\"><strong>denunciado penalmente por hacer y viralizar dos audios<\/strong><\/a>, por Whatsapp, con\u00a0<strong>informaci\u00f3n falsa<\/strong>\u00a0que\u00a0<strong>gener\u00f3 alarma<\/strong>\u00a0sobre el\u00a0<strong>coronavirus<\/strong>.<\/p>\n<p><strong>Jorge<\/strong>, el acusado<strong>, vive en 25 de Mayo<\/strong>\u00a0y es empleado de Tracker, una empresa proveedora de servicios petroleros en yacimientos pampeanos controlados por PCR.<\/p>\n<p>Dijo que en la firma\u00a0<strong>Tracker<\/strong>\u00a0se hab\u00eda detectado un caso de coronavirus de un compa\u00f1ero de Neuqu\u00e9n.\u00a0<strong>Expres\u00f3 que el contagiado hab\u00eda tenido contacto con decenas de trabajadores de 25.<\/strong><\/p>\n<blockquote class=\"wp-embedded-content\" data-secret=\"L5cJKRZbPX\"><p><a href=\"http:\/\/diariotextual.com\/inicio\/index.php\/2020\/03\/22\/petrolero-25-denunciado-audio-falso-coronavirus\/\">Un petrolero de 25, denunciado por hacer un audio falso sobre el coronavirus<\/a><\/p><\/blockquote>\n<p><iframe class=\"wp-embedded-content\" sandbox=\"allow-scripts\" security=\"restricted\" style=\"position: absolute; clip: rect(1px, 1px, 1px, 1px);\" src=\"http:\/\/diariotextual.com\/inicio\/index.php\/2020\/03\/22\/petrolero-25-denunciado-audio-falso-coronavirus\/embed\/#?secret=L5cJKRZbPX\" data-secret=\"L5cJKRZbPX\" width=\"600\" height=\"338\" title=\"&#171;Un petrolero de 25, denunciado por hacer un audio falso sobre el coronavirus&#187; &#8212; Diario Textual\" frameborder=\"0\" marginwidth=\"0\" marginheight=\"0\" scrolling=\"no\"><\/iframe><\/p>\n<p>La situaci\u00f3n\u00a0<strong>gener\u00f3 alarma en la localidad pampeana<\/strong>\u00a0y ahora fue\u00a0<strong>denunciado penalmente<\/strong>, dijeron fuentes oficiales este domingo a\u00a0<strong>Diario Textual<\/strong>.<\/p>\n<p>Los audios -que llegaron a Diario Textual y a las autoridades policiales y de la intendencia- provocaron estupor.\u00a0 Intervino hasta el Comit\u00e9 de Crisis de 25 de Mayo.All\u00ed las autoridades de la empresa y e<strong>\u00a0incluso las autoridades de Salud de Neuqu\u00e9n desmintieron que haya habido un caso de coronavirus<\/strong>.<\/p>\n<p>&nbsp;<\/p>\n<blockquote class=\"wp-embedded-content\" data-secret=\"oXheYGGHHV\"><p><a href=\"http:\/\/diariotextual.com\/inicio\/index.php\/2020\/03\/22\/no-coronavirus-la-pampa-las-redes-explotan-memes-chistes-los-pampeanos\/\">No hay coronavirus en La Pampa y las redes explotan de memes y chistes sobre los pampeanos<\/a><\/p><\/blockquote>\n<p><iframe class=\"wp-embedded-content\" sandbox=\"allow-scripts\" security=\"restricted\" style=\"position: absolute; clip: rect(1px, 1px, 1px, 1px);\" src=\"http:\/\/diariotextual.com\/inicio\/index.php\/2020\/03\/22\/no-coronavirus-la-pampa-las-redes-explotan-memes-chistes-los-pampeanos\/embed\/#?secret=oXheYGGHHV\" data-secret=\"oXheYGGHHV\" width=\"600\" height=\"338\" title=\"&#171;No hay coronavirus en La Pampa y las redes explotan de memes y chistes sobre los pampeanos&#187; &#8212; Diario Textual\" frameborder=\"0\" marginwidth=\"0\" marginheight=\"0\" scrolling=\"no\"><\/iframe><\/p>\n<p>Ser\u00e1 acusado en base al\u00a0<strong>art\u00edculo 211 del C\u00f3digo Penal<\/strong>. \u201cSer\u00e1 reprimido con prisi\u00f3n de dos a seis a\u00f1os, el que, para infundir un temor p\u00fablico o suscitar tumultos o des\u00f3rdenes, hiciera se\u00f1ales, diere voces de alarma, amenazare con la comisi\u00f3n de un delito de peligro com\u00fan, o empleare otros medios materiales normalmente id\u00f3neos para producir tales efectos. Cuando para ello se empleare explosivos, agresivos qu\u00edmicos o materias afines, siempre que el hecho no constituya delito contra la seguridad p\u00fablica, la pena ser\u00e1 de prisi\u00f3n de tres a diez a\u00f1os\u201d, indica ese art\u00edculo.<\/p>\n<p>El s\u00e1bado se conoci\u00f3 otro caso: el de un hombre que fue detenido por decir que en Toay hab\u00eda un caso de coronavirus. Tambi\u00e9n fue acusado por el art\u00edculo 211.<\/p>\n<blockquote class=\"wp-embedded-content\" data-secret=\"1qBpvbqzRR\"><p><a href=\"http:\/\/diariotextual.com\/inicio\/index.php\/2020\/03\/22\/la-politica-cuarentena-urgencia-mata-grieta-morrissey-la-pampa\/\">La pol\u00edtica en cuarentena: urgencia mata grieta y Morrissey en La Pampa<\/a><\/p><\/blockquote>\n<p><iframe class=\"wp-embedded-content\" sandbox=\"allow-scripts\" security=\"restricted\" style=\"position: absolute; clip: rect(1px, 1px, 1px, 1px);\" src=\"http:\/\/diariotextual.com\/inicio\/index.php\/2020\/03\/22\/la-politica-cuarentena-urgencia-mata-grieta-morrissey-la-pampa\/embed\/#?secret=1qBpvbqzRR\" data-secret=\"1qBpvbqzRR\" width=\"600\" height=\"338\" title=\"&#171;La pol\u00edtica en cuarentena: urgencia mata grieta y Morrissey en La Pampa&#187; &#8212; Diario Textual\" frameborder=\"0\" marginwidth=\"0\" marginheight=\"0\" scrolling=\"no\"><\/iframe><\/p>\n<p>&nbsp;<\/p>\n<p>&nbsp;<\/p>\n<p>&nbsp;<\/p>\n<p>&nbsp;<\/p>\n","protected":false},"excerpt":{"rendered":"<p>Tres personas, que fueron advertidos por no respetar la cuarentena para prevenir el coronavirus Covid-19, agredieron a una mujer polic\u00eda en el pueblo de\u00a0Quehu\u00e9. Finalmente fueron detenidos. Seg\u00fan informaron fuentes&hellip;<\/p>\n","protected":false},"author":3,"featured_media":75341,"comment_status":"closed","ping_status":"open","sticky":false,"template":"","format":"standard","meta":{"_acf_changed":false,"footnotes":""},"categories":[319,12],"tags":[2853],"class_list":["post-85187","post","type-post","status-publish","format-standard","has-post-thumbnail","hentry","category-a-temporales","category-sociedad","tag-cuarentena"],"acf":[],"yoast_head":"<!-- This site is optimized with the Yoast SEO plugin v27.5 - https:\/\/yoast.com\/product\/yoast-seo-wordpress\/ -->\n<title>Violan la cuarentena y agreden a una polic\u00eda en Quehu\u00e9 - Diario Textual<\/title>\n<meta name=\"robots\" content=\"index, follow, max-snippet:-1, max-image-preview:large, max-video-preview:-1\" \/>\n<link rel=\"canonical\" href=\"https:\/\/diariotextual.com\/inicio\/index.php\/2020\/03\/22\/violan-la-cuarentena-agreden-una-policia-quehue\/\" \/>\n<meta property=\"og:locale\" content=\"es_ES\" \/>\n<meta property=\"og:type\" content=\"article\" \/>\n<meta property=\"og:title\" content=\"Violan la cuarentena y agreden a una polic\u00eda en Quehu\u00e9 - Diario Textual\" \/>\n<meta property=\"og:description\" content=\"Tres personas, que fueron advertidos por no respetar la cuarentena para prevenir el coronavirus Covid-19, agredieron a una mujer polic\u00eda en el pueblo de\u00a0Quehu\u00e9. Finalmente fueron detenidos. Seg\u00fan informaron fuentes&hellip;\" \/>\n<meta property=\"og:url\" content=\"https:\/\/diariotextual.com\/inicio\/index.php\/2020\/03\/22\/violan-la-cuarentena-agreden-una-policia-quehue\/\" \/>\n<meta property=\"og:site_name\" content=\"Diario Textual\" \/>\n<meta property=\"article:publisher\" content=\"https:\/\/www.facebook.com\/eltextual\" \/>\n<meta property=\"article:published_time\" content=\"2020-03-23T00:37:22+00:00\" \/>\n<meta property=\"article:modified_time\" content=\"2020-03-23T18:30:27+00:00\" \/>\n<meta property=\"og:image\" content=\"https:\/\/diariotextual.com\/inicio\/wp-content\/uploads\/2020\/01\/transitocontrolpolicia2020-333.jpeg\" \/>\n\t<meta property=\"og:image:width\" content=\"1280\" \/>\n\t<meta property=\"og:image:height\" content=\"1016\" \/>\n\t<meta property=\"og:image:type\" content=\"image\/jpeg\" \/>\n<meta name=\"author\" content=\"Diario1 Diario1\" \/>\n<meta name=\"twitter:card\" content=\"summary_large_image\" \/>\n<meta name=\"twitter:creator\" content=\"@eltextual\" \/>\n<meta name=\"twitter:site\" content=\"@eltextual\" \/>\n<meta name=\"twitter:label1\" content=\"Escrito por\" \/>\n\t<meta name=\"twitter:data1\" content=\"Diario1 Diario1\" \/>\n\t<meta name=\"twitter:label2\" content=\"Tiempo de lectura\" \/>\n\t<meta name=\"twitter:data2\" content=\"4 minutos\" \/>\n<script type=\"application\/ld+json\" class=\"yoast-schema-graph\">{\"@context\":\"https:\\\/\\\/schema.org\",\"@graph\":[{\"@type\":\"Article\",\"@id\":\"https:\\\/\\\/diariotextual.com\\\/inicio\\\/index.php\\\/2020\\\/03\\\/22\\\/violan-la-cuarentena-agreden-una-policia-quehue\\\/#article\",\"isPartOf\":{\"@id\":\"https:\\\/\\\/diariotextual.com\\\/inicio\\\/index.php\\\/2020\\\/03\\\/22\\\/violan-la-cuarentena-agreden-una-policia-quehue\\\/\"},\"author\":{\"name\":\"Diario1 Diario1\",\"@id\":\"https:\\\/\\\/diariotextual.com\\\/inicio\\\/#\\\/schema\\\/person\\\/418fc4093c33e86ed41562db3508f958\"},\"headline\":\"Violan la cuarentena y agreden a una polic\u00eda en Quehu\u00e9\",\"datePublished\":\"2020-03-23T00:37:22+00:00\",\"dateModified\":\"2020-03-23T18:30:27+00:00\",\"mainEntityOfPage\":{\"@id\":\"https:\\\/\\\/diariotextual.com\\\/inicio\\\/index.php\\\/2020\\\/03\\\/22\\\/violan-la-cuarentena-agreden-una-policia-quehue\\\/\"},\"wordCount\":874,\"publisher\":{\"@id\":\"https:\\\/\\\/diariotextual.com\\\/inicio\\\/#organization\"},\"image\":{\"@id\":\"https:\\\/\\\/diariotextual.com\\\/inicio\\\/index.php\\\/2020\\\/03\\\/22\\\/violan-la-cuarentena-agreden-una-policia-quehue\\\/#primaryimage\"},\"thumbnailUrl\":\"https:\\\/\\\/diariotextual.com\\\/inicio\\\/wp-content\\\/uploads\\\/2020\\\/01\\\/transitocontrolpolicia2020-333.jpeg\",\"keywords\":[\"cuarentena\"],\"articleSection\":[\"A - TEMPORALES\",\"SOCIEDAD\"],\"inLanguage\":\"es\"},{\"@type\":\"WebPage\",\"@id\":\"https:\\\/\\\/diariotextual.com\\\/inicio\\\/index.php\\\/2020\\\/03\\\/22\\\/violan-la-cuarentena-agreden-una-policia-quehue\\\/\",\"url\":\"https:\\\/\\\/diariotextual.com\\\/inicio\\\/index.php\\\/2020\\\/03\\\/22\\\/violan-la-cuarentena-agreden-una-policia-quehue\\\/\",\"name\":\"Violan la cuarentena y agreden a una polic\u00eda en Quehu\u00e9 - Diario Textual\",\"isPartOf\":{\"@id\":\"https:\\\/\\\/diariotextual.com\\\/inicio\\\/#website\"},\"primaryImageOfPage\":{\"@id\":\"https:\\\/\\\/diariotextual.com\\\/inicio\\\/index.php\\\/2020\\\/03\\\/22\\\/violan-la-cuarentena-agreden-una-policia-quehue\\\/#primaryimage\"},\"image\":{\"@id\":\"https:\\\/\\\/diariotextual.com\\\/inicio\\\/index.php\\\/2020\\\/03\\\/22\\\/violan-la-cuarentena-agreden-una-policia-quehue\\\/#primaryimage\"},\"thumbnailUrl\":\"https:\\\/\\\/diariotextual.com\\\/inicio\\\/wp-content\\\/uploads\\\/2020\\\/01\\\/transitocontrolpolicia2020-333.jpeg\",\"datePublished\":\"2020-03-23T00:37:22+00:00\",\"dateModified\":\"2020-03-23T18:30:27+00:00\",\"breadcrumb\":{\"@id\":\"https:\\\/\\\/diariotextual.com\\\/inicio\\\/index.php\\\/2020\\\/03\\\/22\\\/violan-la-cuarentena-agreden-una-policia-quehue\\\/#breadcrumb\"},\"inLanguage\":\"es\",\"potentialAction\":[{\"@type\":\"ReadAction\",\"target\":[\"https:\\\/\\\/diariotextual.com\\\/inicio\\\/index.php\\\/2020\\\/03\\\/22\\\/violan-la-cuarentena-agreden-una-policia-quehue\\\/\"]}]},{\"@type\":\"ImageObject\",\"inLanguage\":\"es\",\"@id\":\"https:\\\/\\\/diariotextual.com\\\/inicio\\\/index.php\\\/2020\\\/03\\\/22\\\/violan-la-cuarentena-agreden-una-policia-quehue\\\/#primaryimage\",\"url\":\"https:\\\/\\\/diariotextual.com\\\/inicio\\\/wp-content\\\/uploads\\\/2020\\\/01\\\/transitocontrolpolicia2020-333.jpeg\",\"contentUrl\":\"https:\\\/\\\/diariotextual.com\\\/inicio\\\/wp-content\\\/uploads\\\/2020\\\/01\\\/transitocontrolpolicia2020-333.jpeg\",\"width\":1280,\"height\":1016},{\"@type\":\"BreadcrumbList\",\"@id\":\"https:\\\/\\\/diariotextual.com\\\/inicio\\\/index.php\\\/2020\\\/03\\\/22\\\/violan-la-cuarentena-agreden-una-policia-quehue\\\/#breadcrumb\",\"itemListElement\":[{\"@type\":\"ListItem\",\"position\":1,\"name\":\"Portada\",\"item\":\"https:\\\/\\\/diariotextual.com\\\/inicio\\\/\"},{\"@type\":\"ListItem\",\"position\":2,\"name\":\"Violan la cuarentena y agreden a una polic\u00eda en Quehu\u00e9\"}]},{\"@type\":\"WebSite\",\"@id\":\"https:\\\/\\\/diariotextual.com\\\/inicio\\\/#website\",\"url\":\"https:\\\/\\\/diariotextual.com\\\/inicio\\\/\",\"name\":\"Diario Textual\",\"description\":\"\",\"publisher\":{\"@id\":\"https:\\\/\\\/diariotextual.com\\\/inicio\\\/#organization\"},\"potentialAction\":[{\"@type\":\"SearchAction\",\"target\":{\"@type\":\"EntryPoint\",\"urlTemplate\":\"https:\\\/\\\/diariotextual.com\\\/inicio\\\/?s={search_term_string}\"},\"query-input\":{\"@type\":\"PropertyValueSpecification\",\"valueRequired\":true,\"valueName\":\"search_term_string\"}}],\"inLanguage\":\"es\"},{\"@type\":\"Organization\",\"@id\":\"https:\\\/\\\/diariotextual.com\\\/inicio\\\/#organization\",\"name\":\"Diario Textual\",\"url\":\"https:\\\/\\\/diariotextual.com\\\/inicio\\\/\",\"logo\":{\"@type\":\"ImageObject\",\"inLanguage\":\"es\",\"@id\":\"https:\\\/\\\/diariotextual.com\\\/inicio\\\/#\\\/schema\\\/logo\\\/image\\\/\",\"url\":\"https:\\\/\\\/diariotextual.com\\\/inicio\\\/wp-content\\\/uploads\\\/2023\\\/05\\\/logotextual1.jpg\",\"contentUrl\":\"https:\\\/\\\/diariotextual.com\\\/inicio\\\/wp-content\\\/uploads\\\/2023\\\/05\\\/logotextual1.jpg\",\"width\":516,\"height\":76,\"caption\":\"Diario Textual\"},\"image\":{\"@id\":\"https:\\\/\\\/diariotextual.com\\\/inicio\\\/#\\\/schema\\\/logo\\\/image\\\/\"},\"sameAs\":[\"https:\\\/\\\/www.facebook.com\\\/eltextual\",\"https:\\\/\\\/x.com\\\/eltextual\",\"http:\\\/\\\/www.instagram.com\\\/eltextual\"]},{\"@type\":\"Person\",\"@id\":\"https:\\\/\\\/diariotextual.com\\\/inicio\\\/#\\\/schema\\\/person\\\/418fc4093c33e86ed41562db3508f958\",\"name\":\"Diario1 Diario1\",\"image\":{\"@type\":\"ImageObject\",\"inLanguage\":\"es\",\"@id\":\"https:\\\/\\\/secure.gravatar.com\\\/avatar\\\/9167d280179c85bc18be67aa7eda765854300033af4896dd779b608640f2ef7a?s=96&d=mm&r=g\",\"url\":\"https:\\\/\\\/secure.gravatar.com\\\/avatar\\\/9167d280179c85bc18be67aa7eda765854300033af4896dd779b608640f2ef7a?s=96&d=mm&r=g\",\"contentUrl\":\"https:\\\/\\\/secure.gravatar.com\\\/avatar\\\/9167d280179c85bc18be67aa7eda765854300033af4896dd779b608640f2ef7a?s=96&d=mm&r=g\",\"caption\":\"Diario1 Diario1\"},\"url\":\"https:\\\/\\\/diariotextual.com\\\/inicio\\\/index.php\\\/author\\\/diario1\\\/\"}]}<\/script>\n<!-- \/ Yoast SEO plugin. -->","yoast_head_json":{"title":"Violan la cuarentena y agreden a una polic\u00eda en Quehu\u00e9 - Diario Textual","robots":{"index":"index","follow":"follow","max-snippet":"max-snippet:-1","max-image-preview":"max-image-preview:large","max-video-preview":"max-video-preview:-1"},"canonical":"https:\/\/diariotextual.com\/inicio\/index.php\/2020\/03\/22\/violan-la-cuarentena-agreden-una-policia-quehue\/","og_locale":"es_ES","og_type":"article","og_title":"Violan la cuarentena y agreden a una polic\u00eda en Quehu\u00e9 - Diario Textual","og_description":"Tres personas, que fueron advertidos por no respetar la cuarentena para prevenir el coronavirus Covid-19, agredieron a una mujer polic\u00eda en el pueblo de\u00a0Quehu\u00e9. Finalmente fueron detenidos. Seg\u00fan informaron fuentes&hellip;","og_url":"https:\/\/diariotextual.com\/inicio\/index.php\/2020\/03\/22\/violan-la-cuarentena-agreden-una-policia-quehue\/","og_site_name":"Diario Textual","article_publisher":"https:\/\/www.facebook.com\/eltextual","article_published_time":"2020-03-23T00:37:22+00:00","article_modified_time":"2020-03-23T18:30:27+00:00","og_image":[{"width":1280,"height":1016,"url":"https:\/\/diariotextual.com\/inicio\/wp-content\/uploads\/2020\/01\/transitocontrolpolicia2020-333.jpeg","type":"image\/jpeg"}],"author":"Diario1 Diario1","twitter_card":"summary_large_image","twitter_creator":"@eltextual","twitter_site":"@eltextual","twitter_misc":{"Escrito por":"Diario1 Diario1","Tiempo de lectura":"4 minutos"},"schema":{"@context":"https:\/\/schema.org","@graph":[{"@type":"Article","@id":"https:\/\/diariotextual.com\/inicio\/index.php\/2020\/03\/22\/violan-la-cuarentena-agreden-una-policia-quehue\/#article","isPartOf":{"@id":"https:\/\/diariotextual.com\/inicio\/index.php\/2020\/03\/22\/violan-la-cuarentena-agreden-una-policia-quehue\/"},"author":{"name":"Diario1 Diario1","@id":"https:\/\/diariotextual.com\/inicio\/#\/schema\/person\/418fc4093c33e86ed41562db3508f958"},"headline":"Violan la cuarentena y agreden a una polic\u00eda en Quehu\u00e9","datePublished":"2020-03-23T00:37:22+00:00","dateModified":"2020-03-23T18:30:27+00:00","mainEntityOfPage":{"@id":"https:\/\/diariotextual.com\/inicio\/index.php\/2020\/03\/22\/violan-la-cuarentena-agreden-una-policia-quehue\/"},"wordCount":874,"publisher":{"@id":"https:\/\/diariotextual.com\/inicio\/#organization"},"image":{"@id":"https:\/\/diariotextual.com\/inicio\/index.php\/2020\/03\/22\/violan-la-cuarentena-agreden-una-policia-quehue\/#primaryimage"},"thumbnailUrl":"https:\/\/diariotextual.com\/inicio\/wp-content\/uploads\/2020\/01\/transitocontrolpolicia2020-333.jpeg","keywords":["cuarentena"],"articleSection":["A - TEMPORALES","SOCIEDAD"],"inLanguage":"es"},{"@type":"WebPage","@id":"https:\/\/diariotextual.com\/inicio\/index.php\/2020\/03\/22\/violan-la-cuarentena-agreden-una-policia-quehue\/","url":"https:\/\/diariotextual.com\/inicio\/index.php\/2020\/03\/22\/violan-la-cuarentena-agreden-una-policia-quehue\/","name":"Violan la cuarentena y agreden a una polic\u00eda en Quehu\u00e9 - Diario Textual","isPartOf":{"@id":"https:\/\/diariotextual.com\/inicio\/#website"},"primaryImageOfPage":{"@id":"https:\/\/diariotextual.com\/inicio\/index.php\/2020\/03\/22\/violan-la-cuarentena-agreden-una-policia-quehue\/#primaryimage"},"image":{"@id":"https:\/\/diariotextual.com\/inicio\/index.php\/2020\/03\/22\/violan-la-cuarentena-agreden-una-policia-quehue\/#primaryimage"},"thumbnailUrl":"https:\/\/diariotextual.com\/inicio\/wp-content\/uploads\/2020\/01\/transitocontrolpolicia2020-333.jpeg","datePublished":"2020-03-23T00:37:22+00:00","dateModified":"2020-03-23T18:30:27+00:00","breadcrumb":{"@id":"https:\/\/diariotextual.com\/inicio\/index.php\/2020\/03\/22\/violan-la-cuarentena-agreden-una-policia-quehue\/#breadcrumb"},"inLanguage":"es","potentialAction":[{"@type":"ReadAction","target":["https:\/\/diariotextual.com\/inicio\/index.php\/2020\/03\/22\/violan-la-cuarentena-agreden-una-policia-quehue\/"]}]},{"@type":"ImageObject","inLanguage":"es","@id":"https:\/\/diariotextual.com\/inicio\/index.php\/2020\/03\/22\/violan-la-cuarentena-agreden-una-policia-quehue\/#primaryimage","url":"https:\/\/diariotextual.com\/inicio\/wp-content\/uploads\/2020\/01\/transitocontrolpolicia2020-333.jpeg","contentUrl":"https:\/\/diariotextual.com\/inicio\/wp-content\/uploads\/2020\/01\/transitocontrolpolicia2020-333.jpeg","width":1280,"height":1016},{"@type":"BreadcrumbList","@id":"https:\/\/diariotextual.com\/inicio\/index.php\/2020\/03\/22\/violan-la-cuarentena-agreden-una-policia-quehue\/#breadcrumb","itemListElement":[{"@type":"ListItem","position":1,"name":"Portada","item":"https:\/\/diariotextual.com\/inicio\/"},{"@type":"ListItem","position":2,"name":"Violan la cuarentena y agreden a una polic\u00eda en Quehu\u00e9"}]},{"@type":"WebSite","@id":"https:\/\/diariotextual.com\/inicio\/#website","url":"https:\/\/diariotextual.com\/inicio\/","name":"Diario Textual","description":"","publisher":{"@id":"https:\/\/diariotextual.com\/inicio\/#organization"},"potentialAction":[{"@type":"SearchAction","target":{"@type":"EntryPoint","urlTemplate":"https:\/\/diariotextual.com\/inicio\/?s={search_term_string}"},"query-input":{"@type":"PropertyValueSpecification","valueRequired":true,"valueName":"search_term_string"}}],"inLanguage":"es"},{"@type":"Organization","@id":"https:\/\/diariotextual.com\/inicio\/#organization","name":"Diario Textual","url":"https:\/\/diariotextual.com\/inicio\/","logo":{"@type":"ImageObject","inLanguage":"es","@id":"https:\/\/diariotextual.com\/inicio\/#\/schema\/logo\/image\/","url":"https:\/\/diariotextual.com\/inicio\/wp-content\/uploads\/2023\/05\/logotextual1.jpg","contentUrl":"https:\/\/diariotextual.com\/inicio\/wp-content\/uploads\/2023\/05\/logotextual1.jpg","width":516,"height":76,"caption":"Diario Textual"},"image":{"@id":"https:\/\/diariotextual.com\/inicio\/#\/schema\/logo\/image\/"},"sameAs":["https:\/\/www.facebook.com\/eltextual","https:\/\/x.com\/eltextual","http:\/\/www.instagram.com\/eltextual"]},{"@type":"Person","@id":"https:\/\/diariotextual.com\/inicio\/#\/schema\/person\/418fc4093c33e86ed41562db3508f958","name":"Diario1 Diario1","image":{"@type":"ImageObject","inLanguage":"es","@id":"https:\/\/secure.gravatar.com\/avatar\/9167d280179c85bc18be67aa7eda765854300033af4896dd779b608640f2ef7a?s=96&d=mm&r=g","url":"https:\/\/secure.gravatar.com\/avatar\/9167d280179c85bc18be67aa7eda765854300033af4896dd779b608640f2ef7a?s=96&d=mm&r=g","contentUrl":"https:\/\/secure.gravatar.com\/avatar\/9167d280179c85bc18be67aa7eda765854300033af4896dd779b608640f2ef7a?s=96&d=mm&r=g","caption":"Diario1 Diario1"},"url":"https:\/\/diariotextual.com\/inicio\/index.php\/author\/diario1\/"}]}},"_links":{"self":[{"href":"https:\/\/diariotextual.com\/inicio\/index.php\/wp-json\/wp\/v2\/posts\/85187","targetHints":{"allow":["GET"]}}],"collection":[{"href":"https:\/\/diariotextual.com\/inicio\/index.php\/wp-json\/wp\/v2\/posts"}],"about":[{"href":"https:\/\/diariotextual.com\/inicio\/index.php\/wp-json\/wp\/v2\/types\/post"}],"author":[{"embeddable":true,"href":"https:\/\/diariotextual.com\/inicio\/index.php\/wp-json\/wp\/v2\/users\/3"}],"replies":[{"embeddable":true,"href":"https:\/\/diariotextual.com\/inicio\/index.php\/wp-json\/wp\/v2\/comments?post=85187"}],"version-history":[{"count":6,"href":"https:\/\/diariotextual.com\/inicio\/index.php\/wp-json\/wp\/v2\/posts\/85187\/revisions"}],"predecessor-version":[{"id":85209,"href":"https:\/\/diariotextual.com\/inicio\/index.php\/wp-json\/wp\/v2\/posts\/85187\/revisions\/85209"}],"wp:featuredmedia":[{"embeddable":true,"href":"https:\/\/diariotextual.com\/inicio\/index.php\/wp-json\/wp\/v2\/media\/75341"}],"wp:attachment":[{"href":"https:\/\/diariotextual.com\/inicio\/index.php\/wp-json\/wp\/v2\/media?parent=85187"}],"wp:term":[{"taxonomy":"category","embeddable":true,"href":"https:\/\/diariotextual.com\/inicio\/index.php\/wp-json\/wp\/v2\/categories?post=85187"},{"taxonomy":"post_tag","embeddable":true,"href":"https:\/\/diariotextual.com\/inicio\/index.php\/wp-json\/wp\/v2\/tags?post=85187"}],"curies":[{"name":"wp","href":"https:\/\/api.w.org\/{rel}","templated":true}]}}