{"id":85199,"date":"2020-03-22T21:59:57","date_gmt":"2020-03-23T00:59:57","guid":{"rendered":"http:\/\/diariotextual.com\/inicio\/?p=85199"},"modified":"2020-03-23T15:30:20","modified_gmt":"2020-03-23T18:30:20","slug":"coronavirus-violaron-las-cuarentenas-pico-santa-rosa-fueron-acusados-whatsapp","status":"publish","type":"post","link":"https:\/\/diariotextual.com\/inicio\/index.php\/2020\/03\/22\/coronavirus-violaron-las-cuarentenas-pico-santa-rosa-fueron-acusados-whatsapp\/","title":{"rendered":"Coronavirus: violaron las cuarentenas en Pico y Santa Rosa y fueron acusados por Whatsapp"},"content":{"rendered":"<p>En el contexto del <strong>aislamiento obligatorio<\/strong> que dispuso el gobierno nacional, la Justicia provincial contin\u00faa trabajando con sus funcionarios, magistrados y empleados desde sus casas. De esa manera, este domingo se desarrollaron <strong>audiencias de formalizaci\u00f3n<\/strong> en las que los funcionarios judiciales, <strong>desde sus casas en Pico y en Santa Rosa<\/strong>, utilizaron, incluso,\u00a0 la aplicaci\u00f3n <strong>Whatsapp Web<\/strong> para comunicarse con los <strong>detenidos<\/strong> en las comisar\u00edas.<\/p>\n<p><strong>En la noche de este s\u00e1bado se formaliz\u00f3 a Diego Javier \u00c1vila, <\/strong>quien fue detenido ayer en el barrio Federal de General Pico por violar la cuarentena, en base a los art\u00edculos 239 y 205 del C\u00f3digo Penal.<\/p>\n<p>Usaron las nuevas tecnolog\u00edas y el Sistema de Gesti\u00f3n de Legajos Penales que fue creado por el personal propio y ha llevado a la despapelizaci\u00f3n total del fuero penal. La audiencia fue realizada en Pico mediante la aplicaci\u00f3n Whatsapp Web. Finalmente el juez de control <strong>Alejandro Gilardenghi resolvi\u00f3 que el imputado permanezca con prisi\u00f3n preventiva hasta la finalizaci\u00f3n del proceso.<\/strong><\/p>\n<p>La decisi\u00f3n del magistrado fue adoptada como consecuencia de un pedido de la fiscala<strong> Mar\u00eda Ver\u00f3nica Campo<\/strong>, quien<strong> lo acus\u00f3 del delito de atentado contra la autoridad, resistencia o desobediencia a la autoridad y el art\u00edculo 205 del C\u00f3digo Penal, que sanciona a quien viole medidas que se adopten para impedir la propagaci\u00f3n de una epidemia.<\/strong><\/p>\n<p>\u00c1vila viol\u00f3 ayer por la noche el aislamiento obligatorio, establecido por el decreto 297\/ 2020 del Poder Ejecutivo Nacional, al circular en un auto por la v\u00eda p\u00fablica y ante la voz de alto de la polic\u00eda, darse a la fuga. Su recorrido finaliz\u00f3 en un domicilio de calle 442 bis, donde portando un objeto contundente (un ca\u00f1o tipo gas color gris) se abalanz\u00f3 sobre el personal policial repeliendo su accionar y posteriormente ingres\u00f3 a la vivienda.<\/p>\n<p>Lo novedoso de la audiencia radic\u00f3 en que se tramit\u00f3 de manera remota, sin declaraciones ni audiencias presenciales y con la participaci\u00f3n no solo de Gilardenghi, Campo y el defensor oficial Alejandro Caram, sino adem\u00e1s de empleados de la Oficina Judicial y de las Unidades dependientes del Ministerio P\u00fablico Fiscal.<\/p>\n<p>As\u00ed, el juez y los dos funcionarios tomaron parte de la audiencia desde sus domicilios particulares y \u00c1vila lo hizo desde la Comisar\u00eda Primera, donde permanece detenido.<\/p>\n<p>Incluso todas las diligencias previas de la investigaci\u00f3n \u2013antes de llegarse a la formalizaci\u00f3n\u2013 se cumplieron v\u00eda telef\u00f3nica y\/o a trav\u00e9s de videollamadas de Whatsapp entre las diferentes partes.<\/p>\n<p>En Santa Rosa, por su parte, un<strong>\u00a0hombre de 39 a\u00f1os viol\u00f3 dos veces el aislamiento obligatorio<\/strong>. Hoy la Justicia provincial\u00a0\u00a0<strong>lo formaliz\u00f3 y dispuso que permanezca en prisi\u00f3n<\/strong>\u00a0preventiva hasta el pr\u00f3ximo s\u00e1bado.<\/p>\n<p>La resoluci\u00f3n fue dictada por\u00a0<strong>el juez de control, Carlos Mat\u00edas Chapalcaz, a pedido del fiscal general M\u00e1ximo Paulucci.<\/strong><\/p>\n<p>El defensor oficial, Mart\u00edn Garc\u00eda Ongaro, hab\u00eda requerido que el imputado \u2013permanece detenido desde anoche en la Seccional Tercera\u2013 quedase en libertad y,\u00a0 subsidiariamente, que se le dictara la prisi\u00f3n domiciliaria.<\/p>\n<p>Lo novedoso de\u00a0<strong>la causa, al igual que lo que pas\u00f3 en Pico, fue que se tramit\u00f3 sin declaraciones ni audiencias presenciales. Garc\u00eda Ongaro se comunic\u00f3 con la comisar\u00eda y entrevist\u00f3 al imputado por tel\u00e9fono<\/strong>. En esa conversaci\u00f3n le explic\u00f3 los alcances de la acusaci\u00f3n y le pregunt\u00f3 si quer\u00eda declarar o si se abstendr\u00eda. Luego, tambi\u00e9n telef\u00f3nicamente, inform\u00f3 la versi\u00f3n que dio su defendido de lo ocurrido ayer y propuso el domicilio donde cumplir\u00eda la prisi\u00f3n. Sin embargo, sus moradores se negaron a alojarlo aduciendo que el acusado ya ten\u00eda una orden de restricci\u00f3n de acercamiento.<\/p>\n<blockquote class=\"wp-embedded-content\" data-secret=\"RuDGlp7wck\"><p><a href=\"http:\/\/diariotextual.com\/inicio\/index.php\/2020\/03\/22\/santa-rosa-violo-la-cuarentena-dos-veces-quedo-detenido\/\">Santa Rosa: viol\u00f3 la cuarentena dos veces y qued\u00f3 detenido<\/a><\/p><\/blockquote>\n<p><iframe class=\"wp-embedded-content\" sandbox=\"allow-scripts\" security=\"restricted\" style=\"position: absolute; clip: rect(1px, 1px, 1px, 1px);\" src=\"http:\/\/diariotextual.com\/inicio\/index.php\/2020\/03\/22\/santa-rosa-violo-la-cuarentena-dos-veces-quedo-detenido\/embed\/#?secret=RuDGlp7wck\" data-secret=\"RuDGlp7wck\" width=\"600\" height=\"338\" title=\"&#171;Santa Rosa: viol\u00f3 la cuarentena dos veces y qued\u00f3 detenido&#187; &#8212; Diario Textual\" frameborder=\"0\" marginwidth=\"0\" marginheight=\"0\" scrolling=\"no\"><\/iframe><\/p>\n<p><strong>Chapalcaz resolvi\u00f3 desde su vivienda particular, subi\u00f3 la resoluci\u00f3n al SIGeLP y las partes se notificaron de ella por v\u00eda electr\u00f3nica<\/strong>. Incluso la denuncia escrita y otra documentaci\u00f3n fue incorporada al legajo digital a trav\u00e9s de fotos de Whatsapp.<\/p>\n<p>La formalizaci\u00f3n fue por la presunta comisi\u00f3n de los delitos de violaci\u00f3n de las medidas adoptadas por las autoridades competentes, para impedir la introducci\u00f3n o propagaci\u00f3n de una epidemia y desobediencia, en dos hechos, y amenazas simples.<\/p>\n<blockquote class=\"wp-embedded-content\" data-secret=\"yVBz5Ej1jC\"><p><a href=\"http:\/\/diariotextual.com\/inicio\/index.php\/2020\/03\/22\/violan-la-cuarentena-agreden-una-policia-quehue\/\">Violan la cuarentena y agreden a una polic\u00eda en Quehu\u00e9<\/a><\/p><\/blockquote>\n<p><iframe class=\"wp-embedded-content\" sandbox=\"allow-scripts\" security=\"restricted\" style=\"position: absolute; clip: rect(1px, 1px, 1px, 1px);\" src=\"http:\/\/diariotextual.com\/inicio\/index.php\/2020\/03\/22\/violan-la-cuarentena-agreden-una-policia-quehue\/embed\/#?secret=yVBz5Ej1jC\" data-secret=\"yVBz5Ej1jC\" width=\"600\" height=\"338\" title=\"&#171;Violan la cuarentena y agreden a una polic\u00eda en Quehu\u00e9&#187; &#8212; Diario Textual\" frameborder=\"0\" marginwidth=\"0\" marginheight=\"0\" scrolling=\"no\"><\/iframe><\/p>\n<p>&nbsp;<\/p>\n","protected":false},"excerpt":{"rendered":"<p>En el contexto del aislamiento obligatorio que dispuso el gobierno nacional, la Justicia provincial contin\u00faa trabajando con sus funcionarios, magistrados y empleados desde sus casas. De esa manera, este domingo&hellip;<\/p>\n","protected":false},"author":3,"featured_media":85200,"comment_status":"closed","ping_status":"open","sticky":false,"template":"","format":"standard","meta":{"_acf_changed":false,"footnotes":""},"categories":[319,12],"tags":[2662,2853],"class_list":["post-85199","post","type-post","status-publish","format-standard","has-post-thumbnail","hentry","category-a-temporales","category-sociedad","tag-coronavirus","tag-cuarentena"],"acf":[],"yoast_head":"<!-- This site is optimized with the Yoast SEO plugin v27.5 - https:\/\/yoast.com\/product\/yoast-seo-wordpress\/ -->\n<title>Coronavirus: violaron las cuarentenas en Pico y Santa Rosa y fueron acusados por Whatsapp - Diario Textual<\/title>\n<meta name=\"robots\" content=\"index, follow, max-snippet:-1, max-image-preview:large, max-video-preview:-1\" \/>\n<link rel=\"canonical\" href=\"https:\/\/diariotextual.com\/inicio\/index.php\/2020\/03\/22\/coronavirus-violaron-las-cuarentenas-pico-santa-rosa-fueron-acusados-whatsapp\/\" \/>\n<meta property=\"og:locale\" content=\"es_ES\" \/>\n<meta property=\"og:type\" content=\"article\" \/>\n<meta property=\"og:title\" content=\"Coronavirus: violaron las cuarentenas en Pico y Santa Rosa y fueron acusados por Whatsapp - Diario Textual\" \/>\n<meta property=\"og:description\" content=\"En el contexto del aislamiento obligatorio que dispuso el gobierno nacional, la Justicia provincial contin\u00faa trabajando con sus funcionarios, magistrados y empleados desde sus casas. De esa manera, este domingo&hellip;\" \/>\n<meta property=\"og:url\" content=\"https:\/\/diariotextual.com\/inicio\/index.php\/2020\/03\/22\/coronavirus-violaron-las-cuarentenas-pico-santa-rosa-fueron-acusados-whatsapp\/\" \/>\n<meta property=\"og:site_name\" content=\"Diario Textual\" \/>\n<meta property=\"article:publisher\" content=\"https:\/\/www.facebook.com\/eltextual\" \/>\n<meta property=\"article:published_time\" content=\"2020-03-23T00:59:57+00:00\" \/>\n<meta property=\"article:modified_time\" content=\"2020-03-23T18:30:20+00:00\" \/>\n<meta property=\"og:image\" content=\"https:\/\/diariotextual.com\/inicio\/wp-content\/uploads\/2020\/03\/coronavirusaudienciaspicofiscalcampo2020-1.jpg\" \/>\n\t<meta property=\"og:image:width\" content=\"1042\" \/>\n\t<meta property=\"og:image:height\" content=\"594\" \/>\n\t<meta property=\"og:image:type\" content=\"image\/jpeg\" \/>\n<meta name=\"author\" content=\"Diario1 Diario1\" \/>\n<meta name=\"twitter:card\" content=\"summary_large_image\" \/>\n<meta name=\"twitter:creator\" content=\"@eltextual\" \/>\n<meta name=\"twitter:site\" content=\"@eltextual\" \/>\n<meta name=\"twitter:label1\" content=\"Escrito por\" \/>\n\t<meta name=\"twitter:data1\" content=\"Diario1 Diario1\" \/>\n\t<meta name=\"twitter:label2\" content=\"Tiempo de lectura\" \/>\n\t<meta name=\"twitter:data2\" content=\"4 minutos\" \/>\n<script type=\"application\/ld+json\" class=\"yoast-schema-graph\">{\"@context\":\"https:\\\/\\\/schema.org\",\"@graph\":[{\"@type\":\"Article\",\"@id\":\"https:\\\/\\\/diariotextual.com\\\/inicio\\\/index.php\\\/2020\\\/03\\\/22\\\/coronavirus-violaron-las-cuarentenas-pico-santa-rosa-fueron-acusados-whatsapp\\\/#article\",\"isPartOf\":{\"@id\":\"https:\\\/\\\/diariotextual.com\\\/inicio\\\/index.php\\\/2020\\\/03\\\/22\\\/coronavirus-violaron-las-cuarentenas-pico-santa-rosa-fueron-acusados-whatsapp\\\/\"},\"author\":{\"name\":\"Diario1 Diario1\",\"@id\":\"https:\\\/\\\/diariotextual.com\\\/inicio\\\/#\\\/schema\\\/person\\\/418fc4093c33e86ed41562db3508f958\"},\"headline\":\"Coronavirus: violaron las cuarentenas en Pico y Santa Rosa y fueron acusados por Whatsapp\",\"datePublished\":\"2020-03-23T00:59:57+00:00\",\"dateModified\":\"2020-03-23T18:30:20+00:00\",\"mainEntityOfPage\":{\"@id\":\"https:\\\/\\\/diariotextual.com\\\/inicio\\\/index.php\\\/2020\\\/03\\\/22\\\/coronavirus-violaron-las-cuarentenas-pico-santa-rosa-fueron-acusados-whatsapp\\\/\"},\"wordCount\":748,\"publisher\":{\"@id\":\"https:\\\/\\\/diariotextual.com\\\/inicio\\\/#organization\"},\"image\":{\"@id\":\"https:\\\/\\\/diariotextual.com\\\/inicio\\\/index.php\\\/2020\\\/03\\\/22\\\/coronavirus-violaron-las-cuarentenas-pico-santa-rosa-fueron-acusados-whatsapp\\\/#primaryimage\"},\"thumbnailUrl\":\"https:\\\/\\\/diariotextual.com\\\/inicio\\\/wp-content\\\/uploads\\\/2020\\\/03\\\/coronavirusaudienciaspicofiscalcampo2020-1.jpg\",\"keywords\":[\"coronavirus\",\"cuarentena\"],\"articleSection\":[\"A - TEMPORALES\",\"SOCIEDAD\"],\"inLanguage\":\"es\"},{\"@type\":\"WebPage\",\"@id\":\"https:\\\/\\\/diariotextual.com\\\/inicio\\\/index.php\\\/2020\\\/03\\\/22\\\/coronavirus-violaron-las-cuarentenas-pico-santa-rosa-fueron-acusados-whatsapp\\\/\",\"url\":\"https:\\\/\\\/diariotextual.com\\\/inicio\\\/index.php\\\/2020\\\/03\\\/22\\\/coronavirus-violaron-las-cuarentenas-pico-santa-rosa-fueron-acusados-whatsapp\\\/\",\"name\":\"Coronavirus: violaron las cuarentenas en Pico y Santa Rosa y fueron acusados por Whatsapp - Diario Textual\",\"isPartOf\":{\"@id\":\"https:\\\/\\\/diariotextual.com\\\/inicio\\\/#website\"},\"primaryImageOfPage\":{\"@id\":\"https:\\\/\\\/diariotextual.com\\\/inicio\\\/index.php\\\/2020\\\/03\\\/22\\\/coronavirus-violaron-las-cuarentenas-pico-santa-rosa-fueron-acusados-whatsapp\\\/#primaryimage\"},\"image\":{\"@id\":\"https:\\\/\\\/diariotextual.com\\\/inicio\\\/index.php\\\/2020\\\/03\\\/22\\\/coronavirus-violaron-las-cuarentenas-pico-santa-rosa-fueron-acusados-whatsapp\\\/#primaryimage\"},\"thumbnailUrl\":\"https:\\\/\\\/diariotextual.com\\\/inicio\\\/wp-content\\\/uploads\\\/2020\\\/03\\\/coronavirusaudienciaspicofiscalcampo2020-1.jpg\",\"datePublished\":\"2020-03-23T00:59:57+00:00\",\"dateModified\":\"2020-03-23T18:30:20+00:00\",\"breadcrumb\":{\"@id\":\"https:\\\/\\\/diariotextual.com\\\/inicio\\\/index.php\\\/2020\\\/03\\\/22\\\/coronavirus-violaron-las-cuarentenas-pico-santa-rosa-fueron-acusados-whatsapp\\\/#breadcrumb\"},\"inLanguage\":\"es\",\"potentialAction\":[{\"@type\":\"ReadAction\",\"target\":[\"https:\\\/\\\/diariotextual.com\\\/inicio\\\/index.php\\\/2020\\\/03\\\/22\\\/coronavirus-violaron-las-cuarentenas-pico-santa-rosa-fueron-acusados-whatsapp\\\/\"]}]},{\"@type\":\"ImageObject\",\"inLanguage\":\"es\",\"@id\":\"https:\\\/\\\/diariotextual.com\\\/inicio\\\/index.php\\\/2020\\\/03\\\/22\\\/coronavirus-violaron-las-cuarentenas-pico-santa-rosa-fueron-acusados-whatsapp\\\/#primaryimage\",\"url\":\"https:\\\/\\\/diariotextual.com\\\/inicio\\\/wp-content\\\/uploads\\\/2020\\\/03\\\/coronavirusaudienciaspicofiscalcampo2020-1.jpg\",\"contentUrl\":\"https:\\\/\\\/diariotextual.com\\\/inicio\\\/wp-content\\\/uploads\\\/2020\\\/03\\\/coronavirusaudienciaspicofiscalcampo2020-1.jpg\",\"width\":1042,\"height\":594},{\"@type\":\"BreadcrumbList\",\"@id\":\"https:\\\/\\\/diariotextual.com\\\/inicio\\\/index.php\\\/2020\\\/03\\\/22\\\/coronavirus-violaron-las-cuarentenas-pico-santa-rosa-fueron-acusados-whatsapp\\\/#breadcrumb\",\"itemListElement\":[{\"@type\":\"ListItem\",\"position\":1,\"name\":\"Portada\",\"item\":\"https:\\\/\\\/diariotextual.com\\\/inicio\\\/\"},{\"@type\":\"ListItem\",\"position\":2,\"name\":\"Coronavirus: violaron las cuarentenas en Pico y Santa Rosa y fueron acusados por Whatsapp\"}]},{\"@type\":\"WebSite\",\"@id\":\"https:\\\/\\\/diariotextual.com\\\/inicio\\\/#website\",\"url\":\"https:\\\/\\\/diariotextual.com\\\/inicio\\\/\",\"name\":\"Diario Textual\",\"description\":\"\",\"publisher\":{\"@id\":\"https:\\\/\\\/diariotextual.com\\\/inicio\\\/#organization\"},\"potentialAction\":[{\"@type\":\"SearchAction\",\"target\":{\"@type\":\"EntryPoint\",\"urlTemplate\":\"https:\\\/\\\/diariotextual.com\\\/inicio\\\/?s={search_term_string}\"},\"query-input\":{\"@type\":\"PropertyValueSpecification\",\"valueRequired\":true,\"valueName\":\"search_term_string\"}}],\"inLanguage\":\"es\"},{\"@type\":\"Organization\",\"@id\":\"https:\\\/\\\/diariotextual.com\\\/inicio\\\/#organization\",\"name\":\"Diario Textual\",\"url\":\"https:\\\/\\\/diariotextual.com\\\/inicio\\\/\",\"logo\":{\"@type\":\"ImageObject\",\"inLanguage\":\"es\",\"@id\":\"https:\\\/\\\/diariotextual.com\\\/inicio\\\/#\\\/schema\\\/logo\\\/image\\\/\",\"url\":\"https:\\\/\\\/diariotextual.com\\\/inicio\\\/wp-content\\\/uploads\\\/2023\\\/05\\\/logotextual1.jpg\",\"contentUrl\":\"https:\\\/\\\/diariotextual.com\\\/inicio\\\/wp-content\\\/uploads\\\/2023\\\/05\\\/logotextual1.jpg\",\"width\":516,\"height\":76,\"caption\":\"Diario Textual\"},\"image\":{\"@id\":\"https:\\\/\\\/diariotextual.com\\\/inicio\\\/#\\\/schema\\\/logo\\\/image\\\/\"},\"sameAs\":[\"https:\\\/\\\/www.facebook.com\\\/eltextual\",\"https:\\\/\\\/x.com\\\/eltextual\",\"http:\\\/\\\/www.instagram.com\\\/eltextual\"]},{\"@type\":\"Person\",\"@id\":\"https:\\\/\\\/diariotextual.com\\\/inicio\\\/#\\\/schema\\\/person\\\/418fc4093c33e86ed41562db3508f958\",\"name\":\"Diario1 Diario1\",\"image\":{\"@type\":\"ImageObject\",\"inLanguage\":\"es\",\"@id\":\"https:\\\/\\\/secure.gravatar.com\\\/avatar\\\/9167d280179c85bc18be67aa7eda765854300033af4896dd779b608640f2ef7a?s=96&d=mm&r=g\",\"url\":\"https:\\\/\\\/secure.gravatar.com\\\/avatar\\\/9167d280179c85bc18be67aa7eda765854300033af4896dd779b608640f2ef7a?s=96&d=mm&r=g\",\"contentUrl\":\"https:\\\/\\\/secure.gravatar.com\\\/avatar\\\/9167d280179c85bc18be67aa7eda765854300033af4896dd779b608640f2ef7a?s=96&d=mm&r=g\",\"caption\":\"Diario1 Diario1\"},\"url\":\"https:\\\/\\\/diariotextual.com\\\/inicio\\\/index.php\\\/author\\\/diario1\\\/\"}]}<\/script>\n<!-- \/ Yoast SEO plugin. -->","yoast_head_json":{"title":"Coronavirus: violaron las cuarentenas en Pico y Santa Rosa y fueron acusados por Whatsapp - Diario Textual","robots":{"index":"index","follow":"follow","max-snippet":"max-snippet:-1","max-image-preview":"max-image-preview:large","max-video-preview":"max-video-preview:-1"},"canonical":"https:\/\/diariotextual.com\/inicio\/index.php\/2020\/03\/22\/coronavirus-violaron-las-cuarentenas-pico-santa-rosa-fueron-acusados-whatsapp\/","og_locale":"es_ES","og_type":"article","og_title":"Coronavirus: violaron las cuarentenas en Pico y Santa Rosa y fueron acusados por Whatsapp - Diario Textual","og_description":"En el contexto del aislamiento obligatorio que dispuso el gobierno nacional, la Justicia provincial contin\u00faa trabajando con sus funcionarios, magistrados y empleados desde sus casas. De esa manera, este domingo&hellip;","og_url":"https:\/\/diariotextual.com\/inicio\/index.php\/2020\/03\/22\/coronavirus-violaron-las-cuarentenas-pico-santa-rosa-fueron-acusados-whatsapp\/","og_site_name":"Diario Textual","article_publisher":"https:\/\/www.facebook.com\/eltextual","article_published_time":"2020-03-23T00:59:57+00:00","article_modified_time":"2020-03-23T18:30:20+00:00","og_image":[{"width":1042,"height":594,"url":"https:\/\/diariotextual.com\/inicio\/wp-content\/uploads\/2020\/03\/coronavirusaudienciaspicofiscalcampo2020-1.jpg","type":"image\/jpeg"}],"author":"Diario1 Diario1","twitter_card":"summary_large_image","twitter_creator":"@eltextual","twitter_site":"@eltextual","twitter_misc":{"Escrito por":"Diario1 Diario1","Tiempo de lectura":"4 minutos"},"schema":{"@context":"https:\/\/schema.org","@graph":[{"@type":"Article","@id":"https:\/\/diariotextual.com\/inicio\/index.php\/2020\/03\/22\/coronavirus-violaron-las-cuarentenas-pico-santa-rosa-fueron-acusados-whatsapp\/#article","isPartOf":{"@id":"https:\/\/diariotextual.com\/inicio\/index.php\/2020\/03\/22\/coronavirus-violaron-las-cuarentenas-pico-santa-rosa-fueron-acusados-whatsapp\/"},"author":{"name":"Diario1 Diario1","@id":"https:\/\/diariotextual.com\/inicio\/#\/schema\/person\/418fc4093c33e86ed41562db3508f958"},"headline":"Coronavirus: violaron las cuarentenas en Pico y Santa Rosa y fueron acusados por Whatsapp","datePublished":"2020-03-23T00:59:57+00:00","dateModified":"2020-03-23T18:30:20+00:00","mainEntityOfPage":{"@id":"https:\/\/diariotextual.com\/inicio\/index.php\/2020\/03\/22\/coronavirus-violaron-las-cuarentenas-pico-santa-rosa-fueron-acusados-whatsapp\/"},"wordCount":748,"publisher":{"@id":"https:\/\/diariotextual.com\/inicio\/#organization"},"image":{"@id":"https:\/\/diariotextual.com\/inicio\/index.php\/2020\/03\/22\/coronavirus-violaron-las-cuarentenas-pico-santa-rosa-fueron-acusados-whatsapp\/#primaryimage"},"thumbnailUrl":"https:\/\/diariotextual.com\/inicio\/wp-content\/uploads\/2020\/03\/coronavirusaudienciaspicofiscalcampo2020-1.jpg","keywords":["coronavirus","cuarentena"],"articleSection":["A - TEMPORALES","SOCIEDAD"],"inLanguage":"es"},{"@type":"WebPage","@id":"https:\/\/diariotextual.com\/inicio\/index.php\/2020\/03\/22\/coronavirus-violaron-las-cuarentenas-pico-santa-rosa-fueron-acusados-whatsapp\/","url":"https:\/\/diariotextual.com\/inicio\/index.php\/2020\/03\/22\/coronavirus-violaron-las-cuarentenas-pico-santa-rosa-fueron-acusados-whatsapp\/","name":"Coronavirus: violaron las cuarentenas en Pico y Santa Rosa y fueron acusados por Whatsapp - Diario Textual","isPartOf":{"@id":"https:\/\/diariotextual.com\/inicio\/#website"},"primaryImageOfPage":{"@id":"https:\/\/diariotextual.com\/inicio\/index.php\/2020\/03\/22\/coronavirus-violaron-las-cuarentenas-pico-santa-rosa-fueron-acusados-whatsapp\/#primaryimage"},"image":{"@id":"https:\/\/diariotextual.com\/inicio\/index.php\/2020\/03\/22\/coronavirus-violaron-las-cuarentenas-pico-santa-rosa-fueron-acusados-whatsapp\/#primaryimage"},"thumbnailUrl":"https:\/\/diariotextual.com\/inicio\/wp-content\/uploads\/2020\/03\/coronavirusaudienciaspicofiscalcampo2020-1.jpg","datePublished":"2020-03-23T00:59:57+00:00","dateModified":"2020-03-23T18:30:20+00:00","breadcrumb":{"@id":"https:\/\/diariotextual.com\/inicio\/index.php\/2020\/03\/22\/coronavirus-violaron-las-cuarentenas-pico-santa-rosa-fueron-acusados-whatsapp\/#breadcrumb"},"inLanguage":"es","potentialAction":[{"@type":"ReadAction","target":["https:\/\/diariotextual.com\/inicio\/index.php\/2020\/03\/22\/coronavirus-violaron-las-cuarentenas-pico-santa-rosa-fueron-acusados-whatsapp\/"]}]},{"@type":"ImageObject","inLanguage":"es","@id":"https:\/\/diariotextual.com\/inicio\/index.php\/2020\/03\/22\/coronavirus-violaron-las-cuarentenas-pico-santa-rosa-fueron-acusados-whatsapp\/#primaryimage","url":"https:\/\/diariotextual.com\/inicio\/wp-content\/uploads\/2020\/03\/coronavirusaudienciaspicofiscalcampo2020-1.jpg","contentUrl":"https:\/\/diariotextual.com\/inicio\/wp-content\/uploads\/2020\/03\/coronavirusaudienciaspicofiscalcampo2020-1.jpg","width":1042,"height":594},{"@type":"BreadcrumbList","@id":"https:\/\/diariotextual.com\/inicio\/index.php\/2020\/03\/22\/coronavirus-violaron-las-cuarentenas-pico-santa-rosa-fueron-acusados-whatsapp\/#breadcrumb","itemListElement":[{"@type":"ListItem","position":1,"name":"Portada","item":"https:\/\/diariotextual.com\/inicio\/"},{"@type":"ListItem","position":2,"name":"Coronavirus: violaron las cuarentenas en Pico y Santa Rosa y fueron acusados por Whatsapp"}]},{"@type":"WebSite","@id":"https:\/\/diariotextual.com\/inicio\/#website","url":"https:\/\/diariotextual.com\/inicio\/","name":"Diario Textual","description":"","publisher":{"@id":"https:\/\/diariotextual.com\/inicio\/#organization"},"potentialAction":[{"@type":"SearchAction","target":{"@type":"EntryPoint","urlTemplate":"https:\/\/diariotextual.com\/inicio\/?s={search_term_string}"},"query-input":{"@type":"PropertyValueSpecification","valueRequired":true,"valueName":"search_term_string"}}],"inLanguage":"es"},{"@type":"Organization","@id":"https:\/\/diariotextual.com\/inicio\/#organization","name":"Diario Textual","url":"https:\/\/diariotextual.com\/inicio\/","logo":{"@type":"ImageObject","inLanguage":"es","@id":"https:\/\/diariotextual.com\/inicio\/#\/schema\/logo\/image\/","url":"https:\/\/diariotextual.com\/inicio\/wp-content\/uploads\/2023\/05\/logotextual1.jpg","contentUrl":"https:\/\/diariotextual.com\/inicio\/wp-content\/uploads\/2023\/05\/logotextual1.jpg","width":516,"height":76,"caption":"Diario Textual"},"image":{"@id":"https:\/\/diariotextual.com\/inicio\/#\/schema\/logo\/image\/"},"sameAs":["https:\/\/www.facebook.com\/eltextual","https:\/\/x.com\/eltextual","http:\/\/www.instagram.com\/eltextual"]},{"@type":"Person","@id":"https:\/\/diariotextual.com\/inicio\/#\/schema\/person\/418fc4093c33e86ed41562db3508f958","name":"Diario1 Diario1","image":{"@type":"ImageObject","inLanguage":"es","@id":"https:\/\/secure.gravatar.com\/avatar\/9167d280179c85bc18be67aa7eda765854300033af4896dd779b608640f2ef7a?s=96&d=mm&r=g","url":"https:\/\/secure.gravatar.com\/avatar\/9167d280179c85bc18be67aa7eda765854300033af4896dd779b608640f2ef7a?s=96&d=mm&r=g","contentUrl":"https:\/\/secure.gravatar.com\/avatar\/9167d280179c85bc18be67aa7eda765854300033af4896dd779b608640f2ef7a?s=96&d=mm&r=g","caption":"Diario1 Diario1"},"url":"https:\/\/diariotextual.com\/inicio\/index.php\/author\/diario1\/"}]}},"_links":{"self":[{"href":"https:\/\/diariotextual.com\/inicio\/index.php\/wp-json\/wp\/v2\/posts\/85199","targetHints":{"allow":["GET"]}}],"collection":[{"href":"https:\/\/diariotextual.com\/inicio\/index.php\/wp-json\/wp\/v2\/posts"}],"about":[{"href":"https:\/\/diariotextual.com\/inicio\/index.php\/wp-json\/wp\/v2\/types\/post"}],"author":[{"embeddable":true,"href":"https:\/\/diariotextual.com\/inicio\/index.php\/wp-json\/wp\/v2\/users\/3"}],"replies":[{"embeddable":true,"href":"https:\/\/diariotextual.com\/inicio\/index.php\/wp-json\/wp\/v2\/comments?post=85199"}],"version-history":[{"count":1,"href":"https:\/\/diariotextual.com\/inicio\/index.php\/wp-json\/wp\/v2\/posts\/85199\/revisions"}],"predecessor-version":[{"id":85201,"href":"https:\/\/diariotextual.com\/inicio\/index.php\/wp-json\/wp\/v2\/posts\/85199\/revisions\/85201"}],"wp:featuredmedia":[{"embeddable":true,"href":"https:\/\/diariotextual.com\/inicio\/index.php\/wp-json\/wp\/v2\/media\/85200"}],"wp:attachment":[{"href":"https:\/\/diariotextual.com\/inicio\/index.php\/wp-json\/wp\/v2\/media?parent=85199"}],"wp:term":[{"taxonomy":"category","embeddable":true,"href":"https:\/\/diariotextual.com\/inicio\/index.php\/wp-json\/wp\/v2\/categories?post=85199"},{"taxonomy":"post_tag","embeddable":true,"href":"https:\/\/diariotextual.com\/inicio\/index.php\/wp-json\/wp\/v2\/tags?post=85199"}],"curies":[{"name":"wp","href":"https:\/\/api.w.org\/{rel}","templated":true}]}}