{"id":85204,"date":"2020-03-22T23:36:44","date_gmt":"2020-03-23T02:36:44","guid":{"rendered":"http:\/\/diariotextual.com\/inicio\/?p=85204"},"modified":"2020-03-23T15:29:48","modified_gmt":"2020-03-23T18:29:48","slug":"chocaron-contra-un-monticulo-de-tierra-que-bloquea-a-luan-toro-por-la-cuarentena","status":"publish","type":"post","link":"https:\/\/diariotextual.com\/inicio\/index.php\/2020\/03\/22\/chocaron-contra-un-monticulo-de-tierra-que-bloquea-a-luan-toro-por-la-cuarentena\/","title":{"rendered":"Chocaron contra un mont\u00edculo de tierra que bloquea a Luan Toro por la cuarentena"},"content":{"rendered":"<p>Ya son varios los pueblos de la provincia de La Pampa que<strong> han colocado grandes mont\u00edculos de tierra sobre calles vecinales e incluso algunos acceso<\/strong>s para evitar, principalmente, la llegada de personas de otros lugares en medio de la <strong>cuarentena obligatoria<\/strong>. Entre ellos, <strong>Victorica, Lonquimay, Rancul <\/strong>y <strong>Luan Toro<\/strong>. Precisamente, en esta \u00faltima localidad se produjo a las 18 horas <strong>un siniestro<\/strong>: un autom\u00f3vil <strong>Fiat Cronos<\/strong> -con cuatro personas a bordo, entre ellas una beba- que se dirig\u00eda desde C\u00f3rdoba a Neuqu\u00e9n, con autorizaci\u00f3n para transitar,<strong> intent\u00f3 ingresar por la ruta 102<\/strong> y choc\u00f3 contra el mont\u00edculo de tierra, pudo saber <strong>Diario Textual<\/strong>. Recibieron golpes y fueron trasladados, preventivamente, al Hospital Pedemonte de Pistarini, de Victorica. Ahora unos familiares los buscar\u00e1 desde Neuqu\u00e9n.<\/p>\n<p>Seg\u00fan dijeron fuentes oficiales a Diario Textual, los automovilistas ten\u00edan autorizaci\u00f3n por parte de la Polic\u00eda Federal para desplazarse hacia Zapala (Neuqu\u00e9n), debido a que hab\u00edan quedado, en medio de la cuarentena, varados en C\u00f3rdoba. All\u00ed hab\u00edan concurrido a una capacitaci\u00f3n.<\/p>\n<p>Hoy, en su viaje al sur, pretend\u00edan pasar por Luan Toro, pero se chocaron el mont\u00edculo. Todo, pese a que estaba se\u00f1alizado unos 400 metros del mont\u00edculo:<strong> el conductor dijo que se encandil\u00f3 con el sol.<\/strong><\/p>\n<blockquote class=\"wp-embedded-content\" data-secret=\"Rjz5JgOjhH\"><p><a href=\"http:\/\/diariotextual.com\/inicio\/index.php\/2020\/03\/22\/petrolero-25-denunciado-audio-falso-coronavirus\/\">Un petrolero de 25, denunciado por hacer un audio falso sobre el coronavirus<\/a><\/p><\/blockquote>\n<p><iframe class=\"wp-embedded-content\" sandbox=\"allow-scripts\" security=\"restricted\" style=\"position: absolute; clip: rect(1px, 1px, 1px, 1px);\" src=\"http:\/\/diariotextual.com\/inicio\/index.php\/2020\/03\/22\/petrolero-25-denunciado-audio-falso-coronavirus\/embed\/#?secret=Rjz5JgOjhH\" data-secret=\"Rjz5JgOjhH\" width=\"600\" height=\"338\" title=\"&#171;Un petrolero de 25, denunciado por hacer un audio falso sobre el coronavirus&#187; &#8212; Diario Textual\" frameborder=\"0\" marginwidth=\"0\" marginheight=\"0\" scrolling=\"no\"><\/iframe><\/p>\n<p><strong>M\u00f3nica Valor<\/strong>, la intendenta, hab\u00eda anunciado por las redes el bloqueo de ese sector. \u00abA la gente, pedimos disculpas por las molestias ocasionadas\u00bb, dijo. \u00abEstamos ante una tremenda emergencia sanitaria y el objetivo es evitar el pase de gente de otros lugares\u00bb, cont\u00f3.<\/p>\n<blockquote class=\"wp-embedded-content\" data-secret=\"S5V4plupk0\"><p><a href=\"http:\/\/diariotextual.com\/inicio\/index.php\/2020\/03\/22\/violan-la-cuarentena-agreden-una-policia-quehue\/\">Violan la cuarentena y agreden a una polic\u00eda en Quehu\u00e9<\/a><\/p><\/blockquote>\n<p><iframe class=\"wp-embedded-content\" sandbox=\"allow-scripts\" security=\"restricted\" style=\"position: absolute; clip: rect(1px, 1px, 1px, 1px);\" src=\"http:\/\/diariotextual.com\/inicio\/index.php\/2020\/03\/22\/violan-la-cuarentena-agreden-una-policia-quehue\/embed\/#?secret=S5V4plupk0\" data-secret=\"S5V4plupk0\" width=\"600\" height=\"338\" title=\"&#171;Violan la cuarentena y agreden a una polic\u00eda en Quehu\u00e9&#187; &#8212; Diario Textual\" frameborder=\"0\" marginwidth=\"0\" marginheight=\"0\" scrolling=\"no\"><\/iframe><\/p>\n<p>&nbsp;<\/p>\n<p>&nbsp;<\/p>\n<p>&nbsp;<\/p>\n<p>&nbsp;<\/p>\n","protected":false},"excerpt":{"rendered":"<p>Ya son varios los pueblos de la provincia de La Pampa que han colocado grandes mont\u00edculos de tierra sobre calles vecinales e incluso algunos accesos para evitar, principalmente, la llegada&hellip;<\/p>\n","protected":false},"author":3,"featured_media":85206,"comment_status":"closed","ping_status":"open","sticky":false,"template":"","format":"standard","meta":{"_acf_changed":false,"footnotes":""},"categories":[12],"tags":[],"class_list":["post-85204","post","type-post","status-publish","format-standard","has-post-thumbnail","hentry","category-sociedad"],"acf":[],"yoast_head":"<!-- This site is optimized with the Yoast SEO plugin v27.5 - https:\/\/yoast.com\/product\/yoast-seo-wordpress\/ -->\n<title>Chocaron contra un mont\u00edculo de tierra que bloquea a Luan Toro por la cuarentena<\/title>\n<meta name=\"robots\" content=\"index, follow, max-snippet:-1, max-image-preview:large, max-video-preview:-1\" \/>\n<link rel=\"canonical\" href=\"https:\/\/diariotextual.com\/inicio\/index.php\/2020\/03\/22\/chocaron-contra-un-monticulo-de-tierra-que-bloquea-a-luan-toro-por-la-cuarentena\/\" \/>\n<meta property=\"og:locale\" content=\"es_ES\" \/>\n<meta property=\"og:type\" content=\"article\" \/>\n<meta property=\"og:title\" content=\"Chocaron contra un mont\u00edculo de tierra que bloquea a Luan Toro por la cuarentena\" \/>\n<meta property=\"og:description\" content=\"Ya son varios los pueblos de la provincia de La Pampa que han colocado grandes mont\u00edculos de tierra sobre calles vecinales e incluso algunos accesos para evitar, principalmente, la llegada&hellip;\" \/>\n<meta property=\"og:url\" content=\"https:\/\/diariotextual.com\/inicio\/index.php\/2020\/03\/22\/chocaron-contra-un-monticulo-de-tierra-que-bloquea-a-luan-toro-por-la-cuarentena\/\" \/>\n<meta property=\"og:site_name\" content=\"Diario Textual\" \/>\n<meta property=\"article:publisher\" content=\"https:\/\/www.facebook.com\/eltextual\" \/>\n<meta property=\"article:published_time\" content=\"2020-03-23T02:36:44+00:00\" \/>\n<meta property=\"article:modified_time\" content=\"2020-03-23T18:29:48+00:00\" \/>\n<meta property=\"og:image\" content=\"https:\/\/diariotextual.com\/inicio\/wp-content\/uploads\/2020\/03\/coronavirusbloqueoruta102lamaruja2020-1.jpg\" \/>\n\t<meta property=\"og:image:width\" content=\"960\" \/>\n\t<meta property=\"og:image:height\" content=\"528\" \/>\n\t<meta property=\"og:image:type\" content=\"image\/jpeg\" \/>\n<meta name=\"author\" content=\"Diario1 Diario1\" \/>\n<meta name=\"twitter:card\" content=\"summary_large_image\" \/>\n<meta name=\"twitter:creator\" content=\"@eltextual\" \/>\n<meta name=\"twitter:site\" content=\"@eltextual\" \/>\n<meta name=\"twitter:label1\" content=\"Escrito por\" \/>\n\t<meta name=\"twitter:data1\" content=\"Diario1 Diario1\" \/>\n\t<meta name=\"twitter:label2\" content=\"Tiempo de lectura\" \/>\n\t<meta name=\"twitter:data2\" content=\"1 minuto\" \/>\n<script type=\"application\/ld+json\" class=\"yoast-schema-graph\">{\"@context\":\"https:\\\/\\\/schema.org\",\"@graph\":[{\"@type\":\"Article\",\"@id\":\"https:\\\/\\\/diariotextual.com\\\/inicio\\\/index.php\\\/2020\\\/03\\\/22\\\/chocaron-contra-un-monticulo-de-tierra-que-bloquea-a-luan-toro-por-la-cuarentena\\\/#article\",\"isPartOf\":{\"@id\":\"https:\\\/\\\/diariotextual.com\\\/inicio\\\/index.php\\\/2020\\\/03\\\/22\\\/chocaron-contra-un-monticulo-de-tierra-que-bloquea-a-luan-toro-por-la-cuarentena\\\/\"},\"author\":{\"name\":\"Diario1 Diario1\",\"@id\":\"https:\\\/\\\/diariotextual.com\\\/inicio\\\/#\\\/schema\\\/person\\\/418fc4093c33e86ed41562db3508f958\"},\"headline\":\"Chocaron contra un mont\u00edculo de tierra que bloquea a Luan Toro por la cuarentena\",\"datePublished\":\"2020-03-23T02:36:44+00:00\",\"dateModified\":\"2020-03-23T18:29:48+00:00\",\"mainEntityOfPage\":{\"@id\":\"https:\\\/\\\/diariotextual.com\\\/inicio\\\/index.php\\\/2020\\\/03\\\/22\\\/chocaron-contra-un-monticulo-de-tierra-que-bloquea-a-luan-toro-por-la-cuarentena\\\/\"},\"wordCount\":297,\"publisher\":{\"@id\":\"https:\\\/\\\/diariotextual.com\\\/inicio\\\/#organization\"},\"image\":{\"@id\":\"https:\\\/\\\/diariotextual.com\\\/inicio\\\/index.php\\\/2020\\\/03\\\/22\\\/chocaron-contra-un-monticulo-de-tierra-que-bloquea-a-luan-toro-por-la-cuarentena\\\/#primaryimage\"},\"thumbnailUrl\":\"https:\\\/\\\/diariotextual.com\\\/inicio\\\/wp-content\\\/uploads\\\/2020\\\/03\\\/coronavirusbloqueoruta102lamaruja2020-1.jpg\",\"articleSection\":[\"SOCIEDAD\"],\"inLanguage\":\"es\"},{\"@type\":\"WebPage\",\"@id\":\"https:\\\/\\\/diariotextual.com\\\/inicio\\\/index.php\\\/2020\\\/03\\\/22\\\/chocaron-contra-un-monticulo-de-tierra-que-bloquea-a-luan-toro-por-la-cuarentena\\\/\",\"url\":\"https:\\\/\\\/diariotextual.com\\\/inicio\\\/index.php\\\/2020\\\/03\\\/22\\\/chocaron-contra-un-monticulo-de-tierra-que-bloquea-a-luan-toro-por-la-cuarentena\\\/\",\"name\":\"Chocaron contra un mont\u00edculo de tierra que bloquea a Luan Toro por la cuarentena\",\"isPartOf\":{\"@id\":\"https:\\\/\\\/diariotextual.com\\\/inicio\\\/#website\"},\"primaryImageOfPage\":{\"@id\":\"https:\\\/\\\/diariotextual.com\\\/inicio\\\/index.php\\\/2020\\\/03\\\/22\\\/chocaron-contra-un-monticulo-de-tierra-que-bloquea-a-luan-toro-por-la-cuarentena\\\/#primaryimage\"},\"image\":{\"@id\":\"https:\\\/\\\/diariotextual.com\\\/inicio\\\/index.php\\\/2020\\\/03\\\/22\\\/chocaron-contra-un-monticulo-de-tierra-que-bloquea-a-luan-toro-por-la-cuarentena\\\/#primaryimage\"},\"thumbnailUrl\":\"https:\\\/\\\/diariotextual.com\\\/inicio\\\/wp-content\\\/uploads\\\/2020\\\/03\\\/coronavirusbloqueoruta102lamaruja2020-1.jpg\",\"datePublished\":\"2020-03-23T02:36:44+00:00\",\"dateModified\":\"2020-03-23T18:29:48+00:00\",\"breadcrumb\":{\"@id\":\"https:\\\/\\\/diariotextual.com\\\/inicio\\\/index.php\\\/2020\\\/03\\\/22\\\/chocaron-contra-un-monticulo-de-tierra-que-bloquea-a-luan-toro-por-la-cuarentena\\\/#breadcrumb\"},\"inLanguage\":\"es\",\"potentialAction\":[{\"@type\":\"ReadAction\",\"target\":[\"https:\\\/\\\/diariotextual.com\\\/inicio\\\/index.php\\\/2020\\\/03\\\/22\\\/chocaron-contra-un-monticulo-de-tierra-que-bloquea-a-luan-toro-por-la-cuarentena\\\/\"]}]},{\"@type\":\"ImageObject\",\"inLanguage\":\"es\",\"@id\":\"https:\\\/\\\/diariotextual.com\\\/inicio\\\/index.php\\\/2020\\\/03\\\/22\\\/chocaron-contra-un-monticulo-de-tierra-que-bloquea-a-luan-toro-por-la-cuarentena\\\/#primaryimage\",\"url\":\"https:\\\/\\\/diariotextual.com\\\/inicio\\\/wp-content\\\/uploads\\\/2020\\\/03\\\/coronavirusbloqueoruta102lamaruja2020-1.jpg\",\"contentUrl\":\"https:\\\/\\\/diariotextual.com\\\/inicio\\\/wp-content\\\/uploads\\\/2020\\\/03\\\/coronavirusbloqueoruta102lamaruja2020-1.jpg\",\"width\":960,\"height\":528},{\"@type\":\"BreadcrumbList\",\"@id\":\"https:\\\/\\\/diariotextual.com\\\/inicio\\\/index.php\\\/2020\\\/03\\\/22\\\/chocaron-contra-un-monticulo-de-tierra-que-bloquea-a-luan-toro-por-la-cuarentena\\\/#breadcrumb\",\"itemListElement\":[{\"@type\":\"ListItem\",\"position\":1,\"name\":\"Portada\",\"item\":\"https:\\\/\\\/diariotextual.com\\\/inicio\\\/\"},{\"@type\":\"ListItem\",\"position\":2,\"name\":\"Chocaron contra un mont\u00edculo de tierra que bloquea a Luan Toro por la cuarentena\"}]},{\"@type\":\"WebSite\",\"@id\":\"https:\\\/\\\/diariotextual.com\\\/inicio\\\/#website\",\"url\":\"https:\\\/\\\/diariotextual.com\\\/inicio\\\/\",\"name\":\"Diario Textual\",\"description\":\"\",\"publisher\":{\"@id\":\"https:\\\/\\\/diariotextual.com\\\/inicio\\\/#organization\"},\"potentialAction\":[{\"@type\":\"SearchAction\",\"target\":{\"@type\":\"EntryPoint\",\"urlTemplate\":\"https:\\\/\\\/diariotextual.com\\\/inicio\\\/?s={search_term_string}\"},\"query-input\":{\"@type\":\"PropertyValueSpecification\",\"valueRequired\":true,\"valueName\":\"search_term_string\"}}],\"inLanguage\":\"es\"},{\"@type\":\"Organization\",\"@id\":\"https:\\\/\\\/diariotextual.com\\\/inicio\\\/#organization\",\"name\":\"Diario Textual\",\"url\":\"https:\\\/\\\/diariotextual.com\\\/inicio\\\/\",\"logo\":{\"@type\":\"ImageObject\",\"inLanguage\":\"es\",\"@id\":\"https:\\\/\\\/diariotextual.com\\\/inicio\\\/#\\\/schema\\\/logo\\\/image\\\/\",\"url\":\"https:\\\/\\\/diariotextual.com\\\/inicio\\\/wp-content\\\/uploads\\\/2023\\\/05\\\/logotextual1.jpg\",\"contentUrl\":\"https:\\\/\\\/diariotextual.com\\\/inicio\\\/wp-content\\\/uploads\\\/2023\\\/05\\\/logotextual1.jpg\",\"width\":516,\"height\":76,\"caption\":\"Diario Textual\"},\"image\":{\"@id\":\"https:\\\/\\\/diariotextual.com\\\/inicio\\\/#\\\/schema\\\/logo\\\/image\\\/\"},\"sameAs\":[\"https:\\\/\\\/www.facebook.com\\\/eltextual\",\"https:\\\/\\\/x.com\\\/eltextual\",\"http:\\\/\\\/www.instagram.com\\\/eltextual\"]},{\"@type\":\"Person\",\"@id\":\"https:\\\/\\\/diariotextual.com\\\/inicio\\\/#\\\/schema\\\/person\\\/418fc4093c33e86ed41562db3508f958\",\"name\":\"Diario1 Diario1\",\"image\":{\"@type\":\"ImageObject\",\"inLanguage\":\"es\",\"@id\":\"https:\\\/\\\/secure.gravatar.com\\\/avatar\\\/9167d280179c85bc18be67aa7eda765854300033af4896dd779b608640f2ef7a?s=96&d=mm&r=g\",\"url\":\"https:\\\/\\\/secure.gravatar.com\\\/avatar\\\/9167d280179c85bc18be67aa7eda765854300033af4896dd779b608640f2ef7a?s=96&d=mm&r=g\",\"contentUrl\":\"https:\\\/\\\/secure.gravatar.com\\\/avatar\\\/9167d280179c85bc18be67aa7eda765854300033af4896dd779b608640f2ef7a?s=96&d=mm&r=g\",\"caption\":\"Diario1 Diario1\"},\"url\":\"https:\\\/\\\/diariotextual.com\\\/inicio\\\/index.php\\\/author\\\/diario1\\\/\"}]}<\/script>\n<!-- \/ Yoast SEO plugin. -->","yoast_head_json":{"title":"Chocaron contra un mont\u00edculo de tierra que bloquea a Luan Toro por la cuarentena","robots":{"index":"index","follow":"follow","max-snippet":"max-snippet:-1","max-image-preview":"max-image-preview:large","max-video-preview":"max-video-preview:-1"},"canonical":"https:\/\/diariotextual.com\/inicio\/index.php\/2020\/03\/22\/chocaron-contra-un-monticulo-de-tierra-que-bloquea-a-luan-toro-por-la-cuarentena\/","og_locale":"es_ES","og_type":"article","og_title":"Chocaron contra un mont\u00edculo de tierra que bloquea a Luan Toro por la cuarentena","og_description":"Ya son varios los pueblos de la provincia de La Pampa que han colocado grandes mont\u00edculos de tierra sobre calles vecinales e incluso algunos accesos para evitar, principalmente, la llegada&hellip;","og_url":"https:\/\/diariotextual.com\/inicio\/index.php\/2020\/03\/22\/chocaron-contra-un-monticulo-de-tierra-que-bloquea-a-luan-toro-por-la-cuarentena\/","og_site_name":"Diario Textual","article_publisher":"https:\/\/www.facebook.com\/eltextual","article_published_time":"2020-03-23T02:36:44+00:00","article_modified_time":"2020-03-23T18:29:48+00:00","og_image":[{"width":960,"height":528,"url":"https:\/\/diariotextual.com\/inicio\/wp-content\/uploads\/2020\/03\/coronavirusbloqueoruta102lamaruja2020-1.jpg","type":"image\/jpeg"}],"author":"Diario1 Diario1","twitter_card":"summary_large_image","twitter_creator":"@eltextual","twitter_site":"@eltextual","twitter_misc":{"Escrito por":"Diario1 Diario1","Tiempo de lectura":"1 minuto"},"schema":{"@context":"https:\/\/schema.org","@graph":[{"@type":"Article","@id":"https:\/\/diariotextual.com\/inicio\/index.php\/2020\/03\/22\/chocaron-contra-un-monticulo-de-tierra-que-bloquea-a-luan-toro-por-la-cuarentena\/#article","isPartOf":{"@id":"https:\/\/diariotextual.com\/inicio\/index.php\/2020\/03\/22\/chocaron-contra-un-monticulo-de-tierra-que-bloquea-a-luan-toro-por-la-cuarentena\/"},"author":{"name":"Diario1 Diario1","@id":"https:\/\/diariotextual.com\/inicio\/#\/schema\/person\/418fc4093c33e86ed41562db3508f958"},"headline":"Chocaron contra un mont\u00edculo de tierra que bloquea a Luan Toro por la cuarentena","datePublished":"2020-03-23T02:36:44+00:00","dateModified":"2020-03-23T18:29:48+00:00","mainEntityOfPage":{"@id":"https:\/\/diariotextual.com\/inicio\/index.php\/2020\/03\/22\/chocaron-contra-un-monticulo-de-tierra-que-bloquea-a-luan-toro-por-la-cuarentena\/"},"wordCount":297,"publisher":{"@id":"https:\/\/diariotextual.com\/inicio\/#organization"},"image":{"@id":"https:\/\/diariotextual.com\/inicio\/index.php\/2020\/03\/22\/chocaron-contra-un-monticulo-de-tierra-que-bloquea-a-luan-toro-por-la-cuarentena\/#primaryimage"},"thumbnailUrl":"https:\/\/diariotextual.com\/inicio\/wp-content\/uploads\/2020\/03\/coronavirusbloqueoruta102lamaruja2020-1.jpg","articleSection":["SOCIEDAD"],"inLanguage":"es"},{"@type":"WebPage","@id":"https:\/\/diariotextual.com\/inicio\/index.php\/2020\/03\/22\/chocaron-contra-un-monticulo-de-tierra-que-bloquea-a-luan-toro-por-la-cuarentena\/","url":"https:\/\/diariotextual.com\/inicio\/index.php\/2020\/03\/22\/chocaron-contra-un-monticulo-de-tierra-que-bloquea-a-luan-toro-por-la-cuarentena\/","name":"Chocaron contra un mont\u00edculo de tierra que bloquea a Luan Toro por la cuarentena","isPartOf":{"@id":"https:\/\/diariotextual.com\/inicio\/#website"},"primaryImageOfPage":{"@id":"https:\/\/diariotextual.com\/inicio\/index.php\/2020\/03\/22\/chocaron-contra-un-monticulo-de-tierra-que-bloquea-a-luan-toro-por-la-cuarentena\/#primaryimage"},"image":{"@id":"https:\/\/diariotextual.com\/inicio\/index.php\/2020\/03\/22\/chocaron-contra-un-monticulo-de-tierra-que-bloquea-a-luan-toro-por-la-cuarentena\/#primaryimage"},"thumbnailUrl":"https:\/\/diariotextual.com\/inicio\/wp-content\/uploads\/2020\/03\/coronavirusbloqueoruta102lamaruja2020-1.jpg","datePublished":"2020-03-23T02:36:44+00:00","dateModified":"2020-03-23T18:29:48+00:00","breadcrumb":{"@id":"https:\/\/diariotextual.com\/inicio\/index.php\/2020\/03\/22\/chocaron-contra-un-monticulo-de-tierra-que-bloquea-a-luan-toro-por-la-cuarentena\/#breadcrumb"},"inLanguage":"es","potentialAction":[{"@type":"ReadAction","target":["https:\/\/diariotextual.com\/inicio\/index.php\/2020\/03\/22\/chocaron-contra-un-monticulo-de-tierra-que-bloquea-a-luan-toro-por-la-cuarentena\/"]}]},{"@type":"ImageObject","inLanguage":"es","@id":"https:\/\/diariotextual.com\/inicio\/index.php\/2020\/03\/22\/chocaron-contra-un-monticulo-de-tierra-que-bloquea-a-luan-toro-por-la-cuarentena\/#primaryimage","url":"https:\/\/diariotextual.com\/inicio\/wp-content\/uploads\/2020\/03\/coronavirusbloqueoruta102lamaruja2020-1.jpg","contentUrl":"https:\/\/diariotextual.com\/inicio\/wp-content\/uploads\/2020\/03\/coronavirusbloqueoruta102lamaruja2020-1.jpg","width":960,"height":528},{"@type":"BreadcrumbList","@id":"https:\/\/diariotextual.com\/inicio\/index.php\/2020\/03\/22\/chocaron-contra-un-monticulo-de-tierra-que-bloquea-a-luan-toro-por-la-cuarentena\/#breadcrumb","itemListElement":[{"@type":"ListItem","position":1,"name":"Portada","item":"https:\/\/diariotextual.com\/inicio\/"},{"@type":"ListItem","position":2,"name":"Chocaron contra un mont\u00edculo de tierra que bloquea a Luan Toro por la cuarentena"}]},{"@type":"WebSite","@id":"https:\/\/diariotextual.com\/inicio\/#website","url":"https:\/\/diariotextual.com\/inicio\/","name":"Diario Textual","description":"","publisher":{"@id":"https:\/\/diariotextual.com\/inicio\/#organization"},"potentialAction":[{"@type":"SearchAction","target":{"@type":"EntryPoint","urlTemplate":"https:\/\/diariotextual.com\/inicio\/?s={search_term_string}"},"query-input":{"@type":"PropertyValueSpecification","valueRequired":true,"valueName":"search_term_string"}}],"inLanguage":"es"},{"@type":"Organization","@id":"https:\/\/diariotextual.com\/inicio\/#organization","name":"Diario Textual","url":"https:\/\/diariotextual.com\/inicio\/","logo":{"@type":"ImageObject","inLanguage":"es","@id":"https:\/\/diariotextual.com\/inicio\/#\/schema\/logo\/image\/","url":"https:\/\/diariotextual.com\/inicio\/wp-content\/uploads\/2023\/05\/logotextual1.jpg","contentUrl":"https:\/\/diariotextual.com\/inicio\/wp-content\/uploads\/2023\/05\/logotextual1.jpg","width":516,"height":76,"caption":"Diario Textual"},"image":{"@id":"https:\/\/diariotextual.com\/inicio\/#\/schema\/logo\/image\/"},"sameAs":["https:\/\/www.facebook.com\/eltextual","https:\/\/x.com\/eltextual","http:\/\/www.instagram.com\/eltextual"]},{"@type":"Person","@id":"https:\/\/diariotextual.com\/inicio\/#\/schema\/person\/418fc4093c33e86ed41562db3508f958","name":"Diario1 Diario1","image":{"@type":"ImageObject","inLanguage":"es","@id":"https:\/\/secure.gravatar.com\/avatar\/9167d280179c85bc18be67aa7eda765854300033af4896dd779b608640f2ef7a?s=96&d=mm&r=g","url":"https:\/\/secure.gravatar.com\/avatar\/9167d280179c85bc18be67aa7eda765854300033af4896dd779b608640f2ef7a?s=96&d=mm&r=g","contentUrl":"https:\/\/secure.gravatar.com\/avatar\/9167d280179c85bc18be67aa7eda765854300033af4896dd779b608640f2ef7a?s=96&d=mm&r=g","caption":"Diario1 Diario1"},"url":"https:\/\/diariotextual.com\/inicio\/index.php\/author\/diario1\/"}]}},"_links":{"self":[{"href":"https:\/\/diariotextual.com\/inicio\/index.php\/wp-json\/wp\/v2\/posts\/85204","targetHints":{"allow":["GET"]}}],"collection":[{"href":"https:\/\/diariotextual.com\/inicio\/index.php\/wp-json\/wp\/v2\/posts"}],"about":[{"href":"https:\/\/diariotextual.com\/inicio\/index.php\/wp-json\/wp\/v2\/types\/post"}],"author":[{"embeddable":true,"href":"https:\/\/diariotextual.com\/inicio\/index.php\/wp-json\/wp\/v2\/users\/3"}],"replies":[{"embeddable":true,"href":"https:\/\/diariotextual.com\/inicio\/index.php\/wp-json\/wp\/v2\/comments?post=85204"}],"version-history":[{"count":3,"href":"https:\/\/diariotextual.com\/inicio\/index.php\/wp-json\/wp\/v2\/posts\/85204\/revisions"}],"predecessor-version":[{"id":85210,"href":"https:\/\/diariotextual.com\/inicio\/index.php\/wp-json\/wp\/v2\/posts\/85204\/revisions\/85210"}],"wp:featuredmedia":[{"embeddable":true,"href":"https:\/\/diariotextual.com\/inicio\/index.php\/wp-json\/wp\/v2\/media\/85206"}],"wp:attachment":[{"href":"https:\/\/diariotextual.com\/inicio\/index.php\/wp-json\/wp\/v2\/media?parent=85204"}],"wp:term":[{"taxonomy":"category","embeddable":true,"href":"https:\/\/diariotextual.com\/inicio\/index.php\/wp-json\/wp\/v2\/categories?post=85204"},{"taxonomy":"post_tag","embeddable":true,"href":"https:\/\/diariotextual.com\/inicio\/index.php\/wp-json\/wp\/v2\/tags?post=85204"}],"curies":[{"name":"wp","href":"https:\/\/api.w.org\/{rel}","templated":true}]}}