{"id":85273,"date":"2020-03-23T22:24:35","date_gmt":"2020-03-24T01:24:35","guid":{"rendered":"http:\/\/diariotextual.com\/inicio\/?p=85273"},"modified":"2020-03-24T12:38:37","modified_gmt":"2020-03-24T15:38:37","slug":"ziliotto-la-pandemia-tarde-temprano-llegara-la-pampa","status":"publish","type":"post","link":"https:\/\/diariotextual.com\/inicio\/index.php\/2020\/03\/23\/ziliotto-la-pandemia-tarde-temprano-llegara-la-pampa\/","title":{"rendered":"Ziliotto: \u00abLa pandemia, tarde o temprano, llegar\u00e1 a La Pampa\u00bb"},"content":{"rendered":"<p>El gobernador <strong>Sergio Ziliotto<\/strong> dijo este lunes que consideran que el <strong>coronavirus Covid-19<\/strong> llegar\u00e1 a la provincia. <strong>\u00abLa pandemia, tarde o temprano, llegar\u00e1 a La Pampa\u00bb<\/strong>, expres\u00f3. <strong>\u00abPor eso pido a los pampeanos para que se queden en sus casas para retrasar la llegada\u00bb<\/strong>, manifest\u00f3. <strong>\u00abMientras m\u00e1s atrasemos la llegada, mayores respuestas vamos a poder dar desde el sistema p\u00fablico de salud\u201d.<\/strong><\/p>\n<p>\u00abNos preocupa la salud de los pampeanos y usaremos todas las herramientas que nos da el Estado de derecho\u00bb, sostuvo. \u00ab<strong>Les pido a los pampeanos que se queden en sus casas. Si queremos volver a encontrarnos con nuestros familiares, qu\u00e9dense en casa<\/strong>\u00ab, insisti\u00f3.<\/p>\n<p>\u00abSi se quedan en casa, <strong>vamos a seguir viendo el mapa de la Argentina con La Pampa en el centro y con un 0 de casos.<\/strong> Nuestro trabajo es que ese cero se extienda la mayor cantidad de d\u00edas. Y <strong>quiero decirles a los pampeanos que cuando ese n\u00famero cambie, lucharemos para que el virus avance lo menos posible<\/strong>. No queremos que los pampeanos tengamos el sufrimiento de nuestros hermanos italianos. <strong>No quiero que La Pampa sea Italia<\/strong>\u00ab, dijo.<\/p>\n<p>El mandatario realiz\u00f3 pasadas las 13 horas una conferencia en forma online, con el fin de respetar las medidas de aislamiento para prevenir la propagaci\u00f3n del nuevo virus.<\/p>\n<p><img fetchpriority=\"high\" decoding=\"async\" class=\"alignnone wp-image-85360 size-large\" src=\"http:\/\/diariotextual.com\/inicio\/wp-content\/uploads\/2020\/03\/zilottocuarentenaconferenciaonline2020-1-1024x576.jpeg\" alt=\"\" width=\"1024\" height=\"576\" srcset=\"https:\/\/diariotextual.com\/inicio\/wp-content\/uploads\/2020\/03\/zilottocuarentenaconferenciaonline2020-1-1024x576.jpeg 1024w, https:\/\/diariotextual.com\/inicio\/wp-content\/uploads\/2020\/03\/zilottocuarentenaconferenciaonline2020-1-300x169.jpeg 300w, https:\/\/diariotextual.com\/inicio\/wp-content\/uploads\/2020\/03\/zilottocuarentenaconferenciaonline2020-1-768x432.jpeg 768w, https:\/\/diariotextual.com\/inicio\/wp-content\/uploads\/2020\/03\/zilottocuarentenaconferenciaonline2020-1-1170x658.jpeg 1170w, https:\/\/diariotextual.com\/inicio\/wp-content\/uploads\/2020\/03\/zilottocuarentenaconferenciaonline2020-1-585x329.jpeg 585w, https:\/\/diariotextual.com\/inicio\/wp-content\/uploads\/2020\/03\/zilottocuarentenaconferenciaonline2020-1.jpeg 1280w\" sizes=\"(max-width: 1024px) 100vw, 1024px\" \/><\/p>\n<p>Dijo, ante una consulta de <strong>Diario Textual<\/strong>, que \u00abayudar\u00e1n\u00bb a los sectores monotributistas y trabajadores independientes que, a ra\u00edz de la cuarentena obligatoria, carecen o sufrieron una disminuci\u00f3n sustancial de sus ingresos.\u00a0<strong>\u00abCuando tengamos precisiones, las comunicaremos\u00bb<\/strong>, aclar\u00f3.<\/p>\n<p>\u00abEstamos pensando en estrategias en conjunto con Naci\u00f3n. No escatimaremos ning\u00fan esfuerzo para ayudarlos\u00bb, manifest\u00f3.<\/p>\n<p>\u00bfSeguir\u00e1 la cuarentena m\u00e1s all\u00e1 del 31 de marzo? \u201cAl tema lo abordaremos todos los gobernadores con el presidente (Alberto Fern\u00e1ndez). \u00abLa extensi\u00f3n del aislamiento es una estrategia que abordaremos en forma conjunta con el gobierno nacional. En ese momento sabremos que decisi\u00f3n tomar. Esto cambia minuto a minuto\u00bb.<\/p>\n<p>Dijo que<strong> instalar\u00e1n dos hospitales de campa\u00f1a<\/strong> e incorporar\u00e1n <strong>120 camas y 30 respiradores<\/strong>. \u00abCuando los casos lleguen a La Pampa y lleguen de la forma m\u00e1s espaciado posible, vamos a poder dar la mejor respuesta\u201d, sostuvo.<\/p>\n<p>Defendi\u00f3 los operativos policiales que, hasta este lunes a la noche han realizado 1875 causas penales y han detenido a unas 500 personas por violar la cuarentena.<strong> \u201cA rajatabla haremos cumplir la cuarentena\u201d<\/strong>, sostuvo. \u201cNo estamos de vacaciones. Est\u00e1 en juego la salud de los pampeanos. Hay un gran trabajo de la polic\u00eda. <strong>El que no entienda, lo vamos a hacer entender<\/strong>\u201d, sostuvo.<\/p>\n<p>&nbsp;<\/p>\n<blockquote class=\"wp-embedded-content\" data-secret=\"t6SqJaKfAr\"><p><a href=\"http:\/\/diariotextual.com\/inicio\/index.php\/2020\/03\/23\/diez-dias-empezarian-analisis-coronavirus-la-pampa\/\">En diez d\u00edas empezar\u00edan  a hacer an\u00e1lisis de coronavirus en La Pampa<\/a><\/p><\/blockquote>\n<p><iframe class=\"wp-embedded-content\" sandbox=\"allow-scripts\" security=\"restricted\" style=\"position: absolute; clip: rect(1px, 1px, 1px, 1px);\" src=\"http:\/\/diariotextual.com\/inicio\/index.php\/2020\/03\/23\/diez-dias-empezarian-analisis-coronavirus-la-pampa\/embed\/#?secret=t6SqJaKfAr\" data-secret=\"t6SqJaKfAr\" width=\"600\" height=\"338\" title=\"&#171;En diez d\u00edas empezar\u00edan  a hacer an\u00e1lisis de coronavirus en La Pampa&#187; &#8212; Diario Textual\" frameborder=\"0\" marginwidth=\"0\" marginheight=\"0\" scrolling=\"no\"><\/iframe><\/p>\n<p>&nbsp;<\/p>\n<p>Ziliotto dijo que en unos 10 d\u00edas podr\u00edan empezar a realizar an\u00e1lisis sobre coronavirus en La Pampa. <strong>\u201cNosotros, en 10 d\u00edas m\u00e1s, vamos a empezar a hacer estudios y solo enviar los dudosos al Malbr\u00e1n o a otros laboratorios que nos indique Naci\u00f3n\u201d<\/strong>, sostuvo. \u00abTodo depender\u00e1 del env\u00edo de reactivos por parte de Naci\u00f3n\u00bb.<\/p>\n<p>&nbsp;<\/p>\n<blockquote class=\"wp-embedded-content\" data-secret=\"PoGBqabbdd\"><p><a href=\"http:\/\/diariotextual.com\/inicio\/index.php\/2020\/03\/23\/gobernador-dice-va-ayudar-los-sectores-independientes-monotributistas\/\">El gobernador dice que va ayudar a los sectores independientes y monotributistas<\/a><\/p><\/blockquote>\n<p><iframe class=\"wp-embedded-content\" sandbox=\"allow-scripts\" security=\"restricted\" style=\"position: absolute; clip: rect(1px, 1px, 1px, 1px);\" src=\"http:\/\/diariotextual.com\/inicio\/index.php\/2020\/03\/23\/gobernador-dice-va-ayudar-los-sectores-independientes-monotributistas\/embed\/#?secret=PoGBqabbdd\" data-secret=\"PoGBqabbdd\" width=\"600\" height=\"338\" title=\"&#171;El gobernador dice que va ayudar a los sectores independientes y monotributistas&#187; &#8212; Diario Textual\" frameborder=\"0\" marginwidth=\"0\" marginheight=\"0\" scrolling=\"no\"><\/iframe><\/p>\n<p>&nbsp;<\/p>\n<p>&nbsp;<\/p>\n<p>&nbsp;<\/p>\n<p>&nbsp;<\/p>\n<p>&nbsp;<\/p>\n","protected":false},"excerpt":{"rendered":"<p>El gobernador Sergio Ziliotto dijo este lunes que consideran que el coronavirus Covid-19 llegar\u00e1 a la provincia. \u00abLa pandemia, tarde o temprano, llegar\u00e1 a La Pampa\u00bb, expres\u00f3. \u00abPor eso pido&hellip;<\/p>\n","protected":false},"author":3,"featured_media":84761,"comment_status":"closed","ping_status":"open","sticky":false,"template":"","format":"standard","meta":{"_acf_changed":false,"footnotes":""},"categories":[319,12],"tags":[2662,424],"class_list":["post-85273","post","type-post","status-publish","format-standard","has-post-thumbnail","hentry","category-a-temporales","category-sociedad","tag-coronavirus","tag-ziliotto"],"acf":[],"yoast_head":"<!-- This site is optimized with the Yoast SEO plugin v27.5 - https:\/\/yoast.com\/product\/yoast-seo-wordpress\/ -->\n<title>Ziliotto: &quot;La pandemia, tarde o temprano, llegar\u00e1 a La Pampa&quot; - Diario Textual<\/title>\n<meta name=\"robots\" content=\"index, follow, max-snippet:-1, max-image-preview:large, max-video-preview:-1\" \/>\n<link rel=\"canonical\" href=\"https:\/\/diariotextual.com\/inicio\/index.php\/2020\/03\/23\/ziliotto-la-pandemia-tarde-temprano-llegara-la-pampa\/\" \/>\n<meta property=\"og:locale\" content=\"es_ES\" \/>\n<meta property=\"og:type\" content=\"article\" \/>\n<meta property=\"og:title\" content=\"Ziliotto: &quot;La pandemia, tarde o temprano, llegar\u00e1 a La Pampa&quot; - Diario Textual\" \/>\n<meta property=\"og:description\" content=\"El gobernador Sergio Ziliotto dijo este lunes que consideran que el coronavirus Covid-19 llegar\u00e1 a la provincia. \u00abLa pandemia, tarde o temprano, llegar\u00e1 a La Pampa\u00bb, expres\u00f3. \u00abPor eso pido&hellip;\" \/>\n<meta property=\"og:url\" content=\"https:\/\/diariotextual.com\/inicio\/index.php\/2020\/03\/23\/ziliotto-la-pandemia-tarde-temprano-llegara-la-pampa\/\" \/>\n<meta property=\"og:site_name\" content=\"Diario Textual\" \/>\n<meta property=\"article:publisher\" content=\"https:\/\/www.facebook.com\/eltextual\" \/>\n<meta property=\"article:published_time\" content=\"2020-03-24T01:24:35+00:00\" \/>\n<meta property=\"article:modified_time\" content=\"2020-03-24T15:38:37+00:00\" \/>\n<meta property=\"og:image\" content=\"https:\/\/diariotextual.com\/inicio\/wp-content\/uploads\/2020\/03\/coronaviruscuarentenacontrolespoliciatextual2020-6.jpg\" \/>\n\t<meta property=\"og:image:width\" content=\"1500\" \/>\n\t<meta property=\"og:image:height\" content=\"934\" \/>\n\t<meta property=\"og:image:type\" content=\"image\/jpeg\" \/>\n<meta name=\"author\" content=\"Diario1 Diario1\" \/>\n<meta name=\"twitter:card\" content=\"summary_large_image\" \/>\n<meta name=\"twitter:creator\" content=\"@eltextual\" \/>\n<meta name=\"twitter:site\" content=\"@eltextual\" \/>\n<meta name=\"twitter:label1\" content=\"Escrito por\" \/>\n\t<meta name=\"twitter:data1\" content=\"Diario1 Diario1\" \/>\n\t<meta name=\"twitter:label2\" content=\"Tiempo de lectura\" \/>\n\t<meta name=\"twitter:data2\" content=\"3 minutos\" \/>\n<script type=\"application\/ld+json\" class=\"yoast-schema-graph\">{\"@context\":\"https:\\\/\\\/schema.org\",\"@graph\":[{\"@type\":\"Article\",\"@id\":\"https:\\\/\\\/diariotextual.com\\\/inicio\\\/index.php\\\/2020\\\/03\\\/23\\\/ziliotto-la-pandemia-tarde-temprano-llegara-la-pampa\\\/#article\",\"isPartOf\":{\"@id\":\"https:\\\/\\\/diariotextual.com\\\/inicio\\\/index.php\\\/2020\\\/03\\\/23\\\/ziliotto-la-pandemia-tarde-temprano-llegara-la-pampa\\\/\"},\"author\":{\"name\":\"Diario1 Diario1\",\"@id\":\"https:\\\/\\\/diariotextual.com\\\/inicio\\\/#\\\/schema\\\/person\\\/418fc4093c33e86ed41562db3508f958\"},\"headline\":\"Ziliotto: \u00abLa pandemia, tarde o temprano, llegar\u00e1 a La Pampa\u00bb\",\"datePublished\":\"2020-03-24T01:24:35+00:00\",\"dateModified\":\"2020-03-24T15:38:37+00:00\",\"mainEntityOfPage\":{\"@id\":\"https:\\\/\\\/diariotextual.com\\\/inicio\\\/index.php\\\/2020\\\/03\\\/23\\\/ziliotto-la-pandemia-tarde-temprano-llegara-la-pampa\\\/\"},\"wordCount\":520,\"publisher\":{\"@id\":\"https:\\\/\\\/diariotextual.com\\\/inicio\\\/#organization\"},\"image\":{\"@id\":\"https:\\\/\\\/diariotextual.com\\\/inicio\\\/index.php\\\/2020\\\/03\\\/23\\\/ziliotto-la-pandemia-tarde-temprano-llegara-la-pampa\\\/#primaryimage\"},\"thumbnailUrl\":\"https:\\\/\\\/diariotextual.com\\\/inicio\\\/wp-content\\\/uploads\\\/2020\\\/03\\\/coronaviruscuarentenacontrolespoliciatextual2020-6.jpg\",\"keywords\":[\"coronavirus\",\"ziliotto\"],\"articleSection\":[\"A - TEMPORALES\",\"SOCIEDAD\"],\"inLanguage\":\"es\"},{\"@type\":\"WebPage\",\"@id\":\"https:\\\/\\\/diariotextual.com\\\/inicio\\\/index.php\\\/2020\\\/03\\\/23\\\/ziliotto-la-pandemia-tarde-temprano-llegara-la-pampa\\\/\",\"url\":\"https:\\\/\\\/diariotextual.com\\\/inicio\\\/index.php\\\/2020\\\/03\\\/23\\\/ziliotto-la-pandemia-tarde-temprano-llegara-la-pampa\\\/\",\"name\":\"Ziliotto: \\\"La pandemia, tarde o temprano, llegar\u00e1 a La Pampa\\\" - Diario Textual\",\"isPartOf\":{\"@id\":\"https:\\\/\\\/diariotextual.com\\\/inicio\\\/#website\"},\"primaryImageOfPage\":{\"@id\":\"https:\\\/\\\/diariotextual.com\\\/inicio\\\/index.php\\\/2020\\\/03\\\/23\\\/ziliotto-la-pandemia-tarde-temprano-llegara-la-pampa\\\/#primaryimage\"},\"image\":{\"@id\":\"https:\\\/\\\/diariotextual.com\\\/inicio\\\/index.php\\\/2020\\\/03\\\/23\\\/ziliotto-la-pandemia-tarde-temprano-llegara-la-pampa\\\/#primaryimage\"},\"thumbnailUrl\":\"https:\\\/\\\/diariotextual.com\\\/inicio\\\/wp-content\\\/uploads\\\/2020\\\/03\\\/coronaviruscuarentenacontrolespoliciatextual2020-6.jpg\",\"datePublished\":\"2020-03-24T01:24:35+00:00\",\"dateModified\":\"2020-03-24T15:38:37+00:00\",\"breadcrumb\":{\"@id\":\"https:\\\/\\\/diariotextual.com\\\/inicio\\\/index.php\\\/2020\\\/03\\\/23\\\/ziliotto-la-pandemia-tarde-temprano-llegara-la-pampa\\\/#breadcrumb\"},\"inLanguage\":\"es\",\"potentialAction\":[{\"@type\":\"ReadAction\",\"target\":[\"https:\\\/\\\/diariotextual.com\\\/inicio\\\/index.php\\\/2020\\\/03\\\/23\\\/ziliotto-la-pandemia-tarde-temprano-llegara-la-pampa\\\/\"]}]},{\"@type\":\"ImageObject\",\"inLanguage\":\"es\",\"@id\":\"https:\\\/\\\/diariotextual.com\\\/inicio\\\/index.php\\\/2020\\\/03\\\/23\\\/ziliotto-la-pandemia-tarde-temprano-llegara-la-pampa\\\/#primaryimage\",\"url\":\"https:\\\/\\\/diariotextual.com\\\/inicio\\\/wp-content\\\/uploads\\\/2020\\\/03\\\/coronaviruscuarentenacontrolespoliciatextual2020-6.jpg\",\"contentUrl\":\"https:\\\/\\\/diariotextual.com\\\/inicio\\\/wp-content\\\/uploads\\\/2020\\\/03\\\/coronaviruscuarentenacontrolespoliciatextual2020-6.jpg\",\"width\":1500,\"height\":934},{\"@type\":\"BreadcrumbList\",\"@id\":\"https:\\\/\\\/diariotextual.com\\\/inicio\\\/index.php\\\/2020\\\/03\\\/23\\\/ziliotto-la-pandemia-tarde-temprano-llegara-la-pampa\\\/#breadcrumb\",\"itemListElement\":[{\"@type\":\"ListItem\",\"position\":1,\"name\":\"Portada\",\"item\":\"https:\\\/\\\/diariotextual.com\\\/inicio\\\/\"},{\"@type\":\"ListItem\",\"position\":2,\"name\":\"Ziliotto: \u00abLa pandemia, tarde o temprano, llegar\u00e1 a La Pampa\u00bb\"}]},{\"@type\":\"WebSite\",\"@id\":\"https:\\\/\\\/diariotextual.com\\\/inicio\\\/#website\",\"url\":\"https:\\\/\\\/diariotextual.com\\\/inicio\\\/\",\"name\":\"Diario Textual\",\"description\":\"\",\"publisher\":{\"@id\":\"https:\\\/\\\/diariotextual.com\\\/inicio\\\/#organization\"},\"potentialAction\":[{\"@type\":\"SearchAction\",\"target\":{\"@type\":\"EntryPoint\",\"urlTemplate\":\"https:\\\/\\\/diariotextual.com\\\/inicio\\\/?s={search_term_string}\"},\"query-input\":{\"@type\":\"PropertyValueSpecification\",\"valueRequired\":true,\"valueName\":\"search_term_string\"}}],\"inLanguage\":\"es\"},{\"@type\":\"Organization\",\"@id\":\"https:\\\/\\\/diariotextual.com\\\/inicio\\\/#organization\",\"name\":\"Diario Textual\",\"url\":\"https:\\\/\\\/diariotextual.com\\\/inicio\\\/\",\"logo\":{\"@type\":\"ImageObject\",\"inLanguage\":\"es\",\"@id\":\"https:\\\/\\\/diariotextual.com\\\/inicio\\\/#\\\/schema\\\/logo\\\/image\\\/\",\"url\":\"https:\\\/\\\/diariotextual.com\\\/inicio\\\/wp-content\\\/uploads\\\/2023\\\/05\\\/logotextual1.jpg\",\"contentUrl\":\"https:\\\/\\\/diariotextual.com\\\/inicio\\\/wp-content\\\/uploads\\\/2023\\\/05\\\/logotextual1.jpg\",\"width\":516,\"height\":76,\"caption\":\"Diario Textual\"},\"image\":{\"@id\":\"https:\\\/\\\/diariotextual.com\\\/inicio\\\/#\\\/schema\\\/logo\\\/image\\\/\"},\"sameAs\":[\"https:\\\/\\\/www.facebook.com\\\/eltextual\",\"https:\\\/\\\/x.com\\\/eltextual\",\"http:\\\/\\\/www.instagram.com\\\/eltextual\"]},{\"@type\":\"Person\",\"@id\":\"https:\\\/\\\/diariotextual.com\\\/inicio\\\/#\\\/schema\\\/person\\\/418fc4093c33e86ed41562db3508f958\",\"name\":\"Diario1 Diario1\",\"image\":{\"@type\":\"ImageObject\",\"inLanguage\":\"es\",\"@id\":\"https:\\\/\\\/secure.gravatar.com\\\/avatar\\\/9167d280179c85bc18be67aa7eda765854300033af4896dd779b608640f2ef7a?s=96&d=mm&r=g\",\"url\":\"https:\\\/\\\/secure.gravatar.com\\\/avatar\\\/9167d280179c85bc18be67aa7eda765854300033af4896dd779b608640f2ef7a?s=96&d=mm&r=g\",\"contentUrl\":\"https:\\\/\\\/secure.gravatar.com\\\/avatar\\\/9167d280179c85bc18be67aa7eda765854300033af4896dd779b608640f2ef7a?s=96&d=mm&r=g\",\"caption\":\"Diario1 Diario1\"},\"url\":\"https:\\\/\\\/diariotextual.com\\\/inicio\\\/index.php\\\/author\\\/diario1\\\/\"}]}<\/script>\n<!-- \/ Yoast SEO plugin. -->","yoast_head_json":{"title":"Ziliotto: \"La pandemia, tarde o temprano, llegar\u00e1 a La Pampa\" - Diario Textual","robots":{"index":"index","follow":"follow","max-snippet":"max-snippet:-1","max-image-preview":"max-image-preview:large","max-video-preview":"max-video-preview:-1"},"canonical":"https:\/\/diariotextual.com\/inicio\/index.php\/2020\/03\/23\/ziliotto-la-pandemia-tarde-temprano-llegara-la-pampa\/","og_locale":"es_ES","og_type":"article","og_title":"Ziliotto: \"La pandemia, tarde o temprano, llegar\u00e1 a La Pampa\" - Diario Textual","og_description":"El gobernador Sergio Ziliotto dijo este lunes que consideran que el coronavirus Covid-19 llegar\u00e1 a la provincia. \u00abLa pandemia, tarde o temprano, llegar\u00e1 a La Pampa\u00bb, expres\u00f3. \u00abPor eso pido&hellip;","og_url":"https:\/\/diariotextual.com\/inicio\/index.php\/2020\/03\/23\/ziliotto-la-pandemia-tarde-temprano-llegara-la-pampa\/","og_site_name":"Diario Textual","article_publisher":"https:\/\/www.facebook.com\/eltextual","article_published_time":"2020-03-24T01:24:35+00:00","article_modified_time":"2020-03-24T15:38:37+00:00","og_image":[{"width":1500,"height":934,"url":"https:\/\/diariotextual.com\/inicio\/wp-content\/uploads\/2020\/03\/coronaviruscuarentenacontrolespoliciatextual2020-6.jpg","type":"image\/jpeg"}],"author":"Diario1 Diario1","twitter_card":"summary_large_image","twitter_creator":"@eltextual","twitter_site":"@eltextual","twitter_misc":{"Escrito por":"Diario1 Diario1","Tiempo de lectura":"3 minutos"},"schema":{"@context":"https:\/\/schema.org","@graph":[{"@type":"Article","@id":"https:\/\/diariotextual.com\/inicio\/index.php\/2020\/03\/23\/ziliotto-la-pandemia-tarde-temprano-llegara-la-pampa\/#article","isPartOf":{"@id":"https:\/\/diariotextual.com\/inicio\/index.php\/2020\/03\/23\/ziliotto-la-pandemia-tarde-temprano-llegara-la-pampa\/"},"author":{"name":"Diario1 Diario1","@id":"https:\/\/diariotextual.com\/inicio\/#\/schema\/person\/418fc4093c33e86ed41562db3508f958"},"headline":"Ziliotto: \u00abLa pandemia, tarde o temprano, llegar\u00e1 a La Pampa\u00bb","datePublished":"2020-03-24T01:24:35+00:00","dateModified":"2020-03-24T15:38:37+00:00","mainEntityOfPage":{"@id":"https:\/\/diariotextual.com\/inicio\/index.php\/2020\/03\/23\/ziliotto-la-pandemia-tarde-temprano-llegara-la-pampa\/"},"wordCount":520,"publisher":{"@id":"https:\/\/diariotextual.com\/inicio\/#organization"},"image":{"@id":"https:\/\/diariotextual.com\/inicio\/index.php\/2020\/03\/23\/ziliotto-la-pandemia-tarde-temprano-llegara-la-pampa\/#primaryimage"},"thumbnailUrl":"https:\/\/diariotextual.com\/inicio\/wp-content\/uploads\/2020\/03\/coronaviruscuarentenacontrolespoliciatextual2020-6.jpg","keywords":["coronavirus","ziliotto"],"articleSection":["A - TEMPORALES","SOCIEDAD"],"inLanguage":"es"},{"@type":"WebPage","@id":"https:\/\/diariotextual.com\/inicio\/index.php\/2020\/03\/23\/ziliotto-la-pandemia-tarde-temprano-llegara-la-pampa\/","url":"https:\/\/diariotextual.com\/inicio\/index.php\/2020\/03\/23\/ziliotto-la-pandemia-tarde-temprano-llegara-la-pampa\/","name":"Ziliotto: \"La pandemia, tarde o temprano, llegar\u00e1 a La Pampa\" - Diario Textual","isPartOf":{"@id":"https:\/\/diariotextual.com\/inicio\/#website"},"primaryImageOfPage":{"@id":"https:\/\/diariotextual.com\/inicio\/index.php\/2020\/03\/23\/ziliotto-la-pandemia-tarde-temprano-llegara-la-pampa\/#primaryimage"},"image":{"@id":"https:\/\/diariotextual.com\/inicio\/index.php\/2020\/03\/23\/ziliotto-la-pandemia-tarde-temprano-llegara-la-pampa\/#primaryimage"},"thumbnailUrl":"https:\/\/diariotextual.com\/inicio\/wp-content\/uploads\/2020\/03\/coronaviruscuarentenacontrolespoliciatextual2020-6.jpg","datePublished":"2020-03-24T01:24:35+00:00","dateModified":"2020-03-24T15:38:37+00:00","breadcrumb":{"@id":"https:\/\/diariotextual.com\/inicio\/index.php\/2020\/03\/23\/ziliotto-la-pandemia-tarde-temprano-llegara-la-pampa\/#breadcrumb"},"inLanguage":"es","potentialAction":[{"@type":"ReadAction","target":["https:\/\/diariotextual.com\/inicio\/index.php\/2020\/03\/23\/ziliotto-la-pandemia-tarde-temprano-llegara-la-pampa\/"]}]},{"@type":"ImageObject","inLanguage":"es","@id":"https:\/\/diariotextual.com\/inicio\/index.php\/2020\/03\/23\/ziliotto-la-pandemia-tarde-temprano-llegara-la-pampa\/#primaryimage","url":"https:\/\/diariotextual.com\/inicio\/wp-content\/uploads\/2020\/03\/coronaviruscuarentenacontrolespoliciatextual2020-6.jpg","contentUrl":"https:\/\/diariotextual.com\/inicio\/wp-content\/uploads\/2020\/03\/coronaviruscuarentenacontrolespoliciatextual2020-6.jpg","width":1500,"height":934},{"@type":"BreadcrumbList","@id":"https:\/\/diariotextual.com\/inicio\/index.php\/2020\/03\/23\/ziliotto-la-pandemia-tarde-temprano-llegara-la-pampa\/#breadcrumb","itemListElement":[{"@type":"ListItem","position":1,"name":"Portada","item":"https:\/\/diariotextual.com\/inicio\/"},{"@type":"ListItem","position":2,"name":"Ziliotto: \u00abLa pandemia, tarde o temprano, llegar\u00e1 a La Pampa\u00bb"}]},{"@type":"WebSite","@id":"https:\/\/diariotextual.com\/inicio\/#website","url":"https:\/\/diariotextual.com\/inicio\/","name":"Diario Textual","description":"","publisher":{"@id":"https:\/\/diariotextual.com\/inicio\/#organization"},"potentialAction":[{"@type":"SearchAction","target":{"@type":"EntryPoint","urlTemplate":"https:\/\/diariotextual.com\/inicio\/?s={search_term_string}"},"query-input":{"@type":"PropertyValueSpecification","valueRequired":true,"valueName":"search_term_string"}}],"inLanguage":"es"},{"@type":"Organization","@id":"https:\/\/diariotextual.com\/inicio\/#organization","name":"Diario Textual","url":"https:\/\/diariotextual.com\/inicio\/","logo":{"@type":"ImageObject","inLanguage":"es","@id":"https:\/\/diariotextual.com\/inicio\/#\/schema\/logo\/image\/","url":"https:\/\/diariotextual.com\/inicio\/wp-content\/uploads\/2023\/05\/logotextual1.jpg","contentUrl":"https:\/\/diariotextual.com\/inicio\/wp-content\/uploads\/2023\/05\/logotextual1.jpg","width":516,"height":76,"caption":"Diario Textual"},"image":{"@id":"https:\/\/diariotextual.com\/inicio\/#\/schema\/logo\/image\/"},"sameAs":["https:\/\/www.facebook.com\/eltextual","https:\/\/x.com\/eltextual","http:\/\/www.instagram.com\/eltextual"]},{"@type":"Person","@id":"https:\/\/diariotextual.com\/inicio\/#\/schema\/person\/418fc4093c33e86ed41562db3508f958","name":"Diario1 Diario1","image":{"@type":"ImageObject","inLanguage":"es","@id":"https:\/\/secure.gravatar.com\/avatar\/9167d280179c85bc18be67aa7eda765854300033af4896dd779b608640f2ef7a?s=96&d=mm&r=g","url":"https:\/\/secure.gravatar.com\/avatar\/9167d280179c85bc18be67aa7eda765854300033af4896dd779b608640f2ef7a?s=96&d=mm&r=g","contentUrl":"https:\/\/secure.gravatar.com\/avatar\/9167d280179c85bc18be67aa7eda765854300033af4896dd779b608640f2ef7a?s=96&d=mm&r=g","caption":"Diario1 Diario1"},"url":"https:\/\/diariotextual.com\/inicio\/index.php\/author\/diario1\/"}]}},"_links":{"self":[{"href":"https:\/\/diariotextual.com\/inicio\/index.php\/wp-json\/wp\/v2\/posts\/85273","targetHints":{"allow":["GET"]}}],"collection":[{"href":"https:\/\/diariotextual.com\/inicio\/index.php\/wp-json\/wp\/v2\/posts"}],"about":[{"href":"https:\/\/diariotextual.com\/inicio\/index.php\/wp-json\/wp\/v2\/types\/post"}],"author":[{"embeddable":true,"href":"https:\/\/diariotextual.com\/inicio\/index.php\/wp-json\/wp\/v2\/users\/3"}],"replies":[{"embeddable":true,"href":"https:\/\/diariotextual.com\/inicio\/index.php\/wp-json\/wp\/v2\/comments?post=85273"}],"version-history":[{"count":17,"href":"https:\/\/diariotextual.com\/inicio\/index.php\/wp-json\/wp\/v2\/posts\/85273\/revisions"}],"predecessor-version":[{"id":85425,"href":"https:\/\/diariotextual.com\/inicio\/index.php\/wp-json\/wp\/v2\/posts\/85273\/revisions\/85425"}],"wp:featuredmedia":[{"embeddable":true,"href":"https:\/\/diariotextual.com\/inicio\/index.php\/wp-json\/wp\/v2\/media\/84761"}],"wp:attachment":[{"href":"https:\/\/diariotextual.com\/inicio\/index.php\/wp-json\/wp\/v2\/media?parent=85273"}],"wp:term":[{"taxonomy":"category","embeddable":true,"href":"https:\/\/diariotextual.com\/inicio\/index.php\/wp-json\/wp\/v2\/categories?post=85273"},{"taxonomy":"post_tag","embeddable":true,"href":"https:\/\/diariotextual.com\/inicio\/index.php\/wp-json\/wp\/v2\/tags?post=85273"}],"curies":[{"name":"wp","href":"https:\/\/api.w.org\/{rel}","templated":true}]}}