{"id":85287,"date":"2020-03-23T13:34:21","date_gmt":"2020-03-23T16:34:21","guid":{"rendered":"http:\/\/diariotextual.com\/inicio\/?p=85287"},"modified":"2020-03-23T19:58:29","modified_gmt":"2020-03-23T22:58:29","slug":"diez-dias-empezarian-analisis-coronavirus-la-pampa","status":"publish","type":"post","link":"https:\/\/diariotextual.com\/inicio\/index.php\/2020\/03\/23\/diez-dias-empezarian-analisis-coronavirus-la-pampa\/","title":{"rendered":"En diez d\u00edas empezar\u00edan  a hacer an\u00e1lisis de coronavirus en La Pampa"},"content":{"rendered":"<p>El gobernador<strong> Sergio Ziliotto<\/strong> dijo que en unos 10 d\u00edas podr\u00edan empezar a realizar an\u00e1lisis sobre coronavirus en La Pampa. \u201cNosotros, en 10 d\u00edas m\u00e1s, vamos a empezar a hacer estudios y solo enviar los dudosos al Malbr\u00e1n o a otros laboratorios que nos indique Naci\u00f3n\u201d, sostuvo.<\/p>\n<p>El mandatario realiz\u00f3 pasadas las 13 horas una conferencia en forma online, con el fin de respetar las medidas de aislamiento para prevenir la propagaci\u00f3n del nuevo virus.<\/p>\n<p>El proceso de descentralizaci\u00f3n para detectar coronavirus, que comenz\u00f3 la semana pasada <strong>con el arribo al pa\u00eds de m\u00e1s de 57 mil kits<\/strong> e incluy\u00f3 <strong>la capacitaci\u00f3n online de bioqu\u00edmicos de las instituciones de las 24 jurisdicciones del pa\u00eds<\/strong> que se har\u00e1n cargo de realizar el test de diagn\u00f3stico <strong>comenz\u00f3 a funcionar hoy en cinco provincias de la Argentina<\/strong>, seg\u00fan confirmaron a Infobae fuentes autorizadas del Instituto Malbr\u00e1n. As\u00ed,<strong> adem\u00e1s de en CABA, donde se confirmaban la totalidad de los casos hasta la semana pasada, Buenos Aires, Santa Fe, C\u00f3rdoba y Chaco cuentan con los materiales para realizar los testeos<\/strong>. Y est\u00e1 previsto que en los pr\u00f3ximos d\u00edas llegue al resto de las provincias.<\/p>\n<p>Seg\u00fan aseguraron las autoridades sanitarias, con la descentralizaci\u00f3n, se espera que haya un aumento significativo de los casos de coronavirus, que se confirmar\u00e1n en el pa\u00eds en los pr\u00f3ximos d\u00edas.<\/p>\n<blockquote class=\"wp-embedded-content\" data-secret=\"cZLdQ5cHfs\"><p><a href=\"http:\/\/diariotextual.com\/inicio\/index.php\/2020\/03\/23\/ziliotto-la-pandemia-tarde-temprano-llegara-la-pampa\/\">Ziliotto: \u00abLa pandemia, tarde o temprano, llegar\u00e1 a La Pampa\u00bb<\/a><\/p><\/blockquote>\n<p><iframe class=\"wp-embedded-content\" sandbox=\"allow-scripts\" security=\"restricted\" style=\"position: absolute; clip: rect(1px, 1px, 1px, 1px);\" src=\"http:\/\/diariotextual.com\/inicio\/index.php\/2020\/03\/23\/ziliotto-la-pandemia-tarde-temprano-llegara-la-pampa\/embed\/#?secret=cZLdQ5cHfs\" data-secret=\"cZLdQ5cHfs\" width=\"600\" height=\"338\" title=\"&#171;Ziliotto: \u00abLa pandemia, tarde o temprano, llegar\u00e1 a La Pampa\u00bb&#187; &#8212; Diario Textual\" frameborder=\"0\" marginwidth=\"0\" marginheight=\"0\" scrolling=\"no\"><\/iframe><\/p>\n<p>&nbsp;<\/p>\n<p>A su vez,<strong> Ziliotto<\/strong> dijo que en Casa de Gobierno consideran que el <strong>coronavirus Covid-19<\/strong> llegar\u00e1 a la provincia. <strong>\u00abLa pandemia, tarde o temprano, llegar\u00e1 a La Pampa\u00bb<\/strong>, expres\u00f3. <strong>\u00abPor eso pido a los pampeanos para que se queden en sus casas para retrasar la llegada\u00bb<\/strong>, manifest\u00f3. <strong>\u00abMientras m\u00e1s atrasemos la llegada, mayores respuestas vamos a poder dar desde el sistema p\u00fablico de salud\u201d.<\/strong><\/p>\n<p>\u00abNos preocupa la salud de los pampeanos y usaremos todas las herramientas que nos da el Estado de derecho\u00bb, sostuvo. \u00ab<strong>Les pido a los pampeanos que se queden en sus casas. Si queremos volver a encontrarnos con nuestros familiares, qu\u00e9dense en casa<\/strong>\u00ab, insisti\u00f3.<\/p>\n<p>\u00abSi se quedan en casa, <strong>vamos a seguir viendo el mapa de la Argentina con La Pampa en el centro y con un 0 de casos.<\/strong> Nuestro trabajo es que ese cero se extienda la mayor cantidad de d\u00edas. Y <strong>quiero decirles a los pampeanos que cuando ese n\u00famero cambie, lucharemos para que el virus avance lo menos posible<\/strong>. No queremos que los pampeanos tengamos el sufrimiento de nuestros hermanos italianos. <strong>No quiero que La Pampa sea Italia<\/strong>\u00ab, dijo.<\/p>\n<p>Dijo, ante una consulta de <strong>Diario Textual<\/strong>, que \u00abayudar\u00e1n\u00bb a los sectores monotributistas y trabajadores independientes que, a ra\u00edz de la cuarentena obligatoria, carecen o sufrieron una disminuci\u00f3n sustancial de sus ingresos.\u00a0<strong>\u00abCuando tengamos precisiones, las comunicaremos\u00bb<\/strong>, aclar\u00f3.<\/p>\n<p>\u00abEstamos pensando en estrategias en conjunto con Naci\u00f3n. No escatimaremos ning\u00fan esfuerzo para ayudarlos\u00bb, manifest\u00f3.<\/p>\n<p>\u00bfSeguir\u00e1 la cuarentena m\u00e1s all\u00e1 del 31 de marzo? \u201cAl tema lo abordaremos todos los gobernadores con el presidente (Alberto Fern\u00e1ndez). Esto es minuto a minuto\u201d, sostuvo.<\/p>\n<p>El mandatario dijo que<strong> instalar\u00e1n dos hospitales de campa\u00f1a<\/strong> e incorporar\u00e1n <strong>120 camas y 30 respiradores<\/strong>. \u00abCuando los casos lleguen a La Pampa y lleguen de la forma m\u00e1s espaciado posible, vamos a poder dar la mejor respuesta\u201d, sostuvo.<\/p>\n<p>Defendi\u00f3 los operativos policiales que, hasta este lunes al mediod\u00eda, han realizado 1350 causas penales y han detenido a unas 500 personas por violar la cuarentena.<strong> \u201cA rajatabla haremos cumplir la cuarentena\u201d<\/strong>, sostuvo. \u201cNo estamos de vacaciones. Est\u00e1 en juego la salud de los pampeanos. Hay un gran trabajo de la polic\u00eda. <strong>El que no entienda, lo vamos a hacer entender<\/strong>\u201d, sostuvo.<\/p>\n<p>&nbsp;<\/p>\n<blockquote class=\"wp-embedded-content\" data-secret=\"ZJua3SN65Q\"><p><a href=\"http:\/\/diariotextual.com\/inicio\/index.php\/2020\/03\/23\/gobernador-dice-va-ayudar-los-sectores-independientes-monotributistas\/\">El gobernador dice que va ayudar a los sectores independientes y monotributistas<\/a><\/p><\/blockquote>\n<p><iframe class=\"wp-embedded-content\" sandbox=\"allow-scripts\" security=\"restricted\" style=\"position: absolute; clip: rect(1px, 1px, 1px, 1px);\" src=\"http:\/\/diariotextual.com\/inicio\/index.php\/2020\/03\/23\/gobernador-dice-va-ayudar-los-sectores-independientes-monotributistas\/embed\/#?secret=ZJua3SN65Q\" data-secret=\"ZJua3SN65Q\" width=\"600\" height=\"338\" title=\"&#171;El gobernador dice que va ayudar a los sectores independientes y monotributistas&#187; &#8212; Diario Textual\" frameborder=\"0\" marginwidth=\"0\" marginheight=\"0\" scrolling=\"no\"><\/iframe><\/p>\n<p>&nbsp;<\/p>\n<p>&nbsp;<\/p>\n","protected":false},"excerpt":{"rendered":"<p>El gobernador Sergio Ziliotto dijo que en unos 10 d\u00edas podr\u00edan empezar a realizar an\u00e1lisis sobre coronavirus en La Pampa. \u201cNosotros, en 10 d\u00edas m\u00e1s, vamos a empezar a hacer&hellip;<\/p>\n","protected":false},"author":3,"featured_media":84132,"comment_status":"closed","ping_status":"open","sticky":false,"template":"","format":"standard","meta":{"_acf_changed":false,"footnotes":""},"categories":[11,319,12],"tags":[2662],"class_list":["post-85287","post","type-post","status-publish","format-standard","has-post-thumbnail","hentry","category-que-pasa","category-a-temporales","category-sociedad","tag-coronavirus"],"acf":[],"yoast_head":"<!-- This site is optimized with the Yoast SEO plugin v27.5 - https:\/\/yoast.com\/product\/yoast-seo-wordpress\/ -->\n<title>En diez d\u00edas empezar\u00edan a hacer an\u00e1lisis de coronavirus en La Pampa - Diario Textual<\/title>\n<meta name=\"robots\" content=\"index, follow, max-snippet:-1, max-image-preview:large, max-video-preview:-1\" \/>\n<link rel=\"canonical\" href=\"https:\/\/diariotextual.com\/inicio\/index.php\/2020\/03\/23\/diez-dias-empezarian-analisis-coronavirus-la-pampa\/\" \/>\n<meta property=\"og:locale\" content=\"es_ES\" \/>\n<meta property=\"og:type\" content=\"article\" \/>\n<meta property=\"og:title\" content=\"En diez d\u00edas empezar\u00edan a hacer an\u00e1lisis de coronavirus en La Pampa - Diario Textual\" \/>\n<meta property=\"og:description\" content=\"El gobernador Sergio Ziliotto dijo que en unos 10 d\u00edas podr\u00edan empezar a realizar an\u00e1lisis sobre coronavirus en La Pampa. \u201cNosotros, en 10 d\u00edas m\u00e1s, vamos a empezar a hacer&hellip;\" \/>\n<meta property=\"og:url\" content=\"https:\/\/diariotextual.com\/inicio\/index.php\/2020\/03\/23\/diez-dias-empezarian-analisis-coronavirus-la-pampa\/\" \/>\n<meta property=\"og:site_name\" content=\"Diario Textual\" \/>\n<meta property=\"article:publisher\" content=\"https:\/\/www.facebook.com\/eltextual\" \/>\n<meta property=\"article:published_time\" content=\"2020-03-23T16:34:21+00:00\" \/>\n<meta property=\"article:modified_time\" content=\"2020-03-23T22:58:29+00:00\" \/>\n<meta property=\"og:image\" content=\"https:\/\/diariotextual.com\/inicio\/wp-content\/uploads\/2020\/03\/coronavirussantarosa2020-2003.jpeg\" \/>\n\t<meta property=\"og:image:width\" content=\"1280\" \/>\n\t<meta property=\"og:image:height\" content=\"853\" \/>\n\t<meta property=\"og:image:type\" content=\"image\/jpeg\" \/>\n<meta name=\"author\" content=\"Diario1 Diario1\" \/>\n<meta name=\"twitter:card\" content=\"summary_large_image\" \/>\n<meta name=\"twitter:creator\" content=\"@eltextual\" \/>\n<meta name=\"twitter:site\" content=\"@eltextual\" \/>\n<meta name=\"twitter:label1\" content=\"Escrito por\" \/>\n\t<meta name=\"twitter:data1\" content=\"Diario1 Diario1\" \/>\n\t<meta name=\"twitter:label2\" content=\"Tiempo de lectura\" \/>\n\t<meta name=\"twitter:data2\" content=\"3 minutos\" \/>\n<script type=\"application\/ld+json\" class=\"yoast-schema-graph\">{\"@context\":\"https:\\\/\\\/schema.org\",\"@graph\":[{\"@type\":\"Article\",\"@id\":\"https:\\\/\\\/diariotextual.com\\\/inicio\\\/index.php\\\/2020\\\/03\\\/23\\\/diez-dias-empezarian-analisis-coronavirus-la-pampa\\\/#article\",\"isPartOf\":{\"@id\":\"https:\\\/\\\/diariotextual.com\\\/inicio\\\/index.php\\\/2020\\\/03\\\/23\\\/diez-dias-empezarian-analisis-coronavirus-la-pampa\\\/\"},\"author\":{\"name\":\"Diario1 Diario1\",\"@id\":\"https:\\\/\\\/diariotextual.com\\\/inicio\\\/#\\\/schema\\\/person\\\/418fc4093c33e86ed41562db3508f958\"},\"headline\":\"En diez d\u00edas empezar\u00edan a hacer an\u00e1lisis de coronavirus en La Pampa\",\"datePublished\":\"2020-03-23T16:34:21+00:00\",\"dateModified\":\"2020-03-23T22:58:29+00:00\",\"mainEntityOfPage\":{\"@id\":\"https:\\\/\\\/diariotextual.com\\\/inicio\\\/index.php\\\/2020\\\/03\\\/23\\\/diez-dias-empezarian-analisis-coronavirus-la-pampa\\\/\"},\"wordCount\":654,\"publisher\":{\"@id\":\"https:\\\/\\\/diariotextual.com\\\/inicio\\\/#organization\"},\"image\":{\"@id\":\"https:\\\/\\\/diariotextual.com\\\/inicio\\\/index.php\\\/2020\\\/03\\\/23\\\/diez-dias-empezarian-analisis-coronavirus-la-pampa\\\/#primaryimage\"},\"thumbnailUrl\":\"https:\\\/\\\/diariotextual.com\\\/inicio\\\/wp-content\\\/uploads\\\/2020\\\/03\\\/coronavirussantarosa2020-2003.jpeg\",\"keywords\":[\"coronavirus\"],\"articleSection\":[\"A - QUE PASA (al costado)\",\"A - TEMPORALES\",\"SOCIEDAD\"],\"inLanguage\":\"es\"},{\"@type\":\"WebPage\",\"@id\":\"https:\\\/\\\/diariotextual.com\\\/inicio\\\/index.php\\\/2020\\\/03\\\/23\\\/diez-dias-empezarian-analisis-coronavirus-la-pampa\\\/\",\"url\":\"https:\\\/\\\/diariotextual.com\\\/inicio\\\/index.php\\\/2020\\\/03\\\/23\\\/diez-dias-empezarian-analisis-coronavirus-la-pampa\\\/\",\"name\":\"En diez d\u00edas empezar\u00edan a hacer an\u00e1lisis de coronavirus en La Pampa - Diario Textual\",\"isPartOf\":{\"@id\":\"https:\\\/\\\/diariotextual.com\\\/inicio\\\/#website\"},\"primaryImageOfPage\":{\"@id\":\"https:\\\/\\\/diariotextual.com\\\/inicio\\\/index.php\\\/2020\\\/03\\\/23\\\/diez-dias-empezarian-analisis-coronavirus-la-pampa\\\/#primaryimage\"},\"image\":{\"@id\":\"https:\\\/\\\/diariotextual.com\\\/inicio\\\/index.php\\\/2020\\\/03\\\/23\\\/diez-dias-empezarian-analisis-coronavirus-la-pampa\\\/#primaryimage\"},\"thumbnailUrl\":\"https:\\\/\\\/diariotextual.com\\\/inicio\\\/wp-content\\\/uploads\\\/2020\\\/03\\\/coronavirussantarosa2020-2003.jpeg\",\"datePublished\":\"2020-03-23T16:34:21+00:00\",\"dateModified\":\"2020-03-23T22:58:29+00:00\",\"breadcrumb\":{\"@id\":\"https:\\\/\\\/diariotextual.com\\\/inicio\\\/index.php\\\/2020\\\/03\\\/23\\\/diez-dias-empezarian-analisis-coronavirus-la-pampa\\\/#breadcrumb\"},\"inLanguage\":\"es\",\"potentialAction\":[{\"@type\":\"ReadAction\",\"target\":[\"https:\\\/\\\/diariotextual.com\\\/inicio\\\/index.php\\\/2020\\\/03\\\/23\\\/diez-dias-empezarian-analisis-coronavirus-la-pampa\\\/\"]}]},{\"@type\":\"ImageObject\",\"inLanguage\":\"es\",\"@id\":\"https:\\\/\\\/diariotextual.com\\\/inicio\\\/index.php\\\/2020\\\/03\\\/23\\\/diez-dias-empezarian-analisis-coronavirus-la-pampa\\\/#primaryimage\",\"url\":\"https:\\\/\\\/diariotextual.com\\\/inicio\\\/wp-content\\\/uploads\\\/2020\\\/03\\\/coronavirussantarosa2020-2003.jpeg\",\"contentUrl\":\"https:\\\/\\\/diariotextual.com\\\/inicio\\\/wp-content\\\/uploads\\\/2020\\\/03\\\/coronavirussantarosa2020-2003.jpeg\",\"width\":1280,\"height\":853},{\"@type\":\"BreadcrumbList\",\"@id\":\"https:\\\/\\\/diariotextual.com\\\/inicio\\\/index.php\\\/2020\\\/03\\\/23\\\/diez-dias-empezarian-analisis-coronavirus-la-pampa\\\/#breadcrumb\",\"itemListElement\":[{\"@type\":\"ListItem\",\"position\":1,\"name\":\"Portada\",\"item\":\"https:\\\/\\\/diariotextual.com\\\/inicio\\\/\"},{\"@type\":\"ListItem\",\"position\":2,\"name\":\"En diez d\u00edas empezar\u00edan a hacer an\u00e1lisis de coronavirus en La Pampa\"}]},{\"@type\":\"WebSite\",\"@id\":\"https:\\\/\\\/diariotextual.com\\\/inicio\\\/#website\",\"url\":\"https:\\\/\\\/diariotextual.com\\\/inicio\\\/\",\"name\":\"Diario Textual\",\"description\":\"\",\"publisher\":{\"@id\":\"https:\\\/\\\/diariotextual.com\\\/inicio\\\/#organization\"},\"potentialAction\":[{\"@type\":\"SearchAction\",\"target\":{\"@type\":\"EntryPoint\",\"urlTemplate\":\"https:\\\/\\\/diariotextual.com\\\/inicio\\\/?s={search_term_string}\"},\"query-input\":{\"@type\":\"PropertyValueSpecification\",\"valueRequired\":true,\"valueName\":\"search_term_string\"}}],\"inLanguage\":\"es\"},{\"@type\":\"Organization\",\"@id\":\"https:\\\/\\\/diariotextual.com\\\/inicio\\\/#organization\",\"name\":\"Diario Textual\",\"url\":\"https:\\\/\\\/diariotextual.com\\\/inicio\\\/\",\"logo\":{\"@type\":\"ImageObject\",\"inLanguage\":\"es\",\"@id\":\"https:\\\/\\\/diariotextual.com\\\/inicio\\\/#\\\/schema\\\/logo\\\/image\\\/\",\"url\":\"https:\\\/\\\/diariotextual.com\\\/inicio\\\/wp-content\\\/uploads\\\/2023\\\/05\\\/logotextual1.jpg\",\"contentUrl\":\"https:\\\/\\\/diariotextual.com\\\/inicio\\\/wp-content\\\/uploads\\\/2023\\\/05\\\/logotextual1.jpg\",\"width\":516,\"height\":76,\"caption\":\"Diario Textual\"},\"image\":{\"@id\":\"https:\\\/\\\/diariotextual.com\\\/inicio\\\/#\\\/schema\\\/logo\\\/image\\\/\"},\"sameAs\":[\"https:\\\/\\\/www.facebook.com\\\/eltextual\",\"https:\\\/\\\/x.com\\\/eltextual\",\"http:\\\/\\\/www.instagram.com\\\/eltextual\"]},{\"@type\":\"Person\",\"@id\":\"https:\\\/\\\/diariotextual.com\\\/inicio\\\/#\\\/schema\\\/person\\\/418fc4093c33e86ed41562db3508f958\",\"name\":\"Diario1 Diario1\",\"image\":{\"@type\":\"ImageObject\",\"inLanguage\":\"es\",\"@id\":\"https:\\\/\\\/secure.gravatar.com\\\/avatar\\\/9167d280179c85bc18be67aa7eda765854300033af4896dd779b608640f2ef7a?s=96&d=mm&r=g\",\"url\":\"https:\\\/\\\/secure.gravatar.com\\\/avatar\\\/9167d280179c85bc18be67aa7eda765854300033af4896dd779b608640f2ef7a?s=96&d=mm&r=g\",\"contentUrl\":\"https:\\\/\\\/secure.gravatar.com\\\/avatar\\\/9167d280179c85bc18be67aa7eda765854300033af4896dd779b608640f2ef7a?s=96&d=mm&r=g\",\"caption\":\"Diario1 Diario1\"},\"url\":\"https:\\\/\\\/diariotextual.com\\\/inicio\\\/index.php\\\/author\\\/diario1\\\/\"}]}<\/script>\n<!-- \/ Yoast SEO plugin. -->","yoast_head_json":{"title":"En diez d\u00edas empezar\u00edan a hacer an\u00e1lisis de coronavirus en La Pampa - Diario Textual","robots":{"index":"index","follow":"follow","max-snippet":"max-snippet:-1","max-image-preview":"max-image-preview:large","max-video-preview":"max-video-preview:-1"},"canonical":"https:\/\/diariotextual.com\/inicio\/index.php\/2020\/03\/23\/diez-dias-empezarian-analisis-coronavirus-la-pampa\/","og_locale":"es_ES","og_type":"article","og_title":"En diez d\u00edas empezar\u00edan a hacer an\u00e1lisis de coronavirus en La Pampa - Diario Textual","og_description":"El gobernador Sergio Ziliotto dijo que en unos 10 d\u00edas podr\u00edan empezar a realizar an\u00e1lisis sobre coronavirus en La Pampa. \u201cNosotros, en 10 d\u00edas m\u00e1s, vamos a empezar a hacer&hellip;","og_url":"https:\/\/diariotextual.com\/inicio\/index.php\/2020\/03\/23\/diez-dias-empezarian-analisis-coronavirus-la-pampa\/","og_site_name":"Diario Textual","article_publisher":"https:\/\/www.facebook.com\/eltextual","article_published_time":"2020-03-23T16:34:21+00:00","article_modified_time":"2020-03-23T22:58:29+00:00","og_image":[{"width":1280,"height":853,"url":"https:\/\/diariotextual.com\/inicio\/wp-content\/uploads\/2020\/03\/coronavirussantarosa2020-2003.jpeg","type":"image\/jpeg"}],"author":"Diario1 Diario1","twitter_card":"summary_large_image","twitter_creator":"@eltextual","twitter_site":"@eltextual","twitter_misc":{"Escrito por":"Diario1 Diario1","Tiempo de lectura":"3 minutos"},"schema":{"@context":"https:\/\/schema.org","@graph":[{"@type":"Article","@id":"https:\/\/diariotextual.com\/inicio\/index.php\/2020\/03\/23\/diez-dias-empezarian-analisis-coronavirus-la-pampa\/#article","isPartOf":{"@id":"https:\/\/diariotextual.com\/inicio\/index.php\/2020\/03\/23\/diez-dias-empezarian-analisis-coronavirus-la-pampa\/"},"author":{"name":"Diario1 Diario1","@id":"https:\/\/diariotextual.com\/inicio\/#\/schema\/person\/418fc4093c33e86ed41562db3508f958"},"headline":"En diez d\u00edas empezar\u00edan a hacer an\u00e1lisis de coronavirus en La Pampa","datePublished":"2020-03-23T16:34:21+00:00","dateModified":"2020-03-23T22:58:29+00:00","mainEntityOfPage":{"@id":"https:\/\/diariotextual.com\/inicio\/index.php\/2020\/03\/23\/diez-dias-empezarian-analisis-coronavirus-la-pampa\/"},"wordCount":654,"publisher":{"@id":"https:\/\/diariotextual.com\/inicio\/#organization"},"image":{"@id":"https:\/\/diariotextual.com\/inicio\/index.php\/2020\/03\/23\/diez-dias-empezarian-analisis-coronavirus-la-pampa\/#primaryimage"},"thumbnailUrl":"https:\/\/diariotextual.com\/inicio\/wp-content\/uploads\/2020\/03\/coronavirussantarosa2020-2003.jpeg","keywords":["coronavirus"],"articleSection":["A - QUE PASA (al costado)","A - TEMPORALES","SOCIEDAD"],"inLanguage":"es"},{"@type":"WebPage","@id":"https:\/\/diariotextual.com\/inicio\/index.php\/2020\/03\/23\/diez-dias-empezarian-analisis-coronavirus-la-pampa\/","url":"https:\/\/diariotextual.com\/inicio\/index.php\/2020\/03\/23\/diez-dias-empezarian-analisis-coronavirus-la-pampa\/","name":"En diez d\u00edas empezar\u00edan a hacer an\u00e1lisis de coronavirus en La Pampa - Diario Textual","isPartOf":{"@id":"https:\/\/diariotextual.com\/inicio\/#website"},"primaryImageOfPage":{"@id":"https:\/\/diariotextual.com\/inicio\/index.php\/2020\/03\/23\/diez-dias-empezarian-analisis-coronavirus-la-pampa\/#primaryimage"},"image":{"@id":"https:\/\/diariotextual.com\/inicio\/index.php\/2020\/03\/23\/diez-dias-empezarian-analisis-coronavirus-la-pampa\/#primaryimage"},"thumbnailUrl":"https:\/\/diariotextual.com\/inicio\/wp-content\/uploads\/2020\/03\/coronavirussantarosa2020-2003.jpeg","datePublished":"2020-03-23T16:34:21+00:00","dateModified":"2020-03-23T22:58:29+00:00","breadcrumb":{"@id":"https:\/\/diariotextual.com\/inicio\/index.php\/2020\/03\/23\/diez-dias-empezarian-analisis-coronavirus-la-pampa\/#breadcrumb"},"inLanguage":"es","potentialAction":[{"@type":"ReadAction","target":["https:\/\/diariotextual.com\/inicio\/index.php\/2020\/03\/23\/diez-dias-empezarian-analisis-coronavirus-la-pampa\/"]}]},{"@type":"ImageObject","inLanguage":"es","@id":"https:\/\/diariotextual.com\/inicio\/index.php\/2020\/03\/23\/diez-dias-empezarian-analisis-coronavirus-la-pampa\/#primaryimage","url":"https:\/\/diariotextual.com\/inicio\/wp-content\/uploads\/2020\/03\/coronavirussantarosa2020-2003.jpeg","contentUrl":"https:\/\/diariotextual.com\/inicio\/wp-content\/uploads\/2020\/03\/coronavirussantarosa2020-2003.jpeg","width":1280,"height":853},{"@type":"BreadcrumbList","@id":"https:\/\/diariotextual.com\/inicio\/index.php\/2020\/03\/23\/diez-dias-empezarian-analisis-coronavirus-la-pampa\/#breadcrumb","itemListElement":[{"@type":"ListItem","position":1,"name":"Portada","item":"https:\/\/diariotextual.com\/inicio\/"},{"@type":"ListItem","position":2,"name":"En diez d\u00edas empezar\u00edan a hacer an\u00e1lisis de coronavirus en La Pampa"}]},{"@type":"WebSite","@id":"https:\/\/diariotextual.com\/inicio\/#website","url":"https:\/\/diariotextual.com\/inicio\/","name":"Diario Textual","description":"","publisher":{"@id":"https:\/\/diariotextual.com\/inicio\/#organization"},"potentialAction":[{"@type":"SearchAction","target":{"@type":"EntryPoint","urlTemplate":"https:\/\/diariotextual.com\/inicio\/?s={search_term_string}"},"query-input":{"@type":"PropertyValueSpecification","valueRequired":true,"valueName":"search_term_string"}}],"inLanguage":"es"},{"@type":"Organization","@id":"https:\/\/diariotextual.com\/inicio\/#organization","name":"Diario Textual","url":"https:\/\/diariotextual.com\/inicio\/","logo":{"@type":"ImageObject","inLanguage":"es","@id":"https:\/\/diariotextual.com\/inicio\/#\/schema\/logo\/image\/","url":"https:\/\/diariotextual.com\/inicio\/wp-content\/uploads\/2023\/05\/logotextual1.jpg","contentUrl":"https:\/\/diariotextual.com\/inicio\/wp-content\/uploads\/2023\/05\/logotextual1.jpg","width":516,"height":76,"caption":"Diario Textual"},"image":{"@id":"https:\/\/diariotextual.com\/inicio\/#\/schema\/logo\/image\/"},"sameAs":["https:\/\/www.facebook.com\/eltextual","https:\/\/x.com\/eltextual","http:\/\/www.instagram.com\/eltextual"]},{"@type":"Person","@id":"https:\/\/diariotextual.com\/inicio\/#\/schema\/person\/418fc4093c33e86ed41562db3508f958","name":"Diario1 Diario1","image":{"@type":"ImageObject","inLanguage":"es","@id":"https:\/\/secure.gravatar.com\/avatar\/9167d280179c85bc18be67aa7eda765854300033af4896dd779b608640f2ef7a?s=96&d=mm&r=g","url":"https:\/\/secure.gravatar.com\/avatar\/9167d280179c85bc18be67aa7eda765854300033af4896dd779b608640f2ef7a?s=96&d=mm&r=g","contentUrl":"https:\/\/secure.gravatar.com\/avatar\/9167d280179c85bc18be67aa7eda765854300033af4896dd779b608640f2ef7a?s=96&d=mm&r=g","caption":"Diario1 Diario1"},"url":"https:\/\/diariotextual.com\/inicio\/index.php\/author\/diario1\/"}]}},"_links":{"self":[{"href":"https:\/\/diariotextual.com\/inicio\/index.php\/wp-json\/wp\/v2\/posts\/85287","targetHints":{"allow":["GET"]}}],"collection":[{"href":"https:\/\/diariotextual.com\/inicio\/index.php\/wp-json\/wp\/v2\/posts"}],"about":[{"href":"https:\/\/diariotextual.com\/inicio\/index.php\/wp-json\/wp\/v2\/types\/post"}],"author":[{"embeddable":true,"href":"https:\/\/diariotextual.com\/inicio\/index.php\/wp-json\/wp\/v2\/users\/3"}],"replies":[{"embeddable":true,"href":"https:\/\/diariotextual.com\/inicio\/index.php\/wp-json\/wp\/v2\/comments?post=85287"}],"version-history":[{"count":7,"href":"https:\/\/diariotextual.com\/inicio\/index.php\/wp-json\/wp\/v2\/posts\/85287\/revisions"}],"predecessor-version":[{"id":85337,"href":"https:\/\/diariotextual.com\/inicio\/index.php\/wp-json\/wp\/v2\/posts\/85287\/revisions\/85337"}],"wp:featuredmedia":[{"embeddable":true,"href":"https:\/\/diariotextual.com\/inicio\/index.php\/wp-json\/wp\/v2\/media\/84132"}],"wp:attachment":[{"href":"https:\/\/diariotextual.com\/inicio\/index.php\/wp-json\/wp\/v2\/media?parent=85287"}],"wp:term":[{"taxonomy":"category","embeddable":true,"href":"https:\/\/diariotextual.com\/inicio\/index.php\/wp-json\/wp\/v2\/categories?post=85287"},{"taxonomy":"post_tag","embeddable":true,"href":"https:\/\/diariotextual.com\/inicio\/index.php\/wp-json\/wp\/v2\/tags?post=85287"}],"curies":[{"name":"wp","href":"https:\/\/api.w.org\/{rel}","templated":true}]}}