{"id":85706,"date":"2020-03-25T10:32:19","date_gmt":"2020-03-25T13:32:19","guid":{"rendered":"http:\/\/diariotextual.com\/inicio\/?p=85706"},"modified":"2020-03-25T10:32:19","modified_gmt":"2020-03-25T13:32:19","slug":"la-demanda-combustibles-se-desploma-la-cuarentena","status":"publish","type":"post","link":"https:\/\/diariotextual.com\/inicio\/index.php\/2020\/03\/25\/la-demanda-combustibles-se-desploma-la-cuarentena\/","title":{"rendered":"La demanda de combustibles se desploma por la cuarentena"},"content":{"rendered":"<p>El aislamiento social preventivo y obligatorio dispuesto por el Gobierno nacional desde el viernes tuvo un efecto inmediato en la demanda de combustibles, y las petroleras y estaciones de servicios registraron el pasado fin de semana largo una ca\u00edda de ventas de hasta el 85% en todo el pa\u00eds.<\/p>\n<p>El CEO de YPF, Daniel Gonz\u00e1lez, fue el encargado de realizar la primera estimaci\u00f3n de los efectos que el necesario aislamiento para evitar la propagaci\u00f3n del virus est\u00e1 teniendo sobre el sector petrolero, mediante un video que dirigi\u00f3 a los empleados de YPF pero que se viraliz\u00f3 en las redes sociales.<\/p>\n<p>\u00abLa producci\u00f3n de petr\u00f3leo est\u00e1 pr\u00e1cticamente sin afectaci\u00f3n, aunque dejamos de perforar y completar pozos y se los est\u00e1 dejando en condici\u00f3n segura\u00bb, expres\u00f3 Gonz\u00e1lez al se\u00f1alar que \u00abla producci\u00f3n de gas est\u00e1 empezando a caer un poco con la demanda hasta un 20% abajo\u00bb de la normal para esta \u00e9poca del a\u00f1o.<\/p>\n<p>El CEO de la mayor petrolera argentina explic\u00f3 que YPF est\u00e1 \u00abbajando la carga en las refiner\u00edas entre un 30% y un 40% en promedio del crudo procesado para adecuarse a un nivel de demanda mucho mas bajo\u00bb.<\/p>\n<p>\u00abLa demanda de naftas est\u00e1 un 70% abajo respecto a los d\u00edas anteriores, al del gasoil un 50% y el combustible de aviaci\u00f3n baja 90%\u00bb, rese\u00f1\u00f3 Gonz\u00e1lez al explicar que esta coyuntura deja a la compa\u00f1\u00eda ante la \u00abnecesidad de exportar crudo a precios bajos\u00bb por lo cual los ingresos \u00abvan a ser afectados negativamente\u00bb.<\/p>\n<p>El presidente de la Confederaci\u00f3n de Entidades de Comercializaci\u00f3n de Hidrocarburos y Afines (Cecha), Gabriel Bornoroni, estimo que la ca\u00edda de ventas de combustibles en las 4.800 estaciones de servicio de todo el pa\u00eds ronda entre el 80 y el 85% respecto a la semana previa a la implementaci\u00f3n del aislamiento obligatorio.<\/p>\n<p>\u00abLas estaciones est\u00e1n vendiendo un 15% de lo que vend\u00edan normalmente\u00bb, dijo Bornoroni, al explicar que los d\u00edas previos del decreto que dispuso el aislamiento obligatorio se observ\u00f3 \u00abun pico de demanda por automovilistas que hicieron largas colas para abastecerse\u00bb.<\/p>\n<p>Para el directivo estacionero \u00abesto es una clara se\u00f1al de que la gente comenz\u00f3 a quedarse en sus domicilios y solo van a los establecimientos quienes est\u00e1n cumpliendo alguna tarea esencial\u00bb<\/p>\n<p>Cecha est\u00e1 \u00abarmando distintas propuestas para afrontar el pago de salarios de marzo para acercar al Gobierno Nacional\u00bb, lo que ser\u00e1 dif\u00edcil de cumplir con la abrupta ca\u00edda de ventas, tal como ocurre en pr\u00e1cticamente todos los sectores de producci\u00f3n y servicios.<\/p>\n","protected":false},"excerpt":{"rendered":"<p>El aislamiento social preventivo y obligatorio dispuesto por el Gobierno nacional desde el viernes tuvo un efecto inmediato en la demanda de combustibles, y las petroleras y estaciones de servicios&hellip;<\/p>\n","protected":false},"author":7,"featured_media":10210,"comment_status":"closed","ping_status":"open","sticky":false,"template":"","format":"standard","meta":{"_acf_changed":false,"footnotes":""},"categories":[11,5],"tags":[],"class_list":["post-85706","post","type-post","status-publish","format-standard","has-post-thumbnail","hentry","category-que-pasa","category-economia"],"acf":[],"yoast_head":"<!-- This site is optimized with the Yoast SEO plugin v27.5 - https:\/\/yoast.com\/product\/yoast-seo-wordpress\/ -->\n<title>La demanda de combustibles se desploma por la cuarentena - Diario Textual<\/title>\n<meta name=\"robots\" content=\"index, follow, max-snippet:-1, max-image-preview:large, max-video-preview:-1\" \/>\n<link rel=\"canonical\" href=\"https:\/\/diariotextual.com\/inicio\/index.php\/2020\/03\/25\/la-demanda-combustibles-se-desploma-la-cuarentena\/\" \/>\n<meta property=\"og:locale\" content=\"es_ES\" \/>\n<meta property=\"og:type\" content=\"article\" \/>\n<meta property=\"og:title\" content=\"La demanda de combustibles se desploma por la cuarentena - Diario Textual\" \/>\n<meta property=\"og:description\" content=\"El aislamiento social preventivo y obligatorio dispuesto por el Gobierno nacional desde el viernes tuvo un efecto inmediato en la demanda de combustibles, y las petroleras y estaciones de servicios&hellip;\" \/>\n<meta property=\"og:url\" content=\"https:\/\/diariotextual.com\/inicio\/index.php\/2020\/03\/25\/la-demanda-combustibles-se-desploma-la-cuarentena\/\" \/>\n<meta property=\"og:site_name\" content=\"Diario Textual\" \/>\n<meta property=\"article:publisher\" content=\"https:\/\/www.facebook.com\/eltextual\" \/>\n<meta property=\"article:published_time\" content=\"2020-03-25T13:32:19+00:00\" \/>\n<meta property=\"og:image\" content=\"https:\/\/diariotextual.com\/inicio\/wp-content\/uploads\/2018\/06\/combustiblesnaftas2333.jpg\" \/>\n\t<meta property=\"og:image:width\" content=\"786\" \/>\n\t<meta property=\"og:image:height\" content=\"506\" \/>\n\t<meta property=\"og:image:type\" content=\"image\/jpeg\" \/>\n<meta name=\"author\" content=\"diario5\" \/>\n<meta name=\"twitter:card\" content=\"summary_large_image\" \/>\n<meta name=\"twitter:creator\" content=\"@eltextual\" \/>\n<meta name=\"twitter:site\" content=\"@eltextual\" \/>\n<meta name=\"twitter:label1\" content=\"Escrito por\" \/>\n\t<meta name=\"twitter:data1\" content=\"diario5\" \/>\n\t<meta name=\"twitter:label2\" content=\"Tiempo de lectura\" \/>\n\t<meta name=\"twitter:data2\" content=\"2 minutos\" \/>\n<script type=\"application\/ld+json\" class=\"yoast-schema-graph\">{\"@context\":\"https:\\\/\\\/schema.org\",\"@graph\":[{\"@type\":\"Article\",\"@id\":\"https:\\\/\\\/diariotextual.com\\\/inicio\\\/index.php\\\/2020\\\/03\\\/25\\\/la-demanda-combustibles-se-desploma-la-cuarentena\\\/#article\",\"isPartOf\":{\"@id\":\"https:\\\/\\\/diariotextual.com\\\/inicio\\\/index.php\\\/2020\\\/03\\\/25\\\/la-demanda-combustibles-se-desploma-la-cuarentena\\\/\"},\"author\":{\"name\":\"diario5\",\"@id\":\"https:\\\/\\\/diariotextual.com\\\/inicio\\\/#\\\/schema\\\/person\\\/c7834961ad8b29b1d9cdbf4571299067\"},\"headline\":\"La demanda de combustibles se desploma por la cuarentena\",\"datePublished\":\"2020-03-25T13:32:19+00:00\",\"mainEntityOfPage\":{\"@id\":\"https:\\\/\\\/diariotextual.com\\\/inicio\\\/index.php\\\/2020\\\/03\\\/25\\\/la-demanda-combustibles-se-desploma-la-cuarentena\\\/\"},\"wordCount\":442,\"publisher\":{\"@id\":\"https:\\\/\\\/diariotextual.com\\\/inicio\\\/#organization\"},\"image\":{\"@id\":\"https:\\\/\\\/diariotextual.com\\\/inicio\\\/index.php\\\/2020\\\/03\\\/25\\\/la-demanda-combustibles-se-desploma-la-cuarentena\\\/#primaryimage\"},\"thumbnailUrl\":\"https:\\\/\\\/diariotextual.com\\\/inicio\\\/wp-content\\\/uploads\\\/2018\\\/06\\\/combustiblesnaftas2333.jpg\",\"articleSection\":[\"A - QUE PASA (al costado)\",\"ECONOMIA\"],\"inLanguage\":\"es\"},{\"@type\":\"WebPage\",\"@id\":\"https:\\\/\\\/diariotextual.com\\\/inicio\\\/index.php\\\/2020\\\/03\\\/25\\\/la-demanda-combustibles-se-desploma-la-cuarentena\\\/\",\"url\":\"https:\\\/\\\/diariotextual.com\\\/inicio\\\/index.php\\\/2020\\\/03\\\/25\\\/la-demanda-combustibles-se-desploma-la-cuarentena\\\/\",\"name\":\"La demanda de combustibles se desploma por la cuarentena - Diario Textual\",\"isPartOf\":{\"@id\":\"https:\\\/\\\/diariotextual.com\\\/inicio\\\/#website\"},\"primaryImageOfPage\":{\"@id\":\"https:\\\/\\\/diariotextual.com\\\/inicio\\\/index.php\\\/2020\\\/03\\\/25\\\/la-demanda-combustibles-se-desploma-la-cuarentena\\\/#primaryimage\"},\"image\":{\"@id\":\"https:\\\/\\\/diariotextual.com\\\/inicio\\\/index.php\\\/2020\\\/03\\\/25\\\/la-demanda-combustibles-se-desploma-la-cuarentena\\\/#primaryimage\"},\"thumbnailUrl\":\"https:\\\/\\\/diariotextual.com\\\/inicio\\\/wp-content\\\/uploads\\\/2018\\\/06\\\/combustiblesnaftas2333.jpg\",\"datePublished\":\"2020-03-25T13:32:19+00:00\",\"breadcrumb\":{\"@id\":\"https:\\\/\\\/diariotextual.com\\\/inicio\\\/index.php\\\/2020\\\/03\\\/25\\\/la-demanda-combustibles-se-desploma-la-cuarentena\\\/#breadcrumb\"},\"inLanguage\":\"es\",\"potentialAction\":[{\"@type\":\"ReadAction\",\"target\":[\"https:\\\/\\\/diariotextual.com\\\/inicio\\\/index.php\\\/2020\\\/03\\\/25\\\/la-demanda-combustibles-se-desploma-la-cuarentena\\\/\"]}]},{\"@type\":\"ImageObject\",\"inLanguage\":\"es\",\"@id\":\"https:\\\/\\\/diariotextual.com\\\/inicio\\\/index.php\\\/2020\\\/03\\\/25\\\/la-demanda-combustibles-se-desploma-la-cuarentena\\\/#primaryimage\",\"url\":\"https:\\\/\\\/diariotextual.com\\\/inicio\\\/wp-content\\\/uploads\\\/2018\\\/06\\\/combustiblesnaftas2333.jpg\",\"contentUrl\":\"https:\\\/\\\/diariotextual.com\\\/inicio\\\/wp-content\\\/uploads\\\/2018\\\/06\\\/combustiblesnaftas2333.jpg\",\"width\":786,\"height\":506},{\"@type\":\"BreadcrumbList\",\"@id\":\"https:\\\/\\\/diariotextual.com\\\/inicio\\\/index.php\\\/2020\\\/03\\\/25\\\/la-demanda-combustibles-se-desploma-la-cuarentena\\\/#breadcrumb\",\"itemListElement\":[{\"@type\":\"ListItem\",\"position\":1,\"name\":\"Portada\",\"item\":\"https:\\\/\\\/diariotextual.com\\\/inicio\\\/\"},{\"@type\":\"ListItem\",\"position\":2,\"name\":\"La demanda de combustibles se desploma por la cuarentena\"}]},{\"@type\":\"WebSite\",\"@id\":\"https:\\\/\\\/diariotextual.com\\\/inicio\\\/#website\",\"url\":\"https:\\\/\\\/diariotextual.com\\\/inicio\\\/\",\"name\":\"Diario Textual\",\"description\":\"\",\"publisher\":{\"@id\":\"https:\\\/\\\/diariotextual.com\\\/inicio\\\/#organization\"},\"potentialAction\":[{\"@type\":\"SearchAction\",\"target\":{\"@type\":\"EntryPoint\",\"urlTemplate\":\"https:\\\/\\\/diariotextual.com\\\/inicio\\\/?s={search_term_string}\"},\"query-input\":{\"@type\":\"PropertyValueSpecification\",\"valueRequired\":true,\"valueName\":\"search_term_string\"}}],\"inLanguage\":\"es\"},{\"@type\":\"Organization\",\"@id\":\"https:\\\/\\\/diariotextual.com\\\/inicio\\\/#organization\",\"name\":\"Diario Textual\",\"url\":\"https:\\\/\\\/diariotextual.com\\\/inicio\\\/\",\"logo\":{\"@type\":\"ImageObject\",\"inLanguage\":\"es\",\"@id\":\"https:\\\/\\\/diariotextual.com\\\/inicio\\\/#\\\/schema\\\/logo\\\/image\\\/\",\"url\":\"https:\\\/\\\/diariotextual.com\\\/inicio\\\/wp-content\\\/uploads\\\/2023\\\/05\\\/logotextual1.jpg\",\"contentUrl\":\"https:\\\/\\\/diariotextual.com\\\/inicio\\\/wp-content\\\/uploads\\\/2023\\\/05\\\/logotextual1.jpg\",\"width\":516,\"height\":76,\"caption\":\"Diario Textual\"},\"image\":{\"@id\":\"https:\\\/\\\/diariotextual.com\\\/inicio\\\/#\\\/schema\\\/logo\\\/image\\\/\"},\"sameAs\":[\"https:\\\/\\\/www.facebook.com\\\/eltextual\",\"https:\\\/\\\/x.com\\\/eltextual\",\"http:\\\/\\\/www.instagram.com\\\/eltextual\"]},{\"@type\":\"Person\",\"@id\":\"https:\\\/\\\/diariotextual.com\\\/inicio\\\/#\\\/schema\\\/person\\\/c7834961ad8b29b1d9cdbf4571299067\",\"name\":\"diario5\",\"image\":{\"@type\":\"ImageObject\",\"inLanguage\":\"es\",\"@id\":\"https:\\\/\\\/secure.gravatar.com\\\/avatar\\\/948c893b847ca6df68216ead81b63f363408ec9b0f600fefc0641ce78613b111?s=96&d=mm&r=g\",\"url\":\"https:\\\/\\\/secure.gravatar.com\\\/avatar\\\/948c893b847ca6df68216ead81b63f363408ec9b0f600fefc0641ce78613b111?s=96&d=mm&r=g\",\"contentUrl\":\"https:\\\/\\\/secure.gravatar.com\\\/avatar\\\/948c893b847ca6df68216ead81b63f363408ec9b0f600fefc0641ce78613b111?s=96&d=mm&r=g\",\"caption\":\"diario5\"},\"url\":\"https:\\\/\\\/diariotextual.com\\\/inicio\\\/index.php\\\/author\\\/diario5\\\/\"}]}<\/script>\n<!-- \/ Yoast SEO plugin. -->","yoast_head_json":{"title":"La demanda de combustibles se desploma por la cuarentena - Diario Textual","robots":{"index":"index","follow":"follow","max-snippet":"max-snippet:-1","max-image-preview":"max-image-preview:large","max-video-preview":"max-video-preview:-1"},"canonical":"https:\/\/diariotextual.com\/inicio\/index.php\/2020\/03\/25\/la-demanda-combustibles-se-desploma-la-cuarentena\/","og_locale":"es_ES","og_type":"article","og_title":"La demanda de combustibles se desploma por la cuarentena - Diario Textual","og_description":"El aislamiento social preventivo y obligatorio dispuesto por el Gobierno nacional desde el viernes tuvo un efecto inmediato en la demanda de combustibles, y las petroleras y estaciones de servicios&hellip;","og_url":"https:\/\/diariotextual.com\/inicio\/index.php\/2020\/03\/25\/la-demanda-combustibles-se-desploma-la-cuarentena\/","og_site_name":"Diario Textual","article_publisher":"https:\/\/www.facebook.com\/eltextual","article_published_time":"2020-03-25T13:32:19+00:00","og_image":[{"width":786,"height":506,"url":"https:\/\/diariotextual.com\/inicio\/wp-content\/uploads\/2018\/06\/combustiblesnaftas2333.jpg","type":"image\/jpeg"}],"author":"diario5","twitter_card":"summary_large_image","twitter_creator":"@eltextual","twitter_site":"@eltextual","twitter_misc":{"Escrito por":"diario5","Tiempo de lectura":"2 minutos"},"schema":{"@context":"https:\/\/schema.org","@graph":[{"@type":"Article","@id":"https:\/\/diariotextual.com\/inicio\/index.php\/2020\/03\/25\/la-demanda-combustibles-se-desploma-la-cuarentena\/#article","isPartOf":{"@id":"https:\/\/diariotextual.com\/inicio\/index.php\/2020\/03\/25\/la-demanda-combustibles-se-desploma-la-cuarentena\/"},"author":{"name":"diario5","@id":"https:\/\/diariotextual.com\/inicio\/#\/schema\/person\/c7834961ad8b29b1d9cdbf4571299067"},"headline":"La demanda de combustibles se desploma por la cuarentena","datePublished":"2020-03-25T13:32:19+00:00","mainEntityOfPage":{"@id":"https:\/\/diariotextual.com\/inicio\/index.php\/2020\/03\/25\/la-demanda-combustibles-se-desploma-la-cuarentena\/"},"wordCount":442,"publisher":{"@id":"https:\/\/diariotextual.com\/inicio\/#organization"},"image":{"@id":"https:\/\/diariotextual.com\/inicio\/index.php\/2020\/03\/25\/la-demanda-combustibles-se-desploma-la-cuarentena\/#primaryimage"},"thumbnailUrl":"https:\/\/diariotextual.com\/inicio\/wp-content\/uploads\/2018\/06\/combustiblesnaftas2333.jpg","articleSection":["A - QUE PASA (al costado)","ECONOMIA"],"inLanguage":"es"},{"@type":"WebPage","@id":"https:\/\/diariotextual.com\/inicio\/index.php\/2020\/03\/25\/la-demanda-combustibles-se-desploma-la-cuarentena\/","url":"https:\/\/diariotextual.com\/inicio\/index.php\/2020\/03\/25\/la-demanda-combustibles-se-desploma-la-cuarentena\/","name":"La demanda de combustibles se desploma por la cuarentena - Diario Textual","isPartOf":{"@id":"https:\/\/diariotextual.com\/inicio\/#website"},"primaryImageOfPage":{"@id":"https:\/\/diariotextual.com\/inicio\/index.php\/2020\/03\/25\/la-demanda-combustibles-se-desploma-la-cuarentena\/#primaryimage"},"image":{"@id":"https:\/\/diariotextual.com\/inicio\/index.php\/2020\/03\/25\/la-demanda-combustibles-se-desploma-la-cuarentena\/#primaryimage"},"thumbnailUrl":"https:\/\/diariotextual.com\/inicio\/wp-content\/uploads\/2018\/06\/combustiblesnaftas2333.jpg","datePublished":"2020-03-25T13:32:19+00:00","breadcrumb":{"@id":"https:\/\/diariotextual.com\/inicio\/index.php\/2020\/03\/25\/la-demanda-combustibles-se-desploma-la-cuarentena\/#breadcrumb"},"inLanguage":"es","potentialAction":[{"@type":"ReadAction","target":["https:\/\/diariotextual.com\/inicio\/index.php\/2020\/03\/25\/la-demanda-combustibles-se-desploma-la-cuarentena\/"]}]},{"@type":"ImageObject","inLanguage":"es","@id":"https:\/\/diariotextual.com\/inicio\/index.php\/2020\/03\/25\/la-demanda-combustibles-se-desploma-la-cuarentena\/#primaryimage","url":"https:\/\/diariotextual.com\/inicio\/wp-content\/uploads\/2018\/06\/combustiblesnaftas2333.jpg","contentUrl":"https:\/\/diariotextual.com\/inicio\/wp-content\/uploads\/2018\/06\/combustiblesnaftas2333.jpg","width":786,"height":506},{"@type":"BreadcrumbList","@id":"https:\/\/diariotextual.com\/inicio\/index.php\/2020\/03\/25\/la-demanda-combustibles-se-desploma-la-cuarentena\/#breadcrumb","itemListElement":[{"@type":"ListItem","position":1,"name":"Portada","item":"https:\/\/diariotextual.com\/inicio\/"},{"@type":"ListItem","position":2,"name":"La demanda de combustibles se desploma por la cuarentena"}]},{"@type":"WebSite","@id":"https:\/\/diariotextual.com\/inicio\/#website","url":"https:\/\/diariotextual.com\/inicio\/","name":"Diario Textual","description":"","publisher":{"@id":"https:\/\/diariotextual.com\/inicio\/#organization"},"potentialAction":[{"@type":"SearchAction","target":{"@type":"EntryPoint","urlTemplate":"https:\/\/diariotextual.com\/inicio\/?s={search_term_string}"},"query-input":{"@type":"PropertyValueSpecification","valueRequired":true,"valueName":"search_term_string"}}],"inLanguage":"es"},{"@type":"Organization","@id":"https:\/\/diariotextual.com\/inicio\/#organization","name":"Diario Textual","url":"https:\/\/diariotextual.com\/inicio\/","logo":{"@type":"ImageObject","inLanguage":"es","@id":"https:\/\/diariotextual.com\/inicio\/#\/schema\/logo\/image\/","url":"https:\/\/diariotextual.com\/inicio\/wp-content\/uploads\/2023\/05\/logotextual1.jpg","contentUrl":"https:\/\/diariotextual.com\/inicio\/wp-content\/uploads\/2023\/05\/logotextual1.jpg","width":516,"height":76,"caption":"Diario Textual"},"image":{"@id":"https:\/\/diariotextual.com\/inicio\/#\/schema\/logo\/image\/"},"sameAs":["https:\/\/www.facebook.com\/eltextual","https:\/\/x.com\/eltextual","http:\/\/www.instagram.com\/eltextual"]},{"@type":"Person","@id":"https:\/\/diariotextual.com\/inicio\/#\/schema\/person\/c7834961ad8b29b1d9cdbf4571299067","name":"diario5","image":{"@type":"ImageObject","inLanguage":"es","@id":"https:\/\/secure.gravatar.com\/avatar\/948c893b847ca6df68216ead81b63f363408ec9b0f600fefc0641ce78613b111?s=96&d=mm&r=g","url":"https:\/\/secure.gravatar.com\/avatar\/948c893b847ca6df68216ead81b63f363408ec9b0f600fefc0641ce78613b111?s=96&d=mm&r=g","contentUrl":"https:\/\/secure.gravatar.com\/avatar\/948c893b847ca6df68216ead81b63f363408ec9b0f600fefc0641ce78613b111?s=96&d=mm&r=g","caption":"diario5"},"url":"https:\/\/diariotextual.com\/inicio\/index.php\/author\/diario5\/"}]}},"_links":{"self":[{"href":"https:\/\/diariotextual.com\/inicio\/index.php\/wp-json\/wp\/v2\/posts\/85706","targetHints":{"allow":["GET"]}}],"collection":[{"href":"https:\/\/diariotextual.com\/inicio\/index.php\/wp-json\/wp\/v2\/posts"}],"about":[{"href":"https:\/\/diariotextual.com\/inicio\/index.php\/wp-json\/wp\/v2\/types\/post"}],"author":[{"embeddable":true,"href":"https:\/\/diariotextual.com\/inicio\/index.php\/wp-json\/wp\/v2\/users\/7"}],"replies":[{"embeddable":true,"href":"https:\/\/diariotextual.com\/inicio\/index.php\/wp-json\/wp\/v2\/comments?post=85706"}],"version-history":[{"count":1,"href":"https:\/\/diariotextual.com\/inicio\/index.php\/wp-json\/wp\/v2\/posts\/85706\/revisions"}],"predecessor-version":[{"id":85707,"href":"https:\/\/diariotextual.com\/inicio\/index.php\/wp-json\/wp\/v2\/posts\/85706\/revisions\/85707"}],"wp:featuredmedia":[{"embeddable":true,"href":"https:\/\/diariotextual.com\/inicio\/index.php\/wp-json\/wp\/v2\/media\/10210"}],"wp:attachment":[{"href":"https:\/\/diariotextual.com\/inicio\/index.php\/wp-json\/wp\/v2\/media?parent=85706"}],"wp:term":[{"taxonomy":"category","embeddable":true,"href":"https:\/\/diariotextual.com\/inicio\/index.php\/wp-json\/wp\/v2\/categories?post=85706"},{"taxonomy":"post_tag","embeddable":true,"href":"https:\/\/diariotextual.com\/inicio\/index.php\/wp-json\/wp\/v2\/tags?post=85706"}],"curies":[{"name":"wp","href":"https:\/\/api.w.org\/{rel}","templated":true}]}}