{"id":86033,"date":"2020-03-27T09:31:57","date_gmt":"2020-03-27T12:31:57","guid":{"rendered":"http:\/\/diariotextual.com\/inicio\/?p=86033"},"modified":"2020-03-27T10:33:00","modified_gmt":"2020-03-27T13:33:00","slug":"empresarios-propusieron-medidas-reactivar-la-produccion-no-cortar-la-cadena-pagos","status":"publish","type":"post","link":"https:\/\/diariotextual.com\/inicio\/index.php\/2020\/03\/27\/empresarios-propusieron-medidas-reactivar-la-produccion-no-cortar-la-cadena-pagos\/","title":{"rendered":"Empresarios propusieron medidas para reactivar la producci\u00f3n y no cortar la cadena de pagos"},"content":{"rendered":"<p>La Confederaci\u00f3n General Empresaria (Cgera) propuso la adopci\u00f3n de cinco medidas orientadas a \u201creactivar la producci\u00f3n\u201d y fundamentalmente \u201cevitar que se corte la cadena de pagos\u201d ante la situaci\u00f3n adversa generada por la pandemia del coronavirus.<\/p>\n<p>Una de las propuestas es que las entidades financieras act\u00faen como banca de cr\u00e9dito y cubran los cheques de aquellos clientes que siempre han cumplido para que se acrediten en las cuentas que lo depositaron.<\/p>\n<p>Tambi\u00e9n pidieron el\u00a0otorgamiento de un plazo l\u00f3gico por estas deudas con baja tasa de inter\u00e9s\u00a0tomando como referencia el 24% que ofrece el Gobierno, y que\u00a0el Banco Central, de ser necesario modifique normativas, para que los bancos no tengan dificultades para facilitar la operatoria mencionada.<\/p>\n<p>Adem\u00e1s, Cgera sugiri\u00f3 reperfilar las deudas de las pymes con las entidades financieras\u00a0y que el\u00a0Estado destine fondos para que no se corte la cadena de pagos bajo ning\u00fan concepto.<\/p>\n<p>La confederaci\u00f3n pyme remarc\u00f3 que los tres eslabones que sufren la inactividad econ\u00f3mica son en primer lugar el comercio que compr\u00f3 mercader\u00edas antes del 19 de marzo y emiti\u00f3 cheques para fechas posteriores con la imposibilidad de cubrir los valores en esta situaci\u00f3n.<\/p>\n<p>En<strong>\u00a0<\/strong>segundo t\u00e9rmino se encuentra el distribuidor mayorista o la industria pyme, que tendr\u00e1n gran cantidad de estos cheques en cartera o entregados a la entidad financiera en forma anticipada, con el riesgo de que sean rechazados.<\/p>\n<p>En tanto, el \u00faltimo eslab\u00f3n es la mediana o gran empresa proveedora de los anteriores, que tiene en su poder o entregados gran parte de estos cheques, o directos de las entidades financieras, que de ser rechazados generar\u00e1n gran conflicto.<\/p>\n","protected":false},"excerpt":{"rendered":"<p>La Confederaci\u00f3n General Empresaria (Cgera) propuso la adopci\u00f3n de cinco medidas orientadas a \u201creactivar la producci\u00f3n\u201d y fundamentalmente \u201cevitar que se corte la cadena de pagos\u201d ante la situaci\u00f3n adversa&hellip;<\/p>\n","protected":false},"author":7,"featured_media":62304,"comment_status":"closed","ping_status":"open","sticky":false,"template":"","format":"standard","meta":{"_acf_changed":false,"footnotes":""},"categories":[11,5],"tags":[],"class_list":["post-86033","post","type-post","status-publish","format-standard","has-post-thumbnail","hentry","category-que-pasa","category-economia"],"acf":[],"yoast_head":"<!-- This site is optimized with the Yoast SEO plugin v27.5 - https:\/\/yoast.com\/product\/yoast-seo-wordpress\/ -->\n<title>Empresarios propusieron medidas para reactivar la producci\u00f3n y no cortar la cadena de pagos - Diario Textual<\/title>\n<meta name=\"robots\" content=\"index, follow, max-snippet:-1, max-image-preview:large, max-video-preview:-1\" \/>\n<link rel=\"canonical\" href=\"https:\/\/diariotextual.com\/inicio\/index.php\/2020\/03\/27\/empresarios-propusieron-medidas-reactivar-la-produccion-no-cortar-la-cadena-pagos\/\" \/>\n<meta property=\"og:locale\" content=\"es_ES\" \/>\n<meta property=\"og:type\" content=\"article\" \/>\n<meta property=\"og:title\" content=\"Empresarios propusieron medidas para reactivar la producci\u00f3n y no cortar la cadena de pagos - Diario Textual\" \/>\n<meta property=\"og:description\" content=\"La Confederaci\u00f3n General Empresaria (Cgera) propuso la adopci\u00f3n de cinco medidas orientadas a \u201creactivar la producci\u00f3n\u201d y fundamentalmente \u201cevitar que se corte la cadena de pagos\u201d ante la situaci\u00f3n adversa&hellip;\" \/>\n<meta property=\"og:url\" content=\"https:\/\/diariotextual.com\/inicio\/index.php\/2020\/03\/27\/empresarios-propusieron-medidas-reactivar-la-produccion-no-cortar-la-cadena-pagos\/\" \/>\n<meta property=\"og:site_name\" content=\"Diario Textual\" \/>\n<meta property=\"article:publisher\" content=\"https:\/\/www.facebook.com\/eltextual\" \/>\n<meta property=\"article:published_time\" content=\"2020-03-27T12:31:57+00:00\" \/>\n<meta property=\"article:modified_time\" content=\"2020-03-27T13:33:00+00:00\" \/>\n<meta property=\"og:image\" content=\"https:\/\/diariotextual.com\/inicio\/wp-content\/uploads\/2019\/09\/industriaobrerotrabajando.jpg\" \/>\n\t<meta property=\"og:image:width\" content=\"1004\" \/>\n\t<meta property=\"og:image:height\" content=\"565\" \/>\n\t<meta property=\"og:image:type\" content=\"image\/jpeg\" \/>\n<meta name=\"author\" content=\"diario5\" \/>\n<meta name=\"twitter:card\" content=\"summary_large_image\" \/>\n<meta name=\"twitter:creator\" content=\"@eltextual\" \/>\n<meta name=\"twitter:site\" content=\"@eltextual\" \/>\n<meta name=\"twitter:label1\" content=\"Escrito por\" \/>\n\t<meta name=\"twitter:data1\" content=\"diario5\" \/>\n\t<meta name=\"twitter:label2\" content=\"Tiempo de lectura\" \/>\n\t<meta name=\"twitter:data2\" content=\"1 minuto\" \/>\n<script type=\"application\/ld+json\" class=\"yoast-schema-graph\">{\"@context\":\"https:\\\/\\\/schema.org\",\"@graph\":[{\"@type\":\"Article\",\"@id\":\"https:\\\/\\\/diariotextual.com\\\/inicio\\\/index.php\\\/2020\\\/03\\\/27\\\/empresarios-propusieron-medidas-reactivar-la-produccion-no-cortar-la-cadena-pagos\\\/#article\",\"isPartOf\":{\"@id\":\"https:\\\/\\\/diariotextual.com\\\/inicio\\\/index.php\\\/2020\\\/03\\\/27\\\/empresarios-propusieron-medidas-reactivar-la-produccion-no-cortar-la-cadena-pagos\\\/\"},\"author\":{\"name\":\"diario5\",\"@id\":\"https:\\\/\\\/diariotextual.com\\\/inicio\\\/#\\\/schema\\\/person\\\/c7834961ad8b29b1d9cdbf4571299067\"},\"headline\":\"Empresarios propusieron medidas para reactivar la producci\u00f3n y no cortar la cadena de pagos\",\"datePublished\":\"2020-03-27T12:31:57+00:00\",\"dateModified\":\"2020-03-27T13:33:00+00:00\",\"mainEntityOfPage\":{\"@id\":\"https:\\\/\\\/diariotextual.com\\\/inicio\\\/index.php\\\/2020\\\/03\\\/27\\\/empresarios-propusieron-medidas-reactivar-la-produccion-no-cortar-la-cadena-pagos\\\/\"},\"wordCount\":301,\"publisher\":{\"@id\":\"https:\\\/\\\/diariotextual.com\\\/inicio\\\/#organization\"},\"image\":{\"@id\":\"https:\\\/\\\/diariotextual.com\\\/inicio\\\/index.php\\\/2020\\\/03\\\/27\\\/empresarios-propusieron-medidas-reactivar-la-produccion-no-cortar-la-cadena-pagos\\\/#primaryimage\"},\"thumbnailUrl\":\"https:\\\/\\\/diariotextual.com\\\/inicio\\\/wp-content\\\/uploads\\\/2019\\\/09\\\/industriaobrerotrabajando.jpg\",\"articleSection\":[\"A - QUE PASA (al costado)\",\"ECONOMIA\"],\"inLanguage\":\"es\"},{\"@type\":\"WebPage\",\"@id\":\"https:\\\/\\\/diariotextual.com\\\/inicio\\\/index.php\\\/2020\\\/03\\\/27\\\/empresarios-propusieron-medidas-reactivar-la-produccion-no-cortar-la-cadena-pagos\\\/\",\"url\":\"https:\\\/\\\/diariotextual.com\\\/inicio\\\/index.php\\\/2020\\\/03\\\/27\\\/empresarios-propusieron-medidas-reactivar-la-produccion-no-cortar-la-cadena-pagos\\\/\",\"name\":\"Empresarios propusieron medidas para reactivar la producci\u00f3n y no cortar la cadena de pagos - Diario Textual\",\"isPartOf\":{\"@id\":\"https:\\\/\\\/diariotextual.com\\\/inicio\\\/#website\"},\"primaryImageOfPage\":{\"@id\":\"https:\\\/\\\/diariotextual.com\\\/inicio\\\/index.php\\\/2020\\\/03\\\/27\\\/empresarios-propusieron-medidas-reactivar-la-produccion-no-cortar-la-cadena-pagos\\\/#primaryimage\"},\"image\":{\"@id\":\"https:\\\/\\\/diariotextual.com\\\/inicio\\\/index.php\\\/2020\\\/03\\\/27\\\/empresarios-propusieron-medidas-reactivar-la-produccion-no-cortar-la-cadena-pagos\\\/#primaryimage\"},\"thumbnailUrl\":\"https:\\\/\\\/diariotextual.com\\\/inicio\\\/wp-content\\\/uploads\\\/2019\\\/09\\\/industriaobrerotrabajando.jpg\",\"datePublished\":\"2020-03-27T12:31:57+00:00\",\"dateModified\":\"2020-03-27T13:33:00+00:00\",\"breadcrumb\":{\"@id\":\"https:\\\/\\\/diariotextual.com\\\/inicio\\\/index.php\\\/2020\\\/03\\\/27\\\/empresarios-propusieron-medidas-reactivar-la-produccion-no-cortar-la-cadena-pagos\\\/#breadcrumb\"},\"inLanguage\":\"es\",\"potentialAction\":[{\"@type\":\"ReadAction\",\"target\":[\"https:\\\/\\\/diariotextual.com\\\/inicio\\\/index.php\\\/2020\\\/03\\\/27\\\/empresarios-propusieron-medidas-reactivar-la-produccion-no-cortar-la-cadena-pagos\\\/\"]}]},{\"@type\":\"ImageObject\",\"inLanguage\":\"es\",\"@id\":\"https:\\\/\\\/diariotextual.com\\\/inicio\\\/index.php\\\/2020\\\/03\\\/27\\\/empresarios-propusieron-medidas-reactivar-la-produccion-no-cortar-la-cadena-pagos\\\/#primaryimage\",\"url\":\"https:\\\/\\\/diariotextual.com\\\/inicio\\\/wp-content\\\/uploads\\\/2019\\\/09\\\/industriaobrerotrabajando.jpg\",\"contentUrl\":\"https:\\\/\\\/diariotextual.com\\\/inicio\\\/wp-content\\\/uploads\\\/2019\\\/09\\\/industriaobrerotrabajando.jpg\",\"width\":1004,\"height\":565},{\"@type\":\"BreadcrumbList\",\"@id\":\"https:\\\/\\\/diariotextual.com\\\/inicio\\\/index.php\\\/2020\\\/03\\\/27\\\/empresarios-propusieron-medidas-reactivar-la-produccion-no-cortar-la-cadena-pagos\\\/#breadcrumb\",\"itemListElement\":[{\"@type\":\"ListItem\",\"position\":1,\"name\":\"Portada\",\"item\":\"https:\\\/\\\/diariotextual.com\\\/inicio\\\/\"},{\"@type\":\"ListItem\",\"position\":2,\"name\":\"Empresarios propusieron medidas para reactivar la producci\u00f3n y no cortar la cadena de pagos\"}]},{\"@type\":\"WebSite\",\"@id\":\"https:\\\/\\\/diariotextual.com\\\/inicio\\\/#website\",\"url\":\"https:\\\/\\\/diariotextual.com\\\/inicio\\\/\",\"name\":\"Diario Textual\",\"description\":\"\",\"publisher\":{\"@id\":\"https:\\\/\\\/diariotextual.com\\\/inicio\\\/#organization\"},\"potentialAction\":[{\"@type\":\"SearchAction\",\"target\":{\"@type\":\"EntryPoint\",\"urlTemplate\":\"https:\\\/\\\/diariotextual.com\\\/inicio\\\/?s={search_term_string}\"},\"query-input\":{\"@type\":\"PropertyValueSpecification\",\"valueRequired\":true,\"valueName\":\"search_term_string\"}}],\"inLanguage\":\"es\"},{\"@type\":\"Organization\",\"@id\":\"https:\\\/\\\/diariotextual.com\\\/inicio\\\/#organization\",\"name\":\"Diario Textual\",\"url\":\"https:\\\/\\\/diariotextual.com\\\/inicio\\\/\",\"logo\":{\"@type\":\"ImageObject\",\"inLanguage\":\"es\",\"@id\":\"https:\\\/\\\/diariotextual.com\\\/inicio\\\/#\\\/schema\\\/logo\\\/image\\\/\",\"url\":\"https:\\\/\\\/diariotextual.com\\\/inicio\\\/wp-content\\\/uploads\\\/2023\\\/05\\\/logotextual1.jpg\",\"contentUrl\":\"https:\\\/\\\/diariotextual.com\\\/inicio\\\/wp-content\\\/uploads\\\/2023\\\/05\\\/logotextual1.jpg\",\"width\":516,\"height\":76,\"caption\":\"Diario Textual\"},\"image\":{\"@id\":\"https:\\\/\\\/diariotextual.com\\\/inicio\\\/#\\\/schema\\\/logo\\\/image\\\/\"},\"sameAs\":[\"https:\\\/\\\/www.facebook.com\\\/eltextual\",\"https:\\\/\\\/x.com\\\/eltextual\",\"http:\\\/\\\/www.instagram.com\\\/eltextual\"]},{\"@type\":\"Person\",\"@id\":\"https:\\\/\\\/diariotextual.com\\\/inicio\\\/#\\\/schema\\\/person\\\/c7834961ad8b29b1d9cdbf4571299067\",\"name\":\"diario5\",\"image\":{\"@type\":\"ImageObject\",\"inLanguage\":\"es\",\"@id\":\"https:\\\/\\\/secure.gravatar.com\\\/avatar\\\/948c893b847ca6df68216ead81b63f363408ec9b0f600fefc0641ce78613b111?s=96&d=mm&r=g\",\"url\":\"https:\\\/\\\/secure.gravatar.com\\\/avatar\\\/948c893b847ca6df68216ead81b63f363408ec9b0f600fefc0641ce78613b111?s=96&d=mm&r=g\",\"contentUrl\":\"https:\\\/\\\/secure.gravatar.com\\\/avatar\\\/948c893b847ca6df68216ead81b63f363408ec9b0f600fefc0641ce78613b111?s=96&d=mm&r=g\",\"caption\":\"diario5\"},\"url\":\"https:\\\/\\\/diariotextual.com\\\/inicio\\\/index.php\\\/author\\\/diario5\\\/\"}]}<\/script>\n<!-- \/ Yoast SEO plugin. -->","yoast_head_json":{"title":"Empresarios propusieron medidas para reactivar la producci\u00f3n y no cortar la cadena de pagos - Diario Textual","robots":{"index":"index","follow":"follow","max-snippet":"max-snippet:-1","max-image-preview":"max-image-preview:large","max-video-preview":"max-video-preview:-1"},"canonical":"https:\/\/diariotextual.com\/inicio\/index.php\/2020\/03\/27\/empresarios-propusieron-medidas-reactivar-la-produccion-no-cortar-la-cadena-pagos\/","og_locale":"es_ES","og_type":"article","og_title":"Empresarios propusieron medidas para reactivar la producci\u00f3n y no cortar la cadena de pagos - Diario Textual","og_description":"La Confederaci\u00f3n General Empresaria (Cgera) propuso la adopci\u00f3n de cinco medidas orientadas a \u201creactivar la producci\u00f3n\u201d y fundamentalmente \u201cevitar que se corte la cadena de pagos\u201d ante la situaci\u00f3n adversa&hellip;","og_url":"https:\/\/diariotextual.com\/inicio\/index.php\/2020\/03\/27\/empresarios-propusieron-medidas-reactivar-la-produccion-no-cortar-la-cadena-pagos\/","og_site_name":"Diario Textual","article_publisher":"https:\/\/www.facebook.com\/eltextual","article_published_time":"2020-03-27T12:31:57+00:00","article_modified_time":"2020-03-27T13:33:00+00:00","og_image":[{"width":1004,"height":565,"url":"https:\/\/diariotextual.com\/inicio\/wp-content\/uploads\/2019\/09\/industriaobrerotrabajando.jpg","type":"image\/jpeg"}],"author":"diario5","twitter_card":"summary_large_image","twitter_creator":"@eltextual","twitter_site":"@eltextual","twitter_misc":{"Escrito por":"diario5","Tiempo de lectura":"1 minuto"},"schema":{"@context":"https:\/\/schema.org","@graph":[{"@type":"Article","@id":"https:\/\/diariotextual.com\/inicio\/index.php\/2020\/03\/27\/empresarios-propusieron-medidas-reactivar-la-produccion-no-cortar-la-cadena-pagos\/#article","isPartOf":{"@id":"https:\/\/diariotextual.com\/inicio\/index.php\/2020\/03\/27\/empresarios-propusieron-medidas-reactivar-la-produccion-no-cortar-la-cadena-pagos\/"},"author":{"name":"diario5","@id":"https:\/\/diariotextual.com\/inicio\/#\/schema\/person\/c7834961ad8b29b1d9cdbf4571299067"},"headline":"Empresarios propusieron medidas para reactivar la producci\u00f3n y no cortar la cadena de pagos","datePublished":"2020-03-27T12:31:57+00:00","dateModified":"2020-03-27T13:33:00+00:00","mainEntityOfPage":{"@id":"https:\/\/diariotextual.com\/inicio\/index.php\/2020\/03\/27\/empresarios-propusieron-medidas-reactivar-la-produccion-no-cortar-la-cadena-pagos\/"},"wordCount":301,"publisher":{"@id":"https:\/\/diariotextual.com\/inicio\/#organization"},"image":{"@id":"https:\/\/diariotextual.com\/inicio\/index.php\/2020\/03\/27\/empresarios-propusieron-medidas-reactivar-la-produccion-no-cortar-la-cadena-pagos\/#primaryimage"},"thumbnailUrl":"https:\/\/diariotextual.com\/inicio\/wp-content\/uploads\/2019\/09\/industriaobrerotrabajando.jpg","articleSection":["A - QUE PASA (al costado)","ECONOMIA"],"inLanguage":"es"},{"@type":"WebPage","@id":"https:\/\/diariotextual.com\/inicio\/index.php\/2020\/03\/27\/empresarios-propusieron-medidas-reactivar-la-produccion-no-cortar-la-cadena-pagos\/","url":"https:\/\/diariotextual.com\/inicio\/index.php\/2020\/03\/27\/empresarios-propusieron-medidas-reactivar-la-produccion-no-cortar-la-cadena-pagos\/","name":"Empresarios propusieron medidas para reactivar la producci\u00f3n y no cortar la cadena de pagos - Diario Textual","isPartOf":{"@id":"https:\/\/diariotextual.com\/inicio\/#website"},"primaryImageOfPage":{"@id":"https:\/\/diariotextual.com\/inicio\/index.php\/2020\/03\/27\/empresarios-propusieron-medidas-reactivar-la-produccion-no-cortar-la-cadena-pagos\/#primaryimage"},"image":{"@id":"https:\/\/diariotextual.com\/inicio\/index.php\/2020\/03\/27\/empresarios-propusieron-medidas-reactivar-la-produccion-no-cortar-la-cadena-pagos\/#primaryimage"},"thumbnailUrl":"https:\/\/diariotextual.com\/inicio\/wp-content\/uploads\/2019\/09\/industriaobrerotrabajando.jpg","datePublished":"2020-03-27T12:31:57+00:00","dateModified":"2020-03-27T13:33:00+00:00","breadcrumb":{"@id":"https:\/\/diariotextual.com\/inicio\/index.php\/2020\/03\/27\/empresarios-propusieron-medidas-reactivar-la-produccion-no-cortar-la-cadena-pagos\/#breadcrumb"},"inLanguage":"es","potentialAction":[{"@type":"ReadAction","target":["https:\/\/diariotextual.com\/inicio\/index.php\/2020\/03\/27\/empresarios-propusieron-medidas-reactivar-la-produccion-no-cortar-la-cadena-pagos\/"]}]},{"@type":"ImageObject","inLanguage":"es","@id":"https:\/\/diariotextual.com\/inicio\/index.php\/2020\/03\/27\/empresarios-propusieron-medidas-reactivar-la-produccion-no-cortar-la-cadena-pagos\/#primaryimage","url":"https:\/\/diariotextual.com\/inicio\/wp-content\/uploads\/2019\/09\/industriaobrerotrabajando.jpg","contentUrl":"https:\/\/diariotextual.com\/inicio\/wp-content\/uploads\/2019\/09\/industriaobrerotrabajando.jpg","width":1004,"height":565},{"@type":"BreadcrumbList","@id":"https:\/\/diariotextual.com\/inicio\/index.php\/2020\/03\/27\/empresarios-propusieron-medidas-reactivar-la-produccion-no-cortar-la-cadena-pagos\/#breadcrumb","itemListElement":[{"@type":"ListItem","position":1,"name":"Portada","item":"https:\/\/diariotextual.com\/inicio\/"},{"@type":"ListItem","position":2,"name":"Empresarios propusieron medidas para reactivar la producci\u00f3n y no cortar la cadena de pagos"}]},{"@type":"WebSite","@id":"https:\/\/diariotextual.com\/inicio\/#website","url":"https:\/\/diariotextual.com\/inicio\/","name":"Diario Textual","description":"","publisher":{"@id":"https:\/\/diariotextual.com\/inicio\/#organization"},"potentialAction":[{"@type":"SearchAction","target":{"@type":"EntryPoint","urlTemplate":"https:\/\/diariotextual.com\/inicio\/?s={search_term_string}"},"query-input":{"@type":"PropertyValueSpecification","valueRequired":true,"valueName":"search_term_string"}}],"inLanguage":"es"},{"@type":"Organization","@id":"https:\/\/diariotextual.com\/inicio\/#organization","name":"Diario Textual","url":"https:\/\/diariotextual.com\/inicio\/","logo":{"@type":"ImageObject","inLanguage":"es","@id":"https:\/\/diariotextual.com\/inicio\/#\/schema\/logo\/image\/","url":"https:\/\/diariotextual.com\/inicio\/wp-content\/uploads\/2023\/05\/logotextual1.jpg","contentUrl":"https:\/\/diariotextual.com\/inicio\/wp-content\/uploads\/2023\/05\/logotextual1.jpg","width":516,"height":76,"caption":"Diario Textual"},"image":{"@id":"https:\/\/diariotextual.com\/inicio\/#\/schema\/logo\/image\/"},"sameAs":["https:\/\/www.facebook.com\/eltextual","https:\/\/x.com\/eltextual","http:\/\/www.instagram.com\/eltextual"]},{"@type":"Person","@id":"https:\/\/diariotextual.com\/inicio\/#\/schema\/person\/c7834961ad8b29b1d9cdbf4571299067","name":"diario5","image":{"@type":"ImageObject","inLanguage":"es","@id":"https:\/\/secure.gravatar.com\/avatar\/948c893b847ca6df68216ead81b63f363408ec9b0f600fefc0641ce78613b111?s=96&d=mm&r=g","url":"https:\/\/secure.gravatar.com\/avatar\/948c893b847ca6df68216ead81b63f363408ec9b0f600fefc0641ce78613b111?s=96&d=mm&r=g","contentUrl":"https:\/\/secure.gravatar.com\/avatar\/948c893b847ca6df68216ead81b63f363408ec9b0f600fefc0641ce78613b111?s=96&d=mm&r=g","caption":"diario5"},"url":"https:\/\/diariotextual.com\/inicio\/index.php\/author\/diario5\/"}]}},"_links":{"self":[{"href":"https:\/\/diariotextual.com\/inicio\/index.php\/wp-json\/wp\/v2\/posts\/86033","targetHints":{"allow":["GET"]}}],"collection":[{"href":"https:\/\/diariotextual.com\/inicio\/index.php\/wp-json\/wp\/v2\/posts"}],"about":[{"href":"https:\/\/diariotextual.com\/inicio\/index.php\/wp-json\/wp\/v2\/types\/post"}],"author":[{"embeddable":true,"href":"https:\/\/diariotextual.com\/inicio\/index.php\/wp-json\/wp\/v2\/users\/7"}],"replies":[{"embeddable":true,"href":"https:\/\/diariotextual.com\/inicio\/index.php\/wp-json\/wp\/v2\/comments?post=86033"}],"version-history":[{"count":1,"href":"https:\/\/diariotextual.com\/inicio\/index.php\/wp-json\/wp\/v2\/posts\/86033\/revisions"}],"predecessor-version":[{"id":86036,"href":"https:\/\/diariotextual.com\/inicio\/index.php\/wp-json\/wp\/v2\/posts\/86033\/revisions\/86036"}],"wp:featuredmedia":[{"embeddable":true,"href":"https:\/\/diariotextual.com\/inicio\/index.php\/wp-json\/wp\/v2\/media\/62304"}],"wp:attachment":[{"href":"https:\/\/diariotextual.com\/inicio\/index.php\/wp-json\/wp\/v2\/media?parent=86033"}],"wp:term":[{"taxonomy":"category","embeddable":true,"href":"https:\/\/diariotextual.com\/inicio\/index.php\/wp-json\/wp\/v2\/categories?post=86033"},{"taxonomy":"post_tag","embeddable":true,"href":"https:\/\/diariotextual.com\/inicio\/index.php\/wp-json\/wp\/v2\/tags?post=86033"}],"curies":[{"name":"wp","href":"https:\/\/api.w.org\/{rel}","templated":true}]}}