{"id":86555,"date":"2020-03-30T18:40:29","date_gmt":"2020-03-30T21:40:29","guid":{"rendered":"http:\/\/diariotextual.com\/inicio\/?p=86555"},"modified":"2020-03-31T09:56:48","modified_gmt":"2020-03-31T12:56:48","slug":"cuarentena-la-pampa-hora-hora-ziliotto-hacerse-cargo","status":"publish","type":"post","link":"https:\/\/diariotextual.com\/inicio\/index.php\/2020\/03\/30\/cuarentena-la-pampa-hora-hora-ziliotto-hacerse-cargo\/","title":{"rendered":"Cuarentena en La Pampa: el hora a hora de Ziliotto y el \u00abhacerse cargo\u00bb"},"content":{"rendered":"<h3>Por Norberto G. Asquini<\/h3>\n<p><!--more--><\/p>\n<p>&nbsp;<\/p>\n<p><strong>El coronavirus COVID-19 es el tema central, urgente, excluyente en el planeta<\/strong>. En pocas semanas, los mundos que imaginaba la pol\u00edtica quedaron lejanos. Muy muy lejanos. La pandemia construy\u00f3 un nuevo escenario pol\u00edtico sustentando en decisiones extremas y sustentadas en la incertidumbre diaria que le da un nuevo rol, y central, a cada gobernante.<\/p>\n<p>&nbsp;<\/p>\n<p><strong>El hora a hora de la emergencia<\/strong><\/p>\n<p>\u00bfC\u00f3mo se vive hora a hora en Casa de Gobierno el estado de emergencia permanente? <strong>La actividad m\u00e1s febril est\u00e1 reducida al segundo piso, en el ala oeste<\/strong>. Entre las oficinas cercanas a la del gobernador Sergio Ziliotto, pasando por Secretar\u00eda General y Prensa. El mandatario llega a las 7, firma el despacho y comienza la serie de videollamadas. El zoom es la aplicaci\u00f3n elegida. Tanto con sus funcionarios como con los de Naci\u00f3n. Con el presidente Alberto Fern\u00e1ndez es celular o Whatsapp. La cuarentena nos oblig\u00f3 a ser a\u00fan m\u00e1s tecnol\u00f3gicos y conectados.<\/p>\n<p>Los funcionarios, sobre todo los ministros, est\u00e1n todos en sus lugares. Se viven momentos de tensi\u00f3n y de decisiones cruciales. M\u00e1s que nada en \u00e1reas claves como Salud y Seguridad. <strong>El comit\u00e9 de crisis, que era presencial, con el correr de los d\u00edas se fue tornando online y las reuniones m\u00e1s espec\u00edficas por \u00e1reas.<\/strong> Ziliotto est\u00e1 ma\u00f1ana y tarde, salvo los fines de semana que se lo encuentra en la Residencia. Y desde ah\u00ed, siguen las videollamadas. La crisis no da respiro a nadie.<\/p>\n<p>&nbsp;<\/p>\n<p><strong>El lugar obligado<\/strong><\/p>\n<p>La pol\u00edtica en tiempos de cuarentena, con la consagraci\u00f3n del coronavirus como \u00fanico gran tema global, como indica Andr\u00e9s Fidanza en Revista Anfibia, \u201cle permiti\u00f3 al presidente Alberto Fern\u00e1ndez dar un giro en su agenda hasta entonces desordenada, alinear al gabinete, seducir a los periodistas m\u00e1s reacios al kirchnerismo y consolidar \u2018el movimiento albertista\u2019 como un hecho aut\u00f3nomo del cristinismo. La reclusi\u00f3n por decreto subray\u00f3 en el abogado peronista su faceta del var\u00f3n justiciero y digno de confianza, el vocero hegem\u00f3nico del gobierno, el que hace los off y marca la cancha en su esquema propio de poder radial\u201d.<\/p>\n<p>En La Pampa, el coronavirus a Ziliotto (el gobernador inesperado de 2019, como lo fue Alberto, pero que tuvo m\u00e1s tiempo para hacerse cargo de lo que ven\u00eda) lo puso obligadamente en el centro de la escena. Es la hiperpersonalizaci\u00f3n en la c\u00faspide del poder pol\u00edtico y del Estado provincial. La sociedad en tiempos de coronavirus necesita del Estado. Y ah\u00ed est\u00e1 el Estado presente en la calle, en la trinchera: desde el y la polic\u00eda deteniendo a los irresponsables a las y los m\u00e9dicos y enfermeros a la espera de la peste.<\/p>\n<p>&nbsp;<\/p>\n<p><strong>En el centro de la escena<\/strong><\/p>\n<p>No es gratuita esa exposici\u00f3n para Ziliotto. Estar en la foto (o en la pantalla) es una obligaci\u00f3n y una necesidad. La de hacerse cargo. Ese <strong>hipercentralismo comunicacional<\/strong> sirve para manejar la situaci\u00f3n en momentos tan dif\u00edciles, y tambi\u00e9n lo sobreexpone. Para los gobernantes, afrontar momentos como estos puede llegar a ser todo ganancia pol\u00edtica cuando se la sabe conducir (Alberto Fern\u00e1ndez lleg\u00f3 al 79% de aprobaci\u00f3n en las mediciones seg\u00fan Letra P), pero tambi\u00e9n es sostener la presi\u00f3n de una situaci\u00f3n que se puede disparar a una crisis sanitaria en cualquier momento.<\/p>\n<p>Ziliotto en sus primeros meses empez\u00f3 a ubicarse estrat\u00e9gicamente en el centro de la escena pol\u00edtica provincial. La pandemia, que dispar\u00f3 la crisis global m\u00e1s profunda de las \u00faltimas d\u00e9cadas y trastoc\u00f3 la vida de todos y todas, le cay\u00f3 con todo su peso y no le dej\u00f3 dudas del lugar que deb\u00eda ocupar. Ya nada ser\u00e1 igual despu\u00e9s, cuando el despu\u00e9s llegue.<\/p>\n<p>Todos los ojos est\u00e1n puestos en el gobernador. Es una oportunidad para mostrar gesti\u00f3n, como le ocurre a Alberto Fern\u00e1ndez, y tambi\u00e9n una responsabilidad por las consecuencias econ\u00f3micas y sociales que provocar\u00e1 la emergencia sanitaria en un pa\u00eds que ya estaba golpeado.<\/p>\n<p>&nbsp;<\/p>\n<p><strong>El Estado protectivo: la prioridad y lo que vendr\u00e1<\/strong><\/p>\n<p>Ziliotto es la cabeza del Estado peronista en La Pampa, de un Estado presente que gobierna desde hace m\u00e1s de 36 a\u00f1os. Al que se puede tildar en algunos casos de ineficiente, pero que tiene espalda y presencia. El gobernador es heredero y continuador de ese Estado, pero tambi\u00e9n es quien lo conduce ahora en una crisis que pocas veces vieron sus antecesores.<\/p>\n<p><strong>Ese Estado peronista protectivo, al que le caen las cr\u00edticas de la oposici\u00f3n, es el que da las respuestas en medio de la crisis del coronavirus.<\/strong> Es el que manda y pone orden. Por ahora, con medidas de seguridad y sanitarias para la prevenci\u00f3n, y econ\u00f3micas para intentar contener a los \u201cde abajo\u201d. Despu\u00e9s deber\u00e1 hacerse cargo de los desaf\u00edos colaterales: la situaci\u00f3n econ\u00f3mica desmejora, como en todo el mundo, y habr\u00e1 una provincia, y un pa\u00eds, que necesitar\u00e1 la intervenci\u00f3n estatal m\u00e1s que nunca. Ese hacerse cargo no es gratis ni f\u00e1cil. Se toman medidas de urgencia, pero tambi\u00e9n se piensa en las que vendr\u00e1n. Porque la sociedad lo est\u00e1 sintiendo, desde los comerciantes que no venden, los monotributistas que no facturan hasta los que deben salir a cazar ilegalmente porque ya no hay changas. Hay una prioridad, y es frenar al coronavirus.<\/p>\n<p>El periodista Mart\u00edn Rodr\u00edguez en La Pol\u00edtica Online indica:<em><strong> \u201cLa espera termin\u00f3. La aut\u00e9ntica presidencia de Alberto Fern\u00e1ndez empez\u00f3 estos d\u00edas cuando la realidad le rompi\u00f3 el equilibrio. Promete construir ocho hospitales m\u00e1s. Nadie sabe pero nadie cree oportuno preguntarse de d\u00f3nde saldr\u00e1 la plata. Porque cuando algo se hace y despu\u00e9s se ve c\u00f3mo se financia, eso se llama prioridad. Se llama urgencia. Se llama justicia social sin tasas chinas. Porque exactamente esa es la realidad\u201d.<\/strong> <\/em>Como un golpe directo sin saber de d\u00f3nde ni c\u00f3mo lleg\u00f3, la emergencia sanitaria se desparram\u00f3 en La Pampa e inici\u00f3 un nuevo tiempo pol\u00edtico. El tiempo de Alberto, el tiempo de Ziliotto.<\/p>\n<p>&nbsp;<\/p>\n<p>&nbsp;<\/p>\n<p>&nbsp;<\/p>\n","protected":false},"excerpt":{"rendered":"<p>Por Norberto G. Asquini<\/p>\n","protected":false},"author":3,"featured_media":86104,"comment_status":"closed","ping_status":"open","sticky":false,"template":"","format":"standard","meta":{"_acf_changed":false,"footnotes":""},"categories":[319,8],"tags":[424],"class_list":["post-86555","post","type-post","status-publish","format-standard","has-post-thumbnail","hentry","category-a-temporales","category-politica","tag-ziliotto"],"acf":[],"yoast_head":"<!-- This site is optimized with the Yoast SEO plugin v27.5 - https:\/\/yoast.com\/product\/yoast-seo-wordpress\/ -->\n<title>Cuarentena en La Pampa: el hora a hora de Ziliotto y el &quot;hacerse cargo&quot; - Diario Textual<\/title>\n<meta name=\"robots\" content=\"index, follow, max-snippet:-1, max-image-preview:large, max-video-preview:-1\" \/>\n<link rel=\"canonical\" href=\"https:\/\/diariotextual.com\/inicio\/index.php\/2020\/03\/30\/cuarentena-la-pampa-hora-hora-ziliotto-hacerse-cargo\/\" \/>\n<meta property=\"og:locale\" content=\"es_ES\" \/>\n<meta property=\"og:type\" content=\"article\" \/>\n<meta property=\"og:title\" content=\"Cuarentena en La Pampa: el hora a hora de Ziliotto y el &quot;hacerse cargo&quot; - Diario Textual\" \/>\n<meta property=\"og:description\" content=\"Por Norberto G. Asquini\" \/>\n<meta property=\"og:url\" content=\"https:\/\/diariotextual.com\/inicio\/index.php\/2020\/03\/30\/cuarentena-la-pampa-hora-hora-ziliotto-hacerse-cargo\/\" \/>\n<meta property=\"og:site_name\" content=\"Diario Textual\" \/>\n<meta property=\"article:publisher\" content=\"https:\/\/www.facebook.com\/eltextual\" \/>\n<meta property=\"article:published_time\" content=\"2020-03-30T21:40:29+00:00\" \/>\n<meta property=\"article:modified_time\" content=\"2020-03-31T12:56:48+00:00\" \/>\n<meta property=\"og:image\" content=\"https:\/\/diariotextual.com\/inicio\/wp-content\/uploads\/2020\/03\/ziliottosergiocoronavirusmedidas2020-02.jpeg\" \/>\n\t<meta property=\"og:image:width\" content=\"1000\" \/>\n\t<meta property=\"og:image:height\" content=\"667\" \/>\n\t<meta property=\"og:image:type\" content=\"image\/jpeg\" \/>\n<meta name=\"author\" content=\"Diario1 Diario1\" \/>\n<meta name=\"twitter:card\" content=\"summary_large_image\" \/>\n<meta name=\"twitter:creator\" content=\"@eltextual\" \/>\n<meta name=\"twitter:site\" content=\"@eltextual\" \/>\n<meta name=\"twitter:label1\" content=\"Escrito por\" \/>\n\t<meta name=\"twitter:data1\" content=\"Diario1 Diario1\" \/>\n\t<meta name=\"twitter:label2\" content=\"Tiempo de lectura\" \/>\n\t<meta name=\"twitter:data2\" content=\"5 minutos\" \/>\n<script type=\"application\/ld+json\" class=\"yoast-schema-graph\">{\"@context\":\"https:\\\/\\\/schema.org\",\"@graph\":[{\"@type\":\"Article\",\"@id\":\"https:\\\/\\\/diariotextual.com\\\/inicio\\\/index.php\\\/2020\\\/03\\\/30\\\/cuarentena-la-pampa-hora-hora-ziliotto-hacerse-cargo\\\/#article\",\"isPartOf\":{\"@id\":\"https:\\\/\\\/diariotextual.com\\\/inicio\\\/index.php\\\/2020\\\/03\\\/30\\\/cuarentena-la-pampa-hora-hora-ziliotto-hacerse-cargo\\\/\"},\"author\":{\"name\":\"Diario1 Diario1\",\"@id\":\"https:\\\/\\\/diariotextual.com\\\/inicio\\\/#\\\/schema\\\/person\\\/418fc4093c33e86ed41562db3508f958\"},\"headline\":\"Cuarentena en La Pampa: el hora a hora de Ziliotto y el \u00abhacerse cargo\u00bb\",\"datePublished\":\"2020-03-30T21:40:29+00:00\",\"dateModified\":\"2020-03-31T12:56:48+00:00\",\"mainEntityOfPage\":{\"@id\":\"https:\\\/\\\/diariotextual.com\\\/inicio\\\/index.php\\\/2020\\\/03\\\/30\\\/cuarentena-la-pampa-hora-hora-ziliotto-hacerse-cargo\\\/\"},\"wordCount\":1075,\"publisher\":{\"@id\":\"https:\\\/\\\/diariotextual.com\\\/inicio\\\/#organization\"},\"image\":{\"@id\":\"https:\\\/\\\/diariotextual.com\\\/inicio\\\/index.php\\\/2020\\\/03\\\/30\\\/cuarentena-la-pampa-hora-hora-ziliotto-hacerse-cargo\\\/#primaryimage\"},\"thumbnailUrl\":\"https:\\\/\\\/diariotextual.com\\\/inicio\\\/wp-content\\\/uploads\\\/2020\\\/03\\\/ziliottosergiocoronavirusmedidas2020-02.jpeg\",\"keywords\":[\"ziliotto\"],\"articleSection\":[\"A - TEMPORALES\",\"POLITICA\"],\"inLanguage\":\"es\"},{\"@type\":\"WebPage\",\"@id\":\"https:\\\/\\\/diariotextual.com\\\/inicio\\\/index.php\\\/2020\\\/03\\\/30\\\/cuarentena-la-pampa-hora-hora-ziliotto-hacerse-cargo\\\/\",\"url\":\"https:\\\/\\\/diariotextual.com\\\/inicio\\\/index.php\\\/2020\\\/03\\\/30\\\/cuarentena-la-pampa-hora-hora-ziliotto-hacerse-cargo\\\/\",\"name\":\"Cuarentena en La Pampa: el hora a hora de Ziliotto y el \\\"hacerse cargo\\\" - Diario Textual\",\"isPartOf\":{\"@id\":\"https:\\\/\\\/diariotextual.com\\\/inicio\\\/#website\"},\"primaryImageOfPage\":{\"@id\":\"https:\\\/\\\/diariotextual.com\\\/inicio\\\/index.php\\\/2020\\\/03\\\/30\\\/cuarentena-la-pampa-hora-hora-ziliotto-hacerse-cargo\\\/#primaryimage\"},\"image\":{\"@id\":\"https:\\\/\\\/diariotextual.com\\\/inicio\\\/index.php\\\/2020\\\/03\\\/30\\\/cuarentena-la-pampa-hora-hora-ziliotto-hacerse-cargo\\\/#primaryimage\"},\"thumbnailUrl\":\"https:\\\/\\\/diariotextual.com\\\/inicio\\\/wp-content\\\/uploads\\\/2020\\\/03\\\/ziliottosergiocoronavirusmedidas2020-02.jpeg\",\"datePublished\":\"2020-03-30T21:40:29+00:00\",\"dateModified\":\"2020-03-31T12:56:48+00:00\",\"breadcrumb\":{\"@id\":\"https:\\\/\\\/diariotextual.com\\\/inicio\\\/index.php\\\/2020\\\/03\\\/30\\\/cuarentena-la-pampa-hora-hora-ziliotto-hacerse-cargo\\\/#breadcrumb\"},\"inLanguage\":\"es\",\"potentialAction\":[{\"@type\":\"ReadAction\",\"target\":[\"https:\\\/\\\/diariotextual.com\\\/inicio\\\/index.php\\\/2020\\\/03\\\/30\\\/cuarentena-la-pampa-hora-hora-ziliotto-hacerse-cargo\\\/\"]}]},{\"@type\":\"ImageObject\",\"inLanguage\":\"es\",\"@id\":\"https:\\\/\\\/diariotextual.com\\\/inicio\\\/index.php\\\/2020\\\/03\\\/30\\\/cuarentena-la-pampa-hora-hora-ziliotto-hacerse-cargo\\\/#primaryimage\",\"url\":\"https:\\\/\\\/diariotextual.com\\\/inicio\\\/wp-content\\\/uploads\\\/2020\\\/03\\\/ziliottosergiocoronavirusmedidas2020-02.jpeg\",\"contentUrl\":\"https:\\\/\\\/diariotextual.com\\\/inicio\\\/wp-content\\\/uploads\\\/2020\\\/03\\\/ziliottosergiocoronavirusmedidas2020-02.jpeg\",\"width\":1000,\"height\":667},{\"@type\":\"BreadcrumbList\",\"@id\":\"https:\\\/\\\/diariotextual.com\\\/inicio\\\/index.php\\\/2020\\\/03\\\/30\\\/cuarentena-la-pampa-hora-hora-ziliotto-hacerse-cargo\\\/#breadcrumb\",\"itemListElement\":[{\"@type\":\"ListItem\",\"position\":1,\"name\":\"Portada\",\"item\":\"https:\\\/\\\/diariotextual.com\\\/inicio\\\/\"},{\"@type\":\"ListItem\",\"position\":2,\"name\":\"Cuarentena en La Pampa: el hora a hora de Ziliotto y el \u00abhacerse cargo\u00bb\"}]},{\"@type\":\"WebSite\",\"@id\":\"https:\\\/\\\/diariotextual.com\\\/inicio\\\/#website\",\"url\":\"https:\\\/\\\/diariotextual.com\\\/inicio\\\/\",\"name\":\"Diario Textual\",\"description\":\"\",\"publisher\":{\"@id\":\"https:\\\/\\\/diariotextual.com\\\/inicio\\\/#organization\"},\"potentialAction\":[{\"@type\":\"SearchAction\",\"target\":{\"@type\":\"EntryPoint\",\"urlTemplate\":\"https:\\\/\\\/diariotextual.com\\\/inicio\\\/?s={search_term_string}\"},\"query-input\":{\"@type\":\"PropertyValueSpecification\",\"valueRequired\":true,\"valueName\":\"search_term_string\"}}],\"inLanguage\":\"es\"},{\"@type\":\"Organization\",\"@id\":\"https:\\\/\\\/diariotextual.com\\\/inicio\\\/#organization\",\"name\":\"Diario Textual\",\"url\":\"https:\\\/\\\/diariotextual.com\\\/inicio\\\/\",\"logo\":{\"@type\":\"ImageObject\",\"inLanguage\":\"es\",\"@id\":\"https:\\\/\\\/diariotextual.com\\\/inicio\\\/#\\\/schema\\\/logo\\\/image\\\/\",\"url\":\"https:\\\/\\\/diariotextual.com\\\/inicio\\\/wp-content\\\/uploads\\\/2023\\\/05\\\/logotextual1.jpg\",\"contentUrl\":\"https:\\\/\\\/diariotextual.com\\\/inicio\\\/wp-content\\\/uploads\\\/2023\\\/05\\\/logotextual1.jpg\",\"width\":516,\"height\":76,\"caption\":\"Diario Textual\"},\"image\":{\"@id\":\"https:\\\/\\\/diariotextual.com\\\/inicio\\\/#\\\/schema\\\/logo\\\/image\\\/\"},\"sameAs\":[\"https:\\\/\\\/www.facebook.com\\\/eltextual\",\"https:\\\/\\\/x.com\\\/eltextual\",\"http:\\\/\\\/www.instagram.com\\\/eltextual\"]},{\"@type\":\"Person\",\"@id\":\"https:\\\/\\\/diariotextual.com\\\/inicio\\\/#\\\/schema\\\/person\\\/418fc4093c33e86ed41562db3508f958\",\"name\":\"Diario1 Diario1\",\"image\":{\"@type\":\"ImageObject\",\"inLanguage\":\"es\",\"@id\":\"https:\\\/\\\/secure.gravatar.com\\\/avatar\\\/9167d280179c85bc18be67aa7eda765854300033af4896dd779b608640f2ef7a?s=96&d=mm&r=g\",\"url\":\"https:\\\/\\\/secure.gravatar.com\\\/avatar\\\/9167d280179c85bc18be67aa7eda765854300033af4896dd779b608640f2ef7a?s=96&d=mm&r=g\",\"contentUrl\":\"https:\\\/\\\/secure.gravatar.com\\\/avatar\\\/9167d280179c85bc18be67aa7eda765854300033af4896dd779b608640f2ef7a?s=96&d=mm&r=g\",\"caption\":\"Diario1 Diario1\"},\"url\":\"https:\\\/\\\/diariotextual.com\\\/inicio\\\/index.php\\\/author\\\/diario1\\\/\"}]}<\/script>\n<!-- \/ Yoast SEO plugin. -->","yoast_head_json":{"title":"Cuarentena en La Pampa: el hora a hora de Ziliotto y el \"hacerse cargo\" - Diario Textual","robots":{"index":"index","follow":"follow","max-snippet":"max-snippet:-1","max-image-preview":"max-image-preview:large","max-video-preview":"max-video-preview:-1"},"canonical":"https:\/\/diariotextual.com\/inicio\/index.php\/2020\/03\/30\/cuarentena-la-pampa-hora-hora-ziliotto-hacerse-cargo\/","og_locale":"es_ES","og_type":"article","og_title":"Cuarentena en La Pampa: el hora a hora de Ziliotto y el \"hacerse cargo\" - Diario Textual","og_description":"Por Norberto G. Asquini","og_url":"https:\/\/diariotextual.com\/inicio\/index.php\/2020\/03\/30\/cuarentena-la-pampa-hora-hora-ziliotto-hacerse-cargo\/","og_site_name":"Diario Textual","article_publisher":"https:\/\/www.facebook.com\/eltextual","article_published_time":"2020-03-30T21:40:29+00:00","article_modified_time":"2020-03-31T12:56:48+00:00","og_image":[{"width":1000,"height":667,"url":"https:\/\/diariotextual.com\/inicio\/wp-content\/uploads\/2020\/03\/ziliottosergiocoronavirusmedidas2020-02.jpeg","type":"image\/jpeg"}],"author":"Diario1 Diario1","twitter_card":"summary_large_image","twitter_creator":"@eltextual","twitter_site":"@eltextual","twitter_misc":{"Escrito por":"Diario1 Diario1","Tiempo de lectura":"5 minutos"},"schema":{"@context":"https:\/\/schema.org","@graph":[{"@type":"Article","@id":"https:\/\/diariotextual.com\/inicio\/index.php\/2020\/03\/30\/cuarentena-la-pampa-hora-hora-ziliotto-hacerse-cargo\/#article","isPartOf":{"@id":"https:\/\/diariotextual.com\/inicio\/index.php\/2020\/03\/30\/cuarentena-la-pampa-hora-hora-ziliotto-hacerse-cargo\/"},"author":{"name":"Diario1 Diario1","@id":"https:\/\/diariotextual.com\/inicio\/#\/schema\/person\/418fc4093c33e86ed41562db3508f958"},"headline":"Cuarentena en La Pampa: el hora a hora de Ziliotto y el \u00abhacerse cargo\u00bb","datePublished":"2020-03-30T21:40:29+00:00","dateModified":"2020-03-31T12:56:48+00:00","mainEntityOfPage":{"@id":"https:\/\/diariotextual.com\/inicio\/index.php\/2020\/03\/30\/cuarentena-la-pampa-hora-hora-ziliotto-hacerse-cargo\/"},"wordCount":1075,"publisher":{"@id":"https:\/\/diariotextual.com\/inicio\/#organization"},"image":{"@id":"https:\/\/diariotextual.com\/inicio\/index.php\/2020\/03\/30\/cuarentena-la-pampa-hora-hora-ziliotto-hacerse-cargo\/#primaryimage"},"thumbnailUrl":"https:\/\/diariotextual.com\/inicio\/wp-content\/uploads\/2020\/03\/ziliottosergiocoronavirusmedidas2020-02.jpeg","keywords":["ziliotto"],"articleSection":["A - TEMPORALES","POLITICA"],"inLanguage":"es"},{"@type":"WebPage","@id":"https:\/\/diariotextual.com\/inicio\/index.php\/2020\/03\/30\/cuarentena-la-pampa-hora-hora-ziliotto-hacerse-cargo\/","url":"https:\/\/diariotextual.com\/inicio\/index.php\/2020\/03\/30\/cuarentena-la-pampa-hora-hora-ziliotto-hacerse-cargo\/","name":"Cuarentena en La Pampa: el hora a hora de Ziliotto y el \"hacerse cargo\" - Diario Textual","isPartOf":{"@id":"https:\/\/diariotextual.com\/inicio\/#website"},"primaryImageOfPage":{"@id":"https:\/\/diariotextual.com\/inicio\/index.php\/2020\/03\/30\/cuarentena-la-pampa-hora-hora-ziliotto-hacerse-cargo\/#primaryimage"},"image":{"@id":"https:\/\/diariotextual.com\/inicio\/index.php\/2020\/03\/30\/cuarentena-la-pampa-hora-hora-ziliotto-hacerse-cargo\/#primaryimage"},"thumbnailUrl":"https:\/\/diariotextual.com\/inicio\/wp-content\/uploads\/2020\/03\/ziliottosergiocoronavirusmedidas2020-02.jpeg","datePublished":"2020-03-30T21:40:29+00:00","dateModified":"2020-03-31T12:56:48+00:00","breadcrumb":{"@id":"https:\/\/diariotextual.com\/inicio\/index.php\/2020\/03\/30\/cuarentena-la-pampa-hora-hora-ziliotto-hacerse-cargo\/#breadcrumb"},"inLanguage":"es","potentialAction":[{"@type":"ReadAction","target":["https:\/\/diariotextual.com\/inicio\/index.php\/2020\/03\/30\/cuarentena-la-pampa-hora-hora-ziliotto-hacerse-cargo\/"]}]},{"@type":"ImageObject","inLanguage":"es","@id":"https:\/\/diariotextual.com\/inicio\/index.php\/2020\/03\/30\/cuarentena-la-pampa-hora-hora-ziliotto-hacerse-cargo\/#primaryimage","url":"https:\/\/diariotextual.com\/inicio\/wp-content\/uploads\/2020\/03\/ziliottosergiocoronavirusmedidas2020-02.jpeg","contentUrl":"https:\/\/diariotextual.com\/inicio\/wp-content\/uploads\/2020\/03\/ziliottosergiocoronavirusmedidas2020-02.jpeg","width":1000,"height":667},{"@type":"BreadcrumbList","@id":"https:\/\/diariotextual.com\/inicio\/index.php\/2020\/03\/30\/cuarentena-la-pampa-hora-hora-ziliotto-hacerse-cargo\/#breadcrumb","itemListElement":[{"@type":"ListItem","position":1,"name":"Portada","item":"https:\/\/diariotextual.com\/inicio\/"},{"@type":"ListItem","position":2,"name":"Cuarentena en La Pampa: el hora a hora de Ziliotto y el \u00abhacerse cargo\u00bb"}]},{"@type":"WebSite","@id":"https:\/\/diariotextual.com\/inicio\/#website","url":"https:\/\/diariotextual.com\/inicio\/","name":"Diario Textual","description":"","publisher":{"@id":"https:\/\/diariotextual.com\/inicio\/#organization"},"potentialAction":[{"@type":"SearchAction","target":{"@type":"EntryPoint","urlTemplate":"https:\/\/diariotextual.com\/inicio\/?s={search_term_string}"},"query-input":{"@type":"PropertyValueSpecification","valueRequired":true,"valueName":"search_term_string"}}],"inLanguage":"es"},{"@type":"Organization","@id":"https:\/\/diariotextual.com\/inicio\/#organization","name":"Diario Textual","url":"https:\/\/diariotextual.com\/inicio\/","logo":{"@type":"ImageObject","inLanguage":"es","@id":"https:\/\/diariotextual.com\/inicio\/#\/schema\/logo\/image\/","url":"https:\/\/diariotextual.com\/inicio\/wp-content\/uploads\/2023\/05\/logotextual1.jpg","contentUrl":"https:\/\/diariotextual.com\/inicio\/wp-content\/uploads\/2023\/05\/logotextual1.jpg","width":516,"height":76,"caption":"Diario Textual"},"image":{"@id":"https:\/\/diariotextual.com\/inicio\/#\/schema\/logo\/image\/"},"sameAs":["https:\/\/www.facebook.com\/eltextual","https:\/\/x.com\/eltextual","http:\/\/www.instagram.com\/eltextual"]},{"@type":"Person","@id":"https:\/\/diariotextual.com\/inicio\/#\/schema\/person\/418fc4093c33e86ed41562db3508f958","name":"Diario1 Diario1","image":{"@type":"ImageObject","inLanguage":"es","@id":"https:\/\/secure.gravatar.com\/avatar\/9167d280179c85bc18be67aa7eda765854300033af4896dd779b608640f2ef7a?s=96&d=mm&r=g","url":"https:\/\/secure.gravatar.com\/avatar\/9167d280179c85bc18be67aa7eda765854300033af4896dd779b608640f2ef7a?s=96&d=mm&r=g","contentUrl":"https:\/\/secure.gravatar.com\/avatar\/9167d280179c85bc18be67aa7eda765854300033af4896dd779b608640f2ef7a?s=96&d=mm&r=g","caption":"Diario1 Diario1"},"url":"https:\/\/diariotextual.com\/inicio\/index.php\/author\/diario1\/"}]}},"_links":{"self":[{"href":"https:\/\/diariotextual.com\/inicio\/index.php\/wp-json\/wp\/v2\/posts\/86555","targetHints":{"allow":["GET"]}}],"collection":[{"href":"https:\/\/diariotextual.com\/inicio\/index.php\/wp-json\/wp\/v2\/posts"}],"about":[{"href":"https:\/\/diariotextual.com\/inicio\/index.php\/wp-json\/wp\/v2\/types\/post"}],"author":[{"embeddable":true,"href":"https:\/\/diariotextual.com\/inicio\/index.php\/wp-json\/wp\/v2\/users\/3"}],"replies":[{"embeddable":true,"href":"https:\/\/diariotextual.com\/inicio\/index.php\/wp-json\/wp\/v2\/comments?post=86555"}],"version-history":[{"count":3,"href":"https:\/\/diariotextual.com\/inicio\/index.php\/wp-json\/wp\/v2\/posts\/86555\/revisions"}],"predecessor-version":[{"id":86558,"href":"https:\/\/diariotextual.com\/inicio\/index.php\/wp-json\/wp\/v2\/posts\/86555\/revisions\/86558"}],"wp:featuredmedia":[{"embeddable":true,"href":"https:\/\/diariotextual.com\/inicio\/index.php\/wp-json\/wp\/v2\/media\/86104"}],"wp:attachment":[{"href":"https:\/\/diariotextual.com\/inicio\/index.php\/wp-json\/wp\/v2\/media?parent=86555"}],"wp:term":[{"taxonomy":"category","embeddable":true,"href":"https:\/\/diariotextual.com\/inicio\/index.php\/wp-json\/wp\/v2\/categories?post=86555"},{"taxonomy":"post_tag","embeddable":true,"href":"https:\/\/diariotextual.com\/inicio\/index.php\/wp-json\/wp\/v2\/tags?post=86555"}],"curies":[{"name":"wp","href":"https:\/\/api.w.org\/{rel}","templated":true}]}}