{"id":86645,"date":"2020-03-30T17:45:30","date_gmt":"2020-03-30T20:45:30","guid":{"rendered":"http:\/\/diariotextual.com\/inicio\/?p=86645"},"modified":"2020-03-31T09:16:30","modified_gmt":"2020-03-31T12:16:30","slug":"stj-adherira-al-fondo-solidario-ayudar-la-pandemia","status":"publish","type":"post","link":"https:\/\/diariotextual.com\/inicio\/index.php\/2020\/03\/30\/stj-adherira-al-fondo-solidario-ayudar-la-pandemia\/","title":{"rendered":"El STJ adherir\u00e1 al fondo solidario para ayudar en la pandemia"},"content":{"rendered":"<p>El Poder Judicial de la Provincia de La Pampa adherir\u00e1 al<a href=\"http:\/\/diariotextual.com\/inicio\/index.php\/2020\/03\/30\/gobierno-provincial-creo-fondo-solidario-compra-insumos-hospitalarios\/\" target=\"_blank\" rel=\"noopener\"><strong> fondo solidario anunciado hoy por el gobernador Sergio Ziliotto<\/strong><\/a>\u00a0y, en tal sentido, los cinco ministros que componen el Superior Tribunal de Justicia est\u00e1n analizando jur\u00eddicamente c\u00f3mo implementarlo una vez que sea aprobado a trav\u00e9s de una ley.<\/p>\n<p>El presidente del STJ, <strong>Jos\u00e9 Roberto Sappa<\/strong>, mantuvo esta ma\u00f1ana un encuentro con altas autoridades gubernamentales, y por la tarde estar\u00e1 presente en la reuni\u00f3n del Comit\u00e9 de Crisis, como viene haci\u00e9ndolo permanentemente en representaci\u00f3n del Poder Judicial.<\/p>\n<p>\u00abLa Justicia es consciente de la realidad que est\u00e1n viviendo miles de pampeanos y las dificultades que afrontan cotidianamente frente a la pandemia del coronavirus; pero tambi\u00e9n lo es del esfuerzo que la mayor\u00eda de ellos est\u00e1 realizando para cumplir con el aislamiento social, preventivo y obligatorio dispuesto por el Poder Ejecutivo Nacional\u00bb, se inform\u00f3. \u00abPor ello, <strong>a trav\u00e9s del aporte de sus magistrados y funcionarios, se sumar\u00e1 al Fondo Solidario una vez que sea aprobado por ley \u2013es un requisito constitucional para la retenci\u00f3n de haberes\u2013, que tiene como objetivo la adquisici\u00f3n de insumos hospitalarios para reforzar la atenci\u00f3n de la salud de los pampeanos<\/strong>\u00ab.<\/p>\n<p>En tanto, <strong>los ministros del Superior Tribunal ya comenzaron a estudiar la manera de poner en marcha esa iniciativa, a sabiendas que la solidaridad es un valor fundamental de la sociedad y, m\u00e1s a\u00fan, en momentos tan delicados como los que se est\u00e1n viviendo<\/strong>.<\/p>\n<blockquote class=\"wp-embedded-content\" data-secret=\"RWG7okZNUw\"><p><a href=\"http:\/\/diariotextual.com\/inicio\/index.php\/2020\/03\/30\/fondo-solidario-funcionarios-santa-rosa-pico-ponen-dinero-telen-uno-propio\/\">Fondo solidario: funcionarios de Santa Rosa, Pico y Tel\u00e9n tambi\u00e9n hacen una vaquita<\/a><\/p><\/blockquote>\n<p><iframe class=\"wp-embedded-content\" sandbox=\"allow-scripts\" security=\"restricted\" style=\"position: absolute; clip: rect(1px, 1px, 1px, 1px);\" src=\"http:\/\/diariotextual.com\/inicio\/index.php\/2020\/03\/30\/fondo-solidario-funcionarios-santa-rosa-pico-ponen-dinero-telen-uno-propio\/embed\/#?secret=RWG7okZNUw\" data-secret=\"RWG7okZNUw\" width=\"600\" height=\"338\" title=\"&#171;Fondo solidario: funcionarios de Santa Rosa, Pico y Tel\u00e9n tambi\u00e9n hacen una vaquita&#187; &#8212; Diario Textual\" frameborder=\"0\" marginwidth=\"0\" marginheight=\"0\" scrolling=\"no\"><\/iframe><\/p>\n<p>&nbsp;<\/p>\n<p>&nbsp;<\/p>\n<p>&nbsp;<\/p>\n","protected":false},"excerpt":{"rendered":"<p>El Poder Judicial de la Provincia de La Pampa adherir\u00e1 al fondo solidario anunciado hoy por el gobernador Sergio Ziliotto\u00a0y, en tal sentido, los cinco ministros que componen el Superior&hellip;<\/p>\n","protected":false},"author":3,"featured_media":86647,"comment_status":"closed","ping_status":"open","sticky":false,"template":"","format":"standard","meta":{"_acf_changed":false,"footnotes":""},"categories":[319,12],"tags":[],"class_list":["post-86645","post","type-post","status-publish","format-standard","has-post-thumbnail","hentry","category-a-temporales","category-sociedad"],"acf":[],"yoast_head":"<!-- This site is optimized with the Yoast SEO plugin v27.5 - https:\/\/yoast.com\/product\/yoast-seo-wordpress\/ -->\n<title>El STJ adherir\u00e1 al fondo solidario para ayudar en la pandemia - Diario Textual<\/title>\n<meta name=\"robots\" content=\"index, follow, max-snippet:-1, max-image-preview:large, max-video-preview:-1\" \/>\n<link rel=\"canonical\" href=\"https:\/\/diariotextual.com\/inicio\/index.php\/2020\/03\/30\/stj-adherira-al-fondo-solidario-ayudar-la-pandemia\/\" \/>\n<meta property=\"og:locale\" content=\"es_ES\" \/>\n<meta property=\"og:type\" content=\"article\" \/>\n<meta property=\"og:title\" content=\"El STJ adherir\u00e1 al fondo solidario para ayudar en la pandemia - Diario Textual\" \/>\n<meta property=\"og:description\" content=\"El Poder Judicial de la Provincia de La Pampa adherir\u00e1 al fondo solidario anunciado hoy por el gobernador Sergio Ziliotto\u00a0y, en tal sentido, los cinco ministros que componen el Superior&hellip;\" \/>\n<meta property=\"og:url\" content=\"https:\/\/diariotextual.com\/inicio\/index.php\/2020\/03\/30\/stj-adherira-al-fondo-solidario-ayudar-la-pandemia\/\" \/>\n<meta property=\"og:site_name\" content=\"Diario Textual\" \/>\n<meta property=\"article:publisher\" content=\"https:\/\/www.facebook.com\/eltextual\" \/>\n<meta property=\"article:published_time\" content=\"2020-03-30T20:45:30+00:00\" \/>\n<meta property=\"article:modified_time\" content=\"2020-03-31T12:16:30+00:00\" \/>\n<meta property=\"og:image\" content=\"https:\/\/diariotextual.com\/inicio\/wp-content\/uploads\/2020\/03\/stjjusticiaministros2020-1.jpg\" \/>\n\t<meta property=\"og:image:width\" content=\"1166\" \/>\n\t<meta property=\"og:image:height\" content=\"778\" \/>\n\t<meta property=\"og:image:type\" content=\"image\/jpeg\" \/>\n<meta name=\"author\" content=\"Diario1 Diario1\" \/>\n<meta name=\"twitter:card\" content=\"summary_large_image\" \/>\n<meta name=\"twitter:creator\" content=\"@eltextual\" \/>\n<meta name=\"twitter:site\" content=\"@eltextual\" \/>\n<meta name=\"twitter:label1\" content=\"Escrito por\" \/>\n\t<meta name=\"twitter:data1\" content=\"Diario1 Diario1\" \/>\n\t<meta name=\"twitter:label2\" content=\"Tiempo de lectura\" \/>\n\t<meta name=\"twitter:data2\" content=\"1 minuto\" \/>\n<script type=\"application\/ld+json\" class=\"yoast-schema-graph\">{\"@context\":\"https:\\\/\\\/schema.org\",\"@graph\":[{\"@type\":\"Article\",\"@id\":\"https:\\\/\\\/diariotextual.com\\\/inicio\\\/index.php\\\/2020\\\/03\\\/30\\\/stj-adherira-al-fondo-solidario-ayudar-la-pandemia\\\/#article\",\"isPartOf\":{\"@id\":\"https:\\\/\\\/diariotextual.com\\\/inicio\\\/index.php\\\/2020\\\/03\\\/30\\\/stj-adherira-al-fondo-solidario-ayudar-la-pandemia\\\/\"},\"author\":{\"name\":\"Diario1 Diario1\",\"@id\":\"https:\\\/\\\/diariotextual.com\\\/inicio\\\/#\\\/schema\\\/person\\\/418fc4093c33e86ed41562db3508f958\"},\"headline\":\"El STJ adherir\u00e1 al fondo solidario para ayudar en la pandemia\",\"datePublished\":\"2020-03-30T20:45:30+00:00\",\"dateModified\":\"2020-03-31T12:16:30+00:00\",\"mainEntityOfPage\":{\"@id\":\"https:\\\/\\\/diariotextual.com\\\/inicio\\\/index.php\\\/2020\\\/03\\\/30\\\/stj-adherira-al-fondo-solidario-ayudar-la-pandemia\\\/\"},\"wordCount\":276,\"publisher\":{\"@id\":\"https:\\\/\\\/diariotextual.com\\\/inicio\\\/#organization\"},\"image\":{\"@id\":\"https:\\\/\\\/diariotextual.com\\\/inicio\\\/index.php\\\/2020\\\/03\\\/30\\\/stj-adherira-al-fondo-solidario-ayudar-la-pandemia\\\/#primaryimage\"},\"thumbnailUrl\":\"https:\\\/\\\/diariotextual.com\\\/inicio\\\/wp-content\\\/uploads\\\/2020\\\/03\\\/stjjusticiaministros2020-1.jpg\",\"articleSection\":[\"A - TEMPORALES\",\"SOCIEDAD\"],\"inLanguage\":\"es\"},{\"@type\":\"WebPage\",\"@id\":\"https:\\\/\\\/diariotextual.com\\\/inicio\\\/index.php\\\/2020\\\/03\\\/30\\\/stj-adherira-al-fondo-solidario-ayudar-la-pandemia\\\/\",\"url\":\"https:\\\/\\\/diariotextual.com\\\/inicio\\\/index.php\\\/2020\\\/03\\\/30\\\/stj-adherira-al-fondo-solidario-ayudar-la-pandemia\\\/\",\"name\":\"El STJ adherir\u00e1 al fondo solidario para ayudar en la pandemia - Diario Textual\",\"isPartOf\":{\"@id\":\"https:\\\/\\\/diariotextual.com\\\/inicio\\\/#website\"},\"primaryImageOfPage\":{\"@id\":\"https:\\\/\\\/diariotextual.com\\\/inicio\\\/index.php\\\/2020\\\/03\\\/30\\\/stj-adherira-al-fondo-solidario-ayudar-la-pandemia\\\/#primaryimage\"},\"image\":{\"@id\":\"https:\\\/\\\/diariotextual.com\\\/inicio\\\/index.php\\\/2020\\\/03\\\/30\\\/stj-adherira-al-fondo-solidario-ayudar-la-pandemia\\\/#primaryimage\"},\"thumbnailUrl\":\"https:\\\/\\\/diariotextual.com\\\/inicio\\\/wp-content\\\/uploads\\\/2020\\\/03\\\/stjjusticiaministros2020-1.jpg\",\"datePublished\":\"2020-03-30T20:45:30+00:00\",\"dateModified\":\"2020-03-31T12:16:30+00:00\",\"breadcrumb\":{\"@id\":\"https:\\\/\\\/diariotextual.com\\\/inicio\\\/index.php\\\/2020\\\/03\\\/30\\\/stj-adherira-al-fondo-solidario-ayudar-la-pandemia\\\/#breadcrumb\"},\"inLanguage\":\"es\",\"potentialAction\":[{\"@type\":\"ReadAction\",\"target\":[\"https:\\\/\\\/diariotextual.com\\\/inicio\\\/index.php\\\/2020\\\/03\\\/30\\\/stj-adherira-al-fondo-solidario-ayudar-la-pandemia\\\/\"]}]},{\"@type\":\"ImageObject\",\"inLanguage\":\"es\",\"@id\":\"https:\\\/\\\/diariotextual.com\\\/inicio\\\/index.php\\\/2020\\\/03\\\/30\\\/stj-adherira-al-fondo-solidario-ayudar-la-pandemia\\\/#primaryimage\",\"url\":\"https:\\\/\\\/diariotextual.com\\\/inicio\\\/wp-content\\\/uploads\\\/2020\\\/03\\\/stjjusticiaministros2020-1.jpg\",\"contentUrl\":\"https:\\\/\\\/diariotextual.com\\\/inicio\\\/wp-content\\\/uploads\\\/2020\\\/03\\\/stjjusticiaministros2020-1.jpg\",\"width\":1166,\"height\":778},{\"@type\":\"BreadcrumbList\",\"@id\":\"https:\\\/\\\/diariotextual.com\\\/inicio\\\/index.php\\\/2020\\\/03\\\/30\\\/stj-adherira-al-fondo-solidario-ayudar-la-pandemia\\\/#breadcrumb\",\"itemListElement\":[{\"@type\":\"ListItem\",\"position\":1,\"name\":\"Portada\",\"item\":\"https:\\\/\\\/diariotextual.com\\\/inicio\\\/\"},{\"@type\":\"ListItem\",\"position\":2,\"name\":\"El STJ adherir\u00e1 al fondo solidario para ayudar en la pandemia\"}]},{\"@type\":\"WebSite\",\"@id\":\"https:\\\/\\\/diariotextual.com\\\/inicio\\\/#website\",\"url\":\"https:\\\/\\\/diariotextual.com\\\/inicio\\\/\",\"name\":\"Diario Textual\",\"description\":\"\",\"publisher\":{\"@id\":\"https:\\\/\\\/diariotextual.com\\\/inicio\\\/#organization\"},\"potentialAction\":[{\"@type\":\"SearchAction\",\"target\":{\"@type\":\"EntryPoint\",\"urlTemplate\":\"https:\\\/\\\/diariotextual.com\\\/inicio\\\/?s={search_term_string}\"},\"query-input\":{\"@type\":\"PropertyValueSpecification\",\"valueRequired\":true,\"valueName\":\"search_term_string\"}}],\"inLanguage\":\"es\"},{\"@type\":\"Organization\",\"@id\":\"https:\\\/\\\/diariotextual.com\\\/inicio\\\/#organization\",\"name\":\"Diario Textual\",\"url\":\"https:\\\/\\\/diariotextual.com\\\/inicio\\\/\",\"logo\":{\"@type\":\"ImageObject\",\"inLanguage\":\"es\",\"@id\":\"https:\\\/\\\/diariotextual.com\\\/inicio\\\/#\\\/schema\\\/logo\\\/image\\\/\",\"url\":\"https:\\\/\\\/diariotextual.com\\\/inicio\\\/wp-content\\\/uploads\\\/2023\\\/05\\\/logotextual1.jpg\",\"contentUrl\":\"https:\\\/\\\/diariotextual.com\\\/inicio\\\/wp-content\\\/uploads\\\/2023\\\/05\\\/logotextual1.jpg\",\"width\":516,\"height\":76,\"caption\":\"Diario Textual\"},\"image\":{\"@id\":\"https:\\\/\\\/diariotextual.com\\\/inicio\\\/#\\\/schema\\\/logo\\\/image\\\/\"},\"sameAs\":[\"https:\\\/\\\/www.facebook.com\\\/eltextual\",\"https:\\\/\\\/x.com\\\/eltextual\",\"http:\\\/\\\/www.instagram.com\\\/eltextual\"]},{\"@type\":\"Person\",\"@id\":\"https:\\\/\\\/diariotextual.com\\\/inicio\\\/#\\\/schema\\\/person\\\/418fc4093c33e86ed41562db3508f958\",\"name\":\"Diario1 Diario1\",\"image\":{\"@type\":\"ImageObject\",\"inLanguage\":\"es\",\"@id\":\"https:\\\/\\\/secure.gravatar.com\\\/avatar\\\/9167d280179c85bc18be67aa7eda765854300033af4896dd779b608640f2ef7a?s=96&d=mm&r=g\",\"url\":\"https:\\\/\\\/secure.gravatar.com\\\/avatar\\\/9167d280179c85bc18be67aa7eda765854300033af4896dd779b608640f2ef7a?s=96&d=mm&r=g\",\"contentUrl\":\"https:\\\/\\\/secure.gravatar.com\\\/avatar\\\/9167d280179c85bc18be67aa7eda765854300033af4896dd779b608640f2ef7a?s=96&d=mm&r=g\",\"caption\":\"Diario1 Diario1\"},\"url\":\"https:\\\/\\\/diariotextual.com\\\/inicio\\\/index.php\\\/author\\\/diario1\\\/\"}]}<\/script>\n<!-- \/ Yoast SEO plugin. -->","yoast_head_json":{"title":"El STJ adherir\u00e1 al fondo solidario para ayudar en la pandemia - Diario Textual","robots":{"index":"index","follow":"follow","max-snippet":"max-snippet:-1","max-image-preview":"max-image-preview:large","max-video-preview":"max-video-preview:-1"},"canonical":"https:\/\/diariotextual.com\/inicio\/index.php\/2020\/03\/30\/stj-adherira-al-fondo-solidario-ayudar-la-pandemia\/","og_locale":"es_ES","og_type":"article","og_title":"El STJ adherir\u00e1 al fondo solidario para ayudar en la pandemia - Diario Textual","og_description":"El Poder Judicial de la Provincia de La Pampa adherir\u00e1 al fondo solidario anunciado hoy por el gobernador Sergio Ziliotto\u00a0y, en tal sentido, los cinco ministros que componen el Superior&hellip;","og_url":"https:\/\/diariotextual.com\/inicio\/index.php\/2020\/03\/30\/stj-adherira-al-fondo-solidario-ayudar-la-pandemia\/","og_site_name":"Diario Textual","article_publisher":"https:\/\/www.facebook.com\/eltextual","article_published_time":"2020-03-30T20:45:30+00:00","article_modified_time":"2020-03-31T12:16:30+00:00","og_image":[{"width":1166,"height":778,"url":"https:\/\/diariotextual.com\/inicio\/wp-content\/uploads\/2020\/03\/stjjusticiaministros2020-1.jpg","type":"image\/jpeg"}],"author":"Diario1 Diario1","twitter_card":"summary_large_image","twitter_creator":"@eltextual","twitter_site":"@eltextual","twitter_misc":{"Escrito por":"Diario1 Diario1","Tiempo de lectura":"1 minuto"},"schema":{"@context":"https:\/\/schema.org","@graph":[{"@type":"Article","@id":"https:\/\/diariotextual.com\/inicio\/index.php\/2020\/03\/30\/stj-adherira-al-fondo-solidario-ayudar-la-pandemia\/#article","isPartOf":{"@id":"https:\/\/diariotextual.com\/inicio\/index.php\/2020\/03\/30\/stj-adherira-al-fondo-solidario-ayudar-la-pandemia\/"},"author":{"name":"Diario1 Diario1","@id":"https:\/\/diariotextual.com\/inicio\/#\/schema\/person\/418fc4093c33e86ed41562db3508f958"},"headline":"El STJ adherir\u00e1 al fondo solidario para ayudar en la pandemia","datePublished":"2020-03-30T20:45:30+00:00","dateModified":"2020-03-31T12:16:30+00:00","mainEntityOfPage":{"@id":"https:\/\/diariotextual.com\/inicio\/index.php\/2020\/03\/30\/stj-adherira-al-fondo-solidario-ayudar-la-pandemia\/"},"wordCount":276,"publisher":{"@id":"https:\/\/diariotextual.com\/inicio\/#organization"},"image":{"@id":"https:\/\/diariotextual.com\/inicio\/index.php\/2020\/03\/30\/stj-adherira-al-fondo-solidario-ayudar-la-pandemia\/#primaryimage"},"thumbnailUrl":"https:\/\/diariotextual.com\/inicio\/wp-content\/uploads\/2020\/03\/stjjusticiaministros2020-1.jpg","articleSection":["A - TEMPORALES","SOCIEDAD"],"inLanguage":"es"},{"@type":"WebPage","@id":"https:\/\/diariotextual.com\/inicio\/index.php\/2020\/03\/30\/stj-adherira-al-fondo-solidario-ayudar-la-pandemia\/","url":"https:\/\/diariotextual.com\/inicio\/index.php\/2020\/03\/30\/stj-adherira-al-fondo-solidario-ayudar-la-pandemia\/","name":"El STJ adherir\u00e1 al fondo solidario para ayudar en la pandemia - Diario Textual","isPartOf":{"@id":"https:\/\/diariotextual.com\/inicio\/#website"},"primaryImageOfPage":{"@id":"https:\/\/diariotextual.com\/inicio\/index.php\/2020\/03\/30\/stj-adherira-al-fondo-solidario-ayudar-la-pandemia\/#primaryimage"},"image":{"@id":"https:\/\/diariotextual.com\/inicio\/index.php\/2020\/03\/30\/stj-adherira-al-fondo-solidario-ayudar-la-pandemia\/#primaryimage"},"thumbnailUrl":"https:\/\/diariotextual.com\/inicio\/wp-content\/uploads\/2020\/03\/stjjusticiaministros2020-1.jpg","datePublished":"2020-03-30T20:45:30+00:00","dateModified":"2020-03-31T12:16:30+00:00","breadcrumb":{"@id":"https:\/\/diariotextual.com\/inicio\/index.php\/2020\/03\/30\/stj-adherira-al-fondo-solidario-ayudar-la-pandemia\/#breadcrumb"},"inLanguage":"es","potentialAction":[{"@type":"ReadAction","target":["https:\/\/diariotextual.com\/inicio\/index.php\/2020\/03\/30\/stj-adherira-al-fondo-solidario-ayudar-la-pandemia\/"]}]},{"@type":"ImageObject","inLanguage":"es","@id":"https:\/\/diariotextual.com\/inicio\/index.php\/2020\/03\/30\/stj-adherira-al-fondo-solidario-ayudar-la-pandemia\/#primaryimage","url":"https:\/\/diariotextual.com\/inicio\/wp-content\/uploads\/2020\/03\/stjjusticiaministros2020-1.jpg","contentUrl":"https:\/\/diariotextual.com\/inicio\/wp-content\/uploads\/2020\/03\/stjjusticiaministros2020-1.jpg","width":1166,"height":778},{"@type":"BreadcrumbList","@id":"https:\/\/diariotextual.com\/inicio\/index.php\/2020\/03\/30\/stj-adherira-al-fondo-solidario-ayudar-la-pandemia\/#breadcrumb","itemListElement":[{"@type":"ListItem","position":1,"name":"Portada","item":"https:\/\/diariotextual.com\/inicio\/"},{"@type":"ListItem","position":2,"name":"El STJ adherir\u00e1 al fondo solidario para ayudar en la pandemia"}]},{"@type":"WebSite","@id":"https:\/\/diariotextual.com\/inicio\/#website","url":"https:\/\/diariotextual.com\/inicio\/","name":"Diario Textual","description":"","publisher":{"@id":"https:\/\/diariotextual.com\/inicio\/#organization"},"potentialAction":[{"@type":"SearchAction","target":{"@type":"EntryPoint","urlTemplate":"https:\/\/diariotextual.com\/inicio\/?s={search_term_string}"},"query-input":{"@type":"PropertyValueSpecification","valueRequired":true,"valueName":"search_term_string"}}],"inLanguage":"es"},{"@type":"Organization","@id":"https:\/\/diariotextual.com\/inicio\/#organization","name":"Diario Textual","url":"https:\/\/diariotextual.com\/inicio\/","logo":{"@type":"ImageObject","inLanguage":"es","@id":"https:\/\/diariotextual.com\/inicio\/#\/schema\/logo\/image\/","url":"https:\/\/diariotextual.com\/inicio\/wp-content\/uploads\/2023\/05\/logotextual1.jpg","contentUrl":"https:\/\/diariotextual.com\/inicio\/wp-content\/uploads\/2023\/05\/logotextual1.jpg","width":516,"height":76,"caption":"Diario Textual"},"image":{"@id":"https:\/\/diariotextual.com\/inicio\/#\/schema\/logo\/image\/"},"sameAs":["https:\/\/www.facebook.com\/eltextual","https:\/\/x.com\/eltextual","http:\/\/www.instagram.com\/eltextual"]},{"@type":"Person","@id":"https:\/\/diariotextual.com\/inicio\/#\/schema\/person\/418fc4093c33e86ed41562db3508f958","name":"Diario1 Diario1","image":{"@type":"ImageObject","inLanguage":"es","@id":"https:\/\/secure.gravatar.com\/avatar\/9167d280179c85bc18be67aa7eda765854300033af4896dd779b608640f2ef7a?s=96&d=mm&r=g","url":"https:\/\/secure.gravatar.com\/avatar\/9167d280179c85bc18be67aa7eda765854300033af4896dd779b608640f2ef7a?s=96&d=mm&r=g","contentUrl":"https:\/\/secure.gravatar.com\/avatar\/9167d280179c85bc18be67aa7eda765854300033af4896dd779b608640f2ef7a?s=96&d=mm&r=g","caption":"Diario1 Diario1"},"url":"https:\/\/diariotextual.com\/inicio\/index.php\/author\/diario1\/"}]}},"_links":{"self":[{"href":"https:\/\/diariotextual.com\/inicio\/index.php\/wp-json\/wp\/v2\/posts\/86645","targetHints":{"allow":["GET"]}}],"collection":[{"href":"https:\/\/diariotextual.com\/inicio\/index.php\/wp-json\/wp\/v2\/posts"}],"about":[{"href":"https:\/\/diariotextual.com\/inicio\/index.php\/wp-json\/wp\/v2\/types\/post"}],"author":[{"embeddable":true,"href":"https:\/\/diariotextual.com\/inicio\/index.php\/wp-json\/wp\/v2\/users\/3"}],"replies":[{"embeddable":true,"href":"https:\/\/diariotextual.com\/inicio\/index.php\/wp-json\/wp\/v2\/comments?post=86645"}],"version-history":[{"count":5,"href":"https:\/\/diariotextual.com\/inicio\/index.php\/wp-json\/wp\/v2\/posts\/86645\/revisions"}],"predecessor-version":[{"id":86671,"href":"https:\/\/diariotextual.com\/inicio\/index.php\/wp-json\/wp\/v2\/posts\/86645\/revisions\/86671"}],"wp:featuredmedia":[{"embeddable":true,"href":"https:\/\/diariotextual.com\/inicio\/index.php\/wp-json\/wp\/v2\/media\/86647"}],"wp:attachment":[{"href":"https:\/\/diariotextual.com\/inicio\/index.php\/wp-json\/wp\/v2\/media?parent=86645"}],"wp:term":[{"taxonomy":"category","embeddable":true,"href":"https:\/\/diariotextual.com\/inicio\/index.php\/wp-json\/wp\/v2\/categories?post=86645"},{"taxonomy":"post_tag","embeddable":true,"href":"https:\/\/diariotextual.com\/inicio\/index.php\/wp-json\/wp\/v2\/tags?post=86645"}],"curies":[{"name":"wp","href":"https:\/\/api.w.org\/{rel}","templated":true}]}}