{"id":86657,"date":"2020-03-30T19:13:48","date_gmt":"2020-03-30T22:13:48","guid":{"rendered":"http:\/\/diariotextual.com\/inicio\/?p=86657"},"modified":"2020-03-31T09:12:00","modified_gmt":"2020-03-31T12:12:00","slug":"fondo-solidario-funcionarios-santa-rosa-pico-ponen-dinero-telen-uno-propio","status":"publish","type":"post","link":"https:\/\/diariotextual.com\/inicio\/index.php\/2020\/03\/30\/fondo-solidario-funcionarios-santa-rosa-pico-ponen-dinero-telen-uno-propio\/","title":{"rendered":"Fondo solidario: funcionarios de Santa Rosa, Pico y Tel\u00e9n tambi\u00e9n hacen una vaquita"},"content":{"rendered":"<p>Las intendencias, lentamente, comenzaron a anunciar que sus jefes comunales y sus funcionarios har\u00e1n aportes, de sus bolsillos, al<a href=\"http:\/\/diariotextual.com\/inicio\/index.php\/2020\/03\/30\/gobierno-provincial-creo-fondo-solidario-compra-insumos-hospitalarios\/\" target=\"_blank\" rel=\"noopener\"><strong> fondo solidario para comprar insumos hospitalarios para afrontar la pandemia del coronavirus Covid-19<\/strong><\/a>. De esa manera, ya se comprometieron desde la intendencia de General Pico, con <strong>Fernanda Alonso a<\/strong> la cabeza, por un monto a\u00fan no determinado. Por la tarde, en tanto, el intendente santarrose\u00f1o <strong>Luciano di N\u00e1poli<\/strong> dijo que \u00e9l y los funcionarios del Ejecutivo y del concejo<strong> aportar\u00e1n 2,2 millones de pesos<\/strong>.<\/p>\n<p>\u00abEn una muestra m\u00e1s del trabajo en conjunto que venimos haciendo con el gobierno de la provincia y del compromiso que tienen todos los funcionarios y funcionarias, lo mismo que concejales y concejalas con la grave situaci\u00f3n que debemos afrontar como sociedad\u201d, la Municipalidad y el Concejo Deliberante de esta ciudad aportar\u00e1 2.200.000 pesos al fondo solidario propuesto por el gobernador Sergio Ziliotto\u00bb, dijo Di N\u00e1poli.<\/p>\n<p>\u00abDe esta manera este municipio acepta la invitaci\u00f3n del gobernador, a sumar esfuerzos compartidos y aportar, a trav\u00e9s de sus funcionarios y funcionarias, parte de sus sueldos mensuales que se destinar\u00e1 a la compra de insumos m\u00e9dicos para atender la pandemia del Covid 19, tal lo dispuesto como fin del Fondo Solidario a constituirse\u00bb, sostuvo.<\/p>\n<p>En tanto,<strong> otras intendencias, como la de Tel\u00e9n, decidi\u00f3 crear un fondo solidario propio.<\/strong> \u00abDesde Tel\u00e9n -dijo el intendente <strong>Sa\u00fal Echeveste<\/strong>&#8211; nos sumamos a dicha iniciativa: el intendente, cada uno\/a de los funcionarios\/as municipales, juez de paz y concejales\/as de ambos bloques vamos a hacer lo mismo en nuestra localidad, para crear un Fondo Solidario Municipal (realizando aportes en el mes de marzo y abril).\u00a0 Lo recaudado ser\u00e1 para la compra de productos alimenticios\u00bb, anunci\u00f3.<\/p>\n<p>Este fondo solidario fue dispuesto por el gobernador <strong>Sergio Ziliotto. Sus funcionarios hicieron una vaquita y pusieron, inicialmente, 10 millones.<\/strong><\/p>\n<p>Invit\u00f3 a todos los funcionarios, incluso de la Justicia, a sumarse. Por lo pronto, los ministros del Superior Tribunal de Justicia <a href=\"http:\/\/diariotextual.com\/inicio\/index.php\/2020\/03\/30\/stj-adherira-al-fondo-solidario-ayudar-la-pandemia\/\" target=\"_blank\" rel=\"noopener\"><strong>dijeron que adher\u00edan<\/strong><\/a>.<\/p>\n<p>Adem\u00e1s, Ziliotto<strong> invit\u00f3 a todas las personas que puedan a sumarse a hacer aportes. Principalmente, a empresarios<\/strong>.<\/p>\n<blockquote class=\"wp-embedded-content\" data-secret=\"Q05NbwJ9i5\"><p><a href=\"http:\/\/diariotextual.com\/inicio\/index.php\/2020\/03\/30\/gobierno-provincial-creo-fondo-solidario-compra-insumos-hospitalarios\/\">Crean un fondo solidario en La Pampa: funcionarios ponen $10 millones<\/a><\/p><\/blockquote>\n<p><iframe class=\"wp-embedded-content\" sandbox=\"allow-scripts\" security=\"restricted\" style=\"position: absolute; clip: rect(1px, 1px, 1px, 1px);\" src=\"http:\/\/diariotextual.com\/inicio\/index.php\/2020\/03\/30\/gobierno-provincial-creo-fondo-solidario-compra-insumos-hospitalarios\/embed\/#?secret=Q05NbwJ9i5\" data-secret=\"Q05NbwJ9i5\" width=\"600\" height=\"338\" title=\"&#171;Crean un fondo solidario en La Pampa: funcionarios ponen $10 millones&#187; &#8212; Diario Textual\" frameborder=\"0\" marginwidth=\"0\" marginheight=\"0\" scrolling=\"no\"><\/iframe><\/p>\n<p>&nbsp;<\/p>\n","protected":false},"excerpt":{"rendered":"<p>Las intendencias, lentamente, comenzaron a anunciar que sus jefes comunales y sus funcionarios har\u00e1n aportes, de sus bolsillos, al fondo solidario para comprar insumos hospitalarios para afrontar la pandemia del&hellip;<\/p>\n","protected":false},"author":3,"featured_media":86151,"comment_status":"closed","ping_status":"open","sticky":false,"template":"","format":"standard","meta":{"_acf_changed":false,"footnotes":""},"categories":[319,12],"tags":[2762,25,2861],"class_list":["post-86657","post","type-post","status-publish","format-standard","has-post-thumbnail","hentry","category-a-temporales","category-sociedad","tag-fondos","tag-pampa","tag-pandemia"],"acf":[],"yoast_head":"<!-- This site is optimized with the Yoast SEO plugin v27.5 - https:\/\/yoast.com\/product\/yoast-seo-wordpress\/ -->\n<title>Fondo solidario: funcionarios de Santa Rosa, Pico y Tel\u00e9n tambi\u00e9n hacen una vaquita - Diario Textual<\/title>\n<meta name=\"robots\" content=\"index, follow, max-snippet:-1, max-image-preview:large, max-video-preview:-1\" \/>\n<link rel=\"canonical\" href=\"https:\/\/diariotextual.com\/inicio\/index.php\/2020\/03\/30\/fondo-solidario-funcionarios-santa-rosa-pico-ponen-dinero-telen-uno-propio\/\" \/>\n<meta property=\"og:locale\" content=\"es_ES\" \/>\n<meta property=\"og:type\" content=\"article\" \/>\n<meta property=\"og:title\" content=\"Fondo solidario: funcionarios de Santa Rosa, Pico y Tel\u00e9n tambi\u00e9n hacen una vaquita - Diario Textual\" \/>\n<meta property=\"og:description\" content=\"Las intendencias, lentamente, comenzaron a anunciar que sus jefes comunales y sus funcionarios har\u00e1n aportes, de sus bolsillos, al fondo solidario para comprar insumos hospitalarios para afrontar la pandemia del&hellip;\" \/>\n<meta property=\"og:url\" content=\"https:\/\/diariotextual.com\/inicio\/index.php\/2020\/03\/30\/fondo-solidario-funcionarios-santa-rosa-pico-ponen-dinero-telen-uno-propio\/\" \/>\n<meta property=\"og:site_name\" content=\"Diario Textual\" \/>\n<meta property=\"article:publisher\" content=\"https:\/\/www.facebook.com\/eltextual\" \/>\n<meta property=\"article:published_time\" content=\"2020-03-30T22:13:48+00:00\" \/>\n<meta property=\"article:modified_time\" content=\"2020-03-31T12:12:00+00:00\" \/>\n<meta property=\"og:image\" content=\"https:\/\/diariotextual.com\/inicio\/wp-content\/uploads\/2020\/03\/coronavirustelam2020-213.jpg\" \/>\n\t<meta property=\"og:image:width\" content=\"1500\" \/>\n\t<meta property=\"og:image:height\" content=\"1000\" \/>\n\t<meta property=\"og:image:type\" content=\"image\/jpeg\" \/>\n<meta name=\"author\" content=\"Diario1 Diario1\" \/>\n<meta name=\"twitter:card\" content=\"summary_large_image\" \/>\n<meta name=\"twitter:creator\" content=\"@eltextual\" \/>\n<meta name=\"twitter:site\" content=\"@eltextual\" \/>\n<meta name=\"twitter:label1\" content=\"Escrito por\" \/>\n\t<meta name=\"twitter:data1\" content=\"Diario1 Diario1\" \/>\n\t<meta name=\"twitter:label2\" content=\"Tiempo de lectura\" \/>\n\t<meta name=\"twitter:data2\" content=\"2 minutos\" \/>\n<script type=\"application\/ld+json\" class=\"yoast-schema-graph\">{\"@context\":\"https:\\\/\\\/schema.org\",\"@graph\":[{\"@type\":\"Article\",\"@id\":\"https:\\\/\\\/diariotextual.com\\\/inicio\\\/index.php\\\/2020\\\/03\\\/30\\\/fondo-solidario-funcionarios-santa-rosa-pico-ponen-dinero-telen-uno-propio\\\/#article\",\"isPartOf\":{\"@id\":\"https:\\\/\\\/diariotextual.com\\\/inicio\\\/index.php\\\/2020\\\/03\\\/30\\\/fondo-solidario-funcionarios-santa-rosa-pico-ponen-dinero-telen-uno-propio\\\/\"},\"author\":{\"name\":\"Diario1 Diario1\",\"@id\":\"https:\\\/\\\/diariotextual.com\\\/inicio\\\/#\\\/schema\\\/person\\\/418fc4093c33e86ed41562db3508f958\"},\"headline\":\"Fondo solidario: funcionarios de Santa Rosa, Pico y Tel\u00e9n tambi\u00e9n hacen una vaquita\",\"datePublished\":\"2020-03-30T22:13:48+00:00\",\"dateModified\":\"2020-03-31T12:12:00+00:00\",\"mainEntityOfPage\":{\"@id\":\"https:\\\/\\\/diariotextual.com\\\/inicio\\\/index.php\\\/2020\\\/03\\\/30\\\/fondo-solidario-funcionarios-santa-rosa-pico-ponen-dinero-telen-uno-propio\\\/\"},\"wordCount\":378,\"publisher\":{\"@id\":\"https:\\\/\\\/diariotextual.com\\\/inicio\\\/#organization\"},\"image\":{\"@id\":\"https:\\\/\\\/diariotextual.com\\\/inicio\\\/index.php\\\/2020\\\/03\\\/30\\\/fondo-solidario-funcionarios-santa-rosa-pico-ponen-dinero-telen-uno-propio\\\/#primaryimage\"},\"thumbnailUrl\":\"https:\\\/\\\/diariotextual.com\\\/inicio\\\/wp-content\\\/uploads\\\/2020\\\/03\\\/coronavirustelam2020-213.jpg\",\"keywords\":[\"fondos\",\"pampa\",\"pandemia\"],\"articleSection\":[\"A - TEMPORALES\",\"SOCIEDAD\"],\"inLanguage\":\"es\"},{\"@type\":\"WebPage\",\"@id\":\"https:\\\/\\\/diariotextual.com\\\/inicio\\\/index.php\\\/2020\\\/03\\\/30\\\/fondo-solidario-funcionarios-santa-rosa-pico-ponen-dinero-telen-uno-propio\\\/\",\"url\":\"https:\\\/\\\/diariotextual.com\\\/inicio\\\/index.php\\\/2020\\\/03\\\/30\\\/fondo-solidario-funcionarios-santa-rosa-pico-ponen-dinero-telen-uno-propio\\\/\",\"name\":\"Fondo solidario: funcionarios de Santa Rosa, Pico y Tel\u00e9n tambi\u00e9n hacen una vaquita - Diario Textual\",\"isPartOf\":{\"@id\":\"https:\\\/\\\/diariotextual.com\\\/inicio\\\/#website\"},\"primaryImageOfPage\":{\"@id\":\"https:\\\/\\\/diariotextual.com\\\/inicio\\\/index.php\\\/2020\\\/03\\\/30\\\/fondo-solidario-funcionarios-santa-rosa-pico-ponen-dinero-telen-uno-propio\\\/#primaryimage\"},\"image\":{\"@id\":\"https:\\\/\\\/diariotextual.com\\\/inicio\\\/index.php\\\/2020\\\/03\\\/30\\\/fondo-solidario-funcionarios-santa-rosa-pico-ponen-dinero-telen-uno-propio\\\/#primaryimage\"},\"thumbnailUrl\":\"https:\\\/\\\/diariotextual.com\\\/inicio\\\/wp-content\\\/uploads\\\/2020\\\/03\\\/coronavirustelam2020-213.jpg\",\"datePublished\":\"2020-03-30T22:13:48+00:00\",\"dateModified\":\"2020-03-31T12:12:00+00:00\",\"breadcrumb\":{\"@id\":\"https:\\\/\\\/diariotextual.com\\\/inicio\\\/index.php\\\/2020\\\/03\\\/30\\\/fondo-solidario-funcionarios-santa-rosa-pico-ponen-dinero-telen-uno-propio\\\/#breadcrumb\"},\"inLanguage\":\"es\",\"potentialAction\":[{\"@type\":\"ReadAction\",\"target\":[\"https:\\\/\\\/diariotextual.com\\\/inicio\\\/index.php\\\/2020\\\/03\\\/30\\\/fondo-solidario-funcionarios-santa-rosa-pico-ponen-dinero-telen-uno-propio\\\/\"]}]},{\"@type\":\"ImageObject\",\"inLanguage\":\"es\",\"@id\":\"https:\\\/\\\/diariotextual.com\\\/inicio\\\/index.php\\\/2020\\\/03\\\/30\\\/fondo-solidario-funcionarios-santa-rosa-pico-ponen-dinero-telen-uno-propio\\\/#primaryimage\",\"url\":\"https:\\\/\\\/diariotextual.com\\\/inicio\\\/wp-content\\\/uploads\\\/2020\\\/03\\\/coronavirustelam2020-213.jpg\",\"contentUrl\":\"https:\\\/\\\/diariotextual.com\\\/inicio\\\/wp-content\\\/uploads\\\/2020\\\/03\\\/coronavirustelam2020-213.jpg\",\"width\":1500,\"height\":1000},{\"@type\":\"BreadcrumbList\",\"@id\":\"https:\\\/\\\/diariotextual.com\\\/inicio\\\/index.php\\\/2020\\\/03\\\/30\\\/fondo-solidario-funcionarios-santa-rosa-pico-ponen-dinero-telen-uno-propio\\\/#breadcrumb\",\"itemListElement\":[{\"@type\":\"ListItem\",\"position\":1,\"name\":\"Portada\",\"item\":\"https:\\\/\\\/diariotextual.com\\\/inicio\\\/\"},{\"@type\":\"ListItem\",\"position\":2,\"name\":\"Fondo solidario: funcionarios de Santa Rosa, Pico y Tel\u00e9n tambi\u00e9n hacen una vaquita\"}]},{\"@type\":\"WebSite\",\"@id\":\"https:\\\/\\\/diariotextual.com\\\/inicio\\\/#website\",\"url\":\"https:\\\/\\\/diariotextual.com\\\/inicio\\\/\",\"name\":\"Diario Textual\",\"description\":\"\",\"publisher\":{\"@id\":\"https:\\\/\\\/diariotextual.com\\\/inicio\\\/#organization\"},\"potentialAction\":[{\"@type\":\"SearchAction\",\"target\":{\"@type\":\"EntryPoint\",\"urlTemplate\":\"https:\\\/\\\/diariotextual.com\\\/inicio\\\/?s={search_term_string}\"},\"query-input\":{\"@type\":\"PropertyValueSpecification\",\"valueRequired\":true,\"valueName\":\"search_term_string\"}}],\"inLanguage\":\"es\"},{\"@type\":\"Organization\",\"@id\":\"https:\\\/\\\/diariotextual.com\\\/inicio\\\/#organization\",\"name\":\"Diario Textual\",\"url\":\"https:\\\/\\\/diariotextual.com\\\/inicio\\\/\",\"logo\":{\"@type\":\"ImageObject\",\"inLanguage\":\"es\",\"@id\":\"https:\\\/\\\/diariotextual.com\\\/inicio\\\/#\\\/schema\\\/logo\\\/image\\\/\",\"url\":\"https:\\\/\\\/diariotextual.com\\\/inicio\\\/wp-content\\\/uploads\\\/2023\\\/05\\\/logotextual1.jpg\",\"contentUrl\":\"https:\\\/\\\/diariotextual.com\\\/inicio\\\/wp-content\\\/uploads\\\/2023\\\/05\\\/logotextual1.jpg\",\"width\":516,\"height\":76,\"caption\":\"Diario Textual\"},\"image\":{\"@id\":\"https:\\\/\\\/diariotextual.com\\\/inicio\\\/#\\\/schema\\\/logo\\\/image\\\/\"},\"sameAs\":[\"https:\\\/\\\/www.facebook.com\\\/eltextual\",\"https:\\\/\\\/x.com\\\/eltextual\",\"http:\\\/\\\/www.instagram.com\\\/eltextual\"]},{\"@type\":\"Person\",\"@id\":\"https:\\\/\\\/diariotextual.com\\\/inicio\\\/#\\\/schema\\\/person\\\/418fc4093c33e86ed41562db3508f958\",\"name\":\"Diario1 Diario1\",\"image\":{\"@type\":\"ImageObject\",\"inLanguage\":\"es\",\"@id\":\"https:\\\/\\\/secure.gravatar.com\\\/avatar\\\/9167d280179c85bc18be67aa7eda765854300033af4896dd779b608640f2ef7a?s=96&d=mm&r=g\",\"url\":\"https:\\\/\\\/secure.gravatar.com\\\/avatar\\\/9167d280179c85bc18be67aa7eda765854300033af4896dd779b608640f2ef7a?s=96&d=mm&r=g\",\"contentUrl\":\"https:\\\/\\\/secure.gravatar.com\\\/avatar\\\/9167d280179c85bc18be67aa7eda765854300033af4896dd779b608640f2ef7a?s=96&d=mm&r=g\",\"caption\":\"Diario1 Diario1\"},\"url\":\"https:\\\/\\\/diariotextual.com\\\/inicio\\\/index.php\\\/author\\\/diario1\\\/\"}]}<\/script>\n<!-- \/ Yoast SEO plugin. -->","yoast_head_json":{"title":"Fondo solidario: funcionarios de Santa Rosa, Pico y Tel\u00e9n tambi\u00e9n hacen una vaquita - Diario Textual","robots":{"index":"index","follow":"follow","max-snippet":"max-snippet:-1","max-image-preview":"max-image-preview:large","max-video-preview":"max-video-preview:-1"},"canonical":"https:\/\/diariotextual.com\/inicio\/index.php\/2020\/03\/30\/fondo-solidario-funcionarios-santa-rosa-pico-ponen-dinero-telen-uno-propio\/","og_locale":"es_ES","og_type":"article","og_title":"Fondo solidario: funcionarios de Santa Rosa, Pico y Tel\u00e9n tambi\u00e9n hacen una vaquita - Diario Textual","og_description":"Las intendencias, lentamente, comenzaron a anunciar que sus jefes comunales y sus funcionarios har\u00e1n aportes, de sus bolsillos, al fondo solidario para comprar insumos hospitalarios para afrontar la pandemia del&hellip;","og_url":"https:\/\/diariotextual.com\/inicio\/index.php\/2020\/03\/30\/fondo-solidario-funcionarios-santa-rosa-pico-ponen-dinero-telen-uno-propio\/","og_site_name":"Diario Textual","article_publisher":"https:\/\/www.facebook.com\/eltextual","article_published_time":"2020-03-30T22:13:48+00:00","article_modified_time":"2020-03-31T12:12:00+00:00","og_image":[{"width":1500,"height":1000,"url":"https:\/\/diariotextual.com\/inicio\/wp-content\/uploads\/2020\/03\/coronavirustelam2020-213.jpg","type":"image\/jpeg"}],"author":"Diario1 Diario1","twitter_card":"summary_large_image","twitter_creator":"@eltextual","twitter_site":"@eltextual","twitter_misc":{"Escrito por":"Diario1 Diario1","Tiempo de lectura":"2 minutos"},"schema":{"@context":"https:\/\/schema.org","@graph":[{"@type":"Article","@id":"https:\/\/diariotextual.com\/inicio\/index.php\/2020\/03\/30\/fondo-solidario-funcionarios-santa-rosa-pico-ponen-dinero-telen-uno-propio\/#article","isPartOf":{"@id":"https:\/\/diariotextual.com\/inicio\/index.php\/2020\/03\/30\/fondo-solidario-funcionarios-santa-rosa-pico-ponen-dinero-telen-uno-propio\/"},"author":{"name":"Diario1 Diario1","@id":"https:\/\/diariotextual.com\/inicio\/#\/schema\/person\/418fc4093c33e86ed41562db3508f958"},"headline":"Fondo solidario: funcionarios de Santa Rosa, Pico y Tel\u00e9n tambi\u00e9n hacen una vaquita","datePublished":"2020-03-30T22:13:48+00:00","dateModified":"2020-03-31T12:12:00+00:00","mainEntityOfPage":{"@id":"https:\/\/diariotextual.com\/inicio\/index.php\/2020\/03\/30\/fondo-solidario-funcionarios-santa-rosa-pico-ponen-dinero-telen-uno-propio\/"},"wordCount":378,"publisher":{"@id":"https:\/\/diariotextual.com\/inicio\/#organization"},"image":{"@id":"https:\/\/diariotextual.com\/inicio\/index.php\/2020\/03\/30\/fondo-solidario-funcionarios-santa-rosa-pico-ponen-dinero-telen-uno-propio\/#primaryimage"},"thumbnailUrl":"https:\/\/diariotextual.com\/inicio\/wp-content\/uploads\/2020\/03\/coronavirustelam2020-213.jpg","keywords":["fondos","pampa","pandemia"],"articleSection":["A - TEMPORALES","SOCIEDAD"],"inLanguage":"es"},{"@type":"WebPage","@id":"https:\/\/diariotextual.com\/inicio\/index.php\/2020\/03\/30\/fondo-solidario-funcionarios-santa-rosa-pico-ponen-dinero-telen-uno-propio\/","url":"https:\/\/diariotextual.com\/inicio\/index.php\/2020\/03\/30\/fondo-solidario-funcionarios-santa-rosa-pico-ponen-dinero-telen-uno-propio\/","name":"Fondo solidario: funcionarios de Santa Rosa, Pico y Tel\u00e9n tambi\u00e9n hacen una vaquita - Diario Textual","isPartOf":{"@id":"https:\/\/diariotextual.com\/inicio\/#website"},"primaryImageOfPage":{"@id":"https:\/\/diariotextual.com\/inicio\/index.php\/2020\/03\/30\/fondo-solidario-funcionarios-santa-rosa-pico-ponen-dinero-telen-uno-propio\/#primaryimage"},"image":{"@id":"https:\/\/diariotextual.com\/inicio\/index.php\/2020\/03\/30\/fondo-solidario-funcionarios-santa-rosa-pico-ponen-dinero-telen-uno-propio\/#primaryimage"},"thumbnailUrl":"https:\/\/diariotextual.com\/inicio\/wp-content\/uploads\/2020\/03\/coronavirustelam2020-213.jpg","datePublished":"2020-03-30T22:13:48+00:00","dateModified":"2020-03-31T12:12:00+00:00","breadcrumb":{"@id":"https:\/\/diariotextual.com\/inicio\/index.php\/2020\/03\/30\/fondo-solidario-funcionarios-santa-rosa-pico-ponen-dinero-telen-uno-propio\/#breadcrumb"},"inLanguage":"es","potentialAction":[{"@type":"ReadAction","target":["https:\/\/diariotextual.com\/inicio\/index.php\/2020\/03\/30\/fondo-solidario-funcionarios-santa-rosa-pico-ponen-dinero-telen-uno-propio\/"]}]},{"@type":"ImageObject","inLanguage":"es","@id":"https:\/\/diariotextual.com\/inicio\/index.php\/2020\/03\/30\/fondo-solidario-funcionarios-santa-rosa-pico-ponen-dinero-telen-uno-propio\/#primaryimage","url":"https:\/\/diariotextual.com\/inicio\/wp-content\/uploads\/2020\/03\/coronavirustelam2020-213.jpg","contentUrl":"https:\/\/diariotextual.com\/inicio\/wp-content\/uploads\/2020\/03\/coronavirustelam2020-213.jpg","width":1500,"height":1000},{"@type":"BreadcrumbList","@id":"https:\/\/diariotextual.com\/inicio\/index.php\/2020\/03\/30\/fondo-solidario-funcionarios-santa-rosa-pico-ponen-dinero-telen-uno-propio\/#breadcrumb","itemListElement":[{"@type":"ListItem","position":1,"name":"Portada","item":"https:\/\/diariotextual.com\/inicio\/"},{"@type":"ListItem","position":2,"name":"Fondo solidario: funcionarios de Santa Rosa, Pico y Tel\u00e9n tambi\u00e9n hacen una vaquita"}]},{"@type":"WebSite","@id":"https:\/\/diariotextual.com\/inicio\/#website","url":"https:\/\/diariotextual.com\/inicio\/","name":"Diario Textual","description":"","publisher":{"@id":"https:\/\/diariotextual.com\/inicio\/#organization"},"potentialAction":[{"@type":"SearchAction","target":{"@type":"EntryPoint","urlTemplate":"https:\/\/diariotextual.com\/inicio\/?s={search_term_string}"},"query-input":{"@type":"PropertyValueSpecification","valueRequired":true,"valueName":"search_term_string"}}],"inLanguage":"es"},{"@type":"Organization","@id":"https:\/\/diariotextual.com\/inicio\/#organization","name":"Diario Textual","url":"https:\/\/diariotextual.com\/inicio\/","logo":{"@type":"ImageObject","inLanguage":"es","@id":"https:\/\/diariotextual.com\/inicio\/#\/schema\/logo\/image\/","url":"https:\/\/diariotextual.com\/inicio\/wp-content\/uploads\/2023\/05\/logotextual1.jpg","contentUrl":"https:\/\/diariotextual.com\/inicio\/wp-content\/uploads\/2023\/05\/logotextual1.jpg","width":516,"height":76,"caption":"Diario Textual"},"image":{"@id":"https:\/\/diariotextual.com\/inicio\/#\/schema\/logo\/image\/"},"sameAs":["https:\/\/www.facebook.com\/eltextual","https:\/\/x.com\/eltextual","http:\/\/www.instagram.com\/eltextual"]},{"@type":"Person","@id":"https:\/\/diariotextual.com\/inicio\/#\/schema\/person\/418fc4093c33e86ed41562db3508f958","name":"Diario1 Diario1","image":{"@type":"ImageObject","inLanguage":"es","@id":"https:\/\/secure.gravatar.com\/avatar\/9167d280179c85bc18be67aa7eda765854300033af4896dd779b608640f2ef7a?s=96&d=mm&r=g","url":"https:\/\/secure.gravatar.com\/avatar\/9167d280179c85bc18be67aa7eda765854300033af4896dd779b608640f2ef7a?s=96&d=mm&r=g","contentUrl":"https:\/\/secure.gravatar.com\/avatar\/9167d280179c85bc18be67aa7eda765854300033af4896dd779b608640f2ef7a?s=96&d=mm&r=g","caption":"Diario1 Diario1"},"url":"https:\/\/diariotextual.com\/inicio\/index.php\/author\/diario1\/"}]}},"_links":{"self":[{"href":"https:\/\/diariotextual.com\/inicio\/index.php\/wp-json\/wp\/v2\/posts\/86657","targetHints":{"allow":["GET"]}}],"collection":[{"href":"https:\/\/diariotextual.com\/inicio\/index.php\/wp-json\/wp\/v2\/posts"}],"about":[{"href":"https:\/\/diariotextual.com\/inicio\/index.php\/wp-json\/wp\/v2\/types\/post"}],"author":[{"embeddable":true,"href":"https:\/\/diariotextual.com\/inicio\/index.php\/wp-json\/wp\/v2\/users\/3"}],"replies":[{"embeddable":true,"href":"https:\/\/diariotextual.com\/inicio\/index.php\/wp-json\/wp\/v2\/comments?post=86657"}],"version-history":[{"count":9,"href":"https:\/\/diariotextual.com\/inicio\/index.php\/wp-json\/wp\/v2\/posts\/86657\/revisions"}],"predecessor-version":[{"id":86670,"href":"https:\/\/diariotextual.com\/inicio\/index.php\/wp-json\/wp\/v2\/posts\/86657\/revisions\/86670"}],"wp:featuredmedia":[{"embeddable":true,"href":"https:\/\/diariotextual.com\/inicio\/index.php\/wp-json\/wp\/v2\/media\/86151"}],"wp:attachment":[{"href":"https:\/\/diariotextual.com\/inicio\/index.php\/wp-json\/wp\/v2\/media?parent=86657"}],"wp:term":[{"taxonomy":"category","embeddable":true,"href":"https:\/\/diariotextual.com\/inicio\/index.php\/wp-json\/wp\/v2\/categories?post=86657"},{"taxonomy":"post_tag","embeddable":true,"href":"https:\/\/diariotextual.com\/inicio\/index.php\/wp-json\/wp\/v2\/tags?post=86657"}],"curies":[{"name":"wp","href":"https:\/\/api.w.org\/{rel}","templated":true}]}}