{"id":86744,"date":"2020-03-31T09:47:51","date_gmt":"2020-03-31T12:47:51","guid":{"rendered":"http:\/\/diariotextual.com\/inicio\/?p=86744"},"modified":"2020-03-31T09:47:51","modified_gmt":"2020-03-31T12:47:51","slug":"la-industria-frigorifica-debera-informar-los-valores-la-carne","status":"publish","type":"post","link":"https:\/\/diariotextual.com\/inicio\/index.php\/2020\/03\/31\/la-industria-frigorifica-debera-informar-los-valores-la-carne\/","title":{"rendered":"La industria frigor\u00edfica deber\u00e1 informar los valores de la carne"},"content":{"rendered":"<p>El gobierno nacional estableci\u00f3 que la <strong>industria frigor\u00edfica de carne<\/strong> <strong>bovina<\/strong> deber\u00e1 informar semanalmente la cantidad de <strong>kilogramos de media res y cueros vendidos<\/strong> diariamente y sus respectivos <strong>precios promedio<\/strong>, los cuales se difundir\u00e1n al p\u00fablico.<\/p>\n<p>La medida fue dispuesta a trav\u00e9s de la <strong>resoluci\u00f3n 103\/2020 de la Secretar\u00eda de Comercio Interior<\/strong>, publicada hoy en el Bolet\u00edn Oficial, y se argumenta en que \u00aben el marco de esta situaci\u00f3n de emergencia\u00bb producto del coronavirus \u00abse han observado desequilibrios en el mercado de la carne vacuna, producto de distorsiones en materia de precios\u00bb.<\/p>\n<p>Para revertir esa situaci\u00f3n, se cre\u00f3 en la \u00f3rbita de la Subsecretar\u00eda de Acciones para la Defensa de los Consumidores un <strong>r\u00e9gimen informativo<\/strong> respecto de todas las empresas que se encuentren inscriptas ante la Administraci\u00f3n Federal de Ingresos P\u00fablicos (AFIP), como actividad principal o secundaria, la matanza de ganado bovino; el procesamiento de carne de ganado bovino; las operaciones de intermediaci\u00f3n de carne excepto consignatario directo, pero que comprende matarifes abastecedores de carne.<\/p>\n<p>Tambi\u00e9n abarca la venta al por mayor de carnes rojas y derivados, incluyendo abastecedores y distribuidores de carne.<\/p>\n<p><strong>Los sujetos alcanzados por la medida deber\u00e1n, el \u00faltimo d\u00eda h\u00e1bil de la semana de cada mes calendario, informar a la Subsecretar\u00eda la cantidad diaria de kilos de media res y cuero vacunos comercializados, su precio promedio diario de venta por unidad de medida y la categor\u00eda de origen de tales productos.<\/strong><\/p>\n<p>Comercio Interior se\u00f1al\u00f3 que \u00aben el marco de esta situaci\u00f3n de emergencia <strong>se han observado en los \u00faltimos tiempos determinados desequilibrios en el mercado de la carne vacuna, producto de distorsiones en materia de precios en las distintas etapas de la cadena de comercializaci\u00f3n,<\/strong> que comprenden desde la producci\u00f3n hasta su comercializaci\u00f3n final\u00bb.<\/p>\n<p>\u00abEsto se tradujo en <strong>incrementos en el precio a las y los consumidores de carne vacuna, que no parecen guardar relaci\u00f3n con la evoluci\u00f3n de los principales componentes del costo de cada uno de los eslabones de la cadena<\/strong>, ni con la situaci\u00f3n econ\u00f3mica general\u00bb, afirm\u00f3 el \u00e1rea que conduce Paula Espa\u00f1ol.<\/p>\n<p>Por lo tanto, consider\u00f3 que \u00abcon el objeto de <strong>transparentar la intervenci\u00f3n de los distintos agentes econ\u00f3micos de la cadena y resguardar, en \u00faltima instancia, al consumidor final<\/strong> corresponde establecer un r\u00e9gimen informativo de precios de la industria frigor\u00edfica de la carne vacuna y sus derivados\u00bb.<\/p>\n<p>Este r\u00e9gimen, que se extender\u00e1 por 90 d\u00edas, contempla el deber de informar de manera peri\u00f3dica, la cantidad de kilogramos de media res y cueros vendidos diariamente y sus respectivos precios promedio.<\/p>\n<p>Tambi\u00e9n comprende publicar, con acceso p\u00fablico, precios de referencia de media res y cuero con el objeto de transparentar las operaciones en la cadena de carne vacuna y as\u00ed evitar distorsiones o conductas abusivas en inter\u00e9s de todos los participantes del mercado.<\/p>\n","protected":false},"excerpt":{"rendered":"<p>El gobierno nacional estableci\u00f3 que la industria frigor\u00edfica de carne bovina deber\u00e1 informar semanalmente la cantidad de kilogramos de media res y cueros vendidos diariamente y sus respectivos precios promedio,&hellip;<\/p>\n","protected":false},"author":7,"featured_media":26970,"comment_status":"closed","ping_status":"open","sticky":false,"template":"","format":"standard","meta":{"_acf_changed":false,"footnotes":""},"categories":[11,5],"tags":[],"class_list":["post-86744","post","type-post","status-publish","format-standard","has-post-thumbnail","hentry","category-que-pasa","category-economia"],"acf":[],"yoast_head":"<!-- This site is optimized with the Yoast SEO plugin v27.5 - https:\/\/yoast.com\/product\/yoast-seo-wordpress\/ -->\n<title>La industria frigor\u00edfica deber\u00e1 informar los valores de la carne - Diario Textual<\/title>\n<meta name=\"robots\" content=\"index, follow, max-snippet:-1, max-image-preview:large, max-video-preview:-1\" \/>\n<link rel=\"canonical\" href=\"https:\/\/diariotextual.com\/inicio\/index.php\/2020\/03\/31\/la-industria-frigorifica-debera-informar-los-valores-la-carne\/\" \/>\n<meta property=\"og:locale\" content=\"es_ES\" \/>\n<meta property=\"og:type\" content=\"article\" \/>\n<meta property=\"og:title\" content=\"La industria frigor\u00edfica deber\u00e1 informar los valores de la carne - Diario Textual\" \/>\n<meta property=\"og:description\" content=\"El gobierno nacional estableci\u00f3 que la industria frigor\u00edfica de carne bovina deber\u00e1 informar semanalmente la cantidad de kilogramos de media res y cueros vendidos diariamente y sus respectivos precios promedio,&hellip;\" \/>\n<meta property=\"og:url\" content=\"https:\/\/diariotextual.com\/inicio\/index.php\/2020\/03\/31\/la-industria-frigorifica-debera-informar-los-valores-la-carne\/\" \/>\n<meta property=\"og:site_name\" content=\"Diario Textual\" \/>\n<meta property=\"article:publisher\" content=\"https:\/\/www.facebook.com\/eltextual\" \/>\n<meta property=\"article:published_time\" content=\"2020-03-31T12:47:51+00:00\" \/>\n<meta property=\"og:image\" content=\"https:\/\/diariotextual.com\/inicio\/wp-content\/uploads\/2018\/11\/carnevacunamediares23.jpg\" \/>\n\t<meta property=\"og:image:width\" content=\"837\" \/>\n\t<meta property=\"og:image:height\" content=\"567\" \/>\n\t<meta property=\"og:image:type\" content=\"image\/jpeg\" \/>\n<meta name=\"author\" content=\"diario5\" \/>\n<meta name=\"twitter:card\" content=\"summary_large_image\" \/>\n<meta name=\"twitter:creator\" content=\"@eltextual\" \/>\n<meta name=\"twitter:site\" content=\"@eltextual\" \/>\n<meta name=\"twitter:label1\" content=\"Escrito por\" \/>\n\t<meta name=\"twitter:data1\" content=\"diario5\" \/>\n\t<meta name=\"twitter:label2\" content=\"Tiempo de lectura\" \/>\n\t<meta name=\"twitter:data2\" content=\"2 minutos\" \/>\n<script type=\"application\/ld+json\" class=\"yoast-schema-graph\">{\"@context\":\"https:\\\/\\\/schema.org\",\"@graph\":[{\"@type\":\"Article\",\"@id\":\"https:\\\/\\\/diariotextual.com\\\/inicio\\\/index.php\\\/2020\\\/03\\\/31\\\/la-industria-frigorifica-debera-informar-los-valores-la-carne\\\/#article\",\"isPartOf\":{\"@id\":\"https:\\\/\\\/diariotextual.com\\\/inicio\\\/index.php\\\/2020\\\/03\\\/31\\\/la-industria-frigorifica-debera-informar-los-valores-la-carne\\\/\"},\"author\":{\"name\":\"diario5\",\"@id\":\"https:\\\/\\\/diariotextual.com\\\/inicio\\\/#\\\/schema\\\/person\\\/c7834961ad8b29b1d9cdbf4571299067\"},\"headline\":\"La industria frigor\u00edfica deber\u00e1 informar los valores de la carne\",\"datePublished\":\"2020-03-31T12:47:51+00:00\",\"mainEntityOfPage\":{\"@id\":\"https:\\\/\\\/diariotextual.com\\\/inicio\\\/index.php\\\/2020\\\/03\\\/31\\\/la-industria-frigorifica-debera-informar-los-valores-la-carne\\\/\"},\"wordCount\":509,\"publisher\":{\"@id\":\"https:\\\/\\\/diariotextual.com\\\/inicio\\\/#organization\"},\"image\":{\"@id\":\"https:\\\/\\\/diariotextual.com\\\/inicio\\\/index.php\\\/2020\\\/03\\\/31\\\/la-industria-frigorifica-debera-informar-los-valores-la-carne\\\/#primaryimage\"},\"thumbnailUrl\":\"https:\\\/\\\/diariotextual.com\\\/inicio\\\/wp-content\\\/uploads\\\/2018\\\/11\\\/carnevacunamediares23.jpg\",\"articleSection\":[\"A - QUE PASA (al costado)\",\"ECONOMIA\"],\"inLanguage\":\"es\"},{\"@type\":\"WebPage\",\"@id\":\"https:\\\/\\\/diariotextual.com\\\/inicio\\\/index.php\\\/2020\\\/03\\\/31\\\/la-industria-frigorifica-debera-informar-los-valores-la-carne\\\/\",\"url\":\"https:\\\/\\\/diariotextual.com\\\/inicio\\\/index.php\\\/2020\\\/03\\\/31\\\/la-industria-frigorifica-debera-informar-los-valores-la-carne\\\/\",\"name\":\"La industria frigor\u00edfica deber\u00e1 informar los valores de la carne - Diario Textual\",\"isPartOf\":{\"@id\":\"https:\\\/\\\/diariotextual.com\\\/inicio\\\/#website\"},\"primaryImageOfPage\":{\"@id\":\"https:\\\/\\\/diariotextual.com\\\/inicio\\\/index.php\\\/2020\\\/03\\\/31\\\/la-industria-frigorifica-debera-informar-los-valores-la-carne\\\/#primaryimage\"},\"image\":{\"@id\":\"https:\\\/\\\/diariotextual.com\\\/inicio\\\/index.php\\\/2020\\\/03\\\/31\\\/la-industria-frigorifica-debera-informar-los-valores-la-carne\\\/#primaryimage\"},\"thumbnailUrl\":\"https:\\\/\\\/diariotextual.com\\\/inicio\\\/wp-content\\\/uploads\\\/2018\\\/11\\\/carnevacunamediares23.jpg\",\"datePublished\":\"2020-03-31T12:47:51+00:00\",\"breadcrumb\":{\"@id\":\"https:\\\/\\\/diariotextual.com\\\/inicio\\\/index.php\\\/2020\\\/03\\\/31\\\/la-industria-frigorifica-debera-informar-los-valores-la-carne\\\/#breadcrumb\"},\"inLanguage\":\"es\",\"potentialAction\":[{\"@type\":\"ReadAction\",\"target\":[\"https:\\\/\\\/diariotextual.com\\\/inicio\\\/index.php\\\/2020\\\/03\\\/31\\\/la-industria-frigorifica-debera-informar-los-valores-la-carne\\\/\"]}]},{\"@type\":\"ImageObject\",\"inLanguage\":\"es\",\"@id\":\"https:\\\/\\\/diariotextual.com\\\/inicio\\\/index.php\\\/2020\\\/03\\\/31\\\/la-industria-frigorifica-debera-informar-los-valores-la-carne\\\/#primaryimage\",\"url\":\"https:\\\/\\\/diariotextual.com\\\/inicio\\\/wp-content\\\/uploads\\\/2018\\\/11\\\/carnevacunamediares23.jpg\",\"contentUrl\":\"https:\\\/\\\/diariotextual.com\\\/inicio\\\/wp-content\\\/uploads\\\/2018\\\/11\\\/carnevacunamediares23.jpg\",\"width\":837,\"height\":567},{\"@type\":\"BreadcrumbList\",\"@id\":\"https:\\\/\\\/diariotextual.com\\\/inicio\\\/index.php\\\/2020\\\/03\\\/31\\\/la-industria-frigorifica-debera-informar-los-valores-la-carne\\\/#breadcrumb\",\"itemListElement\":[{\"@type\":\"ListItem\",\"position\":1,\"name\":\"Portada\",\"item\":\"https:\\\/\\\/diariotextual.com\\\/inicio\\\/\"},{\"@type\":\"ListItem\",\"position\":2,\"name\":\"La industria frigor\u00edfica deber\u00e1 informar los valores de la carne\"}]},{\"@type\":\"WebSite\",\"@id\":\"https:\\\/\\\/diariotextual.com\\\/inicio\\\/#website\",\"url\":\"https:\\\/\\\/diariotextual.com\\\/inicio\\\/\",\"name\":\"Diario Textual\",\"description\":\"\",\"publisher\":{\"@id\":\"https:\\\/\\\/diariotextual.com\\\/inicio\\\/#organization\"},\"potentialAction\":[{\"@type\":\"SearchAction\",\"target\":{\"@type\":\"EntryPoint\",\"urlTemplate\":\"https:\\\/\\\/diariotextual.com\\\/inicio\\\/?s={search_term_string}\"},\"query-input\":{\"@type\":\"PropertyValueSpecification\",\"valueRequired\":true,\"valueName\":\"search_term_string\"}}],\"inLanguage\":\"es\"},{\"@type\":\"Organization\",\"@id\":\"https:\\\/\\\/diariotextual.com\\\/inicio\\\/#organization\",\"name\":\"Diario Textual\",\"url\":\"https:\\\/\\\/diariotextual.com\\\/inicio\\\/\",\"logo\":{\"@type\":\"ImageObject\",\"inLanguage\":\"es\",\"@id\":\"https:\\\/\\\/diariotextual.com\\\/inicio\\\/#\\\/schema\\\/logo\\\/image\\\/\",\"url\":\"https:\\\/\\\/diariotextual.com\\\/inicio\\\/wp-content\\\/uploads\\\/2023\\\/05\\\/logotextual1.jpg\",\"contentUrl\":\"https:\\\/\\\/diariotextual.com\\\/inicio\\\/wp-content\\\/uploads\\\/2023\\\/05\\\/logotextual1.jpg\",\"width\":516,\"height\":76,\"caption\":\"Diario Textual\"},\"image\":{\"@id\":\"https:\\\/\\\/diariotextual.com\\\/inicio\\\/#\\\/schema\\\/logo\\\/image\\\/\"},\"sameAs\":[\"https:\\\/\\\/www.facebook.com\\\/eltextual\",\"https:\\\/\\\/x.com\\\/eltextual\",\"http:\\\/\\\/www.instagram.com\\\/eltextual\"]},{\"@type\":\"Person\",\"@id\":\"https:\\\/\\\/diariotextual.com\\\/inicio\\\/#\\\/schema\\\/person\\\/c7834961ad8b29b1d9cdbf4571299067\",\"name\":\"diario5\",\"image\":{\"@type\":\"ImageObject\",\"inLanguage\":\"es\",\"@id\":\"https:\\\/\\\/secure.gravatar.com\\\/avatar\\\/948c893b847ca6df68216ead81b63f363408ec9b0f600fefc0641ce78613b111?s=96&d=mm&r=g\",\"url\":\"https:\\\/\\\/secure.gravatar.com\\\/avatar\\\/948c893b847ca6df68216ead81b63f363408ec9b0f600fefc0641ce78613b111?s=96&d=mm&r=g\",\"contentUrl\":\"https:\\\/\\\/secure.gravatar.com\\\/avatar\\\/948c893b847ca6df68216ead81b63f363408ec9b0f600fefc0641ce78613b111?s=96&d=mm&r=g\",\"caption\":\"diario5\"},\"url\":\"https:\\\/\\\/diariotextual.com\\\/inicio\\\/index.php\\\/author\\\/diario5\\\/\"}]}<\/script>\n<!-- \/ Yoast SEO plugin. -->","yoast_head_json":{"title":"La industria frigor\u00edfica deber\u00e1 informar los valores de la carne - Diario Textual","robots":{"index":"index","follow":"follow","max-snippet":"max-snippet:-1","max-image-preview":"max-image-preview:large","max-video-preview":"max-video-preview:-1"},"canonical":"https:\/\/diariotextual.com\/inicio\/index.php\/2020\/03\/31\/la-industria-frigorifica-debera-informar-los-valores-la-carne\/","og_locale":"es_ES","og_type":"article","og_title":"La industria frigor\u00edfica deber\u00e1 informar los valores de la carne - Diario Textual","og_description":"El gobierno nacional estableci\u00f3 que la industria frigor\u00edfica de carne bovina deber\u00e1 informar semanalmente la cantidad de kilogramos de media res y cueros vendidos diariamente y sus respectivos precios promedio,&hellip;","og_url":"https:\/\/diariotextual.com\/inicio\/index.php\/2020\/03\/31\/la-industria-frigorifica-debera-informar-los-valores-la-carne\/","og_site_name":"Diario Textual","article_publisher":"https:\/\/www.facebook.com\/eltextual","article_published_time":"2020-03-31T12:47:51+00:00","og_image":[{"width":837,"height":567,"url":"https:\/\/diariotextual.com\/inicio\/wp-content\/uploads\/2018\/11\/carnevacunamediares23.jpg","type":"image\/jpeg"}],"author":"diario5","twitter_card":"summary_large_image","twitter_creator":"@eltextual","twitter_site":"@eltextual","twitter_misc":{"Escrito por":"diario5","Tiempo de lectura":"2 minutos"},"schema":{"@context":"https:\/\/schema.org","@graph":[{"@type":"Article","@id":"https:\/\/diariotextual.com\/inicio\/index.php\/2020\/03\/31\/la-industria-frigorifica-debera-informar-los-valores-la-carne\/#article","isPartOf":{"@id":"https:\/\/diariotextual.com\/inicio\/index.php\/2020\/03\/31\/la-industria-frigorifica-debera-informar-los-valores-la-carne\/"},"author":{"name":"diario5","@id":"https:\/\/diariotextual.com\/inicio\/#\/schema\/person\/c7834961ad8b29b1d9cdbf4571299067"},"headline":"La industria frigor\u00edfica deber\u00e1 informar los valores de la carne","datePublished":"2020-03-31T12:47:51+00:00","mainEntityOfPage":{"@id":"https:\/\/diariotextual.com\/inicio\/index.php\/2020\/03\/31\/la-industria-frigorifica-debera-informar-los-valores-la-carne\/"},"wordCount":509,"publisher":{"@id":"https:\/\/diariotextual.com\/inicio\/#organization"},"image":{"@id":"https:\/\/diariotextual.com\/inicio\/index.php\/2020\/03\/31\/la-industria-frigorifica-debera-informar-los-valores-la-carne\/#primaryimage"},"thumbnailUrl":"https:\/\/diariotextual.com\/inicio\/wp-content\/uploads\/2018\/11\/carnevacunamediares23.jpg","articleSection":["A - QUE PASA (al costado)","ECONOMIA"],"inLanguage":"es"},{"@type":"WebPage","@id":"https:\/\/diariotextual.com\/inicio\/index.php\/2020\/03\/31\/la-industria-frigorifica-debera-informar-los-valores-la-carne\/","url":"https:\/\/diariotextual.com\/inicio\/index.php\/2020\/03\/31\/la-industria-frigorifica-debera-informar-los-valores-la-carne\/","name":"La industria frigor\u00edfica deber\u00e1 informar los valores de la carne - Diario Textual","isPartOf":{"@id":"https:\/\/diariotextual.com\/inicio\/#website"},"primaryImageOfPage":{"@id":"https:\/\/diariotextual.com\/inicio\/index.php\/2020\/03\/31\/la-industria-frigorifica-debera-informar-los-valores-la-carne\/#primaryimage"},"image":{"@id":"https:\/\/diariotextual.com\/inicio\/index.php\/2020\/03\/31\/la-industria-frigorifica-debera-informar-los-valores-la-carne\/#primaryimage"},"thumbnailUrl":"https:\/\/diariotextual.com\/inicio\/wp-content\/uploads\/2018\/11\/carnevacunamediares23.jpg","datePublished":"2020-03-31T12:47:51+00:00","breadcrumb":{"@id":"https:\/\/diariotextual.com\/inicio\/index.php\/2020\/03\/31\/la-industria-frigorifica-debera-informar-los-valores-la-carne\/#breadcrumb"},"inLanguage":"es","potentialAction":[{"@type":"ReadAction","target":["https:\/\/diariotextual.com\/inicio\/index.php\/2020\/03\/31\/la-industria-frigorifica-debera-informar-los-valores-la-carne\/"]}]},{"@type":"ImageObject","inLanguage":"es","@id":"https:\/\/diariotextual.com\/inicio\/index.php\/2020\/03\/31\/la-industria-frigorifica-debera-informar-los-valores-la-carne\/#primaryimage","url":"https:\/\/diariotextual.com\/inicio\/wp-content\/uploads\/2018\/11\/carnevacunamediares23.jpg","contentUrl":"https:\/\/diariotextual.com\/inicio\/wp-content\/uploads\/2018\/11\/carnevacunamediares23.jpg","width":837,"height":567},{"@type":"BreadcrumbList","@id":"https:\/\/diariotextual.com\/inicio\/index.php\/2020\/03\/31\/la-industria-frigorifica-debera-informar-los-valores-la-carne\/#breadcrumb","itemListElement":[{"@type":"ListItem","position":1,"name":"Portada","item":"https:\/\/diariotextual.com\/inicio\/"},{"@type":"ListItem","position":2,"name":"La industria frigor\u00edfica deber\u00e1 informar los valores de la carne"}]},{"@type":"WebSite","@id":"https:\/\/diariotextual.com\/inicio\/#website","url":"https:\/\/diariotextual.com\/inicio\/","name":"Diario Textual","description":"","publisher":{"@id":"https:\/\/diariotextual.com\/inicio\/#organization"},"potentialAction":[{"@type":"SearchAction","target":{"@type":"EntryPoint","urlTemplate":"https:\/\/diariotextual.com\/inicio\/?s={search_term_string}"},"query-input":{"@type":"PropertyValueSpecification","valueRequired":true,"valueName":"search_term_string"}}],"inLanguage":"es"},{"@type":"Organization","@id":"https:\/\/diariotextual.com\/inicio\/#organization","name":"Diario Textual","url":"https:\/\/diariotextual.com\/inicio\/","logo":{"@type":"ImageObject","inLanguage":"es","@id":"https:\/\/diariotextual.com\/inicio\/#\/schema\/logo\/image\/","url":"https:\/\/diariotextual.com\/inicio\/wp-content\/uploads\/2023\/05\/logotextual1.jpg","contentUrl":"https:\/\/diariotextual.com\/inicio\/wp-content\/uploads\/2023\/05\/logotextual1.jpg","width":516,"height":76,"caption":"Diario Textual"},"image":{"@id":"https:\/\/diariotextual.com\/inicio\/#\/schema\/logo\/image\/"},"sameAs":["https:\/\/www.facebook.com\/eltextual","https:\/\/x.com\/eltextual","http:\/\/www.instagram.com\/eltextual"]},{"@type":"Person","@id":"https:\/\/diariotextual.com\/inicio\/#\/schema\/person\/c7834961ad8b29b1d9cdbf4571299067","name":"diario5","image":{"@type":"ImageObject","inLanguage":"es","@id":"https:\/\/secure.gravatar.com\/avatar\/948c893b847ca6df68216ead81b63f363408ec9b0f600fefc0641ce78613b111?s=96&d=mm&r=g","url":"https:\/\/secure.gravatar.com\/avatar\/948c893b847ca6df68216ead81b63f363408ec9b0f600fefc0641ce78613b111?s=96&d=mm&r=g","contentUrl":"https:\/\/secure.gravatar.com\/avatar\/948c893b847ca6df68216ead81b63f363408ec9b0f600fefc0641ce78613b111?s=96&d=mm&r=g","caption":"diario5"},"url":"https:\/\/diariotextual.com\/inicio\/index.php\/author\/diario5\/"}]}},"_links":{"self":[{"href":"https:\/\/diariotextual.com\/inicio\/index.php\/wp-json\/wp\/v2\/posts\/86744","targetHints":{"allow":["GET"]}}],"collection":[{"href":"https:\/\/diariotextual.com\/inicio\/index.php\/wp-json\/wp\/v2\/posts"}],"about":[{"href":"https:\/\/diariotextual.com\/inicio\/index.php\/wp-json\/wp\/v2\/types\/post"}],"author":[{"embeddable":true,"href":"https:\/\/diariotextual.com\/inicio\/index.php\/wp-json\/wp\/v2\/users\/7"}],"replies":[{"embeddable":true,"href":"https:\/\/diariotextual.com\/inicio\/index.php\/wp-json\/wp\/v2\/comments?post=86744"}],"version-history":[{"count":1,"href":"https:\/\/diariotextual.com\/inicio\/index.php\/wp-json\/wp\/v2\/posts\/86744\/revisions"}],"predecessor-version":[{"id":86745,"href":"https:\/\/diariotextual.com\/inicio\/index.php\/wp-json\/wp\/v2\/posts\/86744\/revisions\/86745"}],"wp:featuredmedia":[{"embeddable":true,"href":"https:\/\/diariotextual.com\/inicio\/index.php\/wp-json\/wp\/v2\/media\/26970"}],"wp:attachment":[{"href":"https:\/\/diariotextual.com\/inicio\/index.php\/wp-json\/wp\/v2\/media?parent=86744"}],"wp:term":[{"taxonomy":"category","embeddable":true,"href":"https:\/\/diariotextual.com\/inicio\/index.php\/wp-json\/wp\/v2\/categories?post=86744"},{"taxonomy":"post_tag","embeddable":true,"href":"https:\/\/diariotextual.com\/inicio\/index.php\/wp-json\/wp\/v2\/tags?post=86744"}],"curies":[{"name":"wp","href":"https:\/\/api.w.org\/{rel}","templated":true}]}}