{"id":86902,"date":"2020-03-31T21:54:19","date_gmt":"2020-04-01T00:54:19","guid":{"rendered":"http:\/\/diariotextual.com\/inicio\/?p=86902"},"modified":"2020-04-01T07:21:02","modified_gmt":"2020-04-01T10:21:02","slug":"guzman-negocia-acreedores-privados-busca-acuerdo-fmi","status":"publish","type":"post","link":"https:\/\/diariotextual.com\/inicio\/index.php\/2020\/03\/31\/guzman-negocia-acreedores-privados-busca-acuerdo-fmi\/","title":{"rendered":"Deuda: Guzm\u00e1n negocia con acreedores privados y busca un acuerdo con el FMI"},"content":{"rendered":"<p>El ministro de Econom\u00eda, Mart\u00edn Guzm\u00e1n, anunci\u00f3 este martes que <strong>continuar\u00e1 el di\u00e1logo esta semana y la pr\u00f3xima con tenedores de bonos para reestructurar la deuda de US$ 68.842 millones emitida bajo legislaci\u00f3n extranjera<\/strong>, al tiempo que buscar\u00e1 <strong>alcanzar un nuevo acuerdo con el Fondo Monetario Internacional (FMI) para refinanciar otros US$ 44.000 millones.<\/strong><\/p>\n<p><!--more--><\/p>\n<p>Debido a la <strong>pandemia del coronavirus \u201cse atras\u00f3\u201d el cronograma lanzado a finales de enero por el propio Ministerio<\/strong> y que preve\u00eda que para fin de marzo ya estar\u00eda cerrada la operaci\u00f3n, dijo Guzm\u00e1n esta noche durante una rueda de prensa celebrada en el Palacio de Hacienda.<\/p>\n<p>\u201cHemos tenido un peque\u00f1o retraso en la oferta formal\u201d, debido a la situaci\u00f3n que est\u00e1 viviendo el mundo y por eso \u201cuna fecha precisa no est\u00e1 siendo posible\u201d de definir, sin embargo <strong>asegur\u00f3 que se est\u00e1 \u00abdialogando de manera constructiva con los bonistas\u201d para alcanzar acuerdos y llegar a un horizonte de normalizaci\u00f3n de la deuda.<\/strong><\/p>\n<p>Guzm\u00e1n tambi\u00e9n destac\u00f3 que su cartera le presta \u00abmucha atenci\u00f3n al an\u00e1lisis de sostenibilidad de la deuda que hizo el FMI\u201d el 20 de marzo y que apuntaba a que <strong>Argentina necesitaba cinco a\u00f1os de gracia, una quita de entre US$ 55.000 y US$ 85.000 millones \u201co una combinaci\u00f3n de estos factores\u201d.<\/strong><\/p>\n<p>Esos <strong>principios se utilizar\u00e1n en la negociaci\u00f3n con los privados<\/strong>, y la propuesta resultante puede <strong>contar con un periodo de gracia para el pago de la deuda, la reducci\u00f3n de cupones, la quita de capital<\/strong>, junto con extensi\u00f3n de plazos \u201cen m\u00faltiples combinaciones\u201d de estas herramientas, dijo Guzm\u00e1n.<\/p>\n<p>\u201cLa oferta no tiene porqu\u00e9 ser exactamente igual, pero s\u00ed prestamos atenci\u00f3n a las sugerencias del staff t\u00e9cnico del Fondo\u201d, dijo el funcionario quien tambi\u00e9n detall\u00f3 que le podr\u00edan brindar a los acreedores un bono atado al PBI \u201csi es de su inter\u00e9s\u201d.<\/p>\n<p>&nbsp;<\/p>\n<p><strong>Sin endeudarse<\/strong><\/p>\n<p>Al ser consultado sobre <strong>cu\u00e1ndo el Gobierno pretende volver al mercado financiero internacional<\/strong>, el ministro desalent\u00f3 cualquier tipo de urgencia al afirmar: <strong>\u201cArgentina no volver\u00e1 a endeudarse a tasas que no sean sostenibles\u201d.<\/strong><\/p>\n<p>En cuanto a los precios de los bonos argentinos en los mercados globales, Guzm\u00e1n detall\u00f3 que no hay muchas transacciones y hay una enorme heterogeneidad.<\/p>\n<p>El titular del Palacio de Hacienda tambi\u00e9n adelant\u00f3: \u201c<strong>El pa\u00eds va a seguir refinanciando como lo viene haciendo\u201d los vencimientos de t\u00edtulos emitidos bajo legislaci\u00f3n local<\/strong> y que la restructuraci\u00f3n de esas acreencias \u201cse har\u00e1 despu\u00e9s de la de la deuda externa\u201d por motivos legales.<\/p>\n<p>El funcionario tambi\u00e9n sostuvo que <strong>el Gobierno quiere un nuevo acuerdo con el FMI, en base a los propios supuestos macroecon\u00f3micos, que le brinden sustentabilidad al pago de la deuda<\/strong>. \u201cArgentina no est\u00e1 en condiciones de hacer frente al acuerdo logrado por el gobierno anterior\u201d, expres\u00f3.<\/p>\n<p>Sin embargo, <strong>apunt\u00f3 a \u201cel di\u00e1logo constructivo que viene teniendo el Gobierno\u201d con el FMI y que espera que se normalice la situaci\u00f3n desatada por la pandemia del coronavirus<\/strong>, para que una misi\u00f3n t\u00e9cnica del organismo realice las revisiones de acuerdo al art\u00edculo cuarto del organismo \u201cpaso previo a las negociaciones\u201d.<\/p>\n<p>En este mismo sentido, dijo que el pa\u00eds no pedir\u00e1 un tratamiento especial como lo podr\u00edan hacer otras naciones afectadas por el coronavirus.<\/p>\n","protected":false},"excerpt":{"rendered":"<p>El ministro de Econom\u00eda, Mart\u00edn Guzm\u00e1n, anunci\u00f3 este martes que continuar\u00e1 el di\u00e1logo esta semana y la pr\u00f3xima con tenedores de bonos para reestructurar la deuda de US$ 68.842 millones&hellip;<\/p>\n","protected":false},"author":5,"featured_media":73516,"comment_status":"closed","ping_status":"open","sticky":false,"template":"","format":"standard","meta":{"_acf_changed":false,"footnotes":""},"categories":[11,5],"tags":[],"class_list":["post-86902","post","type-post","status-publish","format-standard","has-post-thumbnail","hentry","category-que-pasa","category-economia"],"acf":[],"yoast_head":"<!-- This site is optimized with the Yoast SEO plugin v27.5 - https:\/\/yoast.com\/product\/yoast-seo-wordpress\/ -->\n<title>Deuda: Guzm\u00e1n negocia con acreedores privados y busca un acuerdo con el FMI - Diario Textual<\/title>\n<meta name=\"robots\" content=\"index, follow, max-snippet:-1, max-image-preview:large, max-video-preview:-1\" \/>\n<link rel=\"canonical\" href=\"https:\/\/diariotextual.com\/inicio\/index.php\/2020\/03\/31\/guzman-negocia-acreedores-privados-busca-acuerdo-fmi\/\" \/>\n<meta property=\"og:locale\" content=\"es_ES\" \/>\n<meta property=\"og:type\" content=\"article\" \/>\n<meta property=\"og:title\" content=\"Deuda: Guzm\u00e1n negocia con acreedores privados y busca un acuerdo con el FMI - Diario Textual\" \/>\n<meta property=\"og:description\" content=\"El ministro de Econom\u00eda, Mart\u00edn Guzm\u00e1n, anunci\u00f3 este martes que continuar\u00e1 el di\u00e1logo esta semana y la pr\u00f3xima con tenedores de bonos para reestructurar la deuda de US$ 68.842 millones&hellip;\" \/>\n<meta property=\"og:url\" content=\"https:\/\/diariotextual.com\/inicio\/index.php\/2020\/03\/31\/guzman-negocia-acreedores-privados-busca-acuerdo-fmi\/\" \/>\n<meta property=\"og:site_name\" content=\"Diario Textual\" \/>\n<meta property=\"article:publisher\" content=\"https:\/\/www.facebook.com\/eltextual\" \/>\n<meta property=\"article:published_time\" content=\"2020-04-01T00:54:19+00:00\" \/>\n<meta property=\"article:modified_time\" content=\"2020-04-01T10:21:02+00:00\" \/>\n<meta property=\"og:image\" content=\"https:\/\/diariotextual.com\/inicio\/wp-content\/uploads\/2019\/12\/guzmanmartin.jpg\" \/>\n\t<meta property=\"og:image:width\" content=\"829\" \/>\n\t<meta property=\"og:image:height\" content=\"466\" \/>\n\t<meta property=\"og:image:type\" content=\"image\/jpeg\" \/>\n<meta name=\"author\" content=\"diario3\" \/>\n<meta name=\"twitter:card\" content=\"summary_large_image\" \/>\n<meta name=\"twitter:creator\" content=\"@eltextual\" \/>\n<meta name=\"twitter:site\" content=\"@eltextual\" \/>\n<meta name=\"twitter:label1\" content=\"Escrito por\" \/>\n\t<meta name=\"twitter:data1\" content=\"diario3\" \/>\n\t<meta name=\"twitter:label2\" content=\"Tiempo de lectura\" \/>\n\t<meta name=\"twitter:data2\" content=\"3 minutos\" \/>\n<script type=\"application\/ld+json\" class=\"yoast-schema-graph\">{\"@context\":\"https:\\\/\\\/schema.org\",\"@graph\":[{\"@type\":\"Article\",\"@id\":\"https:\\\/\\\/diariotextual.com\\\/inicio\\\/index.php\\\/2020\\\/03\\\/31\\\/guzman-negocia-acreedores-privados-busca-acuerdo-fmi\\\/#article\",\"isPartOf\":{\"@id\":\"https:\\\/\\\/diariotextual.com\\\/inicio\\\/index.php\\\/2020\\\/03\\\/31\\\/guzman-negocia-acreedores-privados-busca-acuerdo-fmi\\\/\"},\"author\":{\"name\":\"diario3\",\"@id\":\"https:\\\/\\\/diariotextual.com\\\/inicio\\\/#\\\/schema\\\/person\\\/a1b6f563e0ee944c60f98119389a4d9f\"},\"headline\":\"Deuda: Guzm\u00e1n negocia con acreedores privados y busca un acuerdo con el FMI\",\"datePublished\":\"2020-04-01T00:54:19+00:00\",\"dateModified\":\"2020-04-01T10:21:02+00:00\",\"mainEntityOfPage\":{\"@id\":\"https:\\\/\\\/diariotextual.com\\\/inicio\\\/index.php\\\/2020\\\/03\\\/31\\\/guzman-negocia-acreedores-privados-busca-acuerdo-fmi\\\/\"},\"wordCount\":582,\"publisher\":{\"@id\":\"https:\\\/\\\/diariotextual.com\\\/inicio\\\/#organization\"},\"image\":{\"@id\":\"https:\\\/\\\/diariotextual.com\\\/inicio\\\/index.php\\\/2020\\\/03\\\/31\\\/guzman-negocia-acreedores-privados-busca-acuerdo-fmi\\\/#primaryimage\"},\"thumbnailUrl\":\"https:\\\/\\\/diariotextual.com\\\/inicio\\\/wp-content\\\/uploads\\\/2019\\\/12\\\/guzmanmartin.jpg\",\"articleSection\":[\"A - QUE PASA (al costado)\",\"ECONOMIA\"],\"inLanguage\":\"es\"},{\"@type\":\"WebPage\",\"@id\":\"https:\\\/\\\/diariotextual.com\\\/inicio\\\/index.php\\\/2020\\\/03\\\/31\\\/guzman-negocia-acreedores-privados-busca-acuerdo-fmi\\\/\",\"url\":\"https:\\\/\\\/diariotextual.com\\\/inicio\\\/index.php\\\/2020\\\/03\\\/31\\\/guzman-negocia-acreedores-privados-busca-acuerdo-fmi\\\/\",\"name\":\"Deuda: Guzm\u00e1n negocia con acreedores privados y busca un acuerdo con el FMI - Diario Textual\",\"isPartOf\":{\"@id\":\"https:\\\/\\\/diariotextual.com\\\/inicio\\\/#website\"},\"primaryImageOfPage\":{\"@id\":\"https:\\\/\\\/diariotextual.com\\\/inicio\\\/index.php\\\/2020\\\/03\\\/31\\\/guzman-negocia-acreedores-privados-busca-acuerdo-fmi\\\/#primaryimage\"},\"image\":{\"@id\":\"https:\\\/\\\/diariotextual.com\\\/inicio\\\/index.php\\\/2020\\\/03\\\/31\\\/guzman-negocia-acreedores-privados-busca-acuerdo-fmi\\\/#primaryimage\"},\"thumbnailUrl\":\"https:\\\/\\\/diariotextual.com\\\/inicio\\\/wp-content\\\/uploads\\\/2019\\\/12\\\/guzmanmartin.jpg\",\"datePublished\":\"2020-04-01T00:54:19+00:00\",\"dateModified\":\"2020-04-01T10:21:02+00:00\",\"breadcrumb\":{\"@id\":\"https:\\\/\\\/diariotextual.com\\\/inicio\\\/index.php\\\/2020\\\/03\\\/31\\\/guzman-negocia-acreedores-privados-busca-acuerdo-fmi\\\/#breadcrumb\"},\"inLanguage\":\"es\",\"potentialAction\":[{\"@type\":\"ReadAction\",\"target\":[\"https:\\\/\\\/diariotextual.com\\\/inicio\\\/index.php\\\/2020\\\/03\\\/31\\\/guzman-negocia-acreedores-privados-busca-acuerdo-fmi\\\/\"]}]},{\"@type\":\"ImageObject\",\"inLanguage\":\"es\",\"@id\":\"https:\\\/\\\/diariotextual.com\\\/inicio\\\/index.php\\\/2020\\\/03\\\/31\\\/guzman-negocia-acreedores-privados-busca-acuerdo-fmi\\\/#primaryimage\",\"url\":\"https:\\\/\\\/diariotextual.com\\\/inicio\\\/wp-content\\\/uploads\\\/2019\\\/12\\\/guzmanmartin.jpg\",\"contentUrl\":\"https:\\\/\\\/diariotextual.com\\\/inicio\\\/wp-content\\\/uploads\\\/2019\\\/12\\\/guzmanmartin.jpg\",\"width\":829,\"height\":466},{\"@type\":\"BreadcrumbList\",\"@id\":\"https:\\\/\\\/diariotextual.com\\\/inicio\\\/index.php\\\/2020\\\/03\\\/31\\\/guzman-negocia-acreedores-privados-busca-acuerdo-fmi\\\/#breadcrumb\",\"itemListElement\":[{\"@type\":\"ListItem\",\"position\":1,\"name\":\"Portada\",\"item\":\"https:\\\/\\\/diariotextual.com\\\/inicio\\\/\"},{\"@type\":\"ListItem\",\"position\":2,\"name\":\"Deuda: Guzm\u00e1n negocia con acreedores privados y busca un acuerdo con el FMI\"}]},{\"@type\":\"WebSite\",\"@id\":\"https:\\\/\\\/diariotextual.com\\\/inicio\\\/#website\",\"url\":\"https:\\\/\\\/diariotextual.com\\\/inicio\\\/\",\"name\":\"Diario Textual\",\"description\":\"\",\"publisher\":{\"@id\":\"https:\\\/\\\/diariotextual.com\\\/inicio\\\/#organization\"},\"potentialAction\":[{\"@type\":\"SearchAction\",\"target\":{\"@type\":\"EntryPoint\",\"urlTemplate\":\"https:\\\/\\\/diariotextual.com\\\/inicio\\\/?s={search_term_string}\"},\"query-input\":{\"@type\":\"PropertyValueSpecification\",\"valueRequired\":true,\"valueName\":\"search_term_string\"}}],\"inLanguage\":\"es\"},{\"@type\":\"Organization\",\"@id\":\"https:\\\/\\\/diariotextual.com\\\/inicio\\\/#organization\",\"name\":\"Diario Textual\",\"url\":\"https:\\\/\\\/diariotextual.com\\\/inicio\\\/\",\"logo\":{\"@type\":\"ImageObject\",\"inLanguage\":\"es\",\"@id\":\"https:\\\/\\\/diariotextual.com\\\/inicio\\\/#\\\/schema\\\/logo\\\/image\\\/\",\"url\":\"https:\\\/\\\/diariotextual.com\\\/inicio\\\/wp-content\\\/uploads\\\/2023\\\/05\\\/logotextual1.jpg\",\"contentUrl\":\"https:\\\/\\\/diariotextual.com\\\/inicio\\\/wp-content\\\/uploads\\\/2023\\\/05\\\/logotextual1.jpg\",\"width\":516,\"height\":76,\"caption\":\"Diario Textual\"},\"image\":{\"@id\":\"https:\\\/\\\/diariotextual.com\\\/inicio\\\/#\\\/schema\\\/logo\\\/image\\\/\"},\"sameAs\":[\"https:\\\/\\\/www.facebook.com\\\/eltextual\",\"https:\\\/\\\/x.com\\\/eltextual\",\"http:\\\/\\\/www.instagram.com\\\/eltextual\"]},{\"@type\":\"Person\",\"@id\":\"https:\\\/\\\/diariotextual.com\\\/inicio\\\/#\\\/schema\\\/person\\\/a1b6f563e0ee944c60f98119389a4d9f\",\"name\":\"diario3\",\"image\":{\"@type\":\"ImageObject\",\"inLanguage\":\"es\",\"@id\":\"https:\\\/\\\/secure.gravatar.com\\\/avatar\\\/5e7ee62c82fc04d9dd79d746a390d93c69c43223e5faeeb3ea9461ef752bfc5d?s=96&d=mm&r=g\",\"url\":\"https:\\\/\\\/secure.gravatar.com\\\/avatar\\\/5e7ee62c82fc04d9dd79d746a390d93c69c43223e5faeeb3ea9461ef752bfc5d?s=96&d=mm&r=g\",\"contentUrl\":\"https:\\\/\\\/secure.gravatar.com\\\/avatar\\\/5e7ee62c82fc04d9dd79d746a390d93c69c43223e5faeeb3ea9461ef752bfc5d?s=96&d=mm&r=g\",\"caption\":\"diario3\"},\"url\":\"https:\\\/\\\/diariotextual.com\\\/inicio\\\/index.php\\\/author\\\/diario3\\\/\"}]}<\/script>\n<!-- \/ Yoast SEO plugin. -->","yoast_head_json":{"title":"Deuda: Guzm\u00e1n negocia con acreedores privados y busca un acuerdo con el FMI - Diario Textual","robots":{"index":"index","follow":"follow","max-snippet":"max-snippet:-1","max-image-preview":"max-image-preview:large","max-video-preview":"max-video-preview:-1"},"canonical":"https:\/\/diariotextual.com\/inicio\/index.php\/2020\/03\/31\/guzman-negocia-acreedores-privados-busca-acuerdo-fmi\/","og_locale":"es_ES","og_type":"article","og_title":"Deuda: Guzm\u00e1n negocia con acreedores privados y busca un acuerdo con el FMI - Diario Textual","og_description":"El ministro de Econom\u00eda, Mart\u00edn Guzm\u00e1n, anunci\u00f3 este martes que continuar\u00e1 el di\u00e1logo esta semana y la pr\u00f3xima con tenedores de bonos para reestructurar la deuda de US$ 68.842 millones&hellip;","og_url":"https:\/\/diariotextual.com\/inicio\/index.php\/2020\/03\/31\/guzman-negocia-acreedores-privados-busca-acuerdo-fmi\/","og_site_name":"Diario Textual","article_publisher":"https:\/\/www.facebook.com\/eltextual","article_published_time":"2020-04-01T00:54:19+00:00","article_modified_time":"2020-04-01T10:21:02+00:00","og_image":[{"width":829,"height":466,"url":"https:\/\/diariotextual.com\/inicio\/wp-content\/uploads\/2019\/12\/guzmanmartin.jpg","type":"image\/jpeg"}],"author":"diario3","twitter_card":"summary_large_image","twitter_creator":"@eltextual","twitter_site":"@eltextual","twitter_misc":{"Escrito por":"diario3","Tiempo de lectura":"3 minutos"},"schema":{"@context":"https:\/\/schema.org","@graph":[{"@type":"Article","@id":"https:\/\/diariotextual.com\/inicio\/index.php\/2020\/03\/31\/guzman-negocia-acreedores-privados-busca-acuerdo-fmi\/#article","isPartOf":{"@id":"https:\/\/diariotextual.com\/inicio\/index.php\/2020\/03\/31\/guzman-negocia-acreedores-privados-busca-acuerdo-fmi\/"},"author":{"name":"diario3","@id":"https:\/\/diariotextual.com\/inicio\/#\/schema\/person\/a1b6f563e0ee944c60f98119389a4d9f"},"headline":"Deuda: Guzm\u00e1n negocia con acreedores privados y busca un acuerdo con el FMI","datePublished":"2020-04-01T00:54:19+00:00","dateModified":"2020-04-01T10:21:02+00:00","mainEntityOfPage":{"@id":"https:\/\/diariotextual.com\/inicio\/index.php\/2020\/03\/31\/guzman-negocia-acreedores-privados-busca-acuerdo-fmi\/"},"wordCount":582,"publisher":{"@id":"https:\/\/diariotextual.com\/inicio\/#organization"},"image":{"@id":"https:\/\/diariotextual.com\/inicio\/index.php\/2020\/03\/31\/guzman-negocia-acreedores-privados-busca-acuerdo-fmi\/#primaryimage"},"thumbnailUrl":"https:\/\/diariotextual.com\/inicio\/wp-content\/uploads\/2019\/12\/guzmanmartin.jpg","articleSection":["A - QUE PASA (al costado)","ECONOMIA"],"inLanguage":"es"},{"@type":"WebPage","@id":"https:\/\/diariotextual.com\/inicio\/index.php\/2020\/03\/31\/guzman-negocia-acreedores-privados-busca-acuerdo-fmi\/","url":"https:\/\/diariotextual.com\/inicio\/index.php\/2020\/03\/31\/guzman-negocia-acreedores-privados-busca-acuerdo-fmi\/","name":"Deuda: Guzm\u00e1n negocia con acreedores privados y busca un acuerdo con el FMI - Diario Textual","isPartOf":{"@id":"https:\/\/diariotextual.com\/inicio\/#website"},"primaryImageOfPage":{"@id":"https:\/\/diariotextual.com\/inicio\/index.php\/2020\/03\/31\/guzman-negocia-acreedores-privados-busca-acuerdo-fmi\/#primaryimage"},"image":{"@id":"https:\/\/diariotextual.com\/inicio\/index.php\/2020\/03\/31\/guzman-negocia-acreedores-privados-busca-acuerdo-fmi\/#primaryimage"},"thumbnailUrl":"https:\/\/diariotextual.com\/inicio\/wp-content\/uploads\/2019\/12\/guzmanmartin.jpg","datePublished":"2020-04-01T00:54:19+00:00","dateModified":"2020-04-01T10:21:02+00:00","breadcrumb":{"@id":"https:\/\/diariotextual.com\/inicio\/index.php\/2020\/03\/31\/guzman-negocia-acreedores-privados-busca-acuerdo-fmi\/#breadcrumb"},"inLanguage":"es","potentialAction":[{"@type":"ReadAction","target":["https:\/\/diariotextual.com\/inicio\/index.php\/2020\/03\/31\/guzman-negocia-acreedores-privados-busca-acuerdo-fmi\/"]}]},{"@type":"ImageObject","inLanguage":"es","@id":"https:\/\/diariotextual.com\/inicio\/index.php\/2020\/03\/31\/guzman-negocia-acreedores-privados-busca-acuerdo-fmi\/#primaryimage","url":"https:\/\/diariotextual.com\/inicio\/wp-content\/uploads\/2019\/12\/guzmanmartin.jpg","contentUrl":"https:\/\/diariotextual.com\/inicio\/wp-content\/uploads\/2019\/12\/guzmanmartin.jpg","width":829,"height":466},{"@type":"BreadcrumbList","@id":"https:\/\/diariotextual.com\/inicio\/index.php\/2020\/03\/31\/guzman-negocia-acreedores-privados-busca-acuerdo-fmi\/#breadcrumb","itemListElement":[{"@type":"ListItem","position":1,"name":"Portada","item":"https:\/\/diariotextual.com\/inicio\/"},{"@type":"ListItem","position":2,"name":"Deuda: Guzm\u00e1n negocia con acreedores privados y busca un acuerdo con el FMI"}]},{"@type":"WebSite","@id":"https:\/\/diariotextual.com\/inicio\/#website","url":"https:\/\/diariotextual.com\/inicio\/","name":"Diario Textual","description":"","publisher":{"@id":"https:\/\/diariotextual.com\/inicio\/#organization"},"potentialAction":[{"@type":"SearchAction","target":{"@type":"EntryPoint","urlTemplate":"https:\/\/diariotextual.com\/inicio\/?s={search_term_string}"},"query-input":{"@type":"PropertyValueSpecification","valueRequired":true,"valueName":"search_term_string"}}],"inLanguage":"es"},{"@type":"Organization","@id":"https:\/\/diariotextual.com\/inicio\/#organization","name":"Diario Textual","url":"https:\/\/diariotextual.com\/inicio\/","logo":{"@type":"ImageObject","inLanguage":"es","@id":"https:\/\/diariotextual.com\/inicio\/#\/schema\/logo\/image\/","url":"https:\/\/diariotextual.com\/inicio\/wp-content\/uploads\/2023\/05\/logotextual1.jpg","contentUrl":"https:\/\/diariotextual.com\/inicio\/wp-content\/uploads\/2023\/05\/logotextual1.jpg","width":516,"height":76,"caption":"Diario Textual"},"image":{"@id":"https:\/\/diariotextual.com\/inicio\/#\/schema\/logo\/image\/"},"sameAs":["https:\/\/www.facebook.com\/eltextual","https:\/\/x.com\/eltextual","http:\/\/www.instagram.com\/eltextual"]},{"@type":"Person","@id":"https:\/\/diariotextual.com\/inicio\/#\/schema\/person\/a1b6f563e0ee944c60f98119389a4d9f","name":"diario3","image":{"@type":"ImageObject","inLanguage":"es","@id":"https:\/\/secure.gravatar.com\/avatar\/5e7ee62c82fc04d9dd79d746a390d93c69c43223e5faeeb3ea9461ef752bfc5d?s=96&d=mm&r=g","url":"https:\/\/secure.gravatar.com\/avatar\/5e7ee62c82fc04d9dd79d746a390d93c69c43223e5faeeb3ea9461ef752bfc5d?s=96&d=mm&r=g","contentUrl":"https:\/\/secure.gravatar.com\/avatar\/5e7ee62c82fc04d9dd79d746a390d93c69c43223e5faeeb3ea9461ef752bfc5d?s=96&d=mm&r=g","caption":"diario3"},"url":"https:\/\/diariotextual.com\/inicio\/index.php\/author\/diario3\/"}]}},"_links":{"self":[{"href":"https:\/\/diariotextual.com\/inicio\/index.php\/wp-json\/wp\/v2\/posts\/86902","targetHints":{"allow":["GET"]}}],"collection":[{"href":"https:\/\/diariotextual.com\/inicio\/index.php\/wp-json\/wp\/v2\/posts"}],"about":[{"href":"https:\/\/diariotextual.com\/inicio\/index.php\/wp-json\/wp\/v2\/types\/post"}],"author":[{"embeddable":true,"href":"https:\/\/diariotextual.com\/inicio\/index.php\/wp-json\/wp\/v2\/users\/5"}],"replies":[{"embeddable":true,"href":"https:\/\/diariotextual.com\/inicio\/index.php\/wp-json\/wp\/v2\/comments?post=86902"}],"version-history":[{"count":2,"href":"https:\/\/diariotextual.com\/inicio\/index.php\/wp-json\/wp\/v2\/posts\/86902\/revisions"}],"predecessor-version":[{"id":86905,"href":"https:\/\/diariotextual.com\/inicio\/index.php\/wp-json\/wp\/v2\/posts\/86902\/revisions\/86905"}],"wp:featuredmedia":[{"embeddable":true,"href":"https:\/\/diariotextual.com\/inicio\/index.php\/wp-json\/wp\/v2\/media\/73516"}],"wp:attachment":[{"href":"https:\/\/diariotextual.com\/inicio\/index.php\/wp-json\/wp\/v2\/media?parent=86902"}],"wp:term":[{"taxonomy":"category","embeddable":true,"href":"https:\/\/diariotextual.com\/inicio\/index.php\/wp-json\/wp\/v2\/categories?post=86902"},{"taxonomy":"post_tag","embeddable":true,"href":"https:\/\/diariotextual.com\/inicio\/index.php\/wp-json\/wp\/v2\/tags?post=86902"}],"curies":[{"name":"wp","href":"https:\/\/api.w.org\/{rel}","templated":true}]}}