{"id":87069,"date":"2020-04-02T12:30:15","date_gmt":"2020-04-02T15:30:15","guid":{"rendered":"http:\/\/diariotextual.com\/inicio\/?p=87069"},"modified":"2020-04-03T09:44:09","modified_gmt":"2020-04-03T12:44:09","slug":"la-pampa-coronavirus-la-grieta-vos-lado-estas","status":"publish","type":"post","link":"https:\/\/diariotextual.com\/inicio\/index.php\/2020\/04\/02\/la-pampa-coronavirus-la-grieta-vos-lado-estas\/","title":{"rendered":"La Pampa, coronavirus y la grieta: \u00bfy vos de qu\u00e9 lado est\u00e1s?"},"content":{"rendered":"<h3>Por Norberto G. Asquini<\/h3>\n<p>&nbsp;<\/p>\n<p><!--more--><\/p>\n<p>&nbsp;<\/p>\n<p>El mensaje del presidente Alberto Fern\u00e1ndez en el que anunciaba la extensi\u00f3n del aislamiento obligatorio por la pandemia de coronavirus fue respondido por la oposici\u00f3n con un cacerolazo porte\u00f1o. La emergencia unifica detr\u00e1s del miedo, pero la grieta est\u00e1 latente y hay quienes encontraron la justificaci\u00f3n para manifestarse contra el peronismo.<\/p>\n<p>&nbsp;<\/p>\n<p><strong>Emergencia y reclamos<\/strong><\/p>\n<p>La pol\u00edtica tambi\u00e9n se mete en plena emergencia por la pandemia. El gobierno nacional, en s\u00ed los ejecutivos y el Estado, centralizaron toda la atenci\u00f3n ante el temor y la incertidumbre generadas por un enemigo silencioso. La oposici\u00f3n pareci\u00f3 entonces guardarse frente a un tema sensible.<\/p>\n<p>Pero para quienes son opositores al peronismo no hubo m\u00e1s tolerancia. La furia contenida se mostr\u00f3 esta semana en los cacerolazos, reducidos a algunos barrios porte\u00f1os. La centralidad del presidente Fern\u00e1ndez en el manejo de la emergencia, que llev\u00f3 a niveles inusitados de adhesi\u00f3n seg\u00fan marcan las encuestas, fue el mar de fondo. Los dichos del mandatario reclamando solidaridad a uno de los empresarios m\u00e1s ricos del pa\u00eds que estaba despidiendo empleados fue la excusa. Una parte de la clase media que hace una oposici\u00f3n tenaz al peronismo y que se vio afectada en sus ingresos por una medida como la cuarentena obligatoria, el motivo que desat\u00f3 la protesta porte\u00f1a. Se apunt\u00f3 a la clase pol\u00edtica, o al menos a la clase pol\u00edtica peronista que es la que gobierna, por sus sueldos. Detr\u00e1s de ese apoliticismo hay toda una postura tomada. La cr\u00edtica al pol\u00edtico depende del lugar en el que est\u00e1 uno parado, y en el que est\u00e1 el pol\u00edtico.<\/p>\n<p>El tema es tan pesado en estos momentos complejos que la reacci\u00f3n de Cambiemos-Juntos por el Cambio en el Congreso llev\u00f3 a una discusi\u00f3n que sembr\u00f3 de divisi\u00f3n sus filas.<\/p>\n<p>&nbsp;<\/p>\n<p><strong>La grieta que todo lo puede<\/strong><\/p>\n<p>La centralidad y necesidad del Estado en tiempos de coronavirus se ha subrayado en esta columna. Pero todav\u00eda est\u00e1 la grieta ideol\u00f3gica sobre cu\u00e1nto Estado es necesario, tensionada por los extremos: est\u00e1n quienes dicen querer sacarse al Estado de encima contra los que esperar\u00edan todo de \u00e9l. \u201cUna ficci\u00f3n binaria en la que se enfrentar\u00edan productivos versus subsidiados, soja versus industria del calzado, exportadores versus \u2018vivir con lo nuestro\u2019\u00bb, indica el analista Mart\u00edn Rodr\u00edguez.<\/p>\n<p>En La Pampa esta discusi\u00f3n no lleg\u00f3 al extremo de la cacerola, utensilio de uso pol\u00edtico identificado con una clase y con el antiperonismo, pero por lo bajo est\u00e1n planteadas las diferencias. No en torno a que hay que tomar medidas, sino hasta d\u00f3nde son necesarias. De hecho, no hay falta de pol\u00edticas o medidas, el tema es a quien benefician y a quien no.<\/p>\n<p>Las diferencias hacia las decisiones tomadas en Naci\u00f3n o en la Provincia en paralelo a las sanitarias (que no tienen discusi\u00f3n) depende si uno est\u00e1 m\u00e1s cerca o m\u00e1s lejos del Estado o si uno est\u00e1 m\u00e1s cerca o m\u00e1s lejos del peronismo.<\/p>\n<p>&nbsp;<\/p>\n<p><strong>\u00bfY vos de qu\u00e9 lado est\u00e1s?<\/strong><\/p>\n<p>La crisis econ\u00f3mica ya est\u00e1 planteada y ahora se va a profundizar. Desde el gobierno nacional se tomaron acciones en cuanto a medidas de seguridad, control de precios, asistencia a empresas, subsidios a las y los trabajadores de menos ingresos o informales, beneficios impositivos, etc\u00e9tera.<\/p>\n<p>Si desde el Estado peronista se apunta de esta manera a contener a los sectores m\u00e1s vulnerables, del otro lado est\u00e1n los perjudicados de clase media por la cuarentena con posturas opositoras. En La Pampa mostraron su cara. La C\u00e1mara de Comercio en representaci\u00f3n de los comerciantes (sector golpeado si los hay, salvo alimentos y alguno m\u00e1s) y el campo. Los pol\u00edticos de Cambiemos, que defendieron (o por lo menos no criticaron) las pol\u00edticas de un gobierno neoliberal hasta diciembre pasado, ahora reclaman al Estado proteger a esa clase media. O directamente apuntan a los resquicios de la actuaci\u00f3n del Estado, cuando antes quer\u00edan achicarlo.<\/p>\n<p>Igualmente, hay que matizar cuando hablamos de clase media y su manifestaci\u00f3n pol\u00edtica: est\u00e1 el tercio irreductible antiperonista, y est\u00e1 una buena parte que maneja sus adhesiones por el bolsillo y las expectativas. La primera mostr\u00f3 los dientes, la segunda debe sobrellevar la emergencia.<\/p>\n<p>En La Pampa la cr\u00edtica no estuvo dirigida hacia la clase pol\u00edtica, identificada con el peronismo, que r\u00e1pida de reflejos propuso los fondos solidarios con descuentos a sus salarios, sino a reclamar medidas econ\u00f3micas protectivas para la clase media. Hay otras discusiones, del progresismo y que suscitan menos atenci\u00f3n, que apuntan a la pol\u00edtica de seguridad y al control social.<\/p>\n<p>La discusi\u00f3n de fondo est\u00e1 planteada, y no es nueva. Con el correr de los d\u00edas veremos los pr\u00f3ximos cap\u00edtulos de un conflicto que va en paralelo a las urgencias planteadas por la pandemia del coronavirus.<\/p>\n<p>&nbsp;<\/p>\n<p>&nbsp;<\/p>\n<p>&nbsp;<\/p>\n","protected":false},"excerpt":{"rendered":"<p>Por Norberto G. Asquini &nbsp;<\/p>\n","protected":false},"author":3,"featured_media":87086,"comment_status":"closed","ping_status":"open","sticky":false,"template":"","format":"standard","meta":{"_acf_changed":false,"footnotes":""},"categories":[319,8],"tags":[2662,2853],"class_list":["post-87069","post","type-post","status-publish","format-standard","has-post-thumbnail","hentry","category-a-temporales","category-politica","tag-coronavirus","tag-cuarentena"],"acf":[],"yoast_head":"<!-- This site is optimized with the Yoast SEO plugin v27.5 - https:\/\/yoast.com\/product\/yoast-seo-wordpress\/ -->\n<title>La Pampa, coronavirus y la grieta: \u00bfy vos de qu\u00e9 lado est\u00e1s? - Diario Textual<\/title>\n<meta name=\"robots\" content=\"index, follow, max-snippet:-1, max-image-preview:large, max-video-preview:-1\" \/>\n<link rel=\"canonical\" href=\"https:\/\/diariotextual.com\/inicio\/index.php\/2020\/04\/02\/la-pampa-coronavirus-la-grieta-vos-lado-estas\/\" \/>\n<meta property=\"og:locale\" content=\"es_ES\" \/>\n<meta property=\"og:type\" content=\"article\" \/>\n<meta property=\"og:title\" content=\"La Pampa, coronavirus y la grieta: \u00bfy vos de qu\u00e9 lado est\u00e1s? - Diario Textual\" \/>\n<meta property=\"og:description\" content=\"Por Norberto G. Asquini &nbsp;\" \/>\n<meta property=\"og:url\" content=\"https:\/\/diariotextual.com\/inicio\/index.php\/2020\/04\/02\/la-pampa-coronavirus-la-grieta-vos-lado-estas\/\" \/>\n<meta property=\"og:site_name\" content=\"Diario Textual\" \/>\n<meta property=\"article:publisher\" content=\"https:\/\/www.facebook.com\/eltextual\" \/>\n<meta property=\"article:published_time\" content=\"2020-04-02T15:30:15+00:00\" \/>\n<meta property=\"article:modified_time\" content=\"2020-04-03T12:44:09+00:00\" \/>\n<meta property=\"og:image\" content=\"https:\/\/diariotextual.com\/inicio\/wp-content\/uploads\/2020\/04\/cacerolazo444.jpg\" \/>\n\t<meta property=\"og:image:width\" content=\"650\" \/>\n\t<meta property=\"og:image:height\" content=\"404\" \/>\n\t<meta property=\"og:image:type\" content=\"image\/jpeg\" \/>\n<meta name=\"author\" content=\"Diario1 Diario1\" \/>\n<meta name=\"twitter:card\" content=\"summary_large_image\" \/>\n<meta name=\"twitter:creator\" content=\"@eltextual\" \/>\n<meta name=\"twitter:site\" content=\"@eltextual\" \/>\n<meta name=\"twitter:label1\" content=\"Escrito por\" \/>\n\t<meta name=\"twitter:data1\" content=\"Diario1 Diario1\" \/>\n\t<meta name=\"twitter:label2\" content=\"Tiempo de lectura\" \/>\n\t<meta name=\"twitter:data2\" content=\"4 minutos\" \/>\n<script type=\"application\/ld+json\" class=\"yoast-schema-graph\">{\"@context\":\"https:\\\/\\\/schema.org\",\"@graph\":[{\"@type\":\"Article\",\"@id\":\"https:\\\/\\\/diariotextual.com\\\/inicio\\\/index.php\\\/2020\\\/04\\\/02\\\/la-pampa-coronavirus-la-grieta-vos-lado-estas\\\/#article\",\"isPartOf\":{\"@id\":\"https:\\\/\\\/diariotextual.com\\\/inicio\\\/index.php\\\/2020\\\/04\\\/02\\\/la-pampa-coronavirus-la-grieta-vos-lado-estas\\\/\"},\"author\":{\"name\":\"Diario1 Diario1\",\"@id\":\"https:\\\/\\\/diariotextual.com\\\/inicio\\\/#\\\/schema\\\/person\\\/418fc4093c33e86ed41562db3508f958\"},\"headline\":\"La Pampa, coronavirus y la grieta: \u00bfy vos de qu\u00e9 lado est\u00e1s?\",\"datePublished\":\"2020-04-02T15:30:15+00:00\",\"dateModified\":\"2020-04-03T12:44:09+00:00\",\"mainEntityOfPage\":{\"@id\":\"https:\\\/\\\/diariotextual.com\\\/inicio\\\/index.php\\\/2020\\\/04\\\/02\\\/la-pampa-coronavirus-la-grieta-vos-lado-estas\\\/\"},\"wordCount\":872,\"publisher\":{\"@id\":\"https:\\\/\\\/diariotextual.com\\\/inicio\\\/#organization\"},\"image\":{\"@id\":\"https:\\\/\\\/diariotextual.com\\\/inicio\\\/index.php\\\/2020\\\/04\\\/02\\\/la-pampa-coronavirus-la-grieta-vos-lado-estas\\\/#primaryimage\"},\"thumbnailUrl\":\"https:\\\/\\\/diariotextual.com\\\/inicio\\\/wp-content\\\/uploads\\\/2020\\\/04\\\/cacerolazo444.jpg\",\"keywords\":[\"coronavirus\",\"cuarentena\"],\"articleSection\":[\"A - TEMPORALES\",\"POLITICA\"],\"inLanguage\":\"es\"},{\"@type\":\"WebPage\",\"@id\":\"https:\\\/\\\/diariotextual.com\\\/inicio\\\/index.php\\\/2020\\\/04\\\/02\\\/la-pampa-coronavirus-la-grieta-vos-lado-estas\\\/\",\"url\":\"https:\\\/\\\/diariotextual.com\\\/inicio\\\/index.php\\\/2020\\\/04\\\/02\\\/la-pampa-coronavirus-la-grieta-vos-lado-estas\\\/\",\"name\":\"La Pampa, coronavirus y la grieta: \u00bfy vos de qu\u00e9 lado est\u00e1s? - Diario Textual\",\"isPartOf\":{\"@id\":\"https:\\\/\\\/diariotextual.com\\\/inicio\\\/#website\"},\"primaryImageOfPage\":{\"@id\":\"https:\\\/\\\/diariotextual.com\\\/inicio\\\/index.php\\\/2020\\\/04\\\/02\\\/la-pampa-coronavirus-la-grieta-vos-lado-estas\\\/#primaryimage\"},\"image\":{\"@id\":\"https:\\\/\\\/diariotextual.com\\\/inicio\\\/index.php\\\/2020\\\/04\\\/02\\\/la-pampa-coronavirus-la-grieta-vos-lado-estas\\\/#primaryimage\"},\"thumbnailUrl\":\"https:\\\/\\\/diariotextual.com\\\/inicio\\\/wp-content\\\/uploads\\\/2020\\\/04\\\/cacerolazo444.jpg\",\"datePublished\":\"2020-04-02T15:30:15+00:00\",\"dateModified\":\"2020-04-03T12:44:09+00:00\",\"breadcrumb\":{\"@id\":\"https:\\\/\\\/diariotextual.com\\\/inicio\\\/index.php\\\/2020\\\/04\\\/02\\\/la-pampa-coronavirus-la-grieta-vos-lado-estas\\\/#breadcrumb\"},\"inLanguage\":\"es\",\"potentialAction\":[{\"@type\":\"ReadAction\",\"target\":[\"https:\\\/\\\/diariotextual.com\\\/inicio\\\/index.php\\\/2020\\\/04\\\/02\\\/la-pampa-coronavirus-la-grieta-vos-lado-estas\\\/\"]}]},{\"@type\":\"ImageObject\",\"inLanguage\":\"es\",\"@id\":\"https:\\\/\\\/diariotextual.com\\\/inicio\\\/index.php\\\/2020\\\/04\\\/02\\\/la-pampa-coronavirus-la-grieta-vos-lado-estas\\\/#primaryimage\",\"url\":\"https:\\\/\\\/diariotextual.com\\\/inicio\\\/wp-content\\\/uploads\\\/2020\\\/04\\\/cacerolazo444.jpg\",\"contentUrl\":\"https:\\\/\\\/diariotextual.com\\\/inicio\\\/wp-content\\\/uploads\\\/2020\\\/04\\\/cacerolazo444.jpg\",\"width\":650,\"height\":404},{\"@type\":\"BreadcrumbList\",\"@id\":\"https:\\\/\\\/diariotextual.com\\\/inicio\\\/index.php\\\/2020\\\/04\\\/02\\\/la-pampa-coronavirus-la-grieta-vos-lado-estas\\\/#breadcrumb\",\"itemListElement\":[{\"@type\":\"ListItem\",\"position\":1,\"name\":\"Portada\",\"item\":\"https:\\\/\\\/diariotextual.com\\\/inicio\\\/\"},{\"@type\":\"ListItem\",\"position\":2,\"name\":\"La Pampa, coronavirus y la grieta: \u00bfy vos de qu\u00e9 lado est\u00e1s?\"}]},{\"@type\":\"WebSite\",\"@id\":\"https:\\\/\\\/diariotextual.com\\\/inicio\\\/#website\",\"url\":\"https:\\\/\\\/diariotextual.com\\\/inicio\\\/\",\"name\":\"Diario Textual\",\"description\":\"\",\"publisher\":{\"@id\":\"https:\\\/\\\/diariotextual.com\\\/inicio\\\/#organization\"},\"potentialAction\":[{\"@type\":\"SearchAction\",\"target\":{\"@type\":\"EntryPoint\",\"urlTemplate\":\"https:\\\/\\\/diariotextual.com\\\/inicio\\\/?s={search_term_string}\"},\"query-input\":{\"@type\":\"PropertyValueSpecification\",\"valueRequired\":true,\"valueName\":\"search_term_string\"}}],\"inLanguage\":\"es\"},{\"@type\":\"Organization\",\"@id\":\"https:\\\/\\\/diariotextual.com\\\/inicio\\\/#organization\",\"name\":\"Diario Textual\",\"url\":\"https:\\\/\\\/diariotextual.com\\\/inicio\\\/\",\"logo\":{\"@type\":\"ImageObject\",\"inLanguage\":\"es\",\"@id\":\"https:\\\/\\\/diariotextual.com\\\/inicio\\\/#\\\/schema\\\/logo\\\/image\\\/\",\"url\":\"https:\\\/\\\/diariotextual.com\\\/inicio\\\/wp-content\\\/uploads\\\/2023\\\/05\\\/logotextual1.jpg\",\"contentUrl\":\"https:\\\/\\\/diariotextual.com\\\/inicio\\\/wp-content\\\/uploads\\\/2023\\\/05\\\/logotextual1.jpg\",\"width\":516,\"height\":76,\"caption\":\"Diario Textual\"},\"image\":{\"@id\":\"https:\\\/\\\/diariotextual.com\\\/inicio\\\/#\\\/schema\\\/logo\\\/image\\\/\"},\"sameAs\":[\"https:\\\/\\\/www.facebook.com\\\/eltextual\",\"https:\\\/\\\/x.com\\\/eltextual\",\"http:\\\/\\\/www.instagram.com\\\/eltextual\"]},{\"@type\":\"Person\",\"@id\":\"https:\\\/\\\/diariotextual.com\\\/inicio\\\/#\\\/schema\\\/person\\\/418fc4093c33e86ed41562db3508f958\",\"name\":\"Diario1 Diario1\",\"image\":{\"@type\":\"ImageObject\",\"inLanguage\":\"es\",\"@id\":\"https:\\\/\\\/secure.gravatar.com\\\/avatar\\\/9167d280179c85bc18be67aa7eda765854300033af4896dd779b608640f2ef7a?s=96&d=mm&r=g\",\"url\":\"https:\\\/\\\/secure.gravatar.com\\\/avatar\\\/9167d280179c85bc18be67aa7eda765854300033af4896dd779b608640f2ef7a?s=96&d=mm&r=g\",\"contentUrl\":\"https:\\\/\\\/secure.gravatar.com\\\/avatar\\\/9167d280179c85bc18be67aa7eda765854300033af4896dd779b608640f2ef7a?s=96&d=mm&r=g\",\"caption\":\"Diario1 Diario1\"},\"url\":\"https:\\\/\\\/diariotextual.com\\\/inicio\\\/index.php\\\/author\\\/diario1\\\/\"}]}<\/script>\n<!-- \/ Yoast SEO plugin. -->","yoast_head_json":{"title":"La Pampa, coronavirus y la grieta: \u00bfy vos de qu\u00e9 lado est\u00e1s? - Diario Textual","robots":{"index":"index","follow":"follow","max-snippet":"max-snippet:-1","max-image-preview":"max-image-preview:large","max-video-preview":"max-video-preview:-1"},"canonical":"https:\/\/diariotextual.com\/inicio\/index.php\/2020\/04\/02\/la-pampa-coronavirus-la-grieta-vos-lado-estas\/","og_locale":"es_ES","og_type":"article","og_title":"La Pampa, coronavirus y la grieta: \u00bfy vos de qu\u00e9 lado est\u00e1s? - Diario Textual","og_description":"Por Norberto G. Asquini &nbsp;","og_url":"https:\/\/diariotextual.com\/inicio\/index.php\/2020\/04\/02\/la-pampa-coronavirus-la-grieta-vos-lado-estas\/","og_site_name":"Diario Textual","article_publisher":"https:\/\/www.facebook.com\/eltextual","article_published_time":"2020-04-02T15:30:15+00:00","article_modified_time":"2020-04-03T12:44:09+00:00","og_image":[{"width":650,"height":404,"url":"https:\/\/diariotextual.com\/inicio\/wp-content\/uploads\/2020\/04\/cacerolazo444.jpg","type":"image\/jpeg"}],"author":"Diario1 Diario1","twitter_card":"summary_large_image","twitter_creator":"@eltextual","twitter_site":"@eltextual","twitter_misc":{"Escrito por":"Diario1 Diario1","Tiempo de lectura":"4 minutos"},"schema":{"@context":"https:\/\/schema.org","@graph":[{"@type":"Article","@id":"https:\/\/diariotextual.com\/inicio\/index.php\/2020\/04\/02\/la-pampa-coronavirus-la-grieta-vos-lado-estas\/#article","isPartOf":{"@id":"https:\/\/diariotextual.com\/inicio\/index.php\/2020\/04\/02\/la-pampa-coronavirus-la-grieta-vos-lado-estas\/"},"author":{"name":"Diario1 Diario1","@id":"https:\/\/diariotextual.com\/inicio\/#\/schema\/person\/418fc4093c33e86ed41562db3508f958"},"headline":"La Pampa, coronavirus y la grieta: \u00bfy vos de qu\u00e9 lado est\u00e1s?","datePublished":"2020-04-02T15:30:15+00:00","dateModified":"2020-04-03T12:44:09+00:00","mainEntityOfPage":{"@id":"https:\/\/diariotextual.com\/inicio\/index.php\/2020\/04\/02\/la-pampa-coronavirus-la-grieta-vos-lado-estas\/"},"wordCount":872,"publisher":{"@id":"https:\/\/diariotextual.com\/inicio\/#organization"},"image":{"@id":"https:\/\/diariotextual.com\/inicio\/index.php\/2020\/04\/02\/la-pampa-coronavirus-la-grieta-vos-lado-estas\/#primaryimage"},"thumbnailUrl":"https:\/\/diariotextual.com\/inicio\/wp-content\/uploads\/2020\/04\/cacerolazo444.jpg","keywords":["coronavirus","cuarentena"],"articleSection":["A - TEMPORALES","POLITICA"],"inLanguage":"es"},{"@type":"WebPage","@id":"https:\/\/diariotextual.com\/inicio\/index.php\/2020\/04\/02\/la-pampa-coronavirus-la-grieta-vos-lado-estas\/","url":"https:\/\/diariotextual.com\/inicio\/index.php\/2020\/04\/02\/la-pampa-coronavirus-la-grieta-vos-lado-estas\/","name":"La Pampa, coronavirus y la grieta: \u00bfy vos de qu\u00e9 lado est\u00e1s? - Diario Textual","isPartOf":{"@id":"https:\/\/diariotextual.com\/inicio\/#website"},"primaryImageOfPage":{"@id":"https:\/\/diariotextual.com\/inicio\/index.php\/2020\/04\/02\/la-pampa-coronavirus-la-grieta-vos-lado-estas\/#primaryimage"},"image":{"@id":"https:\/\/diariotextual.com\/inicio\/index.php\/2020\/04\/02\/la-pampa-coronavirus-la-grieta-vos-lado-estas\/#primaryimage"},"thumbnailUrl":"https:\/\/diariotextual.com\/inicio\/wp-content\/uploads\/2020\/04\/cacerolazo444.jpg","datePublished":"2020-04-02T15:30:15+00:00","dateModified":"2020-04-03T12:44:09+00:00","breadcrumb":{"@id":"https:\/\/diariotextual.com\/inicio\/index.php\/2020\/04\/02\/la-pampa-coronavirus-la-grieta-vos-lado-estas\/#breadcrumb"},"inLanguage":"es","potentialAction":[{"@type":"ReadAction","target":["https:\/\/diariotextual.com\/inicio\/index.php\/2020\/04\/02\/la-pampa-coronavirus-la-grieta-vos-lado-estas\/"]}]},{"@type":"ImageObject","inLanguage":"es","@id":"https:\/\/diariotextual.com\/inicio\/index.php\/2020\/04\/02\/la-pampa-coronavirus-la-grieta-vos-lado-estas\/#primaryimage","url":"https:\/\/diariotextual.com\/inicio\/wp-content\/uploads\/2020\/04\/cacerolazo444.jpg","contentUrl":"https:\/\/diariotextual.com\/inicio\/wp-content\/uploads\/2020\/04\/cacerolazo444.jpg","width":650,"height":404},{"@type":"BreadcrumbList","@id":"https:\/\/diariotextual.com\/inicio\/index.php\/2020\/04\/02\/la-pampa-coronavirus-la-grieta-vos-lado-estas\/#breadcrumb","itemListElement":[{"@type":"ListItem","position":1,"name":"Portada","item":"https:\/\/diariotextual.com\/inicio\/"},{"@type":"ListItem","position":2,"name":"La Pampa, coronavirus y la grieta: \u00bfy vos de qu\u00e9 lado est\u00e1s?"}]},{"@type":"WebSite","@id":"https:\/\/diariotextual.com\/inicio\/#website","url":"https:\/\/diariotextual.com\/inicio\/","name":"Diario Textual","description":"","publisher":{"@id":"https:\/\/diariotextual.com\/inicio\/#organization"},"potentialAction":[{"@type":"SearchAction","target":{"@type":"EntryPoint","urlTemplate":"https:\/\/diariotextual.com\/inicio\/?s={search_term_string}"},"query-input":{"@type":"PropertyValueSpecification","valueRequired":true,"valueName":"search_term_string"}}],"inLanguage":"es"},{"@type":"Organization","@id":"https:\/\/diariotextual.com\/inicio\/#organization","name":"Diario Textual","url":"https:\/\/diariotextual.com\/inicio\/","logo":{"@type":"ImageObject","inLanguage":"es","@id":"https:\/\/diariotextual.com\/inicio\/#\/schema\/logo\/image\/","url":"https:\/\/diariotextual.com\/inicio\/wp-content\/uploads\/2023\/05\/logotextual1.jpg","contentUrl":"https:\/\/diariotextual.com\/inicio\/wp-content\/uploads\/2023\/05\/logotextual1.jpg","width":516,"height":76,"caption":"Diario Textual"},"image":{"@id":"https:\/\/diariotextual.com\/inicio\/#\/schema\/logo\/image\/"},"sameAs":["https:\/\/www.facebook.com\/eltextual","https:\/\/x.com\/eltextual","http:\/\/www.instagram.com\/eltextual"]},{"@type":"Person","@id":"https:\/\/diariotextual.com\/inicio\/#\/schema\/person\/418fc4093c33e86ed41562db3508f958","name":"Diario1 Diario1","image":{"@type":"ImageObject","inLanguage":"es","@id":"https:\/\/secure.gravatar.com\/avatar\/9167d280179c85bc18be67aa7eda765854300033af4896dd779b608640f2ef7a?s=96&d=mm&r=g","url":"https:\/\/secure.gravatar.com\/avatar\/9167d280179c85bc18be67aa7eda765854300033af4896dd779b608640f2ef7a?s=96&d=mm&r=g","contentUrl":"https:\/\/secure.gravatar.com\/avatar\/9167d280179c85bc18be67aa7eda765854300033af4896dd779b608640f2ef7a?s=96&d=mm&r=g","caption":"Diario1 Diario1"},"url":"https:\/\/diariotextual.com\/inicio\/index.php\/author\/diario1\/"}]}},"_links":{"self":[{"href":"https:\/\/diariotextual.com\/inicio\/index.php\/wp-json\/wp\/v2\/posts\/87069","targetHints":{"allow":["GET"]}}],"collection":[{"href":"https:\/\/diariotextual.com\/inicio\/index.php\/wp-json\/wp\/v2\/posts"}],"about":[{"href":"https:\/\/diariotextual.com\/inicio\/index.php\/wp-json\/wp\/v2\/types\/post"}],"author":[{"embeddable":true,"href":"https:\/\/diariotextual.com\/inicio\/index.php\/wp-json\/wp\/v2\/users\/3"}],"replies":[{"embeddable":true,"href":"https:\/\/diariotextual.com\/inicio\/index.php\/wp-json\/wp\/v2\/comments?post=87069"}],"version-history":[{"count":3,"href":"https:\/\/diariotextual.com\/inicio\/index.php\/wp-json\/wp\/v2\/posts\/87069\/revisions"}],"predecessor-version":[{"id":87170,"href":"https:\/\/diariotextual.com\/inicio\/index.php\/wp-json\/wp\/v2\/posts\/87069\/revisions\/87170"}],"wp:featuredmedia":[{"embeddable":true,"href":"https:\/\/diariotextual.com\/inicio\/index.php\/wp-json\/wp\/v2\/media\/87086"}],"wp:attachment":[{"href":"https:\/\/diariotextual.com\/inicio\/index.php\/wp-json\/wp\/v2\/media?parent=87069"}],"wp:term":[{"taxonomy":"category","embeddable":true,"href":"https:\/\/diariotextual.com\/inicio\/index.php\/wp-json\/wp\/v2\/categories?post=87069"},{"taxonomy":"post_tag","embeddable":true,"href":"https:\/\/diariotextual.com\/inicio\/index.php\/wp-json\/wp\/v2\/tags?post=87069"}],"curies":[{"name":"wp","href":"https:\/\/api.w.org\/{rel}","templated":true}]}}