{"id":87232,"date":"2020-04-02T20:31:00","date_gmt":"2020-04-02T23:31:00","guid":{"rendered":"http:\/\/diariotextual.com\/inicio\/?p=87232"},"modified":"2020-04-03T11:03:51","modified_gmt":"2020-04-03T14:03:51","slug":"argentina-132-nuevos-casos-ya-total-1265","status":"publish","type":"post","link":"https:\/\/diariotextual.com\/inicio\/index.php\/2020\/04\/02\/argentina-132-nuevos-casos-ya-total-1265\/","title":{"rendered":"En Argentina hay 132 nuevos casos de coronavirus: ya son en total 1265"},"content":{"rendered":"<p>El Ministerio de Salud de la Naci\u00f3n confirm\u00f3 este jueves por la noche\u00a0<strong>132 nuevos casos del coronavirus Covid-19<\/strong>. Con estos registros,<strong> suman 1.265 positivos en el pa\u00eds (tres de ellos, positivos en La Pampa)<\/strong>.<\/p>\n<p>Del total de esos casos, 622 (49,2%) son importados, 398 (31,4%) son contactos estrechos de casos confirmados, 103 (8,14%) son casos de circulaci\u00f3n comunitaria y el resto se encuentra en investigaci\u00f3n epidemiol\u00f3gica. Del total, ya se recuperaron 256.<\/p>\n<p><strong>Se registraron 4 nuevas muertes.<\/strong> Son tres hombres, uno de 73 a\u00f1os, residente en la Provincia de Mendoza; otro de 61 a\u00f1os, de la provincia de Chaco; y otro de 41 a\u00f1os, residente en la provincia de Buenos Aires; y una mujer de 46 a\u00f1os, residente en la provincia de Buenos Aires. Los fallecidos suman un total de 36.<\/p>\n<p>Los \u00faltimos datos muestran un\u00a0<b>fuerte<\/b>\u00a0<b>crecimiento\u00a0<\/b>de los contagiados en la Ciudad Aut\u00f3noma de Buenos Aires (321), la provincia de Buenos Aires (280), Santa Fe (144) y C\u00f3rdoba (101).\u00a0<b>En tanto, el Gobierno espera el pico de contagios para el mes de mayo. Por eso trabajan contrarreloj para acondicionar de la mejor forma el sistema de salud nacional y el de cada provincia.<\/b><\/p>\n<p>&nbsp;<\/p>\n<p><strong>Tres positivos<\/strong><\/p>\n<p>Hasta el momento, en La Pampa<strong>\u00a0hay tres casos positivos de coronavirus<\/strong>. Se trata de tres de las cuatro personas que volvieron de un viaje por Dubai y Espa\u00f1a.<\/p>\n<p>Este jueves\u00a0<strong>el primer paciente diagnosticado con Covid-19<\/strong>, el pasado 24 de marzo, fue<a href=\"http:\/\/diariotextual.com\/inicio\/index.php\/2020\/04\/02\/covid-19-externaron-al-paciente-cero-la-pampa\/\" target=\"_blank\" rel=\"noopener\">\u00a0<strong>externado desde el Hospital Molas a su domicilio particular<\/strong><\/a>\u00a0en Santa Rosa.<\/p>\n<p>El paciente es un hombre de 71 a\u00f1os de edad.\u00a0Este hombre regres\u00f3 del exterior, junto a los otros tres santarrose\u00f1os, el pasado 16 de marzo y realiz\u00f3 un aislamiento social voluntario. Ya el d\u00eda 20 present\u00f3 sintomatolog\u00eda y fue internado cuatro d\u00edas despu\u00e9s, cuando dio positivo.<\/p>\n<p><strong>Su esposa, por el momento, no tiene s\u00edntomas y los an\u00e1lisis han dado negativo para Covid-19<\/strong>.<\/p>\n<p>Por su parte,\u00a0<strong>la pareja amiga -un hombre de 78 a\u00f1os y una mujer de 69 a\u00f1os- dieron positivo del nuevo coronavirus el d\u00eda 29. Ayer, la mujer fue externada<\/strong>.<\/p>\n<p>Actualmente, <strong>en la provincia se encuentran en seguimiento 273 personas que han viajado a zonas de transmisi\u00f3n, de un total de 671<\/strong>. Las restantes han terminado su aislamiento de 14 d\u00edas desde su regreso al pa\u00eds.<\/p>\n<p><strong>Sin pagos en comercios<\/strong><\/p>\n<p>El Centro de Empleados de Comercio de Santa Rosa advirti\u00f3 que varias<strong>\u00a0empresas locales y nacionales no han pagado a\u00fan los salarios<\/strong>\u00a0a los trabajadores y trabajadoras. Dijo, adem\u00e1s, que los reclamos se podr\u00e1n realizar reci\u00e9n a partir del martes 7 de abril.<\/p>\n<p>\u201cSon muchos los reclamos que se est\u00e1n teniendo por el no pago de haberes al d\u00eda de la fecha, de pagos que se han hecho en forma parcial o comunicados que hacen ya a los trabajadores de que no le van a poder pagar el salario completo\u201d, adelant\u00f3 el dirigente del CEC, Rodrigo Genoni.<\/p>\n<p>&nbsp;<\/p>\n<p><strong>Unos 6 mil kilos de carne gratis<\/strong><\/p>\n<p>La<strong>\u00a0Asociaci\u00f3n Agr\u00edcola Ganadera de La Pampa<\/strong>, con sede en Santa Rosa,\u00a0<a href=\"http:\/\/diariotextual.com\/inicio\/index.php\/2020\/04\/02\/cuarentena-la-agricola-ya-faeno-21-vacunos-6-mil-kilos-carne-distribuir-gratis\/\" target=\"_blank\" rel=\"noopener\"><strong>ya envi\u00f3 a faena un total de 21 novillos<\/strong><\/a>\u00a0y tiene a disposici\u00f3n para\u00a0<strong>empezar a entregar entre el viernes y el fin de semana unos 6 mil kilos de carne en forma gratuita a familias de la capital<\/strong>.<\/p>\n<p>\u00abEl martes fue enviado un cami\u00f3n, con 12 animales a faena que salieron de nueve establecimientos de Santa Rosa\u00bb, dijo\u00a0<strong>V\u00edctor Tapi\u00e9<\/strong>, presidente de la Agr\u00edcola, a\u00a0<strong>Diario Textual<\/strong>. \u00abFueron faenados ayer y, luego de la etapa de enfriamiento, ya est\u00e1 disponible para distribuir a partir del viernes, en bolsas de un kilo envasadas al vac\u00edo. Y hoy fueron cargados 9 animales m\u00e1s\u00bb, dijo.<\/p>\n<p>&nbsp;<\/p>\n<p><strong>M\u00e1s plata para el fondo solidario<\/strong><\/p>\n<p>La C\u00e1mara de Diputados de la Provincia de La Pampa resolvi\u00f3 hoy, en la reuni\u00f3n de Labor Parlamentaria, adherir<a href=\"http:\/\/diariotextual.com\/inicio\/index.php\/2020\/03\/30\/gobierno-provincial-creo-fondo-solidario-compra-insumos-hospitalarios\/\" target=\"_blank\" rel=\"noopener\"><strong>\u00a0al fondo solidario<\/strong><\/a>\u00a0creado por decisi\u00f3n del gobernador Sergio Ziliotto para comprar insumos hospitalarios que permitan afrontar la pandemia del coronavirus Covid-19.<a href=\"http:\/\/diariotextual.com\/inicio\/index.php\/2020\/04\/02\/la-camara-diputados-hara-aporte-6-millones-al-fondo-solidario\/\" target=\"_blank\" rel=\"noopener\"><strong>\u00a0Los diputados y funcionarios de la Legislatura pondr\u00e1n 6 millones de pesos.<\/strong><\/a><\/p>\n<p>La comisi\u00f3n se reuni\u00f3 con al presencia del presidente de la Legislatura, Mariano Fern\u00e1ndez; la vicepresidenta primera Alicia Mayoral; y los presidentes de bloque Julio C\u00e9sar Gonz\u00e1lez (Frejupa), Francisco Torroba (UCR), Mart\u00edn Ardohain (Propuesta Federal) y Sandra Fonseca (Comunidad Organizada).<\/p>\n<p>&nbsp;<\/p>\n<blockquote class=\"wp-embedded-content\" data-secret=\"kVEAxbXf1s\"><p><a href=\"http:\/\/diariotextual.com\/inicio\/index.php\/2020\/04\/02\/la-pampa-coronavirus-la-grieta-vos-lado-estas\/\">La Pampa, coronavirus y la grieta: \u00bfy vos de qu\u00e9 lado est\u00e1s?<\/a><\/p><\/blockquote>\n<p><iframe class=\"wp-embedded-content\" sandbox=\"allow-scripts\" security=\"restricted\" style=\"position: absolute; clip: rect(1px, 1px, 1px, 1px);\" src=\"http:\/\/diariotextual.com\/inicio\/index.php\/2020\/04\/02\/la-pampa-coronavirus-la-grieta-vos-lado-estas\/embed\/#?secret=kVEAxbXf1s\" data-secret=\"kVEAxbXf1s\" width=\"600\" height=\"338\" title=\"&#171;La Pampa, coronavirus y la grieta: \u00bfy vos de qu\u00e9 lado est\u00e1s?&#187; &#8212; Diario Textual\" frameborder=\"0\" marginwidth=\"0\" marginheight=\"0\" scrolling=\"no\"><\/iframe><\/p>\n<p>&nbsp;<\/p>\n<p>&nbsp;<\/p>\n<p>&nbsp;<\/p>\n","protected":false},"excerpt":{"rendered":"<p>El Ministerio de Salud de la Naci\u00f3n confirm\u00f3 este jueves por la noche\u00a0132 nuevos casos del coronavirus Covid-19. Con estos registros, suman 1.265 positivos en el pa\u00eds (tres de ellos,&hellip;<\/p>\n","protected":false},"author":3,"featured_media":87233,"comment_status":"closed","ping_status":"open","sticky":false,"template":"","format":"standard","meta":{"_acf_changed":false,"footnotes":""},"categories":[319,12],"tags":[2662,2853],"class_list":["post-87232","post","type-post","status-publish","format-standard","has-post-thumbnail","hentry","category-a-temporales","category-sociedad","tag-coronavirus","tag-cuarentena"],"acf":[],"yoast_head":"<!-- This site is optimized with the Yoast SEO plugin v27.5 - https:\/\/yoast.com\/product\/yoast-seo-wordpress\/ -->\n<title>En Argentina hay 132 nuevos casos de coronavirus: ya son en total 1265 - Diario Textual<\/title>\n<meta name=\"robots\" content=\"index, follow, max-snippet:-1, max-image-preview:large, max-video-preview:-1\" \/>\n<link rel=\"canonical\" href=\"https:\/\/diariotextual.com\/inicio\/index.php\/2020\/04\/02\/argentina-132-nuevos-casos-ya-total-1265\/\" \/>\n<meta property=\"og:locale\" content=\"es_ES\" \/>\n<meta property=\"og:type\" content=\"article\" \/>\n<meta property=\"og:title\" content=\"En Argentina hay 132 nuevos casos de coronavirus: ya son en total 1265 - Diario Textual\" \/>\n<meta property=\"og:description\" content=\"El Ministerio de Salud de la Naci\u00f3n confirm\u00f3 este jueves por la noche\u00a0132 nuevos casos del coronavirus Covid-19. Con estos registros, suman 1.265 positivos en el pa\u00eds (tres de ellos,&hellip;\" \/>\n<meta property=\"og:url\" content=\"https:\/\/diariotextual.com\/inicio\/index.php\/2020\/04\/02\/argentina-132-nuevos-casos-ya-total-1265\/\" \/>\n<meta property=\"og:site_name\" content=\"Diario Textual\" \/>\n<meta property=\"article:publisher\" content=\"https:\/\/www.facebook.com\/eltextual\" \/>\n<meta property=\"article:published_time\" content=\"2020-04-02T23:31:00+00:00\" \/>\n<meta property=\"article:modified_time\" content=\"2020-04-03T14:03:51+00:00\" \/>\n<meta property=\"og:image\" content=\"https:\/\/diariotextual.com\/inicio\/wp-content\/uploads\/2020\/04\/coronavirustelam2020-216.jpg\" \/>\n\t<meta property=\"og:image:width\" content=\"1500\" \/>\n\t<meta property=\"og:image:height\" content=\"1000\" \/>\n\t<meta property=\"og:image:type\" content=\"image\/jpeg\" \/>\n<meta name=\"author\" content=\"Diario1 Diario1\" \/>\n<meta name=\"twitter:card\" content=\"summary_large_image\" \/>\n<meta name=\"twitter:creator\" content=\"@eltextual\" \/>\n<meta name=\"twitter:site\" content=\"@eltextual\" \/>\n<meta name=\"twitter:label1\" content=\"Escrito por\" \/>\n\t<meta name=\"twitter:data1\" content=\"Diario1 Diario1\" \/>\n\t<meta name=\"twitter:label2\" content=\"Tiempo de lectura\" \/>\n\t<meta name=\"twitter:data2\" content=\"4 minutos\" \/>\n<script type=\"application\/ld+json\" class=\"yoast-schema-graph\">{\"@context\":\"https:\\\/\\\/schema.org\",\"@graph\":[{\"@type\":\"Article\",\"@id\":\"https:\\\/\\\/diariotextual.com\\\/inicio\\\/index.php\\\/2020\\\/04\\\/02\\\/argentina-132-nuevos-casos-ya-total-1265\\\/#article\",\"isPartOf\":{\"@id\":\"https:\\\/\\\/diariotextual.com\\\/inicio\\\/index.php\\\/2020\\\/04\\\/02\\\/argentina-132-nuevos-casos-ya-total-1265\\\/\"},\"author\":{\"name\":\"Diario1 Diario1\",\"@id\":\"https:\\\/\\\/diariotextual.com\\\/inicio\\\/#\\\/schema\\\/person\\\/418fc4093c33e86ed41562db3508f958\"},\"headline\":\"En Argentina hay 132 nuevos casos de coronavirus: ya son en total 1265\",\"datePublished\":\"2020-04-02T23:31:00+00:00\",\"dateModified\":\"2020-04-03T14:03:51+00:00\",\"mainEntityOfPage\":{\"@id\":\"https:\\\/\\\/diariotextual.com\\\/inicio\\\/index.php\\\/2020\\\/04\\\/02\\\/argentina-132-nuevos-casos-ya-total-1265\\\/\"},\"wordCount\":743,\"publisher\":{\"@id\":\"https:\\\/\\\/diariotextual.com\\\/inicio\\\/#organization\"},\"image\":{\"@id\":\"https:\\\/\\\/diariotextual.com\\\/inicio\\\/index.php\\\/2020\\\/04\\\/02\\\/argentina-132-nuevos-casos-ya-total-1265\\\/#primaryimage\"},\"thumbnailUrl\":\"https:\\\/\\\/diariotextual.com\\\/inicio\\\/wp-content\\\/uploads\\\/2020\\\/04\\\/coronavirustelam2020-216.jpg\",\"keywords\":[\"coronavirus\",\"cuarentena\"],\"articleSection\":[\"A - TEMPORALES\",\"SOCIEDAD\"],\"inLanguage\":\"es\"},{\"@type\":\"WebPage\",\"@id\":\"https:\\\/\\\/diariotextual.com\\\/inicio\\\/index.php\\\/2020\\\/04\\\/02\\\/argentina-132-nuevos-casos-ya-total-1265\\\/\",\"url\":\"https:\\\/\\\/diariotextual.com\\\/inicio\\\/index.php\\\/2020\\\/04\\\/02\\\/argentina-132-nuevos-casos-ya-total-1265\\\/\",\"name\":\"En Argentina hay 132 nuevos casos de coronavirus: ya son en total 1265 - Diario Textual\",\"isPartOf\":{\"@id\":\"https:\\\/\\\/diariotextual.com\\\/inicio\\\/#website\"},\"primaryImageOfPage\":{\"@id\":\"https:\\\/\\\/diariotextual.com\\\/inicio\\\/index.php\\\/2020\\\/04\\\/02\\\/argentina-132-nuevos-casos-ya-total-1265\\\/#primaryimage\"},\"image\":{\"@id\":\"https:\\\/\\\/diariotextual.com\\\/inicio\\\/index.php\\\/2020\\\/04\\\/02\\\/argentina-132-nuevos-casos-ya-total-1265\\\/#primaryimage\"},\"thumbnailUrl\":\"https:\\\/\\\/diariotextual.com\\\/inicio\\\/wp-content\\\/uploads\\\/2020\\\/04\\\/coronavirustelam2020-216.jpg\",\"datePublished\":\"2020-04-02T23:31:00+00:00\",\"dateModified\":\"2020-04-03T14:03:51+00:00\",\"breadcrumb\":{\"@id\":\"https:\\\/\\\/diariotextual.com\\\/inicio\\\/index.php\\\/2020\\\/04\\\/02\\\/argentina-132-nuevos-casos-ya-total-1265\\\/#breadcrumb\"},\"inLanguage\":\"es\",\"potentialAction\":[{\"@type\":\"ReadAction\",\"target\":[\"https:\\\/\\\/diariotextual.com\\\/inicio\\\/index.php\\\/2020\\\/04\\\/02\\\/argentina-132-nuevos-casos-ya-total-1265\\\/\"]}]},{\"@type\":\"ImageObject\",\"inLanguage\":\"es\",\"@id\":\"https:\\\/\\\/diariotextual.com\\\/inicio\\\/index.php\\\/2020\\\/04\\\/02\\\/argentina-132-nuevos-casos-ya-total-1265\\\/#primaryimage\",\"url\":\"https:\\\/\\\/diariotextual.com\\\/inicio\\\/wp-content\\\/uploads\\\/2020\\\/04\\\/coronavirustelam2020-216.jpg\",\"contentUrl\":\"https:\\\/\\\/diariotextual.com\\\/inicio\\\/wp-content\\\/uploads\\\/2020\\\/04\\\/coronavirustelam2020-216.jpg\",\"width\":1500,\"height\":1000},{\"@type\":\"BreadcrumbList\",\"@id\":\"https:\\\/\\\/diariotextual.com\\\/inicio\\\/index.php\\\/2020\\\/04\\\/02\\\/argentina-132-nuevos-casos-ya-total-1265\\\/#breadcrumb\",\"itemListElement\":[{\"@type\":\"ListItem\",\"position\":1,\"name\":\"Portada\",\"item\":\"https:\\\/\\\/diariotextual.com\\\/inicio\\\/\"},{\"@type\":\"ListItem\",\"position\":2,\"name\":\"En Argentina hay 132 nuevos casos de coronavirus: ya son en total 1265\"}]},{\"@type\":\"WebSite\",\"@id\":\"https:\\\/\\\/diariotextual.com\\\/inicio\\\/#website\",\"url\":\"https:\\\/\\\/diariotextual.com\\\/inicio\\\/\",\"name\":\"Diario Textual\",\"description\":\"\",\"publisher\":{\"@id\":\"https:\\\/\\\/diariotextual.com\\\/inicio\\\/#organization\"},\"potentialAction\":[{\"@type\":\"SearchAction\",\"target\":{\"@type\":\"EntryPoint\",\"urlTemplate\":\"https:\\\/\\\/diariotextual.com\\\/inicio\\\/?s={search_term_string}\"},\"query-input\":{\"@type\":\"PropertyValueSpecification\",\"valueRequired\":true,\"valueName\":\"search_term_string\"}}],\"inLanguage\":\"es\"},{\"@type\":\"Organization\",\"@id\":\"https:\\\/\\\/diariotextual.com\\\/inicio\\\/#organization\",\"name\":\"Diario Textual\",\"url\":\"https:\\\/\\\/diariotextual.com\\\/inicio\\\/\",\"logo\":{\"@type\":\"ImageObject\",\"inLanguage\":\"es\",\"@id\":\"https:\\\/\\\/diariotextual.com\\\/inicio\\\/#\\\/schema\\\/logo\\\/image\\\/\",\"url\":\"https:\\\/\\\/diariotextual.com\\\/inicio\\\/wp-content\\\/uploads\\\/2023\\\/05\\\/logotextual1.jpg\",\"contentUrl\":\"https:\\\/\\\/diariotextual.com\\\/inicio\\\/wp-content\\\/uploads\\\/2023\\\/05\\\/logotextual1.jpg\",\"width\":516,\"height\":76,\"caption\":\"Diario Textual\"},\"image\":{\"@id\":\"https:\\\/\\\/diariotextual.com\\\/inicio\\\/#\\\/schema\\\/logo\\\/image\\\/\"},\"sameAs\":[\"https:\\\/\\\/www.facebook.com\\\/eltextual\",\"https:\\\/\\\/x.com\\\/eltextual\",\"http:\\\/\\\/www.instagram.com\\\/eltextual\"]},{\"@type\":\"Person\",\"@id\":\"https:\\\/\\\/diariotextual.com\\\/inicio\\\/#\\\/schema\\\/person\\\/418fc4093c33e86ed41562db3508f958\",\"name\":\"Diario1 Diario1\",\"image\":{\"@type\":\"ImageObject\",\"inLanguage\":\"es\",\"@id\":\"https:\\\/\\\/secure.gravatar.com\\\/avatar\\\/9167d280179c85bc18be67aa7eda765854300033af4896dd779b608640f2ef7a?s=96&d=mm&r=g\",\"url\":\"https:\\\/\\\/secure.gravatar.com\\\/avatar\\\/9167d280179c85bc18be67aa7eda765854300033af4896dd779b608640f2ef7a?s=96&d=mm&r=g\",\"contentUrl\":\"https:\\\/\\\/secure.gravatar.com\\\/avatar\\\/9167d280179c85bc18be67aa7eda765854300033af4896dd779b608640f2ef7a?s=96&d=mm&r=g\",\"caption\":\"Diario1 Diario1\"},\"url\":\"https:\\\/\\\/diariotextual.com\\\/inicio\\\/index.php\\\/author\\\/diario1\\\/\"}]}<\/script>\n<!-- \/ Yoast SEO plugin. -->","yoast_head_json":{"title":"En Argentina hay 132 nuevos casos de coronavirus: ya son en total 1265 - Diario Textual","robots":{"index":"index","follow":"follow","max-snippet":"max-snippet:-1","max-image-preview":"max-image-preview:large","max-video-preview":"max-video-preview:-1"},"canonical":"https:\/\/diariotextual.com\/inicio\/index.php\/2020\/04\/02\/argentina-132-nuevos-casos-ya-total-1265\/","og_locale":"es_ES","og_type":"article","og_title":"En Argentina hay 132 nuevos casos de coronavirus: ya son en total 1265 - Diario Textual","og_description":"El Ministerio de Salud de la Naci\u00f3n confirm\u00f3 este jueves por la noche\u00a0132 nuevos casos del coronavirus Covid-19. Con estos registros, suman 1.265 positivos en el pa\u00eds (tres de ellos,&hellip;","og_url":"https:\/\/diariotextual.com\/inicio\/index.php\/2020\/04\/02\/argentina-132-nuevos-casos-ya-total-1265\/","og_site_name":"Diario Textual","article_publisher":"https:\/\/www.facebook.com\/eltextual","article_published_time":"2020-04-02T23:31:00+00:00","article_modified_time":"2020-04-03T14:03:51+00:00","og_image":[{"width":1500,"height":1000,"url":"https:\/\/diariotextual.com\/inicio\/wp-content\/uploads\/2020\/04\/coronavirustelam2020-216.jpg","type":"image\/jpeg"}],"author":"Diario1 Diario1","twitter_card":"summary_large_image","twitter_creator":"@eltextual","twitter_site":"@eltextual","twitter_misc":{"Escrito por":"Diario1 Diario1","Tiempo de lectura":"4 minutos"},"schema":{"@context":"https:\/\/schema.org","@graph":[{"@type":"Article","@id":"https:\/\/diariotextual.com\/inicio\/index.php\/2020\/04\/02\/argentina-132-nuevos-casos-ya-total-1265\/#article","isPartOf":{"@id":"https:\/\/diariotextual.com\/inicio\/index.php\/2020\/04\/02\/argentina-132-nuevos-casos-ya-total-1265\/"},"author":{"name":"Diario1 Diario1","@id":"https:\/\/diariotextual.com\/inicio\/#\/schema\/person\/418fc4093c33e86ed41562db3508f958"},"headline":"En Argentina hay 132 nuevos casos de coronavirus: ya son en total 1265","datePublished":"2020-04-02T23:31:00+00:00","dateModified":"2020-04-03T14:03:51+00:00","mainEntityOfPage":{"@id":"https:\/\/diariotextual.com\/inicio\/index.php\/2020\/04\/02\/argentina-132-nuevos-casos-ya-total-1265\/"},"wordCount":743,"publisher":{"@id":"https:\/\/diariotextual.com\/inicio\/#organization"},"image":{"@id":"https:\/\/diariotextual.com\/inicio\/index.php\/2020\/04\/02\/argentina-132-nuevos-casos-ya-total-1265\/#primaryimage"},"thumbnailUrl":"https:\/\/diariotextual.com\/inicio\/wp-content\/uploads\/2020\/04\/coronavirustelam2020-216.jpg","keywords":["coronavirus","cuarentena"],"articleSection":["A - TEMPORALES","SOCIEDAD"],"inLanguage":"es"},{"@type":"WebPage","@id":"https:\/\/diariotextual.com\/inicio\/index.php\/2020\/04\/02\/argentina-132-nuevos-casos-ya-total-1265\/","url":"https:\/\/diariotextual.com\/inicio\/index.php\/2020\/04\/02\/argentina-132-nuevos-casos-ya-total-1265\/","name":"En Argentina hay 132 nuevos casos de coronavirus: ya son en total 1265 - Diario Textual","isPartOf":{"@id":"https:\/\/diariotextual.com\/inicio\/#website"},"primaryImageOfPage":{"@id":"https:\/\/diariotextual.com\/inicio\/index.php\/2020\/04\/02\/argentina-132-nuevos-casos-ya-total-1265\/#primaryimage"},"image":{"@id":"https:\/\/diariotextual.com\/inicio\/index.php\/2020\/04\/02\/argentina-132-nuevos-casos-ya-total-1265\/#primaryimage"},"thumbnailUrl":"https:\/\/diariotextual.com\/inicio\/wp-content\/uploads\/2020\/04\/coronavirustelam2020-216.jpg","datePublished":"2020-04-02T23:31:00+00:00","dateModified":"2020-04-03T14:03:51+00:00","breadcrumb":{"@id":"https:\/\/diariotextual.com\/inicio\/index.php\/2020\/04\/02\/argentina-132-nuevos-casos-ya-total-1265\/#breadcrumb"},"inLanguage":"es","potentialAction":[{"@type":"ReadAction","target":["https:\/\/diariotextual.com\/inicio\/index.php\/2020\/04\/02\/argentina-132-nuevos-casos-ya-total-1265\/"]}]},{"@type":"ImageObject","inLanguage":"es","@id":"https:\/\/diariotextual.com\/inicio\/index.php\/2020\/04\/02\/argentina-132-nuevos-casos-ya-total-1265\/#primaryimage","url":"https:\/\/diariotextual.com\/inicio\/wp-content\/uploads\/2020\/04\/coronavirustelam2020-216.jpg","contentUrl":"https:\/\/diariotextual.com\/inicio\/wp-content\/uploads\/2020\/04\/coronavirustelam2020-216.jpg","width":1500,"height":1000},{"@type":"BreadcrumbList","@id":"https:\/\/diariotextual.com\/inicio\/index.php\/2020\/04\/02\/argentina-132-nuevos-casos-ya-total-1265\/#breadcrumb","itemListElement":[{"@type":"ListItem","position":1,"name":"Portada","item":"https:\/\/diariotextual.com\/inicio\/"},{"@type":"ListItem","position":2,"name":"En Argentina hay 132 nuevos casos de coronavirus: ya son en total 1265"}]},{"@type":"WebSite","@id":"https:\/\/diariotextual.com\/inicio\/#website","url":"https:\/\/diariotextual.com\/inicio\/","name":"Diario Textual","description":"","publisher":{"@id":"https:\/\/diariotextual.com\/inicio\/#organization"},"potentialAction":[{"@type":"SearchAction","target":{"@type":"EntryPoint","urlTemplate":"https:\/\/diariotextual.com\/inicio\/?s={search_term_string}"},"query-input":{"@type":"PropertyValueSpecification","valueRequired":true,"valueName":"search_term_string"}}],"inLanguage":"es"},{"@type":"Organization","@id":"https:\/\/diariotextual.com\/inicio\/#organization","name":"Diario Textual","url":"https:\/\/diariotextual.com\/inicio\/","logo":{"@type":"ImageObject","inLanguage":"es","@id":"https:\/\/diariotextual.com\/inicio\/#\/schema\/logo\/image\/","url":"https:\/\/diariotextual.com\/inicio\/wp-content\/uploads\/2023\/05\/logotextual1.jpg","contentUrl":"https:\/\/diariotextual.com\/inicio\/wp-content\/uploads\/2023\/05\/logotextual1.jpg","width":516,"height":76,"caption":"Diario Textual"},"image":{"@id":"https:\/\/diariotextual.com\/inicio\/#\/schema\/logo\/image\/"},"sameAs":["https:\/\/www.facebook.com\/eltextual","https:\/\/x.com\/eltextual","http:\/\/www.instagram.com\/eltextual"]},{"@type":"Person","@id":"https:\/\/diariotextual.com\/inicio\/#\/schema\/person\/418fc4093c33e86ed41562db3508f958","name":"Diario1 Diario1","image":{"@type":"ImageObject","inLanguage":"es","@id":"https:\/\/secure.gravatar.com\/avatar\/9167d280179c85bc18be67aa7eda765854300033af4896dd779b608640f2ef7a?s=96&d=mm&r=g","url":"https:\/\/secure.gravatar.com\/avatar\/9167d280179c85bc18be67aa7eda765854300033af4896dd779b608640f2ef7a?s=96&d=mm&r=g","contentUrl":"https:\/\/secure.gravatar.com\/avatar\/9167d280179c85bc18be67aa7eda765854300033af4896dd779b608640f2ef7a?s=96&d=mm&r=g","caption":"Diario1 Diario1"},"url":"https:\/\/diariotextual.com\/inicio\/index.php\/author\/diario1\/"}]}},"_links":{"self":[{"href":"https:\/\/diariotextual.com\/inicio\/index.php\/wp-json\/wp\/v2\/posts\/87232","targetHints":{"allow":["GET"]}}],"collection":[{"href":"https:\/\/diariotextual.com\/inicio\/index.php\/wp-json\/wp\/v2\/posts"}],"about":[{"href":"https:\/\/diariotextual.com\/inicio\/index.php\/wp-json\/wp\/v2\/types\/post"}],"author":[{"embeddable":true,"href":"https:\/\/diariotextual.com\/inicio\/index.php\/wp-json\/wp\/v2\/users\/3"}],"replies":[{"embeddable":true,"href":"https:\/\/diariotextual.com\/inicio\/index.php\/wp-json\/wp\/v2\/comments?post=87232"}],"version-history":[{"count":8,"href":"https:\/\/diariotextual.com\/inicio\/index.php\/wp-json\/wp\/v2\/posts\/87232\/revisions"}],"predecessor-version":[{"id":87248,"href":"https:\/\/diariotextual.com\/inicio\/index.php\/wp-json\/wp\/v2\/posts\/87232\/revisions\/87248"}],"wp:featuredmedia":[{"embeddable":true,"href":"https:\/\/diariotextual.com\/inicio\/index.php\/wp-json\/wp\/v2\/media\/87233"}],"wp:attachment":[{"href":"https:\/\/diariotextual.com\/inicio\/index.php\/wp-json\/wp\/v2\/media?parent=87232"}],"wp:term":[{"taxonomy":"category","embeddable":true,"href":"https:\/\/diariotextual.com\/inicio\/index.php\/wp-json\/wp\/v2\/categories?post=87232"},{"taxonomy":"post_tag","embeddable":true,"href":"https:\/\/diariotextual.com\/inicio\/index.php\/wp-json\/wp\/v2\/tags?post=87232"}],"curies":[{"name":"wp","href":"https:\/\/api.w.org\/{rel}","templated":true}]}}