{"id":87262,"date":"2020-04-03T08:30:27","date_gmt":"2020-04-03T11:30:27","guid":{"rendered":"http:\/\/diariotextual.com\/inicio\/?p=87262"},"modified":"2020-04-03T13:32:39","modified_gmt":"2020-04-03T16:32:39","slug":"quienes-los-nuevos-eximidos-cumplir-la-cuarentena","status":"publish","type":"post","link":"https:\/\/diariotextual.com\/inicio\/index.php\/2020\/04\/03\/quienes-los-nuevos-eximidos-cumplir-la-cuarentena\/","title":{"rendered":"Qui\u00e9nes son los nuevos eximidos de cumplir la cuarentena"},"content":{"rendered":"<p>El listado de <strong>actividades y servicios declarados esenciales en la emergencia<\/strong> fue ampliado este viernes por el Gobierno nacional, que incorpor\u00f3 a varios trabajos que estar\u00e1n eximidos de cumplir la cuarentena.<\/p>\n<p><strong>Dentro de las ocho nuevas pr\u00e1cticas esenciales exceptuadas aparecen los corralones de materiales de construcci\u00f3n, los aserraderos y las curtiembres. Tambi\u00e9n se reactivar\u00e1 la producci\u00f3n forestal y minera, entre otros rubros.<\/strong><\/p>\n<p>As\u00ed se dispuso en la Decisi\u00f3n Administrativa 450\/2020 , publicada en el Bolet\u00edn Oficial, donde indicaron que los desplazamientos de las personas alcanzadas deber\u00e1n limitarse al estricto cumplimiento de las actividades y servicios considerados esenciales.<\/p>\n<p>\u00abLa realidad de la implementaci\u00f3n de &#8216;aislamiento social, preventivo y obligatorio&#8217; ha demostrado la necesidad de incorporar otras actividades y servicios con car\u00e1cter de esenciales con el fin de mitigar los efectos ocasionados por las medidas adoptadas\u00bb, indicaron.<\/p>\n<p>A trav\u00e9s de esta medida, se exceptu\u00f3 del cumplimiento del \u00abaislamiento social, preventivo y obligatorio\u00bb y de la prohibici\u00f3n de circular a las personas afectadas a actividades y servicios declarados esenciales en la emergencia, como un modo de aliviar el impacto en la actividad econ\u00f3mica.<\/p>\n<p>Se detallan a continuaci\u00f3n las nuevas actividades eximidas:<\/p>\n<p><em>-Venta de insumos y materiales de la construcci\u00f3n provistos por corralones.<\/em><\/p>\n<p><em>-Actividades vinculadas con la producci\u00f3n, distribuci\u00f3n y comercializaci\u00f3n forestal y minera.<\/em><\/p>\n<p><em>-Curtiembres, aserraderos y f\u00e1bricas de productos de madera, f\u00e1bricas de colchones y f\u00e1bricas de maquinaria vial y agr\u00edcola.<\/em><\/p>\n<p><em>-Actividades vinculadas con el comercio exterior: exportaciones de productos ya elaborados e importaciones esenciales para el funcionamiento de la econom\u00eda.<\/em><\/p>\n<p><em>-Exploraci\u00f3n, prospecci\u00f3n, producci\u00f3n, transformaci\u00f3n y comercializaci\u00f3n de combustible nuclear.<\/em><\/p>\n<p><em>-Servicios esenciales de mantenimiento y fumigaci\u00f3n.<\/em><\/p>\n<p><em>-Mutuales y cooperativas de cr\u00e9dito, mediante guardias m\u00ednimas de atenci\u00f3n, al solo efecto de garantizar el funcionamiento del sistema de cr\u00e9ditos y\/o de pagos.<\/em><\/p>\n<p><em>-Inscripci\u00f3n, identificaci\u00f3n y documentaci\u00f3n de personas.<\/em><\/p>\n<p>Las personas comprendidas deben tramitar el Certificado \u00danico Habilitante para Circulaci\u00f3n &#8211; Covid-19, que, desde el 6 de abril ser\u00e1 el \u00fanico permiso v\u00e1lido para transitar por la v\u00eda p\u00fablica y reemplazar\u00e1 al emitido por la Ciudad de Buenos Aires y por las provincias, salvo las excepciones especificadas.<\/p>\n<p>Por \u00faltimo, en la decisi\u00f3n administrativa indicaron que, en todos estos casos, \u00ablos empleadores y empleadoras deber\u00e1n garantizar las condiciones de higiene y seguridad establecidas por el Ministerio de Salud\u00bb, a fin de preservar la salud de los trabajadores.<\/p>\n<p>&nbsp;<\/p>\n<p>&nbsp;<\/p>\n<p>&nbsp;<\/p>\n","protected":false},"excerpt":{"rendered":"<p>El listado de actividades y servicios declarados esenciales en la emergencia fue ampliado este viernes por el Gobierno nacional, que incorpor\u00f3 a varios trabajos que estar\u00e1n eximidos de cumplir la&hellip;<\/p>\n","protected":false},"author":3,"featured_media":62304,"comment_status":"closed","ping_status":"open","sticky":false,"template":"","format":"standard","meta":{"_acf_changed":false,"footnotes":""},"categories":[319,5],"tags":[],"class_list":["post-87262","post","type-post","status-publish","format-standard","has-post-thumbnail","hentry","category-a-temporales","category-economia"],"acf":[],"yoast_head":"<!-- This site is optimized with the Yoast SEO plugin v27.5 - https:\/\/yoast.com\/product\/yoast-seo-wordpress\/ -->\n<title>Qui\u00e9nes son los nuevos eximidos de cumplir la cuarentena - Diario Textual<\/title>\n<meta name=\"robots\" content=\"index, follow, max-snippet:-1, max-image-preview:large, max-video-preview:-1\" \/>\n<link rel=\"canonical\" href=\"https:\/\/diariotextual.com\/inicio\/index.php\/2020\/04\/03\/quienes-los-nuevos-eximidos-cumplir-la-cuarentena\/\" \/>\n<meta property=\"og:locale\" content=\"es_ES\" \/>\n<meta property=\"og:type\" content=\"article\" \/>\n<meta property=\"og:title\" content=\"Qui\u00e9nes son los nuevos eximidos de cumplir la cuarentena - Diario Textual\" \/>\n<meta property=\"og:description\" content=\"El listado de actividades y servicios declarados esenciales en la emergencia fue ampliado este viernes por el Gobierno nacional, que incorpor\u00f3 a varios trabajos que estar\u00e1n eximidos de cumplir la&hellip;\" \/>\n<meta property=\"og:url\" content=\"https:\/\/diariotextual.com\/inicio\/index.php\/2020\/04\/03\/quienes-los-nuevos-eximidos-cumplir-la-cuarentena\/\" \/>\n<meta property=\"og:site_name\" content=\"Diario Textual\" \/>\n<meta property=\"article:publisher\" content=\"https:\/\/www.facebook.com\/eltextual\" \/>\n<meta property=\"article:published_time\" content=\"2020-04-03T11:30:27+00:00\" \/>\n<meta property=\"article:modified_time\" content=\"2020-04-03T16:32:39+00:00\" \/>\n<meta property=\"og:image\" content=\"https:\/\/diariotextual.com\/inicio\/wp-content\/uploads\/2019\/09\/industriaobrerotrabajando.jpg\" \/>\n\t<meta property=\"og:image:width\" content=\"1004\" \/>\n\t<meta property=\"og:image:height\" content=\"565\" \/>\n\t<meta property=\"og:image:type\" content=\"image\/jpeg\" \/>\n<meta name=\"author\" content=\"Diario1 Diario1\" \/>\n<meta name=\"twitter:card\" content=\"summary_large_image\" \/>\n<meta name=\"twitter:creator\" content=\"@eltextual\" \/>\n<meta name=\"twitter:site\" content=\"@eltextual\" \/>\n<meta name=\"twitter:label1\" content=\"Escrito por\" \/>\n\t<meta name=\"twitter:data1\" content=\"Diario1 Diario1\" \/>\n\t<meta name=\"twitter:label2\" content=\"Tiempo de lectura\" \/>\n\t<meta name=\"twitter:data2\" content=\"2 minutos\" \/>\n<script type=\"application\/ld+json\" class=\"yoast-schema-graph\">{\"@context\":\"https:\\\/\\\/schema.org\",\"@graph\":[{\"@type\":\"Article\",\"@id\":\"https:\\\/\\\/diariotextual.com\\\/inicio\\\/index.php\\\/2020\\\/04\\\/03\\\/quienes-los-nuevos-eximidos-cumplir-la-cuarentena\\\/#article\",\"isPartOf\":{\"@id\":\"https:\\\/\\\/diariotextual.com\\\/inicio\\\/index.php\\\/2020\\\/04\\\/03\\\/quienes-los-nuevos-eximidos-cumplir-la-cuarentena\\\/\"},\"author\":{\"name\":\"Diario1 Diario1\",\"@id\":\"https:\\\/\\\/diariotextual.com\\\/inicio\\\/#\\\/schema\\\/person\\\/418fc4093c33e86ed41562db3508f958\"},\"headline\":\"Qui\u00e9nes son los nuevos eximidos de cumplir la cuarentena\",\"datePublished\":\"2020-04-03T11:30:27+00:00\",\"dateModified\":\"2020-04-03T16:32:39+00:00\",\"mainEntityOfPage\":{\"@id\":\"https:\\\/\\\/diariotextual.com\\\/inicio\\\/index.php\\\/2020\\\/04\\\/03\\\/quienes-los-nuevos-eximidos-cumplir-la-cuarentena\\\/\"},\"wordCount\":433,\"publisher\":{\"@id\":\"https:\\\/\\\/diariotextual.com\\\/inicio\\\/#organization\"},\"image\":{\"@id\":\"https:\\\/\\\/diariotextual.com\\\/inicio\\\/index.php\\\/2020\\\/04\\\/03\\\/quienes-los-nuevos-eximidos-cumplir-la-cuarentena\\\/#primaryimage\"},\"thumbnailUrl\":\"https:\\\/\\\/diariotextual.com\\\/inicio\\\/wp-content\\\/uploads\\\/2019\\\/09\\\/industriaobrerotrabajando.jpg\",\"articleSection\":[\"A - TEMPORALES\",\"ECONOMIA\"],\"inLanguage\":\"es\"},{\"@type\":\"WebPage\",\"@id\":\"https:\\\/\\\/diariotextual.com\\\/inicio\\\/index.php\\\/2020\\\/04\\\/03\\\/quienes-los-nuevos-eximidos-cumplir-la-cuarentena\\\/\",\"url\":\"https:\\\/\\\/diariotextual.com\\\/inicio\\\/index.php\\\/2020\\\/04\\\/03\\\/quienes-los-nuevos-eximidos-cumplir-la-cuarentena\\\/\",\"name\":\"Qui\u00e9nes son los nuevos eximidos de cumplir la cuarentena - Diario Textual\",\"isPartOf\":{\"@id\":\"https:\\\/\\\/diariotextual.com\\\/inicio\\\/#website\"},\"primaryImageOfPage\":{\"@id\":\"https:\\\/\\\/diariotextual.com\\\/inicio\\\/index.php\\\/2020\\\/04\\\/03\\\/quienes-los-nuevos-eximidos-cumplir-la-cuarentena\\\/#primaryimage\"},\"image\":{\"@id\":\"https:\\\/\\\/diariotextual.com\\\/inicio\\\/index.php\\\/2020\\\/04\\\/03\\\/quienes-los-nuevos-eximidos-cumplir-la-cuarentena\\\/#primaryimage\"},\"thumbnailUrl\":\"https:\\\/\\\/diariotextual.com\\\/inicio\\\/wp-content\\\/uploads\\\/2019\\\/09\\\/industriaobrerotrabajando.jpg\",\"datePublished\":\"2020-04-03T11:30:27+00:00\",\"dateModified\":\"2020-04-03T16:32:39+00:00\",\"breadcrumb\":{\"@id\":\"https:\\\/\\\/diariotextual.com\\\/inicio\\\/index.php\\\/2020\\\/04\\\/03\\\/quienes-los-nuevos-eximidos-cumplir-la-cuarentena\\\/#breadcrumb\"},\"inLanguage\":\"es\",\"potentialAction\":[{\"@type\":\"ReadAction\",\"target\":[\"https:\\\/\\\/diariotextual.com\\\/inicio\\\/index.php\\\/2020\\\/04\\\/03\\\/quienes-los-nuevos-eximidos-cumplir-la-cuarentena\\\/\"]}]},{\"@type\":\"ImageObject\",\"inLanguage\":\"es\",\"@id\":\"https:\\\/\\\/diariotextual.com\\\/inicio\\\/index.php\\\/2020\\\/04\\\/03\\\/quienes-los-nuevos-eximidos-cumplir-la-cuarentena\\\/#primaryimage\",\"url\":\"https:\\\/\\\/diariotextual.com\\\/inicio\\\/wp-content\\\/uploads\\\/2019\\\/09\\\/industriaobrerotrabajando.jpg\",\"contentUrl\":\"https:\\\/\\\/diariotextual.com\\\/inicio\\\/wp-content\\\/uploads\\\/2019\\\/09\\\/industriaobrerotrabajando.jpg\",\"width\":1004,\"height\":565},{\"@type\":\"BreadcrumbList\",\"@id\":\"https:\\\/\\\/diariotextual.com\\\/inicio\\\/index.php\\\/2020\\\/04\\\/03\\\/quienes-los-nuevos-eximidos-cumplir-la-cuarentena\\\/#breadcrumb\",\"itemListElement\":[{\"@type\":\"ListItem\",\"position\":1,\"name\":\"Portada\",\"item\":\"https:\\\/\\\/diariotextual.com\\\/inicio\\\/\"},{\"@type\":\"ListItem\",\"position\":2,\"name\":\"Qui\u00e9nes son los nuevos eximidos de cumplir la cuarentena\"}]},{\"@type\":\"WebSite\",\"@id\":\"https:\\\/\\\/diariotextual.com\\\/inicio\\\/#website\",\"url\":\"https:\\\/\\\/diariotextual.com\\\/inicio\\\/\",\"name\":\"Diario Textual\",\"description\":\"\",\"publisher\":{\"@id\":\"https:\\\/\\\/diariotextual.com\\\/inicio\\\/#organization\"},\"potentialAction\":[{\"@type\":\"SearchAction\",\"target\":{\"@type\":\"EntryPoint\",\"urlTemplate\":\"https:\\\/\\\/diariotextual.com\\\/inicio\\\/?s={search_term_string}\"},\"query-input\":{\"@type\":\"PropertyValueSpecification\",\"valueRequired\":true,\"valueName\":\"search_term_string\"}}],\"inLanguage\":\"es\"},{\"@type\":\"Organization\",\"@id\":\"https:\\\/\\\/diariotextual.com\\\/inicio\\\/#organization\",\"name\":\"Diario Textual\",\"url\":\"https:\\\/\\\/diariotextual.com\\\/inicio\\\/\",\"logo\":{\"@type\":\"ImageObject\",\"inLanguage\":\"es\",\"@id\":\"https:\\\/\\\/diariotextual.com\\\/inicio\\\/#\\\/schema\\\/logo\\\/image\\\/\",\"url\":\"https:\\\/\\\/diariotextual.com\\\/inicio\\\/wp-content\\\/uploads\\\/2023\\\/05\\\/logotextual1.jpg\",\"contentUrl\":\"https:\\\/\\\/diariotextual.com\\\/inicio\\\/wp-content\\\/uploads\\\/2023\\\/05\\\/logotextual1.jpg\",\"width\":516,\"height\":76,\"caption\":\"Diario Textual\"},\"image\":{\"@id\":\"https:\\\/\\\/diariotextual.com\\\/inicio\\\/#\\\/schema\\\/logo\\\/image\\\/\"},\"sameAs\":[\"https:\\\/\\\/www.facebook.com\\\/eltextual\",\"https:\\\/\\\/x.com\\\/eltextual\",\"http:\\\/\\\/www.instagram.com\\\/eltextual\"]},{\"@type\":\"Person\",\"@id\":\"https:\\\/\\\/diariotextual.com\\\/inicio\\\/#\\\/schema\\\/person\\\/418fc4093c33e86ed41562db3508f958\",\"name\":\"Diario1 Diario1\",\"image\":{\"@type\":\"ImageObject\",\"inLanguage\":\"es\",\"@id\":\"https:\\\/\\\/secure.gravatar.com\\\/avatar\\\/9167d280179c85bc18be67aa7eda765854300033af4896dd779b608640f2ef7a?s=96&d=mm&r=g\",\"url\":\"https:\\\/\\\/secure.gravatar.com\\\/avatar\\\/9167d280179c85bc18be67aa7eda765854300033af4896dd779b608640f2ef7a?s=96&d=mm&r=g\",\"contentUrl\":\"https:\\\/\\\/secure.gravatar.com\\\/avatar\\\/9167d280179c85bc18be67aa7eda765854300033af4896dd779b608640f2ef7a?s=96&d=mm&r=g\",\"caption\":\"Diario1 Diario1\"},\"url\":\"https:\\\/\\\/diariotextual.com\\\/inicio\\\/index.php\\\/author\\\/diario1\\\/\"}]}<\/script>\n<!-- \/ Yoast SEO plugin. -->","yoast_head_json":{"title":"Qui\u00e9nes son los nuevos eximidos de cumplir la cuarentena - Diario Textual","robots":{"index":"index","follow":"follow","max-snippet":"max-snippet:-1","max-image-preview":"max-image-preview:large","max-video-preview":"max-video-preview:-1"},"canonical":"https:\/\/diariotextual.com\/inicio\/index.php\/2020\/04\/03\/quienes-los-nuevos-eximidos-cumplir-la-cuarentena\/","og_locale":"es_ES","og_type":"article","og_title":"Qui\u00e9nes son los nuevos eximidos de cumplir la cuarentena - Diario Textual","og_description":"El listado de actividades y servicios declarados esenciales en la emergencia fue ampliado este viernes por el Gobierno nacional, que incorpor\u00f3 a varios trabajos que estar\u00e1n eximidos de cumplir la&hellip;","og_url":"https:\/\/diariotextual.com\/inicio\/index.php\/2020\/04\/03\/quienes-los-nuevos-eximidos-cumplir-la-cuarentena\/","og_site_name":"Diario Textual","article_publisher":"https:\/\/www.facebook.com\/eltextual","article_published_time":"2020-04-03T11:30:27+00:00","article_modified_time":"2020-04-03T16:32:39+00:00","og_image":[{"width":1004,"height":565,"url":"https:\/\/diariotextual.com\/inicio\/wp-content\/uploads\/2019\/09\/industriaobrerotrabajando.jpg","type":"image\/jpeg"}],"author":"Diario1 Diario1","twitter_card":"summary_large_image","twitter_creator":"@eltextual","twitter_site":"@eltextual","twitter_misc":{"Escrito por":"Diario1 Diario1","Tiempo de lectura":"2 minutos"},"schema":{"@context":"https:\/\/schema.org","@graph":[{"@type":"Article","@id":"https:\/\/diariotextual.com\/inicio\/index.php\/2020\/04\/03\/quienes-los-nuevos-eximidos-cumplir-la-cuarentena\/#article","isPartOf":{"@id":"https:\/\/diariotextual.com\/inicio\/index.php\/2020\/04\/03\/quienes-los-nuevos-eximidos-cumplir-la-cuarentena\/"},"author":{"name":"Diario1 Diario1","@id":"https:\/\/diariotextual.com\/inicio\/#\/schema\/person\/418fc4093c33e86ed41562db3508f958"},"headline":"Qui\u00e9nes son los nuevos eximidos de cumplir la cuarentena","datePublished":"2020-04-03T11:30:27+00:00","dateModified":"2020-04-03T16:32:39+00:00","mainEntityOfPage":{"@id":"https:\/\/diariotextual.com\/inicio\/index.php\/2020\/04\/03\/quienes-los-nuevos-eximidos-cumplir-la-cuarentena\/"},"wordCount":433,"publisher":{"@id":"https:\/\/diariotextual.com\/inicio\/#organization"},"image":{"@id":"https:\/\/diariotextual.com\/inicio\/index.php\/2020\/04\/03\/quienes-los-nuevos-eximidos-cumplir-la-cuarentena\/#primaryimage"},"thumbnailUrl":"https:\/\/diariotextual.com\/inicio\/wp-content\/uploads\/2019\/09\/industriaobrerotrabajando.jpg","articleSection":["A - TEMPORALES","ECONOMIA"],"inLanguage":"es"},{"@type":"WebPage","@id":"https:\/\/diariotextual.com\/inicio\/index.php\/2020\/04\/03\/quienes-los-nuevos-eximidos-cumplir-la-cuarentena\/","url":"https:\/\/diariotextual.com\/inicio\/index.php\/2020\/04\/03\/quienes-los-nuevos-eximidos-cumplir-la-cuarentena\/","name":"Qui\u00e9nes son los nuevos eximidos de cumplir la cuarentena - Diario Textual","isPartOf":{"@id":"https:\/\/diariotextual.com\/inicio\/#website"},"primaryImageOfPage":{"@id":"https:\/\/diariotextual.com\/inicio\/index.php\/2020\/04\/03\/quienes-los-nuevos-eximidos-cumplir-la-cuarentena\/#primaryimage"},"image":{"@id":"https:\/\/diariotextual.com\/inicio\/index.php\/2020\/04\/03\/quienes-los-nuevos-eximidos-cumplir-la-cuarentena\/#primaryimage"},"thumbnailUrl":"https:\/\/diariotextual.com\/inicio\/wp-content\/uploads\/2019\/09\/industriaobrerotrabajando.jpg","datePublished":"2020-04-03T11:30:27+00:00","dateModified":"2020-04-03T16:32:39+00:00","breadcrumb":{"@id":"https:\/\/diariotextual.com\/inicio\/index.php\/2020\/04\/03\/quienes-los-nuevos-eximidos-cumplir-la-cuarentena\/#breadcrumb"},"inLanguage":"es","potentialAction":[{"@type":"ReadAction","target":["https:\/\/diariotextual.com\/inicio\/index.php\/2020\/04\/03\/quienes-los-nuevos-eximidos-cumplir-la-cuarentena\/"]}]},{"@type":"ImageObject","inLanguage":"es","@id":"https:\/\/diariotextual.com\/inicio\/index.php\/2020\/04\/03\/quienes-los-nuevos-eximidos-cumplir-la-cuarentena\/#primaryimage","url":"https:\/\/diariotextual.com\/inicio\/wp-content\/uploads\/2019\/09\/industriaobrerotrabajando.jpg","contentUrl":"https:\/\/diariotextual.com\/inicio\/wp-content\/uploads\/2019\/09\/industriaobrerotrabajando.jpg","width":1004,"height":565},{"@type":"BreadcrumbList","@id":"https:\/\/diariotextual.com\/inicio\/index.php\/2020\/04\/03\/quienes-los-nuevos-eximidos-cumplir-la-cuarentena\/#breadcrumb","itemListElement":[{"@type":"ListItem","position":1,"name":"Portada","item":"https:\/\/diariotextual.com\/inicio\/"},{"@type":"ListItem","position":2,"name":"Qui\u00e9nes son los nuevos eximidos de cumplir la cuarentena"}]},{"@type":"WebSite","@id":"https:\/\/diariotextual.com\/inicio\/#website","url":"https:\/\/diariotextual.com\/inicio\/","name":"Diario Textual","description":"","publisher":{"@id":"https:\/\/diariotextual.com\/inicio\/#organization"},"potentialAction":[{"@type":"SearchAction","target":{"@type":"EntryPoint","urlTemplate":"https:\/\/diariotextual.com\/inicio\/?s={search_term_string}"},"query-input":{"@type":"PropertyValueSpecification","valueRequired":true,"valueName":"search_term_string"}}],"inLanguage":"es"},{"@type":"Organization","@id":"https:\/\/diariotextual.com\/inicio\/#organization","name":"Diario Textual","url":"https:\/\/diariotextual.com\/inicio\/","logo":{"@type":"ImageObject","inLanguage":"es","@id":"https:\/\/diariotextual.com\/inicio\/#\/schema\/logo\/image\/","url":"https:\/\/diariotextual.com\/inicio\/wp-content\/uploads\/2023\/05\/logotextual1.jpg","contentUrl":"https:\/\/diariotextual.com\/inicio\/wp-content\/uploads\/2023\/05\/logotextual1.jpg","width":516,"height":76,"caption":"Diario Textual"},"image":{"@id":"https:\/\/diariotextual.com\/inicio\/#\/schema\/logo\/image\/"},"sameAs":["https:\/\/www.facebook.com\/eltextual","https:\/\/x.com\/eltextual","http:\/\/www.instagram.com\/eltextual"]},{"@type":"Person","@id":"https:\/\/diariotextual.com\/inicio\/#\/schema\/person\/418fc4093c33e86ed41562db3508f958","name":"Diario1 Diario1","image":{"@type":"ImageObject","inLanguage":"es","@id":"https:\/\/secure.gravatar.com\/avatar\/9167d280179c85bc18be67aa7eda765854300033af4896dd779b608640f2ef7a?s=96&d=mm&r=g","url":"https:\/\/secure.gravatar.com\/avatar\/9167d280179c85bc18be67aa7eda765854300033af4896dd779b608640f2ef7a?s=96&d=mm&r=g","contentUrl":"https:\/\/secure.gravatar.com\/avatar\/9167d280179c85bc18be67aa7eda765854300033af4896dd779b608640f2ef7a?s=96&d=mm&r=g","caption":"Diario1 Diario1"},"url":"https:\/\/diariotextual.com\/inicio\/index.php\/author\/diario1\/"}]}},"_links":{"self":[{"href":"https:\/\/diariotextual.com\/inicio\/index.php\/wp-json\/wp\/v2\/posts\/87262","targetHints":{"allow":["GET"]}}],"collection":[{"href":"https:\/\/diariotextual.com\/inicio\/index.php\/wp-json\/wp\/v2\/posts"}],"about":[{"href":"https:\/\/diariotextual.com\/inicio\/index.php\/wp-json\/wp\/v2\/types\/post"}],"author":[{"embeddable":true,"href":"https:\/\/diariotextual.com\/inicio\/index.php\/wp-json\/wp\/v2\/users\/3"}],"replies":[{"embeddable":true,"href":"https:\/\/diariotextual.com\/inicio\/index.php\/wp-json\/wp\/v2\/comments?post=87262"}],"version-history":[{"count":3,"href":"https:\/\/diariotextual.com\/inicio\/index.php\/wp-json\/wp\/v2\/posts\/87262\/revisions"}],"predecessor-version":[{"id":87265,"href":"https:\/\/diariotextual.com\/inicio\/index.php\/wp-json\/wp\/v2\/posts\/87262\/revisions\/87265"}],"wp:featuredmedia":[{"embeddable":true,"href":"https:\/\/diariotextual.com\/inicio\/index.php\/wp-json\/wp\/v2\/media\/62304"}],"wp:attachment":[{"href":"https:\/\/diariotextual.com\/inicio\/index.php\/wp-json\/wp\/v2\/media?parent=87262"}],"wp:term":[{"taxonomy":"category","embeddable":true,"href":"https:\/\/diariotextual.com\/inicio\/index.php\/wp-json\/wp\/v2\/categories?post=87262"},{"taxonomy":"post_tag","embeddable":true,"href":"https:\/\/diariotextual.com\/inicio\/index.php\/wp-json\/wp\/v2\/tags?post=87262"}],"curies":[{"name":"wp","href":"https:\/\/api.w.org\/{rel}","templated":true}]}}